{"id":4312,"date":"2021-05-31T17:00:15","date_gmt":"2021-05-31T15:00:15","guid":{"rendered":"https:\/\/www.umweltperspektiven.ch\/?p=4312"},"modified":"2022-02-09T11:06:45","modified_gmt":"2022-02-09T10:06:45","slug":"schweiz-jeder-dritte-hitzetod-eine-klimafolge","status":"publish","type":"post","link":"https:\/\/www.organisator.ch\/en\/sustainability\/2021-05-31\/schweiz-jeder-dritte-hitzetod-eine-klimafolge\/","title":{"rendered":"Switzerland: One in three heat deaths a climate consequence"},"content":{"rendered":"<figure id=\"attachment_4313\" aria-describedby=\"caption-attachment-4313\" style=\"width: 620px\" class=\"wp-caption aligncenter\"><img loading=\"lazy\" decoding=\"async\" class=\"wp-image-4313 size-full\" src=\"\/\/www.umweltperspektiven.ch\/wp-content\/uploads\/2021\/05\/hitze-1.jpg\" alt=\"Heat death\" width=\"620\" height=\"411\" \/><figcaption id=\"caption-attachment-4313\" class=\"wp-caption-text\">\u00a9 Depositphotos, sdecoret<\/figcaption><\/figure>\n<p>&nbsp;<\/p>\n<p>Global warming has various effects on health. One direct effect is the increase in heat-related illness and mortality rates. According to scenarios, average temperatures will rise considerably and extreme weather events such as heat waves will occur more frequently. This will also lead to an increase in the associated health burden in the future. To date, no study has investigated whether and to what extent such effects have already occurred in recent decades. The international study \"The burden of heat-related mortality attributable to recent human-induced climate change,\" coordinated by the University of Bern and the London School of Hygiene &amp; Tropical Medicine (LSHTM), now shows for the first time that 37 percent of heat-related deaths between 1991 and 2018 can be attributed to human-induced climate change.<\/p>\n<h2><strong>The more global warming, the more deaths <\/strong><\/h2>\n<p>More specifically, the epidemiological study examined the effects of the <em>man-made <\/em>Climate warming analyzed. This was done in a so-called \"detection &amp; attribution\" study, which assigns the human-induced part to climate warming. Specifically, the researchers examined past weather conditions under scenarios with and without human influence, and were able to separate human-induced warming and associated health effects from natural changes. \"We expect the proportion of heat-related deaths to continue to grow if we don't do anything about climate change or adapt,\" said Ana Vicedo-Cabrera, lead author of the study from the Institute of Social and Preventive Medicine and the Oeschger Center for Climate Research at the University of Bern. \"So far, the global average temperature has only increased by about 1\u00b0C, which is a fraction of what we could face if emissions continue to grow unchecked.\"<\/p>\n<h2><strong>Regional differences in heat-related health risks. <\/strong><\/h2>\n<p>While on average more than one-third of heat-related deaths are attributable to human-induced climate change, the impacts vary significantly by region. The number of climate-related heat casualties ranges from a few dozen to several hundred deaths each year, depending on the local climate changes in each area and the vulnerability of the population. People in low- and middle-income countries in Central and South America and Southeast Asia, which have historically accounted for only a small fraction of anthropogenic emissions, are most affected. \"Our study represents the most comprehensive investigation into the detection and attribution of current health risks related to climate change,\" said Antonio Gasparrini, lead author of the study from the London School of Hygiene &amp; Tropical Medicine. \"The message is clear: Climate change will not only have devastating effects in the future, but we are already experiencing the severe consequences of human activities on our planet.\"<strong>\u00a0<\/strong><\/p>\n<h2><strong>One in three heat-related deaths in Switzerland is due to climate change <\/strong><\/h2>\n<p><strong>\u00a0<\/strong>Even in Switzerland, with comparatively small differences in living conditions and still moderate temperatures, heat risks \"should not be underestimated,\" as Ana Vicedo-Cabrera says. For example, one in three heat deaths can be attributed to climate change, as the estimate for Switzerland is around 30 percent.<\/p>\n<p>Research on climate change and health is one of the main topics of the Oeschger Center for Climate Research. A corresponding research group was founded in 2019 together with the Institute of Social and Preventive Medicine (ISPM) of the University of Bern. It is led by Ana M. Vicedo-Cabrera, first author of the just published international study on heat mortality and climate change.<\/p>\n<p><em>The study, \"The burden of heat-related mortality attributable to recent human-induced climate change,\" is the largest study of its kind to date, with data from 732 cities in 43 countries worldwide. <\/em><\/p>\n<p><em>Source: University of Bern<\/em><\/p>\n<p><strong><em>Other topics:\u00a0<\/em><\/strong><\/p>\n<ul>\n<li><a href=\"\/\/www.umweltperspektiven.ch\/hitzewellen-heizen-staedte-noch-staerker-auf\/\"><em>Heat waves heat up cities even more<\/em><\/a><\/li>\n<li><a href=\"\/\/www.umweltperspektiven.ch\/2015-bricht-alle-hitzerekorde\/\">2015 breaks all heat records<\/a><\/li>\n<\/ul>","protected":false},"excerpt":{"rendered":"<p>&nbsp; Die Klimaerw\u00e4rmung wirkt sich verschiedentlich auf die Gesundheit aus. Ein direkter Effekt zeigt sich im Anstieg der hitzebedingten Krankheits- und Sterberaten. Gem\u00e4ss Szenarien werden die Durchschnittstemperaturen erheblich steigen und extreme Wetterereignisse wie Hitzewellen h\u00e4ufiger auftreten. Das f\u00fchrt zuk\u00fcnftig auch zu einem Anstieg der damit verbundenen Gesundheitsbelastung. Bisher wurde noch in keiner Studie untersucht, ob [&hellip;]<\/p>\n","protected":false},"author":6,"featured_media":9799,"comment_status":"closed","ping_status":"closed","sticky":false,"template":"","format":"standard","meta":{"_acf_changed":false,"_yoast_wpseo_focuskw":"Hitzetod","_yoast_wpseo_metadesc":"","articlekey":"","footnotes":""},"categories":[580],"tags":[1361,596,1509],"class_list":["post-4312","post","type-post","status-publish","format-standard","has-post-thumbnail","hentry","category-sustainability","tag-hitzetod","tag-klima","tag-klimaerwaermung"],"acf":[],"yoast_head":"<!-- This site is optimized with the Yoast SEO plugin v27.4 - https:\/\/yoast.com\/product\/yoast-seo-wordpress\/ -->\n<title>Schweiz: Jeder dritte Hitzetod eine Klimafolge - Organisator<\/title>\n<meta name=\"robots\" content=\"index, follow, max-snippet:-1, max-image-preview:large, max-video-preview:-1\" \/>\n<link rel=\"canonical\" href=\"https:\/\/www.organisator.ch\/en\/sustainability\/2021-05-31\/schweiz-jeder-dritte-hitzetod-eine-klimafolge\/\" \/>\n<meta property=\"og:locale\" content=\"en_US\" \/>\n<meta property=\"og:type\" content=\"article\" \/>\n<meta property=\"og:title\" content=\"Schweiz: Jeder dritte Hitzetod eine Klimafolge - Organisator\" \/>\n<meta property=\"og:description\" content=\"&nbsp; Die Klimaerw\u00e4rmung wirkt sich verschiedentlich auf die Gesundheit aus. Ein direkter Effekt zeigt sich im Anstieg der hitzebedingten Krankheits- und Sterberaten. Gem\u00e4ss Szenarien werden die Durchschnittstemperaturen erheblich steigen und extreme Wetterereignisse wie Hitzewellen h\u00e4ufiger auftreten. Das f\u00fchrt zuk\u00fcnftig auch zu einem Anstieg der damit verbundenen Gesundheitsbelastung. Bisher wurde noch in keiner Studie untersucht, ob [&hellip;]\" \/>\n<meta property=\"og:url\" content=\"https:\/\/www.organisator.ch\/en\/sustainability\/2021-05-31\/schweiz-jeder-dritte-hitzetod-eine-klimafolge\/\" \/>\n<meta property=\"og:site_name\" content=\"Organisator\" \/>\n<meta property=\"article:publisher\" content=\"https:\/\/www.facebook.com\/OrganisatorFachmagazin\" \/>\n<meta property=\"article:published_time\" content=\"2021-05-31T15:00:15+00:00\" \/>\n<meta property=\"article:modified_time\" content=\"2022-02-09T10:06:45+00:00\" \/>\n<meta property=\"og:image\" content=\"https:\/\/www.organisator.ch\/wp-content\/uploads\/2021\/05\/hitze-1.jpg\" \/>\n\t<meta property=\"og:image:width\" content=\"620\" \/>\n\t<meta property=\"og:image:height\" content=\"411\" \/>\n\t<meta property=\"og:image:type\" content=\"image\/jpeg\" \/>\n<meta name=\"author\" content=\"roger.straessle\" \/>\n<meta name=\"twitter:card\" content=\"summary_large_image\" \/>\n<script type=\"application\/ld+json\" class=\"yoast-schema-graph\">{\"@context\":\"https:\\\/\\\/schema.org\",\"@graph\":[{\"@type\":\"Article\",\"@id\":\"https:\\\/\\\/www.organisator.ch\\\/sustainability\\\/2021-05-31\\\/schweiz-jeder-dritte-hitzetod-eine-klimafolge\\\/#article\",\"isPartOf\":{\"@id\":\"https:\\\/\\\/www.organisator.ch\\\/sustainability\\\/2021-05-31\\\/schweiz-jeder-dritte-hitzetod-eine-klimafolge\\\/\"},\"author\":{\"name\":\"roger.straessle\",\"@id\":\"https:\\\/\\\/www.organisator.ch\\\/#\\\/schema\\\/person\\\/a800b8c54e208b160517a7dcc323161d\"},\"headline\":\"Schweiz: Jeder dritte Hitzetod eine Klimafolge\",\"datePublished\":\"2021-05-31T15:00:15+00:00\",\"dateModified\":\"2022-02-09T10:06:45+00:00\",\"mainEntityOfPage\":{\"@id\":\"https:\\\/\\\/www.organisator.ch\\\/sustainability\\\/2021-05-31\\\/schweiz-jeder-dritte-hitzetod-eine-klimafolge\\\/\"},\"wordCount\":632,\"publisher\":{\"@id\":\"https:\\\/\\\/www.organisator.ch\\\/#organization\"},\"image\":{\"@id\":\"https:\\\/\\\/www.organisator.ch\\\/sustainability\\\/2021-05-31\\\/schweiz-jeder-dritte-hitzetod-eine-klimafolge\\\/#primaryimage\"},\"thumbnailUrl\":\"https:\\\/\\\/www.organisator.ch\\\/wp-content\\\/uploads\\\/2021\\\/05\\\/hitze-1.jpg\",\"keywords\":[\"Hitzetod\",\"KLIMA\",\"Klimaerw\u00e4rmung\"],\"articleSection\":[\"SUSTAINABILITY\"],\"inLanguage\":\"en-US\"},{\"@type\":\"WebPage\",\"@id\":\"https:\\\/\\\/www.organisator.ch\\\/sustainability\\\/2021-05-31\\\/schweiz-jeder-dritte-hitzetod-eine-klimafolge\\\/\",\"url\":\"https:\\\/\\\/www.organisator.ch\\\/sustainability\\\/2021-05-31\\\/schweiz-jeder-dritte-hitzetod-eine-klimafolge\\\/\",\"name\":\"Schweiz: Jeder dritte Hitzetod eine Klimafolge - Organisator\",\"isPartOf\":{\"@id\":\"https:\\\/\\\/www.organisator.ch\\\/#website\"},\"primaryImageOfPage\":{\"@id\":\"https:\\\/\\\/www.organisator.ch\\\/sustainability\\\/2021-05-31\\\/schweiz-jeder-dritte-hitzetod-eine-klimafolge\\\/#primaryimage\"},\"image\":{\"@id\":\"https:\\\/\\\/www.organisator.ch\\\/sustainability\\\/2021-05-31\\\/schweiz-jeder-dritte-hitzetod-eine-klimafolge\\\/#primaryimage\"},\"thumbnailUrl\":\"https:\\\/\\\/www.organisator.ch\\\/wp-content\\\/uploads\\\/2021\\\/05\\\/hitze-1.jpg\",\"datePublished\":\"2021-05-31T15:00:15+00:00\",\"dateModified\":\"2022-02-09T10:06:45+00:00\",\"breadcrumb\":{\"@id\":\"https:\\\/\\\/www.organisator.ch\\\/sustainability\\\/2021-05-31\\\/schweiz-jeder-dritte-hitzetod-eine-klimafolge\\\/#breadcrumb\"},\"inLanguage\":\"en-US\",\"potentialAction\":[{\"@type\":\"ReadAction\",\"target\":[\"https:\\\/\\\/www.organisator.ch\\\/sustainability\\\/2021-05-31\\\/schweiz-jeder-dritte-hitzetod-eine-klimafolge\\\/\"]}]},{\"@type\":\"ImageObject\",\"inLanguage\":\"en-US\",\"@id\":\"https:\\\/\\\/www.organisator.ch\\\/sustainability\\\/2021-05-31\\\/schweiz-jeder-dritte-hitzetod-eine-klimafolge\\\/#primaryimage\",\"url\":\"https:\\\/\\\/www.organisator.ch\\\/wp-content\\\/uploads\\\/2021\\\/05\\\/hitze-1.jpg\",\"contentUrl\":\"https:\\\/\\\/www.organisator.ch\\\/wp-content\\\/uploads\\\/2021\\\/05\\\/hitze-1.jpg\",\"width\":620,\"height\":411,\"caption\":\"\u00a9 Depositphotos, sdecoret\"},{\"@type\":\"BreadcrumbList\",\"@id\":\"https:\\\/\\\/www.organisator.ch\\\/sustainability\\\/2021-05-31\\\/schweiz-jeder-dritte-hitzetod-eine-klimafolge\\\/#breadcrumb\",\"itemListElement\":[{\"@type\":\"ListItem\",\"position\":1,\"name\":\"Home\",\"item\":\"https:\\\/\\\/www.organisator.ch\\\/\"},{\"@type\":\"ListItem\",\"position\":2,\"name\":\"Schweiz: Jeder dritte Hitzetod eine Klimafolge\"}]},{\"@type\":\"WebSite\",\"@id\":\"https:\\\/\\\/www.organisator.ch\\\/#website\",\"url\":\"https:\\\/\\\/www.organisator.ch\\\/\",\"name\":\"Organisator\",\"description\":\"Kompetent. Praxisnah. Der ORGANISATOR bereitet in 10 Ausgaben pro Jahr die wesentlichen Themen f\u00fcr F\u00fchrungskr\u00e4fte von KMU auf.\",\"publisher\":{\"@id\":\"https:\\\/\\\/www.organisator.ch\\\/#organization\"},\"potentialAction\":[{\"@type\":\"SearchAction\",\"target\":{\"@type\":\"EntryPoint\",\"urlTemplate\":\"https:\\\/\\\/www.organisator.ch\\\/?s={search_term_string}\"},\"query-input\":{\"@type\":\"PropertyValueSpecification\",\"valueRequired\":true,\"valueName\":\"search_term_string\"}}],\"inLanguage\":\"en-US\"},{\"@type\":\"Organization\",\"@id\":\"https:\\\/\\\/www.organisator.ch\\\/#organization\",\"name\":\"Organisator\",\"url\":\"https:\\\/\\\/www.organisator.ch\\\/\",\"logo\":{\"@type\":\"ImageObject\",\"inLanguage\":\"en-US\",\"@id\":\"https:\\\/\\\/www.organisator.ch\\\/#\\\/schema\\\/logo\\\/image\\\/\",\"url\":\"https:\\\/\\\/www.organisator.ch\\\/wp-content\\\/uploads\\\/2022\\\/01\\\/Logo_Organisator_Website.png\",\"contentUrl\":\"https:\\\/\\\/www.organisator.ch\\\/wp-content\\\/uploads\\\/2022\\\/01\\\/Logo_Organisator_Website.png\",\"width\":800,\"height\":77,\"caption\":\"Organisator\"},\"image\":{\"@id\":\"https:\\\/\\\/www.organisator.ch\\\/#\\\/schema\\\/logo\\\/image\\\/\"},\"sameAs\":[\"https:\\\/\\\/www.facebook.com\\\/OrganisatorFachmagazin\",\"https:\\\/\\\/www.linkedin.com\\\/showcase\\\/organisator-das-magazin-fr-kmu\",\"https:\\\/\\\/www.xing.com\\\/news\\\/pages\\\/organisator-ch-695\",\"https:\\\/\\\/www.youtube.com\\\/channel\\\/UCGP2Sq0iWaZwT3BdIAQFYpw\"]},{\"@type\":\"Person\",\"@id\":\"https:\\\/\\\/www.organisator.ch\\\/#\\\/schema\\\/person\\\/a800b8c54e208b160517a7dcc323161d\",\"name\":\"roger.straessle\",\"image\":{\"@type\":\"ImageObject\",\"inLanguage\":\"en-US\",\"@id\":\"https:\\\/\\\/secure.gravatar.com\\\/avatar\\\/?s=96&d=mm&r=g\",\"url\":\"https:\\\/\\\/secure.gravatar.com\\\/avatar\\\/?s=96&d=mm&r=g\",\"contentUrl\":\"https:\\\/\\\/secure.gravatar.com\\\/avatar\\\/?s=96&d=mm&r=g\",\"caption\":\"roger.straessle\"},\"url\":\"https:\\\/\\\/www.organisator.ch\\\/en\\\/author\\\/roger-straessle\\\/\"}]}<\/script>\n<!-- \/ Yoast SEO plugin. -->","yoast_head_json":{"title":"Switzerland: Every third heat death a climate consequence - Organizer","robots":{"index":"index","follow":"follow","max-snippet":"max-snippet:-1","max-image-preview":"max-image-preview:large","max-video-preview":"max-video-preview:-1"},"canonical":"https:\/\/www.organisator.ch\/en\/sustainability\/2021-05-31\/schweiz-jeder-dritte-hitzetod-eine-klimafolge\/","og_locale":"en_US","og_type":"article","og_title":"Schweiz: Jeder dritte Hitzetod eine Klimafolge - Organisator","og_description":"&nbsp; Die Klimaerw\u00e4rmung wirkt sich verschiedentlich auf die Gesundheit aus. Ein direkter Effekt zeigt sich im Anstieg der hitzebedingten Krankheits- und Sterberaten. Gem\u00e4ss Szenarien werden die Durchschnittstemperaturen erheblich steigen und extreme Wetterereignisse wie Hitzewellen h\u00e4ufiger auftreten. Das f\u00fchrt zuk\u00fcnftig auch zu einem Anstieg der damit verbundenen Gesundheitsbelastung. Bisher wurde noch in keiner Studie untersucht, ob [&hellip;]","og_url":"https:\/\/www.organisator.ch\/en\/sustainability\/2021-05-31\/schweiz-jeder-dritte-hitzetod-eine-klimafolge\/","og_site_name":"Organisator","article_publisher":"https:\/\/www.facebook.com\/OrganisatorFachmagazin","article_published_time":"2021-05-31T15:00:15+00:00","article_modified_time":"2022-02-09T10:06:45+00:00","og_image":[{"url":"https:\/\/www.organisator.ch\/wp-content\/uploads\/2021\/05\/hitze-1.jpg","width":620,"height":411,"type":"image\/jpeg"}],"author":"roger.straessle","twitter_card":"summary_large_image","schema":{"@context":"https:\/\/schema.org","@graph":[{"@type":"Article","@id":"https:\/\/www.organisator.ch\/sustainability\/2021-05-31\/schweiz-jeder-dritte-hitzetod-eine-klimafolge\/#article","isPartOf":{"@id":"https:\/\/www.organisator.ch\/sustainability\/2021-05-31\/schweiz-jeder-dritte-hitzetod-eine-klimafolge\/"},"author":{"name":"roger.straessle","@id":"https:\/\/www.organisator.ch\/#\/schema\/person\/a800b8c54e208b160517a7dcc323161d"},"headline":"Schweiz: Jeder dritte Hitzetod eine Klimafolge","datePublished":"2021-05-31T15:00:15+00:00","dateModified":"2022-02-09T10:06:45+00:00","mainEntityOfPage":{"@id":"https:\/\/www.organisator.ch\/sustainability\/2021-05-31\/schweiz-jeder-dritte-hitzetod-eine-klimafolge\/"},"wordCount":632,"publisher":{"@id":"https:\/\/www.organisator.ch\/#organization"},"image":{"@id":"https:\/\/www.organisator.ch\/sustainability\/2021-05-31\/schweiz-jeder-dritte-hitzetod-eine-klimafolge\/#primaryimage"},"thumbnailUrl":"https:\/\/www.organisator.ch\/wp-content\/uploads\/2021\/05\/hitze-1.jpg","keywords":["Hitzetod","KLIMA","Klimaerw\u00e4rmung"],"articleSection":["SUSTAINABILITY"],"inLanguage":"en-US"},{"@type":"WebPage","@id":"https:\/\/www.organisator.ch\/sustainability\/2021-05-31\/schweiz-jeder-dritte-hitzetod-eine-klimafolge\/","url":"https:\/\/www.organisator.ch\/sustainability\/2021-05-31\/schweiz-jeder-dritte-hitzetod-eine-klimafolge\/","name":"Switzerland: Every third heat death a climate consequence - Organizer","isPartOf":{"@id":"https:\/\/www.organisator.ch\/#website"},"primaryImageOfPage":{"@id":"https:\/\/www.organisator.ch\/sustainability\/2021-05-31\/schweiz-jeder-dritte-hitzetod-eine-klimafolge\/#primaryimage"},"image":{"@id":"https:\/\/www.organisator.ch\/sustainability\/2021-05-31\/schweiz-jeder-dritte-hitzetod-eine-klimafolge\/#primaryimage"},"thumbnailUrl":"https:\/\/www.organisator.ch\/wp-content\/uploads\/2021\/05\/hitze-1.jpg","datePublished":"2021-05-31T15:00:15+00:00","dateModified":"2022-02-09T10:06:45+00:00","breadcrumb":{"@id":"https:\/\/www.organisator.ch\/sustainability\/2021-05-31\/schweiz-jeder-dritte-hitzetod-eine-klimafolge\/#breadcrumb"},"inLanguage":"en-US","potentialAction":[{"@type":"ReadAction","target":["https:\/\/www.organisator.ch\/sustainability\/2021-05-31\/schweiz-jeder-dritte-hitzetod-eine-klimafolge\/"]}]},{"@type":"ImageObject","inLanguage":"en-US","@id":"https:\/\/www.organisator.ch\/sustainability\/2021-05-31\/schweiz-jeder-dritte-hitzetod-eine-klimafolge\/#primaryimage","url":"https:\/\/www.organisator.ch\/wp-content\/uploads\/2021\/05\/hitze-1.jpg","contentUrl":"https:\/\/www.organisator.ch\/wp-content\/uploads\/2021\/05\/hitze-1.jpg","width":620,"height":411,"caption":"\u00a9 Depositphotos, sdecoret"},{"@type":"BreadcrumbList","@id":"https:\/\/www.organisator.ch\/sustainability\/2021-05-31\/schweiz-jeder-dritte-hitzetod-eine-klimafolge\/#breadcrumb","itemListElement":[{"@type":"ListItem","position":1,"name":"Home","item":"https:\/\/www.organisator.ch\/"},{"@type":"ListItem","position":2,"name":"Schweiz: Jeder dritte Hitzetod eine Klimafolge"}]},{"@type":"WebSite","@id":"https:\/\/www.organisator.ch\/#website","url":"https:\/\/www.organisator.ch\/","name":"Organizer","description":"Competent. Practical. In 10 issues per year, ORGANISATOR presents the essential topics for managers of SMEs.","publisher":{"@id":"https:\/\/www.organisator.ch\/#organization"},"potentialAction":[{"@type":"SearchAction","target":{"@type":"EntryPoint","urlTemplate":"https:\/\/www.organisator.ch\/?s={search_term_string}"},"query-input":{"@type":"PropertyValueSpecification","valueRequired":true,"valueName":"search_term_string"}}],"inLanguage":"en-US"},{"@type":"Organization","@id":"https:\/\/www.organisator.ch\/#organization","name":"Organizer","url":"https:\/\/www.organisator.ch\/","logo":{"@type":"ImageObject","inLanguage":"en-US","@id":"https:\/\/www.organisator.ch\/#\/schema\/logo\/image\/","url":"https:\/\/www.organisator.ch\/wp-content\/uploads\/2022\/01\/Logo_Organisator_Website.png","contentUrl":"https:\/\/www.organisator.ch\/wp-content\/uploads\/2022\/01\/Logo_Organisator_Website.png","width":800,"height":77,"caption":"Organisator"},"image":{"@id":"https:\/\/www.organisator.ch\/#\/schema\/logo\/image\/"},"sameAs":["https:\/\/www.facebook.com\/OrganisatorFachmagazin","https:\/\/www.linkedin.com\/showcase\/organisator-das-magazin-fr-kmu","https:\/\/www.xing.com\/news\/pages\/organisator-ch-695","https:\/\/www.youtube.com\/channel\/UCGP2Sq0iWaZwT3BdIAQFYpw"]},{"@type":"Person","@id":"https:\/\/www.organisator.ch\/#\/schema\/person\/a800b8c54e208b160517a7dcc323161d","name":"roger.straessle","image":{"@type":"ImageObject","inLanguage":"en-US","@id":"https:\/\/secure.gravatar.com\/avatar\/?s=96&d=mm&r=g","url":"https:\/\/secure.gravatar.com\/avatar\/?s=96&d=mm&r=g","contentUrl":"https:\/\/secure.gravatar.com\/avatar\/?s=96&d=mm&r=g","caption":"roger.straessle"},"url":"https:\/\/www.organisator.ch\/en\/author\/roger-straessle\/"}]}},"_links":{"self":[{"href":"https:\/\/www.organisator.ch\/en\/wp-json\/wp\/v2\/posts\/4312","targetHints":{"allow":["GET"]}}],"collection":[{"href":"https:\/\/www.organisator.ch\/en\/wp-json\/wp\/v2\/posts"}],"about":[{"href":"https:\/\/www.organisator.ch\/en\/wp-json\/wp\/v2\/types\/post"}],"author":[{"embeddable":true,"href":"https:\/\/www.organisator.ch\/en\/wp-json\/wp\/v2\/users\/6"}],"replies":[{"embeddable":true,"href":"https:\/\/www.organisator.ch\/en\/wp-json\/wp\/v2\/comments?post=4312"}],"version-history":[{"count":1,"href":"https:\/\/www.organisator.ch\/en\/wp-json\/wp\/v2\/posts\/4312\/revisions"}],"predecessor-version":[{"id":10648,"href":"https:\/\/www.organisator.ch\/en\/wp-json\/wp\/v2\/posts\/4312\/revisions\/10648"}],"wp:featuredmedia":[{"embeddable":true,"href":"https:\/\/www.organisator.ch\/en\/wp-json\/wp\/v2\/media\/9799"}],"wp:attachment":[{"href":"https:\/\/www.organisator.ch\/en\/wp-json\/wp\/v2\/media?parent=4312"}],"wp:term":[{"taxonomy":"category","embeddable":true,"href":"https:\/\/www.organisator.ch\/en\/wp-json\/wp\/v2\/categories?post=4312"},{"taxonomy":"post_tag","embeddable":true,"href":"https:\/\/www.organisator.ch\/en\/wp-json\/wp\/v2\/tags?post=4312"}],"curies":[{"name":"wp","href":"https:\/\/api.w.org\/{rel}","templated":true}]}}