{"id":4319,"date":"2018-10-03T08:19:29","date_gmt":"2018-10-03T06:19:29","guid":{"rendered":"https:\/\/www.organisator.ch\/?p=4319"},"modified":"2018-10-03T08:19:29","modified_gmt":"2018-10-03T06:19:29","slug":"bewegung-im-schweizer-payroll-und-hr-software-markt","status":"publish","type":"post","link":"https:\/\/www.organisator.ch\/en\/human-resources\/hrm\/2018-10-03\/bewegung-im-schweizer-payroll-und-hr-software-markt\/","title":{"rendered":"Movement in the Swiss Payroll and HR Software Market"},"content":{"rendered":"<figure id=\"attachment_4320\" aria-describedby=\"caption-attachment-4320\" style=\"width: 640px\" class=\"wp-caption alignnone\"><img loading=\"lazy\" decoding=\"async\" class=\"size-full wp-image-4320\" src=\"https:\/\/www.organisator.ch\/wp-content\/uploads\/2018\/10\/Bewegung-im-Schweizer-Payroll-und-HR-Software-Markt_Organisator.jpg\" alt=\"\" width=\"640\" height=\"330\" srcset=\"https:\/\/www.organisator.ch\/wp-content\/uploads\/2018\/10\/Bewegung-im-Schweizer-Payroll-und-HR-Software-Markt_Organisator.jpg 640w, https:\/\/www.organisator.ch\/wp-content\/uploads\/2018\/10\/Bewegung-im-Schweizer-Payroll-und-HR-Software-Markt_Organisator-16x8.jpg 16w, https:\/\/www.organisator.ch\/wp-content\/uploads\/2018\/10\/Bewegung-im-Schweizer-Payroll-und-HR-Software-Markt_Organisator-339x175.jpg 339w, https:\/\/www.organisator.ch\/wp-content\/uploads\/2018\/10\/Bewegung-im-Schweizer-Payroll-und-HR-Software-Markt_Organisator-300x155.jpg 300w\" sizes=\"auto, (max-width: 640px) 100vw, 640px\" \/><figcaption id=\"caption-attachment-4320\" class=\"wp-caption-text\">Fritz Achermann of PerSal AG (left) and Christos Triadis, Managing Director of P&amp;I AG. (Image: zVg)<\/figcaption><\/figure>\n<p>Today, P&amp;I is one of the most important and renowned companies in the HR industry in Europe and positions itself as a Pure HR Company with innovative software for all HR management tasks. In 2012 and 2015, the company significantly increased its market position in the Swiss HR and payroll software market with the acquisitions of Mirus Software AG and Soreco HR AG.<\/p>\n<h2>\"Concentrated software expertise\"<\/h2>\n<p>With its latest acquisition of Kriens-based PerSal AG, P&amp;I, which has its Swiss headquarters in Thalwil, is adding an important piece of the puzzle to its current product portfolio in the market segment for companies with up to 500 employees, according to a statement to the media. It acquired the entire share package of PerSal AG as of Oct. 1, 2018. PerSal AG and PerSal Software will continue to operate as an independent company and brand, and the location and employees will be taken over unchanged by the new owners. Fritz Achermann will also continue to be the managing director and will continue the philosophy of PerSal Software as well as the support department, which is known for its quality and reliability, in the same way, the statement continues. \"With the merger of P&amp;I, we now have the possibilities to offer a comprehensive and integrated HR solution, in which the entire \"HR Life Cycle\" is mapped, from applicant management to time recording. Our whole team is delighted about this and we are looking forward to seeing how the Swiss HR market reacts to this concentrated software competence,\" Fritz Achermann announced on request. Christos Triadis, Managing Director of P&amp;I AG in Switzerland, also draws a positive balance: \"Through the acquisition of PerSal AG, we will further strengthen and at the same time significantly expand our position in the HR market.\" According to Triadis, this step represents a major gain for P&amp;I AG.<\/p>\n<h2>Payroll Outsourcing<\/h2>\n<p>PerSal AG, which emerged from \"Persoline AG\", founded in 1994, has made a name for itself through its many years of market experience in the HR and Payroll sector, especially due to its flexible and highly customizable standard software \"PerSal\" as well as its modular Payroll outsourcing solutions. The Swiss branch of P&amp;I, which was also founded in the 1990s, together with PerSal AG can count over 2200 companies among its HR and Payroll customers. Spread over 4 domiciles, P&amp;I Switzerland employs 72 people. The two managing directors, Christos Triadis and Fritz Achermann, are convinced that the expanded product range and a newly introduced P&amp;I LogaAll-in for Switzerland will be of great added value for existing and new customers.<\/p>\n<p><em>More information: <\/em><a href=\"http:\/\/www.persal.ch\"><em>www.persal.ch<\/em> <\/a><\/p>\n<p>&nbsp;<\/p>","protected":false},"excerpt":{"rendered":"<p>P&amp;I ist heute eines der bedeutendsten und namhaftesten Unternehmen der HR-Industrie in Europa und positioniert sich als Pure HR Company mit innovativer Software f\u00fcr alle Aufgaben des Personalmanagements. Bereits 2012 und 2015 hat\u00a0das Unternehmen\u00a0mit den \u00dcbernahmen der Mirus Software AG und der Soreco HR AG ihre Markstellung im Schweizer HR- und Payroll-Softwaremarkt markant gesteigert. &#8222;Geballte [&hellip;]<\/p>\n","protected":false},"author":4,"featured_media":4320,"comment_status":"open","ping_status":"open","sticky":false,"template":"","format":"standard","meta":{"_acf_changed":false,"_yoast_wpseo_focuskw":"Payroll","_yoast_wpseo_metadesc":"Per Anfang Oktober hat P&I Personal & Informatik die Krienser PerSal AG \u00fcbernommen und verst\u00e4rkt damit ihre Marktstellung.","articlekey":"","footnotes":""},"categories":[26],"tags":[254,288,492],"class_list":["post-4319","post","type-post","status-publish","format-standard","has-post-thumbnail","hentry","category-hrm","tag-hrm","tag-it-business-software","tag-unternehmen"],"acf":[],"yoast_head":"<!-- This site is optimized with the Yoast SEO plugin v27.5 - https:\/\/yoast.com\/product\/yoast-seo-wordpress\/ -->\n<title>Bewegung im Schweizer Payroll- und HR-Software-Markt - Organisator<\/title>\n<meta name=\"description\" content=\"Per Anfang Oktober hat P&amp;I Personal &amp; Informatik die Krienser PerSal AG \u00fcbernommen und verst\u00e4rkt damit ihre Marktstellung.\" \/>\n<meta name=\"robots\" content=\"index, follow, max-snippet:-1, max-image-preview:large, max-video-preview:-1\" \/>\n<link rel=\"canonical\" href=\"https:\/\/www.organisator.ch\/en\/human-resources\/hrm\/2018-10-03\/bewegung-im-schweizer-payroll-und-hr-software-markt\/\" \/>\n<meta property=\"og:locale\" content=\"en_US\" \/>\n<meta property=\"og:type\" content=\"article\" \/>\n<meta property=\"og:title\" content=\"Bewegung im Schweizer Payroll- und HR-Software-Markt\" \/>\n<meta property=\"og:description\" content=\"Per Anfang Oktober hat P&amp;I Personal &amp; Informatik die Krienser PerSal AG \u00fcbernommen und verst\u00e4rkt damit ihre Marktstellung.\" \/>\n<meta property=\"og:url\" content=\"https:\/\/www.organisator.ch\/en\/human-resources\/hrm\/2018-10-03\/bewegung-im-schweizer-payroll-und-hr-software-markt\/\" \/>\n<meta property=\"og:site_name\" content=\"Organisator\" \/>\n<meta property=\"article:publisher\" content=\"https:\/\/www.facebook.com\/OrganisatorFachmagazin\" \/>\n<meta property=\"article:published_time\" content=\"2018-10-03T06:19:29+00:00\" \/>\n<meta property=\"og:image\" content=\"https:\/\/www.organisator.ch\/wp-content\/uploads\/2018\/10\/Bewegung-im-Schweizer-Payroll-und-HR-Software-Markt_Organisator.jpg\" \/>\n\t<meta property=\"og:image:width\" content=\"640\" \/>\n\t<meta property=\"og:image:height\" content=\"330\" \/>\n\t<meta property=\"og:image:type\" content=\"image\/jpeg\" \/>\n<meta name=\"author\" content=\"thomas.berner\" \/>\n<meta name=\"twitter:card\" content=\"summary_large_image\" \/>\n<meta name=\"twitter:title\" content=\"Bewegung im Schweizer #Payroll- und #HR-Software-Markt\" \/>\n<meta name=\"twitter:description\" content=\"Per Anfang Oktober hat #P&amp;I Personal &amp; Informatik die Krienser #PerSal AG \u00fcbernommen und verst\u00e4rkt damit ihre Marktstellung.\" \/>\n<meta name=\"twitter:image\" content=\"https:\/\/www.organisator.ch\/wp-content\/uploads\/2018\/10\/Bewegung-im-Schweizer-Payroll-und-HR-Software-Markt_Organisator.jpg\" \/>\n<script type=\"application\/ld+json\" class=\"yoast-schema-graph\">{\"@context\":\"https:\\\/\\\/schema.org\",\"@graph\":[{\"@type\":\"Article\",\"@id\":\"https:\\\/\\\/www.organisator.ch\\\/human-resources\\\/hrm\\\/2018-10-03\\\/bewegung-im-schweizer-payroll-und-hr-software-markt\\\/#article\",\"isPartOf\":{\"@id\":\"https:\\\/\\\/www.organisator.ch\\\/human-resources\\\/hrm\\\/2018-10-03\\\/bewegung-im-schweizer-payroll-und-hr-software-markt\\\/\"},\"author\":{\"name\":\"thomas.berner\",\"@id\":\"https:\\\/\\\/www.organisator.ch\\\/#\\\/schema\\\/person\\\/6f650f90b2842cd4c0cc334b4e36f67e\"},\"headline\":\"Bewegung im Schweizer Payroll- und HR-Software-Markt\",\"datePublished\":\"2018-10-03T06:19:29+00:00\",\"mainEntityOfPage\":{\"@id\":\"https:\\\/\\\/www.organisator.ch\\\/human-resources\\\/hrm\\\/2018-10-03\\\/bewegung-im-schweizer-payroll-und-hr-software-markt\\\/\"},\"wordCount\":461,\"commentCount\":0,\"publisher\":{\"@id\":\"https:\\\/\\\/www.organisator.ch\\\/#organization\"},\"image\":{\"@id\":\"https:\\\/\\\/www.organisator.ch\\\/human-resources\\\/hrm\\\/2018-10-03\\\/bewegung-im-schweizer-payroll-und-hr-software-markt\\\/#primaryimage\"},\"thumbnailUrl\":\"https:\\\/\\\/www.organisator.ch\\\/wp-content\\\/uploads\\\/2018\\\/10\\\/Bewegung-im-Schweizer-Payroll-und-HR-Software-Markt_Organisator.jpg\",\"keywords\":[\"HRM\",\"IT &amp; Business Software\",\"Unternehmen\"],\"articleSection\":[\"HRM\"],\"inLanguage\":\"en-US\"},{\"@type\":\"WebPage\",\"@id\":\"https:\\\/\\\/www.organisator.ch\\\/human-resources\\\/hrm\\\/2018-10-03\\\/bewegung-im-schweizer-payroll-und-hr-software-markt\\\/\",\"url\":\"https:\\\/\\\/www.organisator.ch\\\/human-resources\\\/hrm\\\/2018-10-03\\\/bewegung-im-schweizer-payroll-und-hr-software-markt\\\/\",\"name\":\"Bewegung im Schweizer Payroll- und HR-Software-Markt - Organisator\",\"isPartOf\":{\"@id\":\"https:\\\/\\\/www.organisator.ch\\\/#website\"},\"primaryImageOfPage\":{\"@id\":\"https:\\\/\\\/www.organisator.ch\\\/human-resources\\\/hrm\\\/2018-10-03\\\/bewegung-im-schweizer-payroll-und-hr-software-markt\\\/#primaryimage\"},\"image\":{\"@id\":\"https:\\\/\\\/www.organisator.ch\\\/human-resources\\\/hrm\\\/2018-10-03\\\/bewegung-im-schweizer-payroll-und-hr-software-markt\\\/#primaryimage\"},\"thumbnailUrl\":\"https:\\\/\\\/www.organisator.ch\\\/wp-content\\\/uploads\\\/2018\\\/10\\\/Bewegung-im-Schweizer-Payroll-und-HR-Software-Markt_Organisator.jpg\",\"datePublished\":\"2018-10-03T06:19:29+00:00\",\"description\":\"Per Anfang Oktober hat P&I Personal & Informatik die Krienser PerSal AG \u00fcbernommen und verst\u00e4rkt damit ihre Marktstellung.\",\"breadcrumb\":{\"@id\":\"https:\\\/\\\/www.organisator.ch\\\/human-resources\\\/hrm\\\/2018-10-03\\\/bewegung-im-schweizer-payroll-und-hr-software-markt\\\/#breadcrumb\"},\"inLanguage\":\"en-US\",\"potentialAction\":[{\"@type\":\"ReadAction\",\"target\":[\"https:\\\/\\\/www.organisator.ch\\\/human-resources\\\/hrm\\\/2018-10-03\\\/bewegung-im-schweizer-payroll-und-hr-software-markt\\\/\"]}]},{\"@type\":\"ImageObject\",\"inLanguage\":\"en-US\",\"@id\":\"https:\\\/\\\/www.organisator.ch\\\/human-resources\\\/hrm\\\/2018-10-03\\\/bewegung-im-schweizer-payroll-und-hr-software-markt\\\/#primaryimage\",\"url\":\"https:\\\/\\\/www.organisator.ch\\\/wp-content\\\/uploads\\\/2018\\\/10\\\/Bewegung-im-Schweizer-Payroll-und-HR-Software-Markt_Organisator.jpg\",\"contentUrl\":\"https:\\\/\\\/www.organisator.ch\\\/wp-content\\\/uploads\\\/2018\\\/10\\\/Bewegung-im-Schweizer-Payroll-und-HR-Software-Markt_Organisator.jpg\",\"width\":640,\"height\":330,\"caption\":\"Fritz Achermann von PerSal AG (links) und Christos Triadis, Gesch\u00e4ftsf\u00fchrer der P&I AG. (Bild: zVg)\"},{\"@type\":\"BreadcrumbList\",\"@id\":\"https:\\\/\\\/www.organisator.ch\\\/human-resources\\\/hrm\\\/2018-10-03\\\/bewegung-im-schweizer-payroll-und-hr-software-markt\\\/#breadcrumb\",\"itemListElement\":[{\"@type\":\"ListItem\",\"position\":1,\"name\":\"Home\",\"item\":\"https:\\\/\\\/www.organisator.ch\\\/\"},{\"@type\":\"ListItem\",\"position\":2,\"name\":\"Bewegung im Schweizer Payroll- und HR-Software-Markt\"}]},{\"@type\":\"WebSite\",\"@id\":\"https:\\\/\\\/www.organisator.ch\\\/#website\",\"url\":\"https:\\\/\\\/www.organisator.ch\\\/\",\"name\":\"Organisator\",\"description\":\"Kompetent. Praxisnah. Der ORGANISATOR bereitet in 10 Ausgaben pro Jahr die wesentlichen Themen f\u00fcr F\u00fchrungskr\u00e4fte von KMU auf.\",\"publisher\":{\"@id\":\"https:\\\/\\\/www.organisator.ch\\\/#organization\"},\"potentialAction\":[{\"@type\":\"SearchAction\",\"target\":{\"@type\":\"EntryPoint\",\"urlTemplate\":\"https:\\\/\\\/www.organisator.ch\\\/?s={search_term_string}\"},\"query-input\":{\"@type\":\"PropertyValueSpecification\",\"valueRequired\":true,\"valueName\":\"search_term_string\"}}],\"inLanguage\":\"en-US\"},{\"@type\":\"Organization\",\"@id\":\"https:\\\/\\\/www.organisator.ch\\\/#organization\",\"name\":\"Organisator\",\"url\":\"https:\\\/\\\/www.organisator.ch\\\/\",\"logo\":{\"@type\":\"ImageObject\",\"inLanguage\":\"en-US\",\"@id\":\"https:\\\/\\\/www.organisator.ch\\\/#\\\/schema\\\/logo\\\/image\\\/\",\"url\":\"https:\\\/\\\/www.organisator.ch\\\/wp-content\\\/uploads\\\/2022\\\/01\\\/Logo_Organisator_Website.png\",\"contentUrl\":\"https:\\\/\\\/www.organisator.ch\\\/wp-content\\\/uploads\\\/2022\\\/01\\\/Logo_Organisator_Website.png\",\"width\":800,\"height\":77,\"caption\":\"Organisator\"},\"image\":{\"@id\":\"https:\\\/\\\/www.organisator.ch\\\/#\\\/schema\\\/logo\\\/image\\\/\"},\"sameAs\":[\"https:\\\/\\\/www.facebook.com\\\/OrganisatorFachmagazin\",\"https:\\\/\\\/www.linkedin.com\\\/showcase\\\/organisator-das-magazin-fr-kmu\",\"https:\\\/\\\/www.xing.com\\\/news\\\/pages\\\/organisator-ch-695\",\"https:\\\/\\\/www.youtube.com\\\/channel\\\/UCGP2Sq0iWaZwT3BdIAQFYpw\"]},{\"@type\":\"Person\",\"@id\":\"https:\\\/\\\/www.organisator.ch\\\/#\\\/schema\\\/person\\\/6f650f90b2842cd4c0cc334b4e36f67e\",\"name\":\"thomas.berner\",\"image\":{\"@type\":\"ImageObject\",\"inLanguage\":\"en-US\",\"@id\":\"https:\\\/\\\/secure.gravatar.com\\\/avatar\\\/ac5001d2a36cb6c6cd3e50789007ffca834b477b74a2144564522e944eabff61?s=96&d=mm&r=g\",\"url\":\"https:\\\/\\\/secure.gravatar.com\\\/avatar\\\/ac5001d2a36cb6c6cd3e50789007ffca834b477b74a2144564522e944eabff61?s=96&d=mm&r=g\",\"contentUrl\":\"https:\\\/\\\/secure.gravatar.com\\\/avatar\\\/ac5001d2a36cb6c6cd3e50789007ffca834b477b74a2144564522e944eabff61?s=96&d=mm&r=g\",\"caption\":\"thomas.berner\"},\"url\":\"https:\\\/\\\/www.organisator.ch\\\/en\\\/author\\\/thomas-berner\\\/\"}]}<\/script>\n<!-- \/ Yoast SEO plugin. -->","yoast_head_json":{"title":"Movement in the Swiss payroll and HR software market - Organizer","description":"At the beginning of October, P&amp;I Personal &amp; Informatik acquired the Kriens-based PerSal AG, thereby strengthening its market position.","robots":{"index":"index","follow":"follow","max-snippet":"max-snippet:-1","max-image-preview":"max-image-preview:large","max-video-preview":"max-video-preview:-1"},"canonical":"https:\/\/www.organisator.ch\/en\/human-resources\/hrm\/2018-10-03\/bewegung-im-schweizer-payroll-und-hr-software-markt\/","og_locale":"en_US","og_type":"article","og_title":"Bewegung im Schweizer Payroll- und HR-Software-Markt","og_description":"Per Anfang Oktober hat P&I Personal & Informatik die Krienser PerSal AG \u00fcbernommen und verst\u00e4rkt damit ihre Marktstellung.","og_url":"https:\/\/www.organisator.ch\/en\/human-resources\/hrm\/2018-10-03\/bewegung-im-schweizer-payroll-und-hr-software-markt\/","og_site_name":"Organisator","article_publisher":"https:\/\/www.facebook.com\/OrganisatorFachmagazin","article_published_time":"2018-10-03T06:19:29+00:00","og_image":[{"width":640,"height":330,"url":"https:\/\/www.organisator.ch\/wp-content\/uploads\/2018\/10\/Bewegung-im-Schweizer-Payroll-und-HR-Software-Markt_Organisator.jpg","type":"image\/jpeg"}],"author":"thomas.berner","twitter_card":"summary_large_image","twitter_title":"Bewegung im Schweizer #Payroll- und #HR-Software-Markt","twitter_description":"Per Anfang Oktober hat #P&I Personal & Informatik die Krienser #PerSal AG \u00fcbernommen und verst\u00e4rkt damit ihre Marktstellung.","twitter_image":"https:\/\/www.organisator.ch\/wp-content\/uploads\/2018\/10\/Bewegung-im-Schweizer-Payroll-und-HR-Software-Markt_Organisator.jpg","schema":{"@context":"https:\/\/schema.org","@graph":[{"@type":"Article","@id":"https:\/\/www.organisator.ch\/human-resources\/hrm\/2018-10-03\/bewegung-im-schweizer-payroll-und-hr-software-markt\/#article","isPartOf":{"@id":"https:\/\/www.organisator.ch\/human-resources\/hrm\/2018-10-03\/bewegung-im-schweizer-payroll-und-hr-software-markt\/"},"author":{"name":"thomas.berner","@id":"https:\/\/www.organisator.ch\/#\/schema\/person\/6f650f90b2842cd4c0cc334b4e36f67e"},"headline":"Bewegung im Schweizer Payroll- und HR-Software-Markt","datePublished":"2018-10-03T06:19:29+00:00","mainEntityOfPage":{"@id":"https:\/\/www.organisator.ch\/human-resources\/hrm\/2018-10-03\/bewegung-im-schweizer-payroll-und-hr-software-markt\/"},"wordCount":461,"commentCount":0,"publisher":{"@id":"https:\/\/www.organisator.ch\/#organization"},"image":{"@id":"https:\/\/www.organisator.ch\/human-resources\/hrm\/2018-10-03\/bewegung-im-schweizer-payroll-und-hr-software-markt\/#primaryimage"},"thumbnailUrl":"https:\/\/www.organisator.ch\/wp-content\/uploads\/2018\/10\/Bewegung-im-Schweizer-Payroll-und-HR-Software-Markt_Organisator.jpg","keywords":["HRM","IT &amp; Business Software","Unternehmen"],"articleSection":["HRM"],"inLanguage":"en-US"},{"@type":"WebPage","@id":"https:\/\/www.organisator.ch\/human-resources\/hrm\/2018-10-03\/bewegung-im-schweizer-payroll-und-hr-software-markt\/","url":"https:\/\/www.organisator.ch\/human-resources\/hrm\/2018-10-03\/bewegung-im-schweizer-payroll-und-hr-software-markt\/","name":"Movement in the Swiss payroll and HR software market - Organizer","isPartOf":{"@id":"https:\/\/www.organisator.ch\/#website"},"primaryImageOfPage":{"@id":"https:\/\/www.organisator.ch\/human-resources\/hrm\/2018-10-03\/bewegung-im-schweizer-payroll-und-hr-software-markt\/#primaryimage"},"image":{"@id":"https:\/\/www.organisator.ch\/human-resources\/hrm\/2018-10-03\/bewegung-im-schweizer-payroll-und-hr-software-markt\/#primaryimage"},"thumbnailUrl":"https:\/\/www.organisator.ch\/wp-content\/uploads\/2018\/10\/Bewegung-im-Schweizer-Payroll-und-HR-Software-Markt_Organisator.jpg","datePublished":"2018-10-03T06:19:29+00:00","description":"At the beginning of October, P&amp;I Personal &amp; Informatik acquired the Kriens-based PerSal AG, thereby strengthening its market position.","breadcrumb":{"@id":"https:\/\/www.organisator.ch\/human-resources\/hrm\/2018-10-03\/bewegung-im-schweizer-payroll-und-hr-software-markt\/#breadcrumb"},"inLanguage":"en-US","potentialAction":[{"@type":"ReadAction","target":["https:\/\/www.organisator.ch\/human-resources\/hrm\/2018-10-03\/bewegung-im-schweizer-payroll-und-hr-software-markt\/"]}]},{"@type":"ImageObject","inLanguage":"en-US","@id":"https:\/\/www.organisator.ch\/human-resources\/hrm\/2018-10-03\/bewegung-im-schweizer-payroll-und-hr-software-markt\/#primaryimage","url":"https:\/\/www.organisator.ch\/wp-content\/uploads\/2018\/10\/Bewegung-im-Schweizer-Payroll-und-HR-Software-Markt_Organisator.jpg","contentUrl":"https:\/\/www.organisator.ch\/wp-content\/uploads\/2018\/10\/Bewegung-im-Schweizer-Payroll-und-HR-Software-Markt_Organisator.jpg","width":640,"height":330,"caption":"Fritz Achermann von PerSal AG (links) und Christos Triadis, Gesch\u00e4ftsf\u00fchrer der P&I AG. (Bild: zVg)"},{"@type":"BreadcrumbList","@id":"https:\/\/www.organisator.ch\/human-resources\/hrm\/2018-10-03\/bewegung-im-schweizer-payroll-und-hr-software-markt\/#breadcrumb","itemListElement":[{"@type":"ListItem","position":1,"name":"Home","item":"https:\/\/www.organisator.ch\/"},{"@type":"ListItem","position":2,"name":"Bewegung im Schweizer Payroll- und HR-Software-Markt"}]},{"@type":"WebSite","@id":"https:\/\/www.organisator.ch\/#website","url":"https:\/\/www.organisator.ch\/","name":"Organizer","description":"Competent. Practical. In 10 issues per year, ORGANISATOR presents the essential topics for managers of SMEs.","publisher":{"@id":"https:\/\/www.organisator.ch\/#organization"},"potentialAction":[{"@type":"SearchAction","target":{"@type":"EntryPoint","urlTemplate":"https:\/\/www.organisator.ch\/?s={search_term_string}"},"query-input":{"@type":"PropertyValueSpecification","valueRequired":true,"valueName":"search_term_string"}}],"inLanguage":"en-US"},{"@type":"Organization","@id":"https:\/\/www.organisator.ch\/#organization","name":"Organizer","url":"https:\/\/www.organisator.ch\/","logo":{"@type":"ImageObject","inLanguage":"en-US","@id":"https:\/\/www.organisator.ch\/#\/schema\/logo\/image\/","url":"https:\/\/www.organisator.ch\/wp-content\/uploads\/2022\/01\/Logo_Organisator_Website.png","contentUrl":"https:\/\/www.organisator.ch\/wp-content\/uploads\/2022\/01\/Logo_Organisator_Website.png","width":800,"height":77,"caption":"Organisator"},"image":{"@id":"https:\/\/www.organisator.ch\/#\/schema\/logo\/image\/"},"sameAs":["https:\/\/www.facebook.com\/OrganisatorFachmagazin","https:\/\/www.linkedin.com\/showcase\/organisator-das-magazin-fr-kmu","https:\/\/www.xing.com\/news\/pages\/organisator-ch-695","https:\/\/www.youtube.com\/channel\/UCGP2Sq0iWaZwT3BdIAQFYpw"]},{"@type":"Person","@id":"https:\/\/www.organisator.ch\/#\/schema\/person\/6f650f90b2842cd4c0cc334b4e36f67e","name":"thomas.berner","image":{"@type":"ImageObject","inLanguage":"en-US","@id":"https:\/\/secure.gravatar.com\/avatar\/ac5001d2a36cb6c6cd3e50789007ffca834b477b74a2144564522e944eabff61?s=96&d=mm&r=g","url":"https:\/\/secure.gravatar.com\/avatar\/ac5001d2a36cb6c6cd3e50789007ffca834b477b74a2144564522e944eabff61?s=96&d=mm&r=g","contentUrl":"https:\/\/secure.gravatar.com\/avatar\/ac5001d2a36cb6c6cd3e50789007ffca834b477b74a2144564522e944eabff61?s=96&d=mm&r=g","caption":"thomas.berner"},"url":"https:\/\/www.organisator.ch\/en\/author\/thomas-berner\/"}]}},"_links":{"self":[{"href":"https:\/\/www.organisator.ch\/en\/wp-json\/wp\/v2\/posts\/4319","targetHints":{"allow":["GET"]}}],"collection":[{"href":"https:\/\/www.organisator.ch\/en\/wp-json\/wp\/v2\/posts"}],"about":[{"href":"https:\/\/www.organisator.ch\/en\/wp-json\/wp\/v2\/types\/post"}],"author":[{"embeddable":true,"href":"https:\/\/www.organisator.ch\/en\/wp-json\/wp\/v2\/users\/4"}],"replies":[{"embeddable":true,"href":"https:\/\/www.organisator.ch\/en\/wp-json\/wp\/v2\/comments?post=4319"}],"version-history":[{"count":0,"href":"https:\/\/www.organisator.ch\/en\/wp-json\/wp\/v2\/posts\/4319\/revisions"}],"wp:featuredmedia":[{"embeddable":true,"href":"https:\/\/www.organisator.ch\/en\/wp-json\/wp\/v2\/media\/4320"}],"wp:attachment":[{"href":"https:\/\/www.organisator.ch\/en\/wp-json\/wp\/v2\/media?parent=4319"}],"wp:term":[{"taxonomy":"category","embeddable":true,"href":"https:\/\/www.organisator.ch\/en\/wp-json\/wp\/v2\/categories?post=4319"},{"taxonomy":"post_tag","embeddable":true,"href":"https:\/\/www.organisator.ch\/en\/wp-json\/wp\/v2\/tags?post=4319"}],"curies":[{"name":"wp","href":"https:\/\/api.w.org\/{rel}","templated":true}]}}