{"id":4331,"date":"2018-10-08T08:09:24","date_gmt":"2018-10-08T06:09:24","guid":{"rendered":"https:\/\/www.organisator.ch\/?p=4331"},"modified":"2018-10-08T08:09:24","modified_gmt":"2018-10-08T06:09:24","slug":"ist-eine-bessere-welt-in-reichweite","status":"publish","type":"post","link":"https:\/\/www.organisator.ch\/en\/allgemein\/2018-10-08\/ist-eine-bessere-welt-in-reichweite\/","title":{"rendered":"Is a better world within reach?"},"content":{"rendered":"<figure id=\"attachment_4332\" aria-describedby=\"caption-attachment-4332\" style=\"width: 640px\" class=\"wp-caption alignnone\"><img loading=\"lazy\" decoding=\"async\" class=\"size-full wp-image-4332\" src=\"https:\/\/www.organisator.ch\/wp-content\/uploads\/2018\/10\/Ist-eine-bessere-Welt-in-Reichweite_Organisator.jpg\" alt=\"\" width=\"640\" height=\"452\" srcset=\"https:\/\/www.organisator.ch\/wp-content\/uploads\/2018\/10\/Ist-eine-bessere-Welt-in-Reichweite_Organisator.jpg 640w, https:\/\/www.organisator.ch\/wp-content\/uploads\/2018\/10\/Ist-eine-bessere-Welt-in-Reichweite_Organisator-16x12.jpg 16w, https:\/\/www.organisator.ch\/wp-content\/uploads\/2018\/10\/Ist-eine-bessere-Welt-in-Reichweite_Organisator-248x175.jpg 248w, https:\/\/www.organisator.ch\/wp-content\/uploads\/2018\/10\/Ist-eine-bessere-Welt-in-Reichweite_Organisator-496x350.jpg 496w, https:\/\/www.organisator.ch\/wp-content\/uploads\/2018\/10\/Ist-eine-bessere-Welt-in-Reichweite_Organisator-300x212.jpg 300w\" sizes=\"auto, (max-width: 640px) 100vw, 640px\" \/><figcaption id=\"caption-attachment-4332\" class=\"wp-caption-text\">Standing up forcefully for a better world: Mario El-khoury, CEO of CSEM, Peter Maurer, ICRC President. (Image: zVg)<\/figcaption><\/figure>\n<p>The conference on October 4 in Bern focused on how technological developments can become a benefit for all. In addition to CSEM research and development experts, notable figures such as Peter Maurer, President of the International Red Cross (ICRC), Klaus Sch\u00f6nenberger, Director of the Essential Tech program at the Swiss Federal Institute of Technology Lausanne (EPFL), and Arturo Vittori, Director of Warka Water, outlined the contours of a more balanced development path.<\/p>\n<p>\"The current technological acceleration would have you believe that anything is possible. However, there is a significant exception: that of a more just and peaceful world.\" Right at the start, Mario El-Khoury, CEO of CSEM and organizer of the \"Technologies for a brighter world\" conference, set the scene at the Hotel Bellevue in Bern. The goal of the event was to find new ways to make technology work for everyone. Inspiration was provided by numerous projects that are already underway.<\/p>\n<h2>Allowing the disadvantaged to participate in progress<\/h2>\n<p>\"Unfortunately, I don't have only good news,\" warned Peter Maurer, president of the ICRC. In his speech, he showed the extent to which conflicts are becoming more complex and entrenched, putting more and more people in precarious living conditions. The former diplomat then showed a lesser-known side of the ICRC: the Red Cross is more than aware of the importance of technological advances for its work and its own scope for action. The organization actively embraces these opportunities in order to benefit from them as much as possible. Together with EPFL, for example, it is developing a new generation of prosthetic feet for victims of anti-personnel mines. The aim is to offer a prosthesis at an affordable price.<\/p>\n<h2>Of Big Data and Water Towers<\/h2>\n<p>The spectrum of \"humanitarian\" innovations is enormously broad. It ranges from a database to find missing people, to water towers made of bamboo presented by Arturo Vittori, director of Warka Water, to photovoltaic solutions or medical developments from the CSEM. For example, Biospectal, a start-up from Vaud, will use an invention from CSEM to monitor high blood pressure in the populations of Bangladesh, Tanzania and South Africa. This will make it possible to track this invisible disease using a smartphone application. Behind this seemingly simple application is a high-tech solution developed over a ten-year period at CSEM.<\/p>\n<h2>Switzerland is predestined to find new models<\/h2>\n<p>Development work must be thought of differently! This statement received broad support. EPFL's Essential Tech program supports promising experiments in this context. It has, for example, produced a start-up whose goal is to supply Africa with adapted X-ray equipment. The company, which is backed by both African and Swiss investors, also sees good business prospects for this in the Western world.<\/p>\n<p>Because Switzerland holds all the cards to be a key player in the renewal of models for truly sustainable development. Not only is it at the forefront of innovation and the cradle of the Geneva Conventions, but it is also \"a central financial center,\" recalled Peter Maurer. This, he said, is an indispensable factor in spreading technological advances more widely, improving the daily lives of those who need it most, and thus moving toward the fairer and better world so many hope for.<\/p>\n<p><a href=\"http:\/\/www.csem.ch\"><em>www.csem.ch<\/em><\/a><\/p>\n<p>&nbsp;<\/p>\n<p>&nbsp;<\/p>","protected":false},"excerpt":{"rendered":"<p>An der Tagung vom 4. Oktober in Bern ging es darum, wie\u00a0technologische Entwicklungen zu einem Nutzen f\u00fcr alle werden k\u00f6nnen. Neben Forschungs- und Entwicklungsexperten des CSEMs skizzierten namhafte Pers\u00f6nlichkeiten wie Peter Maurer, Pr\u00e4sident des Internationalen Roten Kreuz (IKRK), Klaus Sch\u00f6nenberger, Direktor des Programms \u00abEssential Tech\u00bb der ETH Lausanne (EPFL) und Arturo Vittori, Direktor von Warka [&hellip;]<\/p>\n","protected":false},"author":4,"featured_media":4332,"comment_status":"open","ping_status":"open","sticky":false,"template":"","format":"standard","meta":{"_acf_changed":false,"_yoast_wpseo_focuskw":"bessere Welt","_yoast_wpseo_metadesc":"Wie kann der technologische Fortschritt dazu genutzt werden, die Ungleichheit in der Welt zu vermindern? Eine Konferenz suchte hierzu nach Antworten.","articlekey":"","footnotes":""},"categories":[1],"tags":[193,218,451,533],"class_list":["post-4331","post","type-post","status-publish","format-standard","has-post-thumbnail","hentry","category-allgemein","tag-fachkongressfachmesse","tag-forschung","tag-startups","tag-wissenschaft"],"acf":[],"yoast_head":"<!-- This site is optimized with the Yoast SEO plugin v27.4 - https:\/\/yoast.com\/product\/yoast-seo-wordpress\/ -->\n<title>Ist eine bessere Welt in Reichweite? - Organisator<\/title>\n<meta name=\"description\" content=\"Wie kann der technologische Fortschritt dazu genutzt werden, die Ungleichheit in der Welt zu vermindern? Eine Konferenz suchte hierzu nach Antworten.\" \/>\n<meta name=\"robots\" content=\"index, follow, max-snippet:-1, max-image-preview:large, max-video-preview:-1\" \/>\n<link rel=\"canonical\" href=\"https:\/\/www.organisator.ch\/en\/general\/2018-10-08\/ist-eine-bessere-welt-in-reichweite\/\" \/>\n<meta property=\"og:locale\" content=\"en_US\" \/>\n<meta property=\"og:type\" content=\"article\" \/>\n<meta property=\"og:title\" content=\"Ist eine bessere Welt in Reichweite?\" \/>\n<meta property=\"og:description\" content=\"Wie kann der technologische Fortschritt dazu genutzt werden, die Ungleichheit in der Welt zu vermindern? Eine Konferenz suchte hierzu nach Antworten.\" \/>\n<meta property=\"og:url\" content=\"https:\/\/www.organisator.ch\/en\/general\/2018-10-08\/ist-eine-bessere-welt-in-reichweite\/\" \/>\n<meta property=\"og:site_name\" content=\"Organisator\" \/>\n<meta property=\"article:publisher\" content=\"https:\/\/www.facebook.com\/OrganisatorFachmagazin\" \/>\n<meta property=\"article:published_time\" content=\"2018-10-08T06:09:24+00:00\" \/>\n<meta property=\"og:image\" content=\"https:\/\/www.organisator.ch\/wp-content\/uploads\/2018\/10\/Ist-eine-bessere-Welt-in-Reichweite_Organisator.jpg\" \/>\n\t<meta property=\"og:image:width\" content=\"640\" \/>\n\t<meta property=\"og:image:height\" content=\"452\" \/>\n\t<meta property=\"og:image:type\" content=\"image\/jpeg\" \/>\n<meta name=\"author\" content=\"thomas.berner\" \/>\n<meta name=\"twitter:card\" content=\"summary_large_image\" \/>\n<meta name=\"twitter:title\" content=\"Ist eine bessere Welt in #Reichweite?\" \/>\n<meta name=\"twitter:description\" content=\"Wie kann der technologische #Fortschritt dazu genutzt werden, die Ungleichheit in der Welt zu vermindern? Eine Konferenz suchte hierzu nach Antworten.\" \/>\n<meta name=\"twitter:image\" content=\"https:\/\/www.organisator.ch\/wp-content\/uploads\/2018\/10\/Ist-eine-bessere-Welt-in-Reichweite_Organisator.jpg\" \/>\n<script type=\"application\/ld+json\" class=\"yoast-schema-graph\">{\"@context\":\"https:\\\/\\\/schema.org\",\"@graph\":[{\"@type\":\"Article\",\"@id\":\"https:\\\/\\\/www.organisator.ch\\\/en\\\/general\\\/2018-10-08\\\/ist-eine-bessere-welt-in-reichweite\\\/#article\",\"isPartOf\":{\"@id\":\"https:\\\/\\\/www.organisator.ch\\\/en\\\/general\\\/2018-10-08\\\/ist-eine-bessere-welt-in-reichweite\\\/\"},\"author\":{\"name\":\"thomas.berner\",\"@id\":\"https:\\\/\\\/www.organisator.ch\\\/#\\\/schema\\\/person\\\/6f650f90b2842cd4c0cc334b4e36f67e\"},\"headline\":\"Ist eine bessere Welt in Reichweite?\",\"datePublished\":\"2018-10-08T06:09:24+00:00\",\"mainEntityOfPage\":{\"@id\":\"https:\\\/\\\/www.organisator.ch\\\/en\\\/general\\\/2018-10-08\\\/ist-eine-bessere-welt-in-reichweite\\\/\"},\"wordCount\":564,\"commentCount\":0,\"publisher\":{\"@id\":\"https:\\\/\\\/www.organisator.ch\\\/#organization\"},\"image\":{\"@id\":\"https:\\\/\\\/www.organisator.ch\\\/en\\\/general\\\/2018-10-08\\\/ist-eine-bessere-welt-in-reichweite\\\/#primaryimage\"},\"thumbnailUrl\":\"https:\\\/\\\/www.organisator.ch\\\/wp-content\\\/uploads\\\/2018\\\/10\\\/Ist-eine-bessere-Welt-in-Reichweite_Organisator.jpg\",\"keywords\":[\"Fachkongress\\\/Fachmesse\",\"Forschung\",\"Startups\",\"Wissenschaft\"],\"articleSection\":[\"Allgemein\"],\"inLanguage\":\"en-US\"},{\"@type\":\"WebPage\",\"@id\":\"https:\\\/\\\/www.organisator.ch\\\/en\\\/general\\\/2018-10-08\\\/ist-eine-bessere-welt-in-reichweite\\\/\",\"url\":\"https:\\\/\\\/www.organisator.ch\\\/en\\\/general\\\/2018-10-08\\\/ist-eine-bessere-welt-in-reichweite\\\/\",\"name\":\"Ist eine bessere Welt in Reichweite? - Organisator\",\"isPartOf\":{\"@id\":\"https:\\\/\\\/www.organisator.ch\\\/#website\"},\"primaryImageOfPage\":{\"@id\":\"https:\\\/\\\/www.organisator.ch\\\/en\\\/general\\\/2018-10-08\\\/ist-eine-bessere-welt-in-reichweite\\\/#primaryimage\"},\"image\":{\"@id\":\"https:\\\/\\\/www.organisator.ch\\\/en\\\/general\\\/2018-10-08\\\/ist-eine-bessere-welt-in-reichweite\\\/#primaryimage\"},\"thumbnailUrl\":\"https:\\\/\\\/www.organisator.ch\\\/wp-content\\\/uploads\\\/2018\\\/10\\\/Ist-eine-bessere-Welt-in-Reichweite_Organisator.jpg\",\"datePublished\":\"2018-10-08T06:09:24+00:00\",\"description\":\"Wie kann der technologische Fortschritt dazu genutzt werden, die Ungleichheit in der Welt zu vermindern? Eine Konferenz suchte hierzu nach Antworten.\",\"breadcrumb\":{\"@id\":\"https:\\\/\\\/www.organisator.ch\\\/en\\\/general\\\/2018-10-08\\\/ist-eine-bessere-welt-in-reichweite\\\/#breadcrumb\"},\"inLanguage\":\"en-US\",\"potentialAction\":[{\"@type\":\"ReadAction\",\"target\":[\"https:\\\/\\\/www.organisator.ch\\\/en\\\/general\\\/2018-10-08\\\/ist-eine-bessere-welt-in-reichweite\\\/\"]}]},{\"@type\":\"ImageObject\",\"inLanguage\":\"en-US\",\"@id\":\"https:\\\/\\\/www.organisator.ch\\\/en\\\/general\\\/2018-10-08\\\/ist-eine-bessere-welt-in-reichweite\\\/#primaryimage\",\"url\":\"https:\\\/\\\/www.organisator.ch\\\/wp-content\\\/uploads\\\/2018\\\/10\\\/Ist-eine-bessere-Welt-in-Reichweite_Organisator.jpg\",\"contentUrl\":\"https:\\\/\\\/www.organisator.ch\\\/wp-content\\\/uploads\\\/2018\\\/10\\\/Ist-eine-bessere-Welt-in-Reichweite_Organisator.jpg\",\"width\":640,\"height\":452,\"caption\":\"Mit Nachdruck f\u00fcr eine bessere Welt: Mario El-khoury, CEO von CSEM, Peter Maurer, IKRK-Pr\u00e4sident. (Bild: zVg)\"},{\"@type\":\"BreadcrumbList\",\"@id\":\"https:\\\/\\\/www.organisator.ch\\\/en\\\/general\\\/2018-10-08\\\/ist-eine-bessere-welt-in-reichweite\\\/#breadcrumb\",\"itemListElement\":[{\"@type\":\"ListItem\",\"position\":1,\"name\":\"Home\",\"item\":\"https:\\\/\\\/www.organisator.ch\\\/\"},{\"@type\":\"ListItem\",\"position\":2,\"name\":\"Ist eine bessere Welt in Reichweite?\"}]},{\"@type\":\"WebSite\",\"@id\":\"https:\\\/\\\/www.organisator.ch\\\/#website\",\"url\":\"https:\\\/\\\/www.organisator.ch\\\/\",\"name\":\"Organisator\",\"description\":\"Kompetent. Praxisnah. Der ORGANISATOR bereitet in 10 Ausgaben pro Jahr die wesentlichen Themen f\u00fcr F\u00fchrungskr\u00e4fte von KMU auf.\",\"publisher\":{\"@id\":\"https:\\\/\\\/www.organisator.ch\\\/#organization\"},\"potentialAction\":[{\"@type\":\"SearchAction\",\"target\":{\"@type\":\"EntryPoint\",\"urlTemplate\":\"https:\\\/\\\/www.organisator.ch\\\/?s={search_term_string}\"},\"query-input\":{\"@type\":\"PropertyValueSpecification\",\"valueRequired\":true,\"valueName\":\"search_term_string\"}}],\"inLanguage\":\"en-US\"},{\"@type\":\"Organization\",\"@id\":\"https:\\\/\\\/www.organisator.ch\\\/#organization\",\"name\":\"Organisator\",\"url\":\"https:\\\/\\\/www.organisator.ch\\\/\",\"logo\":{\"@type\":\"ImageObject\",\"inLanguage\":\"en-US\",\"@id\":\"https:\\\/\\\/www.organisator.ch\\\/#\\\/schema\\\/logo\\\/image\\\/\",\"url\":\"https:\\\/\\\/www.organisator.ch\\\/wp-content\\\/uploads\\\/2022\\\/01\\\/Logo_Organisator_Website.png\",\"contentUrl\":\"https:\\\/\\\/www.organisator.ch\\\/wp-content\\\/uploads\\\/2022\\\/01\\\/Logo_Organisator_Website.png\",\"width\":800,\"height\":77,\"caption\":\"Organisator\"},\"image\":{\"@id\":\"https:\\\/\\\/www.organisator.ch\\\/#\\\/schema\\\/logo\\\/image\\\/\"},\"sameAs\":[\"https:\\\/\\\/www.facebook.com\\\/OrganisatorFachmagazin\",\"https:\\\/\\\/www.linkedin.com\\\/showcase\\\/organisator-das-magazin-fr-kmu\",\"https:\\\/\\\/www.xing.com\\\/news\\\/pages\\\/organisator-ch-695\",\"https:\\\/\\\/www.youtube.com\\\/channel\\\/UCGP2Sq0iWaZwT3BdIAQFYpw\"]},{\"@type\":\"Person\",\"@id\":\"https:\\\/\\\/www.organisator.ch\\\/#\\\/schema\\\/person\\\/6f650f90b2842cd4c0cc334b4e36f67e\",\"name\":\"thomas.berner\",\"image\":{\"@type\":\"ImageObject\",\"inLanguage\":\"en-US\",\"@id\":\"https:\\\/\\\/secure.gravatar.com\\\/avatar\\\/ac5001d2a36cb6c6cd3e50789007ffca834b477b74a2144564522e944eabff61?s=96&d=mm&r=g\",\"url\":\"https:\\\/\\\/secure.gravatar.com\\\/avatar\\\/ac5001d2a36cb6c6cd3e50789007ffca834b477b74a2144564522e944eabff61?s=96&d=mm&r=g\",\"contentUrl\":\"https:\\\/\\\/secure.gravatar.com\\\/avatar\\\/ac5001d2a36cb6c6cd3e50789007ffca834b477b74a2144564522e944eabff61?s=96&d=mm&r=g\",\"caption\":\"thomas.berner\"},\"url\":\"https:\\\/\\\/www.organisator.ch\\\/en\\\/author\\\/thomas-berner\\\/\"}]}<\/script>\n<!-- \/ Yoast SEO plugin. -->","yoast_head_json":{"title":"Is a better world within reach? - Organizer","description":"How can technological progress be used to reduce inequality in the world? A conference sought answers to this question.","robots":{"index":"index","follow":"follow","max-snippet":"max-snippet:-1","max-image-preview":"max-image-preview:large","max-video-preview":"max-video-preview:-1"},"canonical":"https:\/\/www.organisator.ch\/en\/general\/2018-10-08\/ist-eine-bessere-welt-in-reichweite\/","og_locale":"en_US","og_type":"article","og_title":"Ist eine bessere Welt in Reichweite?","og_description":"Wie kann der technologische Fortschritt dazu genutzt werden, die Ungleichheit in der Welt zu vermindern? Eine Konferenz suchte hierzu nach Antworten.","og_url":"https:\/\/www.organisator.ch\/en\/general\/2018-10-08\/ist-eine-bessere-welt-in-reichweite\/","og_site_name":"Organisator","article_publisher":"https:\/\/www.facebook.com\/OrganisatorFachmagazin","article_published_time":"2018-10-08T06:09:24+00:00","og_image":[{"width":640,"height":452,"url":"https:\/\/www.organisator.ch\/wp-content\/uploads\/2018\/10\/Ist-eine-bessere-Welt-in-Reichweite_Organisator.jpg","type":"image\/jpeg"}],"author":"thomas.berner","twitter_card":"summary_large_image","twitter_title":"Ist eine bessere Welt in #Reichweite?","twitter_description":"Wie kann der technologische #Fortschritt dazu genutzt werden, die Ungleichheit in der Welt zu vermindern? Eine Konferenz suchte hierzu nach Antworten.","twitter_image":"https:\/\/www.organisator.ch\/wp-content\/uploads\/2018\/10\/Ist-eine-bessere-Welt-in-Reichweite_Organisator.jpg","schema":{"@context":"https:\/\/schema.org","@graph":[{"@type":"Article","@id":"https:\/\/www.organisator.ch\/en\/general\/2018-10-08\/ist-eine-bessere-welt-in-reichweite\/#article","isPartOf":{"@id":"https:\/\/www.organisator.ch\/en\/general\/2018-10-08\/ist-eine-bessere-welt-in-reichweite\/"},"author":{"name":"thomas.berner","@id":"https:\/\/www.organisator.ch\/#\/schema\/person\/6f650f90b2842cd4c0cc334b4e36f67e"},"headline":"Ist eine bessere Welt in Reichweite?","datePublished":"2018-10-08T06:09:24+00:00","mainEntityOfPage":{"@id":"https:\/\/www.organisator.ch\/en\/general\/2018-10-08\/ist-eine-bessere-welt-in-reichweite\/"},"wordCount":564,"commentCount":0,"publisher":{"@id":"https:\/\/www.organisator.ch\/#organization"},"image":{"@id":"https:\/\/www.organisator.ch\/en\/general\/2018-10-08\/ist-eine-bessere-welt-in-reichweite\/#primaryimage"},"thumbnailUrl":"https:\/\/www.organisator.ch\/wp-content\/uploads\/2018\/10\/Ist-eine-bessere-Welt-in-Reichweite_Organisator.jpg","keywords":["Fachkongress\/Fachmesse","Forschung","Startups","Wissenschaft"],"articleSection":["Allgemein"],"inLanguage":"en-US"},{"@type":"WebPage","@id":"https:\/\/www.organisator.ch\/en\/general\/2018-10-08\/ist-eine-bessere-welt-in-reichweite\/","url":"https:\/\/www.organisator.ch\/en\/general\/2018-10-08\/ist-eine-bessere-welt-in-reichweite\/","name":"Is a better world within reach? - Organizer","isPartOf":{"@id":"https:\/\/www.organisator.ch\/#website"},"primaryImageOfPage":{"@id":"https:\/\/www.organisator.ch\/en\/general\/2018-10-08\/ist-eine-bessere-welt-in-reichweite\/#primaryimage"},"image":{"@id":"https:\/\/www.organisator.ch\/en\/general\/2018-10-08\/ist-eine-bessere-welt-in-reichweite\/#primaryimage"},"thumbnailUrl":"https:\/\/www.organisator.ch\/wp-content\/uploads\/2018\/10\/Ist-eine-bessere-Welt-in-Reichweite_Organisator.jpg","datePublished":"2018-10-08T06:09:24+00:00","description":"How can technological progress be used to reduce inequality in the world? A conference sought answers to this question.","breadcrumb":{"@id":"https:\/\/www.organisator.ch\/en\/general\/2018-10-08\/ist-eine-bessere-welt-in-reichweite\/#breadcrumb"},"inLanguage":"en-US","potentialAction":[{"@type":"ReadAction","target":["https:\/\/www.organisator.ch\/en\/general\/2018-10-08\/ist-eine-bessere-welt-in-reichweite\/"]}]},{"@type":"ImageObject","inLanguage":"en-US","@id":"https:\/\/www.organisator.ch\/en\/general\/2018-10-08\/ist-eine-bessere-welt-in-reichweite\/#primaryimage","url":"https:\/\/www.organisator.ch\/wp-content\/uploads\/2018\/10\/Ist-eine-bessere-Welt-in-Reichweite_Organisator.jpg","contentUrl":"https:\/\/www.organisator.ch\/wp-content\/uploads\/2018\/10\/Ist-eine-bessere-Welt-in-Reichweite_Organisator.jpg","width":640,"height":452,"caption":"Mit Nachdruck f\u00fcr eine bessere Welt: Mario El-khoury, CEO von CSEM, Peter Maurer, IKRK-Pr\u00e4sident. (Bild: zVg)"},{"@type":"BreadcrumbList","@id":"https:\/\/www.organisator.ch\/en\/general\/2018-10-08\/ist-eine-bessere-welt-in-reichweite\/#breadcrumb","itemListElement":[{"@type":"ListItem","position":1,"name":"Home","item":"https:\/\/www.organisator.ch\/"},{"@type":"ListItem","position":2,"name":"Ist eine bessere Welt in Reichweite?"}]},{"@type":"WebSite","@id":"https:\/\/www.organisator.ch\/#website","url":"https:\/\/www.organisator.ch\/","name":"Organizer","description":"Competent. Practical. In 10 issues per year, ORGANISATOR presents the essential topics for managers of SMEs.","publisher":{"@id":"https:\/\/www.organisator.ch\/#organization"},"potentialAction":[{"@type":"SearchAction","target":{"@type":"EntryPoint","urlTemplate":"https:\/\/www.organisator.ch\/?s={search_term_string}"},"query-input":{"@type":"PropertyValueSpecification","valueRequired":true,"valueName":"search_term_string"}}],"inLanguage":"en-US"},{"@type":"Organization","@id":"https:\/\/www.organisator.ch\/#organization","name":"Organizer","url":"https:\/\/www.organisator.ch\/","logo":{"@type":"ImageObject","inLanguage":"en-US","@id":"https:\/\/www.organisator.ch\/#\/schema\/logo\/image\/","url":"https:\/\/www.organisator.ch\/wp-content\/uploads\/2022\/01\/Logo_Organisator_Website.png","contentUrl":"https:\/\/www.organisator.ch\/wp-content\/uploads\/2022\/01\/Logo_Organisator_Website.png","width":800,"height":77,"caption":"Organisator"},"image":{"@id":"https:\/\/www.organisator.ch\/#\/schema\/logo\/image\/"},"sameAs":["https:\/\/www.facebook.com\/OrganisatorFachmagazin","https:\/\/www.linkedin.com\/showcase\/organisator-das-magazin-fr-kmu","https:\/\/www.xing.com\/news\/pages\/organisator-ch-695","https:\/\/www.youtube.com\/channel\/UCGP2Sq0iWaZwT3BdIAQFYpw"]},{"@type":"Person","@id":"https:\/\/www.organisator.ch\/#\/schema\/person\/6f650f90b2842cd4c0cc334b4e36f67e","name":"thomas.berner","image":{"@type":"ImageObject","inLanguage":"en-US","@id":"https:\/\/secure.gravatar.com\/avatar\/ac5001d2a36cb6c6cd3e50789007ffca834b477b74a2144564522e944eabff61?s=96&d=mm&r=g","url":"https:\/\/secure.gravatar.com\/avatar\/ac5001d2a36cb6c6cd3e50789007ffca834b477b74a2144564522e944eabff61?s=96&d=mm&r=g","contentUrl":"https:\/\/secure.gravatar.com\/avatar\/ac5001d2a36cb6c6cd3e50789007ffca834b477b74a2144564522e944eabff61?s=96&d=mm&r=g","caption":"thomas.berner"},"url":"https:\/\/www.organisator.ch\/en\/author\/thomas-berner\/"}]}},"_links":{"self":[{"href":"https:\/\/www.organisator.ch\/en\/wp-json\/wp\/v2\/posts\/4331","targetHints":{"allow":["GET"]}}],"collection":[{"href":"https:\/\/www.organisator.ch\/en\/wp-json\/wp\/v2\/posts"}],"about":[{"href":"https:\/\/www.organisator.ch\/en\/wp-json\/wp\/v2\/types\/post"}],"author":[{"embeddable":true,"href":"https:\/\/www.organisator.ch\/en\/wp-json\/wp\/v2\/users\/4"}],"replies":[{"embeddable":true,"href":"https:\/\/www.organisator.ch\/en\/wp-json\/wp\/v2\/comments?post=4331"}],"version-history":[{"count":0,"href":"https:\/\/www.organisator.ch\/en\/wp-json\/wp\/v2\/posts\/4331\/revisions"}],"wp:featuredmedia":[{"embeddable":true,"href":"https:\/\/www.organisator.ch\/en\/wp-json\/wp\/v2\/media\/4332"}],"wp:attachment":[{"href":"https:\/\/www.organisator.ch\/en\/wp-json\/wp\/v2\/media?parent=4331"}],"wp:term":[{"taxonomy":"category","embeddable":true,"href":"https:\/\/www.organisator.ch\/en\/wp-json\/wp\/v2\/categories?post=4331"},{"taxonomy":"post_tag","embeddable":true,"href":"https:\/\/www.organisator.ch\/en\/wp-json\/wp\/v2\/tags?post=4331"}],"curies":[{"name":"wp","href":"https:\/\/api.w.org\/{rel}","templated":true}]}}