{"id":4333,"date":"2021-06-07T09:07:44","date_gmt":"2021-06-07T07:07:44","guid":{"rendered":"https:\/\/www.umweltperspektiven.ch\/?p=4333"},"modified":"2021-06-07T09:07:44","modified_gmt":"2021-06-07T07:07:44","slug":"markt-nachhaltiger-anlagen-waechst-in-der-schweiz-erneut-zweistellig","status":"publish","type":"post","link":"https:\/\/www.organisator.ch\/en\/allgemein\/2021-06-07\/markt-nachhaltiger-anlagen-waechst-in-der-schweiz-erneut-zweistellig\/","title":{"rendered":"Switzerland: sustainable investments again show double-digit growth"},"content":{"rendered":"<p>&nbsp;<\/p>\n<p><img loading=\"lazy\" decoding=\"async\" class=\"aligncenter wp-image-4334 size-medium\" src=\"\/\/www.umweltperspektiven.ch\/wp-content\/uploads\/2021\/06\/Grafik.jpg\" alt=\"Swiss Sustainable Finance, sustainable investments\" width=\"680\" height=\"399\" srcset=\"https:\/\/www.organisator.ch\/wp-content\/uploads\/2021\/06\/Grafik.jpg 933w, https:\/\/www.organisator.ch\/wp-content\/uploads\/2021\/06\/Grafik-680x399.jpg 680w, https:\/\/www.organisator.ch\/wp-content\/uploads\/2021\/06\/Grafik-768x451.jpg 768w, https:\/\/www.organisator.ch\/wp-content\/uploads\/2021\/06\/Grafik-18x12.jpg 18w, https:\/\/www.organisator.ch\/wp-content\/uploads\/2021\/06\/Grafik-298x175.jpg 298w, https:\/\/www.organisator.ch\/wp-content\/uploads\/2021\/06\/Grafik-596x350.jpg 596w, https:\/\/www.organisator.ch\/wp-content\/uploads\/2021\/06\/Grafik-920x540.jpg 920w, https:\/\/www.organisator.ch\/wp-content\/uploads\/2021\/06\/Grafik-300x176.jpg 300w\" sizes=\"auto, (max-width: 680px) 100vw, 680px\" \/><\/p>\n<p>The renewed market growth of sustainable investments has been a major success, according to the recent survey by Swiss Sustainable Finance (<a href=\"\/\/www.sustainablefinance.ch\">SSF<\/a>) published study (cf. <a href=\"\/\/www.umweltperspektiven.ch\/wp-content\/uploads\/2021\/06\/SSF_2021_MS_D_Summary.pdf\">SSF_2021_MS_D_Summary<\/a>) is essentially attributable to two main factors: On the one hand, the increased use of sustainable investment approaches on existing assets and, on the other hand, the positive market performance in 2020, which is responsible for around one-third of the observed growth. Furthermore, inflows into existing sustainable funds contributed to growth, albeit to a lesser extent. The volume of sustainable funds increased by a proud 48 percent, accounting for more than half of the total Swiss fund market for the first time at 52 percent (2019: 38 percent). \"This is a success story that is also manifested in the rising sustainable investment volumes of institutional investors (+ 15 percent) or sustainable mandates (+ 29 percent),\" comments Sabine D\u00f6beli, CEO of SSF. Investment practices are also becoming more sophisticated: overall, 87 percent (2019: 83 percent) of total sustainable investment volumes combine two or more sustainable investment approaches.<\/p>\n<h2><strong>Impact investing gains in importance<\/strong><\/h2>\n<p>The market for sustainable investments is about to enter a third era. The financial industry refers to this development as \"Sustainable Finance 3.0\". Due to the fact that ESG criteria are now broadly integrated into the financial markets, investors are increasingly demanding a stronger focus on impact. This year's study also shows that investors are increasingly focusing on impact. For example, ESG engagement now ranks second thanks to the second strongest growth - an improvement on last year's third place. The impact investing category still has the highest growth rate of all sustainable investment approaches at 70 percent. The fact that investors are placing increasing emphasis on impact is also reflected in the measures they take when investment companies violate sustainable standards. Previously, this usually led to the exclusion of the company in question from the investment universe. In 2020, by contrast, the most common action taken by both asset managers and asset owners was to intervene and seek dialogue with the company in question. \"The dialog approach is far more effective in changing behavior than pure sales strategies,\" says Prof. Timo Busch, Senior Fellow at the CSP and co-author of the study.<\/p>\n<h2><strong>Sustainability certificates and labels as a guide<\/strong><\/h2>\n<p>Independent verification of investment processes is an important step on the way to creating transparency and trust. Fortunately, the acceptance of independent sustainability certificates and labels is increasing. While only six percent of reported sustainable funds were labeled with independently certified labels in the previous year, this share has more than quintupled as of the end of 2020, according to data. Specifically, 32 percent of the sustainable fund volume was certified by third parties (for example, FNG seal, GRESB, Label ISR, LuxFlag) last year. However, the process towards a uniform and binding definition of what exactly the label \"sustainable\" means is not yet complete and requires further efforts from market players, especially as investors expect more clarity and improved transparency on sustainable investments. SSF will therefore publish recommendations for transparency on the sustainability of portfolios in June, which were developed in collaboration with asset managers and institutional investors.<\/p>\n<p>The study was supported by the six main sponsors AXA, Kieger, Schroders, Swiss Life Asset Managers, UBS and Union Bancaire Priv\u00e9e (UBP), as well as the six secondary sponsors Amundi Asset Management, Banque Cantonale Vaudoise, Basellandschaftliche Kantonalbank, GAM Investments, Graub\u00fcndner Kantonalbank and swissQuant Group AG.<\/p>\n<p><em>Press release SSF<\/em><\/p>\n<p>&nbsp;<\/p>\n<p><em><strong>Other topics:<\/strong><\/em><\/p>\n<p><a href=\"\/\/www.umweltperspektiven.ch\/swiss-sustainable-funds-awards-2021-liste-der-nominierten\/\"><em>Swiss Sustainable Funds Awards 2021: List of nominees<\/em><\/a><\/p>","protected":false},"excerpt":{"rendered":"<p>&nbsp; Das erneute Marktwachstum von nachhaltigen Anlagen ist gem\u00e4ss der soeben\u00a0von Swiss Sustainable Finance (SSF) ver\u00f6ffentlichten Studie (vgl. SSF_2021_MS_D_Summary)\u00a0im Wesentlichen auf zwei Hauptfaktoren zur\u00fcckzuf\u00fchren: Einerseits auf den vermehrten Einsatz von nachhaltigen Anlageans\u00e4tzen auf bestehende Verm\u00f6gen und andererseits auf die positive Marktperformance im Jahr 2020, die f\u00fcr rund ein Drittel des beobachteten Wachstums verantwortlich ist. Weiter [&hellip;]<\/p>\n","protected":false},"author":6,"featured_media":9802,"comment_status":"closed","ping_status":"closed","sticky":false,"template":"","format":"standard","meta":{"_acf_changed":false,"_yoast_wpseo_focuskw":"nachhaltige Anlagen","_yoast_wpseo_metadesc":"Der Markt f\u00fcr nachhaltige Anlagen ist 2020 erneut zweistellig gewachsen, wenn auch nicht mehr im gleichen Ausmass wie im Vorjahr.","articlekey":"","footnotes":""},"categories":[1],"tags":[903,1200,1201,1756,2175,460,2263],"class_list":["post-4333","post","type-post","status-publish","format-standard","has-post-thumbnail","hentry","category-allgemein","tag-center-for-sustainable-finance-and-private-wealth","tag-fng","tag-fng-label","tag-nachhaltige-anlagen","tag-ssf","tag-studien","tag-swiss-sustainable-finance"],"acf":[],"yoast_head":"<!-- This site is optimized with the Yoast SEO plugin v27.5 - https:\/\/yoast.com\/product\/yoast-seo-wordpress\/ -->\n<title>markt-nachhaltiger-anlagen<\/title>\n<meta name=\"description\" content=\"Der Markt f\u00fcr nachhaltige Anlagen ist 2020 erneut zweistellig gewachsen, wenn auch nicht mehr im gleichen Ausmass wie im Vorjahr.\" \/>\n<meta name=\"robots\" content=\"index, follow, max-snippet:-1, max-image-preview:large, max-video-preview:-1\" \/>\n<link rel=\"canonical\" href=\"https:\/\/www.organisator.ch\/en\/general\/2021-06-07\/markt-nachhaltiger-anlagen-waechst-in-der-schweiz-erneut-zweistellig\/\" \/>\n<meta property=\"og:locale\" content=\"en_US\" \/>\n<meta property=\"og:type\" content=\"article\" \/>\n<meta property=\"og:title\" content=\"markt-nachhaltiger-anlagen\" \/>\n<meta property=\"og:description\" content=\"Der Markt f\u00fcr nachhaltige Anlagen ist 2020 erneut zweistellig gewachsen, wenn auch nicht mehr im gleichen Ausmass wie im Vorjahr.\" \/>\n<meta property=\"og:url\" content=\"https:\/\/www.organisator.ch\/en\/general\/2021-06-07\/markt-nachhaltiger-anlagen-waechst-in-der-schweiz-erneut-zweistellig\/\" \/>\n<meta property=\"og:site_name\" content=\"Organisator\" \/>\n<meta property=\"article:publisher\" content=\"https:\/\/www.facebook.com\/OrganisatorFachmagazin\" \/>\n<meta property=\"article:published_time\" content=\"2021-06-07T07:07:44+00:00\" \/>\n<meta property=\"og:image\" content=\"https:\/\/www.organisator.ch\/wp-content\/uploads\/2021\/06\/Depositphotos_380706418_s-2019.jpg\" \/>\n\t<meta property=\"og:image:width\" content=\"1000\" \/>\n\t<meta property=\"og:image:height\" content=\"668\" \/>\n\t<meta property=\"og:image:type\" content=\"image\/jpeg\" \/>\n<meta name=\"author\" content=\"roger.straessle\" \/>\n<meta name=\"twitter:card\" content=\"summary_large_image\" \/>\n<script type=\"application\/ld+json\" class=\"yoast-schema-graph\">{\"@context\":\"https:\\\/\\\/schema.org\",\"@graph\":[{\"@type\":\"Article\",\"@id\":\"https:\\\/\\\/www.organisator.ch\\\/en\\\/general\\\/2021-06-07\\\/markt-nachhaltiger-anlagen-waechst-in-der-schweiz-erneut-zweistellig\\\/#article\",\"isPartOf\":{\"@id\":\"https:\\\/\\\/www.organisator.ch\\\/en\\\/general\\\/2021-06-07\\\/markt-nachhaltiger-anlagen-waechst-in-der-schweiz-erneut-zweistellig\\\/\"},\"author\":{\"name\":\"roger.straessle\",\"@id\":\"https:\\\/\\\/www.organisator.ch\\\/#\\\/schema\\\/person\\\/a800b8c54e208b160517a7dcc323161d\"},\"headline\":\"Schweiz: nachhaltige Anlagen wachsen erneut zweistellig\",\"datePublished\":\"2021-06-07T07:07:44+00:00\",\"mainEntityOfPage\":{\"@id\":\"https:\\\/\\\/www.organisator.ch\\\/en\\\/general\\\/2021-06-07\\\/markt-nachhaltiger-anlagen-waechst-in-der-schweiz-erneut-zweistellig\\\/\"},\"wordCount\":568,\"publisher\":{\"@id\":\"https:\\\/\\\/www.organisator.ch\\\/#organization\"},\"image\":{\"@id\":\"https:\\\/\\\/www.organisator.ch\\\/en\\\/general\\\/2021-06-07\\\/markt-nachhaltiger-anlagen-waechst-in-der-schweiz-erneut-zweistellig\\\/#primaryimage\"},\"thumbnailUrl\":\"https:\\\/\\\/www.organisator.ch\\\/wp-content\\\/uploads\\\/2021\\\/06\\\/Depositphotos_380706418_s-2019.jpg\",\"keywords\":[\"Center for Sustainable Finance and Private Wealth\",\"FNG\",\"FNG-Label\",\"nachhaltige Anlagen\",\"SSF\",\"Studien\",\"Swiss Sustainable Finance\"],\"articleSection\":[\"Allgemein\"],\"inLanguage\":\"en-US\"},{\"@type\":\"WebPage\",\"@id\":\"https:\\\/\\\/www.organisator.ch\\\/en\\\/general\\\/2021-06-07\\\/markt-nachhaltiger-anlagen-waechst-in-der-schweiz-erneut-zweistellig\\\/\",\"url\":\"https:\\\/\\\/www.organisator.ch\\\/en\\\/general\\\/2021-06-07\\\/markt-nachhaltiger-anlagen-waechst-in-der-schweiz-erneut-zweistellig\\\/\",\"name\":\"markt-nachhaltiger-anlagen\",\"isPartOf\":{\"@id\":\"https:\\\/\\\/www.organisator.ch\\\/#website\"},\"primaryImageOfPage\":{\"@id\":\"https:\\\/\\\/www.organisator.ch\\\/en\\\/general\\\/2021-06-07\\\/markt-nachhaltiger-anlagen-waechst-in-der-schweiz-erneut-zweistellig\\\/#primaryimage\"},\"image\":{\"@id\":\"https:\\\/\\\/www.organisator.ch\\\/en\\\/general\\\/2021-06-07\\\/markt-nachhaltiger-anlagen-waechst-in-der-schweiz-erneut-zweistellig\\\/#primaryimage\"},\"thumbnailUrl\":\"https:\\\/\\\/www.organisator.ch\\\/wp-content\\\/uploads\\\/2021\\\/06\\\/Depositphotos_380706418_s-2019.jpg\",\"datePublished\":\"2021-06-07T07:07:44+00:00\",\"description\":\"Der Markt f\u00fcr nachhaltige Anlagen ist 2020 erneut zweistellig gewachsen, wenn auch nicht mehr im gleichen Ausmass wie im Vorjahr.\",\"breadcrumb\":{\"@id\":\"https:\\\/\\\/www.organisator.ch\\\/en\\\/general\\\/2021-06-07\\\/markt-nachhaltiger-anlagen-waechst-in-der-schweiz-erneut-zweistellig\\\/#breadcrumb\"},\"inLanguage\":\"en-US\",\"potentialAction\":[{\"@type\":\"ReadAction\",\"target\":[\"https:\\\/\\\/www.organisator.ch\\\/en\\\/general\\\/2021-06-07\\\/markt-nachhaltiger-anlagen-waechst-in-der-schweiz-erneut-zweistellig\\\/\"]}]},{\"@type\":\"ImageObject\",\"inLanguage\":\"en-US\",\"@id\":\"https:\\\/\\\/www.organisator.ch\\\/en\\\/general\\\/2021-06-07\\\/markt-nachhaltiger-anlagen-waechst-in-der-schweiz-erneut-zweistellig\\\/#primaryimage\",\"url\":\"https:\\\/\\\/www.organisator.ch\\\/wp-content\\\/uploads\\\/2021\\\/06\\\/Depositphotos_380706418_s-2019.jpg\",\"contentUrl\":\"https:\\\/\\\/www.organisator.ch\\\/wp-content\\\/uploads\\\/2021\\\/06\\\/Depositphotos_380706418_s-2019.jpg\",\"width\":1000,\"height\":668,\"caption\":\"\u00a9 Depositphotos, Elnur_\"},{\"@type\":\"BreadcrumbList\",\"@id\":\"https:\\\/\\\/www.organisator.ch\\\/en\\\/general\\\/2021-06-07\\\/markt-nachhaltiger-anlagen-waechst-in-der-schweiz-erneut-zweistellig\\\/#breadcrumb\",\"itemListElement\":[{\"@type\":\"ListItem\",\"position\":1,\"name\":\"Home\",\"item\":\"https:\\\/\\\/www.organisator.ch\\\/\"},{\"@type\":\"ListItem\",\"position\":2,\"name\":\"Schweiz: nachhaltige Anlagen wachsen erneut zweistellig\"}]},{\"@type\":\"WebSite\",\"@id\":\"https:\\\/\\\/www.organisator.ch\\\/#website\",\"url\":\"https:\\\/\\\/www.organisator.ch\\\/\",\"name\":\"Organisator\",\"description\":\"Kompetent. Praxisnah. Der ORGANISATOR bereitet in 10 Ausgaben pro Jahr die wesentlichen Themen f\u00fcr F\u00fchrungskr\u00e4fte von KMU auf.\",\"publisher\":{\"@id\":\"https:\\\/\\\/www.organisator.ch\\\/#organization\"},\"potentialAction\":[{\"@type\":\"SearchAction\",\"target\":{\"@type\":\"EntryPoint\",\"urlTemplate\":\"https:\\\/\\\/www.organisator.ch\\\/?s={search_term_string}\"},\"query-input\":{\"@type\":\"PropertyValueSpecification\",\"valueRequired\":true,\"valueName\":\"search_term_string\"}}],\"inLanguage\":\"en-US\"},{\"@type\":\"Organization\",\"@id\":\"https:\\\/\\\/www.organisator.ch\\\/#organization\",\"name\":\"Organisator\",\"url\":\"https:\\\/\\\/www.organisator.ch\\\/\",\"logo\":{\"@type\":\"ImageObject\",\"inLanguage\":\"en-US\",\"@id\":\"https:\\\/\\\/www.organisator.ch\\\/#\\\/schema\\\/logo\\\/image\\\/\",\"url\":\"https:\\\/\\\/www.organisator.ch\\\/wp-content\\\/uploads\\\/2022\\\/01\\\/Logo_Organisator_Website.png\",\"contentUrl\":\"https:\\\/\\\/www.organisator.ch\\\/wp-content\\\/uploads\\\/2022\\\/01\\\/Logo_Organisator_Website.png\",\"width\":800,\"height\":77,\"caption\":\"Organisator\"},\"image\":{\"@id\":\"https:\\\/\\\/www.organisator.ch\\\/#\\\/schema\\\/logo\\\/image\\\/\"},\"sameAs\":[\"https:\\\/\\\/www.facebook.com\\\/OrganisatorFachmagazin\",\"https:\\\/\\\/www.linkedin.com\\\/showcase\\\/organisator-das-magazin-fr-kmu\",\"https:\\\/\\\/www.xing.com\\\/news\\\/pages\\\/organisator-ch-695\",\"https:\\\/\\\/www.youtube.com\\\/channel\\\/UCGP2Sq0iWaZwT3BdIAQFYpw\"]},{\"@type\":\"Person\",\"@id\":\"https:\\\/\\\/www.organisator.ch\\\/#\\\/schema\\\/person\\\/a800b8c54e208b160517a7dcc323161d\",\"name\":\"roger.straessle\",\"image\":{\"@type\":\"ImageObject\",\"inLanguage\":\"en-US\",\"@id\":\"https:\\\/\\\/secure.gravatar.com\\\/avatar\\\/?s=96&d=mm&r=g\",\"url\":\"https:\\\/\\\/secure.gravatar.com\\\/avatar\\\/?s=96&d=mm&r=g\",\"contentUrl\":\"https:\\\/\\\/secure.gravatar.com\\\/avatar\\\/?s=96&d=mm&r=g\",\"caption\":\"roger.straessle\"},\"url\":\"https:\\\/\\\/www.organisator.ch\\\/en\\\/author\\\/roger-straessle\\\/\"}]}<\/script>\n<!-- \/ Yoast SEO plugin. -->","yoast_head_json":{"title":"market-sustainable-assets","description":"The market for sustainable investments again grew at a double-digit rate in 2020, although not to the same extent as in the previous year.","robots":{"index":"index","follow":"follow","max-snippet":"max-snippet:-1","max-image-preview":"max-image-preview:large","max-video-preview":"max-video-preview:-1"},"canonical":"https:\/\/www.organisator.ch\/en\/general\/2021-06-07\/markt-nachhaltiger-anlagen-waechst-in-der-schweiz-erneut-zweistellig\/","og_locale":"en_US","og_type":"article","og_title":"markt-nachhaltiger-anlagen","og_description":"Der Markt f\u00fcr nachhaltige Anlagen ist 2020 erneut zweistellig gewachsen, wenn auch nicht mehr im gleichen Ausmass wie im Vorjahr.","og_url":"https:\/\/www.organisator.ch\/en\/general\/2021-06-07\/markt-nachhaltiger-anlagen-waechst-in-der-schweiz-erneut-zweistellig\/","og_site_name":"Organisator","article_publisher":"https:\/\/www.facebook.com\/OrganisatorFachmagazin","article_published_time":"2021-06-07T07:07:44+00:00","og_image":[{"width":1000,"height":668,"url":"https:\/\/www.organisator.ch\/wp-content\/uploads\/2021\/06\/Depositphotos_380706418_s-2019.jpg","type":"image\/jpeg"}],"author":"roger.straessle","twitter_card":"summary_large_image","schema":{"@context":"https:\/\/schema.org","@graph":[{"@type":"Article","@id":"https:\/\/www.organisator.ch\/en\/general\/2021-06-07\/markt-nachhaltiger-anlagen-waechst-in-der-schweiz-erneut-zweistellig\/#article","isPartOf":{"@id":"https:\/\/www.organisator.ch\/en\/general\/2021-06-07\/markt-nachhaltiger-anlagen-waechst-in-der-schweiz-erneut-zweistellig\/"},"author":{"name":"roger.straessle","@id":"https:\/\/www.organisator.ch\/#\/schema\/person\/a800b8c54e208b160517a7dcc323161d"},"headline":"Schweiz: nachhaltige Anlagen wachsen erneut zweistellig","datePublished":"2021-06-07T07:07:44+00:00","mainEntityOfPage":{"@id":"https:\/\/www.organisator.ch\/en\/general\/2021-06-07\/markt-nachhaltiger-anlagen-waechst-in-der-schweiz-erneut-zweistellig\/"},"wordCount":568,"publisher":{"@id":"https:\/\/www.organisator.ch\/#organization"},"image":{"@id":"https:\/\/www.organisator.ch\/en\/general\/2021-06-07\/markt-nachhaltiger-anlagen-waechst-in-der-schweiz-erneut-zweistellig\/#primaryimage"},"thumbnailUrl":"https:\/\/www.organisator.ch\/wp-content\/uploads\/2021\/06\/Depositphotos_380706418_s-2019.jpg","keywords":["Center for Sustainable Finance and Private Wealth","FNG","FNG-Label","nachhaltige Anlagen","SSF","Studien","Swiss Sustainable Finance"],"articleSection":["Allgemein"],"inLanguage":"en-US"},{"@type":"WebPage","@id":"https:\/\/www.organisator.ch\/en\/general\/2021-06-07\/markt-nachhaltiger-anlagen-waechst-in-der-schweiz-erneut-zweistellig\/","url":"https:\/\/www.organisator.ch\/en\/general\/2021-06-07\/markt-nachhaltiger-anlagen-waechst-in-der-schweiz-erneut-zweistellig\/","name":"market-sustainable-assets","isPartOf":{"@id":"https:\/\/www.organisator.ch\/#website"},"primaryImageOfPage":{"@id":"https:\/\/www.organisator.ch\/en\/general\/2021-06-07\/markt-nachhaltiger-anlagen-waechst-in-der-schweiz-erneut-zweistellig\/#primaryimage"},"image":{"@id":"https:\/\/www.organisator.ch\/en\/general\/2021-06-07\/markt-nachhaltiger-anlagen-waechst-in-der-schweiz-erneut-zweistellig\/#primaryimage"},"thumbnailUrl":"https:\/\/www.organisator.ch\/wp-content\/uploads\/2021\/06\/Depositphotos_380706418_s-2019.jpg","datePublished":"2021-06-07T07:07:44+00:00","description":"The market for sustainable investments again grew at a double-digit rate in 2020, although not to the same extent as in the previous year.","breadcrumb":{"@id":"https:\/\/www.organisator.ch\/en\/general\/2021-06-07\/markt-nachhaltiger-anlagen-waechst-in-der-schweiz-erneut-zweistellig\/#breadcrumb"},"inLanguage":"en-US","potentialAction":[{"@type":"ReadAction","target":["https:\/\/www.organisator.ch\/en\/general\/2021-06-07\/markt-nachhaltiger-anlagen-waechst-in-der-schweiz-erneut-zweistellig\/"]}]},{"@type":"ImageObject","inLanguage":"en-US","@id":"https:\/\/www.organisator.ch\/en\/general\/2021-06-07\/markt-nachhaltiger-anlagen-waechst-in-der-schweiz-erneut-zweistellig\/#primaryimage","url":"https:\/\/www.organisator.ch\/wp-content\/uploads\/2021\/06\/Depositphotos_380706418_s-2019.jpg","contentUrl":"https:\/\/www.organisator.ch\/wp-content\/uploads\/2021\/06\/Depositphotos_380706418_s-2019.jpg","width":1000,"height":668,"caption":"\u00a9 Depositphotos, Elnur_"},{"@type":"BreadcrumbList","@id":"https:\/\/www.organisator.ch\/en\/general\/2021-06-07\/markt-nachhaltiger-anlagen-waechst-in-der-schweiz-erneut-zweistellig\/#breadcrumb","itemListElement":[{"@type":"ListItem","position":1,"name":"Home","item":"https:\/\/www.organisator.ch\/"},{"@type":"ListItem","position":2,"name":"Schweiz: nachhaltige Anlagen wachsen erneut zweistellig"}]},{"@type":"WebSite","@id":"https:\/\/www.organisator.ch\/#website","url":"https:\/\/www.organisator.ch\/","name":"Organizer","description":"Competent. Practical. In 10 issues per year, ORGANISATOR presents the essential topics for managers of SMEs.","publisher":{"@id":"https:\/\/www.organisator.ch\/#organization"},"potentialAction":[{"@type":"SearchAction","target":{"@type":"EntryPoint","urlTemplate":"https:\/\/www.organisator.ch\/?s={search_term_string}"},"query-input":{"@type":"PropertyValueSpecification","valueRequired":true,"valueName":"search_term_string"}}],"inLanguage":"en-US"},{"@type":"Organization","@id":"https:\/\/www.organisator.ch\/#organization","name":"Organizer","url":"https:\/\/www.organisator.ch\/","logo":{"@type":"ImageObject","inLanguage":"en-US","@id":"https:\/\/www.organisator.ch\/#\/schema\/logo\/image\/","url":"https:\/\/www.organisator.ch\/wp-content\/uploads\/2022\/01\/Logo_Organisator_Website.png","contentUrl":"https:\/\/www.organisator.ch\/wp-content\/uploads\/2022\/01\/Logo_Organisator_Website.png","width":800,"height":77,"caption":"Organisator"},"image":{"@id":"https:\/\/www.organisator.ch\/#\/schema\/logo\/image\/"},"sameAs":["https:\/\/www.facebook.com\/OrganisatorFachmagazin","https:\/\/www.linkedin.com\/showcase\/organisator-das-magazin-fr-kmu","https:\/\/www.xing.com\/news\/pages\/organisator-ch-695","https:\/\/www.youtube.com\/channel\/UCGP2Sq0iWaZwT3BdIAQFYpw"]},{"@type":"Person","@id":"https:\/\/www.organisator.ch\/#\/schema\/person\/a800b8c54e208b160517a7dcc323161d","name":"roger.straessle","image":{"@type":"ImageObject","inLanguage":"en-US","@id":"https:\/\/secure.gravatar.com\/avatar\/?s=96&d=mm&r=g","url":"https:\/\/secure.gravatar.com\/avatar\/?s=96&d=mm&r=g","contentUrl":"https:\/\/secure.gravatar.com\/avatar\/?s=96&d=mm&r=g","caption":"roger.straessle"},"url":"https:\/\/www.organisator.ch\/en\/author\/roger-straessle\/"}]}},"_links":{"self":[{"href":"https:\/\/www.organisator.ch\/en\/wp-json\/wp\/v2\/posts\/4333","targetHints":{"allow":["GET"]}}],"collection":[{"href":"https:\/\/www.organisator.ch\/en\/wp-json\/wp\/v2\/posts"}],"about":[{"href":"https:\/\/www.organisator.ch\/en\/wp-json\/wp\/v2\/types\/post"}],"author":[{"embeddable":true,"href":"https:\/\/www.organisator.ch\/en\/wp-json\/wp\/v2\/users\/6"}],"replies":[{"embeddable":true,"href":"https:\/\/www.organisator.ch\/en\/wp-json\/wp\/v2\/comments?post=4333"}],"version-history":[{"count":0,"href":"https:\/\/www.organisator.ch\/en\/wp-json\/wp\/v2\/posts\/4333\/revisions"}],"wp:featuredmedia":[{"embeddable":true,"href":"https:\/\/www.organisator.ch\/en\/wp-json\/wp\/v2\/media\/9802"}],"wp:attachment":[{"href":"https:\/\/www.organisator.ch\/en\/wp-json\/wp\/v2\/media?parent=4333"}],"wp:term":[{"taxonomy":"category","embeddable":true,"href":"https:\/\/www.organisator.ch\/en\/wp-json\/wp\/v2\/categories?post=4333"},{"taxonomy":"post_tag","embeddable":true,"href":"https:\/\/www.organisator.ch\/en\/wp-json\/wp\/v2\/tags?post=4333"}],"curies":[{"name":"wp","href":"https:\/\/api.w.org\/{rel}","templated":true}]}}