{"id":4342,"date":"2018-10-09T15:45:04","date_gmt":"2018-10-09T13:45:04","guid":{"rendered":"https:\/\/www.organisator.ch\/?p=4342"},"modified":"2018-10-09T15:45:04","modified_gmt":"2018-10-09T13:45:04","slug":"125-jahre-sko-fuehrung-4-0-alles-aendert-sich","status":"publish","type":"post","link":"https:\/\/www.organisator.ch\/en\/allgemein\/2018-10-09\/125-jahre-sko-fuehrung-4-0-alles-aendert-sich\/","title":{"rendered":"125 years of SKO: Leadership 4.0 - Everything changes?"},"content":{"rendered":"<figure id=\"attachment_4343\" aria-describedby=\"caption-attachment-4343\" style=\"width: 640px\" class=\"wp-caption alignnone\"><img loading=\"lazy\" decoding=\"async\" class=\"size-full wp-image-4343\" src=\"https:\/\/www.organisator.ch\/wp-content\/uploads\/2018\/10\/125-Jahre-SKO-Fuehrung-4.0-Alles-aendert-sich_Organisator.jpg\" alt=\"\" width=\"640\" height=\"246\" srcset=\"https:\/\/www.organisator.ch\/wp-content\/uploads\/2018\/10\/125-Jahre-SKO-Fuehrung-4.0-Alles-aendert-sich_Organisator.jpg 640w, https:\/\/www.organisator.ch\/wp-content\/uploads\/2018\/10\/125-Jahre-SKO-Fuehrung-4.0-Alles-aendert-sich_Organisator-16x6.jpg 16w, https:\/\/www.organisator.ch\/wp-content\/uploads\/2018\/10\/125-Jahre-SKO-Fuehrung-4.0-Alles-aendert-sich_Organisator-375x144.jpg 375w, https:\/\/www.organisator.ch\/wp-content\/uploads\/2018\/10\/125-Jahre-SKO-Fuehrung-4.0-Alles-aendert-sich_Organisator-300x115.jpg 300w\" sizes=\"auto, (max-width: 640px) 100vw, 640px\" \/><figcaption id=\"caption-attachment-4343\" class=\"wp-caption-text\">From October 30 to November 6, 2018, the Swiss Cadre Organization SKO will celebrate its 125th anniversary - with an exhibition and with lectures.<\/figcaption><\/figure>\n<p>The SKO has tradition and weight: founded in 1893 as the \"Schweizerischer Werkmeister-Verband\", it now has 11,000 members. The association is active throughout Switzerland and is independent of party politics. It sees itself as a competence center for managers in all sectors and offers its members numerous services in the areas of continuing education, career services, legal advice, and financial and insurance services.<\/p>\n<h2>SKO Anniversary Event<\/h2>\n<p>Within the framework of the 125th anniversary of the SKO with the motto <a href=\"http:\/\/www.swissleaders.org\/\">\"Leadership - the Swiss Way<\/a>\", competent panelists will address the \"Future of Leadership Switzerland\". Visit the exhibition and discuss with Prof. Dr. Stephanie Kaudela-Baum, Prof. Christoph Negri as well as the two leaders of the digitalized world, Marc Blindenbacher, Swisscom, and Mathias Brenner, Sherpany, on the topic of <strong>\"Leadership 4.0 - Everything is changing?\".<\/strong><\/p>\n<p>The only constant is change, not only in the age of digitalization. What is changing for future leadership? What remains the same? Where do employees find orientation and support in complex, dynamic structures? What are the biggest challenges and success factors for today's leaders?<\/p>\n<p>Join in the discussion, network and be inspired by the portraits of the 24 personalities at the subsequent vernissage of the SKO anniversary exhibition, which will show what makes Swiss leadership special. And what is needed to position Switzerland as a country of opportunity in the future.<\/p>\n<h2>Program<\/h2>\n<ul>\n<li>17.30 Admission and welcome drink, opening of the exhibition<\/li>\n<li>18.00 Welcome by Peter Scheidegger, Member of the Association Management SKO<\/li>\n<li>6.10 p.m. Keynote speeches by Prof. Dr. Stephanie Kaudela-Baum, Head of CC General Management at HSLU and Prof. Dr. Christoph Negri, Head of IAP Institute for Applied Psychology Zurich<\/li>\n<li>19.15 Panel discussion with Prof. Dr. Stephanie Kaudela-Baum, Prof. Dr. Christoph Negri, Marc Blindenbacher, Swisscom and Mathias Brenner, Sherpany, chaired by Sunnie Groeneveld<\/li>\n<li>from 20.00 Vernissage exhibition and networking aperitif<\/li>\n<\/ul>\n<p><a href=\"https:\/\/www.sko.ch\/veranstaltungen\/125-jahr-an-sko-asc\/125-jahre-sko-fuehrung-4-0-alles-aendert-sich-20181106\"><strong><em>Secure your place now!<\/em><\/strong><\/a><\/p>","protected":false},"excerpt":{"rendered":"<p>Die SKO hat Tradition und Gewicht: 1893 als \u00abSchweizerischer Werkmeister-Verband\u00bb gegr\u00fcndet, z\u00e4hlt sie heute 11\u2018000 Mitglieder. Der Verband ist gesamtschweizerisch t\u00e4tig und parteipolitisch unabh\u00e4ngig.\u00a0Er versteht sich als Kompetenzzentrum f\u00fcr F\u00fchrungskr\u00e4fte aller Branchen und offeriert ihren Mitgliedern zahlreiche Angebote in den Bereichen Weiterbildung, Karriere-Service, Rechtsberatung sowie Finanz- und Versicherungsdienstleistungen. SKO-Jubil\u00e4umsanlass Im Rahmen des 125-Jahre Jubil\u00e4ums der [&hellip;]<\/p>\n","protected":false},"author":4,"featured_media":4343,"comment_status":"open","ping_status":"open","sticky":false,"template":"","format":"standard","meta":{"_acf_changed":false,"_yoast_wpseo_focuskw":"SKO","_yoast_wpseo_metadesc":"Vom 30. Oktober bis zum 6. November 2018 feiert die Schweizer Kader Organisation SKO ihr 125-Jahr-Jubil\u00e4um in Luzern.","articlekey":"","footnotes":""},"categories":[1],"tags":[292,502,503,508],"class_list":["post-4342","post","type-post","status-publish","format-standard","has-post-thumbnail","hentry","category-allgemein","tag-jubilaeum","tag-veranstaltungen","tag-verbaende","tag-vermischtes"],"acf":[],"yoast_head":"<!-- This site is optimized with the Yoast SEO plugin v27.5 - https:\/\/yoast.com\/product\/yoast-seo-wordpress\/ -->\n<title>125 Jahre SKO: F\u00fchrung 4.0 \u2013 Alles \u00e4ndert sich? - Organisator<\/title>\n<meta name=\"description\" content=\"Vom 30. Oktober bis zum 6. November 2018 feiert die Schweizer Kader Organisation SKO ihr 125-Jahr-Jubil\u00e4um in Luzern.\" \/>\n<meta name=\"robots\" content=\"index, follow, max-snippet:-1, max-image-preview:large, max-video-preview:-1\" \/>\n<link rel=\"canonical\" href=\"https:\/\/www.organisator.ch\/en\/general\/2018-10-09\/125-jahre-sko-fuehrung-4-0-alles-aendert-sich\/\" \/>\n<meta property=\"og:locale\" content=\"en_US\" \/>\n<meta property=\"og:type\" content=\"article\" \/>\n<meta property=\"og:title\" content=\"125 Jahre SKO: F\u00fchrung 4.0 \u2013 Alles \u00e4ndert sich?\" \/>\n<meta property=\"og:description\" content=\"Vom 30. Oktober bis zum 6. November 2018 feiert die Schweizer Kader Organisation SKO ihr 125-Jahr-Jubil\u00e4um in Luzern.\" \/>\n<meta property=\"og:url\" content=\"https:\/\/www.organisator.ch\/en\/general\/2018-10-09\/125-jahre-sko-fuehrung-4-0-alles-aendert-sich\/\" \/>\n<meta property=\"og:site_name\" content=\"Organisator\" \/>\n<meta property=\"article:publisher\" content=\"https:\/\/www.facebook.com\/OrganisatorFachmagazin\" \/>\n<meta property=\"article:published_time\" content=\"2018-10-09T13:45:04+00:00\" \/>\n<meta property=\"og:image\" content=\"https:\/\/www.organisator.ch\/wp-content\/uploads\/2018\/10\/125-Jahre-SKO-Fuehrung-4.0-Alles-aendert-sich_Organisator.jpg\" \/>\n\t<meta property=\"og:image:width\" content=\"640\" \/>\n\t<meta property=\"og:image:height\" content=\"246\" \/>\n\t<meta property=\"og:image:type\" content=\"image\/jpeg\" \/>\n<meta name=\"author\" content=\"thomas.berner\" \/>\n<meta name=\"twitter:card\" content=\"summary_large_image\" \/>\n<meta name=\"twitter:title\" content=\"125 Jahre #SKO: F\u00fchrung 4.0 \u2013 Alles \u00e4ndert sich?\" \/>\n<meta name=\"twitter:description\" content=\"Vom 30. Oktober bis zum 6. November 2018 feiert die Schweizer Kader Organisation #SKO ihr 125-Jahr-Jubil\u00e4um in Luzern.\" \/>\n<meta name=\"twitter:image\" content=\"https:\/\/www.organisator.ch\/wp-content\/uploads\/2018\/10\/125-Jahre-SKO-F\u00fchrung-4.0-Alles-\u00e4ndert-sich_Organisator.jpg\" \/>\n<script type=\"application\/ld+json\" class=\"yoast-schema-graph\">{\"@context\":\"https:\\\/\\\/schema.org\",\"@graph\":[{\"@type\":\"Article\",\"@id\":\"https:\\\/\\\/www.organisator.ch\\\/en\\\/general\\\/2018-10-09\\\/125-jahre-sko-fuehrung-4-0-alles-aendert-sich\\\/#article\",\"isPartOf\":{\"@id\":\"https:\\\/\\\/www.organisator.ch\\\/en\\\/general\\\/2018-10-09\\\/125-jahre-sko-fuehrung-4-0-alles-aendert-sich\\\/\"},\"author\":{\"name\":\"thomas.berner\",\"@id\":\"https:\\\/\\\/www.organisator.ch\\\/#\\\/schema\\\/person\\\/6f650f90b2842cd4c0cc334b4e36f67e\"},\"headline\":\"125 Jahre SKO: F\u00fchrung 4.0 \u2013 Alles \u00e4ndert sich?\",\"datePublished\":\"2018-10-09T13:45:04+00:00\",\"mainEntityOfPage\":{\"@id\":\"https:\\\/\\\/www.organisator.ch\\\/en\\\/general\\\/2018-10-09\\\/125-jahre-sko-fuehrung-4-0-alles-aendert-sich\\\/\"},\"wordCount\":332,\"commentCount\":0,\"publisher\":{\"@id\":\"https:\\\/\\\/www.organisator.ch\\\/#organization\"},\"image\":{\"@id\":\"https:\\\/\\\/www.organisator.ch\\\/en\\\/general\\\/2018-10-09\\\/125-jahre-sko-fuehrung-4-0-alles-aendert-sich\\\/#primaryimage\"},\"thumbnailUrl\":\"https:\\\/\\\/www.organisator.ch\\\/wp-content\\\/uploads\\\/2018\\\/10\\\/125-Jahre-SKO-Fuehrung-4.0-Alles-aendert-sich_Organisator.jpg\",\"keywords\":[\"Jubil\u00e4um\",\"Veranstaltungen\",\"Verb\u00e4nde\",\"Vermischtes\"],\"articleSection\":[\"Allgemein\"],\"inLanguage\":\"en-US\"},{\"@type\":\"WebPage\",\"@id\":\"https:\\\/\\\/www.organisator.ch\\\/en\\\/general\\\/2018-10-09\\\/125-jahre-sko-fuehrung-4-0-alles-aendert-sich\\\/\",\"url\":\"https:\\\/\\\/www.organisator.ch\\\/en\\\/general\\\/2018-10-09\\\/125-jahre-sko-fuehrung-4-0-alles-aendert-sich\\\/\",\"name\":\"125 Jahre SKO: F\u00fchrung 4.0 \u2013 Alles \u00e4ndert sich? - Organisator\",\"isPartOf\":{\"@id\":\"https:\\\/\\\/www.organisator.ch\\\/#website\"},\"primaryImageOfPage\":{\"@id\":\"https:\\\/\\\/www.organisator.ch\\\/en\\\/general\\\/2018-10-09\\\/125-jahre-sko-fuehrung-4-0-alles-aendert-sich\\\/#primaryimage\"},\"image\":{\"@id\":\"https:\\\/\\\/www.organisator.ch\\\/en\\\/general\\\/2018-10-09\\\/125-jahre-sko-fuehrung-4-0-alles-aendert-sich\\\/#primaryimage\"},\"thumbnailUrl\":\"https:\\\/\\\/www.organisator.ch\\\/wp-content\\\/uploads\\\/2018\\\/10\\\/125-Jahre-SKO-Fuehrung-4.0-Alles-aendert-sich_Organisator.jpg\",\"datePublished\":\"2018-10-09T13:45:04+00:00\",\"description\":\"Vom 30. Oktober bis zum 6. November 2018 feiert die Schweizer Kader Organisation SKO ihr 125-Jahr-Jubil\u00e4um in Luzern.\",\"breadcrumb\":{\"@id\":\"https:\\\/\\\/www.organisator.ch\\\/en\\\/general\\\/2018-10-09\\\/125-jahre-sko-fuehrung-4-0-alles-aendert-sich\\\/#breadcrumb\"},\"inLanguage\":\"en-US\",\"potentialAction\":[{\"@type\":\"ReadAction\",\"target\":[\"https:\\\/\\\/www.organisator.ch\\\/en\\\/general\\\/2018-10-09\\\/125-jahre-sko-fuehrung-4-0-alles-aendert-sich\\\/\"]}]},{\"@type\":\"ImageObject\",\"inLanguage\":\"en-US\",\"@id\":\"https:\\\/\\\/www.organisator.ch\\\/en\\\/general\\\/2018-10-09\\\/125-jahre-sko-fuehrung-4-0-alles-aendert-sich\\\/#primaryimage\",\"url\":\"https:\\\/\\\/www.organisator.ch\\\/wp-content\\\/uploads\\\/2018\\\/10\\\/125-Jahre-SKO-Fuehrung-4.0-Alles-aendert-sich_Organisator.jpg\",\"contentUrl\":\"https:\\\/\\\/www.organisator.ch\\\/wp-content\\\/uploads\\\/2018\\\/10\\\/125-Jahre-SKO-Fuehrung-4.0-Alles-aendert-sich_Organisator.jpg\",\"width\":640,\"height\":246,\"caption\":\"Vom 30. Oktober bis 6. November 2018 feiert die Schweizer Kader Organisation SKO ihr 125-j\u00e4hriges Bestehen - mit einer Ausstellung und mit Vortr\u00e4gen.\"},{\"@type\":\"BreadcrumbList\",\"@id\":\"https:\\\/\\\/www.organisator.ch\\\/en\\\/general\\\/2018-10-09\\\/125-jahre-sko-fuehrung-4-0-alles-aendert-sich\\\/#breadcrumb\",\"itemListElement\":[{\"@type\":\"ListItem\",\"position\":1,\"name\":\"Home\",\"item\":\"https:\\\/\\\/www.organisator.ch\\\/\"},{\"@type\":\"ListItem\",\"position\":2,\"name\":\"125 Jahre SKO: F\u00fchrung 4.0 \u2013 Alles \u00e4ndert sich?\"}]},{\"@type\":\"WebSite\",\"@id\":\"https:\\\/\\\/www.organisator.ch\\\/#website\",\"url\":\"https:\\\/\\\/www.organisator.ch\\\/\",\"name\":\"Organisator\",\"description\":\"Kompetent. Praxisnah. Der ORGANISATOR bereitet in 10 Ausgaben pro Jahr die wesentlichen Themen f\u00fcr F\u00fchrungskr\u00e4fte von KMU auf.\",\"publisher\":{\"@id\":\"https:\\\/\\\/www.organisator.ch\\\/#organization\"},\"potentialAction\":[{\"@type\":\"SearchAction\",\"target\":{\"@type\":\"EntryPoint\",\"urlTemplate\":\"https:\\\/\\\/www.organisator.ch\\\/?s={search_term_string}\"},\"query-input\":{\"@type\":\"PropertyValueSpecification\",\"valueRequired\":true,\"valueName\":\"search_term_string\"}}],\"inLanguage\":\"en-US\"},{\"@type\":\"Organization\",\"@id\":\"https:\\\/\\\/www.organisator.ch\\\/#organization\",\"name\":\"Organisator\",\"url\":\"https:\\\/\\\/www.organisator.ch\\\/\",\"logo\":{\"@type\":\"ImageObject\",\"inLanguage\":\"en-US\",\"@id\":\"https:\\\/\\\/www.organisator.ch\\\/#\\\/schema\\\/logo\\\/image\\\/\",\"url\":\"https:\\\/\\\/www.organisator.ch\\\/wp-content\\\/uploads\\\/2022\\\/01\\\/Logo_Organisator_Website.png\",\"contentUrl\":\"https:\\\/\\\/www.organisator.ch\\\/wp-content\\\/uploads\\\/2022\\\/01\\\/Logo_Organisator_Website.png\",\"width\":800,\"height\":77,\"caption\":\"Organisator\"},\"image\":{\"@id\":\"https:\\\/\\\/www.organisator.ch\\\/#\\\/schema\\\/logo\\\/image\\\/\"},\"sameAs\":[\"https:\\\/\\\/www.facebook.com\\\/OrganisatorFachmagazin\",\"https:\\\/\\\/www.linkedin.com\\\/showcase\\\/organisator-das-magazin-fr-kmu\",\"https:\\\/\\\/www.xing.com\\\/news\\\/pages\\\/organisator-ch-695\",\"https:\\\/\\\/www.youtube.com\\\/channel\\\/UCGP2Sq0iWaZwT3BdIAQFYpw\"]},{\"@type\":\"Person\",\"@id\":\"https:\\\/\\\/www.organisator.ch\\\/#\\\/schema\\\/person\\\/6f650f90b2842cd4c0cc334b4e36f67e\",\"name\":\"thomas.berner\",\"image\":{\"@type\":\"ImageObject\",\"inLanguage\":\"en-US\",\"@id\":\"https:\\\/\\\/secure.gravatar.com\\\/avatar\\\/ac5001d2a36cb6c6cd3e50789007ffca834b477b74a2144564522e944eabff61?s=96&d=mm&r=g\",\"url\":\"https:\\\/\\\/secure.gravatar.com\\\/avatar\\\/ac5001d2a36cb6c6cd3e50789007ffca834b477b74a2144564522e944eabff61?s=96&d=mm&r=g\",\"contentUrl\":\"https:\\\/\\\/secure.gravatar.com\\\/avatar\\\/ac5001d2a36cb6c6cd3e50789007ffca834b477b74a2144564522e944eabff61?s=96&d=mm&r=g\",\"caption\":\"thomas.berner\"},\"url\":\"https:\\\/\\\/www.organisator.ch\\\/en\\\/author\\\/thomas-berner\\\/\"}]}<\/script>\n<!-- \/ Yoast SEO plugin. -->","yoast_head_json":{"title":"125 years of SKO: Leadership 4.0 - Everything changes? - Organizer","description":"From October 30 to November 6, 2018, the Swiss Cadre Organization SKO will celebrate its 125th anniversary in Lucerne.","robots":{"index":"index","follow":"follow","max-snippet":"max-snippet:-1","max-image-preview":"max-image-preview:large","max-video-preview":"max-video-preview:-1"},"canonical":"https:\/\/www.organisator.ch\/en\/general\/2018-10-09\/125-jahre-sko-fuehrung-4-0-alles-aendert-sich\/","og_locale":"en_US","og_type":"article","og_title":"125 Jahre SKO: F\u00fchrung 4.0 \u2013 Alles \u00e4ndert sich?","og_description":"Vom 30. Oktober bis zum 6. November 2018 feiert die Schweizer Kader Organisation SKO ihr 125-Jahr-Jubil\u00e4um in Luzern.","og_url":"https:\/\/www.organisator.ch\/en\/general\/2018-10-09\/125-jahre-sko-fuehrung-4-0-alles-aendert-sich\/","og_site_name":"Organisator","article_publisher":"https:\/\/www.facebook.com\/OrganisatorFachmagazin","article_published_time":"2018-10-09T13:45:04+00:00","og_image":[{"width":640,"height":246,"url":"https:\/\/www.organisator.ch\/wp-content\/uploads\/2018\/10\/125-Jahre-SKO-Fuehrung-4.0-Alles-aendert-sich_Organisator.jpg","type":"image\/jpeg"}],"author":"thomas.berner","twitter_card":"summary_large_image","twitter_title":"125 Jahre #SKO: F\u00fchrung 4.0 \u2013 Alles \u00e4ndert sich?","twitter_description":"Vom 30. Oktober bis zum 6. November 2018 feiert die Schweizer Kader Organisation #SKO ihr 125-Jahr-Jubil\u00e4um in Luzern.","twitter_image":"https:\/\/www.organisator.ch\/wp-content\/uploads\/2018\/10\/125-Jahre-SKO-F\u00fchrung-4.0-Alles-\u00e4ndert-sich_Organisator.jpg","schema":{"@context":"https:\/\/schema.org","@graph":[{"@type":"Article","@id":"https:\/\/www.organisator.ch\/en\/general\/2018-10-09\/125-jahre-sko-fuehrung-4-0-alles-aendert-sich\/#article","isPartOf":{"@id":"https:\/\/www.organisator.ch\/en\/general\/2018-10-09\/125-jahre-sko-fuehrung-4-0-alles-aendert-sich\/"},"author":{"name":"thomas.berner","@id":"https:\/\/www.organisator.ch\/#\/schema\/person\/6f650f90b2842cd4c0cc334b4e36f67e"},"headline":"125 Jahre SKO: F\u00fchrung 4.0 \u2013 Alles \u00e4ndert sich?","datePublished":"2018-10-09T13:45:04+00:00","mainEntityOfPage":{"@id":"https:\/\/www.organisator.ch\/en\/general\/2018-10-09\/125-jahre-sko-fuehrung-4-0-alles-aendert-sich\/"},"wordCount":332,"commentCount":0,"publisher":{"@id":"https:\/\/www.organisator.ch\/#organization"},"image":{"@id":"https:\/\/www.organisator.ch\/en\/general\/2018-10-09\/125-jahre-sko-fuehrung-4-0-alles-aendert-sich\/#primaryimage"},"thumbnailUrl":"https:\/\/www.organisator.ch\/wp-content\/uploads\/2018\/10\/125-Jahre-SKO-Fuehrung-4.0-Alles-aendert-sich_Organisator.jpg","keywords":["Jubil\u00e4um","Veranstaltungen","Verb\u00e4nde","Vermischtes"],"articleSection":["Allgemein"],"inLanguage":"en-US"},{"@type":"WebPage","@id":"https:\/\/www.organisator.ch\/en\/general\/2018-10-09\/125-jahre-sko-fuehrung-4-0-alles-aendert-sich\/","url":"https:\/\/www.organisator.ch\/en\/general\/2018-10-09\/125-jahre-sko-fuehrung-4-0-alles-aendert-sich\/","name":"125 years of SKO: Leadership 4.0 - Everything changes? - Organizer","isPartOf":{"@id":"https:\/\/www.organisator.ch\/#website"},"primaryImageOfPage":{"@id":"https:\/\/www.organisator.ch\/en\/general\/2018-10-09\/125-jahre-sko-fuehrung-4-0-alles-aendert-sich\/#primaryimage"},"image":{"@id":"https:\/\/www.organisator.ch\/en\/general\/2018-10-09\/125-jahre-sko-fuehrung-4-0-alles-aendert-sich\/#primaryimage"},"thumbnailUrl":"https:\/\/www.organisator.ch\/wp-content\/uploads\/2018\/10\/125-Jahre-SKO-Fuehrung-4.0-Alles-aendert-sich_Organisator.jpg","datePublished":"2018-10-09T13:45:04+00:00","description":"From October 30 to November 6, 2018, the Swiss Cadre Organization SKO will celebrate its 125th anniversary in Lucerne.","breadcrumb":{"@id":"https:\/\/www.organisator.ch\/en\/general\/2018-10-09\/125-jahre-sko-fuehrung-4-0-alles-aendert-sich\/#breadcrumb"},"inLanguage":"en-US","potentialAction":[{"@type":"ReadAction","target":["https:\/\/www.organisator.ch\/en\/general\/2018-10-09\/125-jahre-sko-fuehrung-4-0-alles-aendert-sich\/"]}]},{"@type":"ImageObject","inLanguage":"en-US","@id":"https:\/\/www.organisator.ch\/en\/general\/2018-10-09\/125-jahre-sko-fuehrung-4-0-alles-aendert-sich\/#primaryimage","url":"https:\/\/www.organisator.ch\/wp-content\/uploads\/2018\/10\/125-Jahre-SKO-Fuehrung-4.0-Alles-aendert-sich_Organisator.jpg","contentUrl":"https:\/\/www.organisator.ch\/wp-content\/uploads\/2018\/10\/125-Jahre-SKO-Fuehrung-4.0-Alles-aendert-sich_Organisator.jpg","width":640,"height":246,"caption":"Vom 30. Oktober bis 6. November 2018 feiert die Schweizer Kader Organisation SKO ihr 125-j\u00e4hriges Bestehen - mit einer Ausstellung und mit Vortr\u00e4gen."},{"@type":"BreadcrumbList","@id":"https:\/\/www.organisator.ch\/en\/general\/2018-10-09\/125-jahre-sko-fuehrung-4-0-alles-aendert-sich\/#breadcrumb","itemListElement":[{"@type":"ListItem","position":1,"name":"Home","item":"https:\/\/www.organisator.ch\/"},{"@type":"ListItem","position":2,"name":"125 Jahre SKO: F\u00fchrung 4.0 \u2013 Alles \u00e4ndert sich?"}]},{"@type":"WebSite","@id":"https:\/\/www.organisator.ch\/#website","url":"https:\/\/www.organisator.ch\/","name":"Organizer","description":"Competent. Practical. In 10 issues per year, ORGANISATOR presents the essential topics for managers of SMEs.","publisher":{"@id":"https:\/\/www.organisator.ch\/#organization"},"potentialAction":[{"@type":"SearchAction","target":{"@type":"EntryPoint","urlTemplate":"https:\/\/www.organisator.ch\/?s={search_term_string}"},"query-input":{"@type":"PropertyValueSpecification","valueRequired":true,"valueName":"search_term_string"}}],"inLanguage":"en-US"},{"@type":"Organization","@id":"https:\/\/www.organisator.ch\/#organization","name":"Organizer","url":"https:\/\/www.organisator.ch\/","logo":{"@type":"ImageObject","inLanguage":"en-US","@id":"https:\/\/www.organisator.ch\/#\/schema\/logo\/image\/","url":"https:\/\/www.organisator.ch\/wp-content\/uploads\/2022\/01\/Logo_Organisator_Website.png","contentUrl":"https:\/\/www.organisator.ch\/wp-content\/uploads\/2022\/01\/Logo_Organisator_Website.png","width":800,"height":77,"caption":"Organisator"},"image":{"@id":"https:\/\/www.organisator.ch\/#\/schema\/logo\/image\/"},"sameAs":["https:\/\/www.facebook.com\/OrganisatorFachmagazin","https:\/\/www.linkedin.com\/showcase\/organisator-das-magazin-fr-kmu","https:\/\/www.xing.com\/news\/pages\/organisator-ch-695","https:\/\/www.youtube.com\/channel\/UCGP2Sq0iWaZwT3BdIAQFYpw"]},{"@type":"Person","@id":"https:\/\/www.organisator.ch\/#\/schema\/person\/6f650f90b2842cd4c0cc334b4e36f67e","name":"thomas.berner","image":{"@type":"ImageObject","inLanguage":"en-US","@id":"https:\/\/secure.gravatar.com\/avatar\/ac5001d2a36cb6c6cd3e50789007ffca834b477b74a2144564522e944eabff61?s=96&d=mm&r=g","url":"https:\/\/secure.gravatar.com\/avatar\/ac5001d2a36cb6c6cd3e50789007ffca834b477b74a2144564522e944eabff61?s=96&d=mm&r=g","contentUrl":"https:\/\/secure.gravatar.com\/avatar\/ac5001d2a36cb6c6cd3e50789007ffca834b477b74a2144564522e944eabff61?s=96&d=mm&r=g","caption":"thomas.berner"},"url":"https:\/\/www.organisator.ch\/en\/author\/thomas-berner\/"}]}},"_links":{"self":[{"href":"https:\/\/www.organisator.ch\/en\/wp-json\/wp\/v2\/posts\/4342","targetHints":{"allow":["GET"]}}],"collection":[{"href":"https:\/\/www.organisator.ch\/en\/wp-json\/wp\/v2\/posts"}],"about":[{"href":"https:\/\/www.organisator.ch\/en\/wp-json\/wp\/v2\/types\/post"}],"author":[{"embeddable":true,"href":"https:\/\/www.organisator.ch\/en\/wp-json\/wp\/v2\/users\/4"}],"replies":[{"embeddable":true,"href":"https:\/\/www.organisator.ch\/en\/wp-json\/wp\/v2\/comments?post=4342"}],"version-history":[{"count":0,"href":"https:\/\/www.organisator.ch\/en\/wp-json\/wp\/v2\/posts\/4342\/revisions"}],"wp:featuredmedia":[{"embeddable":true,"href":"https:\/\/www.organisator.ch\/en\/wp-json\/wp\/v2\/media\/4343"}],"wp:attachment":[{"href":"https:\/\/www.organisator.ch\/en\/wp-json\/wp\/v2\/media?parent=4342"}],"wp:term":[{"taxonomy":"category","embeddable":true,"href":"https:\/\/www.organisator.ch\/en\/wp-json\/wp\/v2\/categories?post=4342"},{"taxonomy":"post_tag","embeddable":true,"href":"https:\/\/www.organisator.ch\/en\/wp-json\/wp\/v2\/tags?post=4342"}],"curies":[{"name":"wp","href":"https:\/\/api.w.org\/{rel}","templated":true}]}}