{"id":43447,"date":"2026-01-21T13:12:36","date_gmt":"2026-01-21T12:12:36","guid":{"rendered":"https:\/\/www.organisator.ch\/de\/?p=43447"},"modified":"2026-01-21T13:12:36","modified_gmt":"2026-01-21T12:12:36","slug":"harbourvest-partners-staerkt-fuehrung-in-der-schweiz-und-im-private-wealth-geschaeft","status":"publish","type":"post","link":"https:\/\/www.organisator.ch\/en\/management\/2026-01-21\/harbourvest-partners-staerkt-fuehrung-in-der-schweiz-und-im-private-wealth-geschaeft\/","title":{"rendered":"HarbourVest Partners strengthens leadership in Switzerland and in the private wealth business"},"content":{"rendered":"<figure>\n<figure style=\"width: 900px\" class=\"wp-caption alignnone\"><img loading=\"lazy\" decoding=\"async\" src=\"https:\/\/www.organisator.ch\/wp-content\/uploads\/2026\/01\/Daniel-Signer.jpg\" alt=\"Daniel Signer, Head of HarbourVest Switzerland\" width=\"900\" height=\"1200\" \/><figcaption class=\"wp-caption-text\">Daniel Signer will take over the management of HarbourVest Switzerland from January 1, 2026 Source: zvg<\/figcaption><\/figure><br \/>\n<\/figure>\n<p>HarbourVest Partners is underlining its commitment to further growth in the EMEA region and in the Private Wealth segment with two strategic personnel decisions. The globally active private markets investment company manages assets of over USD 146 billion as of June 30, 2025.<\/p>\n<h3>Daniel Signer heads HarbourVest Switzerland<\/h3>\n<p>As of January 1, 2026, Daniel Signer will take over the role of Head of HarbourVest Switzerland, based in Zurich. Signer joined HarbourVest in 2024 to develop the institutional market in Switzerland and will be responsible for the further expansion of the company across wealth and institutional clients.<\/p>\n<p>Signer will be supported by an experienced team, including Alexander Eschmann, who will continue to head the Private Wealth Switzerland division, and Taraneh Ahrabian, Head of Family Offices for the DACH region.<\/p>\n<p>\u00abSwitzerland is a key market for HarbourVest and it is a great honor for me to take over the management of our Swiss location,\u00bb says Daniel Signer. \u00abI look forward to further strengthening our local presence, deepening relationships in the region and driving sustainable growth.\u00bb<\/p>\n<h3>Ivan Pascual takes over EMEA private wealth business<\/h3>\n<figure>\n<figure style=\"width: 481px\" class=\"wp-caption alignnone\"><img loading=\"lazy\" decoding=\"async\" src=\"https:\/\/www.organisator.ch\/wp-content\/uploads\/2026\/01\/Ivan-Pascual.jpg\" alt=\"Ivan Pascual, Head of Private Wealth EMEA\" width=\"481\" height=\"640\" \/><figcaption class=\"wp-caption-text\">Ivan Pascual is leading the next phase of growth for HarbourVest's private wealth business. Source: zvg<\/figcaption><\/figure><br \/>\n<\/figure>\n<p>Ivan Pascual, based in London, will lead the next phase of growth for HarbourVest's rapidly expanding private wealth business - a core strategic area for the firm as more and more wealth clients seek access to institutional private markets solutions. His focus will be on further expanding collaboration with wealth managers, private banks, multi-family offices and other partners in the ecosystem. Pascual will report to Venu Krishnamurthy, Head of Global Private Wealth.<\/p>\n<p>Pascual has more than 25 years of experience in the financial services industry. Prior to joining HarbourVest, he was Head of Wealth Client Business EMEA at BlackRock, where he drove growth across all asset classes and product lines during a period of rapid innovation and changing client needs.<\/p>\n<p>\u00abI am delighted to be joining HarbourVest at such a pivotal moment,\u00bb says Ivan Pascual. \u00abThe company combines deep private markets expertise with a dynamically growing wealth ecosystem. Switzerland remains a key global wealth hub and together with our team in Zurich, we are ideally positioned to address the needs of the wealth market through evergreen structures, closed-end funds and scalable portfolio solutions.\u00bb<\/p>\n<h3>Successor to Simon Jennings<\/h3>\n<p>Daniel Signer and Ivan Pascual succeed Simon Jennings, who took over the role of Senior Advisor at the end of 2025 after eight years in a senior position at HarbourVest.<\/p>\n<p>\u00abThanks to their extensive expertise, Daniel and Ivan are excellently positioned to drive our further growth in the EMEA region and the wealth market,\u00bb says David Atterbury, Head of EMEA at HarbourVest. \u00abSimon has been instrumental in building our wealth business and establishing a strong presence in Switzerland. We would like to thank him for his extraordinary efforts.\u00bb<\/p>\n<h3>40 years of commitment in Switzerland<\/h3>\n<p>HarbourVest has been active in Switzerland for 40 years, investing in the country and managing significant capital across borders for investors such as pension funds, insurance companies, asset managers, private banks and family offices. In 2024, HarbourVest opened an office in Zurich - its fifth in the EMEA region - underlining its long-term commitment to institutional and private wealth clients in Switzerland.<\/p>\n<p>HarbourVest is an independent, global private markets investment firm with over 43 years of experience and more than $146 billion in assets under management as of June 30, 2025. The integrated platform provides access to global primary funds, secondary transactions, direct co-investments, real assets and infrastructure, and private credit. HarbourVest's strengths span multiple strategies and are supported by a team of more than 1,270 employees, including over 230 investment professionals in Asia, Europe and the Americas.<\/p>\n<p><em>Source: <a href=\"https:\/\/www.harbourvest.com\/\">HarbourVest<\/a><\/em><\/p>","protected":false},"excerpt":{"rendered":"<p>HarbourVest Partners, a leading global private markets investment firm with over USD 146 billion in assets under management, announces two key appointments. Daniel Signer will take over as Head of HarbourVest Switzerland in Zurich from January 1, 2026, while Ivan Pascual will lead the rapidly expanding private wealth business in the EMEA region.<\/p>","protected":false},"author":107,"featured_media":43446,"comment_status":"closed","ping_status":"closed","sticky":false,"template":"","format":"standard","meta":{"_acf_changed":false,"_yoast_wpseo_focuskw":"HarbourVest Partners Schweiz","_yoast_wpseo_metadesc":"HarbourVest Partners ernennt Daniel Signer zum Head Schweiz und Ivan Pascual zum Head Private Wealth EMEA.","articlekey":"","footnotes":""},"categories":[28],"tags":[5777,381,5778,492],"class_list":["post-43447","post","type-post","status-publish","format-standard","has-post-thumbnail","hentry","category-management","tag-finanzdienstleistungen","tag-personalia","tag-private-wealth","tag-unternehmen"],"acf":[],"yoast_head":"<!-- This site is optimized with the Yoast SEO plugin v27.5 - https:\/\/yoast.com\/product\/yoast-seo-wordpress\/ -->\n<title>HarbourVest Partners st\u00e4rkt F\u00fchrung in der Schweiz und im Private-Wealth-Gesch\u00e4ft - Organisator<\/title>\n<meta name=\"description\" content=\"HarbourVest Partners ernennt Daniel Signer zum Head Schweiz und Ivan Pascual zum Head Private Wealth EMEA.\" \/>\n<meta name=\"robots\" content=\"index, follow, max-snippet:-1, max-image-preview:large, max-video-preview:-1\" \/>\n<link rel=\"canonical\" href=\"https:\/\/www.organisator.ch\/en\/management\/2026-01-21\/harbourvest-partners-staerkt-fuehrung-in-der-schweiz-und-im-private-wealth-geschaeft\/\" \/>\n<meta property=\"og:locale\" content=\"en_US\" \/>\n<meta property=\"og:type\" content=\"article\" \/>\n<meta property=\"og:title\" content=\"HarbourVest Partners st\u00e4rkt F\u00fchrung in der Schweiz und im Private-Wealth-Gesch\u00e4ft\" \/>\n<meta property=\"og:description\" content=\"HarbourVest Partners ernennt Daniel Signer zum Head Schweiz und Ivan Pascual zum Head Private Wealth EMEA.\" \/>\n<meta property=\"og:url\" content=\"https:\/\/www.organisator.ch\/en\/management\/2026-01-21\/harbourvest-partners-staerkt-fuehrung-in-der-schweiz-und-im-private-wealth-geschaeft\/\" \/>\n<meta property=\"og:site_name\" content=\"Organisator\" \/>\n<meta property=\"article:publisher\" content=\"https:\/\/www.facebook.com\/OrganisatorFachmagazin\" \/>\n<meta property=\"article:published_time\" content=\"2026-01-21T12:12:36+00:00\" \/>\n<meta property=\"og:image\" content=\"https:\/\/www.organisator.ch\/wp-content\/uploads\/2026\/01\/Daniel-Signer.jpg\" \/>\n\t<meta property=\"og:image:width\" content=\"900\" \/>\n\t<meta property=\"og:image:height\" content=\"1200\" \/>\n\t<meta property=\"og:image:type\" content=\"image\/jpeg\" \/>\n<meta name=\"author\" content=\"n8n\" \/>\n<meta name=\"twitter:card\" content=\"summary_large_image\" \/>\n<meta name=\"twitter:title\" content=\"#HarbourVest Partners st\u00e4rkt F\u00fchrung in der Schweiz und im #Private-Wealth-Gesch\u00e4ft\" \/>\n<meta name=\"twitter:description\" content=\"#HarbourVest Partners ernennt Daniel Signer zum Head Schweiz und Ivan Pascual zum Head Private Wealth #EMEA.\" \/>\n<meta name=\"twitter:image\" content=\"https:\/\/www.organisator.ch\/wp-content\/uploads\/2026\/01\/Daniel-Signer.jpg\" \/>\n<script type=\"application\/ld+json\" class=\"yoast-schema-graph\">{\"@context\":\"https:\\\/\\\/schema.org\",\"@graph\":[{\"@type\":\"Article\",\"@id\":\"https:\\\/\\\/www.organisator.ch\\\/management\\\/2026-01-21\\\/harbourvest-partners-staerkt-fuehrung-in-der-schweiz-und-im-private-wealth-geschaeft\\\/#article\",\"isPartOf\":{\"@id\":\"https:\\\/\\\/www.organisator.ch\\\/management\\\/2026-01-21\\\/harbourvest-partners-staerkt-fuehrung-in-der-schweiz-und-im-private-wealth-geschaeft\\\/\"},\"author\":{\"name\":\"n8n\",\"@id\":\"https:\\\/\\\/www.organisator.ch\\\/#\\\/schema\\\/person\\\/a9d0e0eff238db87a8f840f3b50359f0\"},\"headline\":\"HarbourVest Partners st\u00e4rkt F\u00fchrung in der Schweiz und im Private-Wealth-Gesch\u00e4ft\",\"datePublished\":\"2026-01-21T12:12:36+00:00\",\"mainEntityOfPage\":{\"@id\":\"https:\\\/\\\/www.organisator.ch\\\/management\\\/2026-01-21\\\/harbourvest-partners-staerkt-fuehrung-in-der-schweiz-und-im-private-wealth-geschaeft\\\/\"},\"wordCount\":632,\"publisher\":{\"@id\":\"https:\\\/\\\/www.organisator.ch\\\/#organization\"},\"image\":{\"@id\":\"https:\\\/\\\/www.organisator.ch\\\/management\\\/2026-01-21\\\/harbourvest-partners-staerkt-fuehrung-in-der-schweiz-und-im-private-wealth-geschaeft\\\/#primaryimage\"},\"thumbnailUrl\":\"https:\\\/\\\/www.organisator.ch\\\/wp-content\\\/uploads\\\/2026\\\/01\\\/Daniel-Signer.jpg\",\"keywords\":[\"Finanzdienstleistungen\",\"Personalia\",\"Private Wealth\",\"Unternehmen\"],\"articleSection\":[\"MANAGEMENT\"],\"inLanguage\":\"en-US\"},{\"@type\":\"WebPage\",\"@id\":\"https:\\\/\\\/www.organisator.ch\\\/management\\\/2026-01-21\\\/harbourvest-partners-staerkt-fuehrung-in-der-schweiz-und-im-private-wealth-geschaeft\\\/\",\"url\":\"https:\\\/\\\/www.organisator.ch\\\/management\\\/2026-01-21\\\/harbourvest-partners-staerkt-fuehrung-in-der-schweiz-und-im-private-wealth-geschaeft\\\/\",\"name\":\"HarbourVest Partners st\u00e4rkt F\u00fchrung in der Schweiz und im Private-Wealth-Gesch\u00e4ft - Organisator\",\"isPartOf\":{\"@id\":\"https:\\\/\\\/www.organisator.ch\\\/#website\"},\"primaryImageOfPage\":{\"@id\":\"https:\\\/\\\/www.organisator.ch\\\/management\\\/2026-01-21\\\/harbourvest-partners-staerkt-fuehrung-in-der-schweiz-und-im-private-wealth-geschaeft\\\/#primaryimage\"},\"image\":{\"@id\":\"https:\\\/\\\/www.organisator.ch\\\/management\\\/2026-01-21\\\/harbourvest-partners-staerkt-fuehrung-in-der-schweiz-und-im-private-wealth-geschaeft\\\/#primaryimage\"},\"thumbnailUrl\":\"https:\\\/\\\/www.organisator.ch\\\/wp-content\\\/uploads\\\/2026\\\/01\\\/Daniel-Signer.jpg\",\"datePublished\":\"2026-01-21T12:12:36+00:00\",\"description\":\"HarbourVest Partners ernennt Daniel Signer zum Head Schweiz und Ivan Pascual zum Head Private Wealth EMEA.\",\"breadcrumb\":{\"@id\":\"https:\\\/\\\/www.organisator.ch\\\/management\\\/2026-01-21\\\/harbourvest-partners-staerkt-fuehrung-in-der-schweiz-und-im-private-wealth-geschaeft\\\/#breadcrumb\"},\"inLanguage\":\"en-US\",\"potentialAction\":[{\"@type\":\"ReadAction\",\"target\":[\"https:\\\/\\\/www.organisator.ch\\\/management\\\/2026-01-21\\\/harbourvest-partners-staerkt-fuehrung-in-der-schweiz-und-im-private-wealth-geschaeft\\\/\"]}]},{\"@type\":\"ImageObject\",\"inLanguage\":\"en-US\",\"@id\":\"https:\\\/\\\/www.organisator.ch\\\/management\\\/2026-01-21\\\/harbourvest-partners-staerkt-fuehrung-in-der-schweiz-und-im-private-wealth-geschaeft\\\/#primaryimage\",\"url\":\"https:\\\/\\\/www.organisator.ch\\\/wp-content\\\/uploads\\\/2026\\\/01\\\/Daniel-Signer.jpg\",\"contentUrl\":\"https:\\\/\\\/www.organisator.ch\\\/wp-content\\\/uploads\\\/2026\\\/01\\\/Daniel-Signer.jpg\",\"width\":900,\"height\":1200},{\"@type\":\"BreadcrumbList\",\"@id\":\"https:\\\/\\\/www.organisator.ch\\\/management\\\/2026-01-21\\\/harbourvest-partners-staerkt-fuehrung-in-der-schweiz-und-im-private-wealth-geschaeft\\\/#breadcrumb\",\"itemListElement\":[{\"@type\":\"ListItem\",\"position\":1,\"name\":\"Home\",\"item\":\"https:\\\/\\\/www.organisator.ch\\\/\"},{\"@type\":\"ListItem\",\"position\":2,\"name\":\"HarbourVest Partners st\u00e4rkt F\u00fchrung in der Schweiz und im Private-Wealth-Gesch\u00e4ft\"}]},{\"@type\":\"WebSite\",\"@id\":\"https:\\\/\\\/www.organisator.ch\\\/#website\",\"url\":\"https:\\\/\\\/www.organisator.ch\\\/\",\"name\":\"Organisator\",\"description\":\"Kompetent. Praxisnah. Der ORGANISATOR bereitet in 10 Ausgaben pro Jahr die wesentlichen Themen f\u00fcr F\u00fchrungskr\u00e4fte von KMU auf.\",\"publisher\":{\"@id\":\"https:\\\/\\\/www.organisator.ch\\\/#organization\"},\"potentialAction\":[{\"@type\":\"SearchAction\",\"target\":{\"@type\":\"EntryPoint\",\"urlTemplate\":\"https:\\\/\\\/www.organisator.ch\\\/?s={search_term_string}\"},\"query-input\":{\"@type\":\"PropertyValueSpecification\",\"valueRequired\":true,\"valueName\":\"search_term_string\"}}],\"inLanguage\":\"en-US\"},{\"@type\":\"Organization\",\"@id\":\"https:\\\/\\\/www.organisator.ch\\\/#organization\",\"name\":\"Organisator\",\"url\":\"https:\\\/\\\/www.organisator.ch\\\/\",\"logo\":{\"@type\":\"ImageObject\",\"inLanguage\":\"en-US\",\"@id\":\"https:\\\/\\\/www.organisator.ch\\\/#\\\/schema\\\/logo\\\/image\\\/\",\"url\":\"https:\\\/\\\/www.organisator.ch\\\/wp-content\\\/uploads\\\/2022\\\/01\\\/Logo_Organisator_Website.png\",\"contentUrl\":\"https:\\\/\\\/www.organisator.ch\\\/wp-content\\\/uploads\\\/2022\\\/01\\\/Logo_Organisator_Website.png\",\"width\":800,\"height\":77,\"caption\":\"Organisator\"},\"image\":{\"@id\":\"https:\\\/\\\/www.organisator.ch\\\/#\\\/schema\\\/logo\\\/image\\\/\"},\"sameAs\":[\"https:\\\/\\\/www.facebook.com\\\/OrganisatorFachmagazin\",\"https:\\\/\\\/www.linkedin.com\\\/showcase\\\/organisator-das-magazin-fr-kmu\",\"https:\\\/\\\/www.xing.com\\\/news\\\/pages\\\/organisator-ch-695\",\"https:\\\/\\\/www.youtube.com\\\/channel\\\/UCGP2Sq0iWaZwT3BdIAQFYpw\"]},{\"@type\":\"Person\",\"@id\":\"https:\\\/\\\/www.organisator.ch\\\/#\\\/schema\\\/person\\\/a9d0e0eff238db87a8f840f3b50359f0\",\"name\":\"n8n\",\"image\":{\"@type\":\"ImageObject\",\"inLanguage\":\"en-US\",\"@id\":\"https:\\\/\\\/secure.gravatar.com\\\/avatar\\\/5368fb9d03fd415a6f335cece4c15af2502d6ca8651efbd6e8f98427a9795400?s=96&d=mm&r=g\",\"url\":\"https:\\\/\\\/secure.gravatar.com\\\/avatar\\\/5368fb9d03fd415a6f335cece4c15af2502d6ca8651efbd6e8f98427a9795400?s=96&d=mm&r=g\",\"contentUrl\":\"https:\\\/\\\/secure.gravatar.com\\\/avatar\\\/5368fb9d03fd415a6f335cece4c15af2502d6ca8651efbd6e8f98427a9795400?s=96&d=mm&r=g\",\"caption\":\"n8n\"},\"url\":\"https:\\\/\\\/www.organisator.ch\\\/en\\\/author\\\/n8n\\\/\"}]}<\/script>\n<!-- \/ Yoast SEO plugin. -->","yoast_head_json":{"title":"HarbourVest Partners strengthens leadership in Switzerland and in the private wealth business - Organizer","description":"HarbourVest Partners appoints Daniel Signer as Head Switzerland and Ivan Pascual as Head Private Wealth EMEA.","robots":{"index":"index","follow":"follow","max-snippet":"max-snippet:-1","max-image-preview":"max-image-preview:large","max-video-preview":"max-video-preview:-1"},"canonical":"https:\/\/www.organisator.ch\/en\/management\/2026-01-21\/harbourvest-partners-staerkt-fuehrung-in-der-schweiz-und-im-private-wealth-geschaeft\/","og_locale":"en_US","og_type":"article","og_title":"HarbourVest Partners st\u00e4rkt F\u00fchrung in der Schweiz und im Private-Wealth-Gesch\u00e4ft","og_description":"HarbourVest Partners ernennt Daniel Signer zum Head Schweiz und Ivan Pascual zum Head Private Wealth EMEA.","og_url":"https:\/\/www.organisator.ch\/en\/management\/2026-01-21\/harbourvest-partners-staerkt-fuehrung-in-der-schweiz-und-im-private-wealth-geschaeft\/","og_site_name":"Organisator","article_publisher":"https:\/\/www.facebook.com\/OrganisatorFachmagazin","article_published_time":"2026-01-21T12:12:36+00:00","og_image":[{"width":900,"height":1200,"url":"https:\/\/www.organisator.ch\/wp-content\/uploads\/2026\/01\/Daniel-Signer.jpg","type":"image\/jpeg"}],"author":"n8n","twitter_card":"summary_large_image","twitter_title":"#HarbourVest Partners st\u00e4rkt F\u00fchrung in der Schweiz und im #Private-Wealth-Gesch\u00e4ft","twitter_description":"#HarbourVest Partners ernennt Daniel Signer zum Head Schweiz und Ivan Pascual zum Head Private Wealth #EMEA.","twitter_image":"https:\/\/www.organisator.ch\/wp-content\/uploads\/2026\/01\/Daniel-Signer.jpg","schema":{"@context":"https:\/\/schema.org","@graph":[{"@type":"Article","@id":"https:\/\/www.organisator.ch\/management\/2026-01-21\/harbourvest-partners-staerkt-fuehrung-in-der-schweiz-und-im-private-wealth-geschaeft\/#article","isPartOf":{"@id":"https:\/\/www.organisator.ch\/management\/2026-01-21\/harbourvest-partners-staerkt-fuehrung-in-der-schweiz-und-im-private-wealth-geschaeft\/"},"author":{"name":"n8n","@id":"https:\/\/www.organisator.ch\/#\/schema\/person\/a9d0e0eff238db87a8f840f3b50359f0"},"headline":"HarbourVest Partners st\u00e4rkt F\u00fchrung in der Schweiz und im Private-Wealth-Gesch\u00e4ft","datePublished":"2026-01-21T12:12:36+00:00","mainEntityOfPage":{"@id":"https:\/\/www.organisator.ch\/management\/2026-01-21\/harbourvest-partners-staerkt-fuehrung-in-der-schweiz-und-im-private-wealth-geschaeft\/"},"wordCount":632,"publisher":{"@id":"https:\/\/www.organisator.ch\/#organization"},"image":{"@id":"https:\/\/www.organisator.ch\/management\/2026-01-21\/harbourvest-partners-staerkt-fuehrung-in-der-schweiz-und-im-private-wealth-geschaeft\/#primaryimage"},"thumbnailUrl":"https:\/\/www.organisator.ch\/wp-content\/uploads\/2026\/01\/Daniel-Signer.jpg","keywords":["Finanzdienstleistungen","Personalia","Private Wealth","Unternehmen"],"articleSection":["MANAGEMENT"],"inLanguage":"en-US"},{"@type":"WebPage","@id":"https:\/\/www.organisator.ch\/management\/2026-01-21\/harbourvest-partners-staerkt-fuehrung-in-der-schweiz-und-im-private-wealth-geschaeft\/","url":"https:\/\/www.organisator.ch\/management\/2026-01-21\/harbourvest-partners-staerkt-fuehrung-in-der-schweiz-und-im-private-wealth-geschaeft\/","name":"HarbourVest Partners strengthens leadership in Switzerland and in the private wealth business - Organizer","isPartOf":{"@id":"https:\/\/www.organisator.ch\/#website"},"primaryImageOfPage":{"@id":"https:\/\/www.organisator.ch\/management\/2026-01-21\/harbourvest-partners-staerkt-fuehrung-in-der-schweiz-und-im-private-wealth-geschaeft\/#primaryimage"},"image":{"@id":"https:\/\/www.organisator.ch\/management\/2026-01-21\/harbourvest-partners-staerkt-fuehrung-in-der-schweiz-und-im-private-wealth-geschaeft\/#primaryimage"},"thumbnailUrl":"https:\/\/www.organisator.ch\/wp-content\/uploads\/2026\/01\/Daniel-Signer.jpg","datePublished":"2026-01-21T12:12:36+00:00","description":"HarbourVest Partners appoints Daniel Signer as Head Switzerland and Ivan Pascual as Head Private Wealth EMEA.","breadcrumb":{"@id":"https:\/\/www.organisator.ch\/management\/2026-01-21\/harbourvest-partners-staerkt-fuehrung-in-der-schweiz-und-im-private-wealth-geschaeft\/#breadcrumb"},"inLanguage":"en-US","potentialAction":[{"@type":"ReadAction","target":["https:\/\/www.organisator.ch\/management\/2026-01-21\/harbourvest-partners-staerkt-fuehrung-in-der-schweiz-und-im-private-wealth-geschaeft\/"]}]},{"@type":"ImageObject","inLanguage":"en-US","@id":"https:\/\/www.organisator.ch\/management\/2026-01-21\/harbourvest-partners-staerkt-fuehrung-in-der-schweiz-und-im-private-wealth-geschaeft\/#primaryimage","url":"https:\/\/www.organisator.ch\/wp-content\/uploads\/2026\/01\/Daniel-Signer.jpg","contentUrl":"https:\/\/www.organisator.ch\/wp-content\/uploads\/2026\/01\/Daniel-Signer.jpg","width":900,"height":1200},{"@type":"BreadcrumbList","@id":"https:\/\/www.organisator.ch\/management\/2026-01-21\/harbourvest-partners-staerkt-fuehrung-in-der-schweiz-und-im-private-wealth-geschaeft\/#breadcrumb","itemListElement":[{"@type":"ListItem","position":1,"name":"Home","item":"https:\/\/www.organisator.ch\/"},{"@type":"ListItem","position":2,"name":"HarbourVest Partners st\u00e4rkt F\u00fchrung in der Schweiz und im Private-Wealth-Gesch\u00e4ft"}]},{"@type":"WebSite","@id":"https:\/\/www.organisator.ch\/#website","url":"https:\/\/www.organisator.ch\/","name":"Organizer","description":"Competent. Practical. In 10 issues per year, ORGANISATOR presents the essential topics for managers of SMEs.","publisher":{"@id":"https:\/\/www.organisator.ch\/#organization"},"potentialAction":[{"@type":"SearchAction","target":{"@type":"EntryPoint","urlTemplate":"https:\/\/www.organisator.ch\/?s={search_term_string}"},"query-input":{"@type":"PropertyValueSpecification","valueRequired":true,"valueName":"search_term_string"}}],"inLanguage":"en-US"},{"@type":"Organization","@id":"https:\/\/www.organisator.ch\/#organization","name":"Organizer","url":"https:\/\/www.organisator.ch\/","logo":{"@type":"ImageObject","inLanguage":"en-US","@id":"https:\/\/www.organisator.ch\/#\/schema\/logo\/image\/","url":"https:\/\/www.organisator.ch\/wp-content\/uploads\/2022\/01\/Logo_Organisator_Website.png","contentUrl":"https:\/\/www.organisator.ch\/wp-content\/uploads\/2022\/01\/Logo_Organisator_Website.png","width":800,"height":77,"caption":"Organisator"},"image":{"@id":"https:\/\/www.organisator.ch\/#\/schema\/logo\/image\/"},"sameAs":["https:\/\/www.facebook.com\/OrganisatorFachmagazin","https:\/\/www.linkedin.com\/showcase\/organisator-das-magazin-fr-kmu","https:\/\/www.xing.com\/news\/pages\/organisator-ch-695","https:\/\/www.youtube.com\/channel\/UCGP2Sq0iWaZwT3BdIAQFYpw"]},{"@type":"Person","@id":"https:\/\/www.organisator.ch\/#\/schema\/person\/a9d0e0eff238db87a8f840f3b50359f0","name":"n8n","image":{"@type":"ImageObject","inLanguage":"en-US","@id":"https:\/\/secure.gravatar.com\/avatar\/5368fb9d03fd415a6f335cece4c15af2502d6ca8651efbd6e8f98427a9795400?s=96&d=mm&r=g","url":"https:\/\/secure.gravatar.com\/avatar\/5368fb9d03fd415a6f335cece4c15af2502d6ca8651efbd6e8f98427a9795400?s=96&d=mm&r=g","contentUrl":"https:\/\/secure.gravatar.com\/avatar\/5368fb9d03fd415a6f335cece4c15af2502d6ca8651efbd6e8f98427a9795400?s=96&d=mm&r=g","caption":"n8n"},"url":"https:\/\/www.organisator.ch\/en\/author\/n8n\/"}]}},"_links":{"self":[{"href":"https:\/\/www.organisator.ch\/en\/wp-json\/wp\/v2\/posts\/43447","targetHints":{"allow":["GET"]}}],"collection":[{"href":"https:\/\/www.organisator.ch\/en\/wp-json\/wp\/v2\/posts"}],"about":[{"href":"https:\/\/www.organisator.ch\/en\/wp-json\/wp\/v2\/types\/post"}],"author":[{"embeddable":true,"href":"https:\/\/www.organisator.ch\/en\/wp-json\/wp\/v2\/users\/107"}],"replies":[{"embeddable":true,"href":"https:\/\/www.organisator.ch\/en\/wp-json\/wp\/v2\/comments?post=43447"}],"version-history":[{"count":5,"href":"https:\/\/www.organisator.ch\/en\/wp-json\/wp\/v2\/posts\/43447\/revisions"}],"predecessor-version":[{"id":43621,"href":"https:\/\/www.organisator.ch\/en\/wp-json\/wp\/v2\/posts\/43447\/revisions\/43621"}],"wp:featuredmedia":[{"embeddable":true,"href":"https:\/\/www.organisator.ch\/en\/wp-json\/wp\/v2\/media\/43446"}],"wp:attachment":[{"href":"https:\/\/www.organisator.ch\/en\/wp-json\/wp\/v2\/media?parent=43447"}],"wp:term":[{"taxonomy":"category","embeddable":true,"href":"https:\/\/www.organisator.ch\/en\/wp-json\/wp\/v2\/categories?post=43447"},{"taxonomy":"post_tag","embeddable":true,"href":"https:\/\/www.organisator.ch\/en\/wp-json\/wp\/v2\/tags?post=43447"}],"curies":[{"name":"wp","href":"https:\/\/api.w.org\/{rel}","templated":true}]}}