{"id":4389,"date":"2018-10-16T15:18:59","date_gmt":"2018-10-16T13:18:59","guid":{"rendered":"https:\/\/www.organisator.ch\/?p=4389"},"modified":"2018-10-16T15:18:59","modified_gmt":"2018-10-16T13:18:59","slug":"zum-boss-day-welcher-chef-typ-sind-sie","status":"publish","type":"post","link":"https:\/\/www.organisator.ch\/en\/management\/2018-10-16\/zum-boss-day-welcher-chef-typ-sind-sie\/","title":{"rendered":"For Boss Day: What type of boss are you?"},"content":{"rendered":"<figure id=\"attachment_4390\" aria-describedby=\"caption-attachment-4390\" style=\"width: 640px\" class=\"wp-caption alignnone\"><img loading=\"lazy\" decoding=\"async\" class=\"size-full wp-image-4390\" src=\"https:\/\/www.organisator.ch\/wp-content\/uploads\/2018\/10\/Zum-Boss-Day-Welcher-Chef-Typ-sind-Sie_Organisator.jpg\" alt=\"\" width=\"640\" height=\"427\" srcset=\"https:\/\/www.organisator.ch\/wp-content\/uploads\/2018\/10\/Zum-Boss-Day-Welcher-Chef-Typ-sind-Sie_Organisator.jpg 640w, https:\/\/www.organisator.ch\/wp-content\/uploads\/2018\/10\/Zum-Boss-Day-Welcher-Chef-Typ-sind-Sie_Organisator-16x12.jpg 16w, https:\/\/www.organisator.ch\/wp-content\/uploads\/2018\/10\/Zum-Boss-Day-Welcher-Chef-Typ-sind-Sie_Organisator-262x175.jpg 262w, https:\/\/www.organisator.ch\/wp-content\/uploads\/2018\/10\/Zum-Boss-Day-Welcher-Chef-Typ-sind-Sie_Organisator-525x350.jpg 525w, https:\/\/www.organisator.ch\/wp-content\/uploads\/2018\/10\/Zum-Boss-Day-Welcher-Chef-Typ-sind-Sie_Organisator-300x200.jpg 300w\" sizes=\"auto, (max-width: 640px) 100vw, 640px\" \/><figcaption id=\"caption-attachment-4390\" class=\"wp-caption-text\">Perfectionist, aloof or choleric? Thoughts on different boss types on the occasion of Boss Day 2018. (Image: Fotolia.com)<\/figcaption><\/figure>\n<p>Temper tantrums, cold shoulders, nitpicking - working with complicated managers is usually more difficult than with tense colleagues. The reason for this is the greater dependence on the boss. \"Through the assessment of work performance, the superior determines the future career of an employee in the company, which is why we often communicate more cautiously \"upwards.\" However, respectful confrontation becomes quite possible if we master the rules of the game for dealing with different managers,\" explains rhetoric professional J\u00fcrgen Rixgens about Boss Day, which is celebrated on October 16.<\/p>\n<h2><strong>The perfectionist<\/strong><\/h2>\n<p>The perfectionist's leitmotif is: \"What you don't do or regulate yourself, becomes nothing\". As a controller, he interferes in everything, while pedantically paying attention to details and checking each work step several times. \"Not only do the employees suffer from such behavior, but also the work result. Delegation, compromise and teamwork are foreign words to the perfectionist. Routines, standards and principles, on the other hand, bring security and predictability into their lives,\" explains Rixgens. He recommends that employees only enter into a conversation with the perfectionist well prepared. Spontaneity or unpunctuality are red flags for perfectionist managers. \"Employees should show the supervisor that they are reliable and trustworthy. In this way, they create the foundation for fruitful discussions and satisfactory work results,\" advises the rhetoric expert.<\/p>\n<h2><strong>The aloof<\/strong><\/h2>\n<p>Typical of the aloof boss are his reserved manner and his reasoned speech. \"His cool and distant demeanor make it difficult to assess the aloof person, while his taciturn manner makes everything come out of his nose. This type of boss doesn't care whether he is popular or not, he mainly deploys his employees according to purpose and company goals,\" explains Rixgens. The communications expert warns against getting too emotionally and physically close to the distant one. \"Benevolent or flattering behavior is understood by the aloof as ingratiation. He despises his employees for wanting to please or even be praised. Better: be patient and keep your distance,\" says Rixgens.<\/p>\n<h2><strong>The choleric<\/strong><\/h2>\n<p>Uncontrolled outbursts of anger and unpredictable, aggressive behavior make the choleric one of the most difficult supervisors to work with. \"By directly contradicting, reassuring, or justifying themselves to the choleric, employees only fuel his temper. He persists in battle mode, which makes it impossible to have a factual conversation. Instead of switching to defense mode themselves, employees should rather make the choleric person feel that he is being taken seriously. The rule is: the more relaxed the situation, the more suitable it is for holding a conversation about substantive problems,\" explains the expert, who is also the author of the book \"Complicated Colleagues and Superiors.\" If all attempts fail, only one thing helps: leave the company. The permanent stress can lead to psychosomatic disorders, depression or burnout.<\/p>\n<p><em><strong>About J\u00fcrgen Rixgens<\/strong><strong><br \/>\n<\/strong>J\u00fcrgen Rixgens is the founder and owner of the Munich-based company Rixcom GmbH, an academy for applied rhetoric. With experience as a lecturer in adult education, TV sports journalist, presenter and as a corporate spokesperson for an international company, he has been working worldwide for more than 15 years, primarily as a rhetor and communications trainer. For companies such as SAP, Roland Berger or Telekom, he regularly travels to countries such as Germany, England, the USA and Asia. His focus there is on communication training and coaching top managers in preparation for press conferences, TV and conference appearances, and difficult customer and employee meetings. He focuses on the culture of good argument and rhetorical techniques that work so that his clients arrive authentically and achieve what they want. He is also the author of the book \"Complicated Colleagues and Supervisors - How to Deal with Chatterboxes, Cholerics &amp; Co\".<\/em><\/p>","protected":false},"excerpt":{"rendered":"<p>Wutausbruch, kalte Schulter, Erbsenz\u00e4hlerei\u00a0\u00a0 \u2013 Die Zusammenarbeit mit komplizierten F\u00fchrungskr\u00e4ften gestaltet sich zumeist schwieriger als mit angespannten Kollegen. Grund daf\u00fcr ist die st\u00e4rkere Abh\u00e4ngigkeit vom Chef. \u201eDurch die Beurteilung der Arbeitsleistung bestimmt der Vorgesetzte den zuk\u00fcnftigen Werdegang eines Mitarbeiters im Unternehmen, weshalb wir \u201enach oben\u201c oft vorsichtiger kommunizieren. Eine respektvolle Konfrontation wird aber durchaus m\u00f6glich, [&hellip;]<\/p>\n","protected":false},"author":4,"featured_media":4390,"comment_status":"open","ping_status":"open","sticky":false,"template":"","format":"standard","meta":{"_acf_changed":false,"_yoast_wpseo_focuskw":"Boss Day","_yoast_wpseo_metadesc":"Am 16. Oktober 2018 ist Boss Day. Angestellte nehmen diesen Tag zum Anlass, um sich bei ihren Vorgesetzten f\u00fcr den netten und fairen Umgang zu bedanken.","articlekey":"","footnotes":""},"categories":[28],"tags":[121,320,335,508],"class_list":["post-4389","post","type-post","status-publish","format-standard","has-post-thumbnail","hentry","category-management","tag-chef","tag-leadership","tag-management-und-unternehmensfuehrung","tag-vermischtes"],"acf":[],"yoast_head":"<!-- This site is optimized with the Yoast SEO plugin v27.5 - https:\/\/yoast.com\/product\/yoast-seo-wordpress\/ -->\n<title>Zum Boss Day: Welcher Chef-Typ sind Sie? - Organisator<\/title>\n<meta name=\"description\" content=\"Am 16. Oktober 2018 ist Boss Day. Angestellte nehmen diesen Tag zum Anlass, um sich bei ihren Vorgesetzten f\u00fcr den netten und fairen Umgang zu bedanken.\" \/>\n<meta name=\"robots\" content=\"index, follow, max-snippet:-1, max-image-preview:large, max-video-preview:-1\" \/>\n<link rel=\"canonical\" href=\"https:\/\/www.organisator.ch\/en\/management\/2018-10-16\/zum-boss-day-welcher-chef-typ-sind-sie\/\" \/>\n<meta property=\"og:locale\" content=\"en_US\" \/>\n<meta property=\"og:type\" content=\"article\" \/>\n<meta property=\"og:title\" content=\"Zum Boss Day: Welcher Chef-Typ sind Sie?\" \/>\n<meta property=\"og:description\" content=\"Am 16. Oktober 2018 ist Boss Day. Angestellte nehmen diesen Tag zum Anlass, um sich bei ihren Vorgesetzten f\u00fcr den netten und fairen Umgang zu bedanken.\" \/>\n<meta property=\"og:url\" content=\"https:\/\/www.organisator.ch\/en\/management\/2018-10-16\/zum-boss-day-welcher-chef-typ-sind-sie\/\" \/>\n<meta property=\"og:site_name\" content=\"Organisator\" \/>\n<meta property=\"article:publisher\" content=\"https:\/\/www.facebook.com\/OrganisatorFachmagazin\" \/>\n<meta property=\"article:published_time\" content=\"2018-10-16T13:18:59+00:00\" \/>\n<meta property=\"og:image\" content=\"https:\/\/www.organisator.ch\/wp-content\/uploads\/2018\/10\/Zum-Boss-Day-Welcher-Chef-Typ-sind-Sie_Organisator.jpg\" \/>\n\t<meta property=\"og:image:width\" content=\"640\" \/>\n\t<meta property=\"og:image:height\" content=\"427\" \/>\n\t<meta property=\"og:image:type\" content=\"image\/jpeg\" \/>\n<meta name=\"author\" content=\"thomas.berner\" \/>\n<meta name=\"twitter:card\" content=\"summary_large_image\" \/>\n<meta name=\"twitter:title\" content=\"Zum #Boss Day: Welcher #Chef-Typ sind Sie?\" \/>\n<meta name=\"twitter:description\" content=\"Am 16. Oktober 2018 ist #Boss Day. Angestellte nehmen diesen Tag zum Anlass, um sich bei ihren Vorgesetzten f\u00fcr den netten und fairen Umgang zu bedanken.\" \/>\n<meta name=\"twitter:image\" content=\"https:\/\/www.organisator.ch\/wp-content\/uploads\/2018\/10\/Zum-Boss-Day-Welcher-Chef-Typ-sind-Sie_Organisator.jpg\" \/>\n<script type=\"application\/ld+json\" class=\"yoast-schema-graph\">{\"@context\":\"https:\\\/\\\/schema.org\",\"@graph\":[{\"@type\":\"Article\",\"@id\":\"https:\\\/\\\/www.organisator.ch\\\/management\\\/2018-10-16\\\/zum-boss-day-welcher-chef-typ-sind-sie\\\/#article\",\"isPartOf\":{\"@id\":\"https:\\\/\\\/www.organisator.ch\\\/management\\\/2018-10-16\\\/zum-boss-day-welcher-chef-typ-sind-sie\\\/\"},\"author\":{\"name\":\"thomas.berner\",\"@id\":\"https:\\\/\\\/www.organisator.ch\\\/#\\\/schema\\\/person\\\/6f650f90b2842cd4c0cc334b4e36f67e\"},\"headline\":\"Zum Boss Day: Welcher Chef-Typ sind Sie?\",\"datePublished\":\"2018-10-16T13:18:59+00:00\",\"mainEntityOfPage\":{\"@id\":\"https:\\\/\\\/www.organisator.ch\\\/management\\\/2018-10-16\\\/zum-boss-day-welcher-chef-typ-sind-sie\\\/\"},\"wordCount\":642,\"commentCount\":0,\"publisher\":{\"@id\":\"https:\\\/\\\/www.organisator.ch\\\/#organization\"},\"image\":{\"@id\":\"https:\\\/\\\/www.organisator.ch\\\/management\\\/2018-10-16\\\/zum-boss-day-welcher-chef-typ-sind-sie\\\/#primaryimage\"},\"thumbnailUrl\":\"https:\\\/\\\/www.organisator.ch\\\/wp-content\\\/uploads\\\/2018\\\/10\\\/Zum-Boss-Day-Welcher-Chef-Typ-sind-Sie_Organisator.jpg\",\"keywords\":[\"Chef\",\"Leadership\",\"Management und Unternehmensf\u00fchrung\",\"Vermischtes\"],\"articleSection\":[\"MANAGEMENT\"],\"inLanguage\":\"en-US\"},{\"@type\":\"WebPage\",\"@id\":\"https:\\\/\\\/www.organisator.ch\\\/management\\\/2018-10-16\\\/zum-boss-day-welcher-chef-typ-sind-sie\\\/\",\"url\":\"https:\\\/\\\/www.organisator.ch\\\/management\\\/2018-10-16\\\/zum-boss-day-welcher-chef-typ-sind-sie\\\/\",\"name\":\"Zum Boss Day: Welcher Chef-Typ sind Sie? - Organisator\",\"isPartOf\":{\"@id\":\"https:\\\/\\\/www.organisator.ch\\\/#website\"},\"primaryImageOfPage\":{\"@id\":\"https:\\\/\\\/www.organisator.ch\\\/management\\\/2018-10-16\\\/zum-boss-day-welcher-chef-typ-sind-sie\\\/#primaryimage\"},\"image\":{\"@id\":\"https:\\\/\\\/www.organisator.ch\\\/management\\\/2018-10-16\\\/zum-boss-day-welcher-chef-typ-sind-sie\\\/#primaryimage\"},\"thumbnailUrl\":\"https:\\\/\\\/www.organisator.ch\\\/wp-content\\\/uploads\\\/2018\\\/10\\\/Zum-Boss-Day-Welcher-Chef-Typ-sind-Sie_Organisator.jpg\",\"datePublished\":\"2018-10-16T13:18:59+00:00\",\"description\":\"Am 16. Oktober 2018 ist Boss Day. Angestellte nehmen diesen Tag zum Anlass, um sich bei ihren Vorgesetzten f\u00fcr den netten und fairen Umgang zu bedanken.\",\"breadcrumb\":{\"@id\":\"https:\\\/\\\/www.organisator.ch\\\/management\\\/2018-10-16\\\/zum-boss-day-welcher-chef-typ-sind-sie\\\/#breadcrumb\"},\"inLanguage\":\"en-US\",\"potentialAction\":[{\"@type\":\"ReadAction\",\"target\":[\"https:\\\/\\\/www.organisator.ch\\\/management\\\/2018-10-16\\\/zum-boss-day-welcher-chef-typ-sind-sie\\\/\"]}]},{\"@type\":\"ImageObject\",\"inLanguage\":\"en-US\",\"@id\":\"https:\\\/\\\/www.organisator.ch\\\/management\\\/2018-10-16\\\/zum-boss-day-welcher-chef-typ-sind-sie\\\/#primaryimage\",\"url\":\"https:\\\/\\\/www.organisator.ch\\\/wp-content\\\/uploads\\\/2018\\\/10\\\/Zum-Boss-Day-Welcher-Chef-Typ-sind-Sie_Organisator.jpg\",\"contentUrl\":\"https:\\\/\\\/www.organisator.ch\\\/wp-content\\\/uploads\\\/2018\\\/10\\\/Zum-Boss-Day-Welcher-Chef-Typ-sind-Sie_Organisator.jpg\",\"width\":640,\"height\":427,\"caption\":\"Perfektionistisch, unnahbar oder cholerisch? Gedanken \u00fcber verschiedene Chef-Typen anl\u00e4sslich des Boss Day 2018. (Bild: Fotolia.com)\"},{\"@type\":\"BreadcrumbList\",\"@id\":\"https:\\\/\\\/www.organisator.ch\\\/management\\\/2018-10-16\\\/zum-boss-day-welcher-chef-typ-sind-sie\\\/#breadcrumb\",\"itemListElement\":[{\"@type\":\"ListItem\",\"position\":1,\"name\":\"Home\",\"item\":\"https:\\\/\\\/www.organisator.ch\\\/\"},{\"@type\":\"ListItem\",\"position\":2,\"name\":\"Zum Boss Day: Welcher Chef-Typ sind Sie?\"}]},{\"@type\":\"WebSite\",\"@id\":\"https:\\\/\\\/www.organisator.ch\\\/#website\",\"url\":\"https:\\\/\\\/www.organisator.ch\\\/\",\"name\":\"Organisator\",\"description\":\"Kompetent. Praxisnah. Der ORGANISATOR bereitet in 10 Ausgaben pro Jahr die wesentlichen Themen f\u00fcr F\u00fchrungskr\u00e4fte von KMU auf.\",\"publisher\":{\"@id\":\"https:\\\/\\\/www.organisator.ch\\\/#organization\"},\"potentialAction\":[{\"@type\":\"SearchAction\",\"target\":{\"@type\":\"EntryPoint\",\"urlTemplate\":\"https:\\\/\\\/www.organisator.ch\\\/?s={search_term_string}\"},\"query-input\":{\"@type\":\"PropertyValueSpecification\",\"valueRequired\":true,\"valueName\":\"search_term_string\"}}],\"inLanguage\":\"en-US\"},{\"@type\":\"Organization\",\"@id\":\"https:\\\/\\\/www.organisator.ch\\\/#organization\",\"name\":\"Organisator\",\"url\":\"https:\\\/\\\/www.organisator.ch\\\/\",\"logo\":{\"@type\":\"ImageObject\",\"inLanguage\":\"en-US\",\"@id\":\"https:\\\/\\\/www.organisator.ch\\\/#\\\/schema\\\/logo\\\/image\\\/\",\"url\":\"https:\\\/\\\/www.organisator.ch\\\/wp-content\\\/uploads\\\/2022\\\/01\\\/Logo_Organisator_Website.png\",\"contentUrl\":\"https:\\\/\\\/www.organisator.ch\\\/wp-content\\\/uploads\\\/2022\\\/01\\\/Logo_Organisator_Website.png\",\"width\":800,\"height\":77,\"caption\":\"Organisator\"},\"image\":{\"@id\":\"https:\\\/\\\/www.organisator.ch\\\/#\\\/schema\\\/logo\\\/image\\\/\"},\"sameAs\":[\"https:\\\/\\\/www.facebook.com\\\/OrganisatorFachmagazin\",\"https:\\\/\\\/www.linkedin.com\\\/showcase\\\/organisator-das-magazin-fr-kmu\",\"https:\\\/\\\/www.xing.com\\\/news\\\/pages\\\/organisator-ch-695\",\"https:\\\/\\\/www.youtube.com\\\/channel\\\/UCGP2Sq0iWaZwT3BdIAQFYpw\"]},{\"@type\":\"Person\",\"@id\":\"https:\\\/\\\/www.organisator.ch\\\/#\\\/schema\\\/person\\\/6f650f90b2842cd4c0cc334b4e36f67e\",\"name\":\"thomas.berner\",\"image\":{\"@type\":\"ImageObject\",\"inLanguage\":\"en-US\",\"@id\":\"https:\\\/\\\/secure.gravatar.com\\\/avatar\\\/ac5001d2a36cb6c6cd3e50789007ffca834b477b74a2144564522e944eabff61?s=96&d=mm&r=g\",\"url\":\"https:\\\/\\\/secure.gravatar.com\\\/avatar\\\/ac5001d2a36cb6c6cd3e50789007ffca834b477b74a2144564522e944eabff61?s=96&d=mm&r=g\",\"contentUrl\":\"https:\\\/\\\/secure.gravatar.com\\\/avatar\\\/ac5001d2a36cb6c6cd3e50789007ffca834b477b74a2144564522e944eabff61?s=96&d=mm&r=g\",\"caption\":\"thomas.berner\"},\"url\":\"https:\\\/\\\/www.organisator.ch\\\/en\\\/author\\\/thomas-berner\\\/\"}]}<\/script>\n<!-- \/ Yoast SEO plugin. -->","yoast_head_json":{"title":"For Boss Day: What type of boss are you? - Organizer","description":"October 16, 2018 is Boss Day. Employees take this day as an opportunity to thank their superiors for their kind and fair treatment.","robots":{"index":"index","follow":"follow","max-snippet":"max-snippet:-1","max-image-preview":"max-image-preview:large","max-video-preview":"max-video-preview:-1"},"canonical":"https:\/\/www.organisator.ch\/en\/management\/2018-10-16\/zum-boss-day-welcher-chef-typ-sind-sie\/","og_locale":"en_US","og_type":"article","og_title":"Zum Boss Day: Welcher Chef-Typ sind Sie?","og_description":"Am 16. Oktober 2018 ist Boss Day. Angestellte nehmen diesen Tag zum Anlass, um sich bei ihren Vorgesetzten f\u00fcr den netten und fairen Umgang zu bedanken.","og_url":"https:\/\/www.organisator.ch\/en\/management\/2018-10-16\/zum-boss-day-welcher-chef-typ-sind-sie\/","og_site_name":"Organisator","article_publisher":"https:\/\/www.facebook.com\/OrganisatorFachmagazin","article_published_time":"2018-10-16T13:18:59+00:00","og_image":[{"width":640,"height":427,"url":"https:\/\/www.organisator.ch\/wp-content\/uploads\/2018\/10\/Zum-Boss-Day-Welcher-Chef-Typ-sind-Sie_Organisator.jpg","type":"image\/jpeg"}],"author":"thomas.berner","twitter_card":"summary_large_image","twitter_title":"Zum #Boss Day: Welcher #Chef-Typ sind Sie?","twitter_description":"Am 16. Oktober 2018 ist #Boss Day. Angestellte nehmen diesen Tag zum Anlass, um sich bei ihren Vorgesetzten f\u00fcr den netten und fairen Umgang zu bedanken.","twitter_image":"https:\/\/www.organisator.ch\/wp-content\/uploads\/2018\/10\/Zum-Boss-Day-Welcher-Chef-Typ-sind-Sie_Organisator.jpg","schema":{"@context":"https:\/\/schema.org","@graph":[{"@type":"Article","@id":"https:\/\/www.organisator.ch\/management\/2018-10-16\/zum-boss-day-welcher-chef-typ-sind-sie\/#article","isPartOf":{"@id":"https:\/\/www.organisator.ch\/management\/2018-10-16\/zum-boss-day-welcher-chef-typ-sind-sie\/"},"author":{"name":"thomas.berner","@id":"https:\/\/www.organisator.ch\/#\/schema\/person\/6f650f90b2842cd4c0cc334b4e36f67e"},"headline":"Zum Boss Day: Welcher Chef-Typ sind Sie?","datePublished":"2018-10-16T13:18:59+00:00","mainEntityOfPage":{"@id":"https:\/\/www.organisator.ch\/management\/2018-10-16\/zum-boss-day-welcher-chef-typ-sind-sie\/"},"wordCount":642,"commentCount":0,"publisher":{"@id":"https:\/\/www.organisator.ch\/#organization"},"image":{"@id":"https:\/\/www.organisator.ch\/management\/2018-10-16\/zum-boss-day-welcher-chef-typ-sind-sie\/#primaryimage"},"thumbnailUrl":"https:\/\/www.organisator.ch\/wp-content\/uploads\/2018\/10\/Zum-Boss-Day-Welcher-Chef-Typ-sind-Sie_Organisator.jpg","keywords":["Chef","Leadership","Management und Unternehmensf\u00fchrung","Vermischtes"],"articleSection":["MANAGEMENT"],"inLanguage":"en-US"},{"@type":"WebPage","@id":"https:\/\/www.organisator.ch\/management\/2018-10-16\/zum-boss-day-welcher-chef-typ-sind-sie\/","url":"https:\/\/www.organisator.ch\/management\/2018-10-16\/zum-boss-day-welcher-chef-typ-sind-sie\/","name":"For Boss Day: What type of boss are you? - Organizer","isPartOf":{"@id":"https:\/\/www.organisator.ch\/#website"},"primaryImageOfPage":{"@id":"https:\/\/www.organisator.ch\/management\/2018-10-16\/zum-boss-day-welcher-chef-typ-sind-sie\/#primaryimage"},"image":{"@id":"https:\/\/www.organisator.ch\/management\/2018-10-16\/zum-boss-day-welcher-chef-typ-sind-sie\/#primaryimage"},"thumbnailUrl":"https:\/\/www.organisator.ch\/wp-content\/uploads\/2018\/10\/Zum-Boss-Day-Welcher-Chef-Typ-sind-Sie_Organisator.jpg","datePublished":"2018-10-16T13:18:59+00:00","description":"October 16, 2018 is Boss Day. Employees take this day as an opportunity to thank their superiors for their kind and fair treatment.","breadcrumb":{"@id":"https:\/\/www.organisator.ch\/management\/2018-10-16\/zum-boss-day-welcher-chef-typ-sind-sie\/#breadcrumb"},"inLanguage":"en-US","potentialAction":[{"@type":"ReadAction","target":["https:\/\/www.organisator.ch\/management\/2018-10-16\/zum-boss-day-welcher-chef-typ-sind-sie\/"]}]},{"@type":"ImageObject","inLanguage":"en-US","@id":"https:\/\/www.organisator.ch\/management\/2018-10-16\/zum-boss-day-welcher-chef-typ-sind-sie\/#primaryimage","url":"https:\/\/www.organisator.ch\/wp-content\/uploads\/2018\/10\/Zum-Boss-Day-Welcher-Chef-Typ-sind-Sie_Organisator.jpg","contentUrl":"https:\/\/www.organisator.ch\/wp-content\/uploads\/2018\/10\/Zum-Boss-Day-Welcher-Chef-Typ-sind-Sie_Organisator.jpg","width":640,"height":427,"caption":"Perfektionistisch, unnahbar oder cholerisch? Gedanken \u00fcber verschiedene Chef-Typen anl\u00e4sslich des Boss Day 2018. (Bild: Fotolia.com)"},{"@type":"BreadcrumbList","@id":"https:\/\/www.organisator.ch\/management\/2018-10-16\/zum-boss-day-welcher-chef-typ-sind-sie\/#breadcrumb","itemListElement":[{"@type":"ListItem","position":1,"name":"Home","item":"https:\/\/www.organisator.ch\/"},{"@type":"ListItem","position":2,"name":"Zum Boss Day: Welcher Chef-Typ sind Sie?"}]},{"@type":"WebSite","@id":"https:\/\/www.organisator.ch\/#website","url":"https:\/\/www.organisator.ch\/","name":"Organizer","description":"Competent. Practical. In 10 issues per year, ORGANISATOR presents the essential topics for managers of SMEs.","publisher":{"@id":"https:\/\/www.organisator.ch\/#organization"},"potentialAction":[{"@type":"SearchAction","target":{"@type":"EntryPoint","urlTemplate":"https:\/\/www.organisator.ch\/?s={search_term_string}"},"query-input":{"@type":"PropertyValueSpecification","valueRequired":true,"valueName":"search_term_string"}}],"inLanguage":"en-US"},{"@type":"Organization","@id":"https:\/\/www.organisator.ch\/#organization","name":"Organizer","url":"https:\/\/www.organisator.ch\/","logo":{"@type":"ImageObject","inLanguage":"en-US","@id":"https:\/\/www.organisator.ch\/#\/schema\/logo\/image\/","url":"https:\/\/www.organisator.ch\/wp-content\/uploads\/2022\/01\/Logo_Organisator_Website.png","contentUrl":"https:\/\/www.organisator.ch\/wp-content\/uploads\/2022\/01\/Logo_Organisator_Website.png","width":800,"height":77,"caption":"Organisator"},"image":{"@id":"https:\/\/www.organisator.ch\/#\/schema\/logo\/image\/"},"sameAs":["https:\/\/www.facebook.com\/OrganisatorFachmagazin","https:\/\/www.linkedin.com\/showcase\/organisator-das-magazin-fr-kmu","https:\/\/www.xing.com\/news\/pages\/organisator-ch-695","https:\/\/www.youtube.com\/channel\/UCGP2Sq0iWaZwT3BdIAQFYpw"]},{"@type":"Person","@id":"https:\/\/www.organisator.ch\/#\/schema\/person\/6f650f90b2842cd4c0cc334b4e36f67e","name":"thomas.berner","image":{"@type":"ImageObject","inLanguage":"en-US","@id":"https:\/\/secure.gravatar.com\/avatar\/ac5001d2a36cb6c6cd3e50789007ffca834b477b74a2144564522e944eabff61?s=96&d=mm&r=g","url":"https:\/\/secure.gravatar.com\/avatar\/ac5001d2a36cb6c6cd3e50789007ffca834b477b74a2144564522e944eabff61?s=96&d=mm&r=g","contentUrl":"https:\/\/secure.gravatar.com\/avatar\/ac5001d2a36cb6c6cd3e50789007ffca834b477b74a2144564522e944eabff61?s=96&d=mm&r=g","caption":"thomas.berner"},"url":"https:\/\/www.organisator.ch\/en\/author\/thomas-berner\/"}]}},"_links":{"self":[{"href":"https:\/\/www.organisator.ch\/en\/wp-json\/wp\/v2\/posts\/4389","targetHints":{"allow":["GET"]}}],"collection":[{"href":"https:\/\/www.organisator.ch\/en\/wp-json\/wp\/v2\/posts"}],"about":[{"href":"https:\/\/www.organisator.ch\/en\/wp-json\/wp\/v2\/types\/post"}],"author":[{"embeddable":true,"href":"https:\/\/www.organisator.ch\/en\/wp-json\/wp\/v2\/users\/4"}],"replies":[{"embeddable":true,"href":"https:\/\/www.organisator.ch\/en\/wp-json\/wp\/v2\/comments?post=4389"}],"version-history":[{"count":0,"href":"https:\/\/www.organisator.ch\/en\/wp-json\/wp\/v2\/posts\/4389\/revisions"}],"wp:featuredmedia":[{"embeddable":true,"href":"https:\/\/www.organisator.ch\/en\/wp-json\/wp\/v2\/media\/4390"}],"wp:attachment":[{"href":"https:\/\/www.organisator.ch\/en\/wp-json\/wp\/v2\/media?parent=4389"}],"wp:term":[{"taxonomy":"category","embeddable":true,"href":"https:\/\/www.organisator.ch\/en\/wp-json\/wp\/v2\/categories?post=4389"},{"taxonomy":"post_tag","embeddable":true,"href":"https:\/\/www.organisator.ch\/en\/wp-json\/wp\/v2\/tags?post=4389"}],"curies":[{"name":"wp","href":"https:\/\/api.w.org\/{rel}","templated":true}]}}