{"id":4396,"date":"2018-10-19T14:00:24","date_gmt":"2018-10-19T12:00:24","guid":{"rendered":"https:\/\/www.organisator.ch\/?p=4396"},"modified":"2018-10-19T14:00:24","modified_gmt":"2018-10-19T12:00:24","slug":"schweizer-bevoelkerung-zufrieden-im-job-aber-schlecht-vorbereitet-fuer-die-zukuenftige-arbeitswelt","status":"publish","type":"post","link":"https:\/\/www.organisator.ch\/en\/management\/2018-10-19\/schweizer-bevoelkerung-zufrieden-im-job-aber-schlecht-vorbereitet-fuer-die-zukuenftige-arbeitswelt\/","title":{"rendered":"Swiss population: Satisfied in their jobs, but poorly prepared for the future world of work"},"content":{"rendered":"<figure id=\"attachment_4397\" aria-describedby=\"caption-attachment-4397\" style=\"width: 640px\" class=\"wp-caption alignnone\"><img loading=\"lazy\" decoding=\"async\" class=\"size-full wp-image-4397\" src=\"https:\/\/www.organisator.ch\/wp-content\/uploads\/2018\/10\/Schweizer-Bevoelkerung-Zufrieden-im-Job-aber-schlecht-vorbereitet-fuer-die-zukuenftige-Arbeitswelt_Organisator.jpg\" alt=\"\" width=\"640\" height=\"434\" srcset=\"https:\/\/www.organisator.ch\/wp-content\/uploads\/2018\/10\/Schweizer-Bevoelkerung-Zufrieden-im-Job-aber-schlecht-vorbereitet-fuer-die-zukuenftige-Arbeitswelt_Organisator.jpg 640w, https:\/\/www.organisator.ch\/wp-content\/uploads\/2018\/10\/Schweizer-Bevoelkerung-Zufrieden-im-Job-aber-schlecht-vorbereitet-fuer-die-zukuenftige-Arbeitswelt_Organisator-16x12.jpg 16w, https:\/\/www.organisator.ch\/wp-content\/uploads\/2018\/10\/Schweizer-Bevoelkerung-Zufrieden-im-Job-aber-schlecht-vorbereitet-fuer-die-zukuenftige-Arbeitswelt_Organisator-258x175.jpg 258w, https:\/\/www.organisator.ch\/wp-content\/uploads\/2018\/10\/Schweizer-Bevoelkerung-Zufrieden-im-Job-aber-schlecht-vorbereitet-fuer-die-zukuenftige-Arbeitswelt_Organisator-516x350.jpg 516w, https:\/\/www.organisator.ch\/wp-content\/uploads\/2018\/10\/Schweizer-Bevoelkerung-Zufrieden-im-Job-aber-schlecht-vorbereitet-fuer-die-zukuenftige-Arbeitswelt_Organisator-300x203.jpg 300w\" sizes=\"auto, (max-width: 640px) 100vw, 640px\" \/><figcaption id=\"caption-attachment-4397\" class=\"wp-caption-text\">The future world of work: not everyone feels equally well prepared for it. Men, academics, the self-employed and high earners are best... (Image: Fotolia.com)<\/figcaption><\/figure>\n<p>86 percent of Swiss people are satisfied with their jobs. This is the finding of a study by EY presented on October 19. The auditing and consulting firm conducted a survey of 2025 people aged 16 and older throughout Switzerland between August 24 and 31. The results were weighted by age, gender and region as part of the initial sample representative of the population.<\/p>\n<h2>Future-proofing your own job - but others'?<\/h2>\n<p>In addition to the high level of job satisfaction, the study also shows that 77 percent rate their job as secure for the future. 44 percent also believe that their job will be even more attractive in the future. The survey also shows that the most important elements of a good job are variety, flexibility and personal contact with colleagues. But salary and bonuses are also still seen as important, by men somewhat more than by women.<\/p>\n<p>But: 63 percent of the Swiss also assume that there will be fewer jobs in the future - actually a contradiction to the above-mentioned finding. \"The discrepancy between the two statements shows that there is a certain displacement regarding one's own concern,\" EY informs in its press release on the study. People are particularly critical of automation and current demographic developments. At the same time, however, Swiss people also see opportunities in the future through increased flexibility in business models, such as the sharing economy. The survey shows that people see not just one form of change, but numerous different facets. \"Our experience with companies also shows that the future of work involves an enormous number of different elements and that there is no one clear picture of it,\" says Gerard Osei Bonsu, Head of Personal Advisory Service (PAS) at EY in Switzerland.<\/p>\n<h2>Women do not feel well equipped for future world of work<\/h2>\n<p>Less than half (49 percent) of those surveyed feel well prepared for the working world of the future. What is particularly striking here is that, in addition to people with poorer education and low salaries, it is primarily women who take a critical view of the future. This is all the more surprising in view of the fact that today's economically active generations have more well-educated women than probably ever before. Focusing solely on promoting women in technical professions - against the backdrop of the digital transformation - is likely to fall short here. Culture and society must change in equal measure. Tobias Sattler, Associate Partner at EY and responsible for organizational and cultural change, sees differences in this regard from Anglo-Saxon or Scandinavian cultures, for example, where the fact that women can work and at the same time reconcile family and partnership is much more socially accepted than perhaps in Switzerland.<\/p>\n<h2>The future working world will be demanding - companies challenged<\/h2>\n<p>The respondents largely agree that the future will be demanding. 84 percent state that stress at work will increase and more performance will be required. Seventy-six percent also believe that we will increasingly share our daily lives with robots. There are different opinions among those surveyed about who should bear responsibility for the changes. The majority (44 percent) see companies as having a duty to provide enough jobs, while 26 percent see the state as responsible. Surprisingly, it is mainly the 16 to 24 year-olds who assign a central role to the state (45 percent). The proportion of people who see responsibility as lying with themselves is low, and still highest among those who are 55 or older.<\/p>\n<p>The challenge is therefore to the companies. One conclusion drawn from the study results is that they must implement continuous change as the norm in their organizations. This makes it easier for employees to change their own attitude toward change processes and to focus on continuous learning. The latter in particular, lifelong learning, should be encouraged by companies. If this succeeds, attitudes toward the future world of work are likely to improve further.<\/p>\n<p><em>Source: <a href=\"http:\/\/www.ey.com\">www.ey.com<\/a><\/em><\/p>\n<p>&nbsp;<\/p>","protected":false},"excerpt":{"rendered":"<p>86 Prozent der Schweizerinnen und Schweizer sind mit ihrem Job zufrieden. Dies zeigt eine am 19. Oktober vorgestellte Studie von EY. Das Wirtschaftspr\u00fcfungs- und Beratungsunternehmen hat zwischen dem 24. und 31. August eine Befragung von 2025 Personen ab 16 Jahren in der gesamten Schweiz durchgef\u00fchrt. Die Ergebnisse wurden im Rahmen der Ausgangsstichprobe bev\u00f6lkerungsrepr\u00e4sentativ nach Alter, [&hellip;]<\/p>\n","protected":false},"author":4,"featured_media":4397,"comment_status":"open","ping_status":"open","sticky":false,"template":"","format":"standard","meta":{"_acf_changed":false,"_yoast_wpseo_focuskw":"zuk\u00fcnftige Arbeitswelt","_yoast_wpseo_metadesc":"Eine aktuelle Studie von EY zeigt, dass mehr als die H\u00e4lfte der Menschen in der Schweiz sich nicht gut auf die zuk\u00fcnftige Arbeitswelt vorbereitet f\u00fchlt.","articlekey":"","footnotes":""},"categories":[28],"tags":[58,156,335,459,508],"class_list":["post-4396","post","type-post","status-publish","format-standard","has-post-thumbnail","hentry","category-management","tag-arbeitszufriedenheit","tag-digitalisierung","tag-management-und-unternehmensfuehrung","tag-studie","tag-vermischtes"],"acf":[],"yoast_head":"<!-- This site is optimized with the Yoast SEO plugin v27.5 - https:\/\/yoast.com\/product\/yoast-seo-wordpress\/ -->\n<title>Schweizer Bev\u00f6lkerung: Zufrieden im Job, aber schlecht vorbereitet f\u00fcr die zuk\u00fcnftige Arbeitswelt - Organisator<\/title>\n<meta name=\"description\" content=\"Eine aktuelle Studie von EY zeigt, dass mehr als die H\u00e4lfte der Menschen in der Schweiz sich nicht gut auf die zuk\u00fcnftige Arbeitswelt vorbereitet f\u00fchlt.\" \/>\n<meta name=\"robots\" content=\"index, follow, max-snippet:-1, max-image-preview:large, max-video-preview:-1\" \/>\n<link rel=\"canonical\" href=\"https:\/\/www.organisator.ch\/en\/management\/2018-10-19\/schweizer-bevoelkerung-zufrieden-im-job-aber-schlecht-vorbereitet-fuer-die-zukuenftige-arbeitswelt\/\" \/>\n<meta property=\"og:locale\" content=\"en_US\" \/>\n<meta property=\"og:type\" content=\"article\" \/>\n<meta property=\"og:title\" content=\"Schweizer Bev\u00f6lkerung: Zufrieden im Job, aber schlecht vorbereitet f\u00fcr die zuk\u00fcnftige Arbeitswelt\" \/>\n<meta property=\"og:description\" content=\"Eine aktuelle Studie von EY zeigt, dass mehr als die H\u00e4lfte der Menschen in der Schweiz sich nicht gut auf die zuk\u00fcnftige Arbeitswelt vorbereitet f\u00fchlt.\" \/>\n<meta property=\"og:url\" content=\"https:\/\/www.organisator.ch\/en\/management\/2018-10-19\/schweizer-bevoelkerung-zufrieden-im-job-aber-schlecht-vorbereitet-fuer-die-zukuenftige-arbeitswelt\/\" \/>\n<meta property=\"og:site_name\" content=\"Organisator\" \/>\n<meta property=\"article:publisher\" content=\"https:\/\/www.facebook.com\/OrganisatorFachmagazin\" \/>\n<meta property=\"article:published_time\" content=\"2018-10-19T12:00:24+00:00\" \/>\n<meta property=\"og:image\" content=\"https:\/\/www.organisator.ch\/wp-content\/uploads\/2018\/10\/Schweizer-Bevoelkerung-Zufrieden-im-Job-aber-schlecht-vorbereitet-fuer-die-zukuenftige-Arbeitswelt_Organisator.jpg\" \/>\n\t<meta property=\"og:image:width\" content=\"640\" \/>\n\t<meta property=\"og:image:height\" content=\"434\" \/>\n\t<meta property=\"og:image:type\" content=\"image\/jpeg\" \/>\n<meta name=\"author\" content=\"thomas.berner\" \/>\n<meta name=\"twitter:card\" content=\"summary_large_image\" \/>\n<meta name=\"twitter:title\" content=\"Schweizer Bev\u00f6lkerung: Zufrieden im Job, aber schlecht vorbereitet f\u00fcr die zuk\u00fcnftige #Arbeitswelt\" \/>\n<meta name=\"twitter:description\" content=\"Eine aktuelle Studie von #EY zeigt, dass mehr als die H\u00e4lfte der Menschen in der Schweiz sich nicht gut auf die zuk\u00fcnftige #Arbeitswelt vorbereitet f\u00fchlt.\" \/>\n<meta name=\"twitter:image\" content=\"https:\/\/www.organisator.ch\/wp-content\/uploads\/2018\/10\/Schweizer-Bev\u00f6lkerung-Zufrieden-im-Job-aber-schlecht-vorbereitet-f\u00fcr-die-zuk\u00fcnftige-Arbeitswelt_Organisator.jpg\" \/>\n<script type=\"application\/ld+json\" class=\"yoast-schema-graph\">{\"@context\":\"https:\\\/\\\/schema.org\",\"@graph\":[{\"@type\":\"Article\",\"@id\":\"https:\\\/\\\/www.organisator.ch\\\/management\\\/2018-10-19\\\/schweizer-bevoelkerung-zufrieden-im-job-aber-schlecht-vorbereitet-fuer-die-zukuenftige-arbeitswelt\\\/#article\",\"isPartOf\":{\"@id\":\"https:\\\/\\\/www.organisator.ch\\\/management\\\/2018-10-19\\\/schweizer-bevoelkerung-zufrieden-im-job-aber-schlecht-vorbereitet-fuer-die-zukuenftige-arbeitswelt\\\/\"},\"author\":{\"name\":\"thomas.berner\",\"@id\":\"https:\\\/\\\/www.organisator.ch\\\/#\\\/schema\\\/person\\\/6f650f90b2842cd4c0cc334b4e36f67e\"},\"headline\":\"Schweizer Bev\u00f6lkerung: Zufrieden im Job, aber schlecht vorbereitet f\u00fcr die zuk\u00fcnftige Arbeitswelt\",\"datePublished\":\"2018-10-19T12:00:24+00:00\",\"mainEntityOfPage\":{\"@id\":\"https:\\\/\\\/www.organisator.ch\\\/management\\\/2018-10-19\\\/schweizer-bevoelkerung-zufrieden-im-job-aber-schlecht-vorbereitet-fuer-die-zukuenftige-arbeitswelt\\\/\"},\"wordCount\":712,\"commentCount\":1,\"publisher\":{\"@id\":\"https:\\\/\\\/www.organisator.ch\\\/#organization\"},\"image\":{\"@id\":\"https:\\\/\\\/www.organisator.ch\\\/management\\\/2018-10-19\\\/schweizer-bevoelkerung-zufrieden-im-job-aber-schlecht-vorbereitet-fuer-die-zukuenftige-arbeitswelt\\\/#primaryimage\"},\"thumbnailUrl\":\"https:\\\/\\\/www.organisator.ch\\\/wp-content\\\/uploads\\\/2018\\\/10\\\/Schweizer-Bevoelkerung-Zufrieden-im-Job-aber-schlecht-vorbereitet-fuer-die-zukuenftige-Arbeitswelt_Organisator.jpg\",\"keywords\":[\"Arbeitszufriedenheit\",\"Digitalisierung\",\"Management und Unternehmensf\u00fchrung\",\"Studie\",\"Vermischtes\"],\"articleSection\":[\"MANAGEMENT\"],\"inLanguage\":\"en-US\"},{\"@type\":\"WebPage\",\"@id\":\"https:\\\/\\\/www.organisator.ch\\\/management\\\/2018-10-19\\\/schweizer-bevoelkerung-zufrieden-im-job-aber-schlecht-vorbereitet-fuer-die-zukuenftige-arbeitswelt\\\/\",\"url\":\"https:\\\/\\\/www.organisator.ch\\\/management\\\/2018-10-19\\\/schweizer-bevoelkerung-zufrieden-im-job-aber-schlecht-vorbereitet-fuer-die-zukuenftige-arbeitswelt\\\/\",\"name\":\"Schweizer Bev\u00f6lkerung: Zufrieden im Job, aber schlecht vorbereitet f\u00fcr die zuk\u00fcnftige Arbeitswelt - Organisator\",\"isPartOf\":{\"@id\":\"https:\\\/\\\/www.organisator.ch\\\/#website\"},\"primaryImageOfPage\":{\"@id\":\"https:\\\/\\\/www.organisator.ch\\\/management\\\/2018-10-19\\\/schweizer-bevoelkerung-zufrieden-im-job-aber-schlecht-vorbereitet-fuer-die-zukuenftige-arbeitswelt\\\/#primaryimage\"},\"image\":{\"@id\":\"https:\\\/\\\/www.organisator.ch\\\/management\\\/2018-10-19\\\/schweizer-bevoelkerung-zufrieden-im-job-aber-schlecht-vorbereitet-fuer-die-zukuenftige-arbeitswelt\\\/#primaryimage\"},\"thumbnailUrl\":\"https:\\\/\\\/www.organisator.ch\\\/wp-content\\\/uploads\\\/2018\\\/10\\\/Schweizer-Bevoelkerung-Zufrieden-im-Job-aber-schlecht-vorbereitet-fuer-die-zukuenftige-Arbeitswelt_Organisator.jpg\",\"datePublished\":\"2018-10-19T12:00:24+00:00\",\"description\":\"Eine aktuelle Studie von EY zeigt, dass mehr als die H\u00e4lfte der Menschen in der Schweiz sich nicht gut auf die zuk\u00fcnftige Arbeitswelt vorbereitet f\u00fchlt.\",\"breadcrumb\":{\"@id\":\"https:\\\/\\\/www.organisator.ch\\\/management\\\/2018-10-19\\\/schweizer-bevoelkerung-zufrieden-im-job-aber-schlecht-vorbereitet-fuer-die-zukuenftige-arbeitswelt\\\/#breadcrumb\"},\"inLanguage\":\"en-US\",\"potentialAction\":[{\"@type\":\"ReadAction\",\"target\":[\"https:\\\/\\\/www.organisator.ch\\\/management\\\/2018-10-19\\\/schweizer-bevoelkerung-zufrieden-im-job-aber-schlecht-vorbereitet-fuer-die-zukuenftige-arbeitswelt\\\/\"]}]},{\"@type\":\"ImageObject\",\"inLanguage\":\"en-US\",\"@id\":\"https:\\\/\\\/www.organisator.ch\\\/management\\\/2018-10-19\\\/schweizer-bevoelkerung-zufrieden-im-job-aber-schlecht-vorbereitet-fuer-die-zukuenftige-arbeitswelt\\\/#primaryimage\",\"url\":\"https:\\\/\\\/www.organisator.ch\\\/wp-content\\\/uploads\\\/2018\\\/10\\\/Schweizer-Bevoelkerung-Zufrieden-im-Job-aber-schlecht-vorbereitet-fuer-die-zukuenftige-Arbeitswelt_Organisator.jpg\",\"contentUrl\":\"https:\\\/\\\/www.organisator.ch\\\/wp-content\\\/uploads\\\/2018\\\/10\\\/Schweizer-Bevoelkerung-Zufrieden-im-Job-aber-schlecht-vorbereitet-fuer-die-zukuenftige-Arbeitswelt_Organisator.jpg\",\"width\":640,\"height\":434,\"caption\":\"Die zuk\u00fcnftige Arbeitswelt: Nicht alle f\u00fchlen sich gleich gut vorbereitet darauf. Am besten M\u00e4nner, Akademiker, Selbst\u00e4ndige und Besserverdiener... (Bild: Fotolia.com)\"},{\"@type\":\"BreadcrumbList\",\"@id\":\"https:\\\/\\\/www.organisator.ch\\\/management\\\/2018-10-19\\\/schweizer-bevoelkerung-zufrieden-im-job-aber-schlecht-vorbereitet-fuer-die-zukuenftige-arbeitswelt\\\/#breadcrumb\",\"itemListElement\":[{\"@type\":\"ListItem\",\"position\":1,\"name\":\"Home\",\"item\":\"https:\\\/\\\/www.organisator.ch\\\/\"},{\"@type\":\"ListItem\",\"position\":2,\"name\":\"Schweizer Bev\u00f6lkerung: Zufrieden im Job, aber schlecht vorbereitet f\u00fcr die zuk\u00fcnftige Arbeitswelt\"}]},{\"@type\":\"WebSite\",\"@id\":\"https:\\\/\\\/www.organisator.ch\\\/#website\",\"url\":\"https:\\\/\\\/www.organisator.ch\\\/\",\"name\":\"Organisator\",\"description\":\"Kompetent. Praxisnah. Der ORGANISATOR bereitet in 10 Ausgaben pro Jahr die wesentlichen Themen f\u00fcr F\u00fchrungskr\u00e4fte von KMU auf.\",\"publisher\":{\"@id\":\"https:\\\/\\\/www.organisator.ch\\\/#organization\"},\"potentialAction\":[{\"@type\":\"SearchAction\",\"target\":{\"@type\":\"EntryPoint\",\"urlTemplate\":\"https:\\\/\\\/www.organisator.ch\\\/?s={search_term_string}\"},\"query-input\":{\"@type\":\"PropertyValueSpecification\",\"valueRequired\":true,\"valueName\":\"search_term_string\"}}],\"inLanguage\":\"en-US\"},{\"@type\":\"Organization\",\"@id\":\"https:\\\/\\\/www.organisator.ch\\\/#organization\",\"name\":\"Organisator\",\"url\":\"https:\\\/\\\/www.organisator.ch\\\/\",\"logo\":{\"@type\":\"ImageObject\",\"inLanguage\":\"en-US\",\"@id\":\"https:\\\/\\\/www.organisator.ch\\\/#\\\/schema\\\/logo\\\/image\\\/\",\"url\":\"https:\\\/\\\/www.organisator.ch\\\/wp-content\\\/uploads\\\/2022\\\/01\\\/Logo_Organisator_Website.png\",\"contentUrl\":\"https:\\\/\\\/www.organisator.ch\\\/wp-content\\\/uploads\\\/2022\\\/01\\\/Logo_Organisator_Website.png\",\"width\":800,\"height\":77,\"caption\":\"Organisator\"},\"image\":{\"@id\":\"https:\\\/\\\/www.organisator.ch\\\/#\\\/schema\\\/logo\\\/image\\\/\"},\"sameAs\":[\"https:\\\/\\\/www.facebook.com\\\/OrganisatorFachmagazin\",\"https:\\\/\\\/www.linkedin.com\\\/showcase\\\/organisator-das-magazin-fr-kmu\",\"https:\\\/\\\/www.xing.com\\\/news\\\/pages\\\/organisator-ch-695\",\"https:\\\/\\\/www.youtube.com\\\/channel\\\/UCGP2Sq0iWaZwT3BdIAQFYpw\"]},{\"@type\":\"Person\",\"@id\":\"https:\\\/\\\/www.organisator.ch\\\/#\\\/schema\\\/person\\\/6f650f90b2842cd4c0cc334b4e36f67e\",\"name\":\"thomas.berner\",\"image\":{\"@type\":\"ImageObject\",\"inLanguage\":\"en-US\",\"@id\":\"https:\\\/\\\/secure.gravatar.com\\\/avatar\\\/ac5001d2a36cb6c6cd3e50789007ffca834b477b74a2144564522e944eabff61?s=96&d=mm&r=g\",\"url\":\"https:\\\/\\\/secure.gravatar.com\\\/avatar\\\/ac5001d2a36cb6c6cd3e50789007ffca834b477b74a2144564522e944eabff61?s=96&d=mm&r=g\",\"contentUrl\":\"https:\\\/\\\/secure.gravatar.com\\\/avatar\\\/ac5001d2a36cb6c6cd3e50789007ffca834b477b74a2144564522e944eabff61?s=96&d=mm&r=g\",\"caption\":\"thomas.berner\"},\"url\":\"https:\\\/\\\/www.organisator.ch\\\/en\\\/author\\\/thomas-berner\\\/\"}]}<\/script>\n<!-- \/ Yoast SEO plugin. -->","yoast_head_json":{"title":"Swiss population: Satisfied in their jobs, but poorly prepared for the future world of work - Organizer","description":"A recent study by EY shows that more than half of the people in Switzerland do not feel well prepared for the future world of work.","robots":{"index":"index","follow":"follow","max-snippet":"max-snippet:-1","max-image-preview":"max-image-preview:large","max-video-preview":"max-video-preview:-1"},"canonical":"https:\/\/www.organisator.ch\/en\/management\/2018-10-19\/schweizer-bevoelkerung-zufrieden-im-job-aber-schlecht-vorbereitet-fuer-die-zukuenftige-arbeitswelt\/","og_locale":"en_US","og_type":"article","og_title":"Schweizer Bev\u00f6lkerung: Zufrieden im Job, aber schlecht vorbereitet f\u00fcr die zuk\u00fcnftige Arbeitswelt","og_description":"Eine aktuelle Studie von EY zeigt, dass mehr als die H\u00e4lfte der Menschen in der Schweiz sich nicht gut auf die zuk\u00fcnftige Arbeitswelt vorbereitet f\u00fchlt.","og_url":"https:\/\/www.organisator.ch\/en\/management\/2018-10-19\/schweizer-bevoelkerung-zufrieden-im-job-aber-schlecht-vorbereitet-fuer-die-zukuenftige-arbeitswelt\/","og_site_name":"Organisator","article_publisher":"https:\/\/www.facebook.com\/OrganisatorFachmagazin","article_published_time":"2018-10-19T12:00:24+00:00","og_image":[{"width":640,"height":434,"url":"https:\/\/www.organisator.ch\/wp-content\/uploads\/2018\/10\/Schweizer-Bevoelkerung-Zufrieden-im-Job-aber-schlecht-vorbereitet-fuer-die-zukuenftige-Arbeitswelt_Organisator.jpg","type":"image\/jpeg"}],"author":"thomas.berner","twitter_card":"summary_large_image","twitter_title":"Schweizer Bev\u00f6lkerung: Zufrieden im Job, aber schlecht vorbereitet f\u00fcr die zuk\u00fcnftige #Arbeitswelt","twitter_description":"Eine aktuelle Studie von #EY zeigt, dass mehr als die H\u00e4lfte der Menschen in der Schweiz sich nicht gut auf die zuk\u00fcnftige #Arbeitswelt vorbereitet f\u00fchlt.","twitter_image":"https:\/\/www.organisator.ch\/wp-content\/uploads\/2018\/10\/Schweizer-Bev\u00f6lkerung-Zufrieden-im-Job-aber-schlecht-vorbereitet-f\u00fcr-die-zuk\u00fcnftige-Arbeitswelt_Organisator.jpg","schema":{"@context":"https:\/\/schema.org","@graph":[{"@type":"Article","@id":"https:\/\/www.organisator.ch\/management\/2018-10-19\/schweizer-bevoelkerung-zufrieden-im-job-aber-schlecht-vorbereitet-fuer-die-zukuenftige-arbeitswelt\/#article","isPartOf":{"@id":"https:\/\/www.organisator.ch\/management\/2018-10-19\/schweizer-bevoelkerung-zufrieden-im-job-aber-schlecht-vorbereitet-fuer-die-zukuenftige-arbeitswelt\/"},"author":{"name":"thomas.berner","@id":"https:\/\/www.organisator.ch\/#\/schema\/person\/6f650f90b2842cd4c0cc334b4e36f67e"},"headline":"Schweizer Bev\u00f6lkerung: Zufrieden im Job, aber schlecht vorbereitet f\u00fcr die zuk\u00fcnftige Arbeitswelt","datePublished":"2018-10-19T12:00:24+00:00","mainEntityOfPage":{"@id":"https:\/\/www.organisator.ch\/management\/2018-10-19\/schweizer-bevoelkerung-zufrieden-im-job-aber-schlecht-vorbereitet-fuer-die-zukuenftige-arbeitswelt\/"},"wordCount":712,"commentCount":1,"publisher":{"@id":"https:\/\/www.organisator.ch\/#organization"},"image":{"@id":"https:\/\/www.organisator.ch\/management\/2018-10-19\/schweizer-bevoelkerung-zufrieden-im-job-aber-schlecht-vorbereitet-fuer-die-zukuenftige-arbeitswelt\/#primaryimage"},"thumbnailUrl":"https:\/\/www.organisator.ch\/wp-content\/uploads\/2018\/10\/Schweizer-Bevoelkerung-Zufrieden-im-Job-aber-schlecht-vorbereitet-fuer-die-zukuenftige-Arbeitswelt_Organisator.jpg","keywords":["Arbeitszufriedenheit","Digitalisierung","Management und Unternehmensf\u00fchrung","Studie","Vermischtes"],"articleSection":["MANAGEMENT"],"inLanguage":"en-US"},{"@type":"WebPage","@id":"https:\/\/www.organisator.ch\/management\/2018-10-19\/schweizer-bevoelkerung-zufrieden-im-job-aber-schlecht-vorbereitet-fuer-die-zukuenftige-arbeitswelt\/","url":"https:\/\/www.organisator.ch\/management\/2018-10-19\/schweizer-bevoelkerung-zufrieden-im-job-aber-schlecht-vorbereitet-fuer-die-zukuenftige-arbeitswelt\/","name":"Swiss population: Satisfied in their jobs, but poorly prepared for the future world of work - Organizer","isPartOf":{"@id":"https:\/\/www.organisator.ch\/#website"},"primaryImageOfPage":{"@id":"https:\/\/www.organisator.ch\/management\/2018-10-19\/schweizer-bevoelkerung-zufrieden-im-job-aber-schlecht-vorbereitet-fuer-die-zukuenftige-arbeitswelt\/#primaryimage"},"image":{"@id":"https:\/\/www.organisator.ch\/management\/2018-10-19\/schweizer-bevoelkerung-zufrieden-im-job-aber-schlecht-vorbereitet-fuer-die-zukuenftige-arbeitswelt\/#primaryimage"},"thumbnailUrl":"https:\/\/www.organisator.ch\/wp-content\/uploads\/2018\/10\/Schweizer-Bevoelkerung-Zufrieden-im-Job-aber-schlecht-vorbereitet-fuer-die-zukuenftige-Arbeitswelt_Organisator.jpg","datePublished":"2018-10-19T12:00:24+00:00","description":"A recent study by EY shows that more than half of the people in Switzerland do not feel well prepared for the future world of work.","breadcrumb":{"@id":"https:\/\/www.organisator.ch\/management\/2018-10-19\/schweizer-bevoelkerung-zufrieden-im-job-aber-schlecht-vorbereitet-fuer-die-zukuenftige-arbeitswelt\/#breadcrumb"},"inLanguage":"en-US","potentialAction":[{"@type":"ReadAction","target":["https:\/\/www.organisator.ch\/management\/2018-10-19\/schweizer-bevoelkerung-zufrieden-im-job-aber-schlecht-vorbereitet-fuer-die-zukuenftige-arbeitswelt\/"]}]},{"@type":"ImageObject","inLanguage":"en-US","@id":"https:\/\/www.organisator.ch\/management\/2018-10-19\/schweizer-bevoelkerung-zufrieden-im-job-aber-schlecht-vorbereitet-fuer-die-zukuenftige-arbeitswelt\/#primaryimage","url":"https:\/\/www.organisator.ch\/wp-content\/uploads\/2018\/10\/Schweizer-Bevoelkerung-Zufrieden-im-Job-aber-schlecht-vorbereitet-fuer-die-zukuenftige-Arbeitswelt_Organisator.jpg","contentUrl":"https:\/\/www.organisator.ch\/wp-content\/uploads\/2018\/10\/Schweizer-Bevoelkerung-Zufrieden-im-Job-aber-schlecht-vorbereitet-fuer-die-zukuenftige-Arbeitswelt_Organisator.jpg","width":640,"height":434,"caption":"Die zuk\u00fcnftige Arbeitswelt: Nicht alle f\u00fchlen sich gleich gut vorbereitet darauf. Am besten M\u00e4nner, Akademiker, Selbst\u00e4ndige und Besserverdiener... (Bild: Fotolia.com)"},{"@type":"BreadcrumbList","@id":"https:\/\/www.organisator.ch\/management\/2018-10-19\/schweizer-bevoelkerung-zufrieden-im-job-aber-schlecht-vorbereitet-fuer-die-zukuenftige-arbeitswelt\/#breadcrumb","itemListElement":[{"@type":"ListItem","position":1,"name":"Home","item":"https:\/\/www.organisator.ch\/"},{"@type":"ListItem","position":2,"name":"Schweizer Bev\u00f6lkerung: Zufrieden im Job, aber schlecht vorbereitet f\u00fcr die zuk\u00fcnftige Arbeitswelt"}]},{"@type":"WebSite","@id":"https:\/\/www.organisator.ch\/#website","url":"https:\/\/www.organisator.ch\/","name":"Organizer","description":"Competent. Practical. In 10 issues per year, ORGANISATOR presents the essential topics for managers of SMEs.","publisher":{"@id":"https:\/\/www.organisator.ch\/#organization"},"potentialAction":[{"@type":"SearchAction","target":{"@type":"EntryPoint","urlTemplate":"https:\/\/www.organisator.ch\/?s={search_term_string}"},"query-input":{"@type":"PropertyValueSpecification","valueRequired":true,"valueName":"search_term_string"}}],"inLanguage":"en-US"},{"@type":"Organization","@id":"https:\/\/www.organisator.ch\/#organization","name":"Organizer","url":"https:\/\/www.organisator.ch\/","logo":{"@type":"ImageObject","inLanguage":"en-US","@id":"https:\/\/www.organisator.ch\/#\/schema\/logo\/image\/","url":"https:\/\/www.organisator.ch\/wp-content\/uploads\/2022\/01\/Logo_Organisator_Website.png","contentUrl":"https:\/\/www.organisator.ch\/wp-content\/uploads\/2022\/01\/Logo_Organisator_Website.png","width":800,"height":77,"caption":"Organisator"},"image":{"@id":"https:\/\/www.organisator.ch\/#\/schema\/logo\/image\/"},"sameAs":["https:\/\/www.facebook.com\/OrganisatorFachmagazin","https:\/\/www.linkedin.com\/showcase\/organisator-das-magazin-fr-kmu","https:\/\/www.xing.com\/news\/pages\/organisator-ch-695","https:\/\/www.youtube.com\/channel\/UCGP2Sq0iWaZwT3BdIAQFYpw"]},{"@type":"Person","@id":"https:\/\/www.organisator.ch\/#\/schema\/person\/6f650f90b2842cd4c0cc334b4e36f67e","name":"thomas.berner","image":{"@type":"ImageObject","inLanguage":"en-US","@id":"https:\/\/secure.gravatar.com\/avatar\/ac5001d2a36cb6c6cd3e50789007ffca834b477b74a2144564522e944eabff61?s=96&d=mm&r=g","url":"https:\/\/secure.gravatar.com\/avatar\/ac5001d2a36cb6c6cd3e50789007ffca834b477b74a2144564522e944eabff61?s=96&d=mm&r=g","contentUrl":"https:\/\/secure.gravatar.com\/avatar\/ac5001d2a36cb6c6cd3e50789007ffca834b477b74a2144564522e944eabff61?s=96&d=mm&r=g","caption":"thomas.berner"},"url":"https:\/\/www.organisator.ch\/en\/author\/thomas-berner\/"}]}},"_links":{"self":[{"href":"https:\/\/www.organisator.ch\/en\/wp-json\/wp\/v2\/posts\/4396","targetHints":{"allow":["GET"]}}],"collection":[{"href":"https:\/\/www.organisator.ch\/en\/wp-json\/wp\/v2\/posts"}],"about":[{"href":"https:\/\/www.organisator.ch\/en\/wp-json\/wp\/v2\/types\/post"}],"author":[{"embeddable":true,"href":"https:\/\/www.organisator.ch\/en\/wp-json\/wp\/v2\/users\/4"}],"replies":[{"embeddable":true,"href":"https:\/\/www.organisator.ch\/en\/wp-json\/wp\/v2\/comments?post=4396"}],"version-history":[{"count":0,"href":"https:\/\/www.organisator.ch\/en\/wp-json\/wp\/v2\/posts\/4396\/revisions"}],"wp:featuredmedia":[{"embeddable":true,"href":"https:\/\/www.organisator.ch\/en\/wp-json\/wp\/v2\/media\/4397"}],"wp:attachment":[{"href":"https:\/\/www.organisator.ch\/en\/wp-json\/wp\/v2\/media?parent=4396"}],"wp:term":[{"taxonomy":"category","embeddable":true,"href":"https:\/\/www.organisator.ch\/en\/wp-json\/wp\/v2\/categories?post=4396"},{"taxonomy":"post_tag","embeddable":true,"href":"https:\/\/www.organisator.ch\/en\/wp-json\/wp\/v2\/tags?post=4396"}],"curies":[{"name":"wp","href":"https:\/\/api.w.org\/{rel}","templated":true}]}}