{"id":43962,"date":"2026-01-29T10:01:48","date_gmt":"2026-01-29T09:01:48","guid":{"rendered":"https:\/\/www.markt-kom.com\/de\/?p=250015"},"modified":"2026-01-29T13:55:26","modified_gmt":"2026-01-29T12:55:26","slug":"rivella-und-schoeni-transport-setzen-auf-elektromobilitaet","status":"publish","type":"post","link":"https:\/\/www.organisator.ch\/en\/sustainability\/2026-01-29\/rivella-und-schoeni-transport-setzen-auf-elektromobilitaet\/","title":{"rendered":"Rivella and Sch\u00f6ni Transport rely on electromobility"},"content":{"rendered":"<figure><img src=\"https:\/\/www.markt-kom.com\/wp-content\/uploads\/2026\/01\/2026_Rivella_E-LKW__7_.jpg\" alt=\"Land vehicle, Mode of transport, Vehicle\" \/>\r\n<figcaption>The new e-trucks in the eye-catching Rivella design transport the drinks across Switzerland in a climate-friendly way. Source: zvg<\/figcaption>\r\n<\/figure>\r\n<p>The eye-catching red and light blue canvas design makes it impossible to overlook what is on the road here in an environmentally friendly way: Rivella and Focuswater drinks, delivered by Sch\u00f6ni Transport. The new Renault E-Tech e-trucks, model T BEV 6\u00d72, are another joint project by the two Rothrist-based family businesses to benefit the environment. A hydrogen truck in Rivella design, \u00abHydrollino\u00bb, has already been driving on Swiss roads for four years.<\/p>\r\n<h2>Sch\u00f6ni continues to expand its e-fleet<\/h2>\r\n<p>With the four new vehicles, Sch\u00f6ni Transport is expanding its electric fleet to a total of 15 trucks in national use. This brings the company a step closer to its ambitious sustainability goals: \u00abSince 2025, we have been operating our national fleet more than 90 percent fossil-free,\u00bb explains owner Daniel Sch\u00f6ni. By 2030, emissions in Scope 1 and 2 are also to be reduced by 30% compared to the reference year 2023. \u00abThe new Rivella e-trucks are another important step for us on this path.\u00bb<\/p>\r\n<p>In the medium term, Sch\u00f6ni plans to expand its e-fleet to 30 vehicles. The electric trucks are charged at one of the company's eight charging stations - including with the company's own solar power from the roof of the logistics center in Rothrist.<\/p>\r\n<h2>Together for net zero<\/h2>\r\n<p>For the Rivella Group, the e-trucks are also a strong signal in terms of climate protection. \u00abWe believe in electromobility as a promising solution for the future. The fact that our beverages are now being delivered to our customers not only with hydrogen and bio-diesel, but now also with solar power, is very pleasing. As a company, we can only achieve net zero together,\u00bb says Maarten Lauwerijssen, Head of Technology &amp; Innovation and in this role responsible for the Rivella Group's sustainability efforts.<\/p>\r\n<p>The beverage manufacturer has already made great progress in its direct emissions in recent years thanks to the consistent use of hydro and solar power as well as new, energy- and water-efficient facilities. In order to achieve the net-zero target in the long term, it relies on partners who are following the same path - such as Sch\u00f6ni Transport with its commitment to fossil-free logistics.<\/p>\r\n<p>The four new Renault E-Tech T BEV 6\u00d72 electric trucks have a battery capacity of 540 kWh and a range of up to 360 kilometers. The total weight of the train is 42 tons, with an expected payload of 22,800 kilograms - the equivalent of around 36 pallets or 46,656 half-litre Rivella bottles. In October 2025, Sch\u00f6ni was awarded the Swiss Climate Label for the fifth time - this time with the \u2019Bronze\u2019 label.<\/p>","protected":false},"excerpt":{"rendered":"<p>The Rivella Group and Sch\u00f6ni Transport are expanding their collaboration in the name of sustainability: four new electric trucks will transport the Rivella Group's beverages across Switzerland in future - using solar power from the roof of the logistics center in Rothrist, among other things.<\/p>","protected":false},"author":107,"featured_media":0,"comment_status":"closed","ping_status":"closed","sticky":false,"template":"","format":"standard","meta":{"_acf_changed":false,"_yoast_wpseo_focuskw":"Elektromobilit\u00e4t","_yoast_wpseo_metadesc":"Die Rivella Group und die Sch\u00f6ni Transport erweitern ihre Zusammenarbeit im Zeichen der Nachhaltigkeit und bauen die Elektromobilit\u00e4t aus.","articlekey":"","footnotes":""},"categories":[580],"tags":[1038,328,358,2758],"class_list":["post-43962","post","type-post","status-publish","format-standard","hentry","category-sustainability","tag-elektromobilitaet","tag-logistik","tag-nachhaltige-wirtschaft","tag-rivella"],"acf":[],"yoast_head":"<!-- This site is optimized with the Yoast SEO plugin v27.5 - https:\/\/yoast.com\/product\/yoast-seo-wordpress\/ -->\n<title>Rivella und Sch\u00f6ni Transport setzen auf Elektromobilit\u00e4t - Organisator<\/title>\n<meta name=\"description\" content=\"Die Rivella Group und die Sch\u00f6ni Transport erweitern ihre Zusammenarbeit im Zeichen der Nachhaltigkeit und bauen die Elektromobilit\u00e4t aus.\" \/>\n<meta name=\"robots\" content=\"index, follow, max-snippet:-1, max-image-preview:large, max-video-preview:-1\" \/>\n<link rel=\"canonical\" href=\"https:\/\/www.organisator.ch\/en\/sustainability\/2026-01-29\/rivella-und-schoeni-transport-setzen-auf-elektromobilitaet\/\" \/>\n<meta property=\"og:locale\" content=\"en_US\" \/>\n<meta property=\"og:type\" content=\"article\" \/>\n<meta property=\"og:title\" content=\"Rivella und Sch\u00f6ni Transport setzen auf Elektromobilit\u00e4t - Organisator\" \/>\n<meta property=\"og:description\" content=\"Die Rivella Group und die Sch\u00f6ni Transport erweitern ihre Zusammenarbeit im Zeichen der Nachhaltigkeit und bauen die Elektromobilit\u00e4t aus.\" \/>\n<meta property=\"og:url\" content=\"https:\/\/www.organisator.ch\/en\/sustainability\/2026-01-29\/rivella-und-schoeni-transport-setzen-auf-elektromobilitaet\/\" \/>\n<meta property=\"og:site_name\" content=\"Organisator\" \/>\n<meta property=\"article:publisher\" content=\"https:\/\/www.facebook.com\/OrganisatorFachmagazin\" \/>\n<meta property=\"article:published_time\" content=\"2026-01-29T09:01:48+00:00\" \/>\n<meta property=\"article:modified_time\" content=\"2026-01-29T12:55:26+00:00\" \/>\n<meta property=\"og:image\" content=\"https:\/\/www.markt-kom.com\/wp-content\/uploads\/2026\/01\/2026_Rivella_E-LKW__7_.jpg\" \/>\n<meta name=\"author\" content=\"n8n\" \/>\n<meta name=\"twitter:card\" content=\"summary_large_image\" \/>\n<script type=\"application\/ld+json\" class=\"yoast-schema-graph\">{\"@context\":\"https:\\\/\\\/schema.org\",\"@graph\":[{\"@type\":\"Article\",\"@id\":\"https:\\\/\\\/www.organisator.ch\\\/sustainability\\\/2026-01-29\\\/rivella-und-schoeni-transport-setzen-auf-elektromobilitaet\\\/#article\",\"isPartOf\":{\"@id\":\"https:\\\/\\\/www.organisator.ch\\\/sustainability\\\/2026-01-29\\\/rivella-und-schoeni-transport-setzen-auf-elektromobilitaet\\\/\"},\"author\":{\"name\":\"n8n\",\"@id\":\"https:\\\/\\\/www.organisator.ch\\\/#\\\/schema\\\/person\\\/a9d0e0eff238db87a8f840f3b50359f0\"},\"headline\":\"Rivella und Sch\u00f6ni Transport setzen auf Elektromobilit\u00e4t\",\"datePublished\":\"2026-01-29T09:01:48+00:00\",\"dateModified\":\"2026-01-29T12:55:26+00:00\",\"mainEntityOfPage\":{\"@id\":\"https:\\\/\\\/www.organisator.ch\\\/sustainability\\\/2026-01-29\\\/rivella-und-schoeni-transport-setzen-auf-elektromobilitaet\\\/\"},\"wordCount\":406,\"publisher\":{\"@id\":\"https:\\\/\\\/www.organisator.ch\\\/#organization\"},\"image\":{\"@id\":\"https:\\\/\\\/www.organisator.ch\\\/sustainability\\\/2026-01-29\\\/rivella-und-schoeni-transport-setzen-auf-elektromobilitaet\\\/#primaryimage\"},\"thumbnailUrl\":\"https:\\\/\\\/www.markt-kom.com\\\/wp-content\\\/uploads\\\/2026\\\/01\\\/2026_Rivella_E-LKW__7_.jpg\",\"keywords\":[\"Elektromobilit\u00e4t\",\"Logistik\",\"Nachhaltige Wirtschaft\",\"Rivella\"],\"articleSection\":[\"SUSTAINABILITY\"],\"inLanguage\":\"en-US\"},{\"@type\":\"WebPage\",\"@id\":\"https:\\\/\\\/www.organisator.ch\\\/sustainability\\\/2026-01-29\\\/rivella-und-schoeni-transport-setzen-auf-elektromobilitaet\\\/\",\"url\":\"https:\\\/\\\/www.organisator.ch\\\/sustainability\\\/2026-01-29\\\/rivella-und-schoeni-transport-setzen-auf-elektromobilitaet\\\/\",\"name\":\"Rivella und Sch\u00f6ni Transport setzen auf Elektromobilit\u00e4t - Organisator\",\"isPartOf\":{\"@id\":\"https:\\\/\\\/www.organisator.ch\\\/#website\"},\"primaryImageOfPage\":{\"@id\":\"https:\\\/\\\/www.organisator.ch\\\/sustainability\\\/2026-01-29\\\/rivella-und-schoeni-transport-setzen-auf-elektromobilitaet\\\/#primaryimage\"},\"image\":{\"@id\":\"https:\\\/\\\/www.organisator.ch\\\/sustainability\\\/2026-01-29\\\/rivella-und-schoeni-transport-setzen-auf-elektromobilitaet\\\/#primaryimage\"},\"thumbnailUrl\":\"https:\\\/\\\/www.markt-kom.com\\\/wp-content\\\/uploads\\\/2026\\\/01\\\/2026_Rivella_E-LKW__7_.jpg\",\"datePublished\":\"2026-01-29T09:01:48+00:00\",\"dateModified\":\"2026-01-29T12:55:26+00:00\",\"description\":\"Die Rivella Group und die Sch\u00f6ni Transport erweitern ihre Zusammenarbeit im Zeichen der Nachhaltigkeit und bauen die Elektromobilit\u00e4t aus.\",\"breadcrumb\":{\"@id\":\"https:\\\/\\\/www.organisator.ch\\\/sustainability\\\/2026-01-29\\\/rivella-und-schoeni-transport-setzen-auf-elektromobilitaet\\\/#breadcrumb\"},\"inLanguage\":\"en-US\",\"potentialAction\":[{\"@type\":\"ReadAction\",\"target\":[\"https:\\\/\\\/www.organisator.ch\\\/sustainability\\\/2026-01-29\\\/rivella-und-schoeni-transport-setzen-auf-elektromobilitaet\\\/\"]}]},{\"@type\":\"ImageObject\",\"inLanguage\":\"en-US\",\"@id\":\"https:\\\/\\\/www.organisator.ch\\\/sustainability\\\/2026-01-29\\\/rivella-und-schoeni-transport-setzen-auf-elektromobilitaet\\\/#primaryimage\",\"url\":\"https:\\\/\\\/www.markt-kom.com\\\/wp-content\\\/uploads\\\/2026\\\/01\\\/2026_Rivella_E-LKW__7_.jpg\",\"contentUrl\":\"https:\\\/\\\/www.markt-kom.com\\\/wp-content\\\/uploads\\\/2026\\\/01\\\/2026_Rivella_E-LKW__7_.jpg\"},{\"@type\":\"BreadcrumbList\",\"@id\":\"https:\\\/\\\/www.organisator.ch\\\/sustainability\\\/2026-01-29\\\/rivella-und-schoeni-transport-setzen-auf-elektromobilitaet\\\/#breadcrumb\",\"itemListElement\":[{\"@type\":\"ListItem\",\"position\":1,\"name\":\"Home\",\"item\":\"https:\\\/\\\/www.organisator.ch\\\/\"},{\"@type\":\"ListItem\",\"position\":2,\"name\":\"Rivella und Sch\u00f6ni Transport setzen auf Elektromobilit\u00e4t\"}]},{\"@type\":\"WebSite\",\"@id\":\"https:\\\/\\\/www.organisator.ch\\\/#website\",\"url\":\"https:\\\/\\\/www.organisator.ch\\\/\",\"name\":\"Organisator\",\"description\":\"Kompetent. Praxisnah. Der ORGANISATOR bereitet in 10 Ausgaben pro Jahr die wesentlichen Themen f\u00fcr F\u00fchrungskr\u00e4fte von KMU auf.\",\"publisher\":{\"@id\":\"https:\\\/\\\/www.organisator.ch\\\/#organization\"},\"potentialAction\":[{\"@type\":\"SearchAction\",\"target\":{\"@type\":\"EntryPoint\",\"urlTemplate\":\"https:\\\/\\\/www.organisator.ch\\\/?s={search_term_string}\"},\"query-input\":{\"@type\":\"PropertyValueSpecification\",\"valueRequired\":true,\"valueName\":\"search_term_string\"}}],\"inLanguage\":\"en-US\"},{\"@type\":\"Organization\",\"@id\":\"https:\\\/\\\/www.organisator.ch\\\/#organization\",\"name\":\"Organisator\",\"url\":\"https:\\\/\\\/www.organisator.ch\\\/\",\"logo\":{\"@type\":\"ImageObject\",\"inLanguage\":\"en-US\",\"@id\":\"https:\\\/\\\/www.organisator.ch\\\/#\\\/schema\\\/logo\\\/image\\\/\",\"url\":\"https:\\\/\\\/www.organisator.ch\\\/wp-content\\\/uploads\\\/2022\\\/01\\\/Logo_Organisator_Website.png\",\"contentUrl\":\"https:\\\/\\\/www.organisator.ch\\\/wp-content\\\/uploads\\\/2022\\\/01\\\/Logo_Organisator_Website.png\",\"width\":800,\"height\":77,\"caption\":\"Organisator\"},\"image\":{\"@id\":\"https:\\\/\\\/www.organisator.ch\\\/#\\\/schema\\\/logo\\\/image\\\/\"},\"sameAs\":[\"https:\\\/\\\/www.facebook.com\\\/OrganisatorFachmagazin\",\"https:\\\/\\\/www.linkedin.com\\\/showcase\\\/organisator-das-magazin-fr-kmu\",\"https:\\\/\\\/www.xing.com\\\/news\\\/pages\\\/organisator-ch-695\",\"https:\\\/\\\/www.youtube.com\\\/channel\\\/UCGP2Sq0iWaZwT3BdIAQFYpw\"]},{\"@type\":\"Person\",\"@id\":\"https:\\\/\\\/www.organisator.ch\\\/#\\\/schema\\\/person\\\/a9d0e0eff238db87a8f840f3b50359f0\",\"name\":\"n8n\",\"image\":{\"@type\":\"ImageObject\",\"inLanguage\":\"en-US\",\"@id\":\"https:\\\/\\\/secure.gravatar.com\\\/avatar\\\/5368fb9d03fd415a6f335cece4c15af2502d6ca8651efbd6e8f98427a9795400?s=96&d=mm&r=g\",\"url\":\"https:\\\/\\\/secure.gravatar.com\\\/avatar\\\/5368fb9d03fd415a6f335cece4c15af2502d6ca8651efbd6e8f98427a9795400?s=96&d=mm&r=g\",\"contentUrl\":\"https:\\\/\\\/secure.gravatar.com\\\/avatar\\\/5368fb9d03fd415a6f335cece4c15af2502d6ca8651efbd6e8f98427a9795400?s=96&d=mm&r=g\",\"caption\":\"n8n\"},\"url\":\"https:\\\/\\\/www.organisator.ch\\\/en\\\/author\\\/n8n\\\/\"}]}<\/script>\n<!-- \/ Yoast SEO plugin. -->","yoast_head_json":{"title":"Rivella and Sch\u00f6ni Transport focus on electromobility - Organizer","description":"The Rivella Group and Sch\u00f6ni Transport are expanding their cooperation in the field of sustainability and expanding electromobility.","robots":{"index":"index","follow":"follow","max-snippet":"max-snippet:-1","max-image-preview":"max-image-preview:large","max-video-preview":"max-video-preview:-1"},"canonical":"https:\/\/www.organisator.ch\/en\/sustainability\/2026-01-29\/rivella-und-schoeni-transport-setzen-auf-elektromobilitaet\/","og_locale":"en_US","og_type":"article","og_title":"Rivella und Sch\u00f6ni Transport setzen auf Elektromobilit\u00e4t - Organisator","og_description":"Die Rivella Group und die Sch\u00f6ni Transport erweitern ihre Zusammenarbeit im Zeichen der Nachhaltigkeit und bauen die Elektromobilit\u00e4t aus.","og_url":"https:\/\/www.organisator.ch\/en\/sustainability\/2026-01-29\/rivella-und-schoeni-transport-setzen-auf-elektromobilitaet\/","og_site_name":"Organisator","article_publisher":"https:\/\/www.facebook.com\/OrganisatorFachmagazin","article_published_time":"2026-01-29T09:01:48+00:00","article_modified_time":"2026-01-29T12:55:26+00:00","og_image":[{"url":"https:\/\/www.markt-kom.com\/wp-content\/uploads\/2026\/01\/2026_Rivella_E-LKW__7_.jpg","type":"","width":"","height":""}],"author":"n8n","twitter_card":"summary_large_image","schema":{"@context":"https:\/\/schema.org","@graph":[{"@type":"Article","@id":"https:\/\/www.organisator.ch\/sustainability\/2026-01-29\/rivella-und-schoeni-transport-setzen-auf-elektromobilitaet\/#article","isPartOf":{"@id":"https:\/\/www.organisator.ch\/sustainability\/2026-01-29\/rivella-und-schoeni-transport-setzen-auf-elektromobilitaet\/"},"author":{"name":"n8n","@id":"https:\/\/www.organisator.ch\/#\/schema\/person\/a9d0e0eff238db87a8f840f3b50359f0"},"headline":"Rivella und Sch\u00f6ni Transport setzen auf Elektromobilit\u00e4t","datePublished":"2026-01-29T09:01:48+00:00","dateModified":"2026-01-29T12:55:26+00:00","mainEntityOfPage":{"@id":"https:\/\/www.organisator.ch\/sustainability\/2026-01-29\/rivella-und-schoeni-transport-setzen-auf-elektromobilitaet\/"},"wordCount":406,"publisher":{"@id":"https:\/\/www.organisator.ch\/#organization"},"image":{"@id":"https:\/\/www.organisator.ch\/sustainability\/2026-01-29\/rivella-und-schoeni-transport-setzen-auf-elektromobilitaet\/#primaryimage"},"thumbnailUrl":"https:\/\/www.markt-kom.com\/wp-content\/uploads\/2026\/01\/2026_Rivella_E-LKW__7_.jpg","keywords":["Elektromobilit\u00e4t","Logistik","Nachhaltige Wirtschaft","Rivella"],"articleSection":["SUSTAINABILITY"],"inLanguage":"en-US"},{"@type":"WebPage","@id":"https:\/\/www.organisator.ch\/sustainability\/2026-01-29\/rivella-und-schoeni-transport-setzen-auf-elektromobilitaet\/","url":"https:\/\/www.organisator.ch\/sustainability\/2026-01-29\/rivella-und-schoeni-transport-setzen-auf-elektromobilitaet\/","name":"Rivella and Sch\u00f6ni Transport focus on electromobility - Organizer","isPartOf":{"@id":"https:\/\/www.organisator.ch\/#website"},"primaryImageOfPage":{"@id":"https:\/\/www.organisator.ch\/sustainability\/2026-01-29\/rivella-und-schoeni-transport-setzen-auf-elektromobilitaet\/#primaryimage"},"image":{"@id":"https:\/\/www.organisator.ch\/sustainability\/2026-01-29\/rivella-und-schoeni-transport-setzen-auf-elektromobilitaet\/#primaryimage"},"thumbnailUrl":"https:\/\/www.markt-kom.com\/wp-content\/uploads\/2026\/01\/2026_Rivella_E-LKW__7_.jpg","datePublished":"2026-01-29T09:01:48+00:00","dateModified":"2026-01-29T12:55:26+00:00","description":"The Rivella Group and Sch\u00f6ni Transport are expanding their cooperation in the field of sustainability and expanding electromobility.","breadcrumb":{"@id":"https:\/\/www.organisator.ch\/sustainability\/2026-01-29\/rivella-und-schoeni-transport-setzen-auf-elektromobilitaet\/#breadcrumb"},"inLanguage":"en-US","potentialAction":[{"@type":"ReadAction","target":["https:\/\/www.organisator.ch\/sustainability\/2026-01-29\/rivella-und-schoeni-transport-setzen-auf-elektromobilitaet\/"]}]},{"@type":"ImageObject","inLanguage":"en-US","@id":"https:\/\/www.organisator.ch\/sustainability\/2026-01-29\/rivella-und-schoeni-transport-setzen-auf-elektromobilitaet\/#primaryimage","url":"https:\/\/www.markt-kom.com\/wp-content\/uploads\/2026\/01\/2026_Rivella_E-LKW__7_.jpg","contentUrl":"https:\/\/www.markt-kom.com\/wp-content\/uploads\/2026\/01\/2026_Rivella_E-LKW__7_.jpg"},{"@type":"BreadcrumbList","@id":"https:\/\/www.organisator.ch\/sustainability\/2026-01-29\/rivella-und-schoeni-transport-setzen-auf-elektromobilitaet\/#breadcrumb","itemListElement":[{"@type":"ListItem","position":1,"name":"Home","item":"https:\/\/www.organisator.ch\/"},{"@type":"ListItem","position":2,"name":"Rivella und Sch\u00f6ni Transport setzen auf Elektromobilit\u00e4t"}]},{"@type":"WebSite","@id":"https:\/\/www.organisator.ch\/#website","url":"https:\/\/www.organisator.ch\/","name":"Organizer","description":"Competent. Practical. In 10 issues per year, ORGANISATOR presents the essential topics for managers of SMEs.","publisher":{"@id":"https:\/\/www.organisator.ch\/#organization"},"potentialAction":[{"@type":"SearchAction","target":{"@type":"EntryPoint","urlTemplate":"https:\/\/www.organisator.ch\/?s={search_term_string}"},"query-input":{"@type":"PropertyValueSpecification","valueRequired":true,"valueName":"search_term_string"}}],"inLanguage":"en-US"},{"@type":"Organization","@id":"https:\/\/www.organisator.ch\/#organization","name":"Organizer","url":"https:\/\/www.organisator.ch\/","logo":{"@type":"ImageObject","inLanguage":"en-US","@id":"https:\/\/www.organisator.ch\/#\/schema\/logo\/image\/","url":"https:\/\/www.organisator.ch\/wp-content\/uploads\/2022\/01\/Logo_Organisator_Website.png","contentUrl":"https:\/\/www.organisator.ch\/wp-content\/uploads\/2022\/01\/Logo_Organisator_Website.png","width":800,"height":77,"caption":"Organisator"},"image":{"@id":"https:\/\/www.organisator.ch\/#\/schema\/logo\/image\/"},"sameAs":["https:\/\/www.facebook.com\/OrganisatorFachmagazin","https:\/\/www.linkedin.com\/showcase\/organisator-das-magazin-fr-kmu","https:\/\/www.xing.com\/news\/pages\/organisator-ch-695","https:\/\/www.youtube.com\/channel\/UCGP2Sq0iWaZwT3BdIAQFYpw"]},{"@type":"Person","@id":"https:\/\/www.organisator.ch\/#\/schema\/person\/a9d0e0eff238db87a8f840f3b50359f0","name":"n8n","image":{"@type":"ImageObject","inLanguage":"en-US","@id":"https:\/\/secure.gravatar.com\/avatar\/5368fb9d03fd415a6f335cece4c15af2502d6ca8651efbd6e8f98427a9795400?s=96&d=mm&r=g","url":"https:\/\/secure.gravatar.com\/avatar\/5368fb9d03fd415a6f335cece4c15af2502d6ca8651efbd6e8f98427a9795400?s=96&d=mm&r=g","contentUrl":"https:\/\/secure.gravatar.com\/avatar\/5368fb9d03fd415a6f335cece4c15af2502d6ca8651efbd6e8f98427a9795400?s=96&d=mm&r=g","caption":"n8n"},"url":"https:\/\/www.organisator.ch\/en\/author\/n8n\/"}]}},"_links":{"self":[{"href":"https:\/\/www.organisator.ch\/en\/wp-json\/wp\/v2\/posts\/43962","targetHints":{"allow":["GET"]}}],"collection":[{"href":"https:\/\/www.organisator.ch\/en\/wp-json\/wp\/v2\/posts"}],"about":[{"href":"https:\/\/www.organisator.ch\/en\/wp-json\/wp\/v2\/types\/post"}],"author":[{"embeddable":true,"href":"https:\/\/www.organisator.ch\/en\/wp-json\/wp\/v2\/users\/107"}],"replies":[{"embeddable":true,"href":"https:\/\/www.organisator.ch\/en\/wp-json\/wp\/v2\/comments?post=43962"}],"version-history":[{"count":3,"href":"https:\/\/www.organisator.ch\/en\/wp-json\/wp\/v2\/posts\/43962\/revisions"}],"predecessor-version":[{"id":44003,"href":"https:\/\/www.organisator.ch\/en\/wp-json\/wp\/v2\/posts\/43962\/revisions\/44003"}],"wp:attachment":[{"href":"https:\/\/www.organisator.ch\/en\/wp-json\/wp\/v2\/media?parent=43962"}],"wp:term":[{"taxonomy":"category","embeddable":true,"href":"https:\/\/www.organisator.ch\/en\/wp-json\/wp\/v2\/categories?post=43962"},{"taxonomy":"post_tag","embeddable":true,"href":"https:\/\/www.organisator.ch\/en\/wp-json\/wp\/v2\/tags?post=43962"}],"curies":[{"name":"wp","href":"https:\/\/api.w.org\/{rel}","templated":true}]}}