{"id":4402,"date":"2018-10-23T15:44:44","date_gmt":"2018-10-23T13:44:44","guid":{"rendered":"https:\/\/www.organisator.ch\/?p=4402"},"modified":"2018-10-23T15:44:44","modified_gmt":"2018-10-23T13:44:44","slug":"umsatz-mit-fair-trade-produkten-weiter-angestiegen","status":"publish","type":"post","link":"https:\/\/www.organisator.ch\/en\/allgemein\/2018-10-23\/umsatz-mit-fair-trade-produkten-weiter-angestiegen\/","title":{"rendered":"Further increase in sales of fair trade products"},"content":{"rendered":"<figure id=\"attachment_4403\" aria-describedby=\"caption-attachment-4403\" style=\"width: 640px\" class=\"wp-caption alignnone\"><img loading=\"lazy\" decoding=\"async\" class=\"size-full wp-image-4403\" src=\"https:\/\/www.organisator.ch\/wp-content\/uploads\/2018\/10\/Umsatz-mit-Fair-Trade-Produkten-weiter-angestiegen-1_Organisator.jpg\" alt=\"\" width=\"640\" height=\"427\" srcset=\"https:\/\/www.organisator.ch\/wp-content\/uploads\/2018\/10\/Umsatz-mit-Fair-Trade-Produkten-weiter-angestiegen-1_Organisator.jpg 640w, https:\/\/www.organisator.ch\/wp-content\/uploads\/2018\/10\/Umsatz-mit-Fair-Trade-Produkten-weiter-angestiegen-1_Organisator-16x12.jpg 16w, https:\/\/www.organisator.ch\/wp-content\/uploads\/2018\/10\/Umsatz-mit-Fair-Trade-Produkten-weiter-angestiegen-1_Organisator-262x175.jpg 262w, https:\/\/www.organisator.ch\/wp-content\/uploads\/2018\/10\/Umsatz-mit-Fair-Trade-Produkten-weiter-angestiegen-1_Organisator-525x350.jpg 525w, https:\/\/www.organisator.ch\/wp-content\/uploads\/2018\/10\/Umsatz-mit-Fair-Trade-Produkten-weiter-angestiegen-1_Organisator-300x200.jpg 300w\" sizes=\"auto, (max-width: 640px) 100vw, 640px\" \/><figcaption id=\"caption-attachment-4403\" class=\"wp-caption-text\">Swiss consumers increasingly opted for fair trade products in 2017. (Image: Swiss Fair Trade)<\/figcaption><\/figure>\n<p>Last year, sales of fair trade products in Switzerland increased once again. This is announced by the umbrella organization of fair trade organizations in Switzerland, in a recent communiqu\u00e9. With a growth of 11%, Fair Trade sales rose to 768.4 million Swiss francs in 2017. In particular, the classic product area of Fair Trade, chocolate, or cocoa products, recorded a remarkable growth of 71% compared to the previous year. Overall, the fresh fruit category (bananas, pineapples, etc.) accounts for the largest share of sales with 23%. Swiss citizens spent 91 Swiss francs per person on Fair Trade products in 2017. This means that Switzerland remains the world champion in per capita consumption of fair trade products.<\/p>\n<p><img loading=\"lazy\" decoding=\"async\" class=\"alignnone size-full wp-image-4406\" src=\"https:\/\/www.organisator.ch\/wp-content\/uploads\/2018\/10\/Umsatz-mit-Fair-Trade-Produkten-weiter-angestiegen-2_Organisator.jpg\" alt=\"\" width=\"640\" height=\"452\" srcset=\"https:\/\/www.organisator.ch\/wp-content\/uploads\/2018\/10\/Umsatz-mit-Fair-Trade-Produkten-weiter-angestiegen-2_Organisator.jpg 640w, https:\/\/www.organisator.ch\/wp-content\/uploads\/2018\/10\/Umsatz-mit-Fair-Trade-Produkten-weiter-angestiegen-2_Organisator-16x12.jpg 16w, https:\/\/www.organisator.ch\/wp-content\/uploads\/2018\/10\/Umsatz-mit-Fair-Trade-Produkten-weiter-angestiegen-2_Organisator-248x175.jpg 248w, https:\/\/www.organisator.ch\/wp-content\/uploads\/2018\/10\/Umsatz-mit-Fair-Trade-Produkten-weiter-angestiegen-2_Organisator-496x350.jpg 496w, https:\/\/www.organisator.ch\/wp-content\/uploads\/2018\/10\/Umsatz-mit-Fair-Trade-Produkten-weiter-angestiegen-2_Organisator-300x212.jpg 300w\" sizes=\"auto, (max-width: 640px) 100vw, 640px\" \/><\/p>\n<p>The umbrella organization Swiss Fair Trade collects the current figures on fair trade in Switzerland every year. The turnover of all products traded or certified by the members of the umbrella organization is taken into account. The association members share the same understanding of Fair Trade and are committed to common principles and standards. Fair Trade stands for long-term and fair trade relations, stable and transparent prices, fair working conditions and sustainable cultivation methods. Fair Trade enables people worldwide to earn a living wage through their work.<\/p>\n<p>Members of Swiss Fair Trade include specialized trade organizations, specialty stores, labels that certify fair trade products, financial institutions that invest in the spirit of fair trade, and NGOs that work politically to strengthen fair trade.<\/p>\n<p><em>More information: <b><\/b><\/em><a href=\"http:\/\/www.swissfairtrade.ch\"><em>www.swissfairtrade.ch<\/em><\/a><\/p>\n<p>&nbsp;<\/p>","protected":false},"excerpt":{"rendered":"<p>Im letzten Jahr hat der Umsatz von fair gehandelten Produkten in der Schweiz erneut zugenommen. Dies teilt\u00a0der Dachverband der Fair Trade-Organisationen in der Schweiz, in einem aktuellen Communiqu\u00e9 mit.\u00a0Mit einem Wachstum von 11% stiegen die Fair Trade-Ums\u00e4tze 2017 auf 768.4 Millionen Franken. Insbesondere der klassische Produktbereich des Fairen Handels, Schokolade, resp. Kakaoprodukte, verzeichnete im Vergleich [&hellip;]<\/p>\n","protected":false},"author":4,"featured_media":4403,"comment_status":"open","ping_status":"open","sticky":false,"template":"","format":"standard","meta":{"_acf_changed":false,"_yoast_wpseo_focuskw":"Fair Trade","_yoast_wpseo_metadesc":"Der Konsum von Fair Trade-Produkten in der Schweiz hat 2017 abermals zugenommen. Die Ausgaben f\u00fcr Fair Trade-Produkte sind um 11% gestiegen.","articlekey":"","footnotes":""},"categories":[1],"tags":[312,452,508,531],"class_list":["post-4402","post","type-post","status-publish","format-standard","has-post-thumbnail","hentry","category-allgemein","tag-konsum","tag-statistik","tag-vermischtes","tag-wirtschaftspolitik"],"acf":[],"yoast_head":"<!-- This site is optimized with the Yoast SEO plugin v27.4 - https:\/\/yoast.com\/product\/yoast-seo-wordpress\/ -->\n<title>Umsatz mit Fair Trade Produkten weiter angestiegen - Organisator<\/title>\n<meta name=\"description\" content=\"Der Konsum von Fair Trade-Produkten in der Schweiz hat 2017 abermals zugenommen. Die Ausgaben f\u00fcr Fair Trade-Produkte sind um 11% gestiegen.\" \/>\n<meta name=\"robots\" content=\"index, follow, max-snippet:-1, max-image-preview:large, max-video-preview:-1\" \/>\n<link rel=\"canonical\" href=\"https:\/\/www.organisator.ch\/en\/general\/2018-10-23\/umsatz-mit-fair-trade-produkten-weiter-angestiegen\/\" \/>\n<meta property=\"og:locale\" content=\"en_US\" \/>\n<meta property=\"og:type\" content=\"article\" \/>\n<meta property=\"og:title\" content=\"Umsatz mit Fair Trade Produkten weiter angestiegen\" \/>\n<meta property=\"og:description\" content=\"Der Konsum von Fair Trade-Produkten in der Schweiz hat 2017 abermals zugenommen. Die Ausgaben f\u00fcr Fair Trade-Produkte sind um 11% gestiegen.\" \/>\n<meta property=\"og:url\" content=\"https:\/\/www.organisator.ch\/en\/general\/2018-10-23\/umsatz-mit-fair-trade-produkten-weiter-angestiegen\/\" \/>\n<meta property=\"og:site_name\" content=\"Organisator\" \/>\n<meta property=\"article:publisher\" content=\"https:\/\/www.facebook.com\/OrganisatorFachmagazin\" \/>\n<meta property=\"article:published_time\" content=\"2018-10-23T13:44:44+00:00\" \/>\n<meta property=\"og:image\" content=\"https:\/\/www.organisator.ch\/wp-content\/uploads\/2018\/10\/Umsatz-mit-Fair-Trade-Produkten-weiter-angestiegen-1_Organisator.jpg\" \/>\n\t<meta property=\"og:image:width\" content=\"640\" \/>\n\t<meta property=\"og:image:height\" content=\"427\" \/>\n\t<meta property=\"og:image:type\" content=\"image\/jpeg\" \/>\n<meta name=\"author\" content=\"thomas.berner\" \/>\n<meta name=\"twitter:card\" content=\"summary_large_image\" \/>\n<meta name=\"twitter:title\" content=\"Umsatz mit #Fair-Trade-Produkten weiter angestiegen\" \/>\n<meta name=\"twitter:description\" content=\"Der Konsum von #Fair-Trade-Produkten in der Schweiz hat 2017 abermals zugenommen. Die Ausgaben f\u00fcr Fair Trade-Produkte sind um 11% gestiegen.\" \/>\n<meta name=\"twitter:image\" content=\"https:\/\/www.organisator.ch\/wp-content\/uploads\/2018\/10\/Umsatz-mit-Fair-Trade-Produkten-weiter-angestiegen-1_Organisator.jpg\" \/>\n<script type=\"application\/ld+json\" class=\"yoast-schema-graph\">{\"@context\":\"https:\\\/\\\/schema.org\",\"@graph\":[{\"@type\":\"Article\",\"@id\":\"https:\\\/\\\/www.organisator.ch\\\/en\\\/general\\\/2018-10-23\\\/umsatz-mit-fair-trade-produkten-weiter-angestiegen\\\/#article\",\"isPartOf\":{\"@id\":\"https:\\\/\\\/www.organisator.ch\\\/en\\\/general\\\/2018-10-23\\\/umsatz-mit-fair-trade-produkten-weiter-angestiegen\\\/\"},\"author\":{\"name\":\"thomas.berner\",\"@id\":\"https:\\\/\\\/www.organisator.ch\\\/#\\\/schema\\\/person\\\/6f650f90b2842cd4c0cc334b4e36f67e\"},\"headline\":\"Umsatz mit Fair Trade Produkten weiter angestiegen\",\"datePublished\":\"2018-10-23T13:44:44+00:00\",\"mainEntityOfPage\":{\"@id\":\"https:\\\/\\\/www.organisator.ch\\\/en\\\/general\\\/2018-10-23\\\/umsatz-mit-fair-trade-produkten-weiter-angestiegen\\\/\"},\"wordCount\":267,\"commentCount\":0,\"publisher\":{\"@id\":\"https:\\\/\\\/www.organisator.ch\\\/#organization\"},\"image\":{\"@id\":\"https:\\\/\\\/www.organisator.ch\\\/en\\\/general\\\/2018-10-23\\\/umsatz-mit-fair-trade-produkten-weiter-angestiegen\\\/#primaryimage\"},\"thumbnailUrl\":\"https:\\\/\\\/www.organisator.ch\\\/wp-content\\\/uploads\\\/2018\\\/10\\\/Umsatz-mit-Fair-Trade-Produkten-weiter-angestiegen-1_Organisator.jpg\",\"keywords\":[\"Konsum\",\"Statistik\",\"Vermischtes\",\"Wirtschaftspolitik\"],\"articleSection\":[\"Allgemein\"],\"inLanguage\":\"en-US\"},{\"@type\":\"WebPage\",\"@id\":\"https:\\\/\\\/www.organisator.ch\\\/en\\\/general\\\/2018-10-23\\\/umsatz-mit-fair-trade-produkten-weiter-angestiegen\\\/\",\"url\":\"https:\\\/\\\/www.organisator.ch\\\/en\\\/general\\\/2018-10-23\\\/umsatz-mit-fair-trade-produkten-weiter-angestiegen\\\/\",\"name\":\"Umsatz mit Fair Trade Produkten weiter angestiegen - Organisator\",\"isPartOf\":{\"@id\":\"https:\\\/\\\/www.organisator.ch\\\/#website\"},\"primaryImageOfPage\":{\"@id\":\"https:\\\/\\\/www.organisator.ch\\\/en\\\/general\\\/2018-10-23\\\/umsatz-mit-fair-trade-produkten-weiter-angestiegen\\\/#primaryimage\"},\"image\":{\"@id\":\"https:\\\/\\\/www.organisator.ch\\\/en\\\/general\\\/2018-10-23\\\/umsatz-mit-fair-trade-produkten-weiter-angestiegen\\\/#primaryimage\"},\"thumbnailUrl\":\"https:\\\/\\\/www.organisator.ch\\\/wp-content\\\/uploads\\\/2018\\\/10\\\/Umsatz-mit-Fair-Trade-Produkten-weiter-angestiegen-1_Organisator.jpg\",\"datePublished\":\"2018-10-23T13:44:44+00:00\",\"description\":\"Der Konsum von Fair Trade-Produkten in der Schweiz hat 2017 abermals zugenommen. Die Ausgaben f\u00fcr Fair Trade-Produkte sind um 11% gestiegen.\",\"breadcrumb\":{\"@id\":\"https:\\\/\\\/www.organisator.ch\\\/en\\\/general\\\/2018-10-23\\\/umsatz-mit-fair-trade-produkten-weiter-angestiegen\\\/#breadcrumb\"},\"inLanguage\":\"en-US\",\"potentialAction\":[{\"@type\":\"ReadAction\",\"target\":[\"https:\\\/\\\/www.organisator.ch\\\/en\\\/general\\\/2018-10-23\\\/umsatz-mit-fair-trade-produkten-weiter-angestiegen\\\/\"]}]},{\"@type\":\"ImageObject\",\"inLanguage\":\"en-US\",\"@id\":\"https:\\\/\\\/www.organisator.ch\\\/en\\\/general\\\/2018-10-23\\\/umsatz-mit-fair-trade-produkten-weiter-angestiegen\\\/#primaryimage\",\"url\":\"https:\\\/\\\/www.organisator.ch\\\/wp-content\\\/uploads\\\/2018\\\/10\\\/Umsatz-mit-Fair-Trade-Produkten-weiter-angestiegen-1_Organisator.jpg\",\"contentUrl\":\"https:\\\/\\\/www.organisator.ch\\\/wp-content\\\/uploads\\\/2018\\\/10\\\/Umsatz-mit-Fair-Trade-Produkten-weiter-angestiegen-1_Organisator.jpg\",\"width\":640,\"height\":427,\"caption\":\"Schweizer Konsumenten setzten 2017 verst\u00e4rkt auf Fair Trade Produkte. (Bild: Swiss Fair Trade)\"},{\"@type\":\"BreadcrumbList\",\"@id\":\"https:\\\/\\\/www.organisator.ch\\\/en\\\/general\\\/2018-10-23\\\/umsatz-mit-fair-trade-produkten-weiter-angestiegen\\\/#breadcrumb\",\"itemListElement\":[{\"@type\":\"ListItem\",\"position\":1,\"name\":\"Home\",\"item\":\"https:\\\/\\\/www.organisator.ch\\\/\"},{\"@type\":\"ListItem\",\"position\":2,\"name\":\"Umsatz mit Fair Trade Produkten weiter angestiegen\"}]},{\"@type\":\"WebSite\",\"@id\":\"https:\\\/\\\/www.organisator.ch\\\/#website\",\"url\":\"https:\\\/\\\/www.organisator.ch\\\/\",\"name\":\"Organisator\",\"description\":\"Kompetent. Praxisnah. Der ORGANISATOR bereitet in 10 Ausgaben pro Jahr die wesentlichen Themen f\u00fcr F\u00fchrungskr\u00e4fte von KMU auf.\",\"publisher\":{\"@id\":\"https:\\\/\\\/www.organisator.ch\\\/#organization\"},\"potentialAction\":[{\"@type\":\"SearchAction\",\"target\":{\"@type\":\"EntryPoint\",\"urlTemplate\":\"https:\\\/\\\/www.organisator.ch\\\/?s={search_term_string}\"},\"query-input\":{\"@type\":\"PropertyValueSpecification\",\"valueRequired\":true,\"valueName\":\"search_term_string\"}}],\"inLanguage\":\"en-US\"},{\"@type\":\"Organization\",\"@id\":\"https:\\\/\\\/www.organisator.ch\\\/#organization\",\"name\":\"Organisator\",\"url\":\"https:\\\/\\\/www.organisator.ch\\\/\",\"logo\":{\"@type\":\"ImageObject\",\"inLanguage\":\"en-US\",\"@id\":\"https:\\\/\\\/www.organisator.ch\\\/#\\\/schema\\\/logo\\\/image\\\/\",\"url\":\"https:\\\/\\\/www.organisator.ch\\\/wp-content\\\/uploads\\\/2022\\\/01\\\/Logo_Organisator_Website.png\",\"contentUrl\":\"https:\\\/\\\/www.organisator.ch\\\/wp-content\\\/uploads\\\/2022\\\/01\\\/Logo_Organisator_Website.png\",\"width\":800,\"height\":77,\"caption\":\"Organisator\"},\"image\":{\"@id\":\"https:\\\/\\\/www.organisator.ch\\\/#\\\/schema\\\/logo\\\/image\\\/\"},\"sameAs\":[\"https:\\\/\\\/www.facebook.com\\\/OrganisatorFachmagazin\",\"https:\\\/\\\/www.linkedin.com\\\/showcase\\\/organisator-das-magazin-fr-kmu\",\"https:\\\/\\\/www.xing.com\\\/news\\\/pages\\\/organisator-ch-695\",\"https:\\\/\\\/www.youtube.com\\\/channel\\\/UCGP2Sq0iWaZwT3BdIAQFYpw\"]},{\"@type\":\"Person\",\"@id\":\"https:\\\/\\\/www.organisator.ch\\\/#\\\/schema\\\/person\\\/6f650f90b2842cd4c0cc334b4e36f67e\",\"name\":\"thomas.berner\",\"image\":{\"@type\":\"ImageObject\",\"inLanguage\":\"en-US\",\"@id\":\"https:\\\/\\\/secure.gravatar.com\\\/avatar\\\/ac5001d2a36cb6c6cd3e50789007ffca834b477b74a2144564522e944eabff61?s=96&d=mm&r=g\",\"url\":\"https:\\\/\\\/secure.gravatar.com\\\/avatar\\\/ac5001d2a36cb6c6cd3e50789007ffca834b477b74a2144564522e944eabff61?s=96&d=mm&r=g\",\"contentUrl\":\"https:\\\/\\\/secure.gravatar.com\\\/avatar\\\/ac5001d2a36cb6c6cd3e50789007ffca834b477b74a2144564522e944eabff61?s=96&d=mm&r=g\",\"caption\":\"thomas.berner\"},\"url\":\"https:\\\/\\\/www.organisator.ch\\\/en\\\/author\\\/thomas-berner\\\/\"}]}<\/script>\n<!-- \/ Yoast SEO plugin. -->","yoast_head_json":{"title":"Sales of fair trade products continue to rise - organizer","description":"Consumption of fair trade products in Switzerland increased once again in 2017. Expenditure on fair trade products increased by 11%.","robots":{"index":"index","follow":"follow","max-snippet":"max-snippet:-1","max-image-preview":"max-image-preview:large","max-video-preview":"max-video-preview:-1"},"canonical":"https:\/\/www.organisator.ch\/en\/general\/2018-10-23\/umsatz-mit-fair-trade-produkten-weiter-angestiegen\/","og_locale":"en_US","og_type":"article","og_title":"Umsatz mit Fair Trade Produkten weiter angestiegen","og_description":"Der Konsum von Fair Trade-Produkten in der Schweiz hat 2017 abermals zugenommen. Die Ausgaben f\u00fcr Fair Trade-Produkte sind um 11% gestiegen.","og_url":"https:\/\/www.organisator.ch\/en\/general\/2018-10-23\/umsatz-mit-fair-trade-produkten-weiter-angestiegen\/","og_site_name":"Organisator","article_publisher":"https:\/\/www.facebook.com\/OrganisatorFachmagazin","article_published_time":"2018-10-23T13:44:44+00:00","og_image":[{"width":640,"height":427,"url":"https:\/\/www.organisator.ch\/wp-content\/uploads\/2018\/10\/Umsatz-mit-Fair-Trade-Produkten-weiter-angestiegen-1_Organisator.jpg","type":"image\/jpeg"}],"author":"thomas.berner","twitter_card":"summary_large_image","twitter_title":"Umsatz mit #Fair-Trade-Produkten weiter angestiegen","twitter_description":"Der Konsum von #Fair-Trade-Produkten in der Schweiz hat 2017 abermals zugenommen. Die Ausgaben f\u00fcr Fair Trade-Produkte sind um 11% gestiegen.","twitter_image":"https:\/\/www.organisator.ch\/wp-content\/uploads\/2018\/10\/Umsatz-mit-Fair-Trade-Produkten-weiter-angestiegen-1_Organisator.jpg","schema":{"@context":"https:\/\/schema.org","@graph":[{"@type":"Article","@id":"https:\/\/www.organisator.ch\/en\/general\/2018-10-23\/umsatz-mit-fair-trade-produkten-weiter-angestiegen\/#article","isPartOf":{"@id":"https:\/\/www.organisator.ch\/en\/general\/2018-10-23\/umsatz-mit-fair-trade-produkten-weiter-angestiegen\/"},"author":{"name":"thomas.berner","@id":"https:\/\/www.organisator.ch\/#\/schema\/person\/6f650f90b2842cd4c0cc334b4e36f67e"},"headline":"Umsatz mit Fair Trade Produkten weiter angestiegen","datePublished":"2018-10-23T13:44:44+00:00","mainEntityOfPage":{"@id":"https:\/\/www.organisator.ch\/en\/general\/2018-10-23\/umsatz-mit-fair-trade-produkten-weiter-angestiegen\/"},"wordCount":267,"commentCount":0,"publisher":{"@id":"https:\/\/www.organisator.ch\/#organization"},"image":{"@id":"https:\/\/www.organisator.ch\/en\/general\/2018-10-23\/umsatz-mit-fair-trade-produkten-weiter-angestiegen\/#primaryimage"},"thumbnailUrl":"https:\/\/www.organisator.ch\/wp-content\/uploads\/2018\/10\/Umsatz-mit-Fair-Trade-Produkten-weiter-angestiegen-1_Organisator.jpg","keywords":["Konsum","Statistik","Vermischtes","Wirtschaftspolitik"],"articleSection":["Allgemein"],"inLanguage":"en-US"},{"@type":"WebPage","@id":"https:\/\/www.organisator.ch\/en\/general\/2018-10-23\/umsatz-mit-fair-trade-produkten-weiter-angestiegen\/","url":"https:\/\/www.organisator.ch\/en\/general\/2018-10-23\/umsatz-mit-fair-trade-produkten-weiter-angestiegen\/","name":"Sales of fair trade products continue to rise - organizer","isPartOf":{"@id":"https:\/\/www.organisator.ch\/#website"},"primaryImageOfPage":{"@id":"https:\/\/www.organisator.ch\/en\/general\/2018-10-23\/umsatz-mit-fair-trade-produkten-weiter-angestiegen\/#primaryimage"},"image":{"@id":"https:\/\/www.organisator.ch\/en\/general\/2018-10-23\/umsatz-mit-fair-trade-produkten-weiter-angestiegen\/#primaryimage"},"thumbnailUrl":"https:\/\/www.organisator.ch\/wp-content\/uploads\/2018\/10\/Umsatz-mit-Fair-Trade-Produkten-weiter-angestiegen-1_Organisator.jpg","datePublished":"2018-10-23T13:44:44+00:00","description":"Consumption of fair trade products in Switzerland increased once again in 2017. Expenditure on fair trade products increased by 11%.","breadcrumb":{"@id":"https:\/\/www.organisator.ch\/en\/general\/2018-10-23\/umsatz-mit-fair-trade-produkten-weiter-angestiegen\/#breadcrumb"},"inLanguage":"en-US","potentialAction":[{"@type":"ReadAction","target":["https:\/\/www.organisator.ch\/en\/general\/2018-10-23\/umsatz-mit-fair-trade-produkten-weiter-angestiegen\/"]}]},{"@type":"ImageObject","inLanguage":"en-US","@id":"https:\/\/www.organisator.ch\/en\/general\/2018-10-23\/umsatz-mit-fair-trade-produkten-weiter-angestiegen\/#primaryimage","url":"https:\/\/www.organisator.ch\/wp-content\/uploads\/2018\/10\/Umsatz-mit-Fair-Trade-Produkten-weiter-angestiegen-1_Organisator.jpg","contentUrl":"https:\/\/www.organisator.ch\/wp-content\/uploads\/2018\/10\/Umsatz-mit-Fair-Trade-Produkten-weiter-angestiegen-1_Organisator.jpg","width":640,"height":427,"caption":"Schweizer Konsumenten setzten 2017 verst\u00e4rkt auf Fair Trade Produkte. (Bild: Swiss Fair Trade)"},{"@type":"BreadcrumbList","@id":"https:\/\/www.organisator.ch\/en\/general\/2018-10-23\/umsatz-mit-fair-trade-produkten-weiter-angestiegen\/#breadcrumb","itemListElement":[{"@type":"ListItem","position":1,"name":"Home","item":"https:\/\/www.organisator.ch\/"},{"@type":"ListItem","position":2,"name":"Umsatz mit Fair Trade Produkten weiter angestiegen"}]},{"@type":"WebSite","@id":"https:\/\/www.organisator.ch\/#website","url":"https:\/\/www.organisator.ch\/","name":"Organizer","description":"Competent. Practical. In 10 issues per year, ORGANISATOR presents the essential topics for managers of SMEs.","publisher":{"@id":"https:\/\/www.organisator.ch\/#organization"},"potentialAction":[{"@type":"SearchAction","target":{"@type":"EntryPoint","urlTemplate":"https:\/\/www.organisator.ch\/?s={search_term_string}"},"query-input":{"@type":"PropertyValueSpecification","valueRequired":true,"valueName":"search_term_string"}}],"inLanguage":"en-US"},{"@type":"Organization","@id":"https:\/\/www.organisator.ch\/#organization","name":"Organizer","url":"https:\/\/www.organisator.ch\/","logo":{"@type":"ImageObject","inLanguage":"en-US","@id":"https:\/\/www.organisator.ch\/#\/schema\/logo\/image\/","url":"https:\/\/www.organisator.ch\/wp-content\/uploads\/2022\/01\/Logo_Organisator_Website.png","contentUrl":"https:\/\/www.organisator.ch\/wp-content\/uploads\/2022\/01\/Logo_Organisator_Website.png","width":800,"height":77,"caption":"Organisator"},"image":{"@id":"https:\/\/www.organisator.ch\/#\/schema\/logo\/image\/"},"sameAs":["https:\/\/www.facebook.com\/OrganisatorFachmagazin","https:\/\/www.linkedin.com\/showcase\/organisator-das-magazin-fr-kmu","https:\/\/www.xing.com\/news\/pages\/organisator-ch-695","https:\/\/www.youtube.com\/channel\/UCGP2Sq0iWaZwT3BdIAQFYpw"]},{"@type":"Person","@id":"https:\/\/www.organisator.ch\/#\/schema\/person\/6f650f90b2842cd4c0cc334b4e36f67e","name":"thomas.berner","image":{"@type":"ImageObject","inLanguage":"en-US","@id":"https:\/\/secure.gravatar.com\/avatar\/ac5001d2a36cb6c6cd3e50789007ffca834b477b74a2144564522e944eabff61?s=96&d=mm&r=g","url":"https:\/\/secure.gravatar.com\/avatar\/ac5001d2a36cb6c6cd3e50789007ffca834b477b74a2144564522e944eabff61?s=96&d=mm&r=g","contentUrl":"https:\/\/secure.gravatar.com\/avatar\/ac5001d2a36cb6c6cd3e50789007ffca834b477b74a2144564522e944eabff61?s=96&d=mm&r=g","caption":"thomas.berner"},"url":"https:\/\/www.organisator.ch\/en\/author\/thomas-berner\/"}]}},"_links":{"self":[{"href":"https:\/\/www.organisator.ch\/en\/wp-json\/wp\/v2\/posts\/4402","targetHints":{"allow":["GET"]}}],"collection":[{"href":"https:\/\/www.organisator.ch\/en\/wp-json\/wp\/v2\/posts"}],"about":[{"href":"https:\/\/www.organisator.ch\/en\/wp-json\/wp\/v2\/types\/post"}],"author":[{"embeddable":true,"href":"https:\/\/www.organisator.ch\/en\/wp-json\/wp\/v2\/users\/4"}],"replies":[{"embeddable":true,"href":"https:\/\/www.organisator.ch\/en\/wp-json\/wp\/v2\/comments?post=4402"}],"version-history":[{"count":0,"href":"https:\/\/www.organisator.ch\/en\/wp-json\/wp\/v2\/posts\/4402\/revisions"}],"wp:featuredmedia":[{"embeddable":true,"href":"https:\/\/www.organisator.ch\/en\/wp-json\/wp\/v2\/media\/4403"}],"wp:attachment":[{"href":"https:\/\/www.organisator.ch\/en\/wp-json\/wp\/v2\/media?parent=4402"}],"wp:term":[{"taxonomy":"category","embeddable":true,"href":"https:\/\/www.organisator.ch\/en\/wp-json\/wp\/v2\/categories?post=4402"},{"taxonomy":"post_tag","embeddable":true,"href":"https:\/\/www.organisator.ch\/en\/wp-json\/wp\/v2\/tags?post=4402"}],"curies":[{"name":"wp","href":"https:\/\/api.w.org\/{rel}","templated":true}]}}