{"id":44339,"date":"2026-02-09T13:16:04","date_gmt":"2026-02-09T12:16:04","guid":{"rendered":"https:\/\/www.organisator.ch\/de\/?p=44339"},"modified":"2026-02-09T13:16:04","modified_gmt":"2026-02-09T12:16:04","slug":"smart-monday-gesund-bis-zur-pension-im-job-bleiben","status":"publish","type":"post","link":"https:\/\/www.organisator.ch\/en\/human-resources\/2026-02-09\/smart-monday-gesund-bis-zur-pension-im-job-bleiben\/","title":{"rendered":"Smart Monday: Staying healthy in your job until retirement"},"content":{"rendered":"<figure>\n<figure style=\"width: 640px\" class=\"wp-caption alignnone\"><img loading=\"lazy\" decoding=\"async\" src=\"https:\/\/www.organisator.ch\/wp-content\/uploads\/2026\/02\/8saVH7y4Rriw.png\" alt=\"Conversation, Job, Glasses\" width=\"640\" height=\"320\" \/><figcaption class=\"wp-caption-text\">The Zurich Commercial Association invites you to the \u00abSmart Monday\u00bb event series. (Image: zvg)<\/figcaption><\/figure><br \/>\n<\/figure>\n<p>Increasing demands, a fast pace and changes in everyday working life pose major challenges for employees. A healthy way of working is essential if you want to stay healthy in your job until you retire. The Zurich Commercial Association invites you to Smart Monday on March 16, 2026 to discuss precisely this question: How can everyday working life be organized in such a way that employees remain motivated and productive?<\/p>\n<h3>Top-class panel guests<\/h3>\n<p>The event brings together three proven experts from different areas. Beat Hunziker, Head of Human Resources at Helsana, will contribute the HR perspective. Eva Keller-Hunkeler, Head of Forum BGM Zurich, represents the perspective of occupational health management. Prof. Dr. Georg Bauer, Head of the Department of Public &amp; Organizational Health at the EBPI of the University of Zurich, provides the scientific background.<\/p>\n<h3>Kathrin H\u00f6negger moderates<\/h3>\n<p>The panel discussion will be hosted by Kathrin H\u00f6negger, known as a presenter on SRF3 radio and the SRF knowledge program \u00abEinstein\u00bb. Her curiosity and thirst for knowledge, as well as her talent for communicating with everyone about everything, make her the ideal presenter for this format.<\/p>\n<h3>Further events in the program<\/h3>\n<p>Smart Monday on March 16 is part of a series of events organized by the Kaufm\u00e4nnischer Verband Z\u00fcrich. On May 18, another Smart Monday will take place in the Kaufleuten Klubsaal on the topic \u00abWhere do I want to go? Gaining professional clarity\u00bb. This will be followed on August 31 by a Digital Smart Monday on the topic of \u00abConfidently entering salary negotiations\u00bb, which will be held online via Zoom.<\/p>\n<p>The event on March 16, 2026 will last from 18:30 to 21:00. Interested parties can <a href=\"https:\/\/www.kfmv-zuerich.ch\/community-events\/events\/event-detail\/smart-monday-bis-zur-pension-gesund-im-job-wie-gelingt-das\">register directly with the Kaufm\u00e4nnischer Verband Z\u00fcrich.<\/a><\/p>","protected":false},"excerpt":{"rendered":"<p>On March 16, 2026, experts from occupational health management, HR and science will discuss how employees can make their working day healthy at Smart Monday. Moderator Kathrin H\u00f6negger will lead the panel discussion with Beat Hunziker (Helsana), Eva Keller-Hunkeler (Forum BGM Zurich) and Prof. Dr. Georg Bauer (UZH).<\/p>","protected":false},"author":107,"featured_media":44338,"comment_status":"closed","ping_status":"closed","sticky":false,"template":"","format":"standard","meta":{"_acf_changed":false,"_yoast_wpseo_focuskw":"Smart Monday","_yoast_wpseo_metadesc":"Smart Monday am 16. M\u00e4rz 2026: Experten diskutieren, wie Arbeitnehmende bis zur Pension gesund im Job bleiben. Mit Kathrin H\u00f6negger.","articlekey":"","footnotes":""},"categories":[579],"tags":[5813,254,5814,335],"class_list":["post-44339","post","type-post","status-publish","format-standard","has-post-thumbnail","hentry","category-human-resources","tag-fachveranstaltung","tag-hrm","tag-kaufmaennischer-verband","tag-management-und-unternehmensfuehrung"],"acf":[],"yoast_head":"<!-- This site is optimized with the Yoast SEO plugin v27.5 - https:\/\/yoast.com\/product\/yoast-seo-wordpress\/ -->\n<title>Smart Monday: Gesund bis zur Pension im Job bleiben - Organisator<\/title>\n<meta name=\"description\" content=\"Smart Monday am 16. M\u00e4rz 2026: Experten diskutieren, wie Arbeitnehmende bis zur Pension gesund im Job bleiben. Mit Kathrin H\u00f6negger.\" \/>\n<meta name=\"robots\" content=\"index, follow, max-snippet:-1, max-image-preview:large, max-video-preview:-1\" \/>\n<link rel=\"canonical\" href=\"https:\/\/www.organisator.ch\/en\/human-resources\/2026-02-09\/smart-monday-gesund-bis-zur-pension-im-job-bleiben\/\" \/>\n<meta property=\"og:locale\" content=\"en_US\" \/>\n<meta property=\"og:type\" content=\"article\" \/>\n<meta property=\"og:title\" content=\"Smart Monday: Gesund bis zur Pension im Job bleiben\" \/>\n<meta property=\"og:description\" content=\"Smart Monday am 16. M\u00e4rz 2026: Experten diskutieren, wie Arbeitnehmende bis zur Pension gesund im Job bleiben. Mit Kathrin H\u00f6negger.\" \/>\n<meta property=\"og:url\" content=\"https:\/\/www.organisator.ch\/en\/human-resources\/2026-02-09\/smart-monday-gesund-bis-zur-pension-im-job-bleiben\/\" \/>\n<meta property=\"og:site_name\" content=\"Organisator\" \/>\n<meta property=\"article:publisher\" content=\"https:\/\/www.facebook.com\/OrganisatorFachmagazin\" \/>\n<meta property=\"article:published_time\" content=\"2026-02-09T12:16:04+00:00\" \/>\n<meta property=\"og:image\" content=\"https:\/\/www.organisator.ch\/wp-content\/uploads\/2026\/02\/8saVH7y4Rriw.png\" \/>\n\t<meta property=\"og:image:width\" content=\"640\" \/>\n\t<meta property=\"og:image:height\" content=\"320\" \/>\n\t<meta property=\"og:image:type\" content=\"image\/png\" \/>\n<meta name=\"author\" content=\"n8n\" \/>\n<meta name=\"twitter:card\" content=\"summary_large_image\" \/>\n<meta name=\"twitter:title\" content=\"Smart Monday: Gesund bis zur Pension im Job bleiben\" \/>\n<meta name=\"twitter:description\" content=\"Smart Monday am 16. M\u00e4rz 2026: Experten diskutieren, wie Arbeitnehmende bis zur Pension gesund im Job bleiben. Mit Kathrin H\u00f6negger.\" \/>\n<meta name=\"twitter:image\" content=\"https:\/\/www.organisator.ch\/wp-content\/uploads\/2026\/02\/8saVH7y4Rriw.png\" \/>\n<script type=\"application\/ld+json\" class=\"yoast-schema-graph\">{\"@context\":\"https:\\\/\\\/schema.org\",\"@graph\":[{\"@type\":\"Article\",\"@id\":\"https:\\\/\\\/www.organisator.ch\\\/human-resources\\\/2026-02-09\\\/smart-monday-gesund-bis-zur-pension-im-job-bleiben\\\/#article\",\"isPartOf\":{\"@id\":\"https:\\\/\\\/www.organisator.ch\\\/human-resources\\\/2026-02-09\\\/smart-monday-gesund-bis-zur-pension-im-job-bleiben\\\/\"},\"author\":{\"name\":\"n8n\",\"@id\":\"https:\\\/\\\/www.organisator.ch\\\/#\\\/schema\\\/person\\\/a9d0e0eff238db87a8f840f3b50359f0\"},\"headline\":\"Smart Monday: Gesund bis zur Pension im Job bleiben\",\"datePublished\":\"2026-02-09T12:16:04+00:00\",\"mainEntityOfPage\":{\"@id\":\"https:\\\/\\\/www.organisator.ch\\\/human-resources\\\/2026-02-09\\\/smart-monday-gesund-bis-zur-pension-im-job-bleiben\\\/\"},\"wordCount\":284,\"publisher\":{\"@id\":\"https:\\\/\\\/www.organisator.ch\\\/#organization\"},\"image\":{\"@id\":\"https:\\\/\\\/www.organisator.ch\\\/human-resources\\\/2026-02-09\\\/smart-monday-gesund-bis-zur-pension-im-job-bleiben\\\/#primaryimage\"},\"thumbnailUrl\":\"https:\\\/\\\/www.organisator.ch\\\/wp-content\\\/uploads\\\/2026\\\/02\\\/8saVH7y4Rriw.png\",\"keywords\":[\"Fachveranstaltung\",\"HRM\",\"Kaufm\u00e4nnischer Verband\",\"Management und Unternehmensf\u00fchrung\"],\"articleSection\":[\"HUMAN RESOURCES\"],\"inLanguage\":\"en-US\"},{\"@type\":\"WebPage\",\"@id\":\"https:\\\/\\\/www.organisator.ch\\\/human-resources\\\/2026-02-09\\\/smart-monday-gesund-bis-zur-pension-im-job-bleiben\\\/\",\"url\":\"https:\\\/\\\/www.organisator.ch\\\/human-resources\\\/2026-02-09\\\/smart-monday-gesund-bis-zur-pension-im-job-bleiben\\\/\",\"name\":\"Smart Monday: Gesund bis zur Pension im Job bleiben - Organisator\",\"isPartOf\":{\"@id\":\"https:\\\/\\\/www.organisator.ch\\\/#website\"},\"primaryImageOfPage\":{\"@id\":\"https:\\\/\\\/www.organisator.ch\\\/human-resources\\\/2026-02-09\\\/smart-monday-gesund-bis-zur-pension-im-job-bleiben\\\/#primaryimage\"},\"image\":{\"@id\":\"https:\\\/\\\/www.organisator.ch\\\/human-resources\\\/2026-02-09\\\/smart-monday-gesund-bis-zur-pension-im-job-bleiben\\\/#primaryimage\"},\"thumbnailUrl\":\"https:\\\/\\\/www.organisator.ch\\\/wp-content\\\/uploads\\\/2026\\\/02\\\/8saVH7y4Rriw.png\",\"datePublished\":\"2026-02-09T12:16:04+00:00\",\"description\":\"Smart Monday am 16. M\u00e4rz 2026: Experten diskutieren, wie Arbeitnehmende bis zur Pension gesund im Job bleiben. Mit Kathrin H\u00f6negger.\",\"breadcrumb\":{\"@id\":\"https:\\\/\\\/www.organisator.ch\\\/human-resources\\\/2026-02-09\\\/smart-monday-gesund-bis-zur-pension-im-job-bleiben\\\/#breadcrumb\"},\"inLanguage\":\"en-US\",\"potentialAction\":[{\"@type\":\"ReadAction\",\"target\":[\"https:\\\/\\\/www.organisator.ch\\\/human-resources\\\/2026-02-09\\\/smart-monday-gesund-bis-zur-pension-im-job-bleiben\\\/\"]}]},{\"@type\":\"ImageObject\",\"inLanguage\":\"en-US\",\"@id\":\"https:\\\/\\\/www.organisator.ch\\\/human-resources\\\/2026-02-09\\\/smart-monday-gesund-bis-zur-pension-im-job-bleiben\\\/#primaryimage\",\"url\":\"https:\\\/\\\/www.organisator.ch\\\/wp-content\\\/uploads\\\/2026\\\/02\\\/8saVH7y4Rriw.png\",\"contentUrl\":\"https:\\\/\\\/www.organisator.ch\\\/wp-content\\\/uploads\\\/2026\\\/02\\\/8saVH7y4Rriw.png\",\"width\":640,\"height\":320},{\"@type\":\"BreadcrumbList\",\"@id\":\"https:\\\/\\\/www.organisator.ch\\\/human-resources\\\/2026-02-09\\\/smart-monday-gesund-bis-zur-pension-im-job-bleiben\\\/#breadcrumb\",\"itemListElement\":[{\"@type\":\"ListItem\",\"position\":1,\"name\":\"Home\",\"item\":\"https:\\\/\\\/www.organisator.ch\\\/\"},{\"@type\":\"ListItem\",\"position\":2,\"name\":\"Smart Monday: Gesund bis zur Pension im Job bleiben\"}]},{\"@type\":\"WebSite\",\"@id\":\"https:\\\/\\\/www.organisator.ch\\\/#website\",\"url\":\"https:\\\/\\\/www.organisator.ch\\\/\",\"name\":\"Organisator\",\"description\":\"Kompetent. Praxisnah. Der ORGANISATOR bereitet in 10 Ausgaben pro Jahr die wesentlichen Themen f\u00fcr F\u00fchrungskr\u00e4fte von KMU auf.\",\"publisher\":{\"@id\":\"https:\\\/\\\/www.organisator.ch\\\/#organization\"},\"potentialAction\":[{\"@type\":\"SearchAction\",\"target\":{\"@type\":\"EntryPoint\",\"urlTemplate\":\"https:\\\/\\\/www.organisator.ch\\\/?s={search_term_string}\"},\"query-input\":{\"@type\":\"PropertyValueSpecification\",\"valueRequired\":true,\"valueName\":\"search_term_string\"}}],\"inLanguage\":\"en-US\"},{\"@type\":\"Organization\",\"@id\":\"https:\\\/\\\/www.organisator.ch\\\/#organization\",\"name\":\"Organisator\",\"url\":\"https:\\\/\\\/www.organisator.ch\\\/\",\"logo\":{\"@type\":\"ImageObject\",\"inLanguage\":\"en-US\",\"@id\":\"https:\\\/\\\/www.organisator.ch\\\/#\\\/schema\\\/logo\\\/image\\\/\",\"url\":\"https:\\\/\\\/www.organisator.ch\\\/wp-content\\\/uploads\\\/2022\\\/01\\\/Logo_Organisator_Website.png\",\"contentUrl\":\"https:\\\/\\\/www.organisator.ch\\\/wp-content\\\/uploads\\\/2022\\\/01\\\/Logo_Organisator_Website.png\",\"width\":800,\"height\":77,\"caption\":\"Organisator\"},\"image\":{\"@id\":\"https:\\\/\\\/www.organisator.ch\\\/#\\\/schema\\\/logo\\\/image\\\/\"},\"sameAs\":[\"https:\\\/\\\/www.facebook.com\\\/OrganisatorFachmagazin\",\"https:\\\/\\\/www.linkedin.com\\\/showcase\\\/organisator-das-magazin-fr-kmu\",\"https:\\\/\\\/www.xing.com\\\/news\\\/pages\\\/organisator-ch-695\",\"https:\\\/\\\/www.youtube.com\\\/channel\\\/UCGP2Sq0iWaZwT3BdIAQFYpw\"]},{\"@type\":\"Person\",\"@id\":\"https:\\\/\\\/www.organisator.ch\\\/#\\\/schema\\\/person\\\/a9d0e0eff238db87a8f840f3b50359f0\",\"name\":\"n8n\",\"image\":{\"@type\":\"ImageObject\",\"inLanguage\":\"en-US\",\"@id\":\"https:\\\/\\\/secure.gravatar.com\\\/avatar\\\/5368fb9d03fd415a6f335cece4c15af2502d6ca8651efbd6e8f98427a9795400?s=96&d=mm&r=g\",\"url\":\"https:\\\/\\\/secure.gravatar.com\\\/avatar\\\/5368fb9d03fd415a6f335cece4c15af2502d6ca8651efbd6e8f98427a9795400?s=96&d=mm&r=g\",\"contentUrl\":\"https:\\\/\\\/secure.gravatar.com\\\/avatar\\\/5368fb9d03fd415a6f335cece4c15af2502d6ca8651efbd6e8f98427a9795400?s=96&d=mm&r=g\",\"caption\":\"n8n\"},\"url\":\"https:\\\/\\\/www.organisator.ch\\\/en\\\/author\\\/n8n\\\/\"}]}<\/script>\n<!-- \/ Yoast SEO plugin. -->","yoast_head_json":{"title":"Smart Monday: Staying healthy at work until retirement - Organizer","description":"Smart Monday on March 16, 2026: Experts discuss how employees can stay healthy at work until retirement. With Kathrin H\u00f6negger.","robots":{"index":"index","follow":"follow","max-snippet":"max-snippet:-1","max-image-preview":"max-image-preview:large","max-video-preview":"max-video-preview:-1"},"canonical":"https:\/\/www.organisator.ch\/en\/human-resources\/2026-02-09\/smart-monday-gesund-bis-zur-pension-im-job-bleiben\/","og_locale":"en_US","og_type":"article","og_title":"Smart Monday: Gesund bis zur Pension im Job bleiben","og_description":"Smart Monday am 16. M\u00e4rz 2026: Experten diskutieren, wie Arbeitnehmende bis zur Pension gesund im Job bleiben. Mit Kathrin H\u00f6negger.","og_url":"https:\/\/www.organisator.ch\/en\/human-resources\/2026-02-09\/smart-monday-gesund-bis-zur-pension-im-job-bleiben\/","og_site_name":"Organisator","article_publisher":"https:\/\/www.facebook.com\/OrganisatorFachmagazin","article_published_time":"2026-02-09T12:16:04+00:00","og_image":[{"width":640,"height":320,"url":"https:\/\/www.organisator.ch\/wp-content\/uploads\/2026\/02\/8saVH7y4Rriw.png","type":"image\/png"}],"author":"n8n","twitter_card":"summary_large_image","twitter_title":"Smart Monday: Gesund bis zur Pension im Job bleiben","twitter_description":"Smart Monday am 16. M\u00e4rz 2026: Experten diskutieren, wie Arbeitnehmende bis zur Pension gesund im Job bleiben. Mit Kathrin H\u00f6negger.","twitter_image":"https:\/\/www.organisator.ch\/wp-content\/uploads\/2026\/02\/8saVH7y4Rriw.png","schema":{"@context":"https:\/\/schema.org","@graph":[{"@type":"Article","@id":"https:\/\/www.organisator.ch\/human-resources\/2026-02-09\/smart-monday-gesund-bis-zur-pension-im-job-bleiben\/#article","isPartOf":{"@id":"https:\/\/www.organisator.ch\/human-resources\/2026-02-09\/smart-monday-gesund-bis-zur-pension-im-job-bleiben\/"},"author":{"name":"n8n","@id":"https:\/\/www.organisator.ch\/#\/schema\/person\/a9d0e0eff238db87a8f840f3b50359f0"},"headline":"Smart Monday: Gesund bis zur Pension im Job bleiben","datePublished":"2026-02-09T12:16:04+00:00","mainEntityOfPage":{"@id":"https:\/\/www.organisator.ch\/human-resources\/2026-02-09\/smart-monday-gesund-bis-zur-pension-im-job-bleiben\/"},"wordCount":284,"publisher":{"@id":"https:\/\/www.organisator.ch\/#organization"},"image":{"@id":"https:\/\/www.organisator.ch\/human-resources\/2026-02-09\/smart-monday-gesund-bis-zur-pension-im-job-bleiben\/#primaryimage"},"thumbnailUrl":"https:\/\/www.organisator.ch\/wp-content\/uploads\/2026\/02\/8saVH7y4Rriw.png","keywords":["Fachveranstaltung","HRM","Kaufm\u00e4nnischer Verband","Management und Unternehmensf\u00fchrung"],"articleSection":["HUMAN RESOURCES"],"inLanguage":"en-US"},{"@type":"WebPage","@id":"https:\/\/www.organisator.ch\/human-resources\/2026-02-09\/smart-monday-gesund-bis-zur-pension-im-job-bleiben\/","url":"https:\/\/www.organisator.ch\/human-resources\/2026-02-09\/smart-monday-gesund-bis-zur-pension-im-job-bleiben\/","name":"Smart Monday: Staying healthy at work until retirement - Organizer","isPartOf":{"@id":"https:\/\/www.organisator.ch\/#website"},"primaryImageOfPage":{"@id":"https:\/\/www.organisator.ch\/human-resources\/2026-02-09\/smart-monday-gesund-bis-zur-pension-im-job-bleiben\/#primaryimage"},"image":{"@id":"https:\/\/www.organisator.ch\/human-resources\/2026-02-09\/smart-monday-gesund-bis-zur-pension-im-job-bleiben\/#primaryimage"},"thumbnailUrl":"https:\/\/www.organisator.ch\/wp-content\/uploads\/2026\/02\/8saVH7y4Rriw.png","datePublished":"2026-02-09T12:16:04+00:00","description":"Smart Monday on March 16, 2026: Experts discuss how employees can stay healthy at work until retirement. With Kathrin H\u00f6negger.","breadcrumb":{"@id":"https:\/\/www.organisator.ch\/human-resources\/2026-02-09\/smart-monday-gesund-bis-zur-pension-im-job-bleiben\/#breadcrumb"},"inLanguage":"en-US","potentialAction":[{"@type":"ReadAction","target":["https:\/\/www.organisator.ch\/human-resources\/2026-02-09\/smart-monday-gesund-bis-zur-pension-im-job-bleiben\/"]}]},{"@type":"ImageObject","inLanguage":"en-US","@id":"https:\/\/www.organisator.ch\/human-resources\/2026-02-09\/smart-monday-gesund-bis-zur-pension-im-job-bleiben\/#primaryimage","url":"https:\/\/www.organisator.ch\/wp-content\/uploads\/2026\/02\/8saVH7y4Rriw.png","contentUrl":"https:\/\/www.organisator.ch\/wp-content\/uploads\/2026\/02\/8saVH7y4Rriw.png","width":640,"height":320},{"@type":"BreadcrumbList","@id":"https:\/\/www.organisator.ch\/human-resources\/2026-02-09\/smart-monday-gesund-bis-zur-pension-im-job-bleiben\/#breadcrumb","itemListElement":[{"@type":"ListItem","position":1,"name":"Home","item":"https:\/\/www.organisator.ch\/"},{"@type":"ListItem","position":2,"name":"Smart Monday: Gesund bis zur Pension im Job bleiben"}]},{"@type":"WebSite","@id":"https:\/\/www.organisator.ch\/#website","url":"https:\/\/www.organisator.ch\/","name":"Organizer","description":"Competent. Practical. In 10 issues per year, ORGANISATOR presents the essential topics for managers of SMEs.","publisher":{"@id":"https:\/\/www.organisator.ch\/#organization"},"potentialAction":[{"@type":"SearchAction","target":{"@type":"EntryPoint","urlTemplate":"https:\/\/www.organisator.ch\/?s={search_term_string}"},"query-input":{"@type":"PropertyValueSpecification","valueRequired":true,"valueName":"search_term_string"}}],"inLanguage":"en-US"},{"@type":"Organization","@id":"https:\/\/www.organisator.ch\/#organization","name":"Organizer","url":"https:\/\/www.organisator.ch\/","logo":{"@type":"ImageObject","inLanguage":"en-US","@id":"https:\/\/www.organisator.ch\/#\/schema\/logo\/image\/","url":"https:\/\/www.organisator.ch\/wp-content\/uploads\/2022\/01\/Logo_Organisator_Website.png","contentUrl":"https:\/\/www.organisator.ch\/wp-content\/uploads\/2022\/01\/Logo_Organisator_Website.png","width":800,"height":77,"caption":"Organisator"},"image":{"@id":"https:\/\/www.organisator.ch\/#\/schema\/logo\/image\/"},"sameAs":["https:\/\/www.facebook.com\/OrganisatorFachmagazin","https:\/\/www.linkedin.com\/showcase\/organisator-das-magazin-fr-kmu","https:\/\/www.xing.com\/news\/pages\/organisator-ch-695","https:\/\/www.youtube.com\/channel\/UCGP2Sq0iWaZwT3BdIAQFYpw"]},{"@type":"Person","@id":"https:\/\/www.organisator.ch\/#\/schema\/person\/a9d0e0eff238db87a8f840f3b50359f0","name":"n8n","image":{"@type":"ImageObject","inLanguage":"en-US","@id":"https:\/\/secure.gravatar.com\/avatar\/5368fb9d03fd415a6f335cece4c15af2502d6ca8651efbd6e8f98427a9795400?s=96&d=mm&r=g","url":"https:\/\/secure.gravatar.com\/avatar\/5368fb9d03fd415a6f335cece4c15af2502d6ca8651efbd6e8f98427a9795400?s=96&d=mm&r=g","contentUrl":"https:\/\/secure.gravatar.com\/avatar\/5368fb9d03fd415a6f335cece4c15af2502d6ca8651efbd6e8f98427a9795400?s=96&d=mm&r=g","caption":"n8n"},"url":"https:\/\/www.organisator.ch\/en\/author\/n8n\/"}]}},"_links":{"self":[{"href":"https:\/\/www.organisator.ch\/en\/wp-json\/wp\/v2\/posts\/44339","targetHints":{"allow":["GET"]}}],"collection":[{"href":"https:\/\/www.organisator.ch\/en\/wp-json\/wp\/v2\/posts"}],"about":[{"href":"https:\/\/www.organisator.ch\/en\/wp-json\/wp\/v2\/types\/post"}],"author":[{"embeddable":true,"href":"https:\/\/www.organisator.ch\/en\/wp-json\/wp\/v2\/users\/107"}],"replies":[{"embeddable":true,"href":"https:\/\/www.organisator.ch\/en\/wp-json\/wp\/v2\/comments?post=44339"}],"version-history":[{"count":4,"href":"https:\/\/www.organisator.ch\/en\/wp-json\/wp\/v2\/posts\/44339\/revisions"}],"predecessor-version":[{"id":44421,"href":"https:\/\/www.organisator.ch\/en\/wp-json\/wp\/v2\/posts\/44339\/revisions\/44421"}],"wp:featuredmedia":[{"embeddable":true,"href":"https:\/\/www.organisator.ch\/en\/wp-json\/wp\/v2\/media\/44338"}],"wp:attachment":[{"href":"https:\/\/www.organisator.ch\/en\/wp-json\/wp\/v2\/media?parent=44339"}],"wp:term":[{"taxonomy":"category","embeddable":true,"href":"https:\/\/www.organisator.ch\/en\/wp-json\/wp\/v2\/categories?post=44339"},{"taxonomy":"post_tag","embeddable":true,"href":"https:\/\/www.organisator.ch\/en\/wp-json\/wp\/v2\/tags?post=44339"}],"curies":[{"name":"wp","href":"https:\/\/api.w.org\/{rel}","templated":true}]}}