{"id":4436,"date":"2018-10-29T13:29:22","date_gmt":"2018-10-29T12:29:22","guid":{"rendered":"https:\/\/www.organisator.ch\/?p=4436"},"modified":"2018-10-29T13:29:22","modified_gmt":"2018-10-29T12:29:22","slug":"kmu-tag-2018-gross-und-klar-denken-sicher-entscheiden","status":"publish","type":"post","link":"https:\/\/www.organisator.ch\/en\/management\/2018-10-29\/kmu-tag-2018-gross-und-klar-denken-sicher-entscheiden\/","title":{"rendered":"SME Day 2018: Think big and clear - decide with confidence"},"content":{"rendered":"<figure id=\"attachment_4438\" aria-describedby=\"caption-attachment-4438\" style=\"width: 640px\" class=\"wp-caption alignnone\"><img loading=\"lazy\" decoding=\"async\" class=\"size-full wp-image-4438\" src=\"https:\/\/www.organisator.ch\/wp-content\/uploads\/2018\/10\/KMU-Tag-2018-Gross-und-klar-denken---sicher-entscheiden-1_Organisator.jpg\" alt=\"\" width=\"640\" height=\"424\" srcset=\"\" sizes=\"auto, (max-width: 640px) 100vw, 640px\" data-srcset=\"\" \/><figcaption id=\"caption-attachment-4438\" class=\"wp-caption-text\">Tobi Wolf welcomed 1200 visitors at the SME Day 2018. (All pictures: Thomas Berner)<\/figcaption><\/figure>\n<p>Tobi Wolf opened the SME Day 2018 as host. He also presented the SME Day study that was conducted on the conference topic. It shows that decisions today have to be made ever faster and without complete information. The aspect of intuition - gut feeling vs. ratio - has gained in importance, according to another conclusion of the survey among current and former SME Day participants. In general, SMEs were satisfied with the decision-making culture in their companies. However, some entrepreneurs might wish for something like a \"video evidence\" like in football, where a disputed scene can be re-evaluated and, if necessary, decided again. \"Cultivating a culture of error is one approach,\" recommended Tobi Wolf in his opening address, and he urged people to have more courage to allow bad decisions to be made.<\/p>\n<h2>Also a topic at the SME Day 2018: Digitalization<\/h2>\n<p>Decisions, especially rational and fact-based ones, will be taken more and more by artificial intelligence in the future. Prof. Dr. Elgar Fleisch, Professor of Technology Management at the University of St.Gallen, spoke about this in his presentation \"The Digital Gut\". This title implied that machines might also be able to make emotional decisions one day. But there is no talk of that at present: Machines should primarily be able to perform certain activities better and more perfectly than humans. Elgar Fleisch cited image recognition as an example. This is a key technology, for example for the development of self-driving vehicles. But everywhere in digitization, there will be no future without humans. \"Digital and physical are growing together to form hybrid solutions,\" said Elgar Fleisch. Humans continue to take over the \"common sense\" that a machine cannot have; regulations are needed as to what ethics a machine must have.<\/p>\n<p>Digitization also plays a role for a traditional product like \"Basler L\u00e4ckerli\". This became clear from the presentation by Miriam Baumann-Blocher, owner, Managing Director and Chairman of the Board of L\u00e4ckerli Huus AG. In particular, sales are increasingly taking place via online channels, but traditional direct customer contact at the points of sale is still more important. New products, such as chocolate, are also intended to address new customer segments, as the speaker explained. \"We opt for tradition <em>and<\/em> Innovation,\" said Miriam Baumann, who described herself as a \"non-risk guy\" in the subsequent conversation.<\/p>\n<h2>Do not demonize machines - do not exaggerate nature<\/h2>\n<p>Myriam Locher, founder and CEO of Bettermind, gave a real \"wake-up call\" to the audience, showing how artificial intelligence teaches us to think bigger. \"The rhetoric around digital transformation is still too peaceful,\" she said right at the start. \"I don't believe in the calm that is still here\". After all, she said, artificial intelligence will provide a growth spurt worth 15.7 trillion (sic!) U.S. dollars by 2030. It is regrettable, however, that machines are still demonized too much, Myriam Locher explained. She did not gloss over the fact that automation and digitization will cost jobs. Farsightedness is therefore necessary in order to be prepared when the big push really comes. To the entrepreneurs who want to actively shape the digital transformation, she appealed: \"Change is not a great thing. But hang in there until the breakthrough comes. Because if something works right at the beginning, then you may not have thought big enough.\"<\/p>\n<figure id=\"attachment_4439\" aria-describedby=\"caption-attachment-4439\" style=\"width: 640px\" class=\"wp-caption alignnone\"><img loading=\"lazy\" decoding=\"async\" class=\"size-full wp-image-4439\" src=\"https:\/\/www.organisator.ch\/wp-content\/uploads\/2018\/10\/KMU-Tag-2018-Gross-und-klar-denken---sicher-entscheiden-2_Organisator.jpg\" alt=\"\" width=\"640\" height=\"425\" srcset=\"\" sizes=\"auto, (max-width: 640px) 100vw, 640px\" data-srcset=\"\" \/><figcaption id=\"caption-attachment-4439\" class=\"wp-caption-text\">Myriam Locher appealed to the audience to make even better use of the opportunities offered by artificial intelligence.<\/figcaption><\/figure>\n<p>A counterpoint to this was the multivision lecture by Hansj\u00f6rg Hinrichs. \"How to decide in the South Seas?\" was the topic of his presentation. He shared some of his experiences from his many trips to the primitive peoples of the Pacific region with the audience. The quintessence: Decisions are made among primitive peoples in conversation among the tribal elders. Decisions are thought about, but at some point an action has to be taken - in the sense of an intuition for the right moment. Hansj\u00f6rg Hinrichs gave the audience the following advice: \"If we manage to change our tempo into rhythm, then the measure is right again.<\/p>\n<h2>\"Privilege to decide\"<\/h2>\n<p>The last part of the presentation was given by book author Rolf Dobelli and former top referee Markus Merk. The former explained the \"art of clear thinking\" in a relaxed but lucid manner by exposing typical mistakes in everyday life. \"If you don't analyze the mistakes in great detail, you will make them again and again,\" the successful author advised. Markus Merk, in turn, enthusiastically and with many examples from his international career, gave important advice on how to \"make(er) up your mind\" in companies as well. Analogous to his work as a referee, he said, it is important to be permanently in areas of tension, but to use leeway as opportunities. And ultimately, it is a privilege to be able to decide.<\/p>\n<figure id=\"attachment_4440\" aria-describedby=\"caption-attachment-4440\" style=\"width: 640px\" class=\"wp-caption alignnone\"><img loading=\"lazy\" decoding=\"async\" class=\"size-full wp-image-4440\" src=\"https:\/\/www.organisator.ch\/wp-content\/uploads\/2018\/10\/KMU-Tag-2018-Gross-und-klar-denken-\u2013-sicher-entscheiden-3_Organisator.jpg\" alt=\"\" width=\"640\" height=\"360\" srcset=\"https:\/\/www.organisator.ch\/wp-content\/uploads\/2018\/10\/KMU-Tag-2018-Gross-und-klar-denken-\u2013-sicher-entscheiden-3_Organisator.jpg 640w, https:\/\/www.organisator.ch\/wp-content\/uploads\/2018\/10\/KMU-Tag-2018-Gross-und-klar-denken-\u2013-sicher-entscheiden-3_Organisator-16x9.jpg 16w, https:\/\/www.organisator.ch\/wp-content\/uploads\/2018\/10\/KMU-Tag-2018-Gross-und-klar-denken-\u2013-sicher-entscheiden-3_Organisator-311x175.jpg 311w, https:\/\/www.organisator.ch\/wp-content\/uploads\/2018\/10\/KMU-Tag-2018-Gross-und-klar-denken-\u2013-sicher-entscheiden-3_Organisator-622x350.jpg 622w, https:\/\/www.organisator.ch\/wp-content\/uploads\/2018\/10\/KMU-Tag-2018-Gross-und-klar-denken-\u2013-sicher-entscheiden-3_Organisator-300x169.jpg 300w\" sizes=\"auto, (max-width: 640px) 100vw, 640px\" \/><figcaption id=\"caption-attachment-4440\" class=\"wp-caption-text\">Panel discussion at SME Day 2018: Moderator Bernard Thurnheer (center) talks with Markus Merk (left) and Rolf Dobelli (right).<\/figcaption><\/figure>\n<p>The current SME guidebook, which the organizers of the SME Day 2018 gave to the visitors, can also be understood in this sense: The authors Urs Fueglistaller, Roger Tinner, Walter Weber and Tobias Wolf provide concrete answers to 7 x 3 questions and pragmatic tips and advice on the \"startup spirit in SMEs\". The guidebook explores the question in which areas classic small and medium-sized enterprises can benefit from very young startups, their strategies and fundamentals. Handy and readable in small bites as bedtime or break reading. To order via <a href=\"mailto:info@kmu-tag.ch\">info@kmu-tag.ch<\/a>.<\/p>\n<p><em>The next SME Day will be held on October 25, 2019. Further information: <a href=\"http:\/\/www.kmu-tag.ch\">www.kmu-tag.ch<\/a><\/em><\/p>","protected":false},"excerpt":{"rendered":"<p>Tobi Wolf er\u00f6ffnete als Gastgeber den KMU-Tag 2018. Er stellte auch die KMU-Tag-Studie, die zum Tagungsthema durchgef\u00fchrt wurde, vor. Sie zeigt, dass Entscheidungen heute immer schneller und ohne vollst\u00e4ndige Informationen getroffen werden m\u00fcssen. Der Aspekt der Intuition \u2013 Bauchgef\u00fchl vs. Ratio \u2013 hat an Bedeutung gewonnen, so ein weiteres Fazit der Befragung unter aktuellen und [&hellip;]<\/p>\n","protected":false},"author":4,"featured_media":4439,"comment_status":"open","ping_status":"open","sticky":false,"template":"","format":"standard","meta":{"_acf_changed":false,"_yoast_wpseo_focuskw":"KMU-Tag 2018","_yoast_wpseo_metadesc":"Gut 1200 G\u00e4ste fanden am 26. Oktober den Weg nach St.Gallen an den KMU-Tag 2018. Das Thema lautete: KMU und Entscheidungen \u2013 was im Alltag (wirklich) z\u00e4hlt.","articlekey":"","footnotes":""},"categories":[28],"tags":[156,193,492,508],"class_list":["post-4436","post","type-post","status-publish","format-standard","has-post-thumbnail","hentry","category-management","tag-digitalisierung","tag-fachkongressfachmesse","tag-unternehmen","tag-vermischtes"],"acf":[],"yoast_head":"<!-- This site is optimized with the Yoast SEO plugin v27.5 - https:\/\/yoast.com\/product\/yoast-seo-wordpress\/ -->\n<title>KMU-Tag 2018: Gross und klar denken \u2013 sicher entscheiden - Organisator<\/title>\n<meta name=\"description\" content=\"Gut 1200 G\u00e4ste fanden am 26. Oktober den Weg nach St.Gallen an den KMU-Tag 2018. Das Thema lautete: KMU und Entscheidungen \u2013 was im Alltag (wirklich) z\u00e4hlt.\" \/>\n<meta name=\"robots\" content=\"index, follow, max-snippet:-1, max-image-preview:large, max-video-preview:-1\" \/>\n<link rel=\"canonical\" href=\"https:\/\/www.organisator.ch\/en\/management\/2018-10-29\/kmu-tag-2018-gross-und-klar-denken-sicher-entscheiden\/\" \/>\n<meta property=\"og:locale\" content=\"en_US\" \/>\n<meta property=\"og:type\" content=\"article\" \/>\n<meta property=\"og:title\" content=\"KMU-Tag 2018: Gross und klar denken \u2013 sicher entscheiden\" \/>\n<meta property=\"og:description\" content=\"Gut 1200 G\u00e4ste fanden am 26. Oktober den Weg nach St.Gallen an den KMU-Tag 2018. Das Thema lautete: KMU und Entscheidungen \u2013 was im Alltag (wirklich) z\u00e4hlt.\" \/>\n<meta property=\"og:url\" content=\"https:\/\/www.organisator.ch\/en\/management\/2018-10-29\/kmu-tag-2018-gross-und-klar-denken-sicher-entscheiden\/\" \/>\n<meta property=\"og:site_name\" content=\"Organisator\" \/>\n<meta property=\"article:publisher\" content=\"https:\/\/www.facebook.com\/OrganisatorFachmagazin\" \/>\n<meta property=\"article:published_time\" content=\"2018-10-29T12:29:22+00:00\" \/>\n<meta property=\"og:image\" content=\"https:\/\/www.organisator.ch\/wp-content\/uploads\/2018\/10\/KMU-Tag-2018-Gross-und-klar-denken-\u2013-sicher-entscheiden-1_Organisator.jpg\" \/>\n\t<meta property=\"og:image:width\" content=\"640\" \/>\n\t<meta property=\"og:image:height\" content=\"424\" \/>\n\t<meta property=\"og:image:type\" content=\"image\/jpeg\" \/>\n<meta name=\"author\" content=\"thomas.berner\" \/>\n<meta name=\"twitter:card\" content=\"summary_large_image\" \/>\n<meta name=\"twitter:title\" content=\"#KMU-Tag 2018: Gross und klar denken \u2013 sicher entscheiden\" \/>\n<meta name=\"twitter:description\" content=\"Gut 1200 G\u00e4ste fanden am 26. Oktober den Weg nach St.Gallen an den #KMU-Tag 2018. Das Thema lautete: KMU und Entscheidungen \u2013 was im Alltag (wirklich) z\u00e4hlt.\" \/>\n<meta name=\"twitter:image\" content=\"https:\/\/www.organisator.ch\/wp-content\/uploads\/2018\/10\/KMU-Tag-2018-Gross-und-klar-denken-\u2013-sicher-entscheiden-2_Organisator.jpg\" \/>\n<script type=\"application\/ld+json\" class=\"yoast-schema-graph\">{\"@context\":\"https:\\\/\\\/schema.org\",\"@graph\":[{\"@type\":\"Article\",\"@id\":\"https:\\\/\\\/www.organisator.ch\\\/management\\\/2018-10-29\\\/kmu-tag-2018-gross-und-klar-denken-sicher-entscheiden\\\/#article\",\"isPartOf\":{\"@id\":\"https:\\\/\\\/www.organisator.ch\\\/management\\\/2018-10-29\\\/kmu-tag-2018-gross-und-klar-denken-sicher-entscheiden\\\/\"},\"author\":{\"name\":\"thomas.berner\",\"@id\":\"https:\\\/\\\/www.organisator.ch\\\/#\\\/schema\\\/person\\\/6f650f90b2842cd4c0cc334b4e36f67e\"},\"headline\":\"KMU-Tag 2018: Gross und klar denken \u2013 sicher entscheiden\",\"datePublished\":\"2018-10-29T12:29:22+00:00\",\"mainEntityOfPage\":{\"@id\":\"https:\\\/\\\/www.organisator.ch\\\/management\\\/2018-10-29\\\/kmu-tag-2018-gross-und-klar-denken-sicher-entscheiden\\\/\"},\"wordCount\":925,\"commentCount\":0,\"publisher\":{\"@id\":\"https:\\\/\\\/www.organisator.ch\\\/#organization\"},\"image\":{\"@id\":\"https:\\\/\\\/www.organisator.ch\\\/management\\\/2018-10-29\\\/kmu-tag-2018-gross-und-klar-denken-sicher-entscheiden\\\/#primaryimage\"},\"thumbnailUrl\":\"https:\\\/\\\/www.organisator.ch\\\/wp-content\\\/uploads\\\/2018\\\/10\\\/KMU-Tag-2018-Gross-und-klar-denken-\u2013-sicher-entscheiden-2_Organisator.jpg\",\"keywords\":[\"Digitalisierung\",\"Fachkongress\\\/Fachmesse\",\"Unternehmen\",\"Vermischtes\"],\"articleSection\":[\"MANAGEMENT\"],\"inLanguage\":\"en-US\"},{\"@type\":\"WebPage\",\"@id\":\"https:\\\/\\\/www.organisator.ch\\\/management\\\/2018-10-29\\\/kmu-tag-2018-gross-und-klar-denken-sicher-entscheiden\\\/\",\"url\":\"https:\\\/\\\/www.organisator.ch\\\/management\\\/2018-10-29\\\/kmu-tag-2018-gross-und-klar-denken-sicher-entscheiden\\\/\",\"name\":\"KMU-Tag 2018: Gross und klar denken \u2013 sicher entscheiden - Organisator\",\"isPartOf\":{\"@id\":\"https:\\\/\\\/www.organisator.ch\\\/#website\"},\"primaryImageOfPage\":{\"@id\":\"https:\\\/\\\/www.organisator.ch\\\/management\\\/2018-10-29\\\/kmu-tag-2018-gross-und-klar-denken-sicher-entscheiden\\\/#primaryimage\"},\"image\":{\"@id\":\"https:\\\/\\\/www.organisator.ch\\\/management\\\/2018-10-29\\\/kmu-tag-2018-gross-und-klar-denken-sicher-entscheiden\\\/#primaryimage\"},\"thumbnailUrl\":\"https:\\\/\\\/www.organisator.ch\\\/wp-content\\\/uploads\\\/2018\\\/10\\\/KMU-Tag-2018-Gross-und-klar-denken-\u2013-sicher-entscheiden-2_Organisator.jpg\",\"datePublished\":\"2018-10-29T12:29:22+00:00\",\"description\":\"Gut 1200 G\u00e4ste fanden am 26. Oktober den Weg nach St.Gallen an den KMU-Tag 2018. Das Thema lautete: KMU und Entscheidungen \u2013 was im Alltag (wirklich) z\u00e4hlt.\",\"breadcrumb\":{\"@id\":\"https:\\\/\\\/www.organisator.ch\\\/management\\\/2018-10-29\\\/kmu-tag-2018-gross-und-klar-denken-sicher-entscheiden\\\/#breadcrumb\"},\"inLanguage\":\"en-US\",\"potentialAction\":[{\"@type\":\"ReadAction\",\"target\":[\"https:\\\/\\\/www.organisator.ch\\\/management\\\/2018-10-29\\\/kmu-tag-2018-gross-und-klar-denken-sicher-entscheiden\\\/\"]}]},{\"@type\":\"ImageObject\",\"inLanguage\":\"en-US\",\"@id\":\"https:\\\/\\\/www.organisator.ch\\\/management\\\/2018-10-29\\\/kmu-tag-2018-gross-und-klar-denken-sicher-entscheiden\\\/#primaryimage\",\"url\":\"https:\\\/\\\/www.organisator.ch\\\/wp-content\\\/uploads\\\/2018\\\/10\\\/KMU-Tag-2018-Gross-und-klar-denken-\u2013-sicher-entscheiden-2_Organisator.jpg\",\"contentUrl\":\"https:\\\/\\\/www.organisator.ch\\\/wp-content\\\/uploads\\\/2018\\\/10\\\/KMU-Tag-2018-Gross-und-klar-denken-\u2013-sicher-entscheiden-2_Organisator.jpg\",\"width\":640,\"height\":425,\"caption\":\"Myriam Locher appellierte ans Publikum, die Chancen der k\u00fcnstlichen Intelligenz noch besser zu nutzen.\"},{\"@type\":\"BreadcrumbList\",\"@id\":\"https:\\\/\\\/www.organisator.ch\\\/management\\\/2018-10-29\\\/kmu-tag-2018-gross-und-klar-denken-sicher-entscheiden\\\/#breadcrumb\",\"itemListElement\":[{\"@type\":\"ListItem\",\"position\":1,\"name\":\"Home\",\"item\":\"https:\\\/\\\/www.organisator.ch\\\/\"},{\"@type\":\"ListItem\",\"position\":2,\"name\":\"KMU-Tag 2018: Gross und klar denken \u2013 sicher entscheiden\"}]},{\"@type\":\"WebSite\",\"@id\":\"https:\\\/\\\/www.organisator.ch\\\/#website\",\"url\":\"https:\\\/\\\/www.organisator.ch\\\/\",\"name\":\"Organisator\",\"description\":\"Kompetent. Praxisnah. Der ORGANISATOR bereitet in 10 Ausgaben pro Jahr die wesentlichen Themen f\u00fcr F\u00fchrungskr\u00e4fte von KMU auf.\",\"publisher\":{\"@id\":\"https:\\\/\\\/www.organisator.ch\\\/#organization\"},\"potentialAction\":[{\"@type\":\"SearchAction\",\"target\":{\"@type\":\"EntryPoint\",\"urlTemplate\":\"https:\\\/\\\/www.organisator.ch\\\/?s={search_term_string}\"},\"query-input\":{\"@type\":\"PropertyValueSpecification\",\"valueRequired\":true,\"valueName\":\"search_term_string\"}}],\"inLanguage\":\"en-US\"},{\"@type\":\"Organization\",\"@id\":\"https:\\\/\\\/www.organisator.ch\\\/#organization\",\"name\":\"Organisator\",\"url\":\"https:\\\/\\\/www.organisator.ch\\\/\",\"logo\":{\"@type\":\"ImageObject\",\"inLanguage\":\"en-US\",\"@id\":\"https:\\\/\\\/www.organisator.ch\\\/#\\\/schema\\\/logo\\\/image\\\/\",\"url\":\"https:\\\/\\\/www.organisator.ch\\\/wp-content\\\/uploads\\\/2022\\\/01\\\/Logo_Organisator_Website.png\",\"contentUrl\":\"https:\\\/\\\/www.organisator.ch\\\/wp-content\\\/uploads\\\/2022\\\/01\\\/Logo_Organisator_Website.png\",\"width\":800,\"height\":77,\"caption\":\"Organisator\"},\"image\":{\"@id\":\"https:\\\/\\\/www.organisator.ch\\\/#\\\/schema\\\/logo\\\/image\\\/\"},\"sameAs\":[\"https:\\\/\\\/www.facebook.com\\\/OrganisatorFachmagazin\",\"https:\\\/\\\/www.linkedin.com\\\/showcase\\\/organisator-das-magazin-fr-kmu\",\"https:\\\/\\\/www.xing.com\\\/news\\\/pages\\\/organisator-ch-695\",\"https:\\\/\\\/www.youtube.com\\\/channel\\\/UCGP2Sq0iWaZwT3BdIAQFYpw\"]},{\"@type\":\"Person\",\"@id\":\"https:\\\/\\\/www.organisator.ch\\\/#\\\/schema\\\/person\\\/6f650f90b2842cd4c0cc334b4e36f67e\",\"name\":\"thomas.berner\",\"image\":{\"@type\":\"ImageObject\",\"inLanguage\":\"en-US\",\"@id\":\"https:\\\/\\\/secure.gravatar.com\\\/avatar\\\/ac5001d2a36cb6c6cd3e50789007ffca834b477b74a2144564522e944eabff61?s=96&d=mm&r=g\",\"url\":\"https:\\\/\\\/secure.gravatar.com\\\/avatar\\\/ac5001d2a36cb6c6cd3e50789007ffca834b477b74a2144564522e944eabff61?s=96&d=mm&r=g\",\"contentUrl\":\"https:\\\/\\\/secure.gravatar.com\\\/avatar\\\/ac5001d2a36cb6c6cd3e50789007ffca834b477b74a2144564522e944eabff61?s=96&d=mm&r=g\",\"caption\":\"thomas.berner\"},\"url\":\"https:\\\/\\\/www.organisator.ch\\\/en\\\/author\\\/thomas-berner\\\/\"}]}<\/script>\n<!-- \/ Yoast SEO plugin. -->","yoast_head_json":{"title":"SME Day 2018: Think big and clear - decide with confidence - Organizer","description":"A good 1,200 guests found their way to St.Gallen on October 26 to attend the SME Day 2018. The topic was: SMEs and decisions - what (really) counts in everyday life.","robots":{"index":"index","follow":"follow","max-snippet":"max-snippet:-1","max-image-preview":"max-image-preview:large","max-video-preview":"max-video-preview:-1"},"canonical":"https:\/\/www.organisator.ch\/en\/management\/2018-10-29\/kmu-tag-2018-gross-und-klar-denken-sicher-entscheiden\/","og_locale":"en_US","og_type":"article","og_title":"KMU-Tag 2018: Gross und klar denken \u2013 sicher entscheiden","og_description":"Gut 1200 G\u00e4ste fanden am 26. Oktober den Weg nach St.Gallen an den KMU-Tag 2018. Das Thema lautete: KMU und Entscheidungen \u2013 was im Alltag (wirklich) z\u00e4hlt.","og_url":"https:\/\/www.organisator.ch\/en\/management\/2018-10-29\/kmu-tag-2018-gross-und-klar-denken-sicher-entscheiden\/","og_site_name":"Organisator","article_publisher":"https:\/\/www.facebook.com\/OrganisatorFachmagazin","article_published_time":"2018-10-29T12:29:22+00:00","og_image":[{"width":640,"height":424,"url":"https:\/\/www.organisator.ch\/wp-content\/uploads\/2018\/10\/KMU-Tag-2018-Gross-und-klar-denken-\u2013-sicher-entscheiden-1_Organisator.jpg","type":"image\/jpeg"}],"author":"thomas.berner","twitter_card":"summary_large_image","twitter_title":"#KMU-Tag 2018: Gross und klar denken \u2013 sicher entscheiden","twitter_description":"Gut 1200 G\u00e4ste fanden am 26. Oktober den Weg nach St.Gallen an den #KMU-Tag 2018. Das Thema lautete: KMU und Entscheidungen \u2013 was im Alltag (wirklich) z\u00e4hlt.","twitter_image":"https:\/\/www.organisator.ch\/wp-content\/uploads\/2018\/10\/KMU-Tag-2018-Gross-und-klar-denken-\u2013-sicher-entscheiden-2_Organisator.jpg","schema":{"@context":"https:\/\/schema.org","@graph":[{"@type":"Article","@id":"https:\/\/www.organisator.ch\/management\/2018-10-29\/kmu-tag-2018-gross-und-klar-denken-sicher-entscheiden\/#article","isPartOf":{"@id":"https:\/\/www.organisator.ch\/management\/2018-10-29\/kmu-tag-2018-gross-und-klar-denken-sicher-entscheiden\/"},"author":{"name":"thomas.berner","@id":"https:\/\/www.organisator.ch\/#\/schema\/person\/6f650f90b2842cd4c0cc334b4e36f67e"},"headline":"KMU-Tag 2018: Gross und klar denken \u2013 sicher entscheiden","datePublished":"2018-10-29T12:29:22+00:00","mainEntityOfPage":{"@id":"https:\/\/www.organisator.ch\/management\/2018-10-29\/kmu-tag-2018-gross-und-klar-denken-sicher-entscheiden\/"},"wordCount":925,"commentCount":0,"publisher":{"@id":"https:\/\/www.organisator.ch\/#organization"},"image":{"@id":"https:\/\/www.organisator.ch\/management\/2018-10-29\/kmu-tag-2018-gross-und-klar-denken-sicher-entscheiden\/#primaryimage"},"thumbnailUrl":"https:\/\/www.organisator.ch\/wp-content\/uploads\/2018\/10\/KMU-Tag-2018-Gross-und-klar-denken-\u2013-sicher-entscheiden-2_Organisator.jpg","keywords":["Digitalisierung","Fachkongress\/Fachmesse","Unternehmen","Vermischtes"],"articleSection":["MANAGEMENT"],"inLanguage":"en-US"},{"@type":"WebPage","@id":"https:\/\/www.organisator.ch\/management\/2018-10-29\/kmu-tag-2018-gross-und-klar-denken-sicher-entscheiden\/","url":"https:\/\/www.organisator.ch\/management\/2018-10-29\/kmu-tag-2018-gross-und-klar-denken-sicher-entscheiden\/","name":"SME Day 2018: Think big and clear - decide with confidence - Organizer","isPartOf":{"@id":"https:\/\/www.organisator.ch\/#website"},"primaryImageOfPage":{"@id":"https:\/\/www.organisator.ch\/management\/2018-10-29\/kmu-tag-2018-gross-und-klar-denken-sicher-entscheiden\/#primaryimage"},"image":{"@id":"https:\/\/www.organisator.ch\/management\/2018-10-29\/kmu-tag-2018-gross-und-klar-denken-sicher-entscheiden\/#primaryimage"},"thumbnailUrl":"https:\/\/www.organisator.ch\/wp-content\/uploads\/2018\/10\/KMU-Tag-2018-Gross-und-klar-denken-\u2013-sicher-entscheiden-2_Organisator.jpg","datePublished":"2018-10-29T12:29:22+00:00","description":"A good 1,200 guests found their way to St.Gallen on October 26 to attend the SME Day 2018. The topic was: SMEs and decisions - what (really) counts in everyday life.","breadcrumb":{"@id":"https:\/\/www.organisator.ch\/management\/2018-10-29\/kmu-tag-2018-gross-und-klar-denken-sicher-entscheiden\/#breadcrumb"},"inLanguage":"en-US","potentialAction":[{"@type":"ReadAction","target":["https:\/\/www.organisator.ch\/management\/2018-10-29\/kmu-tag-2018-gross-und-klar-denken-sicher-entscheiden\/"]}]},{"@type":"ImageObject","inLanguage":"en-US","@id":"https:\/\/www.organisator.ch\/management\/2018-10-29\/kmu-tag-2018-gross-und-klar-denken-sicher-entscheiden\/#primaryimage","url":"https:\/\/www.organisator.ch\/wp-content\/uploads\/2018\/10\/KMU-Tag-2018-Gross-und-klar-denken-\u2013-sicher-entscheiden-2_Organisator.jpg","contentUrl":"https:\/\/www.organisator.ch\/wp-content\/uploads\/2018\/10\/KMU-Tag-2018-Gross-und-klar-denken-\u2013-sicher-entscheiden-2_Organisator.jpg","width":640,"height":425,"caption":"Myriam Locher appellierte ans Publikum, die Chancen der k\u00fcnstlichen Intelligenz noch besser zu nutzen."},{"@type":"BreadcrumbList","@id":"https:\/\/www.organisator.ch\/management\/2018-10-29\/kmu-tag-2018-gross-und-klar-denken-sicher-entscheiden\/#breadcrumb","itemListElement":[{"@type":"ListItem","position":1,"name":"Home","item":"https:\/\/www.organisator.ch\/"},{"@type":"ListItem","position":2,"name":"KMU-Tag 2018: Gross und klar denken \u2013 sicher entscheiden"}]},{"@type":"WebSite","@id":"https:\/\/www.organisator.ch\/#website","url":"https:\/\/www.organisator.ch\/","name":"Organizer","description":"Competent. Practical. In 10 issues per year, ORGANISATOR presents the essential topics for managers of SMEs.","publisher":{"@id":"https:\/\/www.organisator.ch\/#organization"},"potentialAction":[{"@type":"SearchAction","target":{"@type":"EntryPoint","urlTemplate":"https:\/\/www.organisator.ch\/?s={search_term_string}"},"query-input":{"@type":"PropertyValueSpecification","valueRequired":true,"valueName":"search_term_string"}}],"inLanguage":"en-US"},{"@type":"Organization","@id":"https:\/\/www.organisator.ch\/#organization","name":"Organizer","url":"https:\/\/www.organisator.ch\/","logo":{"@type":"ImageObject","inLanguage":"en-US","@id":"https:\/\/www.organisator.ch\/#\/schema\/logo\/image\/","url":"https:\/\/www.organisator.ch\/wp-content\/uploads\/2022\/01\/Logo_Organisator_Website.png","contentUrl":"https:\/\/www.organisator.ch\/wp-content\/uploads\/2022\/01\/Logo_Organisator_Website.png","width":800,"height":77,"caption":"Organisator"},"image":{"@id":"https:\/\/www.organisator.ch\/#\/schema\/logo\/image\/"},"sameAs":["https:\/\/www.facebook.com\/OrganisatorFachmagazin","https:\/\/www.linkedin.com\/showcase\/organisator-das-magazin-fr-kmu","https:\/\/www.xing.com\/news\/pages\/organisator-ch-695","https:\/\/www.youtube.com\/channel\/UCGP2Sq0iWaZwT3BdIAQFYpw"]},{"@type":"Person","@id":"https:\/\/www.organisator.ch\/#\/schema\/person\/6f650f90b2842cd4c0cc334b4e36f67e","name":"thomas.berner","image":{"@type":"ImageObject","inLanguage":"en-US","@id":"https:\/\/secure.gravatar.com\/avatar\/ac5001d2a36cb6c6cd3e50789007ffca834b477b74a2144564522e944eabff61?s=96&d=mm&r=g","url":"https:\/\/secure.gravatar.com\/avatar\/ac5001d2a36cb6c6cd3e50789007ffca834b477b74a2144564522e944eabff61?s=96&d=mm&r=g","contentUrl":"https:\/\/secure.gravatar.com\/avatar\/ac5001d2a36cb6c6cd3e50789007ffca834b477b74a2144564522e944eabff61?s=96&d=mm&r=g","caption":"thomas.berner"},"url":"https:\/\/www.organisator.ch\/en\/author\/thomas-berner\/"}]}},"_links":{"self":[{"href":"https:\/\/www.organisator.ch\/en\/wp-json\/wp\/v2\/posts\/4436","targetHints":{"allow":["GET"]}}],"collection":[{"href":"https:\/\/www.organisator.ch\/en\/wp-json\/wp\/v2\/posts"}],"about":[{"href":"https:\/\/www.organisator.ch\/en\/wp-json\/wp\/v2\/types\/post"}],"author":[{"embeddable":true,"href":"https:\/\/www.organisator.ch\/en\/wp-json\/wp\/v2\/users\/4"}],"replies":[{"embeddable":true,"href":"https:\/\/www.organisator.ch\/en\/wp-json\/wp\/v2\/comments?post=4436"}],"version-history":[{"count":0,"href":"https:\/\/www.organisator.ch\/en\/wp-json\/wp\/v2\/posts\/4436\/revisions"}],"wp:featuredmedia":[{"embeddable":true,"href":"https:\/\/www.organisator.ch\/en\/wp-json\/wp\/v2\/media\/4439"}],"wp:attachment":[{"href":"https:\/\/www.organisator.ch\/en\/wp-json\/wp\/v2\/media?parent=4436"}],"wp:term":[{"taxonomy":"category","embeddable":true,"href":"https:\/\/www.organisator.ch\/en\/wp-json\/wp\/v2\/categories?post=4436"},{"taxonomy":"post_tag","embeddable":true,"href":"https:\/\/www.organisator.ch\/en\/wp-json\/wp\/v2\/tags?post=4436"}],"curies":[{"name":"wp","href":"https:\/\/api.w.org\/{rel}","templated":true}]}}