{"id":44537,"date":"2026-02-12T14:13:49","date_gmt":"2026-02-12T13:13:49","guid":{"rendered":"https:\/\/www.organisator.ch\/de\/?p=44537"},"modified":"2026-02-12T14:13:49","modified_gmt":"2026-02-12T13:13:49","slug":"fairtrade-blumen-zum-valentinstag-staerken-frauenrechte","status":"publish","type":"post","link":"https:\/\/www.organisator.ch\/en\/sustainability\/2026-02-12\/fairtrade-blumen-zum-valentinstag-staerken-frauenrechte\/","title":{"rendered":"Fairtrade flowers for Valentine's Day strengthen women's rights"},"content":{"rendered":"<figure>\n<figure id=\"attachment_44536\" aria-describedby=\"caption-attachment-44536\" style=\"width: 540px\" class=\"wp-caption alignnone\"><img loading=\"lazy\" decoding=\"async\" class=\"size-full wp-image-44536\" src=\"https:\/\/www.organisator.ch\/wp-content\/uploads\/2026\/02\/Melanie20DC3BCrr-e1770901897302.jpg\" alt=\"\" width=\"540\" height=\"481\" srcset=\"https:\/\/www.organisator.ch\/wp-content\/uploads\/2026\/02\/Melanie20DC3BCrr-e1770901897302.jpg 540w, https:\/\/www.organisator.ch\/wp-content\/uploads\/2026\/02\/Melanie20DC3BCrr-e1770901897302-13x12.jpg 13w, https:\/\/www.organisator.ch\/wp-content\/uploads\/2026\/02\/Melanie20DC3BCrr-e1770901897302-337x300.jpg 337w, https:\/\/www.organisator.ch\/wp-content\/uploads\/2026\/02\/Melanie20DC3BCrr-e1770901897302-393x350.jpg 393w\" sizes=\"auto, (max-width: 540px) 100vw, 540px\" \/><figcaption id=\"caption-attachment-44536\" class=\"wp-caption-text\">Melanie D\u00fcrr, Head of International Cooperation Fairtrade Max Havelaar (Source: zvg)<\/figcaption><\/figure><br \/>\n<\/figure>\n<h3>Systematic discrimination in the flower sector<\/h3>\n<p>Women make up the majority of the approximately 500,000 workers in the East African flower sector, which supplies Switzerland, particularly for Valentine's Day. \u2019On this holiday of love, we should focus on the working conditions of these women who grow the flowers and support initiatives to strengthen their rights,\u00ab says Melanie D\u00fcrr, Head of International Cooperation at Fairtrade Max Havelaar. She continues: \u00bbBecause today, many female workers are systematically affected by discrimination, sexual harassment or a lack of occupational health and safety. Fairtrade Valentine's roses can make a real contribution to improving working conditions on the ground.\u00ab<\/p>\n<h3>Structural grievances widespread<\/h3>\n<p>Hundreds of thousands of people work on East African flower farms, but only around 15 percent of them are employed on Fairtrade-certified farms. Only a small proportion of the flowers imported for Valentine's Day are Fairtrade-certified. Structural abuses are widespread in the flower sector: Sexual harassment, inadequate maternity protection and a severe underrepresentation of women in management positions are key challenges.<\/p>\n<h3>Binding standards for real improvements<\/h3>\n<p>To counteract these problems, binding structures are needed that enable real improvements. Fairtrade places a clear focus on the promotion and protection of women. The approximately 65 Fairtrade-certified flower farms in East Africa employ around 75,000 people and are subject to comprehensive Fairtrade standards. These stipulate fixed employment contracts, regulated vacation entitlements, clearly defined maternity protection regulations and firmly established mechanisms for dealing with sexual harassment. Regular training courses also raise employees\u2019 awareness of their rights.<\/p>\n<h3>Women's School of Leadership<\/h3>\n<p>Among other things, Fairtrade is implementing the \u00abWomen's School of Leadership\u00bb initiative. A sector-specific program in East Africa that aims to empower women in the Fairtrade flower supply chain. Specific measures have been introduced on participating farms to facilitate women's access to leadership roles, strengthen gender policies and improve reporting and counseling structures for sexual harassment.<\/p>\n<p>Fridah Makena, a 28-year-old Kenyan woman, took part in the program: \u00abAfter the ten-month training at the Fairtrade Women's School of Leadership, I successfully applied for a job as a supervisor. Today, I lead a team of flower workers and am proud of my professional development.\u201a<\/p>\n<p>Fairtrade-certified flowers stand for working conditions that strengthen women's rights and take responsibility in global supply chains.<\/p>\n<p>More information: <a href=\"https:\/\/www.maxhavelaar.ch\" target=\"_blank\" rel=\"noopener\">https:\/\/www.maxhavelaar.ch<\/a><\/p>","protected":false},"excerpt":{"rendered":"<p>Women make up the majority of the approximately 500,000 workers in the East African flower sector. Melanie D\u00fcrr from Fairtrade Max Havelaar appeals before Valentine's Day to focus on the working conditions of these women and to support initiatives that strengthen their rights.<\/p>","protected":false},"author":107,"featured_media":44536,"comment_status":"closed","ping_status":"closed","sticky":false,"template":"","format":"standard","meta":{"_acf_changed":false,"_yoast_wpseo_focuskw":"Fairtrade Valentinstag Blumen","_yoast_wpseo_metadesc":"Fairtrade-Valentinsrosen st\u00e4rken Frauenrechte im ostafrikanischen Blumensektor und verbessern Arbeitsbedingungen konkret.","articlekey":"","footnotes":""},"categories":[580],"tags":[133,5820,358,492],"class_list":["post-44537","post","type-post","status-publish","format-standard","has-post-thumbnail","hentry","category-sustainability","tag-corporate-social-responsibility","tag-frauenrechte","tag-nachhaltige-wirtschaft","tag-unternehmen"],"acf":[],"yoast_head":"<!-- This site is optimized with the Yoast SEO plugin v27.4 - https:\/\/yoast.com\/product\/yoast-seo-wordpress\/ -->\n<title>Fairtrade-Blumen zum Valentinstag st\u00e4rken Frauenrechte - Organisator<\/title>\n<meta name=\"description\" content=\"Fairtrade-Valentinsrosen st\u00e4rken Frauenrechte im ostafrikanischen Blumensektor und verbessern Arbeitsbedingungen konkret.\" \/>\n<meta name=\"robots\" content=\"index, follow, max-snippet:-1, max-image-preview:large, max-video-preview:-1\" \/>\n<link rel=\"canonical\" href=\"https:\/\/www.organisator.ch\/en\/sustainability\/2026-02-12\/fairtrade-blumen-zum-valentinstag-staerken-frauenrechte\/\" \/>\n<meta property=\"og:locale\" content=\"en_US\" \/>\n<meta property=\"og:type\" content=\"article\" \/>\n<meta property=\"og:title\" content=\"Fairtrade-Blumen zum Valentinstag st\u00e4rken Frauenrechte\" \/>\n<meta property=\"og:description\" content=\"Fairtrade-Valentinsrosen st\u00e4rken Frauenrechte im ostafrikanischen Blumensektor und verbessern Arbeitsbedingungen konkret.\" \/>\n<meta property=\"og:url\" content=\"https:\/\/www.organisator.ch\/en\/sustainability\/2026-02-12\/fairtrade-blumen-zum-valentinstag-staerken-frauenrechte\/\" \/>\n<meta property=\"og:site_name\" content=\"Organisator\" \/>\n<meta property=\"article:publisher\" content=\"https:\/\/www.facebook.com\/OrganisatorFachmagazin\" \/>\n<meta property=\"article:published_time\" content=\"2026-02-12T13:13:49+00:00\" \/>\n<meta property=\"og:image\" content=\"https:\/\/www.organisator.ch\/wp-content\/uploads\/2026\/02\/Melanie20DC3BCrr-e1770901897302.jpg\" \/>\n\t<meta property=\"og:image:width\" content=\"540\" \/>\n\t<meta property=\"og:image:height\" content=\"481\" \/>\n\t<meta property=\"og:image:type\" content=\"image\/jpeg\" \/>\n<meta name=\"author\" content=\"n8n\" \/>\n<meta name=\"twitter:card\" content=\"summary_large_image\" \/>\n<meta name=\"twitter:title\" content=\"#Fairtrade-Blumen zum Valentinstag st\u00e4rken #Frauenrechte\" \/>\n<meta name=\"twitter:description\" content=\"#Fairtrade-Valentinsrosen st\u00e4rken #Frauenrechte im ostafrikanischen Blumensektor und verbessern #Arbeitsbedingungen konkret.\" \/>\n<meta name=\"twitter:image\" content=\"https:\/\/www.organisator.ch\/wp-content\/uploads\/2026\/02\/Melanie20DC3BCrr-e1770901897302.jpg\" \/>\n<script type=\"application\/ld+json\" class=\"yoast-schema-graph\">{\"@context\":\"https:\\\/\\\/schema.org\",\"@graph\":[{\"@type\":\"Article\",\"@id\":\"https:\\\/\\\/www.organisator.ch\\\/sustainability\\\/2026-02-12\\\/fairtrade-blumen-zum-valentinstag-staerken-frauenrechte\\\/#article\",\"isPartOf\":{\"@id\":\"https:\\\/\\\/www.organisator.ch\\\/sustainability\\\/2026-02-12\\\/fairtrade-blumen-zum-valentinstag-staerken-frauenrechte\\\/\"},\"author\":{\"name\":\"n8n\",\"@id\":\"https:\\\/\\\/www.organisator.ch\\\/#\\\/schema\\\/person\\\/a9d0e0eff238db87a8f840f3b50359f0\"},\"headline\":\"Fairtrade-Blumen zum Valentinstag st\u00e4rken Frauenrechte\",\"datePublished\":\"2026-02-12T13:13:49+00:00\",\"mainEntityOfPage\":{\"@id\":\"https:\\\/\\\/www.organisator.ch\\\/sustainability\\\/2026-02-12\\\/fairtrade-blumen-zum-valentinstag-staerken-frauenrechte\\\/\"},\"wordCount\":406,\"publisher\":{\"@id\":\"https:\\\/\\\/www.organisator.ch\\\/#organization\"},\"image\":{\"@id\":\"https:\\\/\\\/www.organisator.ch\\\/sustainability\\\/2026-02-12\\\/fairtrade-blumen-zum-valentinstag-staerken-frauenrechte\\\/#primaryimage\"},\"thumbnailUrl\":\"https:\\\/\\\/www.organisator.ch\\\/wp-content\\\/uploads\\\/2026\\\/02\\\/Melanie20DC3BCrr-e1770901897302.jpg\",\"keywords\":[\"Corporate Social Responsibility\",\"Frauenrechte\",\"Nachhaltige Wirtschaft\",\"Unternehmen\"],\"articleSection\":[\"SUSTAINABILITY\"],\"inLanguage\":\"en-US\"},{\"@type\":\"WebPage\",\"@id\":\"https:\\\/\\\/www.organisator.ch\\\/sustainability\\\/2026-02-12\\\/fairtrade-blumen-zum-valentinstag-staerken-frauenrechte\\\/\",\"url\":\"https:\\\/\\\/www.organisator.ch\\\/sustainability\\\/2026-02-12\\\/fairtrade-blumen-zum-valentinstag-staerken-frauenrechte\\\/\",\"name\":\"Fairtrade-Blumen zum Valentinstag st\u00e4rken Frauenrechte - Organisator\",\"isPartOf\":{\"@id\":\"https:\\\/\\\/www.organisator.ch\\\/#website\"},\"primaryImageOfPage\":{\"@id\":\"https:\\\/\\\/www.organisator.ch\\\/sustainability\\\/2026-02-12\\\/fairtrade-blumen-zum-valentinstag-staerken-frauenrechte\\\/#primaryimage\"},\"image\":{\"@id\":\"https:\\\/\\\/www.organisator.ch\\\/sustainability\\\/2026-02-12\\\/fairtrade-blumen-zum-valentinstag-staerken-frauenrechte\\\/#primaryimage\"},\"thumbnailUrl\":\"https:\\\/\\\/www.organisator.ch\\\/wp-content\\\/uploads\\\/2026\\\/02\\\/Melanie20DC3BCrr-e1770901897302.jpg\",\"datePublished\":\"2026-02-12T13:13:49+00:00\",\"description\":\"Fairtrade-Valentinsrosen st\u00e4rken Frauenrechte im ostafrikanischen Blumensektor und verbessern Arbeitsbedingungen konkret.\",\"breadcrumb\":{\"@id\":\"https:\\\/\\\/www.organisator.ch\\\/sustainability\\\/2026-02-12\\\/fairtrade-blumen-zum-valentinstag-staerken-frauenrechte\\\/#breadcrumb\"},\"inLanguage\":\"en-US\",\"potentialAction\":[{\"@type\":\"ReadAction\",\"target\":[\"https:\\\/\\\/www.organisator.ch\\\/sustainability\\\/2026-02-12\\\/fairtrade-blumen-zum-valentinstag-staerken-frauenrechte\\\/\"]}]},{\"@type\":\"ImageObject\",\"inLanguage\":\"en-US\",\"@id\":\"https:\\\/\\\/www.organisator.ch\\\/sustainability\\\/2026-02-12\\\/fairtrade-blumen-zum-valentinstag-staerken-frauenrechte\\\/#primaryimage\",\"url\":\"https:\\\/\\\/www.organisator.ch\\\/wp-content\\\/uploads\\\/2026\\\/02\\\/Melanie20DC3BCrr-e1770901897302.jpg\",\"contentUrl\":\"https:\\\/\\\/www.organisator.ch\\\/wp-content\\\/uploads\\\/2026\\\/02\\\/Melanie20DC3BCrr-e1770901897302.jpg\",\"width\":540,\"height\":481,\"caption\":\"Melanie D\u00fcrr, Leiterin Internationale Zusammenarbeit Fairtrade Max Havelaar (Quelle: zvg)\"},{\"@type\":\"BreadcrumbList\",\"@id\":\"https:\\\/\\\/www.organisator.ch\\\/sustainability\\\/2026-02-12\\\/fairtrade-blumen-zum-valentinstag-staerken-frauenrechte\\\/#breadcrumb\",\"itemListElement\":[{\"@type\":\"ListItem\",\"position\":1,\"name\":\"Home\",\"item\":\"https:\\\/\\\/www.organisator.ch\\\/\"},{\"@type\":\"ListItem\",\"position\":2,\"name\":\"Fairtrade-Blumen zum Valentinstag st\u00e4rken Frauenrechte\"}]},{\"@type\":\"WebSite\",\"@id\":\"https:\\\/\\\/www.organisator.ch\\\/#website\",\"url\":\"https:\\\/\\\/www.organisator.ch\\\/\",\"name\":\"Organisator\",\"description\":\"Kompetent. Praxisnah. Der ORGANISATOR bereitet in 10 Ausgaben pro Jahr die wesentlichen Themen f\u00fcr F\u00fchrungskr\u00e4fte von KMU auf.\",\"publisher\":{\"@id\":\"https:\\\/\\\/www.organisator.ch\\\/#organization\"},\"potentialAction\":[{\"@type\":\"SearchAction\",\"target\":{\"@type\":\"EntryPoint\",\"urlTemplate\":\"https:\\\/\\\/www.organisator.ch\\\/?s={search_term_string}\"},\"query-input\":{\"@type\":\"PropertyValueSpecification\",\"valueRequired\":true,\"valueName\":\"search_term_string\"}}],\"inLanguage\":\"en-US\"},{\"@type\":\"Organization\",\"@id\":\"https:\\\/\\\/www.organisator.ch\\\/#organization\",\"name\":\"Organisator\",\"url\":\"https:\\\/\\\/www.organisator.ch\\\/\",\"logo\":{\"@type\":\"ImageObject\",\"inLanguage\":\"en-US\",\"@id\":\"https:\\\/\\\/www.organisator.ch\\\/#\\\/schema\\\/logo\\\/image\\\/\",\"url\":\"https:\\\/\\\/www.organisator.ch\\\/wp-content\\\/uploads\\\/2022\\\/01\\\/Logo_Organisator_Website.png\",\"contentUrl\":\"https:\\\/\\\/www.organisator.ch\\\/wp-content\\\/uploads\\\/2022\\\/01\\\/Logo_Organisator_Website.png\",\"width\":800,\"height\":77,\"caption\":\"Organisator\"},\"image\":{\"@id\":\"https:\\\/\\\/www.organisator.ch\\\/#\\\/schema\\\/logo\\\/image\\\/\"},\"sameAs\":[\"https:\\\/\\\/www.facebook.com\\\/OrganisatorFachmagazin\",\"https:\\\/\\\/www.linkedin.com\\\/showcase\\\/organisator-das-magazin-fr-kmu\",\"https:\\\/\\\/www.xing.com\\\/news\\\/pages\\\/organisator-ch-695\",\"https:\\\/\\\/www.youtube.com\\\/channel\\\/UCGP2Sq0iWaZwT3BdIAQFYpw\"]},{\"@type\":\"Person\",\"@id\":\"https:\\\/\\\/www.organisator.ch\\\/#\\\/schema\\\/person\\\/a9d0e0eff238db87a8f840f3b50359f0\",\"name\":\"n8n\",\"image\":{\"@type\":\"ImageObject\",\"inLanguage\":\"en-US\",\"@id\":\"https:\\\/\\\/secure.gravatar.com\\\/avatar\\\/5368fb9d03fd415a6f335cece4c15af2502d6ca8651efbd6e8f98427a9795400?s=96&d=mm&r=g\",\"url\":\"https:\\\/\\\/secure.gravatar.com\\\/avatar\\\/5368fb9d03fd415a6f335cece4c15af2502d6ca8651efbd6e8f98427a9795400?s=96&d=mm&r=g\",\"contentUrl\":\"https:\\\/\\\/secure.gravatar.com\\\/avatar\\\/5368fb9d03fd415a6f335cece4c15af2502d6ca8651efbd6e8f98427a9795400?s=96&d=mm&r=g\",\"caption\":\"n8n\"},\"url\":\"https:\\\/\\\/www.organisator.ch\\\/en\\\/author\\\/n8n\\\/\"}]}<\/script>\n<!-- \/ Yoast SEO plugin. -->","yoast_head_json":{"title":"Fairtrade flowers for Valentine's Day strengthen women's rights - Organizer","description":"Fairtrade Valentine's roses strengthen women's rights in the East African flower sector and improve working conditions in concrete terms.","robots":{"index":"index","follow":"follow","max-snippet":"max-snippet:-1","max-image-preview":"max-image-preview:large","max-video-preview":"max-video-preview:-1"},"canonical":"https:\/\/www.organisator.ch\/en\/sustainability\/2026-02-12\/fairtrade-blumen-zum-valentinstag-staerken-frauenrechte\/","og_locale":"en_US","og_type":"article","og_title":"Fairtrade-Blumen zum Valentinstag st\u00e4rken Frauenrechte","og_description":"Fairtrade-Valentinsrosen st\u00e4rken Frauenrechte im ostafrikanischen Blumensektor und verbessern Arbeitsbedingungen konkret.","og_url":"https:\/\/www.organisator.ch\/en\/sustainability\/2026-02-12\/fairtrade-blumen-zum-valentinstag-staerken-frauenrechte\/","og_site_name":"Organisator","article_publisher":"https:\/\/www.facebook.com\/OrganisatorFachmagazin","article_published_time":"2026-02-12T13:13:49+00:00","og_image":[{"width":540,"height":481,"url":"https:\/\/www.organisator.ch\/wp-content\/uploads\/2026\/02\/Melanie20DC3BCrr-e1770901897302.jpg","type":"image\/jpeg"}],"author":"n8n","twitter_card":"summary_large_image","twitter_title":"#Fairtrade-Blumen zum Valentinstag st\u00e4rken #Frauenrechte","twitter_description":"#Fairtrade-Valentinsrosen st\u00e4rken #Frauenrechte im ostafrikanischen Blumensektor und verbessern #Arbeitsbedingungen konkret.","twitter_image":"https:\/\/www.organisator.ch\/wp-content\/uploads\/2026\/02\/Melanie20DC3BCrr-e1770901897302.jpg","schema":{"@context":"https:\/\/schema.org","@graph":[{"@type":"Article","@id":"https:\/\/www.organisator.ch\/sustainability\/2026-02-12\/fairtrade-blumen-zum-valentinstag-staerken-frauenrechte\/#article","isPartOf":{"@id":"https:\/\/www.organisator.ch\/sustainability\/2026-02-12\/fairtrade-blumen-zum-valentinstag-staerken-frauenrechte\/"},"author":{"name":"n8n","@id":"https:\/\/www.organisator.ch\/#\/schema\/person\/a9d0e0eff238db87a8f840f3b50359f0"},"headline":"Fairtrade-Blumen zum Valentinstag st\u00e4rken Frauenrechte","datePublished":"2026-02-12T13:13:49+00:00","mainEntityOfPage":{"@id":"https:\/\/www.organisator.ch\/sustainability\/2026-02-12\/fairtrade-blumen-zum-valentinstag-staerken-frauenrechte\/"},"wordCount":406,"publisher":{"@id":"https:\/\/www.organisator.ch\/#organization"},"image":{"@id":"https:\/\/www.organisator.ch\/sustainability\/2026-02-12\/fairtrade-blumen-zum-valentinstag-staerken-frauenrechte\/#primaryimage"},"thumbnailUrl":"https:\/\/www.organisator.ch\/wp-content\/uploads\/2026\/02\/Melanie20DC3BCrr-e1770901897302.jpg","keywords":["Corporate Social Responsibility","Frauenrechte","Nachhaltige Wirtschaft","Unternehmen"],"articleSection":["SUSTAINABILITY"],"inLanguage":"en-US"},{"@type":"WebPage","@id":"https:\/\/www.organisator.ch\/sustainability\/2026-02-12\/fairtrade-blumen-zum-valentinstag-staerken-frauenrechte\/","url":"https:\/\/www.organisator.ch\/sustainability\/2026-02-12\/fairtrade-blumen-zum-valentinstag-staerken-frauenrechte\/","name":"Fairtrade flowers for Valentine's Day strengthen women's rights - Organizer","isPartOf":{"@id":"https:\/\/www.organisator.ch\/#website"},"primaryImageOfPage":{"@id":"https:\/\/www.organisator.ch\/sustainability\/2026-02-12\/fairtrade-blumen-zum-valentinstag-staerken-frauenrechte\/#primaryimage"},"image":{"@id":"https:\/\/www.organisator.ch\/sustainability\/2026-02-12\/fairtrade-blumen-zum-valentinstag-staerken-frauenrechte\/#primaryimage"},"thumbnailUrl":"https:\/\/www.organisator.ch\/wp-content\/uploads\/2026\/02\/Melanie20DC3BCrr-e1770901897302.jpg","datePublished":"2026-02-12T13:13:49+00:00","description":"Fairtrade Valentine's roses strengthen women's rights in the East African flower sector and improve working conditions in concrete terms.","breadcrumb":{"@id":"https:\/\/www.organisator.ch\/sustainability\/2026-02-12\/fairtrade-blumen-zum-valentinstag-staerken-frauenrechte\/#breadcrumb"},"inLanguage":"en-US","potentialAction":[{"@type":"ReadAction","target":["https:\/\/www.organisator.ch\/sustainability\/2026-02-12\/fairtrade-blumen-zum-valentinstag-staerken-frauenrechte\/"]}]},{"@type":"ImageObject","inLanguage":"en-US","@id":"https:\/\/www.organisator.ch\/sustainability\/2026-02-12\/fairtrade-blumen-zum-valentinstag-staerken-frauenrechte\/#primaryimage","url":"https:\/\/www.organisator.ch\/wp-content\/uploads\/2026\/02\/Melanie20DC3BCrr-e1770901897302.jpg","contentUrl":"https:\/\/www.organisator.ch\/wp-content\/uploads\/2026\/02\/Melanie20DC3BCrr-e1770901897302.jpg","width":540,"height":481,"caption":"Melanie D\u00fcrr, Leiterin Internationale Zusammenarbeit Fairtrade Max Havelaar (Quelle: zvg)"},{"@type":"BreadcrumbList","@id":"https:\/\/www.organisator.ch\/sustainability\/2026-02-12\/fairtrade-blumen-zum-valentinstag-staerken-frauenrechte\/#breadcrumb","itemListElement":[{"@type":"ListItem","position":1,"name":"Home","item":"https:\/\/www.organisator.ch\/"},{"@type":"ListItem","position":2,"name":"Fairtrade-Blumen zum Valentinstag st\u00e4rken Frauenrechte"}]},{"@type":"WebSite","@id":"https:\/\/www.organisator.ch\/#website","url":"https:\/\/www.organisator.ch\/","name":"Organizer","description":"Competent. Practical. In 10 issues per year, ORGANISATOR presents the essential topics for managers of SMEs.","publisher":{"@id":"https:\/\/www.organisator.ch\/#organization"},"potentialAction":[{"@type":"SearchAction","target":{"@type":"EntryPoint","urlTemplate":"https:\/\/www.organisator.ch\/?s={search_term_string}"},"query-input":{"@type":"PropertyValueSpecification","valueRequired":true,"valueName":"search_term_string"}}],"inLanguage":"en-US"},{"@type":"Organization","@id":"https:\/\/www.organisator.ch\/#organization","name":"Organizer","url":"https:\/\/www.organisator.ch\/","logo":{"@type":"ImageObject","inLanguage":"en-US","@id":"https:\/\/www.organisator.ch\/#\/schema\/logo\/image\/","url":"https:\/\/www.organisator.ch\/wp-content\/uploads\/2022\/01\/Logo_Organisator_Website.png","contentUrl":"https:\/\/www.organisator.ch\/wp-content\/uploads\/2022\/01\/Logo_Organisator_Website.png","width":800,"height":77,"caption":"Organisator"},"image":{"@id":"https:\/\/www.organisator.ch\/#\/schema\/logo\/image\/"},"sameAs":["https:\/\/www.facebook.com\/OrganisatorFachmagazin","https:\/\/www.linkedin.com\/showcase\/organisator-das-magazin-fr-kmu","https:\/\/www.xing.com\/news\/pages\/organisator-ch-695","https:\/\/www.youtube.com\/channel\/UCGP2Sq0iWaZwT3BdIAQFYpw"]},{"@type":"Person","@id":"https:\/\/www.organisator.ch\/#\/schema\/person\/a9d0e0eff238db87a8f840f3b50359f0","name":"n8n","image":{"@type":"ImageObject","inLanguage":"en-US","@id":"https:\/\/secure.gravatar.com\/avatar\/5368fb9d03fd415a6f335cece4c15af2502d6ca8651efbd6e8f98427a9795400?s=96&d=mm&r=g","url":"https:\/\/secure.gravatar.com\/avatar\/5368fb9d03fd415a6f335cece4c15af2502d6ca8651efbd6e8f98427a9795400?s=96&d=mm&r=g","contentUrl":"https:\/\/secure.gravatar.com\/avatar\/5368fb9d03fd415a6f335cece4c15af2502d6ca8651efbd6e8f98427a9795400?s=96&d=mm&r=g","caption":"n8n"},"url":"https:\/\/www.organisator.ch\/en\/author\/n8n\/"}]}},"_links":{"self":[{"href":"https:\/\/www.organisator.ch\/en\/wp-json\/wp\/v2\/posts\/44537","targetHints":{"allow":["GET"]}}],"collection":[{"href":"https:\/\/www.organisator.ch\/en\/wp-json\/wp\/v2\/posts"}],"about":[{"href":"https:\/\/www.organisator.ch\/en\/wp-json\/wp\/v2\/types\/post"}],"author":[{"embeddable":true,"href":"https:\/\/www.organisator.ch\/en\/wp-json\/wp\/v2\/users\/107"}],"replies":[{"embeddable":true,"href":"https:\/\/www.organisator.ch\/en\/wp-json\/wp\/v2\/comments?post=44537"}],"version-history":[{"count":4,"href":"https:\/\/www.organisator.ch\/en\/wp-json\/wp\/v2\/posts\/44537\/revisions"}],"predecessor-version":[{"id":44603,"href":"https:\/\/www.organisator.ch\/en\/wp-json\/wp\/v2\/posts\/44537\/revisions\/44603"}],"wp:featuredmedia":[{"embeddable":true,"href":"https:\/\/www.organisator.ch\/en\/wp-json\/wp\/v2\/media\/44536"}],"wp:attachment":[{"href":"https:\/\/www.organisator.ch\/en\/wp-json\/wp\/v2\/media?parent=44537"}],"wp:term":[{"taxonomy":"category","embeddable":true,"href":"https:\/\/www.organisator.ch\/en\/wp-json\/wp\/v2\/categories?post=44537"},{"taxonomy":"post_tag","embeddable":true,"href":"https:\/\/www.organisator.ch\/en\/wp-json\/wp\/v2\/tags?post=44537"}],"curies":[{"name":"wp","href":"https:\/\/api.w.org\/{rel}","templated":true}]}}