{"id":4464,"date":"2018-11-05T10:22:56","date_gmt":"2018-11-05T09:22:56","guid":{"rendered":"https:\/\/www.organisator.ch\/?p=4464"},"modified":"2018-11-05T10:22:56","modified_gmt":"2018-11-05T09:22:56","slug":"einkaufen-auf-geschaeftsreisen-mit-privater-oder-firmeneigener-kreditkarte","status":"publish","type":"post","link":"https:\/\/www.organisator.ch\/en\/management\/finanzen_recht\/2018-11-05\/einkaufen-auf-geschaeftsreisen-mit-privater-oder-firmeneigener-kreditkarte\/","title":{"rendered":"Shopping on business trips: With private or company credit card?"},"content":{"rendered":"<figure id=\"attachment_4469\" aria-describedby=\"caption-attachment-4469\" style=\"width: 640px\" class=\"wp-caption alignnone\"><img loading=\"lazy\" decoding=\"async\" class=\"size-full wp-image-4469\" src=\"https:\/\/www.organisator.ch\/wp-content\/uploads\/2018\/11\/Einkaufen-auf-Geschaeftsreisen-Mit-privater-oder-firmeneigener-Kreditkarte_Organisator.jpg\" alt=\"\" width=\"640\" height=\"446\" srcset=\"https:\/\/www.organisator.ch\/wp-content\/uploads\/2018\/11\/Einkaufen-auf-Geschaeftsreisen-Mit-privater-oder-firmeneigener-Kreditkarte_Organisator.jpg 640w, https:\/\/www.organisator.ch\/wp-content\/uploads\/2018\/11\/Einkaufen-auf-Geschaeftsreisen-Mit-privater-oder-firmeneigener-Kreditkarte_Organisator-16x12.jpg 16w, https:\/\/www.organisator.ch\/wp-content\/uploads\/2018\/11\/Einkaufen-auf-Geschaeftsreisen-Mit-privater-oder-firmeneigener-Kreditkarte_Organisator-251x175.jpg 251w, https:\/\/www.organisator.ch\/wp-content\/uploads\/2018\/11\/Einkaufen-auf-Geschaeftsreisen-Mit-privater-oder-firmeneigener-Kreditkarte_Organisator-502x350.jpg 502w, https:\/\/www.organisator.ch\/wp-content\/uploads\/2018\/11\/Einkaufen-auf-Geschaeftsreisen-Mit-privater-oder-firmeneigener-Kreditkarte_Organisator-300x209.jpg 300w\" sizes=\"auto, (max-width: 640px) 100vw, 640px\" \/><figcaption id=\"caption-attachment-4469\" class=\"wp-caption-text\">A new study shows how often business travelers also use their company credit card for private purchases. (Graphic: CWT)<\/figcaption><\/figure>\n<p>Four out of 10 business travelers admit to using corporate credit cards for personal purchases - 46 percent of European and U.S. travelers and 38 percent of Asia Pacific travelers. That's the finding of a study by global business travel provider Carlson Wagonlit Travel (CWT). \"Travel managers need to address corporate credit card misuse and also find out why travelers are not following the rules,\" says Christophe Renard, vice president of CWT Solutions Group, the consulting arm of Carlson Wagonlit Travel.<\/p>\n<h2>Clear rules for the use of the business credit card<\/h2>\n<p>The practice is widespread, although 58 percent of Europeans and 63 percent of Americans say their company's policies prohibit the use of corporate credit cards for personal purchases - with an 85 percent implementation rate in both regions. Among Asia-Pacific travelers, 69 percent say their company prohibits personal use, with an 87 percent implementation rate. Overall, six in 10 global business travelers receive a corporate credit card from their employers - most likely in Asia Pacific (67 percent), followed by the Americas (61 percent) and Europe (56 percent).<\/p>\n<h2>Private credit card is also used for business<\/h2>\n<p>However, the results of the CWT study also show the opposite result: travelers often handle business travel expenses via their personal credit cards. Globally, 49 percent of business travelers always use their personal credit cards. Travelers from Asia-Pacific are significantly more likely to do so (55 percent) than travelers from the Americas (48 percent) or Europe (44 percent). \"Using personal credit cards for business expenses means it becomes complicated for companies to track spending - and that makes it a lot harder to enforce policies,\" says Christophe Renard of CWT Solutions Group. \"If companies don't want to issue credit cards to all employees - which is understandable - virtual credit cards are a good compromise. Travelers don't have to use their personal credit cards for business expenses, and companies know exactly what their money is being used for.\"<\/p>\n<p><em>Source: <a href=\"https:\/\/www.carlsonwagonlit.com\/\">Carlson Wagonlit Travel<\/a><\/em><\/p>\n<p>&nbsp;<\/p>","protected":false},"excerpt":{"rendered":"<p>Vier von zehn Gesch\u00e4ftsreisenden geben zu, Firmenkreditkarten f\u00fcr pers\u00f6nliche Eink\u00e4ufe zu nutzen \u2013 46 Prozent der europ\u00e4ischen und amerikanischen Reisenden und 38 Prozent der Reisenden im asiatisch-pazifischen Raum. Das ist das Ergebnis einer Studie des weltweiten Gesch\u00e4ftsreiseanbieters Carlson Wagonlit Travel (CWT). \u201eTravel Manager m\u00fcssen sich um den Missbrauch von Firmenkreditkarten k\u00fcmmern und au\u00dferdem herausfinden, warum [&hellip;]<\/p>\n","protected":false},"author":4,"featured_media":4469,"comment_status":"open","ping_status":"open","sticky":false,"template":"","format":"standard","meta":{"_acf_changed":false,"_yoast_wpseo_focuskw":"Kreditkarte","_yoast_wpseo_metadesc":"Eine Studie von zeigt: Vier von zehn Gesch\u00e4ftsreisenden nutzen Firmenkreditkarten auch f\u00fcr pers\u00f6nliche Eink\u00e4ufe.","articlekey":"","footnotes":""},"categories":[24],"tags":[202,239,334,459],"class_list":["post-4464","post","type-post","status-publish","format-standard","has-post-thumbnail","hentry","category-finanzen_recht","tag-finanzenrecht","tag-geschaeftsreisen","tag-management","tag-studie"],"acf":[],"yoast_head":"<!-- This site is optimized with the Yoast SEO plugin v27.5 - https:\/\/yoast.com\/product\/yoast-seo-wordpress\/ -->\n<title>Einkaufen auf Gesch\u00e4ftsreisen: Mit privater oder firmeneigener Kreditkarte? - Organisator<\/title>\n<meta name=\"description\" content=\"Eine Studie von zeigt: Vier von zehn Gesch\u00e4ftsreisenden nutzen Firmenkreditkarten auch f\u00fcr pers\u00f6nliche Eink\u00e4ufe.\" \/>\n<meta name=\"robots\" content=\"index, follow, max-snippet:-1, max-image-preview:large, max-video-preview:-1\" \/>\n<link rel=\"canonical\" href=\"https:\/\/www.organisator.ch\/en\/management\/finanzen_recht\/2018-11-05\/einkaufen-auf-geschaeftsreisen-mit-privater-oder-firmeneigener-kreditkarte\/\" \/>\n<meta property=\"og:locale\" content=\"en_US\" \/>\n<meta property=\"og:type\" content=\"article\" \/>\n<meta property=\"og:title\" content=\"Einkaufen auf Gesch\u00e4ftsreisen: Mit privater oder firmeneigener Kreditkarte?\" \/>\n<meta property=\"og:description\" content=\"Eine Studie von zeigt: Vier von zehn Gesch\u00e4ftsreisenden nutzen Firmenkreditkarten auch f\u00fcr pers\u00f6nliche Eink\u00e4ufe.\" \/>\n<meta property=\"og:url\" content=\"https:\/\/www.organisator.ch\/en\/management\/finanzen_recht\/2018-11-05\/einkaufen-auf-geschaeftsreisen-mit-privater-oder-firmeneigener-kreditkarte\/\" \/>\n<meta property=\"og:site_name\" content=\"Organisator\" \/>\n<meta property=\"article:publisher\" content=\"https:\/\/www.facebook.com\/OrganisatorFachmagazin\" \/>\n<meta property=\"article:published_time\" content=\"2018-11-05T09:22:56+00:00\" \/>\n<meta property=\"og:image\" content=\"https:\/\/www.organisator.ch\/wp-content\/uploads\/2018\/11\/Einkaufen-auf-Geschaeftsreisen-Mit-privater-oder-firmeneigener-Kreditkarte_Organisator.jpg\" \/>\n\t<meta property=\"og:image:width\" content=\"640\" \/>\n\t<meta property=\"og:image:height\" content=\"446\" \/>\n\t<meta property=\"og:image:type\" content=\"image\/jpeg\" \/>\n<meta name=\"author\" content=\"thomas.berner\" \/>\n<meta name=\"twitter:card\" content=\"summary_large_image\" \/>\n<meta name=\"twitter:title\" content=\"Einkaufen auf Gesch\u00e4ftsreisen: Mit privater oder firmeneigener #Kreditkarte?\" \/>\n<meta name=\"twitter:description\" content=\"Eine Studie von zeigt: Vier von zehn Gesch\u00e4ftsreisenden nutzen #Firmenkreditkarten auch f\u00fcr pers\u00f6nliche Eink\u00e4ufe.\" \/>\n<meta name=\"twitter:image\" content=\"https:\/\/www.organisator.ch\/wp-content\/uploads\/2018\/11\/Einkaufen-auf-Gesch\u00e4ftsreisen-Mit-privater-oder-firmeneigener-Kreditkarte_Organisator.jpg\" \/>\n<script type=\"application\/ld+json\" class=\"yoast-schema-graph\">{\"@context\":\"https:\\\/\\\/schema.org\",\"@graph\":[{\"@type\":\"Article\",\"@id\":\"https:\\\/\\\/www.organisator.ch\\\/management\\\/finanzen_recht\\\/2018-11-05\\\/einkaufen-auf-geschaeftsreisen-mit-privater-oder-firmeneigener-kreditkarte\\\/#article\",\"isPartOf\":{\"@id\":\"https:\\\/\\\/www.organisator.ch\\\/management\\\/finanzen_recht\\\/2018-11-05\\\/einkaufen-auf-geschaeftsreisen-mit-privater-oder-firmeneigener-kreditkarte\\\/\"},\"author\":{\"name\":\"thomas.berner\",\"@id\":\"https:\\\/\\\/www.organisator.ch\\\/#\\\/schema\\\/person\\\/6f650f90b2842cd4c0cc334b4e36f67e\"},\"headline\":\"Einkaufen auf Gesch\u00e4ftsreisen: Mit privater oder firmeneigener Kreditkarte?\",\"datePublished\":\"2018-11-05T09:22:56+00:00\",\"mainEntityOfPage\":{\"@id\":\"https:\\\/\\\/www.organisator.ch\\\/management\\\/finanzen_recht\\\/2018-11-05\\\/einkaufen-auf-geschaeftsreisen-mit-privater-oder-firmeneigener-kreditkarte\\\/\"},\"wordCount\":352,\"commentCount\":0,\"publisher\":{\"@id\":\"https:\\\/\\\/www.organisator.ch\\\/#organization\"},\"image\":{\"@id\":\"https:\\\/\\\/www.organisator.ch\\\/management\\\/finanzen_recht\\\/2018-11-05\\\/einkaufen-auf-geschaeftsreisen-mit-privater-oder-firmeneigener-kreditkarte\\\/#primaryimage\"},\"thumbnailUrl\":\"https:\\\/\\\/www.organisator.ch\\\/wp-content\\\/uploads\\\/2018\\\/11\\\/Einkaufen-auf-Geschaeftsreisen-Mit-privater-oder-firmeneigener-Kreditkarte_Organisator.jpg\",\"keywords\":[\"Finanzen\\\/Recht\",\"Gesch\u00e4ftsreisen\",\"Management\",\"Studie\"],\"articleSection\":[\"FINANZEN\\\/RECHT\"],\"inLanguage\":\"en-US\"},{\"@type\":\"WebPage\",\"@id\":\"https:\\\/\\\/www.organisator.ch\\\/management\\\/finanzen_recht\\\/2018-11-05\\\/einkaufen-auf-geschaeftsreisen-mit-privater-oder-firmeneigener-kreditkarte\\\/\",\"url\":\"https:\\\/\\\/www.organisator.ch\\\/management\\\/finanzen_recht\\\/2018-11-05\\\/einkaufen-auf-geschaeftsreisen-mit-privater-oder-firmeneigener-kreditkarte\\\/\",\"name\":\"Einkaufen auf Gesch\u00e4ftsreisen: Mit privater oder firmeneigener Kreditkarte? - Organisator\",\"isPartOf\":{\"@id\":\"https:\\\/\\\/www.organisator.ch\\\/#website\"},\"primaryImageOfPage\":{\"@id\":\"https:\\\/\\\/www.organisator.ch\\\/management\\\/finanzen_recht\\\/2018-11-05\\\/einkaufen-auf-geschaeftsreisen-mit-privater-oder-firmeneigener-kreditkarte\\\/#primaryimage\"},\"image\":{\"@id\":\"https:\\\/\\\/www.organisator.ch\\\/management\\\/finanzen_recht\\\/2018-11-05\\\/einkaufen-auf-geschaeftsreisen-mit-privater-oder-firmeneigener-kreditkarte\\\/#primaryimage\"},\"thumbnailUrl\":\"https:\\\/\\\/www.organisator.ch\\\/wp-content\\\/uploads\\\/2018\\\/11\\\/Einkaufen-auf-Geschaeftsreisen-Mit-privater-oder-firmeneigener-Kreditkarte_Organisator.jpg\",\"datePublished\":\"2018-11-05T09:22:56+00:00\",\"description\":\"Eine Studie von zeigt: Vier von zehn Gesch\u00e4ftsreisenden nutzen Firmenkreditkarten auch f\u00fcr pers\u00f6nliche Eink\u00e4ufe.\",\"breadcrumb\":{\"@id\":\"https:\\\/\\\/www.organisator.ch\\\/management\\\/finanzen_recht\\\/2018-11-05\\\/einkaufen-auf-geschaeftsreisen-mit-privater-oder-firmeneigener-kreditkarte\\\/#breadcrumb\"},\"inLanguage\":\"en-US\",\"potentialAction\":[{\"@type\":\"ReadAction\",\"target\":[\"https:\\\/\\\/www.organisator.ch\\\/management\\\/finanzen_recht\\\/2018-11-05\\\/einkaufen-auf-geschaeftsreisen-mit-privater-oder-firmeneigener-kreditkarte\\\/\"]}]},{\"@type\":\"ImageObject\",\"inLanguage\":\"en-US\",\"@id\":\"https:\\\/\\\/www.organisator.ch\\\/management\\\/finanzen_recht\\\/2018-11-05\\\/einkaufen-auf-geschaeftsreisen-mit-privater-oder-firmeneigener-kreditkarte\\\/#primaryimage\",\"url\":\"https:\\\/\\\/www.organisator.ch\\\/wp-content\\\/uploads\\\/2018\\\/11\\\/Einkaufen-auf-Geschaeftsreisen-Mit-privater-oder-firmeneigener-Kreditkarte_Organisator.jpg\",\"contentUrl\":\"https:\\\/\\\/www.organisator.ch\\\/wp-content\\\/uploads\\\/2018\\\/11\\\/Einkaufen-auf-Geschaeftsreisen-Mit-privater-oder-firmeneigener-Kreditkarte_Organisator.jpg\",\"width\":640,\"height\":446,\"caption\":\"Eine neue Studie zeigt, wie oft Gesch\u00e4ftsreisende die Kreditkarte ihrer Firma auch f\u00fcr private Eink\u00e4ufe nutzen. (Grafik: CWT)\"},{\"@type\":\"BreadcrumbList\",\"@id\":\"https:\\\/\\\/www.organisator.ch\\\/management\\\/finanzen_recht\\\/2018-11-05\\\/einkaufen-auf-geschaeftsreisen-mit-privater-oder-firmeneigener-kreditkarte\\\/#breadcrumb\",\"itemListElement\":[{\"@type\":\"ListItem\",\"position\":1,\"name\":\"Home\",\"item\":\"https:\\\/\\\/www.organisator.ch\\\/\"},{\"@type\":\"ListItem\",\"position\":2,\"name\":\"Einkaufen auf Gesch\u00e4ftsreisen: Mit privater oder firmeneigener Kreditkarte?\"}]},{\"@type\":\"WebSite\",\"@id\":\"https:\\\/\\\/www.organisator.ch\\\/#website\",\"url\":\"https:\\\/\\\/www.organisator.ch\\\/\",\"name\":\"Organisator\",\"description\":\"Kompetent. Praxisnah. Der ORGANISATOR bereitet in 10 Ausgaben pro Jahr die wesentlichen Themen f\u00fcr F\u00fchrungskr\u00e4fte von KMU auf.\",\"publisher\":{\"@id\":\"https:\\\/\\\/www.organisator.ch\\\/#organization\"},\"potentialAction\":[{\"@type\":\"SearchAction\",\"target\":{\"@type\":\"EntryPoint\",\"urlTemplate\":\"https:\\\/\\\/www.organisator.ch\\\/?s={search_term_string}\"},\"query-input\":{\"@type\":\"PropertyValueSpecification\",\"valueRequired\":true,\"valueName\":\"search_term_string\"}}],\"inLanguage\":\"en-US\"},{\"@type\":\"Organization\",\"@id\":\"https:\\\/\\\/www.organisator.ch\\\/#organization\",\"name\":\"Organisator\",\"url\":\"https:\\\/\\\/www.organisator.ch\\\/\",\"logo\":{\"@type\":\"ImageObject\",\"inLanguage\":\"en-US\",\"@id\":\"https:\\\/\\\/www.organisator.ch\\\/#\\\/schema\\\/logo\\\/image\\\/\",\"url\":\"https:\\\/\\\/www.organisator.ch\\\/wp-content\\\/uploads\\\/2022\\\/01\\\/Logo_Organisator_Website.png\",\"contentUrl\":\"https:\\\/\\\/www.organisator.ch\\\/wp-content\\\/uploads\\\/2022\\\/01\\\/Logo_Organisator_Website.png\",\"width\":800,\"height\":77,\"caption\":\"Organisator\"},\"image\":{\"@id\":\"https:\\\/\\\/www.organisator.ch\\\/#\\\/schema\\\/logo\\\/image\\\/\"},\"sameAs\":[\"https:\\\/\\\/www.facebook.com\\\/OrganisatorFachmagazin\",\"https:\\\/\\\/www.linkedin.com\\\/showcase\\\/organisator-das-magazin-fr-kmu\",\"https:\\\/\\\/www.xing.com\\\/news\\\/pages\\\/organisator-ch-695\",\"https:\\\/\\\/www.youtube.com\\\/channel\\\/UCGP2Sq0iWaZwT3BdIAQFYpw\"]},{\"@type\":\"Person\",\"@id\":\"https:\\\/\\\/www.organisator.ch\\\/#\\\/schema\\\/person\\\/6f650f90b2842cd4c0cc334b4e36f67e\",\"name\":\"thomas.berner\",\"image\":{\"@type\":\"ImageObject\",\"inLanguage\":\"en-US\",\"@id\":\"https:\\\/\\\/secure.gravatar.com\\\/avatar\\\/ac5001d2a36cb6c6cd3e50789007ffca834b477b74a2144564522e944eabff61?s=96&d=mm&r=g\",\"url\":\"https:\\\/\\\/secure.gravatar.com\\\/avatar\\\/ac5001d2a36cb6c6cd3e50789007ffca834b477b74a2144564522e944eabff61?s=96&d=mm&r=g\",\"contentUrl\":\"https:\\\/\\\/secure.gravatar.com\\\/avatar\\\/ac5001d2a36cb6c6cd3e50789007ffca834b477b74a2144564522e944eabff61?s=96&d=mm&r=g\",\"caption\":\"thomas.berner\"},\"url\":\"https:\\\/\\\/www.organisator.ch\\\/en\\\/author\\\/thomas-berner\\\/\"}]}<\/script>\n<!-- \/ Yoast SEO plugin. -->","yoast_head_json":{"title":"Shopping on business trips: Using a personal or company credit card? - Organizer","description":"A study by shows: Four out of ten business travelers also use corporate credit cards for personal purchases.","robots":{"index":"index","follow":"follow","max-snippet":"max-snippet:-1","max-image-preview":"max-image-preview:large","max-video-preview":"max-video-preview:-1"},"canonical":"https:\/\/www.organisator.ch\/en\/management\/finanzen_recht\/2018-11-05\/einkaufen-auf-geschaeftsreisen-mit-privater-oder-firmeneigener-kreditkarte\/","og_locale":"en_US","og_type":"article","og_title":"Einkaufen auf Gesch\u00e4ftsreisen: Mit privater oder firmeneigener Kreditkarte?","og_description":"Eine Studie von zeigt: Vier von zehn Gesch\u00e4ftsreisenden nutzen Firmenkreditkarten auch f\u00fcr pers\u00f6nliche Eink\u00e4ufe.","og_url":"https:\/\/www.organisator.ch\/en\/management\/finanzen_recht\/2018-11-05\/einkaufen-auf-geschaeftsreisen-mit-privater-oder-firmeneigener-kreditkarte\/","og_site_name":"Organisator","article_publisher":"https:\/\/www.facebook.com\/OrganisatorFachmagazin","article_published_time":"2018-11-05T09:22:56+00:00","og_image":[{"width":640,"height":446,"url":"https:\/\/www.organisator.ch\/wp-content\/uploads\/2018\/11\/Einkaufen-auf-Geschaeftsreisen-Mit-privater-oder-firmeneigener-Kreditkarte_Organisator.jpg","type":"image\/jpeg"}],"author":"thomas.berner","twitter_card":"summary_large_image","twitter_title":"Einkaufen auf Gesch\u00e4ftsreisen: Mit privater oder firmeneigener #Kreditkarte?","twitter_description":"Eine Studie von zeigt: Vier von zehn Gesch\u00e4ftsreisenden nutzen #Firmenkreditkarten auch f\u00fcr pers\u00f6nliche Eink\u00e4ufe.","twitter_image":"https:\/\/www.organisator.ch\/wp-content\/uploads\/2018\/11\/Einkaufen-auf-Gesch\u00e4ftsreisen-Mit-privater-oder-firmeneigener-Kreditkarte_Organisator.jpg","schema":{"@context":"https:\/\/schema.org","@graph":[{"@type":"Article","@id":"https:\/\/www.organisator.ch\/management\/finanzen_recht\/2018-11-05\/einkaufen-auf-geschaeftsreisen-mit-privater-oder-firmeneigener-kreditkarte\/#article","isPartOf":{"@id":"https:\/\/www.organisator.ch\/management\/finanzen_recht\/2018-11-05\/einkaufen-auf-geschaeftsreisen-mit-privater-oder-firmeneigener-kreditkarte\/"},"author":{"name":"thomas.berner","@id":"https:\/\/www.organisator.ch\/#\/schema\/person\/6f650f90b2842cd4c0cc334b4e36f67e"},"headline":"Einkaufen auf Gesch\u00e4ftsreisen: Mit privater oder firmeneigener Kreditkarte?","datePublished":"2018-11-05T09:22:56+00:00","mainEntityOfPage":{"@id":"https:\/\/www.organisator.ch\/management\/finanzen_recht\/2018-11-05\/einkaufen-auf-geschaeftsreisen-mit-privater-oder-firmeneigener-kreditkarte\/"},"wordCount":352,"commentCount":0,"publisher":{"@id":"https:\/\/www.organisator.ch\/#organization"},"image":{"@id":"https:\/\/www.organisator.ch\/management\/finanzen_recht\/2018-11-05\/einkaufen-auf-geschaeftsreisen-mit-privater-oder-firmeneigener-kreditkarte\/#primaryimage"},"thumbnailUrl":"https:\/\/www.organisator.ch\/wp-content\/uploads\/2018\/11\/Einkaufen-auf-Geschaeftsreisen-Mit-privater-oder-firmeneigener-Kreditkarte_Organisator.jpg","keywords":["Finanzen\/Recht","Gesch\u00e4ftsreisen","Management","Studie"],"articleSection":["FINANZEN\/RECHT"],"inLanguage":"en-US"},{"@type":"WebPage","@id":"https:\/\/www.organisator.ch\/management\/finanzen_recht\/2018-11-05\/einkaufen-auf-geschaeftsreisen-mit-privater-oder-firmeneigener-kreditkarte\/","url":"https:\/\/www.organisator.ch\/management\/finanzen_recht\/2018-11-05\/einkaufen-auf-geschaeftsreisen-mit-privater-oder-firmeneigener-kreditkarte\/","name":"Shopping on business trips: Using a personal or company credit card? - Organizer","isPartOf":{"@id":"https:\/\/www.organisator.ch\/#website"},"primaryImageOfPage":{"@id":"https:\/\/www.organisator.ch\/management\/finanzen_recht\/2018-11-05\/einkaufen-auf-geschaeftsreisen-mit-privater-oder-firmeneigener-kreditkarte\/#primaryimage"},"image":{"@id":"https:\/\/www.organisator.ch\/management\/finanzen_recht\/2018-11-05\/einkaufen-auf-geschaeftsreisen-mit-privater-oder-firmeneigener-kreditkarte\/#primaryimage"},"thumbnailUrl":"https:\/\/www.organisator.ch\/wp-content\/uploads\/2018\/11\/Einkaufen-auf-Geschaeftsreisen-Mit-privater-oder-firmeneigener-Kreditkarte_Organisator.jpg","datePublished":"2018-11-05T09:22:56+00:00","description":"A study by shows: Four out of ten business travelers also use corporate credit cards for personal purchases.","breadcrumb":{"@id":"https:\/\/www.organisator.ch\/management\/finanzen_recht\/2018-11-05\/einkaufen-auf-geschaeftsreisen-mit-privater-oder-firmeneigener-kreditkarte\/#breadcrumb"},"inLanguage":"en-US","potentialAction":[{"@type":"ReadAction","target":["https:\/\/www.organisator.ch\/management\/finanzen_recht\/2018-11-05\/einkaufen-auf-geschaeftsreisen-mit-privater-oder-firmeneigener-kreditkarte\/"]}]},{"@type":"ImageObject","inLanguage":"en-US","@id":"https:\/\/www.organisator.ch\/management\/finanzen_recht\/2018-11-05\/einkaufen-auf-geschaeftsreisen-mit-privater-oder-firmeneigener-kreditkarte\/#primaryimage","url":"https:\/\/www.organisator.ch\/wp-content\/uploads\/2018\/11\/Einkaufen-auf-Geschaeftsreisen-Mit-privater-oder-firmeneigener-Kreditkarte_Organisator.jpg","contentUrl":"https:\/\/www.organisator.ch\/wp-content\/uploads\/2018\/11\/Einkaufen-auf-Geschaeftsreisen-Mit-privater-oder-firmeneigener-Kreditkarte_Organisator.jpg","width":640,"height":446,"caption":"Eine neue Studie zeigt, wie oft Gesch\u00e4ftsreisende die Kreditkarte ihrer Firma auch f\u00fcr private Eink\u00e4ufe nutzen. (Grafik: CWT)"},{"@type":"BreadcrumbList","@id":"https:\/\/www.organisator.ch\/management\/finanzen_recht\/2018-11-05\/einkaufen-auf-geschaeftsreisen-mit-privater-oder-firmeneigener-kreditkarte\/#breadcrumb","itemListElement":[{"@type":"ListItem","position":1,"name":"Home","item":"https:\/\/www.organisator.ch\/"},{"@type":"ListItem","position":2,"name":"Einkaufen auf Gesch\u00e4ftsreisen: Mit privater oder firmeneigener Kreditkarte?"}]},{"@type":"WebSite","@id":"https:\/\/www.organisator.ch\/#website","url":"https:\/\/www.organisator.ch\/","name":"Organizer","description":"Competent. Practical. In 10 issues per year, ORGANISATOR presents the essential topics for managers of SMEs.","publisher":{"@id":"https:\/\/www.organisator.ch\/#organization"},"potentialAction":[{"@type":"SearchAction","target":{"@type":"EntryPoint","urlTemplate":"https:\/\/www.organisator.ch\/?s={search_term_string}"},"query-input":{"@type":"PropertyValueSpecification","valueRequired":true,"valueName":"search_term_string"}}],"inLanguage":"en-US"},{"@type":"Organization","@id":"https:\/\/www.organisator.ch\/#organization","name":"Organizer","url":"https:\/\/www.organisator.ch\/","logo":{"@type":"ImageObject","inLanguage":"en-US","@id":"https:\/\/www.organisator.ch\/#\/schema\/logo\/image\/","url":"https:\/\/www.organisator.ch\/wp-content\/uploads\/2022\/01\/Logo_Organisator_Website.png","contentUrl":"https:\/\/www.organisator.ch\/wp-content\/uploads\/2022\/01\/Logo_Organisator_Website.png","width":800,"height":77,"caption":"Organisator"},"image":{"@id":"https:\/\/www.organisator.ch\/#\/schema\/logo\/image\/"},"sameAs":["https:\/\/www.facebook.com\/OrganisatorFachmagazin","https:\/\/www.linkedin.com\/showcase\/organisator-das-magazin-fr-kmu","https:\/\/www.xing.com\/news\/pages\/organisator-ch-695","https:\/\/www.youtube.com\/channel\/UCGP2Sq0iWaZwT3BdIAQFYpw"]},{"@type":"Person","@id":"https:\/\/www.organisator.ch\/#\/schema\/person\/6f650f90b2842cd4c0cc334b4e36f67e","name":"thomas.berner","image":{"@type":"ImageObject","inLanguage":"en-US","@id":"https:\/\/secure.gravatar.com\/avatar\/ac5001d2a36cb6c6cd3e50789007ffca834b477b74a2144564522e944eabff61?s=96&d=mm&r=g","url":"https:\/\/secure.gravatar.com\/avatar\/ac5001d2a36cb6c6cd3e50789007ffca834b477b74a2144564522e944eabff61?s=96&d=mm&r=g","contentUrl":"https:\/\/secure.gravatar.com\/avatar\/ac5001d2a36cb6c6cd3e50789007ffca834b477b74a2144564522e944eabff61?s=96&d=mm&r=g","caption":"thomas.berner"},"url":"https:\/\/www.organisator.ch\/en\/author\/thomas-berner\/"}]}},"_links":{"self":[{"href":"https:\/\/www.organisator.ch\/en\/wp-json\/wp\/v2\/posts\/4464","targetHints":{"allow":["GET"]}}],"collection":[{"href":"https:\/\/www.organisator.ch\/en\/wp-json\/wp\/v2\/posts"}],"about":[{"href":"https:\/\/www.organisator.ch\/en\/wp-json\/wp\/v2\/types\/post"}],"author":[{"embeddable":true,"href":"https:\/\/www.organisator.ch\/en\/wp-json\/wp\/v2\/users\/4"}],"replies":[{"embeddable":true,"href":"https:\/\/www.organisator.ch\/en\/wp-json\/wp\/v2\/comments?post=4464"}],"version-history":[{"count":0,"href":"https:\/\/www.organisator.ch\/en\/wp-json\/wp\/v2\/posts\/4464\/revisions"}],"wp:featuredmedia":[{"embeddable":true,"href":"https:\/\/www.organisator.ch\/en\/wp-json\/wp\/v2\/media\/4469"}],"wp:attachment":[{"href":"https:\/\/www.organisator.ch\/en\/wp-json\/wp\/v2\/media?parent=4464"}],"wp:term":[{"taxonomy":"category","embeddable":true,"href":"https:\/\/www.organisator.ch\/en\/wp-json\/wp\/v2\/categories?post=4464"},{"taxonomy":"post_tag","embeddable":true,"href":"https:\/\/www.organisator.ch\/en\/wp-json\/wp\/v2\/tags?post=4464"}],"curies":[{"name":"wp","href":"https:\/\/api.w.org\/{rel}","templated":true}]}}