{"id":4466,"date":"2018-11-05T08:21:28","date_gmt":"2018-11-05T07:21:28","guid":{"rendered":"https:\/\/www.organisator.ch\/?p=4466"},"modified":"2018-11-05T08:21:28","modified_gmt":"2018-11-05T07:21:28","slug":"aeltere-mitarbeitende-talente-ohne-ende","status":"publish","type":"post","link":"https:\/\/www.organisator.ch\/en\/human-resources\/fit_im_job\/2018-11-05\/aeltere-mitarbeitende-talente-ohne-ende\/","title":{"rendered":"Older employees: Endless talent"},"content":{"rendered":"<figure id=\"attachment_4499\" aria-describedby=\"caption-attachment-4499\" style=\"width: 640px\" class=\"wp-caption alignnone\"><img loading=\"lazy\" decoding=\"async\" class=\"size-full wp-image-4499\" src=\"https:\/\/www.organisator.ch\/wp-content\/uploads\/2018\/11\/Aeltere-Mitarbeitende-Talente-ohne-Ende2_Organisator.jpg\" alt=\"\" width=\"640\" height=\"362\" srcset=\"https:\/\/www.organisator.ch\/wp-content\/uploads\/2018\/11\/Aeltere-Mitarbeitende-Talente-ohne-Ende2_Organisator.jpg 640w, https:\/\/www.organisator.ch\/wp-content\/uploads\/2018\/11\/Aeltere-Mitarbeitende-Talente-ohne-Ende2_Organisator-16x9.jpg 16w, https:\/\/www.organisator.ch\/wp-content\/uploads\/2018\/11\/Aeltere-Mitarbeitende-Talente-ohne-Ende2_Organisator-309x175.jpg 309w, https:\/\/www.organisator.ch\/wp-content\/uploads\/2018\/11\/Aeltere-Mitarbeitende-Talente-ohne-Ende2_Organisator-619x350.jpg 619w, https:\/\/www.organisator.ch\/wp-content\/uploads\/2018\/11\/Aeltere-Mitarbeitende-Talente-ohne-Ende2_Organisator-300x170.jpg 300w\" sizes=\"auto, (max-width: 640px) 100vw, 640px\" \/><figcaption id=\"caption-attachment-4499\" class=\"wp-caption-text\">Studies show that older employees are still curious, innovative and willing to experiment. (Source: Neustarter Foundation)<\/figcaption><\/figure>\n<p>In the mid-1940s and in the peak year of 1963, when 109,993 babies saw the light of day, Switzerland recorded historically unparalleled highs in the birth rate. In the meantime, the baby boomers have clearly passed the age of 50 - with massive demographic change in tow. The average age in companies is rising; starting in 2020, many people will leave the workforce each year \"due to age,\" and if things go on like this, very many (58%) will even do so before reaching the regular retirement age. At the same time, HR managers complain about the lack of younger professionals, recruiting and also maintaining long-term relationships are becoming increasingly difficult. But even for companies that still have plenty to draw on (thanks in part to immigration), it might be worth asking older employees: \"Do you still have to or do you already want to (work) - and if so, for how long? \"Perhaps in order to then devote more attention to the motivation and commitment of those who have been working for a long time. In our experience, it is not done with the conclusion: \"There are enough old people, too few young talents, then I just have to change my attitude, upgrade a few competencies with the older ones and bang, opportunity seized.\" Especially not in companies where it has been considered \"best for everyone\" for years to retire at 60 and, at worst, to retire even earlier. I don't think that a company automatically becomes better if it relies more on older people - but inspiring those who are already there anew, if necessary, is certainly worthwhile.<\/p>\n<h2>Self-fulfilling prophecy<\/h2>\n<p>The negative images from the world of work create a negative reality; the self-fulfilling prophecy is reflected in behavior. If we think of ourselves as old and moderately useful, we act that way. A consistent downward spiral, as many older workers will attest. Instead of personal development, stagnation is often felt. This often happens in combination with experienced, constantly increasing pressure and a growing workload that can no longer be put away as easily as in younger years. There is no age-specific adaptation of performance management. So what to do? Find out which of your older employees are struggling through the daily routine for fear of unemployment, for example, and who still has the feeling of being needed and of being able to shape things. Ask early retirees under what circumstances they would have stayed longer, and many answer: \"If they had needed me.\"<\/p>\n<h2>Speaking of mixed-age teams<\/h2>\n<p>A recent study by the Zurich University of Applied Sciences in cooperation with the Z\u00fcrcher Kantonalbank and us (Neustarter-Stiftung, see box) deals with the integration of older people in the labor market and the question of the cultural change that is due. Among human resources staff, the statements regarding mixed-age teams range from \"Age doesn't play a role for us\" to \"Conflicts are always generational conflicts for us.\" Fabiola Gerpott (University of Amsterdam) found in a field study, \"The more diversity, the more it takes Psychological Safety to leverage team intelligence.\" That means individual team members need a good feeling about expressing their ideas and thoughts, in addition to the safety of being needed. By nature, this good feeling is more likely to be felt toward people of similar backgrounds (age, gender, origin, education level, etc.). Increasing age diversity thus requires even more sophisticated leadership that promotes security in various dimensions.<\/p>\n<h2>Working conditions in Switzerland<\/h2>\n<p>Surveys by the State Secretariat for Economic Affairs SECO on working conditions in Switzerland in 2005 and 2015 show that there is a general need for action in terms of job satisfaction: In 2005, around one-fifth of employees complained about \"monotonous tasks\"; ten years later, this figure had already risen to more than one-third. According to the responses, the opportunities to \"learn new things\" and \"implement one's own ideas\" declined by around 15 percent in each case from 2005 to 2015. These signals are clearly going in the wrong direction, insofar as the economy is threatening to decouple itself from the nature of the human being. But economic and human interests need not be contradictory. Among the clearest intersections are curiosity, the search for innovation and the joy of experimentation. Therefore: companies, allow and encourage experimentation! Develop different models of how to work in your companies and make them transparent - for all age groups.<\/p>\n<h2>Old and agile<\/h2>\n<p>Many older employees say, \"Yes, I would like to work without a rigid age limit, but not as before.\" This fits well with new organizational forms and increasingly agile work environments. As an example, a credo of the agile development method Scrum is always to change things, even those that are supposedly going well, to discover new and better ways of working. Costs (leadership) time at first, brings self-responsibility, fun, motivation and in the end more innovation and outcome - right? \"You sometimes have to teach an old elephant new tricks,\" Olmar Albers also says. He was desperately looking for a job at 55 when an internship among digital natives brought him back into the game.<\/p>\n<h2>More transparency<\/h2>\n<p>In addition, other entrenched factors play an important role in demographicsensitive HR work, such as pay. Is the pay structure, which in some places is still strongly geared to (service) age, really still appropriate and fair? If younger employees are fundamentally more favorable to a company than older ones, this further exacerbates the perceived gap between performance and recognition. In contrast, models such as an \"arc career\" (congratulations, whoever finds a better word!) with decreasing (often personnel) responsibility or part-time work with correspondingly decreasing pay are conceivable. Many older employees are open to discussions about this or explicitly seek them out and are willing to accept an average of about 10% in salary reductions. In general, greater transparency and fewer inequalities with regard to salaries appear to be desirable. This in turn fits with the logical development of thinking less in terms of job titles and more in terms of roles within different projects.<\/p>\n<h2>Older employees: Learning by doing works at any age<\/h2>\n<p>Much research has been done on the elderly, but the jungle of prejudices has not been cleared much. Research on the relationship between age and performance at least allows the rough conclusion that 55-year-olds do not lift less per se than 30-year-olds. Most deficits, such as longer reaction times, are compensated for - for example through practice and experience. Ultimately, it is not age but working conditions, living conditions, education and motivation that are decisive for performance. So it's more a matter of whether the task area suits the person or personality. The topic of digitization remains exciting. Which age group uses it and how? - Tools, information, communication and consumption will soon be available to 100% of the workforce in the relevant professions. But who is really networking in a meaningful way, designing, producing content and software? Generation-friendly talent management would say: Found startups in the companies. Learning by doing works at any age.<\/p>\n<h2>Talk is gold<\/h2>\n<p>The majority of older employees are often unaware of their skills and assets. And conversely, their superiors are not aware of their potential, or at best are very vague about it. It is therefore important to talk to people, to question activities, and to break down rigid structures. For example, in the form of honest employee appraisals in which deficits are openly addressed, by both sides. If it's not put on the table, we're left with vague hopes and fears. And then follow up the discussions with measures - from further training to a completely new area of responsibility, which the employees ideally help to shape themselves. Taking active responsibility, creatively exploiting one's own possibilities instead of being a cog in the wheel - that's motivating. However, this also requires a shared will to shape things, beyond internal company hierarchies. Ideally, generation-friendly talent management is defined in such a way that all those involved, i.e. employees, supervisors and the HR department, are joint designers of a transparent process. It would be great if, in the future, all age groups had the skills and motivation to help shape the world of work 4.0 and wanted to work without rigid age limits, perhaps in combination with family and volunteer work - depending on the phase of life.<\/p>\n<p><strong><em>About the author:<br \/>\n<a href=\"https:\/\/www.organisator.ch\/wp-content\/uploads\/2018\/11\/Hoeller_Bernadette.jpg\"><img loading=\"lazy\" decoding=\"async\" class=\"alignnone size-thumbnail wp-image-4501\" src=\"https:\/\/www.organisator.ch\/wp-content\/uploads\/2018\/11\/Hoeller_Bernadette-220x220.jpg\" alt=\"\" width=\"220\" height=\"220\" \/><\/a><br \/>\n<\/em><\/strong><\/p>\n<p align=\"LEFT\"><em>Since September 2016, Bernadette H\u00f6ller (36), a qualified gerontologist (gerontology), has been the managing director of the Neustarter Foundation, bringing with her extensive entrepreneurial experience in addition to her specialist knowledge.<\/em><\/p>\n<p align=\"LEFT\"><em>The non-profit Neustarter Foundation was established in 1999 as the Tertianum Foundation. Since 2017, it has pursued the goal of inspiring and encouraging people aged 49 and older to make a new start in their careers. Neustarter also supports companies facing demographic change and increasing digitalization at the same time, in order to inspire long-serving and older employees with suitable models and methods, e.g. design thinking, for future working worlds.<\/em><\/p>\n<p align=\"LEFT\"><a href=\"http:\/\/www.neustarter.com\"><em>www.neustarter.com<\/em><\/a><\/p>","protected":false},"excerpt":{"rendered":"<p>Mitte der 40er-Jahre und im Spitzenjahr 1963, als 109.993 Babys das Licht der Welt erblickten, verzeichnete die Schweiz historisch einmalige H\u00f6chstst\u00e4nde der Geburtenrate. Inzwischen haben die Babyboomer das 50. Lebensjahr deutlich \u00fcberschritten \u2013 einen massiven demografischen Wandel im Schlepptau. Das Durchschnittsalter in Unternehmen steigt; ab 2020 werden ja\u0308hrlich viele Menschen \u00abaltersbedingt\u00bb aus dem Erwerbsleben ausscheiden, [&hellip;]<\/p>\n","protected":false},"author":4,"featured_media":4499,"comment_status":"open","ping_status":"open","sticky":false,"template":"","format":"standard","meta":{"_acf_changed":false,"_yoast_wpseo_focuskw":"\u00c4ltere Mitarbeitende","_yoast_wpseo_metadesc":"Viele Unternehmen haben als Priorit\u00e4t festgelegt, junge Talente zu finden und zu binden. Das hat Auswirkungen auf die wachsende Zahl Mitarbeitender 50+.","articlekey":"","footnotes":""},"categories":[25],"tags":[159,208,254,533],"class_list":["post-4466","post","type-post","status-publish","format-standard","has-post-thumbnail","hentry","category-fit_im_job","tag-diversity","tag-fit-im-job","tag-hrm","tag-wissenschaft"],"acf":[],"yoast_head":"<!-- This site is optimized with the Yoast SEO plugin v27.5 - https:\/\/yoast.com\/product\/yoast-seo-wordpress\/ -->\n<title>\u00c4ltere Mitarbeitende: Talente ohne Ende - Organisator<\/title>\n<meta name=\"description\" content=\"Viele Unternehmen haben als Priorit\u00e4t festgelegt, junge Talente zu finden und zu binden. Das hat Auswirkungen auf die wachsende Zahl Mitarbeitender 50+.\" \/>\n<meta name=\"robots\" content=\"index, follow, max-snippet:-1, max-image-preview:large, max-video-preview:-1\" \/>\n<link rel=\"canonical\" href=\"https:\/\/www.organisator.ch\/en\/human-resources\/fit_im_job\/2018-11-05\/aeltere-mitarbeitende-talente-ohne-ende\/\" \/>\n<meta property=\"og:locale\" content=\"en_US\" \/>\n<meta property=\"og:type\" content=\"article\" \/>\n<meta property=\"og:title\" content=\"\u00c4ltere Mitarbeitende: Talente ohne Ende\" \/>\n<meta property=\"og:description\" content=\"Viele Unternehmen haben als Priorit\u00e4t festgelegt, junge Talente zu finden und zu binden. Das hat Auswirkungen auf die wachsende Zahl Mitarbeitender 50+.\" \/>\n<meta property=\"og:url\" content=\"https:\/\/www.organisator.ch\/en\/human-resources\/fit_im_job\/2018-11-05\/aeltere-mitarbeitende-talente-ohne-ende\/\" \/>\n<meta property=\"og:site_name\" content=\"Organisator\" \/>\n<meta property=\"article:publisher\" content=\"https:\/\/www.facebook.com\/OrganisatorFachmagazin\" \/>\n<meta property=\"article:published_time\" content=\"2018-11-05T07:21:28+00:00\" \/>\n<meta property=\"og:image\" content=\"https:\/\/www.organisator.ch\/wp-content\/uploads\/2018\/11\/Aeltere-Mitarbeitende-Talente-ohne-Ende_Organisator.jpg\" \/>\n\t<meta property=\"og:image:width\" content=\"480\" \/>\n\t<meta property=\"og:image:height\" content=\"480\" \/>\n\t<meta property=\"og:image:type\" content=\"image\/jpeg\" \/>\n<meta name=\"author\" content=\"thomas.berner\" \/>\n<meta name=\"twitter:card\" content=\"summary_large_image\" \/>\n<meta name=\"twitter:title\" content=\"#\u00c4ltereMitarbeitende: #Talente ohne Ende\" \/>\n<meta name=\"twitter:description\" content=\"Viele Unternehmen haben als Priorit\u00e4t festgelegt, junge #Talente zu finden und zu binden. Das hat Auswirkungen auf die wachsende Zahl Mitarbeitender 50+.\" \/>\n<meta name=\"twitter:image\" content=\"https:\/\/www.organisator.ch\/wp-content\/uploads\/2018\/11\/\u00c4ltere-Mitarbeitende-Talente-ohne-Ende_Organisator.jpg\" \/>\n<script type=\"application\/ld+json\" class=\"yoast-schema-graph\">{\"@context\":\"https:\\\/\\\/schema.org\",\"@graph\":[{\"@type\":\"Article\",\"@id\":\"https:\\\/\\\/www.organisator.ch\\\/human-resources\\\/fit_im_job\\\/2018-11-05\\\/aeltere-mitarbeitende-talente-ohne-ende\\\/#article\",\"isPartOf\":{\"@id\":\"https:\\\/\\\/www.organisator.ch\\\/human-resources\\\/fit_im_job\\\/2018-11-05\\\/aeltere-mitarbeitende-talente-ohne-ende\\\/\"},\"author\":{\"name\":\"thomas.berner\",\"@id\":\"https:\\\/\\\/www.organisator.ch\\\/#\\\/schema\\\/person\\\/6f650f90b2842cd4c0cc334b4e36f67e\"},\"headline\":\"\u00c4ltere Mitarbeitende: Talente ohne Ende\",\"datePublished\":\"2018-11-05T07:21:28+00:00\",\"mainEntityOfPage\":{\"@id\":\"https:\\\/\\\/www.organisator.ch\\\/human-resources\\\/fit_im_job\\\/2018-11-05\\\/aeltere-mitarbeitende-talente-ohne-ende\\\/\"},\"wordCount\":1408,\"commentCount\":1,\"publisher\":{\"@id\":\"https:\\\/\\\/www.organisator.ch\\\/#organization\"},\"image\":{\"@id\":\"https:\\\/\\\/www.organisator.ch\\\/human-resources\\\/fit_im_job\\\/2018-11-05\\\/aeltere-mitarbeitende-talente-ohne-ende\\\/#primaryimage\"},\"thumbnailUrl\":\"https:\\\/\\\/www.organisator.ch\\\/wp-content\\\/uploads\\\/2018\\\/11\\\/Aeltere-Mitarbeitende-Talente-ohne-Ende2_Organisator.jpg\",\"keywords\":[\"Diversity\",\"Fit im Job\",\"HRM\",\"Wissenschaft\"],\"articleSection\":[\"FIT IM JOB\"],\"inLanguage\":\"en-US\"},{\"@type\":\"WebPage\",\"@id\":\"https:\\\/\\\/www.organisator.ch\\\/human-resources\\\/fit_im_job\\\/2018-11-05\\\/aeltere-mitarbeitende-talente-ohne-ende\\\/\",\"url\":\"https:\\\/\\\/www.organisator.ch\\\/human-resources\\\/fit_im_job\\\/2018-11-05\\\/aeltere-mitarbeitende-talente-ohne-ende\\\/\",\"name\":\"\u00c4ltere Mitarbeitende: Talente ohne Ende - Organisator\",\"isPartOf\":{\"@id\":\"https:\\\/\\\/www.organisator.ch\\\/#website\"},\"primaryImageOfPage\":{\"@id\":\"https:\\\/\\\/www.organisator.ch\\\/human-resources\\\/fit_im_job\\\/2018-11-05\\\/aeltere-mitarbeitende-talente-ohne-ende\\\/#primaryimage\"},\"image\":{\"@id\":\"https:\\\/\\\/www.organisator.ch\\\/human-resources\\\/fit_im_job\\\/2018-11-05\\\/aeltere-mitarbeitende-talente-ohne-ende\\\/#primaryimage\"},\"thumbnailUrl\":\"https:\\\/\\\/www.organisator.ch\\\/wp-content\\\/uploads\\\/2018\\\/11\\\/Aeltere-Mitarbeitende-Talente-ohne-Ende2_Organisator.jpg\",\"datePublished\":\"2018-11-05T07:21:28+00:00\",\"description\":\"Viele Unternehmen haben als Priorit\u00e4t festgelegt, junge Talente zu finden und zu binden. Das hat Auswirkungen auf die wachsende Zahl Mitarbeitender 50+.\",\"breadcrumb\":{\"@id\":\"https:\\\/\\\/www.organisator.ch\\\/human-resources\\\/fit_im_job\\\/2018-11-05\\\/aeltere-mitarbeitende-talente-ohne-ende\\\/#breadcrumb\"},\"inLanguage\":\"en-US\",\"potentialAction\":[{\"@type\":\"ReadAction\",\"target\":[\"https:\\\/\\\/www.organisator.ch\\\/human-resources\\\/fit_im_job\\\/2018-11-05\\\/aeltere-mitarbeitende-talente-ohne-ende\\\/\"]}]},{\"@type\":\"ImageObject\",\"inLanguage\":\"en-US\",\"@id\":\"https:\\\/\\\/www.organisator.ch\\\/human-resources\\\/fit_im_job\\\/2018-11-05\\\/aeltere-mitarbeitende-talente-ohne-ende\\\/#primaryimage\",\"url\":\"https:\\\/\\\/www.organisator.ch\\\/wp-content\\\/uploads\\\/2018\\\/11\\\/Aeltere-Mitarbeitende-Talente-ohne-Ende2_Organisator.jpg\",\"contentUrl\":\"https:\\\/\\\/www.organisator.ch\\\/wp-content\\\/uploads\\\/2018\\\/11\\\/Aeltere-Mitarbeitende-Talente-ohne-Ende2_Organisator.jpg\",\"width\":640,\"height\":362,\"caption\":\"\u00c4ltere Mitarbeitende sind durchaus noch neugierig, innovativ und experimentierfreudig, wie Studien belegen. (Quelle: Neustarter-Stiftung)\"},{\"@type\":\"BreadcrumbList\",\"@id\":\"https:\\\/\\\/www.organisator.ch\\\/human-resources\\\/fit_im_job\\\/2018-11-05\\\/aeltere-mitarbeitende-talente-ohne-ende\\\/#breadcrumb\",\"itemListElement\":[{\"@type\":\"ListItem\",\"position\":1,\"name\":\"Home\",\"item\":\"https:\\\/\\\/www.organisator.ch\\\/\"},{\"@type\":\"ListItem\",\"position\":2,\"name\":\"\u00c4ltere Mitarbeitende: Talente ohne Ende\"}]},{\"@type\":\"WebSite\",\"@id\":\"https:\\\/\\\/www.organisator.ch\\\/#website\",\"url\":\"https:\\\/\\\/www.organisator.ch\\\/\",\"name\":\"Organisator\",\"description\":\"Kompetent. Praxisnah. Der ORGANISATOR bereitet in 10 Ausgaben pro Jahr die wesentlichen Themen f\u00fcr F\u00fchrungskr\u00e4fte von KMU auf.\",\"publisher\":{\"@id\":\"https:\\\/\\\/www.organisator.ch\\\/#organization\"},\"potentialAction\":[{\"@type\":\"SearchAction\",\"target\":{\"@type\":\"EntryPoint\",\"urlTemplate\":\"https:\\\/\\\/www.organisator.ch\\\/?s={search_term_string}\"},\"query-input\":{\"@type\":\"PropertyValueSpecification\",\"valueRequired\":true,\"valueName\":\"search_term_string\"}}],\"inLanguage\":\"en-US\"},{\"@type\":\"Organization\",\"@id\":\"https:\\\/\\\/www.organisator.ch\\\/#organization\",\"name\":\"Organisator\",\"url\":\"https:\\\/\\\/www.organisator.ch\\\/\",\"logo\":{\"@type\":\"ImageObject\",\"inLanguage\":\"en-US\",\"@id\":\"https:\\\/\\\/www.organisator.ch\\\/#\\\/schema\\\/logo\\\/image\\\/\",\"url\":\"https:\\\/\\\/www.organisator.ch\\\/wp-content\\\/uploads\\\/2022\\\/01\\\/Logo_Organisator_Website.png\",\"contentUrl\":\"https:\\\/\\\/www.organisator.ch\\\/wp-content\\\/uploads\\\/2022\\\/01\\\/Logo_Organisator_Website.png\",\"width\":800,\"height\":77,\"caption\":\"Organisator\"},\"image\":{\"@id\":\"https:\\\/\\\/www.organisator.ch\\\/#\\\/schema\\\/logo\\\/image\\\/\"},\"sameAs\":[\"https:\\\/\\\/www.facebook.com\\\/OrganisatorFachmagazin\",\"https:\\\/\\\/www.linkedin.com\\\/showcase\\\/organisator-das-magazin-fr-kmu\",\"https:\\\/\\\/www.xing.com\\\/news\\\/pages\\\/organisator-ch-695\",\"https:\\\/\\\/www.youtube.com\\\/channel\\\/UCGP2Sq0iWaZwT3BdIAQFYpw\"]},{\"@type\":\"Person\",\"@id\":\"https:\\\/\\\/www.organisator.ch\\\/#\\\/schema\\\/person\\\/6f650f90b2842cd4c0cc334b4e36f67e\",\"name\":\"thomas.berner\",\"image\":{\"@type\":\"ImageObject\",\"inLanguage\":\"en-US\",\"@id\":\"https:\\\/\\\/secure.gravatar.com\\\/avatar\\\/ac5001d2a36cb6c6cd3e50789007ffca834b477b74a2144564522e944eabff61?s=96&d=mm&r=g\",\"url\":\"https:\\\/\\\/secure.gravatar.com\\\/avatar\\\/ac5001d2a36cb6c6cd3e50789007ffca834b477b74a2144564522e944eabff61?s=96&d=mm&r=g\",\"contentUrl\":\"https:\\\/\\\/secure.gravatar.com\\\/avatar\\\/ac5001d2a36cb6c6cd3e50789007ffca834b477b74a2144564522e944eabff61?s=96&d=mm&r=g\",\"caption\":\"thomas.berner\"},\"url\":\"https:\\\/\\\/www.organisator.ch\\\/en\\\/author\\\/thomas-berner\\\/\"}]}<\/script>\n<!-- \/ Yoast SEO plugin. -->","yoast_head_json":{"title":"Older employees: Talented without end - Organizer","description":"Many companies have made it a priority to find and retain young talent. This has implications for the growing number of employees 50+.","robots":{"index":"index","follow":"follow","max-snippet":"max-snippet:-1","max-image-preview":"max-image-preview:large","max-video-preview":"max-video-preview:-1"},"canonical":"https:\/\/www.organisator.ch\/en\/human-resources\/fit_im_job\/2018-11-05\/aeltere-mitarbeitende-talente-ohne-ende\/","og_locale":"en_US","og_type":"article","og_title":"\u00c4ltere Mitarbeitende: Talente ohne Ende","og_description":"Viele Unternehmen haben als Priorit\u00e4t festgelegt, junge Talente zu finden und zu binden. Das hat Auswirkungen auf die wachsende Zahl Mitarbeitender 50+.","og_url":"https:\/\/www.organisator.ch\/en\/human-resources\/fit_im_job\/2018-11-05\/aeltere-mitarbeitende-talente-ohne-ende\/","og_site_name":"Organisator","article_publisher":"https:\/\/www.facebook.com\/OrganisatorFachmagazin","article_published_time":"2018-11-05T07:21:28+00:00","og_image":[{"width":480,"height":480,"url":"https:\/\/www.organisator.ch\/wp-content\/uploads\/2018\/11\/Aeltere-Mitarbeitende-Talente-ohne-Ende_Organisator.jpg","type":"image\/jpeg"}],"author":"thomas.berner","twitter_card":"summary_large_image","twitter_title":"#\u00c4ltereMitarbeitende: #Talente ohne Ende","twitter_description":"Viele Unternehmen haben als Priorit\u00e4t festgelegt, junge #Talente zu finden und zu binden. Das hat Auswirkungen auf die wachsende Zahl Mitarbeitender 50+.","twitter_image":"https:\/\/www.organisator.ch\/wp-content\/uploads\/2018\/11\/\u00c4ltere-Mitarbeitende-Talente-ohne-Ende_Organisator.jpg","schema":{"@context":"https:\/\/schema.org","@graph":[{"@type":"Article","@id":"https:\/\/www.organisator.ch\/human-resources\/fit_im_job\/2018-11-05\/aeltere-mitarbeitende-talente-ohne-ende\/#article","isPartOf":{"@id":"https:\/\/www.organisator.ch\/human-resources\/fit_im_job\/2018-11-05\/aeltere-mitarbeitende-talente-ohne-ende\/"},"author":{"name":"thomas.berner","@id":"https:\/\/www.organisator.ch\/#\/schema\/person\/6f650f90b2842cd4c0cc334b4e36f67e"},"headline":"\u00c4ltere Mitarbeitende: Talente ohne Ende","datePublished":"2018-11-05T07:21:28+00:00","mainEntityOfPage":{"@id":"https:\/\/www.organisator.ch\/human-resources\/fit_im_job\/2018-11-05\/aeltere-mitarbeitende-talente-ohne-ende\/"},"wordCount":1408,"commentCount":1,"publisher":{"@id":"https:\/\/www.organisator.ch\/#organization"},"image":{"@id":"https:\/\/www.organisator.ch\/human-resources\/fit_im_job\/2018-11-05\/aeltere-mitarbeitende-talente-ohne-ende\/#primaryimage"},"thumbnailUrl":"https:\/\/www.organisator.ch\/wp-content\/uploads\/2018\/11\/Aeltere-Mitarbeitende-Talente-ohne-Ende2_Organisator.jpg","keywords":["Diversity","Fit im Job","HRM","Wissenschaft"],"articleSection":["FIT IM JOB"],"inLanguage":"en-US"},{"@type":"WebPage","@id":"https:\/\/www.organisator.ch\/human-resources\/fit_im_job\/2018-11-05\/aeltere-mitarbeitende-talente-ohne-ende\/","url":"https:\/\/www.organisator.ch\/human-resources\/fit_im_job\/2018-11-05\/aeltere-mitarbeitende-talente-ohne-ende\/","name":"Older employees: Talented without end - Organizer","isPartOf":{"@id":"https:\/\/www.organisator.ch\/#website"},"primaryImageOfPage":{"@id":"https:\/\/www.organisator.ch\/human-resources\/fit_im_job\/2018-11-05\/aeltere-mitarbeitende-talente-ohne-ende\/#primaryimage"},"image":{"@id":"https:\/\/www.organisator.ch\/human-resources\/fit_im_job\/2018-11-05\/aeltere-mitarbeitende-talente-ohne-ende\/#primaryimage"},"thumbnailUrl":"https:\/\/www.organisator.ch\/wp-content\/uploads\/2018\/11\/Aeltere-Mitarbeitende-Talente-ohne-Ende2_Organisator.jpg","datePublished":"2018-11-05T07:21:28+00:00","description":"Many companies have made it a priority to find and retain young talent. This has implications for the growing number of employees 50+.","breadcrumb":{"@id":"https:\/\/www.organisator.ch\/human-resources\/fit_im_job\/2018-11-05\/aeltere-mitarbeitende-talente-ohne-ende\/#breadcrumb"},"inLanguage":"en-US","potentialAction":[{"@type":"ReadAction","target":["https:\/\/www.organisator.ch\/human-resources\/fit_im_job\/2018-11-05\/aeltere-mitarbeitende-talente-ohne-ende\/"]}]},{"@type":"ImageObject","inLanguage":"en-US","@id":"https:\/\/www.organisator.ch\/human-resources\/fit_im_job\/2018-11-05\/aeltere-mitarbeitende-talente-ohne-ende\/#primaryimage","url":"https:\/\/www.organisator.ch\/wp-content\/uploads\/2018\/11\/Aeltere-Mitarbeitende-Talente-ohne-Ende2_Organisator.jpg","contentUrl":"https:\/\/www.organisator.ch\/wp-content\/uploads\/2018\/11\/Aeltere-Mitarbeitende-Talente-ohne-Ende2_Organisator.jpg","width":640,"height":362,"caption":"\u00c4ltere Mitarbeitende sind durchaus noch neugierig, innovativ und experimentierfreudig, wie Studien belegen. (Quelle: Neustarter-Stiftung)"},{"@type":"BreadcrumbList","@id":"https:\/\/www.organisator.ch\/human-resources\/fit_im_job\/2018-11-05\/aeltere-mitarbeitende-talente-ohne-ende\/#breadcrumb","itemListElement":[{"@type":"ListItem","position":1,"name":"Home","item":"https:\/\/www.organisator.ch\/"},{"@type":"ListItem","position":2,"name":"\u00c4ltere Mitarbeitende: Talente ohne Ende"}]},{"@type":"WebSite","@id":"https:\/\/www.organisator.ch\/#website","url":"https:\/\/www.organisator.ch\/","name":"Organizer","description":"Competent. Practical. In 10 issues per year, ORGANISATOR presents the essential topics for managers of SMEs.","publisher":{"@id":"https:\/\/www.organisator.ch\/#organization"},"potentialAction":[{"@type":"SearchAction","target":{"@type":"EntryPoint","urlTemplate":"https:\/\/www.organisator.ch\/?s={search_term_string}"},"query-input":{"@type":"PropertyValueSpecification","valueRequired":true,"valueName":"search_term_string"}}],"inLanguage":"en-US"},{"@type":"Organization","@id":"https:\/\/www.organisator.ch\/#organization","name":"Organizer","url":"https:\/\/www.organisator.ch\/","logo":{"@type":"ImageObject","inLanguage":"en-US","@id":"https:\/\/www.organisator.ch\/#\/schema\/logo\/image\/","url":"https:\/\/www.organisator.ch\/wp-content\/uploads\/2022\/01\/Logo_Organisator_Website.png","contentUrl":"https:\/\/www.organisator.ch\/wp-content\/uploads\/2022\/01\/Logo_Organisator_Website.png","width":800,"height":77,"caption":"Organisator"},"image":{"@id":"https:\/\/www.organisator.ch\/#\/schema\/logo\/image\/"},"sameAs":["https:\/\/www.facebook.com\/OrganisatorFachmagazin","https:\/\/www.linkedin.com\/showcase\/organisator-das-magazin-fr-kmu","https:\/\/www.xing.com\/news\/pages\/organisator-ch-695","https:\/\/www.youtube.com\/channel\/UCGP2Sq0iWaZwT3BdIAQFYpw"]},{"@type":"Person","@id":"https:\/\/www.organisator.ch\/#\/schema\/person\/6f650f90b2842cd4c0cc334b4e36f67e","name":"thomas.berner","image":{"@type":"ImageObject","inLanguage":"en-US","@id":"https:\/\/secure.gravatar.com\/avatar\/ac5001d2a36cb6c6cd3e50789007ffca834b477b74a2144564522e944eabff61?s=96&d=mm&r=g","url":"https:\/\/secure.gravatar.com\/avatar\/ac5001d2a36cb6c6cd3e50789007ffca834b477b74a2144564522e944eabff61?s=96&d=mm&r=g","contentUrl":"https:\/\/secure.gravatar.com\/avatar\/ac5001d2a36cb6c6cd3e50789007ffca834b477b74a2144564522e944eabff61?s=96&d=mm&r=g","caption":"thomas.berner"},"url":"https:\/\/www.organisator.ch\/en\/author\/thomas-berner\/"}]}},"_links":{"self":[{"href":"https:\/\/www.organisator.ch\/en\/wp-json\/wp\/v2\/posts\/4466","targetHints":{"allow":["GET"]}}],"collection":[{"href":"https:\/\/www.organisator.ch\/en\/wp-json\/wp\/v2\/posts"}],"about":[{"href":"https:\/\/www.organisator.ch\/en\/wp-json\/wp\/v2\/types\/post"}],"author":[{"embeddable":true,"href":"https:\/\/www.organisator.ch\/en\/wp-json\/wp\/v2\/users\/4"}],"replies":[{"embeddable":true,"href":"https:\/\/www.organisator.ch\/en\/wp-json\/wp\/v2\/comments?post=4466"}],"version-history":[{"count":0,"href":"https:\/\/www.organisator.ch\/en\/wp-json\/wp\/v2\/posts\/4466\/revisions"}],"wp:featuredmedia":[{"embeddable":true,"href":"https:\/\/www.organisator.ch\/en\/wp-json\/wp\/v2\/media\/4499"}],"wp:attachment":[{"href":"https:\/\/www.organisator.ch\/en\/wp-json\/wp\/v2\/media?parent=4466"}],"wp:term":[{"taxonomy":"category","embeddable":true,"href":"https:\/\/www.organisator.ch\/en\/wp-json\/wp\/v2\/categories?post=4466"},{"taxonomy":"post_tag","embeddable":true,"href":"https:\/\/www.organisator.ch\/en\/wp-json\/wp\/v2\/tags?post=4466"}],"curies":[{"name":"wp","href":"https:\/\/api.w.org\/{rel}","templated":true}]}}