{"id":4475,"date":"2018-11-16T09:07:59","date_gmt":"2018-11-16T08:07:59","guid":{"rendered":"https:\/\/www.organisator.ch\/?p=4475"},"modified":"2018-11-16T09:07:59","modified_gmt":"2018-11-16T08:07:59","slug":"fm-monitor-2018-facility-management-wird-it-lastiger","status":"publish","type":"post","link":"https:\/\/www.organisator.ch\/en\/management\/2018-11-16\/fm-monitor-2018-facility-management-wird-it-lastiger\/","title":{"rendered":"FM Monitor 2018: Facility management becomes more IT-heavy"},"content":{"rendered":"<figure id=\"attachment_4535\" aria-describedby=\"caption-attachment-4535\" style=\"width: 680px\" class=\"wp-caption alignnone\"><img loading=\"lazy\" decoding=\"async\" class=\"size-medium wp-image-4535\" src=\"https:\/\/www.organisator.ch\/wp-content\/uploads\/2018\/11\/FM-Monitor-2018-Facility-Management-wird-IT-lastiger_Organisator.jpg\" alt=\"\" width=\"680\" height=\"444\" srcset=\"https:\/\/www.organisator.ch\/wp-content\/uploads\/2018\/11\/FM-Monitor-2018-Facility-Management-wird-IT-lastiger_Organisator.jpg 680w, https:\/\/www.organisator.ch\/wp-content\/uploads\/2018\/11\/FM-Monitor-2018-Facility-Management-wird-IT-lastiger_Organisator-16x10.jpg 16w, https:\/\/www.organisator.ch\/wp-content\/uploads\/2018\/11\/FM-Monitor-2018-Facility-Management-wird-IT-lastiger_Organisator-268x175.jpg 268w, https:\/\/www.organisator.ch\/wp-content\/uploads\/2018\/11\/FM-Monitor-2018-Facility-Management-wird-IT-lastiger_Organisator-536x350.jpg 536w, https:\/\/www.organisator.ch\/wp-content\/uploads\/2018\/11\/FM-Monitor-2018-Facility-Management-wird-IT-lastiger_Organisator-300x196.jpg 300w\" sizes=\"auto, (max-width: 680px) 100vw, 680px\" \/><figcaption id=\"caption-attachment-4535\" class=\"wp-caption-text\">The FM Monitor annually compiles the most important figures in the facility management industry. (Image: <a href=\"http:\/\/www.pom.ch\">www.pom.ch<\/a>)<\/figcaption><\/figure>\n<p>The FM Monitor comprises two independent studies: the \"FM Monitor Benchmark\" with current key real estate figures and the \"FM Monitor Trend Analysis\" with the top trends in the FM market. More than 100 experts from the Swiss real estate industry were surveyed. Cooperation partners are ETH Zurich, EPF Lausanne and the Zurich University of Applied Sciences ZHAW. The key figures are based on over 15,000 properties with a total floor area of almost 72 million m2. According to the FM Monitor benchmark, the average management costs for office and administrative properties are CHF 29.90\/m2 (owner and ancillary costs). At CHF 28.40\/m2 , management costs for retail properties are similarly high to those for office and administrative buildings. Properties used for industrial and commercial purposes are less expensive to manage. The costs there average CHF 21.20\/m2.<\/p>\n<figure id=\"attachment_4476\" aria-describedby=\"caption-attachment-4476\" style=\"width: 680px\" class=\"wp-caption alignnone\"><img loading=\"lazy\" decoding=\"async\" class=\"size-medium wp-image-4476\" src=\"https:\/\/www.organisator.ch\/wp-content\/uploads\/2018\/11\/2018_11_Schwerpunkt_FM-Monitor_Gr_1765845.jpg\" alt=\"\" width=\"680\" height=\"348\" srcset=\"https:\/\/www.organisator.ch\/wp-content\/uploads\/2018\/11\/2018_11_Schwerpunkt_FM-Monitor_Gr_1765845.jpg 1181w, https:\/\/www.organisator.ch\/wp-content\/uploads\/2018\/11\/2018_11_Schwerpunkt_FM-Monitor_Gr_1765845-680x348.jpg 680w, https:\/\/www.organisator.ch\/wp-content\/uploads\/2018\/11\/2018_11_Schwerpunkt_FM-Monitor_Gr_1765845-1024x524.jpg 1024w, https:\/\/www.organisator.ch\/wp-content\/uploads\/2018\/11\/2018_11_Schwerpunkt_FM-Monitor_Gr_1765845-768x393.jpg 768w, https:\/\/www.organisator.ch\/wp-content\/uploads\/2018\/11\/2018_11_Schwerpunkt_FM-Monitor_Gr_1765845-16x8.jpg 16w, https:\/\/www.organisator.ch\/wp-content\/uploads\/2018\/11\/2018_11_Schwerpunkt_FM-Monitor_Gr_1765845-342x175.jpg 342w, https:\/\/www.organisator.ch\/wp-content\/uploads\/2018\/11\/2018_11_Schwerpunkt_FM-Monitor_Gr_1765845-684x350.jpg 684w, https:\/\/www.organisator.ch\/wp-content\/uploads\/2018\/11\/2018_11_Schwerpunkt_FM-Monitor_Gr_1765845-920x471.jpg 920w, https:\/\/www.organisator.ch\/wp-content\/uploads\/2018\/11\/2018_11_Schwerpunkt_FM-Monitor_Gr_1765845-300x153.jpg 300w\" sizes=\"auto, (max-width: 680px) 100vw, 680px\" \/><figcaption id=\"caption-attachment-4476\" class=\"wp-caption-text\">The topic of merging FM and IT in a year-on-year comparison. (Graphic: www.pom.ch)<\/figcaption><\/figure>\n<h2><strong>Space optimization loses importance<\/strong><\/h2>\n<p>This year's FM Monitor found little change in the trends. \"The top 10 trends remain stable this year and indicate the long-term orientation of the industry,\" says pom+. Only the increasing standardization of FM service offerings is new, while the topic of space optimization is losing importance. Once again this year, the top issue is data quality. After all, real estate and services can only be managed with reliable data; they are key factors for efficiency increases and optimization. The importance of GIS and navigation data is also steadily increasing. At the same time, topics such as big data for the evaluation of large databases are becoming increasingly important for the FM market, as the assessment of more and more respondents shows.<\/p>\n<h2><strong>Energy Management<\/strong><\/h2>\n<p>Another finding of the FM Monitor Benchmark: Despite the trend toward increasing energy efficiency, oil-fired heating systems are still very widespread in Switzerland. Per square meter of energy reference area, oil heating systems emit 28 kg of CO2 into the atmosphere. This is more than twice as much as district heating. This result is matched by the increase in energy efficiency identified in the trend analysis as an increasingly important task in facility management. For example, intelligent energy networks could measure, regulate, control and optimize energy consumption in buildings. This creates a win-win situation: the bottom line is an increase in cost efficiency and an improvement in the eco-balance. Despite the adoption of the Energy Strategy 2050 in May 2017, the trend toward the use of alternative energy sources is declining in the current survey.<\/p>\n<h2><strong>Convergence of FM and IT<\/strong><\/h2>\n<p>It is not only for energy management that new technologies play a role. Smart buildings will contribute to the environment in real estate management moving rapidly in the direction of digital real estate. Building Information Modeling (BIM) is also playing an increasing role in facility management. This is because IT infrastructures (sensors, smart devices) are increasingly being seen as part of the building infrastructure. The same applies to services such as help desks. The merging of facility management with IT is taking place at an ever faster pace, and a large majority of respondents accordingly believe that FM and IT will merge partially or even completely. The need for organizational adjustments is therefore an indispensable prerequisite with the increasing convergence of FM and IT, concludes the FM Monitor.<\/p>\n<p><a href=\"https:\/\/www.pom.ch\/de\/produkte\/fm-monitor\/\"><em>More information<\/em><\/a><\/p>","protected":false},"excerpt":{"rendered":"<p>Der FM Monitor umfasst jeweils zwei unabh\u00e4ngige Studien: den \u00abFM Monitor Benchmark\u00bb mit aktuellen Im\u00admobi\u00adlienkennzahlen und den \u00abFM Monitor Trendanalyse\u00bb mit den Top-Trends im FM-Markt. Befragt wurden dazu \u00fcber 100 Expertinnen und Experten der Schweizer Immobilienwirtschaft. Kooperationspartner sind die ETH Z\u00fcrich, die EPF Lausanne sowie die \u00adZ\u00fcrcher Hochschule f\u00fcr An\u00adgewandte Wissenschaften ZHAW. Basis der Kenn\u00adzahlen [&hellip;]<\/p>\n","protected":false},"author":7,"featured_media":4535,"comment_status":"open","ping_status":"open","sticky":false,"template":"","format":"standard","meta":{"_acf_changed":false,"_yoast_wpseo_focuskw":"FM Monitor","_yoast_wpseo_metadesc":"Wie viel kostet die Bewirtschaftung eines Quadratmeters im B\u00fcro? Antworten darauf liefert der FM Monitor, der dieses Jahr zum 17. Mal erstellt worden ist.","articlekey":"","footnotes":""},"categories":[28],"tags":[195,340,459],"class_list":["post-4475","post","type-post","status-publish","format-standard","has-post-thumbnail","hentry","category-management","tag-facility-management","tag-maerkte","tag-studie"],"acf":[],"yoast_head":"<!-- This site is optimized with the Yoast SEO plugin v27.4 - https:\/\/yoast.com\/product\/yoast-seo-wordpress\/ -->\n<title>FM Monitor 2018: Facility-Management wird IT-lastiger - Organisator<\/title>\n<meta name=\"description\" content=\"Wie viel kostet die Bewirtschaftung eines Quadratmeters im B\u00fcro? Antworten darauf liefert der FM Monitor, der dieses Jahr zum 17. Mal erstellt worden ist.\" \/>\n<meta name=\"robots\" content=\"index, follow, max-snippet:-1, max-image-preview:large, max-video-preview:-1\" \/>\n<link rel=\"canonical\" href=\"https:\/\/www.organisator.ch\/en\/management\/2018-11-16\/fm-monitor-2018-facility-management-wird-it-lastiger\/\" \/>\n<meta property=\"og:locale\" content=\"en_US\" \/>\n<meta property=\"og:type\" content=\"article\" \/>\n<meta property=\"og:title\" content=\"FM Monitor 2018: Facility-Management wird IT-lastiger\" \/>\n<meta property=\"og:description\" content=\"Wie viel kostet die Bewirtschaftung eines Quadratmeters im B\u00fcro? Antworten darauf liefert der FM Monitor, der dieses Jahr zum 17. Mal erstellt worden ist.\" \/>\n<meta property=\"og:url\" content=\"https:\/\/www.organisator.ch\/en\/management\/2018-11-16\/fm-monitor-2018-facility-management-wird-it-lastiger\/\" \/>\n<meta property=\"og:site_name\" content=\"Organisator\" \/>\n<meta property=\"article:publisher\" content=\"https:\/\/www.facebook.com\/OrganisatorFachmagazin\" \/>\n<meta property=\"article:published_time\" content=\"2018-11-16T08:07:59+00:00\" \/>\n<meta property=\"og:image\" content=\"https:\/\/www.organisator.ch\/wp-content\/uploads\/2018\/11\/FM-Monitor-2018-Facility-Management-wird-IT-lastiger_Organisator.jpg\" \/>\n\t<meta property=\"og:image:width\" content=\"680\" \/>\n\t<meta property=\"og:image:height\" content=\"444\" \/>\n\t<meta property=\"og:image:type\" content=\"image\/jpeg\" \/>\n<meta name=\"author\" content=\"K4-Import\" \/>\n<meta name=\"twitter:card\" content=\"summary_large_image\" \/>\n<meta name=\"twitter:title\" content=\"FM Monitor 2018: Facility-Management wird IT-lastiger\" \/>\n<meta name=\"twitter:description\" content=\"Wie viel kostet die Bewirtschaftung eines Quadratmeters im B\u00fcro? Antworten darauf liefert der FM Monitor, der dieses Jahr zum 17. Mal erstellt worden ist.\" \/>\n<meta name=\"twitter:image\" content=\"https:\/\/www.organisator.ch\/wp-content\/uploads\/2018\/11\/FM-Monitor-2018-Facility-Management-wird-IT-lastiger_Organisator.jpg\" \/>\n<script type=\"application\/ld+json\" class=\"yoast-schema-graph\">{\"@context\":\"https:\\\/\\\/schema.org\",\"@graph\":[{\"@type\":\"Article\",\"@id\":\"https:\\\/\\\/www.organisator.ch\\\/management\\\/2018-11-16\\\/fm-monitor-2018-facility-management-wird-it-lastiger\\\/#article\",\"isPartOf\":{\"@id\":\"https:\\\/\\\/www.organisator.ch\\\/management\\\/2018-11-16\\\/fm-monitor-2018-facility-management-wird-it-lastiger\\\/\"},\"author\":{\"name\":\"K4-Import\",\"@id\":\"https:\\\/\\\/www.organisator.ch\\\/#\\\/schema\\\/person\\\/dd8ffea01043c9c41d7718296a158fac\"},\"headline\":\"FM Monitor 2018: Facility-Management wird IT-lastiger\",\"datePublished\":\"2018-11-16T08:07:59+00:00\",\"mainEntityOfPage\":{\"@id\":\"https:\\\/\\\/www.organisator.ch\\\/management\\\/2018-11-16\\\/fm-monitor-2018-facility-management-wird-it-lastiger\\\/\"},\"wordCount\":563,\"commentCount\":1,\"publisher\":{\"@id\":\"https:\\\/\\\/www.organisator.ch\\\/#organization\"},\"image\":{\"@id\":\"https:\\\/\\\/www.organisator.ch\\\/management\\\/2018-11-16\\\/fm-monitor-2018-facility-management-wird-it-lastiger\\\/#primaryimage\"},\"thumbnailUrl\":\"https:\\\/\\\/www.organisator.ch\\\/wp-content\\\/uploads\\\/2018\\\/11\\\/FM-Monitor-2018-Facility-Management-wird-IT-lastiger_Organisator.jpg\",\"keywords\":[\"Facility Management\",\"M\u00e4rkte\",\"Studie\"],\"articleSection\":[\"MANAGEMENT\"],\"inLanguage\":\"en-US\"},{\"@type\":\"WebPage\",\"@id\":\"https:\\\/\\\/www.organisator.ch\\\/management\\\/2018-11-16\\\/fm-monitor-2018-facility-management-wird-it-lastiger\\\/\",\"url\":\"https:\\\/\\\/www.organisator.ch\\\/management\\\/2018-11-16\\\/fm-monitor-2018-facility-management-wird-it-lastiger\\\/\",\"name\":\"FM Monitor 2018: Facility-Management wird IT-lastiger - Organisator\",\"isPartOf\":{\"@id\":\"https:\\\/\\\/www.organisator.ch\\\/#website\"},\"primaryImageOfPage\":{\"@id\":\"https:\\\/\\\/www.organisator.ch\\\/management\\\/2018-11-16\\\/fm-monitor-2018-facility-management-wird-it-lastiger\\\/#primaryimage\"},\"image\":{\"@id\":\"https:\\\/\\\/www.organisator.ch\\\/management\\\/2018-11-16\\\/fm-monitor-2018-facility-management-wird-it-lastiger\\\/#primaryimage\"},\"thumbnailUrl\":\"https:\\\/\\\/www.organisator.ch\\\/wp-content\\\/uploads\\\/2018\\\/11\\\/FM-Monitor-2018-Facility-Management-wird-IT-lastiger_Organisator.jpg\",\"datePublished\":\"2018-11-16T08:07:59+00:00\",\"description\":\"Wie viel kostet die Bewirtschaftung eines Quadratmeters im B\u00fcro? Antworten darauf liefert der FM Monitor, der dieses Jahr zum 17. Mal erstellt worden ist.\",\"breadcrumb\":{\"@id\":\"https:\\\/\\\/www.organisator.ch\\\/management\\\/2018-11-16\\\/fm-monitor-2018-facility-management-wird-it-lastiger\\\/#breadcrumb\"},\"inLanguage\":\"en-US\",\"potentialAction\":[{\"@type\":\"ReadAction\",\"target\":[\"https:\\\/\\\/www.organisator.ch\\\/management\\\/2018-11-16\\\/fm-monitor-2018-facility-management-wird-it-lastiger\\\/\"]}]},{\"@type\":\"ImageObject\",\"inLanguage\":\"en-US\",\"@id\":\"https:\\\/\\\/www.organisator.ch\\\/management\\\/2018-11-16\\\/fm-monitor-2018-facility-management-wird-it-lastiger\\\/#primaryimage\",\"url\":\"https:\\\/\\\/www.organisator.ch\\\/wp-content\\\/uploads\\\/2018\\\/11\\\/FM-Monitor-2018-Facility-Management-wird-IT-lastiger_Organisator.jpg\",\"contentUrl\":\"https:\\\/\\\/www.organisator.ch\\\/wp-content\\\/uploads\\\/2018\\\/11\\\/FM-Monitor-2018-Facility-Management-wird-IT-lastiger_Organisator.jpg\",\"width\":680,\"height\":444,\"caption\":\"Der FM Monitor stellt j\u00e4hrlich die wichtigsten Zahlen der Facility Management- Branche zusammen. (Bild: www.pom.ch)\"},{\"@type\":\"BreadcrumbList\",\"@id\":\"https:\\\/\\\/www.organisator.ch\\\/management\\\/2018-11-16\\\/fm-monitor-2018-facility-management-wird-it-lastiger\\\/#breadcrumb\",\"itemListElement\":[{\"@type\":\"ListItem\",\"position\":1,\"name\":\"Home\",\"item\":\"https:\\\/\\\/www.organisator.ch\\\/\"},{\"@type\":\"ListItem\",\"position\":2,\"name\":\"FM Monitor 2018: Facility-Management wird IT-lastiger\"}]},{\"@type\":\"WebSite\",\"@id\":\"https:\\\/\\\/www.organisator.ch\\\/#website\",\"url\":\"https:\\\/\\\/www.organisator.ch\\\/\",\"name\":\"Organisator\",\"description\":\"Kompetent. Praxisnah. Der ORGANISATOR bereitet in 10 Ausgaben pro Jahr die wesentlichen Themen f\u00fcr F\u00fchrungskr\u00e4fte von KMU auf.\",\"publisher\":{\"@id\":\"https:\\\/\\\/www.organisator.ch\\\/#organization\"},\"potentialAction\":[{\"@type\":\"SearchAction\",\"target\":{\"@type\":\"EntryPoint\",\"urlTemplate\":\"https:\\\/\\\/www.organisator.ch\\\/?s={search_term_string}\"},\"query-input\":{\"@type\":\"PropertyValueSpecification\",\"valueRequired\":true,\"valueName\":\"search_term_string\"}}],\"inLanguage\":\"en-US\"},{\"@type\":\"Organization\",\"@id\":\"https:\\\/\\\/www.organisator.ch\\\/#organization\",\"name\":\"Organisator\",\"url\":\"https:\\\/\\\/www.organisator.ch\\\/\",\"logo\":{\"@type\":\"ImageObject\",\"inLanguage\":\"en-US\",\"@id\":\"https:\\\/\\\/www.organisator.ch\\\/#\\\/schema\\\/logo\\\/image\\\/\",\"url\":\"https:\\\/\\\/www.organisator.ch\\\/wp-content\\\/uploads\\\/2022\\\/01\\\/Logo_Organisator_Website.png\",\"contentUrl\":\"https:\\\/\\\/www.organisator.ch\\\/wp-content\\\/uploads\\\/2022\\\/01\\\/Logo_Organisator_Website.png\",\"width\":800,\"height\":77,\"caption\":\"Organisator\"},\"image\":{\"@id\":\"https:\\\/\\\/www.organisator.ch\\\/#\\\/schema\\\/logo\\\/image\\\/\"},\"sameAs\":[\"https:\\\/\\\/www.facebook.com\\\/OrganisatorFachmagazin\",\"https:\\\/\\\/www.linkedin.com\\\/showcase\\\/organisator-das-magazin-fr-kmu\",\"https:\\\/\\\/www.xing.com\\\/news\\\/pages\\\/organisator-ch-695\",\"https:\\\/\\\/www.youtube.com\\\/channel\\\/UCGP2Sq0iWaZwT3BdIAQFYpw\"]},{\"@type\":\"Person\",\"@id\":\"https:\\\/\\\/www.organisator.ch\\\/#\\\/schema\\\/person\\\/dd8ffea01043c9c41d7718296a158fac\",\"name\":\"K4-Import\",\"image\":{\"@type\":\"ImageObject\",\"inLanguage\":\"en-US\",\"@id\":\"https:\\\/\\\/secure.gravatar.com\\\/avatar\\\/73620ab7215a54b074cc226514e02ed65cb79211bbaee1eb49b63b57e58aaad6?s=96&d=mm&r=g\",\"url\":\"https:\\\/\\\/secure.gravatar.com\\\/avatar\\\/73620ab7215a54b074cc226514e02ed65cb79211bbaee1eb49b63b57e58aaad6?s=96&d=mm&r=g\",\"contentUrl\":\"https:\\\/\\\/secure.gravatar.com\\\/avatar\\\/73620ab7215a54b074cc226514e02ed65cb79211bbaee1eb49b63b57e58aaad6?s=96&d=mm&r=g\",\"caption\":\"K4-Import\"},\"url\":\"https:\\\/\\\/www.organisator.ch\\\/en\\\/author\\\/k4-import\\\/\"}]}<\/script>\n<!-- \/ Yoast SEO plugin. -->","yoast_head_json":{"title":"FM Monitor 2018: Facility management is becoming more IT-heavy - Organizer","description":"How much does it cost to manage one square meter in the office? Answers to this question are provided by the FM Monitor, which was compiled for the 17th time this year.","robots":{"index":"index","follow":"follow","max-snippet":"max-snippet:-1","max-image-preview":"max-image-preview:large","max-video-preview":"max-video-preview:-1"},"canonical":"https:\/\/www.organisator.ch\/en\/management\/2018-11-16\/fm-monitor-2018-facility-management-wird-it-lastiger\/","og_locale":"en_US","og_type":"article","og_title":"FM Monitor 2018: Facility-Management wird IT-lastiger","og_description":"Wie viel kostet die Bewirtschaftung eines Quadratmeters im B\u00fcro? Antworten darauf liefert der FM Monitor, der dieses Jahr zum 17. Mal erstellt worden ist.","og_url":"https:\/\/www.organisator.ch\/en\/management\/2018-11-16\/fm-monitor-2018-facility-management-wird-it-lastiger\/","og_site_name":"Organisator","article_publisher":"https:\/\/www.facebook.com\/OrganisatorFachmagazin","article_published_time":"2018-11-16T08:07:59+00:00","og_image":[{"width":680,"height":444,"url":"https:\/\/www.organisator.ch\/wp-content\/uploads\/2018\/11\/FM-Monitor-2018-Facility-Management-wird-IT-lastiger_Organisator.jpg","type":"image\/jpeg"}],"author":"K4-Import","twitter_card":"summary_large_image","twitter_title":"FM Monitor 2018: Facility-Management wird IT-lastiger","twitter_description":"Wie viel kostet die Bewirtschaftung eines Quadratmeters im B\u00fcro? Antworten darauf liefert der FM Monitor, der dieses Jahr zum 17. Mal erstellt worden ist.","twitter_image":"https:\/\/www.organisator.ch\/wp-content\/uploads\/2018\/11\/FM-Monitor-2018-Facility-Management-wird-IT-lastiger_Organisator.jpg","schema":{"@context":"https:\/\/schema.org","@graph":[{"@type":"Article","@id":"https:\/\/www.organisator.ch\/management\/2018-11-16\/fm-monitor-2018-facility-management-wird-it-lastiger\/#article","isPartOf":{"@id":"https:\/\/www.organisator.ch\/management\/2018-11-16\/fm-monitor-2018-facility-management-wird-it-lastiger\/"},"author":{"name":"K4-Import","@id":"https:\/\/www.organisator.ch\/#\/schema\/person\/dd8ffea01043c9c41d7718296a158fac"},"headline":"FM Monitor 2018: Facility-Management wird IT-lastiger","datePublished":"2018-11-16T08:07:59+00:00","mainEntityOfPage":{"@id":"https:\/\/www.organisator.ch\/management\/2018-11-16\/fm-monitor-2018-facility-management-wird-it-lastiger\/"},"wordCount":563,"commentCount":1,"publisher":{"@id":"https:\/\/www.organisator.ch\/#organization"},"image":{"@id":"https:\/\/www.organisator.ch\/management\/2018-11-16\/fm-monitor-2018-facility-management-wird-it-lastiger\/#primaryimage"},"thumbnailUrl":"https:\/\/www.organisator.ch\/wp-content\/uploads\/2018\/11\/FM-Monitor-2018-Facility-Management-wird-IT-lastiger_Organisator.jpg","keywords":["Facility Management","M\u00e4rkte","Studie"],"articleSection":["MANAGEMENT"],"inLanguage":"en-US"},{"@type":"WebPage","@id":"https:\/\/www.organisator.ch\/management\/2018-11-16\/fm-monitor-2018-facility-management-wird-it-lastiger\/","url":"https:\/\/www.organisator.ch\/management\/2018-11-16\/fm-monitor-2018-facility-management-wird-it-lastiger\/","name":"FM Monitor 2018: Facility management is becoming more IT-heavy - Organizer","isPartOf":{"@id":"https:\/\/www.organisator.ch\/#website"},"primaryImageOfPage":{"@id":"https:\/\/www.organisator.ch\/management\/2018-11-16\/fm-monitor-2018-facility-management-wird-it-lastiger\/#primaryimage"},"image":{"@id":"https:\/\/www.organisator.ch\/management\/2018-11-16\/fm-monitor-2018-facility-management-wird-it-lastiger\/#primaryimage"},"thumbnailUrl":"https:\/\/www.organisator.ch\/wp-content\/uploads\/2018\/11\/FM-Monitor-2018-Facility-Management-wird-IT-lastiger_Organisator.jpg","datePublished":"2018-11-16T08:07:59+00:00","description":"How much does it cost to manage one square meter in the office? Answers to this question are provided by the FM Monitor, which was compiled for the 17th time this year.","breadcrumb":{"@id":"https:\/\/www.organisator.ch\/management\/2018-11-16\/fm-monitor-2018-facility-management-wird-it-lastiger\/#breadcrumb"},"inLanguage":"en-US","potentialAction":[{"@type":"ReadAction","target":["https:\/\/www.organisator.ch\/management\/2018-11-16\/fm-monitor-2018-facility-management-wird-it-lastiger\/"]}]},{"@type":"ImageObject","inLanguage":"en-US","@id":"https:\/\/www.organisator.ch\/management\/2018-11-16\/fm-monitor-2018-facility-management-wird-it-lastiger\/#primaryimage","url":"https:\/\/www.organisator.ch\/wp-content\/uploads\/2018\/11\/FM-Monitor-2018-Facility-Management-wird-IT-lastiger_Organisator.jpg","contentUrl":"https:\/\/www.organisator.ch\/wp-content\/uploads\/2018\/11\/FM-Monitor-2018-Facility-Management-wird-IT-lastiger_Organisator.jpg","width":680,"height":444,"caption":"Der FM Monitor stellt j\u00e4hrlich die wichtigsten Zahlen der Facility Management- Branche zusammen. (Bild: www.pom.ch)"},{"@type":"BreadcrumbList","@id":"https:\/\/www.organisator.ch\/management\/2018-11-16\/fm-monitor-2018-facility-management-wird-it-lastiger\/#breadcrumb","itemListElement":[{"@type":"ListItem","position":1,"name":"Home","item":"https:\/\/www.organisator.ch\/"},{"@type":"ListItem","position":2,"name":"FM Monitor 2018: Facility-Management wird IT-lastiger"}]},{"@type":"WebSite","@id":"https:\/\/www.organisator.ch\/#website","url":"https:\/\/www.organisator.ch\/","name":"Organizer","description":"Competent. Practical. In 10 issues per year, ORGANISATOR presents the essential topics for managers of SMEs.","publisher":{"@id":"https:\/\/www.organisator.ch\/#organization"},"potentialAction":[{"@type":"SearchAction","target":{"@type":"EntryPoint","urlTemplate":"https:\/\/www.organisator.ch\/?s={search_term_string}"},"query-input":{"@type":"PropertyValueSpecification","valueRequired":true,"valueName":"search_term_string"}}],"inLanguage":"en-US"},{"@type":"Organization","@id":"https:\/\/www.organisator.ch\/#organization","name":"Organizer","url":"https:\/\/www.organisator.ch\/","logo":{"@type":"ImageObject","inLanguage":"en-US","@id":"https:\/\/www.organisator.ch\/#\/schema\/logo\/image\/","url":"https:\/\/www.organisator.ch\/wp-content\/uploads\/2022\/01\/Logo_Organisator_Website.png","contentUrl":"https:\/\/www.organisator.ch\/wp-content\/uploads\/2022\/01\/Logo_Organisator_Website.png","width":800,"height":77,"caption":"Organisator"},"image":{"@id":"https:\/\/www.organisator.ch\/#\/schema\/logo\/image\/"},"sameAs":["https:\/\/www.facebook.com\/OrganisatorFachmagazin","https:\/\/www.linkedin.com\/showcase\/organisator-das-magazin-fr-kmu","https:\/\/www.xing.com\/news\/pages\/organisator-ch-695","https:\/\/www.youtube.com\/channel\/UCGP2Sq0iWaZwT3BdIAQFYpw"]},{"@type":"Person","@id":"https:\/\/www.organisator.ch\/#\/schema\/person\/dd8ffea01043c9c41d7718296a158fac","name":"K4 import","image":{"@type":"ImageObject","inLanguage":"en-US","@id":"https:\/\/secure.gravatar.com\/avatar\/73620ab7215a54b074cc226514e02ed65cb79211bbaee1eb49b63b57e58aaad6?s=96&d=mm&r=g","url":"https:\/\/secure.gravatar.com\/avatar\/73620ab7215a54b074cc226514e02ed65cb79211bbaee1eb49b63b57e58aaad6?s=96&d=mm&r=g","contentUrl":"https:\/\/secure.gravatar.com\/avatar\/73620ab7215a54b074cc226514e02ed65cb79211bbaee1eb49b63b57e58aaad6?s=96&d=mm&r=g","caption":"K4-Import"},"url":"https:\/\/www.organisator.ch\/en\/author\/k4-import\/"}]}},"_links":{"self":[{"href":"https:\/\/www.organisator.ch\/en\/wp-json\/wp\/v2\/posts\/4475","targetHints":{"allow":["GET"]}}],"collection":[{"href":"https:\/\/www.organisator.ch\/en\/wp-json\/wp\/v2\/posts"}],"about":[{"href":"https:\/\/www.organisator.ch\/en\/wp-json\/wp\/v2\/types\/post"}],"author":[{"embeddable":true,"href":"https:\/\/www.organisator.ch\/en\/wp-json\/wp\/v2\/users\/7"}],"replies":[{"embeddable":true,"href":"https:\/\/www.organisator.ch\/en\/wp-json\/wp\/v2\/comments?post=4475"}],"version-history":[{"count":0,"href":"https:\/\/www.organisator.ch\/en\/wp-json\/wp\/v2\/posts\/4475\/revisions"}],"wp:featuredmedia":[{"embeddable":true,"href":"https:\/\/www.organisator.ch\/en\/wp-json\/wp\/v2\/media\/4535"}],"wp:attachment":[{"href":"https:\/\/www.organisator.ch\/en\/wp-json\/wp\/v2\/media?parent=4475"}],"wp:term":[{"taxonomy":"category","embeddable":true,"href":"https:\/\/www.organisator.ch\/en\/wp-json\/wp\/v2\/categories?post=4475"},{"taxonomy":"post_tag","embeddable":true,"href":"https:\/\/www.organisator.ch\/en\/wp-json\/wp\/v2\/tags?post=4475"}],"curies":[{"name":"wp","href":"https:\/\/api.w.org\/{rel}","templated":true}]}}