{"id":4496,"date":"2018-11-08T16:19:21","date_gmt":"2018-11-08T15:19:21","guid":{"rendered":"https:\/\/www.organisator.ch\/?p=4496"},"modified":"2018-11-08T16:19:21","modified_gmt":"2018-11-08T15:19:21","slug":"export-award-2019-erfolgreiche-kmu-gesucht","status":"publish","type":"post","link":"https:\/\/www.organisator.ch\/en\/management\/2018-11-08\/export-award-2019-erfolgreiche-kmu-gesucht\/","title":{"rendered":"Export Award 2019: Successful SMEs wanted"},"content":{"rendered":"<figure id=\"attachment_4497\" aria-describedby=\"caption-attachment-4497\" style=\"width: 640px\" class=\"wp-caption alignnone\"><img loading=\"lazy\" decoding=\"async\" class=\"size-full wp-image-4497\" src=\"https:\/\/www.organisator.ch\/wp-content\/uploads\/2018\/11\/Export-Award-2019-Erfolgreiche-KMU-gesucht_Organisator.jpg\" alt=\"\" width=\"640\" height=\"427\" srcset=\"https:\/\/www.organisator.ch\/wp-content\/uploads\/2018\/11\/Export-Award-2019-Erfolgreiche-KMU-gesucht_Organisator.jpg 640w, https:\/\/www.organisator.ch\/wp-content\/uploads\/2018\/11\/Export-Award-2019-Erfolgreiche-KMU-gesucht_Organisator-16x12.jpg 16w, https:\/\/www.organisator.ch\/wp-content\/uploads\/2018\/11\/Export-Award-2019-Erfolgreiche-KMU-gesucht_Organisator-262x175.jpg 262w, https:\/\/www.organisator.ch\/wp-content\/uploads\/2018\/11\/Export-Award-2019-Erfolgreiche-KMU-gesucht_Organisator-525x350.jpg 525w, https:\/\/www.organisator.ch\/wp-content\/uploads\/2018\/11\/Export-Award-2019-Erfolgreiche-KMU-gesucht_Organisator-300x200.jpg 300w\" sizes=\"auto, (max-width: 640px) 100vw, 640px\" \/><figcaption id=\"caption-attachment-4497\" class=\"wp-caption-text\">Successful SMEs are once again being sought for the 2019 Export Award. (Image: Switzerland Global Enterprise)<\/figcaption><\/figure>\n<p>The Export Award recognizes internationally active companies whose internationalization strategy is convincing. The award will be presented on March 26, 2019 by Ruth Metzler-Arnold, President of the Board of Directors of Switzerland Global Enterprise, at the Foreign Trade Forum in Zurich.<\/p>\n<h2>Opportunity for SMEs<\/h2>\n<p>\"We are looking for Swiss companies that create sustainable value through a convincing link to the international value chain. We evaluate the quality, originality and persuasiveness of the internationalization strategy,\" explains jury president Ralph Siegl. The jury selects three finalists from all the applications. \"The Export Award offers SMEs the chance to get the public recognition they and their employees deserve. The award also creates prestige among customers and partners.\"<\/p>\n<p>The three finalists and the winner are selected by an independent jury. The jury is made up of personalities from the Swiss business, science and media worlds, and since 2018 has been chaired by Ralph Siegl, Managing Partner of Experts for Leaders AG.<\/p>\n<h2>Application until January 15, 2019<\/h2>\n<p>All Swiss and Liechtenstein companies that sell products or services internationally can now apply for the Export Award 2019. The application is simple and the fastest way is via <a href=\"http:\/\/newsletter.s-ge.com\/u\/nrd.php?p=s1cOxW09Ot_11_2639092_5_114&amp;ems_l=2519923&amp;d=TGluaytGbGllc3N0ZXh0%7CRV9NZWRpZW5taXR0ZWlsdW5nX0V4cG9ydF9Bd2FyZF8yMDE5X0RF%7CMjAxOA%3D%3D%7CMTE%3D%7CMDU%3D%7CMTQ%3D%7C\">Website<\/a> From S-GE. Closing date is January 15, 2019<\/p>\n<p>The three finalists can expect increased media attention and features in business, trade and regional press.<\/p>","protected":false},"excerpt":{"rendered":"<p>Mit dem Export Award\u00a0werden international t\u00e4tige Unternehmen gew\u00fcrdigt, die mit ihrer Internationalisierungsstrategie \u00fcberzeugen. Der\u00a0Preis wird am 26. M\u00e4rz 2019\u00a0von Ruth Metzler-Arnold, VR-Pr\u00e4sidentin von Switzerland Global Enterprise anl\u00e4sslich des Aussenwirtschaftsforums in Z\u00fcrich verliehen. Chance f\u00fcr KMU \u00abWir suchen Schweizer Unternehmen, die durch eine \u00fcberzeugende Anbindung an die internationale Wertsch\u00f6pfungskette nachhaltig Wert schaffen. Wir bewerten die Qualit\u00e4t, [&hellip;]<\/p>\n","protected":false},"author":4,"featured_media":4497,"comment_status":"open","ping_status":"open","sticky":false,"template":"","format":"standard","meta":{"_acf_changed":false,"_yoast_wpseo_focuskw":"Export Award 2019","_yoast_wpseo_metadesc":"Schweizer und Liechtensteiner Unternehmen k\u00f6nnen sich ab sofort f\u00fcr den Export Award 2019 bewerben. Anmeldeschluss ist der 15. Januar 2019.","articlekey":"","footnotes":""},"categories":[28],"tags":[66,189,340,492],"class_list":["post-4496","post","type-post","status-publish","format-standard","has-post-thumbnail","hentry","category-management","tag-awards","tag-export","tag-maerkte","tag-unternehmen"],"acf":[],"yoast_head":"<!-- This site is optimized with the Yoast SEO plugin v27.5 - https:\/\/yoast.com\/product\/yoast-seo-wordpress\/ -->\n<title>Export Award 2019: Erfolgreiche KMU gesucht - Organisator<\/title>\n<meta name=\"description\" content=\"Schweizer und Liechtensteiner Unternehmen k\u00f6nnen sich ab sofort f\u00fcr den Export Award 2019 bewerben. Anmeldeschluss ist der 15. Januar 2019.\" \/>\n<meta name=\"robots\" content=\"index, follow, max-snippet:-1, max-image-preview:large, max-video-preview:-1\" \/>\n<link rel=\"canonical\" href=\"https:\/\/www.organisator.ch\/en\/management\/2018-11-08\/export-award-2019-erfolgreiche-kmu-gesucht\/\" \/>\n<meta property=\"og:locale\" content=\"en_US\" \/>\n<meta property=\"og:type\" content=\"article\" \/>\n<meta property=\"og:title\" content=\"Export Award 2019: Erfolgreiche KMU gesucht\" \/>\n<meta property=\"og:description\" content=\"Schweizer und Liechtensteiner Unternehmen k\u00f6nnen sich ab sofort f\u00fcr den Export Award 2019 bewerben. Anmeldeschluss ist der 15. Januar 2019.\" \/>\n<meta property=\"og:url\" content=\"https:\/\/www.organisator.ch\/en\/management\/2018-11-08\/export-award-2019-erfolgreiche-kmu-gesucht\/\" \/>\n<meta property=\"og:site_name\" content=\"Organisator\" \/>\n<meta property=\"article:publisher\" content=\"https:\/\/www.facebook.com\/OrganisatorFachmagazin\" \/>\n<meta property=\"article:published_time\" content=\"2018-11-08T15:19:21+00:00\" \/>\n<meta property=\"og:image\" content=\"https:\/\/www.organisator.ch\/wp-content\/uploads\/2018\/11\/Export-Award-2019-Erfolgreiche-KMU-gesucht_Organisator.jpg\" \/>\n\t<meta property=\"og:image:width\" content=\"640\" \/>\n\t<meta property=\"og:image:height\" content=\"427\" \/>\n\t<meta property=\"og:image:type\" content=\"image\/jpeg\" \/>\n<meta name=\"author\" content=\"thomas.berner\" \/>\n<meta name=\"twitter:card\" content=\"summary_large_image\" \/>\n<meta name=\"twitter:title\" content=\"Export Award 2019: Erfolgreiche KMU gesucht\" \/>\n<meta name=\"twitter:description\" content=\"Schweizer und Liechtensteiner Unternehmen k\u00f6nnen sich ab sofort f\u00fcr den Export Award 2019 bewerben. Anmeldeschluss ist der 15. Januar 2019.\" \/>\n<meta name=\"twitter:image\" content=\"https:\/\/www.organisator.ch\/wp-content\/uploads\/2018\/11\/Export-Award-2019-Erfolgreiche-KMU-gesucht_Organisator.jpg\" \/>\n<script type=\"application\/ld+json\" class=\"yoast-schema-graph\">{\"@context\":\"https:\\\/\\\/schema.org\",\"@graph\":[{\"@type\":\"Article\",\"@id\":\"https:\\\/\\\/www.organisator.ch\\\/management\\\/2018-11-08\\\/export-award-2019-erfolgreiche-kmu-gesucht\\\/#article\",\"isPartOf\":{\"@id\":\"https:\\\/\\\/www.organisator.ch\\\/management\\\/2018-11-08\\\/export-award-2019-erfolgreiche-kmu-gesucht\\\/\"},\"author\":{\"name\":\"thomas.berner\",\"@id\":\"https:\\\/\\\/www.organisator.ch\\\/#\\\/schema\\\/person\\\/6f650f90b2842cd4c0cc334b4e36f67e\"},\"headline\":\"Export Award 2019: Erfolgreiche KMU gesucht\",\"datePublished\":\"2018-11-08T15:19:21+00:00\",\"mainEntityOfPage\":{\"@id\":\"https:\\\/\\\/www.organisator.ch\\\/management\\\/2018-11-08\\\/export-award-2019-erfolgreiche-kmu-gesucht\\\/\"},\"wordCount\":243,\"commentCount\":0,\"publisher\":{\"@id\":\"https:\\\/\\\/www.organisator.ch\\\/#organization\"},\"image\":{\"@id\":\"https:\\\/\\\/www.organisator.ch\\\/management\\\/2018-11-08\\\/export-award-2019-erfolgreiche-kmu-gesucht\\\/#primaryimage\"},\"thumbnailUrl\":\"https:\\\/\\\/www.organisator.ch\\\/wp-content\\\/uploads\\\/2018\\\/11\\\/Export-Award-2019-Erfolgreiche-KMU-gesucht_Organisator.jpg\",\"keywords\":[\"Awards\",\"Export\",\"M\u00e4rkte\",\"Unternehmen\"],\"articleSection\":[\"MANAGEMENT\"],\"inLanguage\":\"en-US\"},{\"@type\":\"WebPage\",\"@id\":\"https:\\\/\\\/www.organisator.ch\\\/management\\\/2018-11-08\\\/export-award-2019-erfolgreiche-kmu-gesucht\\\/\",\"url\":\"https:\\\/\\\/www.organisator.ch\\\/management\\\/2018-11-08\\\/export-award-2019-erfolgreiche-kmu-gesucht\\\/\",\"name\":\"Export Award 2019: Erfolgreiche KMU gesucht - Organisator\",\"isPartOf\":{\"@id\":\"https:\\\/\\\/www.organisator.ch\\\/#website\"},\"primaryImageOfPage\":{\"@id\":\"https:\\\/\\\/www.organisator.ch\\\/management\\\/2018-11-08\\\/export-award-2019-erfolgreiche-kmu-gesucht\\\/#primaryimage\"},\"image\":{\"@id\":\"https:\\\/\\\/www.organisator.ch\\\/management\\\/2018-11-08\\\/export-award-2019-erfolgreiche-kmu-gesucht\\\/#primaryimage\"},\"thumbnailUrl\":\"https:\\\/\\\/www.organisator.ch\\\/wp-content\\\/uploads\\\/2018\\\/11\\\/Export-Award-2019-Erfolgreiche-KMU-gesucht_Organisator.jpg\",\"datePublished\":\"2018-11-08T15:19:21+00:00\",\"description\":\"Schweizer und Liechtensteiner Unternehmen k\u00f6nnen sich ab sofort f\u00fcr den Export Award 2019 bewerben. Anmeldeschluss ist der 15. Januar 2019.\",\"breadcrumb\":{\"@id\":\"https:\\\/\\\/www.organisator.ch\\\/management\\\/2018-11-08\\\/export-award-2019-erfolgreiche-kmu-gesucht\\\/#breadcrumb\"},\"inLanguage\":\"en-US\",\"potentialAction\":[{\"@type\":\"ReadAction\",\"target\":[\"https:\\\/\\\/www.organisator.ch\\\/management\\\/2018-11-08\\\/export-award-2019-erfolgreiche-kmu-gesucht\\\/\"]}]},{\"@type\":\"ImageObject\",\"inLanguage\":\"en-US\",\"@id\":\"https:\\\/\\\/www.organisator.ch\\\/management\\\/2018-11-08\\\/export-award-2019-erfolgreiche-kmu-gesucht\\\/#primaryimage\",\"url\":\"https:\\\/\\\/www.organisator.ch\\\/wp-content\\\/uploads\\\/2018\\\/11\\\/Export-Award-2019-Erfolgreiche-KMU-gesucht_Organisator.jpg\",\"contentUrl\":\"https:\\\/\\\/www.organisator.ch\\\/wp-content\\\/uploads\\\/2018\\\/11\\\/Export-Award-2019-Erfolgreiche-KMU-gesucht_Organisator.jpg\",\"width\":640,\"height\":427,\"caption\":\"F\u00fcr den Export Award 2019 werden wiederum erfolgreiche KMU gesucht. (Bild: Switzerland Global Enterprise)\"},{\"@type\":\"BreadcrumbList\",\"@id\":\"https:\\\/\\\/www.organisator.ch\\\/management\\\/2018-11-08\\\/export-award-2019-erfolgreiche-kmu-gesucht\\\/#breadcrumb\",\"itemListElement\":[{\"@type\":\"ListItem\",\"position\":1,\"name\":\"Home\",\"item\":\"https:\\\/\\\/www.organisator.ch\\\/\"},{\"@type\":\"ListItem\",\"position\":2,\"name\":\"Export Award 2019: Erfolgreiche KMU gesucht\"}]},{\"@type\":\"WebSite\",\"@id\":\"https:\\\/\\\/www.organisator.ch\\\/#website\",\"url\":\"https:\\\/\\\/www.organisator.ch\\\/\",\"name\":\"Organisator\",\"description\":\"Kompetent. Praxisnah. Der ORGANISATOR bereitet in 10 Ausgaben pro Jahr die wesentlichen Themen f\u00fcr F\u00fchrungskr\u00e4fte von KMU auf.\",\"publisher\":{\"@id\":\"https:\\\/\\\/www.organisator.ch\\\/#organization\"},\"potentialAction\":[{\"@type\":\"SearchAction\",\"target\":{\"@type\":\"EntryPoint\",\"urlTemplate\":\"https:\\\/\\\/www.organisator.ch\\\/?s={search_term_string}\"},\"query-input\":{\"@type\":\"PropertyValueSpecification\",\"valueRequired\":true,\"valueName\":\"search_term_string\"}}],\"inLanguage\":\"en-US\"},{\"@type\":\"Organization\",\"@id\":\"https:\\\/\\\/www.organisator.ch\\\/#organization\",\"name\":\"Organisator\",\"url\":\"https:\\\/\\\/www.organisator.ch\\\/\",\"logo\":{\"@type\":\"ImageObject\",\"inLanguage\":\"en-US\",\"@id\":\"https:\\\/\\\/www.organisator.ch\\\/#\\\/schema\\\/logo\\\/image\\\/\",\"url\":\"https:\\\/\\\/www.organisator.ch\\\/wp-content\\\/uploads\\\/2022\\\/01\\\/Logo_Organisator_Website.png\",\"contentUrl\":\"https:\\\/\\\/www.organisator.ch\\\/wp-content\\\/uploads\\\/2022\\\/01\\\/Logo_Organisator_Website.png\",\"width\":800,\"height\":77,\"caption\":\"Organisator\"},\"image\":{\"@id\":\"https:\\\/\\\/www.organisator.ch\\\/#\\\/schema\\\/logo\\\/image\\\/\"},\"sameAs\":[\"https:\\\/\\\/www.facebook.com\\\/OrganisatorFachmagazin\",\"https:\\\/\\\/www.linkedin.com\\\/showcase\\\/organisator-das-magazin-fr-kmu\",\"https:\\\/\\\/www.xing.com\\\/news\\\/pages\\\/organisator-ch-695\",\"https:\\\/\\\/www.youtube.com\\\/channel\\\/UCGP2Sq0iWaZwT3BdIAQFYpw\"]},{\"@type\":\"Person\",\"@id\":\"https:\\\/\\\/www.organisator.ch\\\/#\\\/schema\\\/person\\\/6f650f90b2842cd4c0cc334b4e36f67e\",\"name\":\"thomas.berner\",\"image\":{\"@type\":\"ImageObject\",\"inLanguage\":\"en-US\",\"@id\":\"https:\\\/\\\/secure.gravatar.com\\\/avatar\\\/ac5001d2a36cb6c6cd3e50789007ffca834b477b74a2144564522e944eabff61?s=96&d=mm&r=g\",\"url\":\"https:\\\/\\\/secure.gravatar.com\\\/avatar\\\/ac5001d2a36cb6c6cd3e50789007ffca834b477b74a2144564522e944eabff61?s=96&d=mm&r=g\",\"contentUrl\":\"https:\\\/\\\/secure.gravatar.com\\\/avatar\\\/ac5001d2a36cb6c6cd3e50789007ffca834b477b74a2144564522e944eabff61?s=96&d=mm&r=g\",\"caption\":\"thomas.berner\"},\"url\":\"https:\\\/\\\/www.organisator.ch\\\/en\\\/author\\\/thomas-berner\\\/\"}]}<\/script>\n<!-- \/ Yoast SEO plugin. -->","yoast_head_json":{"title":"Export Award 2019: Successful SMEs wanted - Organizer","description":"Swiss and Liechtenstein companies can now apply for the Export Award 2019. The deadline for applications is January 15, 2019.","robots":{"index":"index","follow":"follow","max-snippet":"max-snippet:-1","max-image-preview":"max-image-preview:large","max-video-preview":"max-video-preview:-1"},"canonical":"https:\/\/www.organisator.ch\/en\/management\/2018-11-08\/export-award-2019-erfolgreiche-kmu-gesucht\/","og_locale":"en_US","og_type":"article","og_title":"Export Award 2019: Erfolgreiche KMU gesucht","og_description":"Schweizer und Liechtensteiner Unternehmen k\u00f6nnen sich ab sofort f\u00fcr den Export Award 2019 bewerben. Anmeldeschluss ist der 15. Januar 2019.","og_url":"https:\/\/www.organisator.ch\/en\/management\/2018-11-08\/export-award-2019-erfolgreiche-kmu-gesucht\/","og_site_name":"Organisator","article_publisher":"https:\/\/www.facebook.com\/OrganisatorFachmagazin","article_published_time":"2018-11-08T15:19:21+00:00","og_image":[{"width":640,"height":427,"url":"https:\/\/www.organisator.ch\/wp-content\/uploads\/2018\/11\/Export-Award-2019-Erfolgreiche-KMU-gesucht_Organisator.jpg","type":"image\/jpeg"}],"author":"thomas.berner","twitter_card":"summary_large_image","twitter_title":"Export Award 2019: Erfolgreiche KMU gesucht","twitter_description":"Schweizer und Liechtensteiner Unternehmen k\u00f6nnen sich ab sofort f\u00fcr den Export Award 2019 bewerben. Anmeldeschluss ist der 15. Januar 2019.","twitter_image":"https:\/\/www.organisator.ch\/wp-content\/uploads\/2018\/11\/Export-Award-2019-Erfolgreiche-KMU-gesucht_Organisator.jpg","schema":{"@context":"https:\/\/schema.org","@graph":[{"@type":"Article","@id":"https:\/\/www.organisator.ch\/management\/2018-11-08\/export-award-2019-erfolgreiche-kmu-gesucht\/#article","isPartOf":{"@id":"https:\/\/www.organisator.ch\/management\/2018-11-08\/export-award-2019-erfolgreiche-kmu-gesucht\/"},"author":{"name":"thomas.berner","@id":"https:\/\/www.organisator.ch\/#\/schema\/person\/6f650f90b2842cd4c0cc334b4e36f67e"},"headline":"Export Award 2019: Erfolgreiche KMU gesucht","datePublished":"2018-11-08T15:19:21+00:00","mainEntityOfPage":{"@id":"https:\/\/www.organisator.ch\/management\/2018-11-08\/export-award-2019-erfolgreiche-kmu-gesucht\/"},"wordCount":243,"commentCount":0,"publisher":{"@id":"https:\/\/www.organisator.ch\/#organization"},"image":{"@id":"https:\/\/www.organisator.ch\/management\/2018-11-08\/export-award-2019-erfolgreiche-kmu-gesucht\/#primaryimage"},"thumbnailUrl":"https:\/\/www.organisator.ch\/wp-content\/uploads\/2018\/11\/Export-Award-2019-Erfolgreiche-KMU-gesucht_Organisator.jpg","keywords":["Awards","Export","M\u00e4rkte","Unternehmen"],"articleSection":["MANAGEMENT"],"inLanguage":"en-US"},{"@type":"WebPage","@id":"https:\/\/www.organisator.ch\/management\/2018-11-08\/export-award-2019-erfolgreiche-kmu-gesucht\/","url":"https:\/\/www.organisator.ch\/management\/2018-11-08\/export-award-2019-erfolgreiche-kmu-gesucht\/","name":"Export Award 2019: Successful SMEs wanted - Organizer","isPartOf":{"@id":"https:\/\/www.organisator.ch\/#website"},"primaryImageOfPage":{"@id":"https:\/\/www.organisator.ch\/management\/2018-11-08\/export-award-2019-erfolgreiche-kmu-gesucht\/#primaryimage"},"image":{"@id":"https:\/\/www.organisator.ch\/management\/2018-11-08\/export-award-2019-erfolgreiche-kmu-gesucht\/#primaryimage"},"thumbnailUrl":"https:\/\/www.organisator.ch\/wp-content\/uploads\/2018\/11\/Export-Award-2019-Erfolgreiche-KMU-gesucht_Organisator.jpg","datePublished":"2018-11-08T15:19:21+00:00","description":"Swiss and Liechtenstein companies can now apply for the Export Award 2019. The deadline for applications is January 15, 2019.","breadcrumb":{"@id":"https:\/\/www.organisator.ch\/management\/2018-11-08\/export-award-2019-erfolgreiche-kmu-gesucht\/#breadcrumb"},"inLanguage":"en-US","potentialAction":[{"@type":"ReadAction","target":["https:\/\/www.organisator.ch\/management\/2018-11-08\/export-award-2019-erfolgreiche-kmu-gesucht\/"]}]},{"@type":"ImageObject","inLanguage":"en-US","@id":"https:\/\/www.organisator.ch\/management\/2018-11-08\/export-award-2019-erfolgreiche-kmu-gesucht\/#primaryimage","url":"https:\/\/www.organisator.ch\/wp-content\/uploads\/2018\/11\/Export-Award-2019-Erfolgreiche-KMU-gesucht_Organisator.jpg","contentUrl":"https:\/\/www.organisator.ch\/wp-content\/uploads\/2018\/11\/Export-Award-2019-Erfolgreiche-KMU-gesucht_Organisator.jpg","width":640,"height":427,"caption":"F\u00fcr den Export Award 2019 werden wiederum erfolgreiche KMU gesucht. (Bild: Switzerland Global Enterprise)"},{"@type":"BreadcrumbList","@id":"https:\/\/www.organisator.ch\/management\/2018-11-08\/export-award-2019-erfolgreiche-kmu-gesucht\/#breadcrumb","itemListElement":[{"@type":"ListItem","position":1,"name":"Home","item":"https:\/\/www.organisator.ch\/"},{"@type":"ListItem","position":2,"name":"Export Award 2019: Erfolgreiche KMU gesucht"}]},{"@type":"WebSite","@id":"https:\/\/www.organisator.ch\/#website","url":"https:\/\/www.organisator.ch\/","name":"Organizer","description":"Competent. Practical. In 10 issues per year, ORGANISATOR presents the essential topics for managers of SMEs.","publisher":{"@id":"https:\/\/www.organisator.ch\/#organization"},"potentialAction":[{"@type":"SearchAction","target":{"@type":"EntryPoint","urlTemplate":"https:\/\/www.organisator.ch\/?s={search_term_string}"},"query-input":{"@type":"PropertyValueSpecification","valueRequired":true,"valueName":"search_term_string"}}],"inLanguage":"en-US"},{"@type":"Organization","@id":"https:\/\/www.organisator.ch\/#organization","name":"Organizer","url":"https:\/\/www.organisator.ch\/","logo":{"@type":"ImageObject","inLanguage":"en-US","@id":"https:\/\/www.organisator.ch\/#\/schema\/logo\/image\/","url":"https:\/\/www.organisator.ch\/wp-content\/uploads\/2022\/01\/Logo_Organisator_Website.png","contentUrl":"https:\/\/www.organisator.ch\/wp-content\/uploads\/2022\/01\/Logo_Organisator_Website.png","width":800,"height":77,"caption":"Organisator"},"image":{"@id":"https:\/\/www.organisator.ch\/#\/schema\/logo\/image\/"},"sameAs":["https:\/\/www.facebook.com\/OrganisatorFachmagazin","https:\/\/www.linkedin.com\/showcase\/organisator-das-magazin-fr-kmu","https:\/\/www.xing.com\/news\/pages\/organisator-ch-695","https:\/\/www.youtube.com\/channel\/UCGP2Sq0iWaZwT3BdIAQFYpw"]},{"@type":"Person","@id":"https:\/\/www.organisator.ch\/#\/schema\/person\/6f650f90b2842cd4c0cc334b4e36f67e","name":"thomas.berner","image":{"@type":"ImageObject","inLanguage":"en-US","@id":"https:\/\/secure.gravatar.com\/avatar\/ac5001d2a36cb6c6cd3e50789007ffca834b477b74a2144564522e944eabff61?s=96&d=mm&r=g","url":"https:\/\/secure.gravatar.com\/avatar\/ac5001d2a36cb6c6cd3e50789007ffca834b477b74a2144564522e944eabff61?s=96&d=mm&r=g","contentUrl":"https:\/\/secure.gravatar.com\/avatar\/ac5001d2a36cb6c6cd3e50789007ffca834b477b74a2144564522e944eabff61?s=96&d=mm&r=g","caption":"thomas.berner"},"url":"https:\/\/www.organisator.ch\/en\/author\/thomas-berner\/"}]}},"_links":{"self":[{"href":"https:\/\/www.organisator.ch\/en\/wp-json\/wp\/v2\/posts\/4496","targetHints":{"allow":["GET"]}}],"collection":[{"href":"https:\/\/www.organisator.ch\/en\/wp-json\/wp\/v2\/posts"}],"about":[{"href":"https:\/\/www.organisator.ch\/en\/wp-json\/wp\/v2\/types\/post"}],"author":[{"embeddable":true,"href":"https:\/\/www.organisator.ch\/en\/wp-json\/wp\/v2\/users\/4"}],"replies":[{"embeddable":true,"href":"https:\/\/www.organisator.ch\/en\/wp-json\/wp\/v2\/comments?post=4496"}],"version-history":[{"count":0,"href":"https:\/\/www.organisator.ch\/en\/wp-json\/wp\/v2\/posts\/4496\/revisions"}],"wp:featuredmedia":[{"embeddable":true,"href":"https:\/\/www.organisator.ch\/en\/wp-json\/wp\/v2\/media\/4497"}],"wp:attachment":[{"href":"https:\/\/www.organisator.ch\/en\/wp-json\/wp\/v2\/media?parent=4496"}],"wp:term":[{"taxonomy":"category","embeddable":true,"href":"https:\/\/www.organisator.ch\/en\/wp-json\/wp\/v2\/categories?post=4496"},{"taxonomy":"post_tag","embeddable":true,"href":"https:\/\/www.organisator.ch\/en\/wp-json\/wp\/v2\/tags?post=4496"}],"curies":[{"name":"wp","href":"https:\/\/api.w.org\/{rel}","templated":true}]}}