{"id":450,"date":"2016-04-29T09:43:32","date_gmt":"2016-04-29T07:43:32","guid":{"rendered":"http:\/\/dev.organisator.ch\/?p=450"},"modified":"2016-04-29T09:43:32","modified_gmt":"2016-04-29T07:43:32","slug":"zuegig-agile-organisationen-aufbauen","status":"publish","type":"post","link":"https:\/\/www.organisator.ch\/en\/management\/2016-04-29\/zuegig-agile-organisationen-aufbauen\/","title":{"rendered":"Rapidly build agile organizations"},"content":{"rendered":"<figure id=\"attachment_451\" aria-describedby=\"caption-attachment-451\" style=\"width: 640px\" class=\"wp-caption alignnone\"><img loading=\"lazy\" decoding=\"async\" class=\"size-full wp-image-451\" src=\"https:\/\/www.organisator.ch\/wp-content\/uploads\/2016\/12\/Zuegig-agile-Organisationen-aufbauen-organisator.jpg\" alt=\"\" width=\"640\" height=\"337\" srcset=\"https:\/\/www.organisator.ch\/wp-content\/uploads\/2016\/12\/Zuegig-agile-Organisationen-aufbauen-organisator.jpg 640w, https:\/\/www.organisator.ch\/wp-content\/uploads\/2016\/12\/Zuegig-agile-Organisationen-aufbauen-organisator-16x8.jpg 16w, https:\/\/www.organisator.ch\/wp-content\/uploads\/2016\/12\/Zuegig-agile-Organisationen-aufbauen-organisator-332x175.jpg 332w, https:\/\/www.organisator.ch\/wp-content\/uploads\/2016\/12\/Zuegig-agile-Organisationen-aufbauen-organisator-300x158.jpg 300w\" sizes=\"auto, (max-width: 640px) 100vw, 640px\" \/><figcaption id=\"caption-attachment-451\" class=\"wp-caption-text\">Digital responsibility is attributed to the CEO and CIO, but not to the CDO.<\/figcaption><\/figure>\n<p>Answers are provided by a study conducted by the management consulting firm Detecon in cooperation with the digital association Bitkom. For this purpose, more than 200 leading IT and business decision-makers from large and medium-sized companies in German-speaking countries were surveyed. The empirical study determines how IT in these countries is likely to develop over the next ten years. On this basis, it provides a precise organizational target picture for a digital and agile company and makes concrete recommendations for action for operational implementation.<\/p>\n<p><strong>Digitization is a matter for the boss<\/strong><\/p>\n<p>More than 50 percent of the companies surveyed are already taking the topics of digitization and the Internet of Things (IoT) into account in the development and implementation of their business strategy, while only around 20 percent are not planning anything in this regard. The resulting relevance is also reflected in the responsibility: The vast majority continue to see overall responsibility for planning and implementing IoT projects with their CEO, and only partial responsibility with the CIO. The study thus contradicts the often postulated trend toward a company's own CDO (Chief Digital Officer).<\/p>\n<p><strong>More agile structures needed in the company<\/strong><\/p>\n<p>The study also shows that while over 80 percent of respondents consider agile structures to be important or very important for the digitization of a company, at the same time less than 25 percent of their own company is already working in agile structures. For the future, only a share of between 25 and 50 percent is expected here. \"This is all the more surprising as a stronger change in the direction of agile principles would have been expected, as companies will have to operate in two \"modes of operation\" in the future: They must continue to provide reliable performance in their core business, but also to develop customer-centric<\/p>\n<p>Innovative strength and speed as we know them from start-ups. And that is possible only with agile structures,\" says Carsten Glohr, Managing Partner at Detecon and expert for digitization strategies, evaluating the results of the study. Companies should therefore establish agility not only in the processes but also consistently in the organizational structure by forming networked and cross-departmental digital teams, advises Detecon.<\/p>\n<p><strong>Higher demand for qualified employees<\/strong><\/p>\n<p>According to the study participants, the IoT is not destroying jobs; on the contrary. The study shows: On the contrary, automation and digitization are generating considerable growth in the company's workforce. This is forecast at up to ten percent annually. In particular, there is an urgent need for \"digital competence,\" i.e., personnel who specialize in digitization. \"Entirely new job descriptions have emerged, such as 'big data analyst' or 'social media manager,'\" explains Carsten Glohr. \"The fact that almost 88 percent of companies want to meet the challenge of digitization primarily by building up skills in-house, i.e., by hiring permanent staff, supports this thesis.\"<\/p>\n<p><strong>Change in all business areas<\/strong><\/p>\n<p>Unsurprisingly, companies expect the strongest impact of digitization to come from their IT departments. Business units such as service, logistics and production, supported by cloud models and software as a service, are increasingly claiming sovereignty over IT for strategic reasons. According to the study, this development can currently be observed in the marketing environment with regard to product IT, for example. Nevertheless, the respondents are consistently in favor of a separate IT unit within the company. \"IT will move closer to all other business units, but will not merge with them,\" summarizes Glohr. \"That's why it's necessary for IT departments to develop a similarly deep understanding of the company's business and process requirements as already exists in the business departments.\"<\/p>\n<p><em>Source: <a href=\"http:\/\/www.detecon.com\/IoT\" target=\"_blank\" data-cke-saved-href=\"http:\/\/www.detecon.com\/IoT\" rel=\"noopener\">www.detecon.com\/IoT<\/a><\/em><\/p>","protected":false},"excerpt":{"rendered":"<p>Antworten liefert eine Studie der Managementberatung Detecon in Zusammenarbeit mit dem Digitalverband Bitkom. Dazu wurden mehr als 200 f\u00fchrende IT- und Business-Entscheider gro\u00dfer und mittelgro\u00dfer Unternehmen im deutschsprachigen Raum befragt. Die empirische Untersuchung ermittelt, wie sich die dortige IT in den n\u00e4chsten zehn Jahren voraussichtlich entwickeln wird. Auf dieser Basis liefert sie ein pr\u00e4zises Organisationszielbild [&hellip;]<\/p>\n","protected":false},"author":1,"featured_media":451,"comment_status":"open","ping_status":"open","sticky":false,"template":"","format":"standard","meta":{"_acf_changed":false,"_yoast_wpseo_focuskw":"Agile Organisationen","_yoast_wpseo_metadesc":"Unternehmen m\u00fcssen sofort handeln und agiler werden, um wettbewerbsf\u00e4hig zu bleiben.","articlekey":"","footnotes":""},"categories":[28],"tags":[334,335],"class_list":["post-450","post","type-post","status-publish","format-standard","has-post-thumbnail","hentry","category-management","tag-management","tag-management-und-unternehmensfuehrung"],"acf":[],"yoast_head":"<!-- This site is optimized with the Yoast SEO plugin v27.4 - https:\/\/yoast.com\/product\/yoast-seo-wordpress\/ -->\n<title>Z\u00fcgig agile Organisationen aufbauen - Organisator<\/title>\n<meta name=\"description\" content=\"Unternehmen m\u00fcssen sofort handeln und agiler werden, um wettbewerbsf\u00e4hig zu bleiben.\" \/>\n<meta name=\"robots\" content=\"index, follow, max-snippet:-1, max-image-preview:large, max-video-preview:-1\" \/>\n<link rel=\"canonical\" href=\"https:\/\/www.organisator.ch\/en\/management\/2016-04-29\/zuegig-agile-organisationen-aufbauen\/\" \/>\n<meta property=\"og:locale\" content=\"en_US\" \/>\n<meta property=\"og:type\" content=\"article\" \/>\n<meta property=\"og:title\" content=\"Z\u00fcgig agile Organisationen aufbauen\" \/>\n<meta property=\"og:description\" content=\"Unternehmen m\u00fcssen sofort handeln und agiler werden, um wettbewerbsf\u00e4hig zu bleiben. Daf\u00fcr ist Digitalisierungskompetenz gefragt \u2013 doch wie bauen Firmen diese auf? Was ist ihre Strategie, wer ist daf\u00fcr verantwortlich und welche neuen Strukturen sind dazu n\u00f6tig? Und kostet die Digitalisierung Arbeitspl\u00e4tze im Unternehmen oder schafft sie neue?\" \/>\n<meta property=\"og:url\" content=\"https:\/\/www.organisator.ch\/en\/management\/2016-04-29\/zuegig-agile-organisationen-aufbauen\/\" \/>\n<meta property=\"og:site_name\" content=\"Organisator\" \/>\n<meta property=\"article:publisher\" content=\"https:\/\/www.facebook.com\/OrganisatorFachmagazin\" \/>\n<meta property=\"article:published_time\" content=\"2016-04-29T07:43:32+00:00\" \/>\n<meta name=\"author\" content=\"admin\" \/>\n<meta name=\"twitter:card\" content=\"summary_large_image\" \/>\n<meta name=\"twitter:image\" content=\"https:\/\/www.organisator.ch\/wp-content\/uploads\/2016\/12\/Zuegig-agile-Organisationen-aufbauen-organisator.jpg\" \/>\n<script type=\"application\/ld+json\" class=\"yoast-schema-graph\">{\"@context\":\"https:\\\/\\\/schema.org\",\"@graph\":[{\"@type\":\"Article\",\"@id\":\"https:\\\/\\\/www.organisator.ch\\\/management\\\/2016-04-29\\\/zuegig-agile-organisationen-aufbauen\\\/#article\",\"isPartOf\":{\"@id\":\"https:\\\/\\\/www.organisator.ch\\\/management\\\/2016-04-29\\\/zuegig-agile-organisationen-aufbauen\\\/\"},\"author\":{\"name\":\"admin\",\"@id\":\"https:\\\/\\\/www.organisator.ch\\\/#\\\/schema\\\/person\\\/aa2bace6c5c5aad60102004a50c4eb1c\"},\"headline\":\"Z\u00fcgig agile Organisationen aufbauen\",\"datePublished\":\"2016-04-29T07:43:32+00:00\",\"mainEntityOfPage\":{\"@id\":\"https:\\\/\\\/www.organisator.ch\\\/management\\\/2016-04-29\\\/zuegig-agile-organisationen-aufbauen\\\/\"},\"wordCount\":581,\"commentCount\":0,\"publisher\":{\"@id\":\"https:\\\/\\\/www.organisator.ch\\\/#organization\"},\"image\":{\"@id\":\"https:\\\/\\\/www.organisator.ch\\\/management\\\/2016-04-29\\\/zuegig-agile-organisationen-aufbauen\\\/#primaryimage\"},\"thumbnailUrl\":\"https:\\\/\\\/www.organisator.ch\\\/wp-content\\\/uploads\\\/2016\\\/12\\\/Zuegig-agile-Organisationen-aufbauen-organisator.jpg\",\"keywords\":[\"Management\",\"Management und Unternehmensf\u00fchrung\"],\"articleSection\":[\"MANAGEMENT\"],\"inLanguage\":\"en-US\"},{\"@type\":\"WebPage\",\"@id\":\"https:\\\/\\\/www.organisator.ch\\\/management\\\/2016-04-29\\\/zuegig-agile-organisationen-aufbauen\\\/\",\"url\":\"https:\\\/\\\/www.organisator.ch\\\/management\\\/2016-04-29\\\/zuegig-agile-organisationen-aufbauen\\\/\",\"name\":\"Z\u00fcgig agile Organisationen aufbauen - Organisator\",\"isPartOf\":{\"@id\":\"https:\\\/\\\/www.organisator.ch\\\/#website\"},\"primaryImageOfPage\":{\"@id\":\"https:\\\/\\\/www.organisator.ch\\\/management\\\/2016-04-29\\\/zuegig-agile-organisationen-aufbauen\\\/#primaryimage\"},\"image\":{\"@id\":\"https:\\\/\\\/www.organisator.ch\\\/management\\\/2016-04-29\\\/zuegig-agile-organisationen-aufbauen\\\/#primaryimage\"},\"thumbnailUrl\":\"https:\\\/\\\/www.organisator.ch\\\/wp-content\\\/uploads\\\/2016\\\/12\\\/Zuegig-agile-Organisationen-aufbauen-organisator.jpg\",\"datePublished\":\"2016-04-29T07:43:32+00:00\",\"description\":\"Unternehmen m\u00fcssen sofort handeln und agiler werden, um wettbewerbsf\u00e4hig zu bleiben.\",\"breadcrumb\":{\"@id\":\"https:\\\/\\\/www.organisator.ch\\\/management\\\/2016-04-29\\\/zuegig-agile-organisationen-aufbauen\\\/#breadcrumb\"},\"inLanguage\":\"en-US\",\"potentialAction\":[{\"@type\":\"ReadAction\",\"target\":[\"https:\\\/\\\/www.organisator.ch\\\/management\\\/2016-04-29\\\/zuegig-agile-organisationen-aufbauen\\\/\"]}]},{\"@type\":\"ImageObject\",\"inLanguage\":\"en-US\",\"@id\":\"https:\\\/\\\/www.organisator.ch\\\/management\\\/2016-04-29\\\/zuegig-agile-organisationen-aufbauen\\\/#primaryimage\",\"url\":\"https:\\\/\\\/www.organisator.ch\\\/wp-content\\\/uploads\\\/2016\\\/12\\\/Zuegig-agile-Organisationen-aufbauen-organisator.jpg\",\"contentUrl\":\"https:\\\/\\\/www.organisator.ch\\\/wp-content\\\/uploads\\\/2016\\\/12\\\/Zuegig-agile-Organisationen-aufbauen-organisator.jpg\",\"width\":640,\"height\":337,\"caption\":\"Die digitale Verantwortung wird CEO und CIO, aber nicht dem CDO zugeschrieben.\"},{\"@type\":\"BreadcrumbList\",\"@id\":\"https:\\\/\\\/www.organisator.ch\\\/management\\\/2016-04-29\\\/zuegig-agile-organisationen-aufbauen\\\/#breadcrumb\",\"itemListElement\":[{\"@type\":\"ListItem\",\"position\":1,\"name\":\"Home\",\"item\":\"https:\\\/\\\/www.organisator.ch\\\/\"},{\"@type\":\"ListItem\",\"position\":2,\"name\":\"Z\u00fcgig agile Organisationen aufbauen\"}]},{\"@type\":\"WebSite\",\"@id\":\"https:\\\/\\\/www.organisator.ch\\\/#website\",\"url\":\"https:\\\/\\\/www.organisator.ch\\\/\",\"name\":\"Organisator\",\"description\":\"Kompetent. Praxisnah. Der ORGANISATOR bereitet in 10 Ausgaben pro Jahr die wesentlichen Themen f\u00fcr F\u00fchrungskr\u00e4fte von KMU auf.\",\"publisher\":{\"@id\":\"https:\\\/\\\/www.organisator.ch\\\/#organization\"},\"potentialAction\":[{\"@type\":\"SearchAction\",\"target\":{\"@type\":\"EntryPoint\",\"urlTemplate\":\"https:\\\/\\\/www.organisator.ch\\\/?s={search_term_string}\"},\"query-input\":{\"@type\":\"PropertyValueSpecification\",\"valueRequired\":true,\"valueName\":\"search_term_string\"}}],\"inLanguage\":\"en-US\"},{\"@type\":\"Organization\",\"@id\":\"https:\\\/\\\/www.organisator.ch\\\/#organization\",\"name\":\"Organisator\",\"url\":\"https:\\\/\\\/www.organisator.ch\\\/\",\"logo\":{\"@type\":\"ImageObject\",\"inLanguage\":\"en-US\",\"@id\":\"https:\\\/\\\/www.organisator.ch\\\/#\\\/schema\\\/logo\\\/image\\\/\",\"url\":\"https:\\\/\\\/www.organisator.ch\\\/wp-content\\\/uploads\\\/2022\\\/01\\\/Logo_Organisator_Website.png\",\"contentUrl\":\"https:\\\/\\\/www.organisator.ch\\\/wp-content\\\/uploads\\\/2022\\\/01\\\/Logo_Organisator_Website.png\",\"width\":800,\"height\":77,\"caption\":\"Organisator\"},\"image\":{\"@id\":\"https:\\\/\\\/www.organisator.ch\\\/#\\\/schema\\\/logo\\\/image\\\/\"},\"sameAs\":[\"https:\\\/\\\/www.facebook.com\\\/OrganisatorFachmagazin\",\"https:\\\/\\\/www.linkedin.com\\\/showcase\\\/organisator-das-magazin-fr-kmu\",\"https:\\\/\\\/www.xing.com\\\/news\\\/pages\\\/organisator-ch-695\",\"https:\\\/\\\/www.youtube.com\\\/channel\\\/UCGP2Sq0iWaZwT3BdIAQFYpw\"]},{\"@type\":\"Person\",\"@id\":\"https:\\\/\\\/www.organisator.ch\\\/#\\\/schema\\\/person\\\/aa2bace6c5c5aad60102004a50c4eb1c\",\"name\":\"admin\",\"image\":{\"@type\":\"ImageObject\",\"inLanguage\":\"en-US\",\"@id\":\"https:\\\/\\\/secure.gravatar.com\\\/avatar\\\/ae2f4d718e6c49043e314ce431e7e645d646302a24a5ef5a8bc8e3f5a032e319?s=96&d=mm&r=g\",\"url\":\"https:\\\/\\\/secure.gravatar.com\\\/avatar\\\/ae2f4d718e6c49043e314ce431e7e645d646302a24a5ef5a8bc8e3f5a032e319?s=96&d=mm&r=g\",\"contentUrl\":\"https:\\\/\\\/secure.gravatar.com\\\/avatar\\\/ae2f4d718e6c49043e314ce431e7e645d646302a24a5ef5a8bc8e3f5a032e319?s=96&d=mm&r=g\",\"caption\":\"admin\"},\"sameAs\":[\"https:\\\/\\\/www.organisator.ch\"],\"url\":\"https:\\\/\\\/www.organisator.ch\\\/en\\\/author\\\/admin\\\/\"}]}<\/script>\n<!-- \/ Yoast SEO plugin. -->","yoast_head_json":{"title":"Rapidly build agile organizations - Organizer","description":"Companies need to act now and become more agile to remain competitive.","robots":{"index":"index","follow":"follow","max-snippet":"max-snippet:-1","max-image-preview":"max-image-preview:large","max-video-preview":"max-video-preview:-1"},"canonical":"https:\/\/www.organisator.ch\/en\/management\/2016-04-29\/zuegig-agile-organisationen-aufbauen\/","og_locale":"en_US","og_type":"article","og_title":"Z\u00fcgig agile Organisationen aufbauen","og_description":"Unternehmen m\u00fcssen sofort handeln und agiler werden, um wettbewerbsf\u00e4hig zu bleiben. Daf\u00fcr ist Digitalisierungskompetenz gefragt \u2013 doch wie bauen Firmen diese auf? Was ist ihre Strategie, wer ist daf\u00fcr verantwortlich und welche neuen Strukturen sind dazu n\u00f6tig? Und kostet die Digitalisierung Arbeitspl\u00e4tze im Unternehmen oder schafft sie neue?","og_url":"https:\/\/www.organisator.ch\/en\/management\/2016-04-29\/zuegig-agile-organisationen-aufbauen\/","og_site_name":"Organisator","article_publisher":"https:\/\/www.facebook.com\/OrganisatorFachmagazin","article_published_time":"2016-04-29T07:43:32+00:00","author":"admin","twitter_card":"summary_large_image","twitter_image":"https:\/\/www.organisator.ch\/wp-content\/uploads\/2016\/12\/Zuegig-agile-Organisationen-aufbauen-organisator.jpg","schema":{"@context":"https:\/\/schema.org","@graph":[{"@type":"Article","@id":"https:\/\/www.organisator.ch\/management\/2016-04-29\/zuegig-agile-organisationen-aufbauen\/#article","isPartOf":{"@id":"https:\/\/www.organisator.ch\/management\/2016-04-29\/zuegig-agile-organisationen-aufbauen\/"},"author":{"name":"admin","@id":"https:\/\/www.organisator.ch\/#\/schema\/person\/aa2bace6c5c5aad60102004a50c4eb1c"},"headline":"Z\u00fcgig agile Organisationen aufbauen","datePublished":"2016-04-29T07:43:32+00:00","mainEntityOfPage":{"@id":"https:\/\/www.organisator.ch\/management\/2016-04-29\/zuegig-agile-organisationen-aufbauen\/"},"wordCount":581,"commentCount":0,"publisher":{"@id":"https:\/\/www.organisator.ch\/#organization"},"image":{"@id":"https:\/\/www.organisator.ch\/management\/2016-04-29\/zuegig-agile-organisationen-aufbauen\/#primaryimage"},"thumbnailUrl":"https:\/\/www.organisator.ch\/wp-content\/uploads\/2016\/12\/Zuegig-agile-Organisationen-aufbauen-organisator.jpg","keywords":["Management","Management und Unternehmensf\u00fchrung"],"articleSection":["MANAGEMENT"],"inLanguage":"en-US"},{"@type":"WebPage","@id":"https:\/\/www.organisator.ch\/management\/2016-04-29\/zuegig-agile-organisationen-aufbauen\/","url":"https:\/\/www.organisator.ch\/management\/2016-04-29\/zuegig-agile-organisationen-aufbauen\/","name":"Rapidly build agile organizations - Organizer","isPartOf":{"@id":"https:\/\/www.organisator.ch\/#website"},"primaryImageOfPage":{"@id":"https:\/\/www.organisator.ch\/management\/2016-04-29\/zuegig-agile-organisationen-aufbauen\/#primaryimage"},"image":{"@id":"https:\/\/www.organisator.ch\/management\/2016-04-29\/zuegig-agile-organisationen-aufbauen\/#primaryimage"},"thumbnailUrl":"https:\/\/www.organisator.ch\/wp-content\/uploads\/2016\/12\/Zuegig-agile-Organisationen-aufbauen-organisator.jpg","datePublished":"2016-04-29T07:43:32+00:00","description":"Companies need to act now and become more agile to remain competitive.","breadcrumb":{"@id":"https:\/\/www.organisator.ch\/management\/2016-04-29\/zuegig-agile-organisationen-aufbauen\/#breadcrumb"},"inLanguage":"en-US","potentialAction":[{"@type":"ReadAction","target":["https:\/\/www.organisator.ch\/management\/2016-04-29\/zuegig-agile-organisationen-aufbauen\/"]}]},{"@type":"ImageObject","inLanguage":"en-US","@id":"https:\/\/www.organisator.ch\/management\/2016-04-29\/zuegig-agile-organisationen-aufbauen\/#primaryimage","url":"https:\/\/www.organisator.ch\/wp-content\/uploads\/2016\/12\/Zuegig-agile-Organisationen-aufbauen-organisator.jpg","contentUrl":"https:\/\/www.organisator.ch\/wp-content\/uploads\/2016\/12\/Zuegig-agile-Organisationen-aufbauen-organisator.jpg","width":640,"height":337,"caption":"Die digitale Verantwortung wird CEO und CIO, aber nicht dem CDO zugeschrieben."},{"@type":"BreadcrumbList","@id":"https:\/\/www.organisator.ch\/management\/2016-04-29\/zuegig-agile-organisationen-aufbauen\/#breadcrumb","itemListElement":[{"@type":"ListItem","position":1,"name":"Home","item":"https:\/\/www.organisator.ch\/"},{"@type":"ListItem","position":2,"name":"Z\u00fcgig agile Organisationen aufbauen"}]},{"@type":"WebSite","@id":"https:\/\/www.organisator.ch\/#website","url":"https:\/\/www.organisator.ch\/","name":"Organizer","description":"Competent. Practical. In 10 issues per year, ORGANISATOR presents the essential topics for managers of SMEs.","publisher":{"@id":"https:\/\/www.organisator.ch\/#organization"},"potentialAction":[{"@type":"SearchAction","target":{"@type":"EntryPoint","urlTemplate":"https:\/\/www.organisator.ch\/?s={search_term_string}"},"query-input":{"@type":"PropertyValueSpecification","valueRequired":true,"valueName":"search_term_string"}}],"inLanguage":"en-US"},{"@type":"Organization","@id":"https:\/\/www.organisator.ch\/#organization","name":"Organizer","url":"https:\/\/www.organisator.ch\/","logo":{"@type":"ImageObject","inLanguage":"en-US","@id":"https:\/\/www.organisator.ch\/#\/schema\/logo\/image\/","url":"https:\/\/www.organisator.ch\/wp-content\/uploads\/2022\/01\/Logo_Organisator_Website.png","contentUrl":"https:\/\/www.organisator.ch\/wp-content\/uploads\/2022\/01\/Logo_Organisator_Website.png","width":800,"height":77,"caption":"Organisator"},"image":{"@id":"https:\/\/www.organisator.ch\/#\/schema\/logo\/image\/"},"sameAs":["https:\/\/www.facebook.com\/OrganisatorFachmagazin","https:\/\/www.linkedin.com\/showcase\/organisator-das-magazin-fr-kmu","https:\/\/www.xing.com\/news\/pages\/organisator-ch-695","https:\/\/www.youtube.com\/channel\/UCGP2Sq0iWaZwT3BdIAQFYpw"]},{"@type":"Person","@id":"https:\/\/www.organisator.ch\/#\/schema\/person\/aa2bace6c5c5aad60102004a50c4eb1c","name":"admin","image":{"@type":"ImageObject","inLanguage":"en-US","@id":"https:\/\/secure.gravatar.com\/avatar\/ae2f4d718e6c49043e314ce431e7e645d646302a24a5ef5a8bc8e3f5a032e319?s=96&d=mm&r=g","url":"https:\/\/secure.gravatar.com\/avatar\/ae2f4d718e6c49043e314ce431e7e645d646302a24a5ef5a8bc8e3f5a032e319?s=96&d=mm&r=g","contentUrl":"https:\/\/secure.gravatar.com\/avatar\/ae2f4d718e6c49043e314ce431e7e645d646302a24a5ef5a8bc8e3f5a032e319?s=96&d=mm&r=g","caption":"admin"},"sameAs":["https:\/\/www.organisator.ch"],"url":"https:\/\/www.organisator.ch\/en\/author\/admin\/"}]}},"_links":{"self":[{"href":"https:\/\/www.organisator.ch\/en\/wp-json\/wp\/v2\/posts\/450","targetHints":{"allow":["GET"]}}],"collection":[{"href":"https:\/\/www.organisator.ch\/en\/wp-json\/wp\/v2\/posts"}],"about":[{"href":"https:\/\/www.organisator.ch\/en\/wp-json\/wp\/v2\/types\/post"}],"author":[{"embeddable":true,"href":"https:\/\/www.organisator.ch\/en\/wp-json\/wp\/v2\/users\/1"}],"replies":[{"embeddable":true,"href":"https:\/\/www.organisator.ch\/en\/wp-json\/wp\/v2\/comments?post=450"}],"version-history":[{"count":0,"href":"https:\/\/www.organisator.ch\/en\/wp-json\/wp\/v2\/posts\/450\/revisions"}],"wp:featuredmedia":[{"embeddable":true,"href":"https:\/\/www.organisator.ch\/en\/wp-json\/wp\/v2\/media\/451"}],"wp:attachment":[{"href":"https:\/\/www.organisator.ch\/en\/wp-json\/wp\/v2\/media?parent=450"}],"wp:term":[{"taxonomy":"category","embeddable":true,"href":"https:\/\/www.organisator.ch\/en\/wp-json\/wp\/v2\/categories?post=450"},{"taxonomy":"post_tag","embeddable":true,"href":"https:\/\/www.organisator.ch\/en\/wp-json\/wp\/v2\/tags?post=450"}],"curies":[{"name":"wp","href":"https:\/\/api.w.org\/{rel}","templated":true}]}}