{"id":4515,"date":"2021-07-08T08:03:45","date_gmt":"2021-07-08T06:03:45","guid":{"rendered":"https:\/\/www.umweltperspektiven.ch\/?p=4515"},"modified":"2022-02-09T11:09:52","modified_gmt":"2022-02-09T10:09:52","slug":"wie-schweizer-industriefirmen-die-co2-herausforderungen-meistern-koennen","status":"publish","type":"post","link":"https:\/\/www.organisator.ch\/en\/sustainability\/2021-07-08\/wie-schweizer-industriefirmen-die-co2-herausforderungen-meistern-koennen\/","title":{"rendered":"How Swiss industrial companies can master decarbonization"},"content":{"rendered":"<div>\n<figure id=\"attachment_4517\" aria-describedby=\"caption-attachment-4517\" style=\"width: 680px\" class=\"wp-caption aligncenter\"><img loading=\"lazy\" decoding=\"async\" class=\"size-medium wp-image-4517\" src=\"\/\/www.umweltperspektiven.ch\/wp-content\/uploads\/2021\/07\/Depositphotos_311501584_s-2019.jpg\" alt=\"\" width=\"680\" height=\"362\" \/><figcaption id=\"caption-attachment-4517\" class=\"wp-caption-text\">\u00a9 Depositphotos, oraziopuccio<\/figcaption><\/figure>\n<\/div>\n<section class=\"Intro Press Release container\" data-partialxcmsid=\"\">\n<div class=\"row IntroText\">\n<div class=\"col col-xs-12 col-sm-12 col-md-8 hidden-xs\">\n<div><\/div>\n<div class=\"IntroText\">\n<p>The decarbonization of the economy and society poses enormous challenges for Swiss industry. An important driver of this change is the policy required by the Paris Agreement at global and also national level. It is already apparent that the fundamentals of the energy industry will be affected. All companies, especially those in the commercial and industrial sectors, must prepare for these changes.<\/p>\n<\/div>\n<h2>Risks are continuously increasing<\/h2>\n<\/div>\n<\/div>\n<\/section>\n<section class=\"container Row\" data-partialxcmsid=\"\">\n<div class=\"row withcols\">\n<div class=\"Box box col-xs-12 col-sm-12 col-md-12 leftBox\" data-image=\"1\" data-child=\"2\" data-interaction=\"false\" data-pos=\"1\" data-maxlength=\"2\" data-mod=\"1\">\n<div class=\"row\">\n<div class=\"col-xs-12 col-sm-8 col-md-8 caption\">\n<div class=\"f-text\">\n<p>Siemens Schweiz AG supports the federal government's energy strategy and sees itself as a pioneer for the implementation of an effective climate policy in the country of Switzerland, the company writes. In addition to the climate policy aspects, the decentralization of the energy system and digitization are two other cornerstones that are helping to reshape the energy landscape. At the same time, they would make decarbonization technically possible in the first place. This change and the altered framework conditions would result in an urgent need for action for all companies. Those in charge of industrial companies also need to develop strategies and take measures to reduce potential risks, according to Siemens.<\/p>\n<p>A white paper prepared in collaboration with Swisscleantech and the consulting firm Delta-EE shows that the risks for companies that miss the opportunity to decarbonize are continuously increasing. With appropriate measures, however, the risks can be significantly reduced. On the other hand, decarbonization offers great opportunities that go beyond long-term financial savings: A better brand image, customer preference over competitors and attractiveness for investors are some of the advantages for companies that come with decarbonization.<\/p>\n<p>The individual strategies vary from company to company, but would generally include concrete measures on the part of management, both in terms of energy consumption and energy supply, their own business operations, products and suppliers. The expert support provided by specialized companies is invaluable. They help managers prioritize the right measures throughout the company. Timely decarbonization ensures long-term profitability.<\/p>\n<p>The recommendations for action listed in the white paper range from tips for communicating with employees to defining the most important focus topics in connection with CO2 reduction in the company, as the technology company writes. The first step in implementation is to draw up a complete balance sheet of emissions. From this, a cost-optimal path to decarbonization can be derived.\u00a0 <em>(Source: Siemens)<\/em><\/p>\n<p><em>The 26-page whitepaper is based on market surveys and expert opinions and can be downloaded here:\u00a0<b><a href=\"https:\/\/new.siemens.com\/ch\/de\/unternehmen\/themenfelder\/dekarbonisierung\/whitepaper.html\" target=\"_blank\" rel=\"noopener\" data-href=\"\/\/new.siemens.com\/ch\/de\/unternehmen\/themenfelder\/dekarbonisierung\/whitepaper.html\">Download Whitepaper<\/a><\/b><\/em><\/p>\n<\/div>\n<\/div>\n<\/div>\n<\/div>\n<\/div>\n<\/section>","protected":false},"excerpt":{"rendered":"<p>Die Dekarbonisierung von Wirtschaft und Gesellschaft stellt die Schweizer Industrie vor enorme Herausforderungen. Ein wichtiger Treiber dieses Wandels ist die Politik, die durch das Pariser Abkommen auf globaler und auch nationaler Ebene gefordert wird. Bereits heute zeigt sich, dass die Grundlagen der Energiewirtschaft betroffen sind. Alle Unternehmen, insbesondere jene des gewerblichen und industriellen Sektors, m\u00fcssen [&hellip;]<\/p>\n","protected":false},"author":6,"featured_media":9817,"comment_status":"closed","ping_status":"closed","sticky":false,"template":"","format":"standard","meta":{"_acf_changed":false,"_yoast_wpseo_focuskw":"Dekarbonisierung","_yoast_wpseo_metadesc":"Ein neues Whitepaper zeigt auf, wie Schweizer Industriefirmen die Herausforderungen der Dekarbonisierung meistern k\u00f6nnen.","articlekey":"","footnotes":""},"categories":[580],"tags":[969,524],"class_list":["post-4515","post","type-post","status-publish","format-standard","has-post-thumbnail","hentry","category-sustainability","tag-dekarbonisierung","tag-whitepaper"],"acf":[],"yoast_head":"<!-- This site is optimized with the Yoast SEO plugin v27.4 - https:\/\/yoast.com\/product\/yoast-seo-wordpress\/ -->\n<title>Wie Schweizer Industriefirmen die Dekarbonisierung meistern\u00a0k\u00f6nnen - Organisator<\/title>\n<meta name=\"description\" content=\"Ein neues Whitepaper zeigt auf, wie Schweizer Industriefirmen die Herausforderungen der Dekarbonisierung meistern k\u00f6nnen.\" \/>\n<meta name=\"robots\" content=\"index, follow, max-snippet:-1, max-image-preview:large, max-video-preview:-1\" \/>\n<link rel=\"canonical\" href=\"https:\/\/www.organisator.ch\/en\/sustainability\/2021-07-08\/wie-schweizer-industriefirmen-die-co2-herausforderungen-meistern-koennen\/\" \/>\n<meta property=\"og:locale\" content=\"en_US\" \/>\n<meta property=\"og:type\" content=\"article\" \/>\n<meta property=\"og:title\" content=\"Wie Schweizer Industriefirmen die Dekarbonisierung meistern\u00a0k\u00f6nnen - Organisator\" \/>\n<meta property=\"og:description\" content=\"Ein neues Whitepaper zeigt auf, wie Schweizer Industriefirmen die Herausforderungen der Dekarbonisierung meistern k\u00f6nnen.\" \/>\n<meta property=\"og:url\" content=\"https:\/\/www.organisator.ch\/en\/sustainability\/2021-07-08\/wie-schweizer-industriefirmen-die-co2-herausforderungen-meistern-koennen\/\" \/>\n<meta property=\"og:site_name\" content=\"Organisator\" \/>\n<meta property=\"article:publisher\" content=\"https:\/\/www.facebook.com\/OrganisatorFachmagazin\" \/>\n<meta property=\"article:published_time\" content=\"2021-07-08T06:03:45+00:00\" \/>\n<meta property=\"article:modified_time\" content=\"2022-02-09T10:09:52+00:00\" \/>\n<meta property=\"og:image\" content=\"https:\/\/www.organisator.ch\/wp-content\/uploads\/2021\/07\/Depositphotos_311501584_s-2019.jpg\" \/>\n\t<meta property=\"og:image:width\" content=\"1000\" \/>\n\t<meta property=\"og:image:height\" content=\"532\" \/>\n\t<meta property=\"og:image:type\" content=\"image\/jpeg\" \/>\n<meta name=\"author\" content=\"roger.straessle\" \/>\n<meta name=\"twitter:card\" content=\"summary_large_image\" \/>\n<script type=\"application\/ld+json\" class=\"yoast-schema-graph\">{\"@context\":\"https:\\\/\\\/schema.org\",\"@graph\":[{\"@type\":\"Article\",\"@id\":\"https:\\\/\\\/www.organisator.ch\\\/sustainability\\\/2021-07-08\\\/wie-schweizer-industriefirmen-die-co2-herausforderungen-meistern-koennen\\\/#article\",\"isPartOf\":{\"@id\":\"https:\\\/\\\/www.organisator.ch\\\/sustainability\\\/2021-07-08\\\/wie-schweizer-industriefirmen-die-co2-herausforderungen-meistern-koennen\\\/\"},\"author\":{\"name\":\"roger.straessle\",\"@id\":\"https:\\\/\\\/www.organisator.ch\\\/#\\\/schema\\\/person\\\/a800b8c54e208b160517a7dcc323161d\"},\"headline\":\"Wie Schweizer Industriefirmen die Dekarbonisierung meistern\u00a0k\u00f6nnen\",\"datePublished\":\"2021-07-08T06:03:45+00:00\",\"dateModified\":\"2022-02-09T10:09:52+00:00\",\"mainEntityOfPage\":{\"@id\":\"https:\\\/\\\/www.organisator.ch\\\/sustainability\\\/2021-07-08\\\/wie-schweizer-industriefirmen-die-co2-herausforderungen-meistern-koennen\\\/\"},\"wordCount\":411,\"publisher\":{\"@id\":\"https:\\\/\\\/www.organisator.ch\\\/#organization\"},\"image\":{\"@id\":\"https:\\\/\\\/www.organisator.ch\\\/sustainability\\\/2021-07-08\\\/wie-schweizer-industriefirmen-die-co2-herausforderungen-meistern-koennen\\\/#primaryimage\"},\"thumbnailUrl\":\"https:\\\/\\\/www.organisator.ch\\\/wp-content\\\/uploads\\\/2021\\\/07\\\/Depositphotos_311501584_s-2019.jpg\",\"keywords\":[\"Dekarbonisierung\",\"Whitepaper\"],\"articleSection\":[\"SUSTAINABILITY\"],\"inLanguage\":\"en-US\"},{\"@type\":\"WebPage\",\"@id\":\"https:\\\/\\\/www.organisator.ch\\\/sustainability\\\/2021-07-08\\\/wie-schweizer-industriefirmen-die-co2-herausforderungen-meistern-koennen\\\/\",\"url\":\"https:\\\/\\\/www.organisator.ch\\\/sustainability\\\/2021-07-08\\\/wie-schweizer-industriefirmen-die-co2-herausforderungen-meistern-koennen\\\/\",\"name\":\"Wie Schweizer Industriefirmen die Dekarbonisierung meistern\u00a0k\u00f6nnen - Organisator\",\"isPartOf\":{\"@id\":\"https:\\\/\\\/www.organisator.ch\\\/#website\"},\"primaryImageOfPage\":{\"@id\":\"https:\\\/\\\/www.organisator.ch\\\/sustainability\\\/2021-07-08\\\/wie-schweizer-industriefirmen-die-co2-herausforderungen-meistern-koennen\\\/#primaryimage\"},\"image\":{\"@id\":\"https:\\\/\\\/www.organisator.ch\\\/sustainability\\\/2021-07-08\\\/wie-schweizer-industriefirmen-die-co2-herausforderungen-meistern-koennen\\\/#primaryimage\"},\"thumbnailUrl\":\"https:\\\/\\\/www.organisator.ch\\\/wp-content\\\/uploads\\\/2021\\\/07\\\/Depositphotos_311501584_s-2019.jpg\",\"datePublished\":\"2021-07-08T06:03:45+00:00\",\"dateModified\":\"2022-02-09T10:09:52+00:00\",\"description\":\"Ein neues Whitepaper zeigt auf, wie Schweizer Industriefirmen die Herausforderungen der Dekarbonisierung meistern k\u00f6nnen.\",\"breadcrumb\":{\"@id\":\"https:\\\/\\\/www.organisator.ch\\\/sustainability\\\/2021-07-08\\\/wie-schweizer-industriefirmen-die-co2-herausforderungen-meistern-koennen\\\/#breadcrumb\"},\"inLanguage\":\"en-US\",\"potentialAction\":[{\"@type\":\"ReadAction\",\"target\":[\"https:\\\/\\\/www.organisator.ch\\\/sustainability\\\/2021-07-08\\\/wie-schweizer-industriefirmen-die-co2-herausforderungen-meistern-koennen\\\/\"]}]},{\"@type\":\"ImageObject\",\"inLanguage\":\"en-US\",\"@id\":\"https:\\\/\\\/www.organisator.ch\\\/sustainability\\\/2021-07-08\\\/wie-schweizer-industriefirmen-die-co2-herausforderungen-meistern-koennen\\\/#primaryimage\",\"url\":\"https:\\\/\\\/www.organisator.ch\\\/wp-content\\\/uploads\\\/2021\\\/07\\\/Depositphotos_311501584_s-2019.jpg\",\"contentUrl\":\"https:\\\/\\\/www.organisator.ch\\\/wp-content\\\/uploads\\\/2021\\\/07\\\/Depositphotos_311501584_s-2019.jpg\",\"width\":1000,\"height\":532,\"caption\":\"\u00a9 Depositphotos, oraziopuccio\"},{\"@type\":\"BreadcrumbList\",\"@id\":\"https:\\\/\\\/www.organisator.ch\\\/sustainability\\\/2021-07-08\\\/wie-schweizer-industriefirmen-die-co2-herausforderungen-meistern-koennen\\\/#breadcrumb\",\"itemListElement\":[{\"@type\":\"ListItem\",\"position\":1,\"name\":\"Home\",\"item\":\"https:\\\/\\\/www.organisator.ch\\\/\"},{\"@type\":\"ListItem\",\"position\":2,\"name\":\"Wie Schweizer Industriefirmen die Dekarbonisierung meistern\u00a0k\u00f6nnen\"}]},{\"@type\":\"WebSite\",\"@id\":\"https:\\\/\\\/www.organisator.ch\\\/#website\",\"url\":\"https:\\\/\\\/www.organisator.ch\\\/\",\"name\":\"Organisator\",\"description\":\"Kompetent. Praxisnah. Der ORGANISATOR bereitet in 10 Ausgaben pro Jahr die wesentlichen Themen f\u00fcr F\u00fchrungskr\u00e4fte von KMU auf.\",\"publisher\":{\"@id\":\"https:\\\/\\\/www.organisator.ch\\\/#organization\"},\"potentialAction\":[{\"@type\":\"SearchAction\",\"target\":{\"@type\":\"EntryPoint\",\"urlTemplate\":\"https:\\\/\\\/www.organisator.ch\\\/?s={search_term_string}\"},\"query-input\":{\"@type\":\"PropertyValueSpecification\",\"valueRequired\":true,\"valueName\":\"search_term_string\"}}],\"inLanguage\":\"en-US\"},{\"@type\":\"Organization\",\"@id\":\"https:\\\/\\\/www.organisator.ch\\\/#organization\",\"name\":\"Organisator\",\"url\":\"https:\\\/\\\/www.organisator.ch\\\/\",\"logo\":{\"@type\":\"ImageObject\",\"inLanguage\":\"en-US\",\"@id\":\"https:\\\/\\\/www.organisator.ch\\\/#\\\/schema\\\/logo\\\/image\\\/\",\"url\":\"https:\\\/\\\/www.organisator.ch\\\/wp-content\\\/uploads\\\/2022\\\/01\\\/Logo_Organisator_Website.png\",\"contentUrl\":\"https:\\\/\\\/www.organisator.ch\\\/wp-content\\\/uploads\\\/2022\\\/01\\\/Logo_Organisator_Website.png\",\"width\":800,\"height\":77,\"caption\":\"Organisator\"},\"image\":{\"@id\":\"https:\\\/\\\/www.organisator.ch\\\/#\\\/schema\\\/logo\\\/image\\\/\"},\"sameAs\":[\"https:\\\/\\\/www.facebook.com\\\/OrganisatorFachmagazin\",\"https:\\\/\\\/www.linkedin.com\\\/showcase\\\/organisator-das-magazin-fr-kmu\",\"https:\\\/\\\/www.xing.com\\\/news\\\/pages\\\/organisator-ch-695\",\"https:\\\/\\\/www.youtube.com\\\/channel\\\/UCGP2Sq0iWaZwT3BdIAQFYpw\"]},{\"@type\":\"Person\",\"@id\":\"https:\\\/\\\/www.organisator.ch\\\/#\\\/schema\\\/person\\\/a800b8c54e208b160517a7dcc323161d\",\"name\":\"roger.straessle\",\"image\":{\"@type\":\"ImageObject\",\"inLanguage\":\"en-US\",\"@id\":\"https:\\\/\\\/secure.gravatar.com\\\/avatar\\\/?s=96&d=mm&r=g\",\"url\":\"https:\\\/\\\/secure.gravatar.com\\\/avatar\\\/?s=96&d=mm&r=g\",\"contentUrl\":\"https:\\\/\\\/secure.gravatar.com\\\/avatar\\\/?s=96&d=mm&r=g\",\"caption\":\"roger.straessle\"},\"url\":\"https:\\\/\\\/www.organisator.ch\\\/en\\\/author\\\/roger-straessle\\\/\"}]}<\/script>\n<!-- \/ Yoast SEO plugin. -->","yoast_head_json":{"title":"How Swiss industrial companies can master decarbonization - Organizer","description":"A new white paper shows how Swiss industrial companies can meet the challenges of decarbonization.","robots":{"index":"index","follow":"follow","max-snippet":"max-snippet:-1","max-image-preview":"max-image-preview:large","max-video-preview":"max-video-preview:-1"},"canonical":"https:\/\/www.organisator.ch\/en\/sustainability\/2021-07-08\/wie-schweizer-industriefirmen-die-co2-herausforderungen-meistern-koennen\/","og_locale":"en_US","og_type":"article","og_title":"Wie Schweizer Industriefirmen die Dekarbonisierung meistern\u00a0k\u00f6nnen - Organisator","og_description":"Ein neues Whitepaper zeigt auf, wie Schweizer Industriefirmen die Herausforderungen der Dekarbonisierung meistern k\u00f6nnen.","og_url":"https:\/\/www.organisator.ch\/en\/sustainability\/2021-07-08\/wie-schweizer-industriefirmen-die-co2-herausforderungen-meistern-koennen\/","og_site_name":"Organisator","article_publisher":"https:\/\/www.facebook.com\/OrganisatorFachmagazin","article_published_time":"2021-07-08T06:03:45+00:00","article_modified_time":"2022-02-09T10:09:52+00:00","og_image":[{"width":1000,"height":532,"url":"https:\/\/www.organisator.ch\/wp-content\/uploads\/2021\/07\/Depositphotos_311501584_s-2019.jpg","type":"image\/jpeg"}],"author":"roger.straessle","twitter_card":"summary_large_image","schema":{"@context":"https:\/\/schema.org","@graph":[{"@type":"Article","@id":"https:\/\/www.organisator.ch\/sustainability\/2021-07-08\/wie-schweizer-industriefirmen-die-co2-herausforderungen-meistern-koennen\/#article","isPartOf":{"@id":"https:\/\/www.organisator.ch\/sustainability\/2021-07-08\/wie-schweizer-industriefirmen-die-co2-herausforderungen-meistern-koennen\/"},"author":{"name":"roger.straessle","@id":"https:\/\/www.organisator.ch\/#\/schema\/person\/a800b8c54e208b160517a7dcc323161d"},"headline":"Wie Schweizer Industriefirmen die Dekarbonisierung meistern\u00a0k\u00f6nnen","datePublished":"2021-07-08T06:03:45+00:00","dateModified":"2022-02-09T10:09:52+00:00","mainEntityOfPage":{"@id":"https:\/\/www.organisator.ch\/sustainability\/2021-07-08\/wie-schweizer-industriefirmen-die-co2-herausforderungen-meistern-koennen\/"},"wordCount":411,"publisher":{"@id":"https:\/\/www.organisator.ch\/#organization"},"image":{"@id":"https:\/\/www.organisator.ch\/sustainability\/2021-07-08\/wie-schweizer-industriefirmen-die-co2-herausforderungen-meistern-koennen\/#primaryimage"},"thumbnailUrl":"https:\/\/www.organisator.ch\/wp-content\/uploads\/2021\/07\/Depositphotos_311501584_s-2019.jpg","keywords":["Dekarbonisierung","Whitepaper"],"articleSection":["SUSTAINABILITY"],"inLanguage":"en-US"},{"@type":"WebPage","@id":"https:\/\/www.organisator.ch\/sustainability\/2021-07-08\/wie-schweizer-industriefirmen-die-co2-herausforderungen-meistern-koennen\/","url":"https:\/\/www.organisator.ch\/sustainability\/2021-07-08\/wie-schweizer-industriefirmen-die-co2-herausforderungen-meistern-koennen\/","name":"How Swiss industrial companies can master decarbonization - Organizer","isPartOf":{"@id":"https:\/\/www.organisator.ch\/#website"},"primaryImageOfPage":{"@id":"https:\/\/www.organisator.ch\/sustainability\/2021-07-08\/wie-schweizer-industriefirmen-die-co2-herausforderungen-meistern-koennen\/#primaryimage"},"image":{"@id":"https:\/\/www.organisator.ch\/sustainability\/2021-07-08\/wie-schweizer-industriefirmen-die-co2-herausforderungen-meistern-koennen\/#primaryimage"},"thumbnailUrl":"https:\/\/www.organisator.ch\/wp-content\/uploads\/2021\/07\/Depositphotos_311501584_s-2019.jpg","datePublished":"2021-07-08T06:03:45+00:00","dateModified":"2022-02-09T10:09:52+00:00","description":"A new white paper shows how Swiss industrial companies can meet the challenges of decarbonization.","breadcrumb":{"@id":"https:\/\/www.organisator.ch\/sustainability\/2021-07-08\/wie-schweizer-industriefirmen-die-co2-herausforderungen-meistern-koennen\/#breadcrumb"},"inLanguage":"en-US","potentialAction":[{"@type":"ReadAction","target":["https:\/\/www.organisator.ch\/sustainability\/2021-07-08\/wie-schweizer-industriefirmen-die-co2-herausforderungen-meistern-koennen\/"]}]},{"@type":"ImageObject","inLanguage":"en-US","@id":"https:\/\/www.organisator.ch\/sustainability\/2021-07-08\/wie-schweizer-industriefirmen-die-co2-herausforderungen-meistern-koennen\/#primaryimage","url":"https:\/\/www.organisator.ch\/wp-content\/uploads\/2021\/07\/Depositphotos_311501584_s-2019.jpg","contentUrl":"https:\/\/www.organisator.ch\/wp-content\/uploads\/2021\/07\/Depositphotos_311501584_s-2019.jpg","width":1000,"height":532,"caption":"\u00a9 Depositphotos, oraziopuccio"},{"@type":"BreadcrumbList","@id":"https:\/\/www.organisator.ch\/sustainability\/2021-07-08\/wie-schweizer-industriefirmen-die-co2-herausforderungen-meistern-koennen\/#breadcrumb","itemListElement":[{"@type":"ListItem","position":1,"name":"Home","item":"https:\/\/www.organisator.ch\/"},{"@type":"ListItem","position":2,"name":"Wie Schweizer Industriefirmen die Dekarbonisierung meistern\u00a0k\u00f6nnen"}]},{"@type":"WebSite","@id":"https:\/\/www.organisator.ch\/#website","url":"https:\/\/www.organisator.ch\/","name":"Organizer","description":"Competent. Practical. In 10 issues per year, ORGANISATOR presents the essential topics for managers of SMEs.","publisher":{"@id":"https:\/\/www.organisator.ch\/#organization"},"potentialAction":[{"@type":"SearchAction","target":{"@type":"EntryPoint","urlTemplate":"https:\/\/www.organisator.ch\/?s={search_term_string}"},"query-input":{"@type":"PropertyValueSpecification","valueRequired":true,"valueName":"search_term_string"}}],"inLanguage":"en-US"},{"@type":"Organization","@id":"https:\/\/www.organisator.ch\/#organization","name":"Organizer","url":"https:\/\/www.organisator.ch\/","logo":{"@type":"ImageObject","inLanguage":"en-US","@id":"https:\/\/www.organisator.ch\/#\/schema\/logo\/image\/","url":"https:\/\/www.organisator.ch\/wp-content\/uploads\/2022\/01\/Logo_Organisator_Website.png","contentUrl":"https:\/\/www.organisator.ch\/wp-content\/uploads\/2022\/01\/Logo_Organisator_Website.png","width":800,"height":77,"caption":"Organisator"},"image":{"@id":"https:\/\/www.organisator.ch\/#\/schema\/logo\/image\/"},"sameAs":["https:\/\/www.facebook.com\/OrganisatorFachmagazin","https:\/\/www.linkedin.com\/showcase\/organisator-das-magazin-fr-kmu","https:\/\/www.xing.com\/news\/pages\/organisator-ch-695","https:\/\/www.youtube.com\/channel\/UCGP2Sq0iWaZwT3BdIAQFYpw"]},{"@type":"Person","@id":"https:\/\/www.organisator.ch\/#\/schema\/person\/a800b8c54e208b160517a7dcc323161d","name":"roger.straessle","image":{"@type":"ImageObject","inLanguage":"en-US","@id":"https:\/\/secure.gravatar.com\/avatar\/?s=96&d=mm&r=g","url":"https:\/\/secure.gravatar.com\/avatar\/?s=96&d=mm&r=g","contentUrl":"https:\/\/secure.gravatar.com\/avatar\/?s=96&d=mm&r=g","caption":"roger.straessle"},"url":"https:\/\/www.organisator.ch\/en\/author\/roger-straessle\/"}]}},"_links":{"self":[{"href":"https:\/\/www.organisator.ch\/en\/wp-json\/wp\/v2\/posts\/4515","targetHints":{"allow":["GET"]}}],"collection":[{"href":"https:\/\/www.organisator.ch\/en\/wp-json\/wp\/v2\/posts"}],"about":[{"href":"https:\/\/www.organisator.ch\/en\/wp-json\/wp\/v2\/types\/post"}],"author":[{"embeddable":true,"href":"https:\/\/www.organisator.ch\/en\/wp-json\/wp\/v2\/users\/6"}],"replies":[{"embeddable":true,"href":"https:\/\/www.organisator.ch\/en\/wp-json\/wp\/v2\/comments?post=4515"}],"version-history":[{"count":1,"href":"https:\/\/www.organisator.ch\/en\/wp-json\/wp\/v2\/posts\/4515\/revisions"}],"predecessor-version":[{"id":10793,"href":"https:\/\/www.organisator.ch\/en\/wp-json\/wp\/v2\/posts\/4515\/revisions\/10793"}],"wp:featuredmedia":[{"embeddable":true,"href":"https:\/\/www.organisator.ch\/en\/wp-json\/wp\/v2\/media\/9817"}],"wp:attachment":[{"href":"https:\/\/www.organisator.ch\/en\/wp-json\/wp\/v2\/media?parent=4515"}],"wp:term":[{"taxonomy":"category","embeddable":true,"href":"https:\/\/www.organisator.ch\/en\/wp-json\/wp\/v2\/categories?post=4515"},{"taxonomy":"post_tag","embeddable":true,"href":"https:\/\/www.organisator.ch\/en\/wp-json\/wp\/v2\/tags?post=4515"}],"curies":[{"name":"wp","href":"https:\/\/api.w.org\/{rel}","templated":true}]}}