{"id":4519,"date":"2018-11-14T09:07:16","date_gmt":"2018-11-14T08:07:16","guid":{"rendered":"https:\/\/www.organisator.ch\/?p=4519"},"modified":"2018-11-14T09:07:16","modified_gmt":"2018-11-14T08:07:16","slug":"logistik-forum-2018-wettbewerbsfaehigkeit-und-kundennutzen-generieren","status":"publish","type":"post","link":"https:\/\/www.organisator.ch\/en\/management\/2018-11-14\/logistik-forum-2018-wettbewerbsfaehigkeit-und-kundennutzen-generieren\/","title":{"rendered":"Logistics Forum 2018: Generating competitiveness and customer value"},"content":{"rendered":"<figure id=\"attachment_4520\" aria-describedby=\"caption-attachment-4520\" style=\"width: 680px\" class=\"wp-caption alignnone\"><img loading=\"lazy\" decoding=\"async\" class=\"size-medium wp-image-4520\" src=\"https:\/\/www.organisator.ch\/wp-content\/uploads\/2018\/11\/Logistik-Forum-2018-Wettbewerbsfaehigkeit-und-Kundennutzen-generieren_Organisator.jpg\" alt=\"\" width=\"680\" height=\"447\" srcset=\"https:\/\/www.organisator.ch\/wp-content\/uploads\/2018\/11\/Logistik-Forum-2018-Wettbewerbsfaehigkeit-und-Kundennutzen-generieren_Organisator.jpg 680w, https:\/\/www.organisator.ch\/wp-content\/uploads\/2018\/11\/Logistik-Forum-2018-Wettbewerbsfaehigkeit-und-Kundennutzen-generieren_Organisator-16x12.jpg 16w, https:\/\/www.organisator.ch\/wp-content\/uploads\/2018\/11\/Logistik-Forum-2018-Wettbewerbsfaehigkeit-und-Kundennutzen-generieren_Organisator-266x175.jpg 266w, https:\/\/www.organisator.ch\/wp-content\/uploads\/2018\/11\/Logistik-Forum-2018-Wettbewerbsfaehigkeit-und-Kundennutzen-generieren_Organisator-532x350.jpg 532w, https:\/\/www.organisator.ch\/wp-content\/uploads\/2018\/11\/Logistik-Forum-2018-Wettbewerbsfaehigkeit-und-Kundennutzen-generieren_Organisator-300x197.jpg 300w\" sizes=\"auto, (max-width: 680px) 100vw, 680px\" \/><figcaption id=\"caption-attachment-4520\" class=\"wp-caption-text\">Presentation of the Regional Logistics Award at the Logistics Forum 2018. (Image: zVg \/ Logistics Forum)<\/figcaption><\/figure>\n<p>This year's Logistics Forum Switzerland was held for the second time at the Museum of Transport in Lucerne on November 6. The focus was on the hot topic of \"Digital Value Chains\". Digitalization is on the rise, no question about it. More digital solutions for logistics and SCM are available almost every day. But how can your company generate competitiveness and customer value through these digital offerings? Companies and logistics must prove their ability to change, because as Carsten Vollrath, Swiss IPG Partners Group AG quoted in his short presentation: \"It is not the strongest of the species that survives, not the most intelligent that survives. It is the one that is the most adaptable to change\" - Charles Darwin.<\/p>\n<h2>Focus on digital value chains<\/h2>\n<p>The day began with a warm welcome by VNL Switzerland President Prof. Dr. Herbert Ruile. This was followed by exciting keynotes by Claudio Marconi, IKEA Supply AG as well as Carsten Leuters, KPMG Holding AG on the respective topics \"Integrated Supply Chain IKEA\" and \"Digital Value Chains - Roadmap.\"<\/p>\n<p>In the subsequent pitches for the 2018 Regional Logistics Award, which the detranz and VNL associations presented for the second time as part of the Logistics Forum, attendees had the chance to cast their vote for the best pitch throughout the day.<\/p>\n<p>After a short coffee break and informative visits to the exhibitors' stands and various poster walls, the participants were able to split up into the three parallel streams on different topics. The diverse short presentations provided discussion material for the subsequent stand-up lunch with a view of Lake Lucerne.<\/p>\n<p>Following the active expert discussion on the topic \"State of Implementation - Digital Value Chain\", the participants moved on to the parallel afternoon session. There, they learned from Thomas Heynen, AdNovum Informatik AG, among others, that digitalization can be used to work more efficiently even in concrete logistics.<\/p>\n<h2>Regional logistics prize awarded<\/h2>\n<p>At the end, the participants gathered again in the conference hall to wind down together, where the award ceremony for the regional logistics prize met with great recognition and widespread interest. The project \"Mitfahrmarkt Surselva\" by Urs Giezendanner (regional developer of the Regiun Surselva) prevailed over the two co-finalists \"Collectors\" and \"UriTicket\" in the vote of the expert audience. All three finalists of the regional logistics award are invited to participate in the next detranz-Denklabor in 2019 in Altdorf.<\/p>\n<p>&nbsp;<\/p>\n<p><strong>\u00a0<\/strong><\/p>","protected":false},"excerpt":{"rendered":"<p>Das diesj\u00e4hrige Logistik-Forum Schweiz lud am 6. November zum zweiten Mal im Verkehrshaus Luzern ein. Der Fokus lag auf dem tagesaktuellen Thema \u00abDigital Value Chains\u00bb. Die Digitalisierung ist auf dem Vormarsch, keine Frage. Fast t\u00e4glich stehen mehr digitale L\u00f6sungen f\u00fcr Logistik und SCM zur Verf\u00fcgung. Doch wie kann ihr Unternehmen durch diese digitalen Angebote Wettbewerbsf\u00e4higkeit [&hellip;]<\/p>\n","protected":false},"author":4,"featured_media":4520,"comment_status":"open","ping_status":"open","sticky":false,"template":"","format":"standard","meta":{"_acf_changed":false,"_yoast_wpseo_focuskw":"Logistik-Forum","_yoast_wpseo_metadesc":"Am Dienstag, 6. November 2018 fand mit \u00fcber 120 Teilnehmenden das zweite Logistik-Forum Schweiz im Verkehrshaus der Schweiz in Luzern, statt.","articlekey":"","footnotes":""},"categories":[28],"tags":[193,328,503,508],"class_list":["post-4519","post","type-post","status-publish","format-standard","has-post-thumbnail","hentry","category-management","tag-fachkongressfachmesse","tag-logistik","tag-verbaende","tag-vermischtes"],"acf":[],"yoast_head":"<!-- This site is optimized with the Yoast SEO plugin v27.5 - https:\/\/yoast.com\/product\/yoast-seo-wordpress\/ -->\n<title>Logistik-Forum 2018: Wettbewerbsf\u00e4higkeit und Kundennutzen generieren - Organisator<\/title>\n<meta name=\"description\" content=\"Am Dienstag, 6. November 2018 fand mit \u00fcber 120 Teilnehmenden das zweite Logistik-Forum Schweiz im Verkehrshaus der Schweiz in Luzern, statt.\" \/>\n<meta name=\"robots\" content=\"index, follow, max-snippet:-1, max-image-preview:large, max-video-preview:-1\" \/>\n<link rel=\"canonical\" href=\"https:\/\/www.organisator.ch\/en\/management\/2018-11-14\/logistik-forum-2018-wettbewerbsfaehigkeit-und-kundennutzen-generieren\/\" \/>\n<meta property=\"og:locale\" content=\"en_US\" \/>\n<meta property=\"og:type\" content=\"article\" \/>\n<meta property=\"og:title\" content=\"Logistik-Forum 2018: Wettbewerbsf\u00e4higkeit und Kundennutzen generieren\" \/>\n<meta property=\"og:description\" content=\"Am Dienstag, 6. November 2018 fand mit \u00fcber 120 Teilnehmenden das zweite Logistik-Forum Schweiz im Verkehrshaus der Schweiz in Luzern, statt.\" \/>\n<meta property=\"og:url\" content=\"https:\/\/www.organisator.ch\/en\/management\/2018-11-14\/logistik-forum-2018-wettbewerbsfaehigkeit-und-kundennutzen-generieren\/\" \/>\n<meta property=\"og:site_name\" content=\"Organisator\" \/>\n<meta property=\"article:publisher\" content=\"https:\/\/www.facebook.com\/OrganisatorFachmagazin\" \/>\n<meta property=\"article:published_time\" content=\"2018-11-14T08:07:16+00:00\" \/>\n<meta property=\"og:image\" content=\"https:\/\/www.organisator.ch\/wp-content\/uploads\/2018\/11\/Logistik-Forum-2018-Wettbewerbsfaehigkeit-und-Kundennutzen-generieren_Organisator.jpg\" \/>\n\t<meta property=\"og:image:width\" content=\"680\" \/>\n\t<meta property=\"og:image:height\" content=\"447\" \/>\n\t<meta property=\"og:image:type\" content=\"image\/jpeg\" \/>\n<meta name=\"author\" content=\"thomas.berner\" \/>\n<meta name=\"twitter:card\" content=\"summary_large_image\" \/>\n<meta name=\"twitter:title\" content=\"#Logistik-Forum 2018: Wettbewerbsf\u00e4higkeit und Kundennutzen generieren\" \/>\n<meta name=\"twitter:description\" content=\"Am Dienstag, 6. November 2018 fand mit \u00fcber 120 Teilnehmenden das zweite #Logistik-Forum Schweiz im Verkehrshaus der Schweiz in Luzern, statt.\" \/>\n<meta name=\"twitter:image\" content=\"https:\/\/www.organisator.ch\/wp-content\/uploads\/2018\/11\/Logistik-Forum-2018-Wettbewerbsf\u00e4higkeit-und-Kundennutzen-generieren_Organisator.jpg\" \/>\n<script type=\"application\/ld+json\" class=\"yoast-schema-graph\">{\"@context\":\"https:\\\/\\\/schema.org\",\"@graph\":[{\"@type\":\"Article\",\"@id\":\"https:\\\/\\\/www.organisator.ch\\\/management\\\/2018-11-14\\\/logistik-forum-2018-wettbewerbsfaehigkeit-und-kundennutzen-generieren\\\/#article\",\"isPartOf\":{\"@id\":\"https:\\\/\\\/www.organisator.ch\\\/management\\\/2018-11-14\\\/logistik-forum-2018-wettbewerbsfaehigkeit-und-kundennutzen-generieren\\\/\"},\"author\":{\"name\":\"thomas.berner\",\"@id\":\"https:\\\/\\\/www.organisator.ch\\\/#\\\/schema\\\/person\\\/6f650f90b2842cd4c0cc334b4e36f67e\"},\"headline\":\"Logistik-Forum 2018: Wettbewerbsf\u00e4higkeit und Kundennutzen generieren\",\"datePublished\":\"2018-11-14T08:07:16+00:00\",\"mainEntityOfPage\":{\"@id\":\"https:\\\/\\\/www.organisator.ch\\\/management\\\/2018-11-14\\\/logistik-forum-2018-wettbewerbsfaehigkeit-und-kundennutzen-generieren\\\/\"},\"wordCount\":390,\"commentCount\":0,\"publisher\":{\"@id\":\"https:\\\/\\\/www.organisator.ch\\\/#organization\"},\"image\":{\"@id\":\"https:\\\/\\\/www.organisator.ch\\\/management\\\/2018-11-14\\\/logistik-forum-2018-wettbewerbsfaehigkeit-und-kundennutzen-generieren\\\/#primaryimage\"},\"thumbnailUrl\":\"https:\\\/\\\/www.organisator.ch\\\/wp-content\\\/uploads\\\/2018\\\/11\\\/Logistik-Forum-2018-Wettbewerbsfaehigkeit-und-Kundennutzen-generieren_Organisator.jpg\",\"keywords\":[\"Fachkongress\\\/Fachmesse\",\"Logistik\",\"Verb\u00e4nde\",\"Vermischtes\"],\"articleSection\":[\"MANAGEMENT\"],\"inLanguage\":\"en-US\"},{\"@type\":\"WebPage\",\"@id\":\"https:\\\/\\\/www.organisator.ch\\\/management\\\/2018-11-14\\\/logistik-forum-2018-wettbewerbsfaehigkeit-und-kundennutzen-generieren\\\/\",\"url\":\"https:\\\/\\\/www.organisator.ch\\\/management\\\/2018-11-14\\\/logistik-forum-2018-wettbewerbsfaehigkeit-und-kundennutzen-generieren\\\/\",\"name\":\"Logistik-Forum 2018: Wettbewerbsf\u00e4higkeit und Kundennutzen generieren - Organisator\",\"isPartOf\":{\"@id\":\"https:\\\/\\\/www.organisator.ch\\\/#website\"},\"primaryImageOfPage\":{\"@id\":\"https:\\\/\\\/www.organisator.ch\\\/management\\\/2018-11-14\\\/logistik-forum-2018-wettbewerbsfaehigkeit-und-kundennutzen-generieren\\\/#primaryimage\"},\"image\":{\"@id\":\"https:\\\/\\\/www.organisator.ch\\\/management\\\/2018-11-14\\\/logistik-forum-2018-wettbewerbsfaehigkeit-und-kundennutzen-generieren\\\/#primaryimage\"},\"thumbnailUrl\":\"https:\\\/\\\/www.organisator.ch\\\/wp-content\\\/uploads\\\/2018\\\/11\\\/Logistik-Forum-2018-Wettbewerbsfaehigkeit-und-Kundennutzen-generieren_Organisator.jpg\",\"datePublished\":\"2018-11-14T08:07:16+00:00\",\"description\":\"Am Dienstag, 6. November 2018 fand mit \u00fcber 120 Teilnehmenden das zweite Logistik-Forum Schweiz im Verkehrshaus der Schweiz in Luzern, statt.\",\"breadcrumb\":{\"@id\":\"https:\\\/\\\/www.organisator.ch\\\/management\\\/2018-11-14\\\/logistik-forum-2018-wettbewerbsfaehigkeit-und-kundennutzen-generieren\\\/#breadcrumb\"},\"inLanguage\":\"en-US\",\"potentialAction\":[{\"@type\":\"ReadAction\",\"target\":[\"https:\\\/\\\/www.organisator.ch\\\/management\\\/2018-11-14\\\/logistik-forum-2018-wettbewerbsfaehigkeit-und-kundennutzen-generieren\\\/\"]}]},{\"@type\":\"ImageObject\",\"inLanguage\":\"en-US\",\"@id\":\"https:\\\/\\\/www.organisator.ch\\\/management\\\/2018-11-14\\\/logistik-forum-2018-wettbewerbsfaehigkeit-und-kundennutzen-generieren\\\/#primaryimage\",\"url\":\"https:\\\/\\\/www.organisator.ch\\\/wp-content\\\/uploads\\\/2018\\\/11\\\/Logistik-Forum-2018-Wettbewerbsfaehigkeit-und-Kundennutzen-generieren_Organisator.jpg\",\"contentUrl\":\"https:\\\/\\\/www.organisator.ch\\\/wp-content\\\/uploads\\\/2018\\\/11\\\/Logistik-Forum-2018-Wettbewerbsfaehigkeit-und-Kundennutzen-generieren_Organisator.jpg\",\"width\":680,\"height\":447,\"caption\":\"Verleihung des Regionallogistikpreises am Logistik-Forum 2018. (Bild: zVg \\\/ Logistik-Forum)\"},{\"@type\":\"BreadcrumbList\",\"@id\":\"https:\\\/\\\/www.organisator.ch\\\/management\\\/2018-11-14\\\/logistik-forum-2018-wettbewerbsfaehigkeit-und-kundennutzen-generieren\\\/#breadcrumb\",\"itemListElement\":[{\"@type\":\"ListItem\",\"position\":1,\"name\":\"Home\",\"item\":\"https:\\\/\\\/www.organisator.ch\\\/\"},{\"@type\":\"ListItem\",\"position\":2,\"name\":\"Logistik-Forum 2018: Wettbewerbsf\u00e4higkeit und Kundennutzen generieren\"}]},{\"@type\":\"WebSite\",\"@id\":\"https:\\\/\\\/www.organisator.ch\\\/#website\",\"url\":\"https:\\\/\\\/www.organisator.ch\\\/\",\"name\":\"Organisator\",\"description\":\"Kompetent. Praxisnah. Der ORGANISATOR bereitet in 10 Ausgaben pro Jahr die wesentlichen Themen f\u00fcr F\u00fchrungskr\u00e4fte von KMU auf.\",\"publisher\":{\"@id\":\"https:\\\/\\\/www.organisator.ch\\\/#organization\"},\"potentialAction\":[{\"@type\":\"SearchAction\",\"target\":{\"@type\":\"EntryPoint\",\"urlTemplate\":\"https:\\\/\\\/www.organisator.ch\\\/?s={search_term_string}\"},\"query-input\":{\"@type\":\"PropertyValueSpecification\",\"valueRequired\":true,\"valueName\":\"search_term_string\"}}],\"inLanguage\":\"en-US\"},{\"@type\":\"Organization\",\"@id\":\"https:\\\/\\\/www.organisator.ch\\\/#organization\",\"name\":\"Organisator\",\"url\":\"https:\\\/\\\/www.organisator.ch\\\/\",\"logo\":{\"@type\":\"ImageObject\",\"inLanguage\":\"en-US\",\"@id\":\"https:\\\/\\\/www.organisator.ch\\\/#\\\/schema\\\/logo\\\/image\\\/\",\"url\":\"https:\\\/\\\/www.organisator.ch\\\/wp-content\\\/uploads\\\/2022\\\/01\\\/Logo_Organisator_Website.png\",\"contentUrl\":\"https:\\\/\\\/www.organisator.ch\\\/wp-content\\\/uploads\\\/2022\\\/01\\\/Logo_Organisator_Website.png\",\"width\":800,\"height\":77,\"caption\":\"Organisator\"},\"image\":{\"@id\":\"https:\\\/\\\/www.organisator.ch\\\/#\\\/schema\\\/logo\\\/image\\\/\"},\"sameAs\":[\"https:\\\/\\\/www.facebook.com\\\/OrganisatorFachmagazin\",\"https:\\\/\\\/www.linkedin.com\\\/showcase\\\/organisator-das-magazin-fr-kmu\",\"https:\\\/\\\/www.xing.com\\\/news\\\/pages\\\/organisator-ch-695\",\"https:\\\/\\\/www.youtube.com\\\/channel\\\/UCGP2Sq0iWaZwT3BdIAQFYpw\"]},{\"@type\":\"Person\",\"@id\":\"https:\\\/\\\/www.organisator.ch\\\/#\\\/schema\\\/person\\\/6f650f90b2842cd4c0cc334b4e36f67e\",\"name\":\"thomas.berner\",\"image\":{\"@type\":\"ImageObject\",\"inLanguage\":\"en-US\",\"@id\":\"https:\\\/\\\/secure.gravatar.com\\\/avatar\\\/ac5001d2a36cb6c6cd3e50789007ffca834b477b74a2144564522e944eabff61?s=96&d=mm&r=g\",\"url\":\"https:\\\/\\\/secure.gravatar.com\\\/avatar\\\/ac5001d2a36cb6c6cd3e50789007ffca834b477b74a2144564522e944eabff61?s=96&d=mm&r=g\",\"contentUrl\":\"https:\\\/\\\/secure.gravatar.com\\\/avatar\\\/ac5001d2a36cb6c6cd3e50789007ffca834b477b74a2144564522e944eabff61?s=96&d=mm&r=g\",\"caption\":\"thomas.berner\"},\"url\":\"https:\\\/\\\/www.organisator.ch\\\/en\\\/author\\\/thomas-berner\\\/\"}]}<\/script>\n<!-- \/ Yoast SEO plugin. -->","yoast_head_json":{"title":"Logistics Forum 2018: Generating competitiveness and customer value - Organizer","description":"On Tuesday, November 6, 2018, the second Logistics Forum Switzerland took place at the Swiss Museum of Transport in Lucerne, with over 120 participants.","robots":{"index":"index","follow":"follow","max-snippet":"max-snippet:-1","max-image-preview":"max-image-preview:large","max-video-preview":"max-video-preview:-1"},"canonical":"https:\/\/www.organisator.ch\/en\/management\/2018-11-14\/logistik-forum-2018-wettbewerbsfaehigkeit-und-kundennutzen-generieren\/","og_locale":"en_US","og_type":"article","og_title":"Logistik-Forum 2018: Wettbewerbsf\u00e4higkeit und Kundennutzen generieren","og_description":"Am Dienstag, 6. November 2018 fand mit \u00fcber 120 Teilnehmenden das zweite Logistik-Forum Schweiz im Verkehrshaus der Schweiz in Luzern, statt.","og_url":"https:\/\/www.organisator.ch\/en\/management\/2018-11-14\/logistik-forum-2018-wettbewerbsfaehigkeit-und-kundennutzen-generieren\/","og_site_name":"Organisator","article_publisher":"https:\/\/www.facebook.com\/OrganisatorFachmagazin","article_published_time":"2018-11-14T08:07:16+00:00","og_image":[{"width":680,"height":447,"url":"https:\/\/www.organisator.ch\/wp-content\/uploads\/2018\/11\/Logistik-Forum-2018-Wettbewerbsfaehigkeit-und-Kundennutzen-generieren_Organisator.jpg","type":"image\/jpeg"}],"author":"thomas.berner","twitter_card":"summary_large_image","twitter_title":"#Logistik-Forum 2018: Wettbewerbsf\u00e4higkeit und Kundennutzen generieren","twitter_description":"Am Dienstag, 6. November 2018 fand mit \u00fcber 120 Teilnehmenden das zweite #Logistik-Forum Schweiz im Verkehrshaus der Schweiz in Luzern, statt.","twitter_image":"https:\/\/www.organisator.ch\/wp-content\/uploads\/2018\/11\/Logistik-Forum-2018-Wettbewerbsf\u00e4higkeit-und-Kundennutzen-generieren_Organisator.jpg","schema":{"@context":"https:\/\/schema.org","@graph":[{"@type":"Article","@id":"https:\/\/www.organisator.ch\/management\/2018-11-14\/logistik-forum-2018-wettbewerbsfaehigkeit-und-kundennutzen-generieren\/#article","isPartOf":{"@id":"https:\/\/www.organisator.ch\/management\/2018-11-14\/logistik-forum-2018-wettbewerbsfaehigkeit-und-kundennutzen-generieren\/"},"author":{"name":"thomas.berner","@id":"https:\/\/www.organisator.ch\/#\/schema\/person\/6f650f90b2842cd4c0cc334b4e36f67e"},"headline":"Logistik-Forum 2018: Wettbewerbsf\u00e4higkeit und Kundennutzen generieren","datePublished":"2018-11-14T08:07:16+00:00","mainEntityOfPage":{"@id":"https:\/\/www.organisator.ch\/management\/2018-11-14\/logistik-forum-2018-wettbewerbsfaehigkeit-und-kundennutzen-generieren\/"},"wordCount":390,"commentCount":0,"publisher":{"@id":"https:\/\/www.organisator.ch\/#organization"},"image":{"@id":"https:\/\/www.organisator.ch\/management\/2018-11-14\/logistik-forum-2018-wettbewerbsfaehigkeit-und-kundennutzen-generieren\/#primaryimage"},"thumbnailUrl":"https:\/\/www.organisator.ch\/wp-content\/uploads\/2018\/11\/Logistik-Forum-2018-Wettbewerbsfaehigkeit-und-Kundennutzen-generieren_Organisator.jpg","keywords":["Fachkongress\/Fachmesse","Logistik","Verb\u00e4nde","Vermischtes"],"articleSection":["MANAGEMENT"],"inLanguage":"en-US"},{"@type":"WebPage","@id":"https:\/\/www.organisator.ch\/management\/2018-11-14\/logistik-forum-2018-wettbewerbsfaehigkeit-und-kundennutzen-generieren\/","url":"https:\/\/www.organisator.ch\/management\/2018-11-14\/logistik-forum-2018-wettbewerbsfaehigkeit-und-kundennutzen-generieren\/","name":"Logistics Forum 2018: Generating competitiveness and customer value - Organizer","isPartOf":{"@id":"https:\/\/www.organisator.ch\/#website"},"primaryImageOfPage":{"@id":"https:\/\/www.organisator.ch\/management\/2018-11-14\/logistik-forum-2018-wettbewerbsfaehigkeit-und-kundennutzen-generieren\/#primaryimage"},"image":{"@id":"https:\/\/www.organisator.ch\/management\/2018-11-14\/logistik-forum-2018-wettbewerbsfaehigkeit-und-kundennutzen-generieren\/#primaryimage"},"thumbnailUrl":"https:\/\/www.organisator.ch\/wp-content\/uploads\/2018\/11\/Logistik-Forum-2018-Wettbewerbsfaehigkeit-und-Kundennutzen-generieren_Organisator.jpg","datePublished":"2018-11-14T08:07:16+00:00","description":"On Tuesday, November 6, 2018, the second Logistics Forum Switzerland took place at the Swiss Museum of Transport in Lucerne, with over 120 participants.","breadcrumb":{"@id":"https:\/\/www.organisator.ch\/management\/2018-11-14\/logistik-forum-2018-wettbewerbsfaehigkeit-und-kundennutzen-generieren\/#breadcrumb"},"inLanguage":"en-US","potentialAction":[{"@type":"ReadAction","target":["https:\/\/www.organisator.ch\/management\/2018-11-14\/logistik-forum-2018-wettbewerbsfaehigkeit-und-kundennutzen-generieren\/"]}]},{"@type":"ImageObject","inLanguage":"en-US","@id":"https:\/\/www.organisator.ch\/management\/2018-11-14\/logistik-forum-2018-wettbewerbsfaehigkeit-und-kundennutzen-generieren\/#primaryimage","url":"https:\/\/www.organisator.ch\/wp-content\/uploads\/2018\/11\/Logistik-Forum-2018-Wettbewerbsfaehigkeit-und-Kundennutzen-generieren_Organisator.jpg","contentUrl":"https:\/\/www.organisator.ch\/wp-content\/uploads\/2018\/11\/Logistik-Forum-2018-Wettbewerbsfaehigkeit-und-Kundennutzen-generieren_Organisator.jpg","width":680,"height":447,"caption":"Verleihung des Regionallogistikpreises am Logistik-Forum 2018. (Bild: zVg \/ Logistik-Forum)"},{"@type":"BreadcrumbList","@id":"https:\/\/www.organisator.ch\/management\/2018-11-14\/logistik-forum-2018-wettbewerbsfaehigkeit-und-kundennutzen-generieren\/#breadcrumb","itemListElement":[{"@type":"ListItem","position":1,"name":"Home","item":"https:\/\/www.organisator.ch\/"},{"@type":"ListItem","position":2,"name":"Logistik-Forum 2018: Wettbewerbsf\u00e4higkeit und Kundennutzen generieren"}]},{"@type":"WebSite","@id":"https:\/\/www.organisator.ch\/#website","url":"https:\/\/www.organisator.ch\/","name":"Organizer","description":"Competent. Practical. In 10 issues per year, ORGANISATOR presents the essential topics for managers of SMEs.","publisher":{"@id":"https:\/\/www.organisator.ch\/#organization"},"potentialAction":[{"@type":"SearchAction","target":{"@type":"EntryPoint","urlTemplate":"https:\/\/www.organisator.ch\/?s={search_term_string}"},"query-input":{"@type":"PropertyValueSpecification","valueRequired":true,"valueName":"search_term_string"}}],"inLanguage":"en-US"},{"@type":"Organization","@id":"https:\/\/www.organisator.ch\/#organization","name":"Organizer","url":"https:\/\/www.organisator.ch\/","logo":{"@type":"ImageObject","inLanguage":"en-US","@id":"https:\/\/www.organisator.ch\/#\/schema\/logo\/image\/","url":"https:\/\/www.organisator.ch\/wp-content\/uploads\/2022\/01\/Logo_Organisator_Website.png","contentUrl":"https:\/\/www.organisator.ch\/wp-content\/uploads\/2022\/01\/Logo_Organisator_Website.png","width":800,"height":77,"caption":"Organisator"},"image":{"@id":"https:\/\/www.organisator.ch\/#\/schema\/logo\/image\/"},"sameAs":["https:\/\/www.facebook.com\/OrganisatorFachmagazin","https:\/\/www.linkedin.com\/showcase\/organisator-das-magazin-fr-kmu","https:\/\/www.xing.com\/news\/pages\/organisator-ch-695","https:\/\/www.youtube.com\/channel\/UCGP2Sq0iWaZwT3BdIAQFYpw"]},{"@type":"Person","@id":"https:\/\/www.organisator.ch\/#\/schema\/person\/6f650f90b2842cd4c0cc334b4e36f67e","name":"thomas.berner","image":{"@type":"ImageObject","inLanguage":"en-US","@id":"https:\/\/secure.gravatar.com\/avatar\/ac5001d2a36cb6c6cd3e50789007ffca834b477b74a2144564522e944eabff61?s=96&d=mm&r=g","url":"https:\/\/secure.gravatar.com\/avatar\/ac5001d2a36cb6c6cd3e50789007ffca834b477b74a2144564522e944eabff61?s=96&d=mm&r=g","contentUrl":"https:\/\/secure.gravatar.com\/avatar\/ac5001d2a36cb6c6cd3e50789007ffca834b477b74a2144564522e944eabff61?s=96&d=mm&r=g","caption":"thomas.berner"},"url":"https:\/\/www.organisator.ch\/en\/author\/thomas-berner\/"}]}},"_links":{"self":[{"href":"https:\/\/www.organisator.ch\/en\/wp-json\/wp\/v2\/posts\/4519","targetHints":{"allow":["GET"]}}],"collection":[{"href":"https:\/\/www.organisator.ch\/en\/wp-json\/wp\/v2\/posts"}],"about":[{"href":"https:\/\/www.organisator.ch\/en\/wp-json\/wp\/v2\/types\/post"}],"author":[{"embeddable":true,"href":"https:\/\/www.organisator.ch\/en\/wp-json\/wp\/v2\/users\/4"}],"replies":[{"embeddable":true,"href":"https:\/\/www.organisator.ch\/en\/wp-json\/wp\/v2\/comments?post=4519"}],"version-history":[{"count":0,"href":"https:\/\/www.organisator.ch\/en\/wp-json\/wp\/v2\/posts\/4519\/revisions"}],"wp:featuredmedia":[{"embeddable":true,"href":"https:\/\/www.organisator.ch\/en\/wp-json\/wp\/v2\/media\/4520"}],"wp:attachment":[{"href":"https:\/\/www.organisator.ch\/en\/wp-json\/wp\/v2\/media?parent=4519"}],"wp:term":[{"taxonomy":"category","embeddable":true,"href":"https:\/\/www.organisator.ch\/en\/wp-json\/wp\/v2\/categories?post=4519"},{"taxonomy":"post_tag","embeddable":true,"href":"https:\/\/www.organisator.ch\/en\/wp-json\/wp\/v2\/tags?post=4519"}],"curies":[{"name":"wp","href":"https:\/\/api.w.org\/{rel}","templated":true}]}}