{"id":4522,"date":"2018-11-15T08:06:38","date_gmt":"2018-11-15T07:06:38","guid":{"rendered":"https:\/\/www.organisator.ch\/?p=4522"},"modified":"2018-11-15T08:06:38","modified_gmt":"2018-11-15T07:06:38","slug":"neues-buch-von-edith-karl-digitalisierter-mut","status":"publish","type":"post","link":"https:\/\/www.organisator.ch\/en\/human-resources\/fit_im_job\/2018-11-15\/neues-buch-von-edith-karl-digitalisierter-mut\/","title":{"rendered":"New book by Edith Karl: \"Digitized Courage"},"content":{"rendered":"<figure id=\"attachment_4524\" aria-describedby=\"caption-attachment-4524\" style=\"width: 300px\" class=\"wp-caption alignnone\"><img loading=\"lazy\" decoding=\"async\" class=\"size-full wp-image-4524\" src=\"https:\/\/www.organisator.ch\/wp-content\/uploads\/2018\/11\/Neues-Buch-von-Edith-Karl-Digitalisierter-Mut_Organisator.jpg\" alt=\"\" width=\"300\" height=\"433\" srcset=\"https:\/\/www.organisator.ch\/wp-content\/uploads\/2018\/11\/Neues-Buch-von-Edith-Karl-Digitalisierter-Mut_Organisator.jpg 300w, https:\/\/www.organisator.ch\/wp-content\/uploads\/2018\/11\/Neues-Buch-von-Edith-Karl-Digitalisierter-Mut_Organisator-8x12.jpg 8w, https:\/\/www.organisator.ch\/wp-content\/uploads\/2018\/11\/Neues-Buch-von-Edith-Karl-Digitalisierter-Mut_Organisator-121x175.jpg 121w, https:\/\/www.organisator.ch\/wp-content\/uploads\/2018\/11\/Neues-Buch-von-Edith-Karl-Digitalisierter-Mut_Organisator-242x350.jpg 242w\" sizes=\"auto, (max-width: 300px) 100vw, 300px\" \/><figcaption id=\"caption-attachment-4524\" class=\"wp-caption-text\">The new book by trainer and mental coach Edith Karl: \"Digitized Courage\" (Image: zVg)<\/figcaption><\/figure>\n<p>One thing is certain: People remain the most important factor in events. This is especially true for those people who have mastered the core social skills. With this book, readers realize what gates their rediscovered curiosity opens for them. They focus inexorably on their goals. But only the supreme discipline of the courageous reveals how powerfully people can shape things together with others.<\/p>\n<p>Edith Karl addresses many important topics and comes up with both well-known and lesser-known wisdom and conclusions. The wealth of examples presented is taken directly from life and is therefore easy to follow. This more serenity and strength lets people find their personal way through the huge range of Big Data and Artificial Intelligence. More and more clearly, they recognize their possibilities. Freed from heavy physical work and boring routine, people can turn to challenging activities and do what suits their personality.<\/p>\n<p>We have long been able to step out of the confining hamster wheel. Working life is becoming more diverse. In many companies, three generations are already working together across professional and often national boundaries. The so-called digital natives support the digital immigrants in terms of new working methods and speed. In return, they want to communicate at eye level and grow through meaningful challenges.<\/p>\n<p>Last but not least, Edith Karl shows how readers can even digitize their own courage. Current sciences such as brain research, medicine, cell biology, epigenetics and quantum physics are currently proving the effectiveness of what wise men from East and West have been practicing for a long time. Scientific findings and experiments support people to create and realize their own way of life. This path is described in an easily readable and comprehensible way.  The book can serve as a valuable stimulus for looking at digitization from perspectives other than the usual ones.<\/p>\n<p><em>Further information and reader comments on the book can be found on\u00a0<a href=\"http:\/\/www.digitalisierter-mut.com\">www.digitalisierter-mut.com<\/a><\/em><\/p>","protected":false},"excerpt":{"rendered":"<p>Eines steht fest: Der Mensch bleibt der wichtigste Faktor im Geschehen. Das gilt vor allem f\u00fcr jene Menschen, welche die sozialen Kernkompetenzen beherrschen. Mit diesem Buch erkennen die Leserinnen und Leser, welche Tore ihnen die wieder entdeckte Neugierde \u00f6ffnet. Sie fokussieren sich unaufhaltsam auf ihre Ziele. Doch erst die K\u00f6nigsdisziplin der Mutigen zeigt auf, wie [&hellip;]<\/p>\n","protected":false},"author":4,"featured_media":4524,"comment_status":"open","ping_status":"open","sticky":false,"template":"","format":"standard","meta":{"_acf_changed":false,"_yoast_wpseo_focuskw":"Edith Karl","_yoast_wpseo_metadesc":"Verdr\u00e4ngt die Digitalisierung den Menschen oder unterst\u00fctzt sie ihn sogar? Beides trifft zu, wei\u00df die Autorin Edith Karl in ihrem neuen Buch.","articlekey":"","footnotes":""},"categories":[25],"tags":[92,95,156,208,429],"class_list":["post-4522","post","type-post","status-publish","format-standard","has-post-thumbnail","hentry","category-fit_im_job","tag-buch","tag-buchtipps","tag-digitalisierung","tag-fit-im-job","tag-selbstmanagement"],"acf":[],"yoast_head":"<!-- This site is optimized with the Yoast SEO plugin v27.5 - https:\/\/yoast.com\/product\/yoast-seo-wordpress\/ -->\n<title>Neues Buch von Edith Karl: &quot;Digitalisierter Mut&quot; - Organisator<\/title>\n<meta name=\"description\" content=\"Verdr\u00e4ngt die Digitalisierung den Menschen oder unterst\u00fctzt sie ihn sogar? Beides trifft zu, wei\u00df die Autorin Edith Karl in ihrem neuen Buch.\" \/>\n<meta name=\"robots\" content=\"index, follow, max-snippet:-1, max-image-preview:large, max-video-preview:-1\" \/>\n<link rel=\"canonical\" href=\"https:\/\/www.organisator.ch\/en\/human-resources\/fit_im_job\/2018-11-15\/neues-buch-von-edith-karl-digitalisierter-mut\/\" \/>\n<meta property=\"og:locale\" content=\"en_US\" \/>\n<meta property=\"og:type\" content=\"article\" \/>\n<meta property=\"og:title\" content=\"Neues Buch von Edith Karl: &quot;Digitalisierter Mut&quot;\" \/>\n<meta property=\"og:description\" content=\"Verdr\u00e4ngt die Digitalisierung den Menschen oder unterst\u00fctzt sie ihn sogar? Beides trifft zu, wei\u00df die Autorin Edith Karl in ihrem neuen Buch.\" \/>\n<meta property=\"og:url\" content=\"https:\/\/www.organisator.ch\/en\/human-resources\/fit_im_job\/2018-11-15\/neues-buch-von-edith-karl-digitalisierter-mut\/\" \/>\n<meta property=\"og:site_name\" content=\"Organisator\" \/>\n<meta property=\"article:publisher\" content=\"https:\/\/www.facebook.com\/OrganisatorFachmagazin\" \/>\n<meta property=\"article:published_time\" content=\"2018-11-15T07:06:38+00:00\" \/>\n<meta property=\"og:image\" content=\"https:\/\/www.organisator.ch\/wp-content\/uploads\/2018\/11\/Neues-Buch-von-Edith-Karl-Digitalisierter-Mut_Organisator.jpg\" \/>\n\t<meta property=\"og:image:width\" content=\"300\" \/>\n\t<meta property=\"og:image:height\" content=\"433\" \/>\n\t<meta property=\"og:image:type\" content=\"image\/jpeg\" \/>\n<meta name=\"author\" content=\"thomas.berner\" \/>\n<meta name=\"twitter:card\" content=\"summary_large_image\" \/>\n<meta name=\"twitter:title\" content=\"Neues Buch von #EdithKarl: &quot;Digitalisierter Mut&quot;\" \/>\n<meta name=\"twitter:description\" content=\"Verdr\u00e4ngt die Digitalisierung den Menschen oder unterst\u00fctzt sie ihn sogar? Beides trifft zu, wei\u00df die Autorin #EdithKarl in ihrem neuen Buch.\" \/>\n<meta name=\"twitter:image\" content=\"https:\/\/www.organisator.ch\/wp-content\/uploads\/2018\/11\/Neues-Buch-von-Edith-Karl-Digitalisierter-Mut_Organisator.jpg\" \/>\n<script type=\"application\/ld+json\" class=\"yoast-schema-graph\">{\"@context\":\"https:\\\/\\\/schema.org\",\"@graph\":[{\"@type\":\"Article\",\"@id\":\"https:\\\/\\\/www.organisator.ch\\\/human-resources\\\/fit_im_job\\\/2018-11-15\\\/neues-buch-von-edith-karl-digitalisierter-mut\\\/#article\",\"isPartOf\":{\"@id\":\"https:\\\/\\\/www.organisator.ch\\\/human-resources\\\/fit_im_job\\\/2018-11-15\\\/neues-buch-von-edith-karl-digitalisierter-mut\\\/\"},\"author\":{\"name\":\"thomas.berner\",\"@id\":\"https:\\\/\\\/www.organisator.ch\\\/#\\\/schema\\\/person\\\/6f650f90b2842cd4c0cc334b4e36f67e\"},\"headline\":\"Neues Buch von Edith Karl: &#8222;Digitalisierter Mut&#8220;\",\"datePublished\":\"2018-11-15T07:06:38+00:00\",\"mainEntityOfPage\":{\"@id\":\"https:\\\/\\\/www.organisator.ch\\\/human-resources\\\/fit_im_job\\\/2018-11-15\\\/neues-buch-von-edith-karl-digitalisierter-mut\\\/\"},\"wordCount\":345,\"commentCount\":0,\"publisher\":{\"@id\":\"https:\\\/\\\/www.organisator.ch\\\/#organization\"},\"image\":{\"@id\":\"https:\\\/\\\/www.organisator.ch\\\/human-resources\\\/fit_im_job\\\/2018-11-15\\\/neues-buch-von-edith-karl-digitalisierter-mut\\\/#primaryimage\"},\"thumbnailUrl\":\"https:\\\/\\\/www.organisator.ch\\\/wp-content\\\/uploads\\\/2018\\\/11\\\/Neues-Buch-von-Edith-Karl-Digitalisierter-Mut_Organisator.jpg\",\"keywords\":[\"Buch\",\"Buchtipps\",\"Digitalisierung\",\"Fit im Job\",\"Selbstmanagement\"],\"articleSection\":[\"FIT IM JOB\"],\"inLanguage\":\"en-US\"},{\"@type\":\"WebPage\",\"@id\":\"https:\\\/\\\/www.organisator.ch\\\/human-resources\\\/fit_im_job\\\/2018-11-15\\\/neues-buch-von-edith-karl-digitalisierter-mut\\\/\",\"url\":\"https:\\\/\\\/www.organisator.ch\\\/human-resources\\\/fit_im_job\\\/2018-11-15\\\/neues-buch-von-edith-karl-digitalisierter-mut\\\/\",\"name\":\"Neues Buch von Edith Karl: \\\"Digitalisierter Mut\\\" - Organisator\",\"isPartOf\":{\"@id\":\"https:\\\/\\\/www.organisator.ch\\\/#website\"},\"primaryImageOfPage\":{\"@id\":\"https:\\\/\\\/www.organisator.ch\\\/human-resources\\\/fit_im_job\\\/2018-11-15\\\/neues-buch-von-edith-karl-digitalisierter-mut\\\/#primaryimage\"},\"image\":{\"@id\":\"https:\\\/\\\/www.organisator.ch\\\/human-resources\\\/fit_im_job\\\/2018-11-15\\\/neues-buch-von-edith-karl-digitalisierter-mut\\\/#primaryimage\"},\"thumbnailUrl\":\"https:\\\/\\\/www.organisator.ch\\\/wp-content\\\/uploads\\\/2018\\\/11\\\/Neues-Buch-von-Edith-Karl-Digitalisierter-Mut_Organisator.jpg\",\"datePublished\":\"2018-11-15T07:06:38+00:00\",\"description\":\"Verdr\u00e4ngt die Digitalisierung den Menschen oder unterst\u00fctzt sie ihn sogar? Beides trifft zu, wei\u00df die Autorin Edith Karl in ihrem neuen Buch.\",\"breadcrumb\":{\"@id\":\"https:\\\/\\\/www.organisator.ch\\\/human-resources\\\/fit_im_job\\\/2018-11-15\\\/neues-buch-von-edith-karl-digitalisierter-mut\\\/#breadcrumb\"},\"inLanguage\":\"en-US\",\"potentialAction\":[{\"@type\":\"ReadAction\",\"target\":[\"https:\\\/\\\/www.organisator.ch\\\/human-resources\\\/fit_im_job\\\/2018-11-15\\\/neues-buch-von-edith-karl-digitalisierter-mut\\\/\"]}]},{\"@type\":\"ImageObject\",\"inLanguage\":\"en-US\",\"@id\":\"https:\\\/\\\/www.organisator.ch\\\/human-resources\\\/fit_im_job\\\/2018-11-15\\\/neues-buch-von-edith-karl-digitalisierter-mut\\\/#primaryimage\",\"url\":\"https:\\\/\\\/www.organisator.ch\\\/wp-content\\\/uploads\\\/2018\\\/11\\\/Neues-Buch-von-Edith-Karl-Digitalisierter-Mut_Organisator.jpg\",\"contentUrl\":\"https:\\\/\\\/www.organisator.ch\\\/wp-content\\\/uploads\\\/2018\\\/11\\\/Neues-Buch-von-Edith-Karl-Digitalisierter-Mut_Organisator.jpg\",\"width\":300,\"height\":433,\"caption\":\"Das neue Buch von Edith Karl: \\\"Digitalisierter Mut\\\" (Bild: zVg)\"},{\"@type\":\"BreadcrumbList\",\"@id\":\"https:\\\/\\\/www.organisator.ch\\\/human-resources\\\/fit_im_job\\\/2018-11-15\\\/neues-buch-von-edith-karl-digitalisierter-mut\\\/#breadcrumb\",\"itemListElement\":[{\"@type\":\"ListItem\",\"position\":1,\"name\":\"Home\",\"item\":\"https:\\\/\\\/www.organisator.ch\\\/\"},{\"@type\":\"ListItem\",\"position\":2,\"name\":\"Neues Buch von Edith Karl: &#8222;Digitalisierter Mut&#8220;\"}]},{\"@type\":\"WebSite\",\"@id\":\"https:\\\/\\\/www.organisator.ch\\\/#website\",\"url\":\"https:\\\/\\\/www.organisator.ch\\\/\",\"name\":\"Organisator\",\"description\":\"Kompetent. Praxisnah. Der ORGANISATOR bereitet in 10 Ausgaben pro Jahr die wesentlichen Themen f\u00fcr F\u00fchrungskr\u00e4fte von KMU auf.\",\"publisher\":{\"@id\":\"https:\\\/\\\/www.organisator.ch\\\/#organization\"},\"potentialAction\":[{\"@type\":\"SearchAction\",\"target\":{\"@type\":\"EntryPoint\",\"urlTemplate\":\"https:\\\/\\\/www.organisator.ch\\\/?s={search_term_string}\"},\"query-input\":{\"@type\":\"PropertyValueSpecification\",\"valueRequired\":true,\"valueName\":\"search_term_string\"}}],\"inLanguage\":\"en-US\"},{\"@type\":\"Organization\",\"@id\":\"https:\\\/\\\/www.organisator.ch\\\/#organization\",\"name\":\"Organisator\",\"url\":\"https:\\\/\\\/www.organisator.ch\\\/\",\"logo\":{\"@type\":\"ImageObject\",\"inLanguage\":\"en-US\",\"@id\":\"https:\\\/\\\/www.organisator.ch\\\/#\\\/schema\\\/logo\\\/image\\\/\",\"url\":\"https:\\\/\\\/www.organisator.ch\\\/wp-content\\\/uploads\\\/2022\\\/01\\\/Logo_Organisator_Website.png\",\"contentUrl\":\"https:\\\/\\\/www.organisator.ch\\\/wp-content\\\/uploads\\\/2022\\\/01\\\/Logo_Organisator_Website.png\",\"width\":800,\"height\":77,\"caption\":\"Organisator\"},\"image\":{\"@id\":\"https:\\\/\\\/www.organisator.ch\\\/#\\\/schema\\\/logo\\\/image\\\/\"},\"sameAs\":[\"https:\\\/\\\/www.facebook.com\\\/OrganisatorFachmagazin\",\"https:\\\/\\\/www.linkedin.com\\\/showcase\\\/organisator-das-magazin-fr-kmu\",\"https:\\\/\\\/www.xing.com\\\/news\\\/pages\\\/organisator-ch-695\",\"https:\\\/\\\/www.youtube.com\\\/channel\\\/UCGP2Sq0iWaZwT3BdIAQFYpw\"]},{\"@type\":\"Person\",\"@id\":\"https:\\\/\\\/www.organisator.ch\\\/#\\\/schema\\\/person\\\/6f650f90b2842cd4c0cc334b4e36f67e\",\"name\":\"thomas.berner\",\"image\":{\"@type\":\"ImageObject\",\"inLanguage\":\"en-US\",\"@id\":\"https:\\\/\\\/secure.gravatar.com\\\/avatar\\\/ac5001d2a36cb6c6cd3e50789007ffca834b477b74a2144564522e944eabff61?s=96&d=mm&r=g\",\"url\":\"https:\\\/\\\/secure.gravatar.com\\\/avatar\\\/ac5001d2a36cb6c6cd3e50789007ffca834b477b74a2144564522e944eabff61?s=96&d=mm&r=g\",\"contentUrl\":\"https:\\\/\\\/secure.gravatar.com\\\/avatar\\\/ac5001d2a36cb6c6cd3e50789007ffca834b477b74a2144564522e944eabff61?s=96&d=mm&r=g\",\"caption\":\"thomas.berner\"},\"url\":\"https:\\\/\\\/www.organisator.ch\\\/en\\\/author\\\/thomas-berner\\\/\"}]}<\/script>\n<!-- \/ Yoast SEO plugin. -->","yoast_head_json":{"title":"New book by Edith Karl: \"Digitized courage\" - Organizer","description":"Is digitization displacing people or even supporting them? Both are true, says author Edith Karl in her new book.","robots":{"index":"index","follow":"follow","max-snippet":"max-snippet:-1","max-image-preview":"max-image-preview:large","max-video-preview":"max-video-preview:-1"},"canonical":"https:\/\/www.organisator.ch\/en\/human-resources\/fit_im_job\/2018-11-15\/neues-buch-von-edith-karl-digitalisierter-mut\/","og_locale":"en_US","og_type":"article","og_title":"Neues Buch von Edith Karl: \"Digitalisierter Mut\"","og_description":"Verdr\u00e4ngt die Digitalisierung den Menschen oder unterst\u00fctzt sie ihn sogar? Beides trifft zu, wei\u00df die Autorin Edith Karl in ihrem neuen Buch.","og_url":"https:\/\/www.organisator.ch\/en\/human-resources\/fit_im_job\/2018-11-15\/neues-buch-von-edith-karl-digitalisierter-mut\/","og_site_name":"Organisator","article_publisher":"https:\/\/www.facebook.com\/OrganisatorFachmagazin","article_published_time":"2018-11-15T07:06:38+00:00","og_image":[{"width":300,"height":433,"url":"https:\/\/www.organisator.ch\/wp-content\/uploads\/2018\/11\/Neues-Buch-von-Edith-Karl-Digitalisierter-Mut_Organisator.jpg","type":"image\/jpeg"}],"author":"thomas.berner","twitter_card":"summary_large_image","twitter_title":"Neues Buch von #EdithKarl: \"Digitalisierter Mut\"","twitter_description":"Verdr\u00e4ngt die Digitalisierung den Menschen oder unterst\u00fctzt sie ihn sogar? Beides trifft zu, wei\u00df die Autorin #EdithKarl in ihrem neuen Buch.","twitter_image":"https:\/\/www.organisator.ch\/wp-content\/uploads\/2018\/11\/Neues-Buch-von-Edith-Karl-Digitalisierter-Mut_Organisator.jpg","schema":{"@context":"https:\/\/schema.org","@graph":[{"@type":"Article","@id":"https:\/\/www.organisator.ch\/human-resources\/fit_im_job\/2018-11-15\/neues-buch-von-edith-karl-digitalisierter-mut\/#article","isPartOf":{"@id":"https:\/\/www.organisator.ch\/human-resources\/fit_im_job\/2018-11-15\/neues-buch-von-edith-karl-digitalisierter-mut\/"},"author":{"name":"thomas.berner","@id":"https:\/\/www.organisator.ch\/#\/schema\/person\/6f650f90b2842cd4c0cc334b4e36f67e"},"headline":"Neues Buch von Edith Karl: &#8222;Digitalisierter Mut&#8220;","datePublished":"2018-11-15T07:06:38+00:00","mainEntityOfPage":{"@id":"https:\/\/www.organisator.ch\/human-resources\/fit_im_job\/2018-11-15\/neues-buch-von-edith-karl-digitalisierter-mut\/"},"wordCount":345,"commentCount":0,"publisher":{"@id":"https:\/\/www.organisator.ch\/#organization"},"image":{"@id":"https:\/\/www.organisator.ch\/human-resources\/fit_im_job\/2018-11-15\/neues-buch-von-edith-karl-digitalisierter-mut\/#primaryimage"},"thumbnailUrl":"https:\/\/www.organisator.ch\/wp-content\/uploads\/2018\/11\/Neues-Buch-von-Edith-Karl-Digitalisierter-Mut_Organisator.jpg","keywords":["Buch","Buchtipps","Digitalisierung","Fit im Job","Selbstmanagement"],"articleSection":["FIT IM JOB"],"inLanguage":"en-US"},{"@type":"WebPage","@id":"https:\/\/www.organisator.ch\/human-resources\/fit_im_job\/2018-11-15\/neues-buch-von-edith-karl-digitalisierter-mut\/","url":"https:\/\/www.organisator.ch\/human-resources\/fit_im_job\/2018-11-15\/neues-buch-von-edith-karl-digitalisierter-mut\/","name":"New book by Edith Karl: \"Digitized courage\" - Organizer","isPartOf":{"@id":"https:\/\/www.organisator.ch\/#website"},"primaryImageOfPage":{"@id":"https:\/\/www.organisator.ch\/human-resources\/fit_im_job\/2018-11-15\/neues-buch-von-edith-karl-digitalisierter-mut\/#primaryimage"},"image":{"@id":"https:\/\/www.organisator.ch\/human-resources\/fit_im_job\/2018-11-15\/neues-buch-von-edith-karl-digitalisierter-mut\/#primaryimage"},"thumbnailUrl":"https:\/\/www.organisator.ch\/wp-content\/uploads\/2018\/11\/Neues-Buch-von-Edith-Karl-Digitalisierter-Mut_Organisator.jpg","datePublished":"2018-11-15T07:06:38+00:00","description":"Is digitization displacing people or even supporting them? Both are true, says author Edith Karl in her new book.","breadcrumb":{"@id":"https:\/\/www.organisator.ch\/human-resources\/fit_im_job\/2018-11-15\/neues-buch-von-edith-karl-digitalisierter-mut\/#breadcrumb"},"inLanguage":"en-US","potentialAction":[{"@type":"ReadAction","target":["https:\/\/www.organisator.ch\/human-resources\/fit_im_job\/2018-11-15\/neues-buch-von-edith-karl-digitalisierter-mut\/"]}]},{"@type":"ImageObject","inLanguage":"en-US","@id":"https:\/\/www.organisator.ch\/human-resources\/fit_im_job\/2018-11-15\/neues-buch-von-edith-karl-digitalisierter-mut\/#primaryimage","url":"https:\/\/www.organisator.ch\/wp-content\/uploads\/2018\/11\/Neues-Buch-von-Edith-Karl-Digitalisierter-Mut_Organisator.jpg","contentUrl":"https:\/\/www.organisator.ch\/wp-content\/uploads\/2018\/11\/Neues-Buch-von-Edith-Karl-Digitalisierter-Mut_Organisator.jpg","width":300,"height":433,"caption":"Das neue Buch von Edith Karl: \"Digitalisierter Mut\" (Bild: zVg)"},{"@type":"BreadcrumbList","@id":"https:\/\/www.organisator.ch\/human-resources\/fit_im_job\/2018-11-15\/neues-buch-von-edith-karl-digitalisierter-mut\/#breadcrumb","itemListElement":[{"@type":"ListItem","position":1,"name":"Home","item":"https:\/\/www.organisator.ch\/"},{"@type":"ListItem","position":2,"name":"Neues Buch von Edith Karl: &#8222;Digitalisierter Mut&#8220;"}]},{"@type":"WebSite","@id":"https:\/\/www.organisator.ch\/#website","url":"https:\/\/www.organisator.ch\/","name":"Organizer","description":"Competent. Practical. In 10 issues per year, ORGANISATOR presents the essential topics for managers of SMEs.","publisher":{"@id":"https:\/\/www.organisator.ch\/#organization"},"potentialAction":[{"@type":"SearchAction","target":{"@type":"EntryPoint","urlTemplate":"https:\/\/www.organisator.ch\/?s={search_term_string}"},"query-input":{"@type":"PropertyValueSpecification","valueRequired":true,"valueName":"search_term_string"}}],"inLanguage":"en-US"},{"@type":"Organization","@id":"https:\/\/www.organisator.ch\/#organization","name":"Organizer","url":"https:\/\/www.organisator.ch\/","logo":{"@type":"ImageObject","inLanguage":"en-US","@id":"https:\/\/www.organisator.ch\/#\/schema\/logo\/image\/","url":"https:\/\/www.organisator.ch\/wp-content\/uploads\/2022\/01\/Logo_Organisator_Website.png","contentUrl":"https:\/\/www.organisator.ch\/wp-content\/uploads\/2022\/01\/Logo_Organisator_Website.png","width":800,"height":77,"caption":"Organisator"},"image":{"@id":"https:\/\/www.organisator.ch\/#\/schema\/logo\/image\/"},"sameAs":["https:\/\/www.facebook.com\/OrganisatorFachmagazin","https:\/\/www.linkedin.com\/showcase\/organisator-das-magazin-fr-kmu","https:\/\/www.xing.com\/news\/pages\/organisator-ch-695","https:\/\/www.youtube.com\/channel\/UCGP2Sq0iWaZwT3BdIAQFYpw"]},{"@type":"Person","@id":"https:\/\/www.organisator.ch\/#\/schema\/person\/6f650f90b2842cd4c0cc334b4e36f67e","name":"thomas.berner","image":{"@type":"ImageObject","inLanguage":"en-US","@id":"https:\/\/secure.gravatar.com\/avatar\/ac5001d2a36cb6c6cd3e50789007ffca834b477b74a2144564522e944eabff61?s=96&d=mm&r=g","url":"https:\/\/secure.gravatar.com\/avatar\/ac5001d2a36cb6c6cd3e50789007ffca834b477b74a2144564522e944eabff61?s=96&d=mm&r=g","contentUrl":"https:\/\/secure.gravatar.com\/avatar\/ac5001d2a36cb6c6cd3e50789007ffca834b477b74a2144564522e944eabff61?s=96&d=mm&r=g","caption":"thomas.berner"},"url":"https:\/\/www.organisator.ch\/en\/author\/thomas-berner\/"}]}},"_links":{"self":[{"href":"https:\/\/www.organisator.ch\/en\/wp-json\/wp\/v2\/posts\/4522","targetHints":{"allow":["GET"]}}],"collection":[{"href":"https:\/\/www.organisator.ch\/en\/wp-json\/wp\/v2\/posts"}],"about":[{"href":"https:\/\/www.organisator.ch\/en\/wp-json\/wp\/v2\/types\/post"}],"author":[{"embeddable":true,"href":"https:\/\/www.organisator.ch\/en\/wp-json\/wp\/v2\/users\/4"}],"replies":[{"embeddable":true,"href":"https:\/\/www.organisator.ch\/en\/wp-json\/wp\/v2\/comments?post=4522"}],"version-history":[{"count":0,"href":"https:\/\/www.organisator.ch\/en\/wp-json\/wp\/v2\/posts\/4522\/revisions"}],"wp:featuredmedia":[{"embeddable":true,"href":"https:\/\/www.organisator.ch\/en\/wp-json\/wp\/v2\/media\/4524"}],"wp:attachment":[{"href":"https:\/\/www.organisator.ch\/en\/wp-json\/wp\/v2\/media?parent=4522"}],"wp:term":[{"taxonomy":"category","embeddable":true,"href":"https:\/\/www.organisator.ch\/en\/wp-json\/wp\/v2\/categories?post=4522"},{"taxonomy":"post_tag","embeddable":true,"href":"https:\/\/www.organisator.ch\/en\/wp-json\/wp\/v2\/tags?post=4522"}],"curies":[{"name":"wp","href":"https:\/\/api.w.org\/{rel}","templated":true}]}}