{"id":455,"date":"2016-05-02T09:47:09","date_gmt":"2016-05-02T07:47:09","guid":{"rendered":"http:\/\/dev.organisator.ch\/?p=455"},"modified":"2016-05-02T09:47:09","modified_gmt":"2016-05-02T07:47:09","slug":"technologischer-wandel-schreitet-exponentiell-fort","status":"publish","type":"post","link":"https:\/\/www.organisator.ch\/en\/management\/2016-05-02\/technologischer-wandel-schreitet-exponentiell-fort\/","title":{"rendered":"Technological change progresses exponentially"},"content":{"rendered":"<figure id=\"attachment_456\" aria-describedby=\"caption-attachment-456\" style=\"width: 680px\" class=\"wp-caption alignnone\"><img loading=\"lazy\" decoding=\"async\" class=\"size-medium wp-image-456\" src=\"https:\/\/organisator.ch\/wp-content\/uploads\/2016\/12\/Technologischer-Wandel-schreitet-exponentiell-fort-organisator.jpg\" alt=\"\" width=\"680\" height=\"455\" srcset=\"https:\/\/www.organisator.ch\/wp-content\/uploads\/2016\/12\/Technologischer-Wandel-schreitet-exponentiell-fort-organisator.jpg 1024w, https:\/\/www.organisator.ch\/wp-content\/uploads\/2016\/12\/Technologischer-Wandel-schreitet-exponentiell-fort-organisator-680x455.jpg 680w, https:\/\/www.organisator.ch\/wp-content\/uploads\/2016\/12\/Technologischer-Wandel-schreitet-exponentiell-fort-organisator-768x514.jpg 768w, https:\/\/www.organisator.ch\/wp-content\/uploads\/2016\/12\/Technologischer-Wandel-schreitet-exponentiell-fort-organisator-16x12.jpg 16w, https:\/\/www.organisator.ch\/wp-content\/uploads\/2016\/12\/Technologischer-Wandel-schreitet-exponentiell-fort-organisator-262x175.jpg 262w, https:\/\/www.organisator.ch\/wp-content\/uploads\/2016\/12\/Technologischer-Wandel-schreitet-exponentiell-fort-organisator-523x350.jpg 523w, https:\/\/www.organisator.ch\/wp-content\/uploads\/2016\/12\/Technologischer-Wandel-schreitet-exponentiell-fort-organisator-920x615.jpg 920w, https:\/\/www.organisator.ch\/wp-content\/uploads\/2016\/12\/Technologischer-Wandel-schreitet-exponentiell-fort-organisator-300x201.jpg 300w\" sizes=\"auto, (max-width: 680px) 100vw, 680px\" \/><figcaption id=\"caption-attachment-456\" class=\"wp-caption-text\">\"Privacy is dead\" - according to Erik Qualman at the Digital Economic Forum. (Photo: zVg)<\/figcaption><\/figure>\n<p>The 4th industrial revolution, digital transformation, disruptive economy and the positive and negative effects on the economy, jobs and society were the focus of the two-day meeting with influential international thought leaders as well as entrepreneurs, start-ups, CEOs, researchers and consultants from the digital and analog world. For futurist Gerd Leonhard, we are in an exponential technological change, data is the new oil and science fiction is becoming science fact. In five years, a computer will have the capacity of the human brain, predicted Leonhard. And the world will change more in the next 20 years than in the last 300.<\/p>\n<p>Today, everything is evaluated automatically, ratings are now everywhere, and \"privacy is dead,\" explained the successful American author Erik Qualman at the Media Roundtable. This automatically gives companies and individuals a digital footprint or a digital stamp. All data is collected and assessed, from economic and personal behavior to health status and economic performance. Qualman considers the combination of offline and online to be eminent, and it is of great importance to actively influence the digital stamp oneself and not to let it be determined from the outside. In doing so, one must concentrate on what is important and simple. Break \/ Through CEO Reto Schnyder also made it clear that the indirect effects of digitalization are greater than the direct ones, e.g. in the case of autonomous mobility on the real estate and labor market. For the German crime writer Veit Etzold, in the digital world with ever more information and ever shorter attention spans, those who come up with a good story will still be heard, understood and bought.<\/p>\n<p><strong>Big Data and Consumer 2.0<\/strong><\/p>\n<p>Communications specialist Julius Van de Laar explained his strategy for US President Barack Obama's successful 2012 election campaign, which was based on Big Data and tools for integrated campaign management. \"No matter what you do, you absolutely have to stay authentic, even on social media,\" Van de Laar concluded his presentation.<\/p>\n<p>Science fiction is reality today, also declared digital disruption and transformation consultant Kamales Lardi. She presented the \"disruptive consumer 2.0\u2033 and essential technological trends. The consumer has changed significantly with technological innovations, she said. The question now is, to what extent have producers, companies also transformed? Industries are being drawn into a digital storm, and companies and startups that weather this storm are acting in a consumer-oriented manner and have a major impact on future economic development. Brain researcher Pascal Kaufmann did not believe that independent artificial intelligence could be realized in the near future. However, he propagated so-called corporate cyborgs (blending of man and machine) that could be developed in Switzerland through research on artificial intelligence. The engine of the digital revolution is the human brain, Kaufmann explained.<\/p>\n<p><strong>Mastering the digital future<\/strong><\/p>\n<p>Andreas Krebs, Chairman MERZ Pharmaceuticals, pointed out that at the moment no CEO of the big pharmaceutical companies could convincingly say that his company had a digital strategy. He considered it of great importance that pharmaceutical companies guide patients through the digital world and bring them to the doctor via this path. In two times three business tracks, various companies demonstrated their successful approaches to mastering the digital future, and in the plenary Ali Mahlodji managed a convincing presentation of his motivation to turn a childhood idea into a success story with the storytelling platform whatchado.com. Behavioral economist Andreas Staub confronted the participants with non-rational decisions. He found that social preferences remain pronounced, and digital anonymity is not relevant. People therefore remain people online as well.<\/p>\n<p>DEF kicked off on Tuesday with a highly forthcoming Carsten Maschmeyer. In an entertaining overview of fintech and the state of the banking world, the German investor anticipated a breathtaking technological development with young bold and innovative entrepreneurs. For traditional banks, Maschmeyer sees the danger of being passed to the bottom in the face of innovative developments outside of licensed financial services. As an investor, he focuses on creative product makers, who are more important to him than the product and their solutions for successful sales and marketing, said the dazzling entrepreneur.<\/p>\n<p><em><a href=\"http:\/\/www.digitaleconomicforum.ch\" target=\"_blank\" data-cke-saved-href=\"http:\/\/www.digitaleconomicforum.ch\" rel=\"noopener\">www.digitaleconomicforum.ch<\/a><\/em><\/p>","protected":false},"excerpt":{"rendered":"<p>Die 4. industrielle Revolution, die digitale Transformation, disruptive Economy und die positiven wie negativen Auswirkungen auf Wirtschaft, Arbeitspl\u00e4tze und Gesellschaft standen im Mittel-punkt des zweit\u00e4tigen Meetings mit einflussreichen internationalen Thought-Leaders sowie Un-ternehmern, Start-ups, CEOs, Forscher und Berater aus der digitalen und analogen Welt. F\u00fcr Futurist Gerd Leonhard befinden wir uns in einem exponentiellen technologischen Wandel, [&hellip;]<\/p>\n","protected":false},"author":1,"featured_media":456,"comment_status":"open","ping_status":"open","sticky":false,"template":"","format":"standard","meta":{"_acf_changed":false,"_yoast_wpseo_focuskw":"Technologischer Wandel","_yoast_wpseo_metadesc":"Die Welt befindet sich mitten in einem exponentiellen technologischen Wandel.","articlekey":"","footnotes":""},"categories":[28],"tags":[193,334,335],"class_list":["post-455","post","type-post","status-publish","format-standard","has-post-thumbnail","hentry","category-management","tag-fachkongressfachmesse","tag-management","tag-management-und-unternehmensfuehrung"],"acf":[],"yoast_head":"<!-- This site is optimized with the Yoast SEO plugin v27.4 - https:\/\/yoast.com\/product\/yoast-seo-wordpress\/ -->\n<title>Technologischer Wandel schreitet exponentiell fort - Organisator<\/title>\n<meta name=\"description\" content=\"Die Welt befindet sich mitten in einem exponentiellen technologischen Wandel.\" \/>\n<meta name=\"robots\" content=\"index, follow, max-snippet:-1, max-image-preview:large, max-video-preview:-1\" \/>\n<link rel=\"canonical\" href=\"https:\/\/www.organisator.ch\/en\/management\/2016-05-02\/technologischer-wandel-schreitet-exponentiell-fort\/\" \/>\n<meta property=\"og:locale\" content=\"en_US\" \/>\n<meta property=\"og:type\" content=\"article\" \/>\n<meta property=\"og:title\" content=\"Technologischer Wandel schreitet exponentiell fort\" \/>\n<meta property=\"og:description\" content=\"Die Welt befindet sich mitten in einem exponentiellen technologischen Wandel. Referen-tinnen und Referenten sowie das Publikum waren sich am zweiten Digital Economic Forum (DEF) am 27. April in Z\u00fcrich einig, dass sich Wirtschaft und Gesellschaft in einem veritablen digitalen Sturm befinden. Das DEF, das dieses Jahr im Park Hyatt in Z\u00fcrich mit \u00fcber 200 Interessierten \u00fcber die B\u00fchne ging, versteht sich als massgebliches Update f\u00fcr Innovationen und Konsequenzen der Digitalisierung.\" \/>\n<meta property=\"og:url\" content=\"https:\/\/www.organisator.ch\/en\/management\/2016-05-02\/technologischer-wandel-schreitet-exponentiell-fort\/\" \/>\n<meta property=\"og:site_name\" content=\"Organisator\" \/>\n<meta property=\"article:publisher\" content=\"https:\/\/www.facebook.com\/OrganisatorFachmagazin\" \/>\n<meta property=\"article:published_time\" content=\"2016-05-02T07:47:09+00:00\" \/>\n<meta name=\"author\" content=\"admin\" \/>\n<meta name=\"twitter:card\" content=\"summary_large_image\" \/>\n<meta name=\"twitter:image\" content=\"https:\/\/www.organisator.ch\/wp-content\/uploads\/2016\/12\/Technologischer-Wandel-schreitet-exponentiell-fort-organisator.jpg\" \/>\n<script type=\"application\/ld+json\" class=\"yoast-schema-graph\">{\"@context\":\"https:\\\/\\\/schema.org\",\"@graph\":[{\"@type\":\"Article\",\"@id\":\"https:\\\/\\\/www.organisator.ch\\\/management\\\/2016-05-02\\\/technologischer-wandel-schreitet-exponentiell-fort\\\/#article\",\"isPartOf\":{\"@id\":\"https:\\\/\\\/www.organisator.ch\\\/management\\\/2016-05-02\\\/technologischer-wandel-schreitet-exponentiell-fort\\\/\"},\"author\":{\"name\":\"admin\",\"@id\":\"https:\\\/\\\/www.organisator.ch\\\/#\\\/schema\\\/person\\\/aa2bace6c5c5aad60102004a50c4eb1c\"},\"headline\":\"Technologischer Wandel schreitet exponentiell fort\",\"datePublished\":\"2016-05-02T07:47:09+00:00\",\"mainEntityOfPage\":{\"@id\":\"https:\\\/\\\/www.organisator.ch\\\/management\\\/2016-05-02\\\/technologischer-wandel-schreitet-exponentiell-fort\\\/\"},\"wordCount\":711,\"commentCount\":0,\"publisher\":{\"@id\":\"https:\\\/\\\/www.organisator.ch\\\/#organization\"},\"image\":{\"@id\":\"https:\\\/\\\/www.organisator.ch\\\/management\\\/2016-05-02\\\/technologischer-wandel-schreitet-exponentiell-fort\\\/#primaryimage\"},\"thumbnailUrl\":\"https:\\\/\\\/www.organisator.ch\\\/wp-content\\\/uploads\\\/2016\\\/12\\\/Technologischer-Wandel-schreitet-exponentiell-fort-organisator.jpg\",\"keywords\":[\"Fachkongress\\\/Fachmesse\",\"Management\",\"Management und Unternehmensf\u00fchrung\"],\"articleSection\":[\"MANAGEMENT\"],\"inLanguage\":\"en-US\"},{\"@type\":\"WebPage\",\"@id\":\"https:\\\/\\\/www.organisator.ch\\\/management\\\/2016-05-02\\\/technologischer-wandel-schreitet-exponentiell-fort\\\/\",\"url\":\"https:\\\/\\\/www.organisator.ch\\\/management\\\/2016-05-02\\\/technologischer-wandel-schreitet-exponentiell-fort\\\/\",\"name\":\"Technologischer Wandel schreitet exponentiell fort - Organisator\",\"isPartOf\":{\"@id\":\"https:\\\/\\\/www.organisator.ch\\\/#website\"},\"primaryImageOfPage\":{\"@id\":\"https:\\\/\\\/www.organisator.ch\\\/management\\\/2016-05-02\\\/technologischer-wandel-schreitet-exponentiell-fort\\\/#primaryimage\"},\"image\":{\"@id\":\"https:\\\/\\\/www.organisator.ch\\\/management\\\/2016-05-02\\\/technologischer-wandel-schreitet-exponentiell-fort\\\/#primaryimage\"},\"thumbnailUrl\":\"https:\\\/\\\/www.organisator.ch\\\/wp-content\\\/uploads\\\/2016\\\/12\\\/Technologischer-Wandel-schreitet-exponentiell-fort-organisator.jpg\",\"datePublished\":\"2016-05-02T07:47:09+00:00\",\"description\":\"Die Welt befindet sich mitten in einem exponentiellen technologischen Wandel.\",\"breadcrumb\":{\"@id\":\"https:\\\/\\\/www.organisator.ch\\\/management\\\/2016-05-02\\\/technologischer-wandel-schreitet-exponentiell-fort\\\/#breadcrumb\"},\"inLanguage\":\"en-US\",\"potentialAction\":[{\"@type\":\"ReadAction\",\"target\":[\"https:\\\/\\\/www.organisator.ch\\\/management\\\/2016-05-02\\\/technologischer-wandel-schreitet-exponentiell-fort\\\/\"]}]},{\"@type\":\"ImageObject\",\"inLanguage\":\"en-US\",\"@id\":\"https:\\\/\\\/www.organisator.ch\\\/management\\\/2016-05-02\\\/technologischer-wandel-schreitet-exponentiell-fort\\\/#primaryimage\",\"url\":\"https:\\\/\\\/www.organisator.ch\\\/wp-content\\\/uploads\\\/2016\\\/12\\\/Technologischer-Wandel-schreitet-exponentiell-fort-organisator.jpg\",\"contentUrl\":\"https:\\\/\\\/www.organisator.ch\\\/wp-content\\\/uploads\\\/2016\\\/12\\\/Technologischer-Wandel-schreitet-exponentiell-fort-organisator.jpg\",\"width\":1024,\"height\":685,\"caption\":\"\\\"Privacy is dead\\\" - so Erik Qualman am Digital Economic Forum. (Foto: zVg)\"},{\"@type\":\"BreadcrumbList\",\"@id\":\"https:\\\/\\\/www.organisator.ch\\\/management\\\/2016-05-02\\\/technologischer-wandel-schreitet-exponentiell-fort\\\/#breadcrumb\",\"itemListElement\":[{\"@type\":\"ListItem\",\"position\":1,\"name\":\"Home\",\"item\":\"https:\\\/\\\/www.organisator.ch\\\/\"},{\"@type\":\"ListItem\",\"position\":2,\"name\":\"Technologischer Wandel schreitet exponentiell fort\"}]},{\"@type\":\"WebSite\",\"@id\":\"https:\\\/\\\/www.organisator.ch\\\/#website\",\"url\":\"https:\\\/\\\/www.organisator.ch\\\/\",\"name\":\"Organisator\",\"description\":\"Kompetent. Praxisnah. Der ORGANISATOR bereitet in 10 Ausgaben pro Jahr die wesentlichen Themen f\u00fcr F\u00fchrungskr\u00e4fte von KMU auf.\",\"publisher\":{\"@id\":\"https:\\\/\\\/www.organisator.ch\\\/#organization\"},\"potentialAction\":[{\"@type\":\"SearchAction\",\"target\":{\"@type\":\"EntryPoint\",\"urlTemplate\":\"https:\\\/\\\/www.organisator.ch\\\/?s={search_term_string}\"},\"query-input\":{\"@type\":\"PropertyValueSpecification\",\"valueRequired\":true,\"valueName\":\"search_term_string\"}}],\"inLanguage\":\"en-US\"},{\"@type\":\"Organization\",\"@id\":\"https:\\\/\\\/www.organisator.ch\\\/#organization\",\"name\":\"Organisator\",\"url\":\"https:\\\/\\\/www.organisator.ch\\\/\",\"logo\":{\"@type\":\"ImageObject\",\"inLanguage\":\"en-US\",\"@id\":\"https:\\\/\\\/www.organisator.ch\\\/#\\\/schema\\\/logo\\\/image\\\/\",\"url\":\"https:\\\/\\\/www.organisator.ch\\\/wp-content\\\/uploads\\\/2022\\\/01\\\/Logo_Organisator_Website.png\",\"contentUrl\":\"https:\\\/\\\/www.organisator.ch\\\/wp-content\\\/uploads\\\/2022\\\/01\\\/Logo_Organisator_Website.png\",\"width\":800,\"height\":77,\"caption\":\"Organisator\"},\"image\":{\"@id\":\"https:\\\/\\\/www.organisator.ch\\\/#\\\/schema\\\/logo\\\/image\\\/\"},\"sameAs\":[\"https:\\\/\\\/www.facebook.com\\\/OrganisatorFachmagazin\",\"https:\\\/\\\/www.linkedin.com\\\/showcase\\\/organisator-das-magazin-fr-kmu\",\"https:\\\/\\\/www.xing.com\\\/news\\\/pages\\\/organisator-ch-695\",\"https:\\\/\\\/www.youtube.com\\\/channel\\\/UCGP2Sq0iWaZwT3BdIAQFYpw\"]},{\"@type\":\"Person\",\"@id\":\"https:\\\/\\\/www.organisator.ch\\\/#\\\/schema\\\/person\\\/aa2bace6c5c5aad60102004a50c4eb1c\",\"name\":\"admin\",\"image\":{\"@type\":\"ImageObject\",\"inLanguage\":\"en-US\",\"@id\":\"https:\\\/\\\/secure.gravatar.com\\\/avatar\\\/ae2f4d718e6c49043e314ce431e7e645d646302a24a5ef5a8bc8e3f5a032e319?s=96&d=mm&r=g\",\"url\":\"https:\\\/\\\/secure.gravatar.com\\\/avatar\\\/ae2f4d718e6c49043e314ce431e7e645d646302a24a5ef5a8bc8e3f5a032e319?s=96&d=mm&r=g\",\"contentUrl\":\"https:\\\/\\\/secure.gravatar.com\\\/avatar\\\/ae2f4d718e6c49043e314ce431e7e645d646302a24a5ef5a8bc8e3f5a032e319?s=96&d=mm&r=g\",\"caption\":\"admin\"},\"sameAs\":[\"https:\\\/\\\/www.organisator.ch\"],\"url\":\"https:\\\/\\\/www.organisator.ch\\\/en\\\/author\\\/admin\\\/\"}]}<\/script>\n<!-- \/ Yoast SEO plugin. -->","yoast_head_json":{"title":"Technological change is advancing exponentially - Organizer","description":"The world is in the midst of exponential technological change.","robots":{"index":"index","follow":"follow","max-snippet":"max-snippet:-1","max-image-preview":"max-image-preview:large","max-video-preview":"max-video-preview:-1"},"canonical":"https:\/\/www.organisator.ch\/en\/management\/2016-05-02\/technologischer-wandel-schreitet-exponentiell-fort\/","og_locale":"en_US","og_type":"article","og_title":"Technologischer Wandel schreitet exponentiell fort","og_description":"Die Welt befindet sich mitten in einem exponentiellen technologischen Wandel. Referen-tinnen und Referenten sowie das Publikum waren sich am zweiten Digital Economic Forum (DEF) am 27. April in Z\u00fcrich einig, dass sich Wirtschaft und Gesellschaft in einem veritablen digitalen Sturm befinden. Das DEF, das dieses Jahr im Park Hyatt in Z\u00fcrich mit \u00fcber 200 Interessierten \u00fcber die B\u00fchne ging, versteht sich als massgebliches Update f\u00fcr Innovationen und Konsequenzen der Digitalisierung.","og_url":"https:\/\/www.organisator.ch\/en\/management\/2016-05-02\/technologischer-wandel-schreitet-exponentiell-fort\/","og_site_name":"Organisator","article_publisher":"https:\/\/www.facebook.com\/OrganisatorFachmagazin","article_published_time":"2016-05-02T07:47:09+00:00","author":"admin","twitter_card":"summary_large_image","twitter_image":"https:\/\/www.organisator.ch\/wp-content\/uploads\/2016\/12\/Technologischer-Wandel-schreitet-exponentiell-fort-organisator.jpg","schema":{"@context":"https:\/\/schema.org","@graph":[{"@type":"Article","@id":"https:\/\/www.organisator.ch\/management\/2016-05-02\/technologischer-wandel-schreitet-exponentiell-fort\/#article","isPartOf":{"@id":"https:\/\/www.organisator.ch\/management\/2016-05-02\/technologischer-wandel-schreitet-exponentiell-fort\/"},"author":{"name":"admin","@id":"https:\/\/www.organisator.ch\/#\/schema\/person\/aa2bace6c5c5aad60102004a50c4eb1c"},"headline":"Technologischer Wandel schreitet exponentiell fort","datePublished":"2016-05-02T07:47:09+00:00","mainEntityOfPage":{"@id":"https:\/\/www.organisator.ch\/management\/2016-05-02\/technologischer-wandel-schreitet-exponentiell-fort\/"},"wordCount":711,"commentCount":0,"publisher":{"@id":"https:\/\/www.organisator.ch\/#organization"},"image":{"@id":"https:\/\/www.organisator.ch\/management\/2016-05-02\/technologischer-wandel-schreitet-exponentiell-fort\/#primaryimage"},"thumbnailUrl":"https:\/\/www.organisator.ch\/wp-content\/uploads\/2016\/12\/Technologischer-Wandel-schreitet-exponentiell-fort-organisator.jpg","keywords":["Fachkongress\/Fachmesse","Management","Management und Unternehmensf\u00fchrung"],"articleSection":["MANAGEMENT"],"inLanguage":"en-US"},{"@type":"WebPage","@id":"https:\/\/www.organisator.ch\/management\/2016-05-02\/technologischer-wandel-schreitet-exponentiell-fort\/","url":"https:\/\/www.organisator.ch\/management\/2016-05-02\/technologischer-wandel-schreitet-exponentiell-fort\/","name":"Technological change is advancing exponentially - Organizer","isPartOf":{"@id":"https:\/\/www.organisator.ch\/#website"},"primaryImageOfPage":{"@id":"https:\/\/www.organisator.ch\/management\/2016-05-02\/technologischer-wandel-schreitet-exponentiell-fort\/#primaryimage"},"image":{"@id":"https:\/\/www.organisator.ch\/management\/2016-05-02\/technologischer-wandel-schreitet-exponentiell-fort\/#primaryimage"},"thumbnailUrl":"https:\/\/www.organisator.ch\/wp-content\/uploads\/2016\/12\/Technologischer-Wandel-schreitet-exponentiell-fort-organisator.jpg","datePublished":"2016-05-02T07:47:09+00:00","description":"The world is in the midst of exponential technological change.","breadcrumb":{"@id":"https:\/\/www.organisator.ch\/management\/2016-05-02\/technologischer-wandel-schreitet-exponentiell-fort\/#breadcrumb"},"inLanguage":"en-US","potentialAction":[{"@type":"ReadAction","target":["https:\/\/www.organisator.ch\/management\/2016-05-02\/technologischer-wandel-schreitet-exponentiell-fort\/"]}]},{"@type":"ImageObject","inLanguage":"en-US","@id":"https:\/\/www.organisator.ch\/management\/2016-05-02\/technologischer-wandel-schreitet-exponentiell-fort\/#primaryimage","url":"https:\/\/www.organisator.ch\/wp-content\/uploads\/2016\/12\/Technologischer-Wandel-schreitet-exponentiell-fort-organisator.jpg","contentUrl":"https:\/\/www.organisator.ch\/wp-content\/uploads\/2016\/12\/Technologischer-Wandel-schreitet-exponentiell-fort-organisator.jpg","width":1024,"height":685,"caption":"\"Privacy is dead\" - so Erik Qualman am Digital Economic Forum. (Foto: zVg)"},{"@type":"BreadcrumbList","@id":"https:\/\/www.organisator.ch\/management\/2016-05-02\/technologischer-wandel-schreitet-exponentiell-fort\/#breadcrumb","itemListElement":[{"@type":"ListItem","position":1,"name":"Home","item":"https:\/\/www.organisator.ch\/"},{"@type":"ListItem","position":2,"name":"Technologischer Wandel schreitet exponentiell fort"}]},{"@type":"WebSite","@id":"https:\/\/www.organisator.ch\/#website","url":"https:\/\/www.organisator.ch\/","name":"Organizer","description":"Competent. Practical. In 10 issues per year, ORGANISATOR presents the essential topics for managers of SMEs.","publisher":{"@id":"https:\/\/www.organisator.ch\/#organization"},"potentialAction":[{"@type":"SearchAction","target":{"@type":"EntryPoint","urlTemplate":"https:\/\/www.organisator.ch\/?s={search_term_string}"},"query-input":{"@type":"PropertyValueSpecification","valueRequired":true,"valueName":"search_term_string"}}],"inLanguage":"en-US"},{"@type":"Organization","@id":"https:\/\/www.organisator.ch\/#organization","name":"Organizer","url":"https:\/\/www.organisator.ch\/","logo":{"@type":"ImageObject","inLanguage":"en-US","@id":"https:\/\/www.organisator.ch\/#\/schema\/logo\/image\/","url":"https:\/\/www.organisator.ch\/wp-content\/uploads\/2022\/01\/Logo_Organisator_Website.png","contentUrl":"https:\/\/www.organisator.ch\/wp-content\/uploads\/2022\/01\/Logo_Organisator_Website.png","width":800,"height":77,"caption":"Organisator"},"image":{"@id":"https:\/\/www.organisator.ch\/#\/schema\/logo\/image\/"},"sameAs":["https:\/\/www.facebook.com\/OrganisatorFachmagazin","https:\/\/www.linkedin.com\/showcase\/organisator-das-magazin-fr-kmu","https:\/\/www.xing.com\/news\/pages\/organisator-ch-695","https:\/\/www.youtube.com\/channel\/UCGP2Sq0iWaZwT3BdIAQFYpw"]},{"@type":"Person","@id":"https:\/\/www.organisator.ch\/#\/schema\/person\/aa2bace6c5c5aad60102004a50c4eb1c","name":"admin","image":{"@type":"ImageObject","inLanguage":"en-US","@id":"https:\/\/secure.gravatar.com\/avatar\/ae2f4d718e6c49043e314ce431e7e645d646302a24a5ef5a8bc8e3f5a032e319?s=96&d=mm&r=g","url":"https:\/\/secure.gravatar.com\/avatar\/ae2f4d718e6c49043e314ce431e7e645d646302a24a5ef5a8bc8e3f5a032e319?s=96&d=mm&r=g","contentUrl":"https:\/\/secure.gravatar.com\/avatar\/ae2f4d718e6c49043e314ce431e7e645d646302a24a5ef5a8bc8e3f5a032e319?s=96&d=mm&r=g","caption":"admin"},"sameAs":["https:\/\/www.organisator.ch"],"url":"https:\/\/www.organisator.ch\/en\/author\/admin\/"}]}},"_links":{"self":[{"href":"https:\/\/www.organisator.ch\/en\/wp-json\/wp\/v2\/posts\/455","targetHints":{"allow":["GET"]}}],"collection":[{"href":"https:\/\/www.organisator.ch\/en\/wp-json\/wp\/v2\/posts"}],"about":[{"href":"https:\/\/www.organisator.ch\/en\/wp-json\/wp\/v2\/types\/post"}],"author":[{"embeddable":true,"href":"https:\/\/www.organisator.ch\/en\/wp-json\/wp\/v2\/users\/1"}],"replies":[{"embeddable":true,"href":"https:\/\/www.organisator.ch\/en\/wp-json\/wp\/v2\/comments?post=455"}],"version-history":[{"count":0,"href":"https:\/\/www.organisator.ch\/en\/wp-json\/wp\/v2\/posts\/455\/revisions"}],"wp:featuredmedia":[{"embeddable":true,"href":"https:\/\/www.organisator.ch\/en\/wp-json\/wp\/v2\/media\/456"}],"wp:attachment":[{"href":"https:\/\/www.organisator.ch\/en\/wp-json\/wp\/v2\/media?parent=455"}],"wp:term":[{"taxonomy":"category","embeddable":true,"href":"https:\/\/www.organisator.ch\/en\/wp-json\/wp\/v2\/categories?post=455"},{"taxonomy":"post_tag","embeddable":true,"href":"https:\/\/www.organisator.ch\/en\/wp-json\/wp\/v2\/tags?post=455"}],"curies":[{"name":"wp","href":"https:\/\/api.w.org\/{rel}","templated":true}]}}