{"id":45786,"date":"2026-03-09T10:45:24","date_gmt":"2026-03-09T09:45:24","guid":{"rendered":"https:\/\/www.organisator.ch\/de\/?p=45786"},"modified":"2026-03-09T10:45:24","modified_gmt":"2026-03-09T09:45:24","slug":"moevenpick-wein-uebernimmt-liquid-grape","status":"publish","type":"post","link":"https:\/\/www.organisator.ch\/en\/management\/2026-03-09\/moevenpick-wein-uebernimmt-liquid-grape\/","title":{"rendered":"M\u00f6venpick Wine takes over Liquid Grape"},"content":{"rendered":"<figure id=\"attachment_45785\" aria-describedby=\"caption-attachment-45785\" style=\"width: 1400px\" class=\"wp-caption alignnone\"><img loading=\"lazy\" decoding=\"async\" class=\"size-full wp-image-45785\" src=\"https:\/\/www.organisator.ch\/wp-content\/uploads\/2026\/03\/Annie-Doerfelt-und-Henrik-Maass-die-beiden-Geschaeftsfuehrer-und-Gruender-von-Liquid-Grape.-Bild-Anna-Mutter-scaled.jpg\" alt=\"\" width=\"1400\" height=\"928\" srcset=\"https:\/\/www.organisator.ch\/wp-content\/uploads\/2026\/03\/Annie-Doerfelt-und-Henrik-Maass-die-beiden-Geschaeftsfuehrer-und-Gruender-von-Liquid-Grape.-Bild-Anna-Mutter-scaled.jpg 1400w, https:\/\/www.organisator.ch\/wp-content\/uploads\/2026\/03\/Annie-Doerfelt-und-Henrik-Maass-die-beiden-Geschaeftsfuehrer-und-Gruender-von-Liquid-Grape.-Bild-Anna-Mutter-680x451.jpg 680w, https:\/\/www.organisator.ch\/wp-content\/uploads\/2026\/03\/Annie-Doerfelt-und-Henrik-Maass-die-beiden-Geschaeftsfuehrer-und-Gruender-von-Liquid-Grape.-Bild-Anna-Mutter-1024x679.jpg 1024w, https:\/\/www.organisator.ch\/wp-content\/uploads\/2026\/03\/Annie-Doerfelt-und-Henrik-Maass-die-beiden-Geschaeftsfuehrer-und-Gruender-von-Liquid-Grape.-Bild-Anna-Mutter-768x509.jpg 768w, https:\/\/www.organisator.ch\/wp-content\/uploads\/2026\/03\/Annie-Doerfelt-und-Henrik-Maass-die-beiden-Geschaeftsfuehrer-und-Gruender-von-Liquid-Grape.-Bild-Anna-Mutter-1536x1018.jpg 1536w, https:\/\/www.organisator.ch\/wp-content\/uploads\/2026\/03\/Annie-Doerfelt-und-Henrik-Maass-die-beiden-Geschaeftsfuehrer-und-Gruender-von-Liquid-Grape.-Bild-Anna-Mutter-2048x1357.jpg 2048w, https:\/\/www.organisator.ch\/wp-content\/uploads\/2026\/03\/Annie-Doerfelt-und-Henrik-Maass-die-beiden-Geschaeftsfuehrer-und-Gruender-von-Liquid-Grape.-Bild-Anna-Mutter-18x12.jpg 18w, https:\/\/www.organisator.ch\/wp-content\/uploads\/2026\/03\/Annie-Doerfelt-und-Henrik-Maass-die-beiden-Geschaeftsfuehrer-und-Gruender-von-Liquid-Grape.-Bild-Anna-Mutter-375x249.jpg 375w, https:\/\/www.organisator.ch\/wp-content\/uploads\/2026\/03\/Annie-Doerfelt-und-Henrik-Maass-die-beiden-Geschaeftsfuehrer-und-Gruender-von-Liquid-Grape.-Bild-Anna-Mutter-528x350.jpg 528w, https:\/\/www.organisator.ch\/wp-content\/uploads\/2026\/03\/Annie-Doerfelt-und-Henrik-Maass-die-beiden-Geschaeftsfuehrer-und-Gruender-von-Liquid-Grape.-Bild-Anna-Mutter-1000x663.jpg 1000w\" sizes=\"auto, (max-width: 1400px) 100vw, 1400px\" \/><figcaption id=\"caption-attachment-45785\" class=\"wp-caption-text\">Annie D\u00f6rfelt and Henrik Maa\u00df, founders of Liquid Grape. Source: zvg<\/figcaption><\/figure>\n<p>With the acquisition of the German wine investment provider Liquid Grape, M\u00f6venpick Wein is driving forward the transformation of its business model. The acquisition aims to more closely integrate stationary retail, digital services and data-based investment solutions. Liquid Grape was founded in 2019 and specializes in the acquisition, management and trading of fine wines as a form of investment.<\/p>\n<p>Customers can use platform-protected applications to manage their wine collections and track the performance of their wine portfolios. The offering is complemented by personal advice, structured investment packages and trading and buyback options. The founders of Liquid Grape, Annie D\u00f6rfelt and Henrik Maa\u00df, will remain on board and continue to be responsible for the strategic development of the platform. In this way, M\u00f6venpick Wein ensures personnel continuity, the highest level of advisory expertise and the cultivation of personal customer relationships.<\/p>\n<h3>2026 as a key year for wine investments<\/h3>\n<p>With this acquisition, M\u00f6venpick Wein is responding to far-reaching changes in the wine trade in Switzerland and Germany. Fine wines are not only seen as objects of enjoyment, but increasingly as an alternative form of investment with long-term appreciation potential. 2026 is seen by experts as a key year for wine investments due to market trends and changes in consumer behavior.<\/p>\n<figure id=\"attachment_45784\" aria-describedby=\"caption-attachment-45784\" style=\"width: 933px\" class=\"wp-caption alignnone\"><img loading=\"lazy\" decoding=\"async\" class=\"size-full wp-image-45784\" src=\"https:\/\/www.organisator.ch\/wp-content\/uploads\/2026\/03\/Nikolas-von-Haugwitz_CEO-Moevenpick-Wein-scaled.jpg\" alt=\"\" width=\"933\" height=\"1400\" srcset=\"https:\/\/www.organisator.ch\/wp-content\/uploads\/2026\/03\/Nikolas-von-Haugwitz_CEO-Moevenpick-Wein-scaled.jpg 933w, https:\/\/www.organisator.ch\/wp-content\/uploads\/2026\/03\/Nikolas-von-Haugwitz_CEO-Moevenpick-Wein-667x1000.jpg 667w, https:\/\/www.organisator.ch\/wp-content\/uploads\/2026\/03\/Nikolas-von-Haugwitz_CEO-Moevenpick-Wein-683x1024.jpg 683w, https:\/\/www.organisator.ch\/wp-content\/uploads\/2026\/03\/Nikolas-von-Haugwitz_CEO-Moevenpick-Wein-768x1152.jpg 768w, https:\/\/www.organisator.ch\/wp-content\/uploads\/2026\/03\/Nikolas-von-Haugwitz_CEO-Moevenpick-Wein-1024x1536.jpg 1024w, https:\/\/www.organisator.ch\/wp-content\/uploads\/2026\/03\/Nikolas-von-Haugwitz_CEO-Moevenpick-Wein-1365x2048.jpg 1365w, https:\/\/www.organisator.ch\/wp-content\/uploads\/2026\/03\/Nikolas-von-Haugwitz_CEO-Moevenpick-Wein-8x12.jpg 8w, https:\/\/www.organisator.ch\/wp-content\/uploads\/2026\/03\/Nikolas-von-Haugwitz_CEO-Moevenpick-Wein-200x300.jpg 200w, https:\/\/www.organisator.ch\/wp-content\/uploads\/2026\/03\/Nikolas-von-Haugwitz_CEO-Moevenpick-Wein-233x350.jpg 233w, https:\/\/www.organisator.ch\/wp-content\/uploads\/2026\/03\/Nikolas-von-Haugwitz_CEO-Moevenpick-Wein-533x800.jpg 533w\" sizes=\"auto, (max-width: 933px) 100vw, 933px\" \/><figcaption id=\"caption-attachment-45784\" class=\"wp-caption-text\">Nikolas von Haugwitz, CEO M\u00f6venpick Wine. Source: zvg<\/figcaption><\/figure>\n<p>\u00abHigh-quality wines are tangible assets with stable development and can achieve attractive results compared to traditional asset classes,\u00bb says Nikolas von Haugwitz. \u00abAs a tangible asset, wine offers a solid basis for long-term investments due to limited availability, declining supply due to consumption and growing global demand.\u00bb.<\/p>\n<h3>Digitalization meets wine culture<\/h3>\n<p>With the integration of Liquid Grape, M\u00f6venpick Wein is responding to the rising expectations of a technology-savvy clientele. The platform complements the existing portfolio with data-based tools and digital user experiences that go beyond pure advice and physical trading. The use of technology-based applications and online portfolio services is intended to facilitate access to wine investments - from initial contact to portfolio analysis and the handling of trading processes.<\/p>\n<p>\u00abThe wine market is developing rapidly - with an ever-increasing focus on data, networked information processes and new forms of investment,\u00bb says Nikolas von Haugwitz. \u00abWith Liquid Grape, we are expanding our digital expertise in the area of fine wine investments and creating additional added value for a discerning clientele.\u00bb<\/p>\n<h3>Stationary retail meets the networked future<\/h3>\n<p>M\u00f6venpick Wein aims to combine its long-standing expertise in bricks-and-mortar retail with pioneering online services to create a seamless, integrated customer experience. The aim is to combine a physical presence at over 40 locations in Switzerland and Germany with digital services such as portfolio monitoring, investment reporting and online advice.<\/p>\n<p>The acquisition of Liquid Grape strengthens the existing business model in strategically relevant areas and represents a further step in the company's transformation from a primarily stationary provider to a technology-supported, networked player in the fine wine and investment market.<\/p>\n<p>\u00abWith a view to 2026, we are creating the basis for an integrated business model that systematically brings together physical presence, digital platforms and investment solutions,\u00bb says von Haugwitz. \u00abThis will consolidate our position as an innovation-friendly partner for fine wines and wine investments in the DACH region.\u00bb<\/p>\n<p><em>More information: <a href=\"https:\/\/www.moevenpick-wein.ch\" target=\"_blank\" rel=\"noopener\">www.moevenpick-wein.ch<\/a><\/em><\/p>","protected":false},"excerpt":{"rendered":"<p>M\u00f6venpick Wein is strengthening its digital fine wine business in Switzerland and Germany with the acquisition of Liquid Grape. The acquisition is part of the strategic realignment under CEO Nikolas von Haugwitz and combines stationary retail with data-based investment solutions. The founders of Liquid Grape will remain on board and will be responsible for the strategic development of the platform.<\/p>","protected":false},"author":107,"featured_media":45785,"comment_status":"closed","ping_status":"closed","sticky":false,"template":"","format":"standard","meta":{"_acf_changed":false,"_yoast_wpseo_focuskw":"M\u00f6venpick Wein Liquid Grape","_yoast_wpseo_metadesc":"M\u00f6venpick Wein \u00fcbernimmt Liquid Grape und st\u00e4rkt damit sein digitales Fine-Wine-Investment-Gesch\u00e4ft im DACH-Raum.","articlekey":"","footnotes":""},"categories":[28],"tags":[35,492,5879,5880],"class_list":["post-45786","post","type-post","status-publish","format-standard","has-post-thumbnail","hentry","category-management","tag-akquisition","tag-unternehmen","tag-weinhandel","tag-wertanlagen"],"acf":[],"yoast_head":"<!-- This site is optimized with the Yoast SEO plugin v27.4 - https:\/\/yoast.com\/product\/yoast-seo-wordpress\/ -->\n<title>M\u00f6venpick Wein \u00fcbernimmt Liquid Grape - Organisator<\/title>\n<meta name=\"description\" content=\"M\u00f6venpick Wein \u00fcbernimmt Liquid Grape und st\u00e4rkt damit sein digitales Fine-Wine-Investment-Gesch\u00e4ft im DACH-Raum.\" \/>\n<meta name=\"robots\" content=\"index, follow, max-snippet:-1, max-image-preview:large, max-video-preview:-1\" \/>\n<link rel=\"canonical\" href=\"https:\/\/www.organisator.ch\/en\/management\/2026-03-09\/moevenpick-wein-uebernimmt-liquid-grape\/\" \/>\n<meta property=\"og:locale\" content=\"en_US\" \/>\n<meta property=\"og:type\" content=\"article\" \/>\n<meta property=\"og:title\" content=\"M\u00f6venpick Wein \u00fcbernimmt Liquid Grape\" \/>\n<meta property=\"og:description\" content=\"M\u00f6venpick Wein \u00fcbernimmt Liquid Grape und st\u00e4rkt damit sein digitales Fine-Wine-Investment-Gesch\u00e4ft im DACH-Raum.\" \/>\n<meta property=\"og:url\" content=\"https:\/\/www.organisator.ch\/en\/management\/2026-03-09\/moevenpick-wein-uebernimmt-liquid-grape\/\" \/>\n<meta property=\"og:site_name\" content=\"Organisator\" \/>\n<meta property=\"article:publisher\" content=\"https:\/\/www.facebook.com\/OrganisatorFachmagazin\" \/>\n<meta property=\"article:published_time\" content=\"2026-03-09T09:45:24+00:00\" \/>\n<meta property=\"og:image\" content=\"https:\/\/www.organisator.ch\/wp-content\/uploads\/2026\/03\/Annie-Doerfelt-und-Henrik-Maass-die-beiden-Geschaeftsfuehrer-und-Gruender-von-Liquid-Grape.-Bild-Anna-Mutter-scaled.jpg\" \/>\n\t<meta property=\"og:image:width\" content=\"1400\" \/>\n\t<meta property=\"og:image:height\" content=\"928\" \/>\n\t<meta property=\"og:image:type\" content=\"image\/jpeg\" \/>\n<meta name=\"author\" content=\"n8n\" \/>\n<meta name=\"twitter:card\" content=\"summary_large_image\" \/>\n<meta name=\"twitter:title\" content=\"#M\u00f6venpick Wein \u00fcbernimmt Liquid Grape\" \/>\n<meta name=\"twitter:description\" content=\"#M\u00f6venpick Wein \u00fcbernimmt Liquid Grape #LiquidGrape und st\u00e4rkt damit sein digitales #Fine-Wine-Investment-Gesch\u00e4ft im DACH-Raum.\" \/>\n<meta name=\"twitter:image\" content=\"https:\/\/www.organisator.ch\/wp-content\/uploads\/2026\/03\/Annie-Doerfelt-und-Henrik-Maass-die-beiden-Geschaeftsfuehrer-und-Gruender-von-Liquid-Grape.-Bild-Anna-Mutter-scaled.jpg\" \/>\n<script type=\"application\/ld+json\" class=\"yoast-schema-graph\">{\"@context\":\"https:\\\/\\\/schema.org\",\"@graph\":[{\"@type\":\"Article\",\"@id\":\"https:\\\/\\\/www.organisator.ch\\\/management\\\/2026-03-09\\\/moevenpick-wein-uebernimmt-liquid-grape\\\/#article\",\"isPartOf\":{\"@id\":\"https:\\\/\\\/www.organisator.ch\\\/management\\\/2026-03-09\\\/moevenpick-wein-uebernimmt-liquid-grape\\\/\"},\"author\":{\"name\":\"n8n\",\"@id\":\"https:\\\/\\\/www.organisator.ch\\\/#\\\/schema\\\/person\\\/a9d0e0eff238db87a8f840f3b50359f0\"},\"headline\":\"M\u00f6venpick Wein \u00fcbernimmt Liquid Grape\",\"datePublished\":\"2026-03-09T09:45:24+00:00\",\"mainEntityOfPage\":{\"@id\":\"https:\\\/\\\/www.organisator.ch\\\/management\\\/2026-03-09\\\/moevenpick-wein-uebernimmt-liquid-grape\\\/\"},\"wordCount\":537,\"publisher\":{\"@id\":\"https:\\\/\\\/www.organisator.ch\\\/#organization\"},\"image\":{\"@id\":\"https:\\\/\\\/www.organisator.ch\\\/management\\\/2026-03-09\\\/moevenpick-wein-uebernimmt-liquid-grape\\\/#primaryimage\"},\"thumbnailUrl\":\"https:\\\/\\\/www.organisator.ch\\\/wp-content\\\/uploads\\\/2026\\\/03\\\/Annie-Doerfelt-und-Henrik-Maass-die-beiden-Geschaeftsfuehrer-und-Gruender-von-Liquid-Grape.-Bild-Anna-Mutter-scaled.jpg\",\"keywords\":[\"Akquisition\",\"Unternehmen\",\"Weinhandel\",\"Wertanlagen\"],\"articleSection\":[\"MANAGEMENT\"],\"inLanguage\":\"en-US\"},{\"@type\":\"WebPage\",\"@id\":\"https:\\\/\\\/www.organisator.ch\\\/management\\\/2026-03-09\\\/moevenpick-wein-uebernimmt-liquid-grape\\\/\",\"url\":\"https:\\\/\\\/www.organisator.ch\\\/management\\\/2026-03-09\\\/moevenpick-wein-uebernimmt-liquid-grape\\\/\",\"name\":\"M\u00f6venpick Wein \u00fcbernimmt Liquid Grape - Organisator\",\"isPartOf\":{\"@id\":\"https:\\\/\\\/www.organisator.ch\\\/#website\"},\"primaryImageOfPage\":{\"@id\":\"https:\\\/\\\/www.organisator.ch\\\/management\\\/2026-03-09\\\/moevenpick-wein-uebernimmt-liquid-grape\\\/#primaryimage\"},\"image\":{\"@id\":\"https:\\\/\\\/www.organisator.ch\\\/management\\\/2026-03-09\\\/moevenpick-wein-uebernimmt-liquid-grape\\\/#primaryimage\"},\"thumbnailUrl\":\"https:\\\/\\\/www.organisator.ch\\\/wp-content\\\/uploads\\\/2026\\\/03\\\/Annie-Doerfelt-und-Henrik-Maass-die-beiden-Geschaeftsfuehrer-und-Gruender-von-Liquid-Grape.-Bild-Anna-Mutter-scaled.jpg\",\"datePublished\":\"2026-03-09T09:45:24+00:00\",\"description\":\"M\u00f6venpick Wein \u00fcbernimmt Liquid Grape und st\u00e4rkt damit sein digitales Fine-Wine-Investment-Gesch\u00e4ft im DACH-Raum.\",\"breadcrumb\":{\"@id\":\"https:\\\/\\\/www.organisator.ch\\\/management\\\/2026-03-09\\\/moevenpick-wein-uebernimmt-liquid-grape\\\/#breadcrumb\"},\"inLanguage\":\"en-US\",\"potentialAction\":[{\"@type\":\"ReadAction\",\"target\":[\"https:\\\/\\\/www.organisator.ch\\\/management\\\/2026-03-09\\\/moevenpick-wein-uebernimmt-liquid-grape\\\/\"]}]},{\"@type\":\"ImageObject\",\"inLanguage\":\"en-US\",\"@id\":\"https:\\\/\\\/www.organisator.ch\\\/management\\\/2026-03-09\\\/moevenpick-wein-uebernimmt-liquid-grape\\\/#primaryimage\",\"url\":\"https:\\\/\\\/www.organisator.ch\\\/wp-content\\\/uploads\\\/2026\\\/03\\\/Annie-Doerfelt-und-Henrik-Maass-die-beiden-Geschaeftsfuehrer-und-Gruender-von-Liquid-Grape.-Bild-Anna-Mutter-scaled.jpg\",\"contentUrl\":\"https:\\\/\\\/www.organisator.ch\\\/wp-content\\\/uploads\\\/2026\\\/03\\\/Annie-Doerfelt-und-Henrik-Maass-die-beiden-Geschaeftsfuehrer-und-Gruender-von-Liquid-Grape.-Bild-Anna-Mutter-scaled.jpg\",\"width\":1400,\"height\":928,\"caption\":\"Annie D\u00f6rfelt und Henrik Maa\u00df, Gr\u00fcnder von Liquid Grape. Quelle: zvg\"},{\"@type\":\"BreadcrumbList\",\"@id\":\"https:\\\/\\\/www.organisator.ch\\\/management\\\/2026-03-09\\\/moevenpick-wein-uebernimmt-liquid-grape\\\/#breadcrumb\",\"itemListElement\":[{\"@type\":\"ListItem\",\"position\":1,\"name\":\"Home\",\"item\":\"https:\\\/\\\/www.organisator.ch\\\/\"},{\"@type\":\"ListItem\",\"position\":2,\"name\":\"M\u00f6venpick Wein \u00fcbernimmt Liquid Grape\"}]},{\"@type\":\"WebSite\",\"@id\":\"https:\\\/\\\/www.organisator.ch\\\/#website\",\"url\":\"https:\\\/\\\/www.organisator.ch\\\/\",\"name\":\"Organisator\",\"description\":\"Kompetent. Praxisnah. Der ORGANISATOR bereitet in 10 Ausgaben pro Jahr die wesentlichen Themen f\u00fcr F\u00fchrungskr\u00e4fte von KMU auf.\",\"publisher\":{\"@id\":\"https:\\\/\\\/www.organisator.ch\\\/#organization\"},\"potentialAction\":[{\"@type\":\"SearchAction\",\"target\":{\"@type\":\"EntryPoint\",\"urlTemplate\":\"https:\\\/\\\/www.organisator.ch\\\/?s={search_term_string}\"},\"query-input\":{\"@type\":\"PropertyValueSpecification\",\"valueRequired\":true,\"valueName\":\"search_term_string\"}}],\"inLanguage\":\"en-US\"},{\"@type\":\"Organization\",\"@id\":\"https:\\\/\\\/www.organisator.ch\\\/#organization\",\"name\":\"Organisator\",\"url\":\"https:\\\/\\\/www.organisator.ch\\\/\",\"logo\":{\"@type\":\"ImageObject\",\"inLanguage\":\"en-US\",\"@id\":\"https:\\\/\\\/www.organisator.ch\\\/#\\\/schema\\\/logo\\\/image\\\/\",\"url\":\"https:\\\/\\\/www.organisator.ch\\\/wp-content\\\/uploads\\\/2022\\\/01\\\/Logo_Organisator_Website.png\",\"contentUrl\":\"https:\\\/\\\/www.organisator.ch\\\/wp-content\\\/uploads\\\/2022\\\/01\\\/Logo_Organisator_Website.png\",\"width\":800,\"height\":77,\"caption\":\"Organisator\"},\"image\":{\"@id\":\"https:\\\/\\\/www.organisator.ch\\\/#\\\/schema\\\/logo\\\/image\\\/\"},\"sameAs\":[\"https:\\\/\\\/www.facebook.com\\\/OrganisatorFachmagazin\",\"https:\\\/\\\/www.linkedin.com\\\/showcase\\\/organisator-das-magazin-fr-kmu\",\"https:\\\/\\\/www.xing.com\\\/news\\\/pages\\\/organisator-ch-695\",\"https:\\\/\\\/www.youtube.com\\\/channel\\\/UCGP2Sq0iWaZwT3BdIAQFYpw\"]},{\"@type\":\"Person\",\"@id\":\"https:\\\/\\\/www.organisator.ch\\\/#\\\/schema\\\/person\\\/a9d0e0eff238db87a8f840f3b50359f0\",\"name\":\"n8n\",\"image\":{\"@type\":\"ImageObject\",\"inLanguage\":\"en-US\",\"@id\":\"https:\\\/\\\/secure.gravatar.com\\\/avatar\\\/5368fb9d03fd415a6f335cece4c15af2502d6ca8651efbd6e8f98427a9795400?s=96&d=mm&r=g\",\"url\":\"https:\\\/\\\/secure.gravatar.com\\\/avatar\\\/5368fb9d03fd415a6f335cece4c15af2502d6ca8651efbd6e8f98427a9795400?s=96&d=mm&r=g\",\"contentUrl\":\"https:\\\/\\\/secure.gravatar.com\\\/avatar\\\/5368fb9d03fd415a6f335cece4c15af2502d6ca8651efbd6e8f98427a9795400?s=96&d=mm&r=g\",\"caption\":\"n8n\"},\"url\":\"https:\\\/\\\/www.organisator.ch\\\/en\\\/author\\\/n8n\\\/\"}]}<\/script>\n<!-- \/ Yoast SEO plugin. -->","yoast_head_json":{"title":"M\u00f6venpick Wine takes over Liquid Grape - Organizer","description":"M\u00f6venpick Wein acquires Liquid Grape to strengthen its digital fine wine investment business in the DACH region.","robots":{"index":"index","follow":"follow","max-snippet":"max-snippet:-1","max-image-preview":"max-image-preview:large","max-video-preview":"max-video-preview:-1"},"canonical":"https:\/\/www.organisator.ch\/en\/management\/2026-03-09\/moevenpick-wein-uebernimmt-liquid-grape\/","og_locale":"en_US","og_type":"article","og_title":"M\u00f6venpick Wein \u00fcbernimmt Liquid Grape","og_description":"M\u00f6venpick Wein \u00fcbernimmt Liquid Grape und st\u00e4rkt damit sein digitales Fine-Wine-Investment-Gesch\u00e4ft im DACH-Raum.","og_url":"https:\/\/www.organisator.ch\/en\/management\/2026-03-09\/moevenpick-wein-uebernimmt-liquid-grape\/","og_site_name":"Organisator","article_publisher":"https:\/\/www.facebook.com\/OrganisatorFachmagazin","article_published_time":"2026-03-09T09:45:24+00:00","og_image":[{"width":1400,"height":928,"url":"https:\/\/www.organisator.ch\/wp-content\/uploads\/2026\/03\/Annie-Doerfelt-und-Henrik-Maass-die-beiden-Geschaeftsfuehrer-und-Gruender-von-Liquid-Grape.-Bild-Anna-Mutter-scaled.jpg","type":"image\/jpeg"}],"author":"n8n","twitter_card":"summary_large_image","twitter_title":"#M\u00f6venpick Wein \u00fcbernimmt Liquid Grape","twitter_description":"#M\u00f6venpick Wein \u00fcbernimmt Liquid Grape #LiquidGrape und st\u00e4rkt damit sein digitales #Fine-Wine-Investment-Gesch\u00e4ft im DACH-Raum.","twitter_image":"https:\/\/www.organisator.ch\/wp-content\/uploads\/2026\/03\/Annie-Doerfelt-und-Henrik-Maass-die-beiden-Geschaeftsfuehrer-und-Gruender-von-Liquid-Grape.-Bild-Anna-Mutter-scaled.jpg","schema":{"@context":"https:\/\/schema.org","@graph":[{"@type":"Article","@id":"https:\/\/www.organisator.ch\/management\/2026-03-09\/moevenpick-wein-uebernimmt-liquid-grape\/#article","isPartOf":{"@id":"https:\/\/www.organisator.ch\/management\/2026-03-09\/moevenpick-wein-uebernimmt-liquid-grape\/"},"author":{"name":"n8n","@id":"https:\/\/www.organisator.ch\/#\/schema\/person\/a9d0e0eff238db87a8f840f3b50359f0"},"headline":"M\u00f6venpick Wein \u00fcbernimmt Liquid Grape","datePublished":"2026-03-09T09:45:24+00:00","mainEntityOfPage":{"@id":"https:\/\/www.organisator.ch\/management\/2026-03-09\/moevenpick-wein-uebernimmt-liquid-grape\/"},"wordCount":537,"publisher":{"@id":"https:\/\/www.organisator.ch\/#organization"},"image":{"@id":"https:\/\/www.organisator.ch\/management\/2026-03-09\/moevenpick-wein-uebernimmt-liquid-grape\/#primaryimage"},"thumbnailUrl":"https:\/\/www.organisator.ch\/wp-content\/uploads\/2026\/03\/Annie-Doerfelt-und-Henrik-Maass-die-beiden-Geschaeftsfuehrer-und-Gruender-von-Liquid-Grape.-Bild-Anna-Mutter-scaled.jpg","keywords":["Akquisition","Unternehmen","Weinhandel","Wertanlagen"],"articleSection":["MANAGEMENT"],"inLanguage":"en-US"},{"@type":"WebPage","@id":"https:\/\/www.organisator.ch\/management\/2026-03-09\/moevenpick-wein-uebernimmt-liquid-grape\/","url":"https:\/\/www.organisator.ch\/management\/2026-03-09\/moevenpick-wein-uebernimmt-liquid-grape\/","name":"M\u00f6venpick Wine takes over Liquid Grape - Organizer","isPartOf":{"@id":"https:\/\/www.organisator.ch\/#website"},"primaryImageOfPage":{"@id":"https:\/\/www.organisator.ch\/management\/2026-03-09\/moevenpick-wein-uebernimmt-liquid-grape\/#primaryimage"},"image":{"@id":"https:\/\/www.organisator.ch\/management\/2026-03-09\/moevenpick-wein-uebernimmt-liquid-grape\/#primaryimage"},"thumbnailUrl":"https:\/\/www.organisator.ch\/wp-content\/uploads\/2026\/03\/Annie-Doerfelt-und-Henrik-Maass-die-beiden-Geschaeftsfuehrer-und-Gruender-von-Liquid-Grape.-Bild-Anna-Mutter-scaled.jpg","datePublished":"2026-03-09T09:45:24+00:00","description":"M\u00f6venpick Wein acquires Liquid Grape to strengthen its digital fine wine investment business in the DACH region.","breadcrumb":{"@id":"https:\/\/www.organisator.ch\/management\/2026-03-09\/moevenpick-wein-uebernimmt-liquid-grape\/#breadcrumb"},"inLanguage":"en-US","potentialAction":[{"@type":"ReadAction","target":["https:\/\/www.organisator.ch\/management\/2026-03-09\/moevenpick-wein-uebernimmt-liquid-grape\/"]}]},{"@type":"ImageObject","inLanguage":"en-US","@id":"https:\/\/www.organisator.ch\/management\/2026-03-09\/moevenpick-wein-uebernimmt-liquid-grape\/#primaryimage","url":"https:\/\/www.organisator.ch\/wp-content\/uploads\/2026\/03\/Annie-Doerfelt-und-Henrik-Maass-die-beiden-Geschaeftsfuehrer-und-Gruender-von-Liquid-Grape.-Bild-Anna-Mutter-scaled.jpg","contentUrl":"https:\/\/www.organisator.ch\/wp-content\/uploads\/2026\/03\/Annie-Doerfelt-und-Henrik-Maass-die-beiden-Geschaeftsfuehrer-und-Gruender-von-Liquid-Grape.-Bild-Anna-Mutter-scaled.jpg","width":1400,"height":928,"caption":"Annie D\u00f6rfelt und Henrik Maa\u00df, Gr\u00fcnder von Liquid Grape. Quelle: zvg"},{"@type":"BreadcrumbList","@id":"https:\/\/www.organisator.ch\/management\/2026-03-09\/moevenpick-wein-uebernimmt-liquid-grape\/#breadcrumb","itemListElement":[{"@type":"ListItem","position":1,"name":"Home","item":"https:\/\/www.organisator.ch\/"},{"@type":"ListItem","position":2,"name":"M\u00f6venpick Wein \u00fcbernimmt Liquid Grape"}]},{"@type":"WebSite","@id":"https:\/\/www.organisator.ch\/#website","url":"https:\/\/www.organisator.ch\/","name":"Organizer","description":"Competent. Practical. In 10 issues per year, ORGANISATOR presents the essential topics for managers of SMEs.","publisher":{"@id":"https:\/\/www.organisator.ch\/#organization"},"potentialAction":[{"@type":"SearchAction","target":{"@type":"EntryPoint","urlTemplate":"https:\/\/www.organisator.ch\/?s={search_term_string}"},"query-input":{"@type":"PropertyValueSpecification","valueRequired":true,"valueName":"search_term_string"}}],"inLanguage":"en-US"},{"@type":"Organization","@id":"https:\/\/www.organisator.ch\/#organization","name":"Organizer","url":"https:\/\/www.organisator.ch\/","logo":{"@type":"ImageObject","inLanguage":"en-US","@id":"https:\/\/www.organisator.ch\/#\/schema\/logo\/image\/","url":"https:\/\/www.organisator.ch\/wp-content\/uploads\/2022\/01\/Logo_Organisator_Website.png","contentUrl":"https:\/\/www.organisator.ch\/wp-content\/uploads\/2022\/01\/Logo_Organisator_Website.png","width":800,"height":77,"caption":"Organisator"},"image":{"@id":"https:\/\/www.organisator.ch\/#\/schema\/logo\/image\/"},"sameAs":["https:\/\/www.facebook.com\/OrganisatorFachmagazin","https:\/\/www.linkedin.com\/showcase\/organisator-das-magazin-fr-kmu","https:\/\/www.xing.com\/news\/pages\/organisator-ch-695","https:\/\/www.youtube.com\/channel\/UCGP2Sq0iWaZwT3BdIAQFYpw"]},{"@type":"Person","@id":"https:\/\/www.organisator.ch\/#\/schema\/person\/a9d0e0eff238db87a8f840f3b50359f0","name":"n8n","image":{"@type":"ImageObject","inLanguage":"en-US","@id":"https:\/\/secure.gravatar.com\/avatar\/5368fb9d03fd415a6f335cece4c15af2502d6ca8651efbd6e8f98427a9795400?s=96&d=mm&r=g","url":"https:\/\/secure.gravatar.com\/avatar\/5368fb9d03fd415a6f335cece4c15af2502d6ca8651efbd6e8f98427a9795400?s=96&d=mm&r=g","contentUrl":"https:\/\/secure.gravatar.com\/avatar\/5368fb9d03fd415a6f335cece4c15af2502d6ca8651efbd6e8f98427a9795400?s=96&d=mm&r=g","caption":"n8n"},"url":"https:\/\/www.organisator.ch\/en\/author\/n8n\/"}]}},"_links":{"self":[{"href":"https:\/\/www.organisator.ch\/en\/wp-json\/wp\/v2\/posts\/45786","targetHints":{"allow":["GET"]}}],"collection":[{"href":"https:\/\/www.organisator.ch\/en\/wp-json\/wp\/v2\/posts"}],"about":[{"href":"https:\/\/www.organisator.ch\/en\/wp-json\/wp\/v2\/types\/post"}],"author":[{"embeddable":true,"href":"https:\/\/www.organisator.ch\/en\/wp-json\/wp\/v2\/users\/107"}],"replies":[{"embeddable":true,"href":"https:\/\/www.organisator.ch\/en\/wp-json\/wp\/v2\/comments?post=45786"}],"version-history":[{"count":4,"href":"https:\/\/www.organisator.ch\/en\/wp-json\/wp\/v2\/posts\/45786\/revisions"}],"predecessor-version":[{"id":45833,"href":"https:\/\/www.organisator.ch\/en\/wp-json\/wp\/v2\/posts\/45786\/revisions\/45833"}],"wp:featuredmedia":[{"embeddable":true,"href":"https:\/\/www.organisator.ch\/en\/wp-json\/wp\/v2\/media\/45785"}],"wp:attachment":[{"href":"https:\/\/www.organisator.ch\/en\/wp-json\/wp\/v2\/media?parent=45786"}],"wp:term":[{"taxonomy":"category","embeddable":true,"href":"https:\/\/www.organisator.ch\/en\/wp-json\/wp\/v2\/categories?post=45786"},{"taxonomy":"post_tag","embeddable":true,"href":"https:\/\/www.organisator.ch\/en\/wp-json\/wp\/v2\/tags?post=45786"}],"curies":[{"name":"wp","href":"https:\/\/api.w.org\/{rel}","templated":true}]}}