{"id":4583,"date":"2018-11-28T10:07:14","date_gmt":"2018-11-28T09:07:14","guid":{"rendered":"https:\/\/www.organisator.ch\/?p=4583"},"modified":"2018-11-28T10:07:14","modified_gmt":"2018-11-28T09:07:14","slug":"wenn-verwaltungsraetinnen-und-verwaltungsraete-wieder-die-schulbank-druecken","status":"publish","type":"post","link":"https:\/\/www.organisator.ch\/en\/management\/2018-11-28\/wenn-verwaltungsraetinnen-und-verwaltungsraete-wieder-die-schulbank-druecken\/","title":{"rendered":"When members of the board of directors go back to school"},"content":{"rendered":"<figure id=\"attachment_4586\" aria-describedby=\"caption-attachment-4586\" style=\"width: 680px\" class=\"wp-caption alignnone\"><img loading=\"lazy\" decoding=\"async\" class=\"size-medium wp-image-4586\" src=\"https:\/\/www.organisator.ch\/wp-content\/uploads\/2018\/11\/Wenn-Verwaltungsraetinnen-und-Verwaltungsraete-wieder-die-Schulbank-druecken-2_Organisator.jpg\" alt=\"\" width=\"680\" height=\"454\" srcset=\"https:\/\/www.organisator.ch\/wp-content\/uploads\/2018\/11\/Wenn-Verwaltungsraetinnen-und-Verwaltungsraete-wieder-die-Schulbank-druecken-2_Organisator.jpg 1018w, https:\/\/www.organisator.ch\/wp-content\/uploads\/2018\/11\/Wenn-Verwaltungsraetinnen-und-Verwaltungsraete-wieder-die-Schulbank-druecken-2_Organisator-680x454.jpg 680w, https:\/\/www.organisator.ch\/wp-content\/uploads\/2018\/11\/Wenn-Verwaltungsraetinnen-und-Verwaltungsraete-wieder-die-Schulbank-druecken-2_Organisator-768x512.jpg 768w, https:\/\/www.organisator.ch\/wp-content\/uploads\/2018\/11\/Wenn-Verwaltungsraetinnen-und-Verwaltungsraete-wieder-die-Schulbank-druecken-2_Organisator-16x12.jpg 16w, https:\/\/www.organisator.ch\/wp-content\/uploads\/2018\/11\/Wenn-Verwaltungsraetinnen-und-Verwaltungsraete-wieder-die-Schulbank-druecken-2_Organisator-262x175.jpg 262w, https:\/\/www.organisator.ch\/wp-content\/uploads\/2018\/11\/Wenn-Verwaltungsraetinnen-und-Verwaltungsraete-wieder-die-Schulbank-druecken-2_Organisator-525x350.jpg 525w, https:\/\/www.organisator.ch\/wp-content\/uploads\/2018\/11\/Wenn-Verwaltungsraetinnen-und-Verwaltungsraete-wieder-die-Schulbank-druecken-2_Organisator-920x614.jpg 920w, https:\/\/www.organisator.ch\/wp-content\/uploads\/2018\/11\/Wenn-Verwaltungsraetinnen-und-Verwaltungsraete-wieder-die-Schulbank-druecken-2_Organisator-300x200.jpg 300w\" sizes=\"auto, (max-width: 680px) 100vw, 680px\" \/><figcaption id=\"caption-attachment-4586\" class=\"wp-caption-text\">Providing digital know-how for board members: Dominic L\u00fcthi (left) and Maurice Nyffeler with their Digital Board Academy. (Image: zVg)<\/figcaption><\/figure>\n<p>Many companies lack digital competence not only at management level, but above all at board level. Especially there, the selection of \"digital first\" thinkers is very small to non-existent. With the newly launched \"Digital Board Academy,\" members of the board of directors will be able to further educate themselves in two evening modules on digital topics such as data exchange, big data, digital strategy, cyber threats and the development of smartphone technology. The course will be offered in Zurich, Bern and Basel as a first step.<\/p>\n<h2>Burning issue of digitization<\/h2>\n<p>The program was launched by Maurice Nyffeler and Dominic L\u00fcthi. Nyffeler is a transformation expert with a focus on business and culture. L\u00fcthi initiated the first digital mediation platform for boards of directors, foundation boards and advisory boards (f\/m) in Switzerland. Based on this professional background, they have recognized that digitization\/digital transformation is a burning issue for most SMEs, but one that is often neglected due to ignorance or lack of understanding and, in the worst case, can have a negative impact on a company's future prospects.<\/p>\n<p>Says Dominic L\u00fcthi: \"Our goal was to develop a course that would give board members enough know-how to include digitization in the development of long-term corporate strategy. With this knowledge, board members also become more effective for companies and more attractive to the market.\" Maurice Nyffeler also points out another point: \"Digital transformation not only brings technological challenges, but also demands holistic development from a cultural perspective. This is a major challenge for many company managers, which we also address in Digital Board Academy.\"<\/p>\n<h2>Board members must not miss the boat<\/h2>\n<p>Digital transformation can offer SMEs in particular great opportunities, which is why it is important that they do not miss the boat on the digital future. Because digital transformation is more than just \"digitization\": It affects not only technology, but also organization and business. It has come about through the convergence of three developments called SoLoMo, where So stands for Social, Lo for Local and Mo for Mobile. Social refers to the ability to exchange large amounts of data in real time, independent of location and time. Local refers not only to GPS, RFID chips, etc., but also to the immersion in large amounts of data (\"Big Data\"), while Mobile deals with the breathtaking development of smartphones.<\/p>\n<p>The first modules of the Digital Board Academy have already been held. The excellent feedback shows that although many companies are concerned about the topic of digitization, the topic has not yet arrived everywhere at board level.<\/p>\n<p><em>More information:\u00a0<\/em><em><span lang=\"EN-US\"><a href=\"http:\/\/www.digitalboardacademy.com\/\">www.digitalboardacademy.com<\/a><\/span><\/em><\/p>","protected":false},"excerpt":{"rendered":"<p>Vielen Unternehmen fehlt die Digitalkompetenz nicht nur auf Ebene der Gesch\u00e4ftsleitung, sondern vor allem auch auf der Verwaltungsrats-Ebene. Gerade dort ist die Auswahl an \u201edigital first\u201c-Denkenden sehr klein bis nicht existent. Mit der neu lancierten \u00abDigital Board Academy\u00bb sollen sich Mitglieder des Verwaltungsrates in zwei Abendmodulen in Digital-Themen wie Datenaustausch, Big Data, digitale Strategie, Cyberbedrohungen [&hellip;]<\/p>\n","protected":false},"author":4,"featured_media":4586,"comment_status":"open","ping_status":"open","sticky":false,"template":"","format":"standard","meta":{"_acf_changed":false,"_yoast_wpseo_focuskw":"Verwaltungsr\u00e4te","_yoast_wpseo_metadesc":"Die neu lancierte Digital Board Academy vermittelt in zwei Abendmodulen Verwaltungsr\u00e4tinnen und Verwaltungsr\u00e4ten kompaktes Know-how.","articlekey":"","footnotes":""},"categories":[28],"tags":[62,496,513],"class_list":["post-4583","post","type-post","status-publish","format-standard","has-post-thumbnail","hentry","category-management","tag-aus-weiterbildung","tag-unternehmensfuehrung","tag-verwaltungsraete"],"acf":[],"yoast_head":"<!-- This site is optimized with the Yoast SEO plugin v27.4 - https:\/\/yoast.com\/product\/yoast-seo-wordpress\/ -->\n<title>Wenn Verwaltungsr\u00e4tinnen und Verwaltungsr\u00e4te wieder die Schulbank dr\u00fccken - Organisator<\/title>\n<meta name=\"description\" content=\"Die neu lancierte Digital Board Academy vermittelt in zwei Abendmodulen Verwaltungsr\u00e4tinnen und Verwaltungsr\u00e4ten kompaktes Know-how.\" \/>\n<meta name=\"robots\" content=\"index, follow, max-snippet:-1, max-image-preview:large, max-video-preview:-1\" \/>\n<link rel=\"canonical\" href=\"https:\/\/www.organisator.ch\/en\/management\/2018-11-28\/wenn-verwaltungsraetinnen-und-verwaltungsraete-wieder-die-schulbank-druecken\/\" \/>\n<meta property=\"og:locale\" content=\"en_US\" \/>\n<meta property=\"og:type\" content=\"article\" \/>\n<meta property=\"og:title\" content=\"Wenn Verwaltungsr\u00e4tinnen und Verwaltungsr\u00e4te wieder die Schulbank dr\u00fccken\" \/>\n<meta property=\"og:description\" content=\"Die neu lancierte Digital Board Academy vermittelt in zwei Abendmodulen Verwaltungsr\u00e4tinnen und Verwaltungsr\u00e4ten kompaktes Know-how.\" \/>\n<meta property=\"og:url\" content=\"https:\/\/www.organisator.ch\/en\/management\/2018-11-28\/wenn-verwaltungsraetinnen-und-verwaltungsraete-wieder-die-schulbank-druecken\/\" \/>\n<meta property=\"og:site_name\" content=\"Organisator\" \/>\n<meta property=\"article:publisher\" content=\"https:\/\/www.facebook.com\/OrganisatorFachmagazin\" \/>\n<meta property=\"article:published_time\" content=\"2018-11-28T09:07:14+00:00\" \/>\n<meta property=\"og:image\" content=\"https:\/\/www.organisator.ch\/wp-content\/uploads\/2018\/11\/Wenn-Verwaltungsraetinnen-und-Verwaltungsraete-wieder-die-Schulbank-druecken_Organisator.jpg\" \/>\n\t<meta property=\"og:image:width\" content=\"680\" \/>\n\t<meta property=\"og:image:height\" content=\"478\" \/>\n\t<meta property=\"og:image:type\" content=\"image\/jpeg\" \/>\n<meta name=\"author\" content=\"thomas.berner\" \/>\n<meta name=\"twitter:card\" content=\"summary_large_image\" \/>\n<meta name=\"twitter:title\" content=\"Wenn Verwaltungsr\u00e4tinnen und #Verwaltungsr\u00e4te wieder die Schulbank dr\u00fccken\" \/>\n<meta name=\"twitter:description\" content=\"Die neu lancierte Digital Board Academy vermittelt in zwei Abendmodulen Verwaltungsr\u00e4tinnen und Verwaltungsr\u00e4ten kompaktes Know-how.\" \/>\n<meta name=\"twitter:image\" content=\"https:\/\/www.organisator.ch\/wp-content\/uploads\/2018\/11\/Wenn-Verwaltungsr\u00e4tinnen-und-Verwaltungsr\u00e4te-wieder-die-Schulbank-dr\u00fccken_Organisator.jpg\" \/>\n<script type=\"application\/ld+json\" class=\"yoast-schema-graph\">{\"@context\":\"https:\\\/\\\/schema.org\",\"@graph\":[{\"@type\":\"Article\",\"@id\":\"https:\\\/\\\/www.organisator.ch\\\/management\\\/2018-11-28\\\/wenn-verwaltungsraetinnen-und-verwaltungsraete-wieder-die-schulbank-druecken\\\/#article\",\"isPartOf\":{\"@id\":\"https:\\\/\\\/www.organisator.ch\\\/management\\\/2018-11-28\\\/wenn-verwaltungsraetinnen-und-verwaltungsraete-wieder-die-schulbank-druecken\\\/\"},\"author\":{\"name\":\"thomas.berner\",\"@id\":\"https:\\\/\\\/www.organisator.ch\\\/#\\\/schema\\\/person\\\/6f650f90b2842cd4c0cc334b4e36f67e\"},\"headline\":\"Wenn Verwaltungsr\u00e4tinnen und Verwaltungsr\u00e4te wieder die Schulbank dr\u00fccken\",\"datePublished\":\"2018-11-28T09:07:14+00:00\",\"mainEntityOfPage\":{\"@id\":\"https:\\\/\\\/www.organisator.ch\\\/management\\\/2018-11-28\\\/wenn-verwaltungsraetinnen-und-verwaltungsraete-wieder-die-schulbank-druecken\\\/\"},\"wordCount\":461,\"commentCount\":0,\"publisher\":{\"@id\":\"https:\\\/\\\/www.organisator.ch\\\/#organization\"},\"image\":{\"@id\":\"https:\\\/\\\/www.organisator.ch\\\/management\\\/2018-11-28\\\/wenn-verwaltungsraetinnen-und-verwaltungsraete-wieder-die-schulbank-druecken\\\/#primaryimage\"},\"thumbnailUrl\":\"https:\\\/\\\/www.organisator.ch\\\/wp-content\\\/uploads\\\/2018\\\/11\\\/Wenn-Verwaltungsraetinnen-und-Verwaltungsraete-wieder-die-Schulbank-druecken-2_Organisator.jpg\",\"keywords\":[\"Aus-\\\/Weiterbildung\",\"Unternehmensf\u00fchrung\",\"Verwaltungsr\u00e4te\"],\"articleSection\":[\"MANAGEMENT\"],\"inLanguage\":\"en-US\"},{\"@type\":\"WebPage\",\"@id\":\"https:\\\/\\\/www.organisator.ch\\\/management\\\/2018-11-28\\\/wenn-verwaltungsraetinnen-und-verwaltungsraete-wieder-die-schulbank-druecken\\\/\",\"url\":\"https:\\\/\\\/www.organisator.ch\\\/management\\\/2018-11-28\\\/wenn-verwaltungsraetinnen-und-verwaltungsraete-wieder-die-schulbank-druecken\\\/\",\"name\":\"Wenn Verwaltungsr\u00e4tinnen und Verwaltungsr\u00e4te wieder die Schulbank dr\u00fccken - Organisator\",\"isPartOf\":{\"@id\":\"https:\\\/\\\/www.organisator.ch\\\/#website\"},\"primaryImageOfPage\":{\"@id\":\"https:\\\/\\\/www.organisator.ch\\\/management\\\/2018-11-28\\\/wenn-verwaltungsraetinnen-und-verwaltungsraete-wieder-die-schulbank-druecken\\\/#primaryimage\"},\"image\":{\"@id\":\"https:\\\/\\\/www.organisator.ch\\\/management\\\/2018-11-28\\\/wenn-verwaltungsraetinnen-und-verwaltungsraete-wieder-die-schulbank-druecken\\\/#primaryimage\"},\"thumbnailUrl\":\"https:\\\/\\\/www.organisator.ch\\\/wp-content\\\/uploads\\\/2018\\\/11\\\/Wenn-Verwaltungsraetinnen-und-Verwaltungsraete-wieder-die-Schulbank-druecken-2_Organisator.jpg\",\"datePublished\":\"2018-11-28T09:07:14+00:00\",\"description\":\"Die neu lancierte Digital Board Academy vermittelt in zwei Abendmodulen Verwaltungsr\u00e4tinnen und Verwaltungsr\u00e4ten kompaktes Know-how.\",\"breadcrumb\":{\"@id\":\"https:\\\/\\\/www.organisator.ch\\\/management\\\/2018-11-28\\\/wenn-verwaltungsraetinnen-und-verwaltungsraete-wieder-die-schulbank-druecken\\\/#breadcrumb\"},\"inLanguage\":\"en-US\",\"potentialAction\":[{\"@type\":\"ReadAction\",\"target\":[\"https:\\\/\\\/www.organisator.ch\\\/management\\\/2018-11-28\\\/wenn-verwaltungsraetinnen-und-verwaltungsraete-wieder-die-schulbank-druecken\\\/\"]}]},{\"@type\":\"ImageObject\",\"inLanguage\":\"en-US\",\"@id\":\"https:\\\/\\\/www.organisator.ch\\\/management\\\/2018-11-28\\\/wenn-verwaltungsraetinnen-und-verwaltungsraete-wieder-die-schulbank-druecken\\\/#primaryimage\",\"url\":\"https:\\\/\\\/www.organisator.ch\\\/wp-content\\\/uploads\\\/2018\\\/11\\\/Wenn-Verwaltungsraetinnen-und-Verwaltungsraete-wieder-die-Schulbank-druecken-2_Organisator.jpg\",\"contentUrl\":\"https:\\\/\\\/www.organisator.ch\\\/wp-content\\\/uploads\\\/2018\\\/11\\\/Wenn-Verwaltungsraetinnen-und-Verwaltungsraete-wieder-die-Schulbank-druecken-2_Organisator.jpg\",\"width\":1018,\"height\":679,\"caption\":\"Vermitteln digitales Know-how f\u00fcr Verwaltungsr\u00e4te: Dominic L\u00fcthi (links) und Maurice Nyffeler mit ihrer Digital Board Academy. (Bild: zVg)\"},{\"@type\":\"BreadcrumbList\",\"@id\":\"https:\\\/\\\/www.organisator.ch\\\/management\\\/2018-11-28\\\/wenn-verwaltungsraetinnen-und-verwaltungsraete-wieder-die-schulbank-druecken\\\/#breadcrumb\",\"itemListElement\":[{\"@type\":\"ListItem\",\"position\":1,\"name\":\"Home\",\"item\":\"https:\\\/\\\/www.organisator.ch\\\/\"},{\"@type\":\"ListItem\",\"position\":2,\"name\":\"Wenn Verwaltungsr\u00e4tinnen und Verwaltungsr\u00e4te wieder die Schulbank dr\u00fccken\"}]},{\"@type\":\"WebSite\",\"@id\":\"https:\\\/\\\/www.organisator.ch\\\/#website\",\"url\":\"https:\\\/\\\/www.organisator.ch\\\/\",\"name\":\"Organisator\",\"description\":\"Kompetent. Praxisnah. Der ORGANISATOR bereitet in 10 Ausgaben pro Jahr die wesentlichen Themen f\u00fcr F\u00fchrungskr\u00e4fte von KMU auf.\",\"publisher\":{\"@id\":\"https:\\\/\\\/www.organisator.ch\\\/#organization\"},\"potentialAction\":[{\"@type\":\"SearchAction\",\"target\":{\"@type\":\"EntryPoint\",\"urlTemplate\":\"https:\\\/\\\/www.organisator.ch\\\/?s={search_term_string}\"},\"query-input\":{\"@type\":\"PropertyValueSpecification\",\"valueRequired\":true,\"valueName\":\"search_term_string\"}}],\"inLanguage\":\"en-US\"},{\"@type\":\"Organization\",\"@id\":\"https:\\\/\\\/www.organisator.ch\\\/#organization\",\"name\":\"Organisator\",\"url\":\"https:\\\/\\\/www.organisator.ch\\\/\",\"logo\":{\"@type\":\"ImageObject\",\"inLanguage\":\"en-US\",\"@id\":\"https:\\\/\\\/www.organisator.ch\\\/#\\\/schema\\\/logo\\\/image\\\/\",\"url\":\"https:\\\/\\\/www.organisator.ch\\\/wp-content\\\/uploads\\\/2022\\\/01\\\/Logo_Organisator_Website.png\",\"contentUrl\":\"https:\\\/\\\/www.organisator.ch\\\/wp-content\\\/uploads\\\/2022\\\/01\\\/Logo_Organisator_Website.png\",\"width\":800,\"height\":77,\"caption\":\"Organisator\"},\"image\":{\"@id\":\"https:\\\/\\\/www.organisator.ch\\\/#\\\/schema\\\/logo\\\/image\\\/\"},\"sameAs\":[\"https:\\\/\\\/www.facebook.com\\\/OrganisatorFachmagazin\",\"https:\\\/\\\/www.linkedin.com\\\/showcase\\\/organisator-das-magazin-fr-kmu\",\"https:\\\/\\\/www.xing.com\\\/news\\\/pages\\\/organisator-ch-695\",\"https:\\\/\\\/www.youtube.com\\\/channel\\\/UCGP2Sq0iWaZwT3BdIAQFYpw\"]},{\"@type\":\"Person\",\"@id\":\"https:\\\/\\\/www.organisator.ch\\\/#\\\/schema\\\/person\\\/6f650f90b2842cd4c0cc334b4e36f67e\",\"name\":\"thomas.berner\",\"image\":{\"@type\":\"ImageObject\",\"inLanguage\":\"en-US\",\"@id\":\"https:\\\/\\\/secure.gravatar.com\\\/avatar\\\/ac5001d2a36cb6c6cd3e50789007ffca834b477b74a2144564522e944eabff61?s=96&d=mm&r=g\",\"url\":\"https:\\\/\\\/secure.gravatar.com\\\/avatar\\\/ac5001d2a36cb6c6cd3e50789007ffca834b477b74a2144564522e944eabff61?s=96&d=mm&r=g\",\"contentUrl\":\"https:\\\/\\\/secure.gravatar.com\\\/avatar\\\/ac5001d2a36cb6c6cd3e50789007ffca834b477b74a2144564522e944eabff61?s=96&d=mm&r=g\",\"caption\":\"thomas.berner\"},\"url\":\"https:\\\/\\\/www.organisator.ch\\\/en\\\/author\\\/thomas-berner\\\/\"}]}<\/script>\n<!-- \/ Yoast SEO plugin. -->","yoast_head_json":{"title":"When board members go back to school - organizer","description":"The newly launched Digital Board Academy provides board members with compact know-how in two evening modules.","robots":{"index":"index","follow":"follow","max-snippet":"max-snippet:-1","max-image-preview":"max-image-preview:large","max-video-preview":"max-video-preview:-1"},"canonical":"https:\/\/www.organisator.ch\/en\/management\/2018-11-28\/wenn-verwaltungsraetinnen-und-verwaltungsraete-wieder-die-schulbank-druecken\/","og_locale":"en_US","og_type":"article","og_title":"Wenn Verwaltungsr\u00e4tinnen und Verwaltungsr\u00e4te wieder die Schulbank dr\u00fccken","og_description":"Die neu lancierte Digital Board Academy vermittelt in zwei Abendmodulen Verwaltungsr\u00e4tinnen und Verwaltungsr\u00e4ten kompaktes Know-how.","og_url":"https:\/\/www.organisator.ch\/en\/management\/2018-11-28\/wenn-verwaltungsraetinnen-und-verwaltungsraete-wieder-die-schulbank-druecken\/","og_site_name":"Organisator","article_publisher":"https:\/\/www.facebook.com\/OrganisatorFachmagazin","article_published_time":"2018-11-28T09:07:14+00:00","og_image":[{"width":680,"height":478,"url":"https:\/\/www.organisator.ch\/wp-content\/uploads\/2018\/11\/Wenn-Verwaltungsraetinnen-und-Verwaltungsraete-wieder-die-Schulbank-druecken_Organisator.jpg","type":"image\/jpeg"}],"author":"thomas.berner","twitter_card":"summary_large_image","twitter_title":"Wenn Verwaltungsr\u00e4tinnen und #Verwaltungsr\u00e4te wieder die Schulbank dr\u00fccken","twitter_description":"Die neu lancierte Digital Board Academy vermittelt in zwei Abendmodulen Verwaltungsr\u00e4tinnen und Verwaltungsr\u00e4ten kompaktes Know-how.","twitter_image":"https:\/\/www.organisator.ch\/wp-content\/uploads\/2018\/11\/Wenn-Verwaltungsr\u00e4tinnen-und-Verwaltungsr\u00e4te-wieder-die-Schulbank-dr\u00fccken_Organisator.jpg","schema":{"@context":"https:\/\/schema.org","@graph":[{"@type":"Article","@id":"https:\/\/www.organisator.ch\/management\/2018-11-28\/wenn-verwaltungsraetinnen-und-verwaltungsraete-wieder-die-schulbank-druecken\/#article","isPartOf":{"@id":"https:\/\/www.organisator.ch\/management\/2018-11-28\/wenn-verwaltungsraetinnen-und-verwaltungsraete-wieder-die-schulbank-druecken\/"},"author":{"name":"thomas.berner","@id":"https:\/\/www.organisator.ch\/#\/schema\/person\/6f650f90b2842cd4c0cc334b4e36f67e"},"headline":"Wenn Verwaltungsr\u00e4tinnen und Verwaltungsr\u00e4te wieder die Schulbank dr\u00fccken","datePublished":"2018-11-28T09:07:14+00:00","mainEntityOfPage":{"@id":"https:\/\/www.organisator.ch\/management\/2018-11-28\/wenn-verwaltungsraetinnen-und-verwaltungsraete-wieder-die-schulbank-druecken\/"},"wordCount":461,"commentCount":0,"publisher":{"@id":"https:\/\/www.organisator.ch\/#organization"},"image":{"@id":"https:\/\/www.organisator.ch\/management\/2018-11-28\/wenn-verwaltungsraetinnen-und-verwaltungsraete-wieder-die-schulbank-druecken\/#primaryimage"},"thumbnailUrl":"https:\/\/www.organisator.ch\/wp-content\/uploads\/2018\/11\/Wenn-Verwaltungsraetinnen-und-Verwaltungsraete-wieder-die-Schulbank-druecken-2_Organisator.jpg","keywords":["Aus-\/Weiterbildung","Unternehmensf\u00fchrung","Verwaltungsr\u00e4te"],"articleSection":["MANAGEMENT"],"inLanguage":"en-US"},{"@type":"WebPage","@id":"https:\/\/www.organisator.ch\/management\/2018-11-28\/wenn-verwaltungsraetinnen-und-verwaltungsraete-wieder-die-schulbank-druecken\/","url":"https:\/\/www.organisator.ch\/management\/2018-11-28\/wenn-verwaltungsraetinnen-und-verwaltungsraete-wieder-die-schulbank-druecken\/","name":"When board members go back to school - organizer","isPartOf":{"@id":"https:\/\/www.organisator.ch\/#website"},"primaryImageOfPage":{"@id":"https:\/\/www.organisator.ch\/management\/2018-11-28\/wenn-verwaltungsraetinnen-und-verwaltungsraete-wieder-die-schulbank-druecken\/#primaryimage"},"image":{"@id":"https:\/\/www.organisator.ch\/management\/2018-11-28\/wenn-verwaltungsraetinnen-und-verwaltungsraete-wieder-die-schulbank-druecken\/#primaryimage"},"thumbnailUrl":"https:\/\/www.organisator.ch\/wp-content\/uploads\/2018\/11\/Wenn-Verwaltungsraetinnen-und-Verwaltungsraete-wieder-die-Schulbank-druecken-2_Organisator.jpg","datePublished":"2018-11-28T09:07:14+00:00","description":"The newly launched Digital Board Academy provides board members with compact know-how in two evening modules.","breadcrumb":{"@id":"https:\/\/www.organisator.ch\/management\/2018-11-28\/wenn-verwaltungsraetinnen-und-verwaltungsraete-wieder-die-schulbank-druecken\/#breadcrumb"},"inLanguage":"en-US","potentialAction":[{"@type":"ReadAction","target":["https:\/\/www.organisator.ch\/management\/2018-11-28\/wenn-verwaltungsraetinnen-und-verwaltungsraete-wieder-die-schulbank-druecken\/"]}]},{"@type":"ImageObject","inLanguage":"en-US","@id":"https:\/\/www.organisator.ch\/management\/2018-11-28\/wenn-verwaltungsraetinnen-und-verwaltungsraete-wieder-die-schulbank-druecken\/#primaryimage","url":"https:\/\/www.organisator.ch\/wp-content\/uploads\/2018\/11\/Wenn-Verwaltungsraetinnen-und-Verwaltungsraete-wieder-die-Schulbank-druecken-2_Organisator.jpg","contentUrl":"https:\/\/www.organisator.ch\/wp-content\/uploads\/2018\/11\/Wenn-Verwaltungsraetinnen-und-Verwaltungsraete-wieder-die-Schulbank-druecken-2_Organisator.jpg","width":1018,"height":679,"caption":"Vermitteln digitales Know-how f\u00fcr Verwaltungsr\u00e4te: Dominic L\u00fcthi (links) und Maurice Nyffeler mit ihrer Digital Board Academy. (Bild: zVg)"},{"@type":"BreadcrumbList","@id":"https:\/\/www.organisator.ch\/management\/2018-11-28\/wenn-verwaltungsraetinnen-und-verwaltungsraete-wieder-die-schulbank-druecken\/#breadcrumb","itemListElement":[{"@type":"ListItem","position":1,"name":"Home","item":"https:\/\/www.organisator.ch\/"},{"@type":"ListItem","position":2,"name":"Wenn Verwaltungsr\u00e4tinnen und Verwaltungsr\u00e4te wieder die Schulbank dr\u00fccken"}]},{"@type":"WebSite","@id":"https:\/\/www.organisator.ch\/#website","url":"https:\/\/www.organisator.ch\/","name":"Organizer","description":"Competent. Practical. In 10 issues per year, ORGANISATOR presents the essential topics for managers of SMEs.","publisher":{"@id":"https:\/\/www.organisator.ch\/#organization"},"potentialAction":[{"@type":"SearchAction","target":{"@type":"EntryPoint","urlTemplate":"https:\/\/www.organisator.ch\/?s={search_term_string}"},"query-input":{"@type":"PropertyValueSpecification","valueRequired":true,"valueName":"search_term_string"}}],"inLanguage":"en-US"},{"@type":"Organization","@id":"https:\/\/www.organisator.ch\/#organization","name":"Organizer","url":"https:\/\/www.organisator.ch\/","logo":{"@type":"ImageObject","inLanguage":"en-US","@id":"https:\/\/www.organisator.ch\/#\/schema\/logo\/image\/","url":"https:\/\/www.organisator.ch\/wp-content\/uploads\/2022\/01\/Logo_Organisator_Website.png","contentUrl":"https:\/\/www.organisator.ch\/wp-content\/uploads\/2022\/01\/Logo_Organisator_Website.png","width":800,"height":77,"caption":"Organisator"},"image":{"@id":"https:\/\/www.organisator.ch\/#\/schema\/logo\/image\/"},"sameAs":["https:\/\/www.facebook.com\/OrganisatorFachmagazin","https:\/\/www.linkedin.com\/showcase\/organisator-das-magazin-fr-kmu","https:\/\/www.xing.com\/news\/pages\/organisator-ch-695","https:\/\/www.youtube.com\/channel\/UCGP2Sq0iWaZwT3BdIAQFYpw"]},{"@type":"Person","@id":"https:\/\/www.organisator.ch\/#\/schema\/person\/6f650f90b2842cd4c0cc334b4e36f67e","name":"thomas.berner","image":{"@type":"ImageObject","inLanguage":"en-US","@id":"https:\/\/secure.gravatar.com\/avatar\/ac5001d2a36cb6c6cd3e50789007ffca834b477b74a2144564522e944eabff61?s=96&d=mm&r=g","url":"https:\/\/secure.gravatar.com\/avatar\/ac5001d2a36cb6c6cd3e50789007ffca834b477b74a2144564522e944eabff61?s=96&d=mm&r=g","contentUrl":"https:\/\/secure.gravatar.com\/avatar\/ac5001d2a36cb6c6cd3e50789007ffca834b477b74a2144564522e944eabff61?s=96&d=mm&r=g","caption":"thomas.berner"},"url":"https:\/\/www.organisator.ch\/en\/author\/thomas-berner\/"}]}},"_links":{"self":[{"href":"https:\/\/www.organisator.ch\/en\/wp-json\/wp\/v2\/posts\/4583","targetHints":{"allow":["GET"]}}],"collection":[{"href":"https:\/\/www.organisator.ch\/en\/wp-json\/wp\/v2\/posts"}],"about":[{"href":"https:\/\/www.organisator.ch\/en\/wp-json\/wp\/v2\/types\/post"}],"author":[{"embeddable":true,"href":"https:\/\/www.organisator.ch\/en\/wp-json\/wp\/v2\/users\/4"}],"replies":[{"embeddable":true,"href":"https:\/\/www.organisator.ch\/en\/wp-json\/wp\/v2\/comments?post=4583"}],"version-history":[{"count":0,"href":"https:\/\/www.organisator.ch\/en\/wp-json\/wp\/v2\/posts\/4583\/revisions"}],"wp:featuredmedia":[{"embeddable":true,"href":"https:\/\/www.organisator.ch\/en\/wp-json\/wp\/v2\/media\/4586"}],"wp:attachment":[{"href":"https:\/\/www.organisator.ch\/en\/wp-json\/wp\/v2\/media?parent=4583"}],"wp:term":[{"taxonomy":"category","embeddable":true,"href":"https:\/\/www.organisator.ch\/en\/wp-json\/wp\/v2\/categories?post=4583"},{"taxonomy":"post_tag","embeddable":true,"href":"https:\/\/www.organisator.ch\/en\/wp-json\/wp\/v2\/tags?post=4583"}],"curies":[{"name":"wp","href":"https:\/\/api.w.org\/{rel}","templated":true}]}}