{"id":4610,"date":"2018-12-04T15:00:18","date_gmt":"2018-12-04T14:00:18","guid":{"rendered":"https:\/\/www.organisator.ch\/?p=4610"},"modified":"2018-12-04T15:00:18","modified_gmt":"2018-12-04T14:00:18","slug":"der-erste-schweizer-notfallkoffer-fuer-kmu","status":"publish","type":"post","link":"https:\/\/www.organisator.ch\/en\/management\/2018-12-04\/der-erste-schweizer-notfallkoffer-fuer-kmu\/","title":{"rendered":"The first Swiss emergency kit for SMEs"},"content":{"rendered":"<figure id=\"attachment_4613\" aria-describedby=\"caption-attachment-4613\" style=\"width: 680px\" class=\"wp-caption alignnone\"><img loading=\"lazy\" decoding=\"async\" class=\"size-medium wp-image-4613\" src=\"https:\/\/www.organisator.ch\/wp-content\/uploads\/2018\/12\/Der-erste-Schweizer-Notfallkoffer-fuer-KMU_Organisator.jpg\" alt=\"\" width=\"680\" height=\"544\" srcset=\"https:\/\/www.organisator.ch\/wp-content\/uploads\/2018\/12\/Der-erste-Schweizer-Notfallkoffer-fuer-KMU_Organisator.jpg 680w, https:\/\/www.organisator.ch\/wp-content\/uploads\/2018\/12\/Der-erste-Schweizer-Notfallkoffer-fuer-KMU_Organisator-16x12.jpg 16w, https:\/\/www.organisator.ch\/wp-content\/uploads\/2018\/12\/Der-erste-Schweizer-Notfallkoffer-fuer-KMU_Organisator-219x175.jpg 219w, https:\/\/www.organisator.ch\/wp-content\/uploads\/2018\/12\/Der-erste-Schweizer-Notfallkoffer-fuer-KMU_Organisator-438x350.jpg 438w, https:\/\/www.organisator.ch\/wp-content\/uploads\/2018\/12\/Der-erste-Schweizer-Notfallkoffer-fuer-KMU_Organisator-300x240.jpg 300w\" sizes=\"auto, (max-width: 680px) 100vw, 680px\" \/><figcaption id=\"caption-attachment-4613\" class=\"wp-caption-text\">There is now an emergency case for SMEs: It is used if, for example, the managing director suddenly becomes unavailable. (Symbol image; S. Hofschlaeger \/ pixelio.de)<\/figcaption><\/figure>\n<p>If an entrepreneur actually fails unexpectedly, the partner or the management staff is often called upon to a special degree. If an entrepreneur is no longer able to communicate, the situation becomes extremely precarious. Who can pay the wages? Who pays the rent? Who has the login data? Who has the contact to the partner banks or suppliers? Where are the original contracts stored? The questions can be extended at will. A central place, where the amount of information can be found summarized, exists in practice in very few cases and if so, where is this place?<\/p>\n<p>The SME Emergency Case supports the Swiss entrepreneur for the first time with the most important preparations for a structured and central emergency planning for their own company. The SME Emergency Case contains over 100 pages with explanations and, above all, fillable forms for the entrepreneur. These can be entered, changed, saved and also printed out. The SME emergency case can be stored in a central location and only a few people need to be informed about it. In this way, the professional life's work can be secured as well as possible.<\/p>\n<p>The SME emergency case was launched and developed by Oliver Aschwanden. He has been a succession expert for many years and accompanies SMEs in the succession process. The impetus for this product came from a series of experiences Aschwanden had in his private and business environment. \"Especially in small companies, many responsibilities often hang on just one person,\" he knows. If this person fails, a company and its employees can quickly find themselves in existential difficulties. It is therefore all the more important to have a trusted person who can quickly access key information in order to ensure the company's ability to act. There are no statistics on how often such a case occurs. According to Oliver Aschwanden, however, it happens surprisingly often that the managing directors or entrepreneurs of SMEs suddenly and unexpectedly become unavailable.<\/p>\n<p>The SME emergency kit is now available at\u00a0<span style=\"margin: 0px; font-family: 'Arial',sans-serif;\"><a href=\"http:\/\/www.kmu-notfallkoffer.ch\/\">www.kmu-notfallkoffer.ch.<\/a><\/span><\/p>","protected":false},"excerpt":{"rendered":"<p>Wenn ein Unternehmer tats\u00e4chlich unvorhergesehen ausf\u00e4llt, ist h\u00e4ufig der Partner oder die Kadermitarbeiter in einem besonderen Masse gefordert. Ist ein Unternehmer nicht mehr kommunikationsf\u00e4hig, wird die Situation \u00e4usserst prek\u00e4r. Wer kann die L\u00f6hne bezahlen? Wer bezahlt die Miete? Wer hat die Login Daten? Wer hat den Kontakt zu den Partner Banken oder Lieferanten? Wo sind [&hellip;]<\/p>\n","protected":false},"author":4,"featured_media":4613,"comment_status":"open","ping_status":"open","sticky":false,"template":"","format":"standard","meta":{"_acf_changed":false,"_yoast_wpseo_focuskw":"Notfallkoffer","_yoast_wpseo_metadesc":"Wenn der Chef in einem KMU von heute auf morgen ausf\u00e4llt, kann das f\u00fcr die Firma schnell zur existenziellen Krise werden. Ein Notfallkoffer sorgt dabei vor.","articlekey":"","footnotes":""},"categories":[28],"tags":[335,393,434,516],"class_list":["post-4610","post","type-post","status-publish","format-standard","has-post-thumbnail","hentry","category-management","tag-management-und-unternehmensfuehrung","tag-produkte","tag-sicherheit","tag-vorsorge"],"acf":[],"yoast_head":"<!-- This site is optimized with the Yoast SEO plugin v27.5 - https:\/\/yoast.com\/product\/yoast-seo-wordpress\/ -->\n<title>Der erste Schweizer Notfallkoffer f\u00fcr KMU - Organisator<\/title>\n<meta name=\"description\" content=\"Wenn der Chef in einem KMU von heute auf morgen ausf\u00e4llt, kann das f\u00fcr die Firma schnell zur existenziellen Krise werden. Ein Notfallkoffer sorgt dabei vor.\" \/>\n<meta name=\"robots\" content=\"index, follow, max-snippet:-1, max-image-preview:large, max-video-preview:-1\" \/>\n<link rel=\"canonical\" href=\"https:\/\/www.organisator.ch\/en\/management\/2018-12-04\/der-erste-schweizer-notfallkoffer-fuer-kmu\/\" \/>\n<meta property=\"og:locale\" content=\"en_US\" \/>\n<meta property=\"og:type\" content=\"article\" \/>\n<meta property=\"og:title\" content=\"Der erste Schweizer Notfallkoffer f\u00fcr KMU\" \/>\n<meta property=\"og:description\" content=\"Wenn der Chef in einem KMU von heute auf morgen ausf\u00e4llt, kann das f\u00fcr die Firma schnell zur existenziellen Krise werden. Ein Notfallkoffer sorgt dabei vor.\" \/>\n<meta property=\"og:url\" content=\"https:\/\/www.organisator.ch\/en\/management\/2018-12-04\/der-erste-schweizer-notfallkoffer-fuer-kmu\/\" \/>\n<meta property=\"og:site_name\" content=\"Organisator\" \/>\n<meta property=\"article:publisher\" content=\"https:\/\/www.facebook.com\/OrganisatorFachmagazin\" \/>\n<meta property=\"article:published_time\" content=\"2018-12-04T14:00:18+00:00\" \/>\n<meta property=\"og:image\" content=\"https:\/\/www.organisator.ch\/wp-content\/uploads\/2018\/12\/Der-erste-Schweizer-Notfallkoffer-fuer-KMU_Organisator.jpg\" \/>\n\t<meta property=\"og:image:width\" content=\"680\" \/>\n\t<meta property=\"og:image:height\" content=\"544\" \/>\n\t<meta property=\"og:image:type\" content=\"image\/jpeg\" \/>\n<meta name=\"author\" content=\"thomas.berner\" \/>\n<meta name=\"twitter:card\" content=\"summary_large_image\" \/>\n<meta name=\"twitter:title\" content=\"Der erste Schweizer #Notfallkoffer f\u00fcr KMU\" \/>\n<meta name=\"twitter:description\" content=\"Wenn der Chef in einem KMU von heute auf morgen ausf\u00e4llt, kann das f\u00fcr die Firma schnell zur existenziellen Krise werden. Ein #Notfallkoffer sorgt dabei vor.\" \/>\n<meta name=\"twitter:image\" content=\"https:\/\/www.organisator.ch\/wp-content\/uploads\/2018\/12\/Der-erste-Schweizer-Notfallkoffer-f\u00fcr-KMU_Organisator.jpg\" \/>\n<script type=\"application\/ld+json\" class=\"yoast-schema-graph\">{\"@context\":\"https:\\\/\\\/schema.org\",\"@graph\":[{\"@type\":\"Article\",\"@id\":\"https:\\\/\\\/www.organisator.ch\\\/management\\\/2018-12-04\\\/der-erste-schweizer-notfallkoffer-fuer-kmu\\\/#article\",\"isPartOf\":{\"@id\":\"https:\\\/\\\/www.organisator.ch\\\/management\\\/2018-12-04\\\/der-erste-schweizer-notfallkoffer-fuer-kmu\\\/\"},\"author\":{\"name\":\"thomas.berner\",\"@id\":\"https:\\\/\\\/www.organisator.ch\\\/#\\\/schema\\\/person\\\/6f650f90b2842cd4c0cc334b4e36f67e\"},\"headline\":\"Der erste Schweizer Notfallkoffer f\u00fcr KMU\",\"datePublished\":\"2018-12-04T14:00:18+00:00\",\"mainEntityOfPage\":{\"@id\":\"https:\\\/\\\/www.organisator.ch\\\/management\\\/2018-12-04\\\/der-erste-schweizer-notfallkoffer-fuer-kmu\\\/\"},\"wordCount\":371,\"commentCount\":0,\"publisher\":{\"@id\":\"https:\\\/\\\/www.organisator.ch\\\/#organization\"},\"image\":{\"@id\":\"https:\\\/\\\/www.organisator.ch\\\/management\\\/2018-12-04\\\/der-erste-schweizer-notfallkoffer-fuer-kmu\\\/#primaryimage\"},\"thumbnailUrl\":\"https:\\\/\\\/www.organisator.ch\\\/wp-content\\\/uploads\\\/2018\\\/12\\\/Der-erste-Schweizer-Notfallkoffer-fuer-KMU_Organisator.jpg\",\"keywords\":[\"Management und Unternehmensf\u00fchrung\",\"Produkte\",\"Sicherheit\",\"Vorsorge\"],\"articleSection\":[\"MANAGEMENT\"],\"inLanguage\":\"en-US\"},{\"@type\":\"WebPage\",\"@id\":\"https:\\\/\\\/www.organisator.ch\\\/management\\\/2018-12-04\\\/der-erste-schweizer-notfallkoffer-fuer-kmu\\\/\",\"url\":\"https:\\\/\\\/www.organisator.ch\\\/management\\\/2018-12-04\\\/der-erste-schweizer-notfallkoffer-fuer-kmu\\\/\",\"name\":\"Der erste Schweizer Notfallkoffer f\u00fcr KMU - Organisator\",\"isPartOf\":{\"@id\":\"https:\\\/\\\/www.organisator.ch\\\/#website\"},\"primaryImageOfPage\":{\"@id\":\"https:\\\/\\\/www.organisator.ch\\\/management\\\/2018-12-04\\\/der-erste-schweizer-notfallkoffer-fuer-kmu\\\/#primaryimage\"},\"image\":{\"@id\":\"https:\\\/\\\/www.organisator.ch\\\/management\\\/2018-12-04\\\/der-erste-schweizer-notfallkoffer-fuer-kmu\\\/#primaryimage\"},\"thumbnailUrl\":\"https:\\\/\\\/www.organisator.ch\\\/wp-content\\\/uploads\\\/2018\\\/12\\\/Der-erste-Schweizer-Notfallkoffer-fuer-KMU_Organisator.jpg\",\"datePublished\":\"2018-12-04T14:00:18+00:00\",\"description\":\"Wenn der Chef in einem KMU von heute auf morgen ausf\u00e4llt, kann das f\u00fcr die Firma schnell zur existenziellen Krise werden. Ein Notfallkoffer sorgt dabei vor.\",\"breadcrumb\":{\"@id\":\"https:\\\/\\\/www.organisator.ch\\\/management\\\/2018-12-04\\\/der-erste-schweizer-notfallkoffer-fuer-kmu\\\/#breadcrumb\"},\"inLanguage\":\"en-US\",\"potentialAction\":[{\"@type\":\"ReadAction\",\"target\":[\"https:\\\/\\\/www.organisator.ch\\\/management\\\/2018-12-04\\\/der-erste-schweizer-notfallkoffer-fuer-kmu\\\/\"]}]},{\"@type\":\"ImageObject\",\"inLanguage\":\"en-US\",\"@id\":\"https:\\\/\\\/www.organisator.ch\\\/management\\\/2018-12-04\\\/der-erste-schweizer-notfallkoffer-fuer-kmu\\\/#primaryimage\",\"url\":\"https:\\\/\\\/www.organisator.ch\\\/wp-content\\\/uploads\\\/2018\\\/12\\\/Der-erste-Schweizer-Notfallkoffer-fuer-KMU_Organisator.jpg\",\"contentUrl\":\"https:\\\/\\\/www.organisator.ch\\\/wp-content\\\/uploads\\\/2018\\\/12\\\/Der-erste-Schweizer-Notfallkoffer-fuer-KMU_Organisator.jpg\",\"width\":680,\"height\":544,\"caption\":\"F\u00fcr KMU gibt es nun einen Notfallkoffer: Er kommt zum Einsatz, wenn etwa der Gesch\u00e4ftsf\u00fchrer pl\u00f6tzlich ausf\u00e4llt. (Symbolbild; S. Hofschlaeger \\\/ pixelio.de)\"},{\"@type\":\"BreadcrumbList\",\"@id\":\"https:\\\/\\\/www.organisator.ch\\\/management\\\/2018-12-04\\\/der-erste-schweizer-notfallkoffer-fuer-kmu\\\/#breadcrumb\",\"itemListElement\":[{\"@type\":\"ListItem\",\"position\":1,\"name\":\"Home\",\"item\":\"https:\\\/\\\/www.organisator.ch\\\/\"},{\"@type\":\"ListItem\",\"position\":2,\"name\":\"Der erste Schweizer Notfallkoffer f\u00fcr KMU\"}]},{\"@type\":\"WebSite\",\"@id\":\"https:\\\/\\\/www.organisator.ch\\\/#website\",\"url\":\"https:\\\/\\\/www.organisator.ch\\\/\",\"name\":\"Organisator\",\"description\":\"Kompetent. Praxisnah. Der ORGANISATOR bereitet in 10 Ausgaben pro Jahr die wesentlichen Themen f\u00fcr F\u00fchrungskr\u00e4fte von KMU auf.\",\"publisher\":{\"@id\":\"https:\\\/\\\/www.organisator.ch\\\/#organization\"},\"potentialAction\":[{\"@type\":\"SearchAction\",\"target\":{\"@type\":\"EntryPoint\",\"urlTemplate\":\"https:\\\/\\\/www.organisator.ch\\\/?s={search_term_string}\"},\"query-input\":{\"@type\":\"PropertyValueSpecification\",\"valueRequired\":true,\"valueName\":\"search_term_string\"}}],\"inLanguage\":\"en-US\"},{\"@type\":\"Organization\",\"@id\":\"https:\\\/\\\/www.organisator.ch\\\/#organization\",\"name\":\"Organisator\",\"url\":\"https:\\\/\\\/www.organisator.ch\\\/\",\"logo\":{\"@type\":\"ImageObject\",\"inLanguage\":\"en-US\",\"@id\":\"https:\\\/\\\/www.organisator.ch\\\/#\\\/schema\\\/logo\\\/image\\\/\",\"url\":\"https:\\\/\\\/www.organisator.ch\\\/wp-content\\\/uploads\\\/2022\\\/01\\\/Logo_Organisator_Website.png\",\"contentUrl\":\"https:\\\/\\\/www.organisator.ch\\\/wp-content\\\/uploads\\\/2022\\\/01\\\/Logo_Organisator_Website.png\",\"width\":800,\"height\":77,\"caption\":\"Organisator\"},\"image\":{\"@id\":\"https:\\\/\\\/www.organisator.ch\\\/#\\\/schema\\\/logo\\\/image\\\/\"},\"sameAs\":[\"https:\\\/\\\/www.facebook.com\\\/OrganisatorFachmagazin\",\"https:\\\/\\\/www.linkedin.com\\\/showcase\\\/organisator-das-magazin-fr-kmu\",\"https:\\\/\\\/www.xing.com\\\/news\\\/pages\\\/organisator-ch-695\",\"https:\\\/\\\/www.youtube.com\\\/channel\\\/UCGP2Sq0iWaZwT3BdIAQFYpw\"]},{\"@type\":\"Person\",\"@id\":\"https:\\\/\\\/www.organisator.ch\\\/#\\\/schema\\\/person\\\/6f650f90b2842cd4c0cc334b4e36f67e\",\"name\":\"thomas.berner\",\"image\":{\"@type\":\"ImageObject\",\"inLanguage\":\"en-US\",\"@id\":\"https:\\\/\\\/secure.gravatar.com\\\/avatar\\\/ac5001d2a36cb6c6cd3e50789007ffca834b477b74a2144564522e944eabff61?s=96&d=mm&r=g\",\"url\":\"https:\\\/\\\/secure.gravatar.com\\\/avatar\\\/ac5001d2a36cb6c6cd3e50789007ffca834b477b74a2144564522e944eabff61?s=96&d=mm&r=g\",\"contentUrl\":\"https:\\\/\\\/secure.gravatar.com\\\/avatar\\\/ac5001d2a36cb6c6cd3e50789007ffca834b477b74a2144564522e944eabff61?s=96&d=mm&r=g\",\"caption\":\"thomas.berner\"},\"url\":\"https:\\\/\\\/www.organisator.ch\\\/en\\\/author\\\/thomas-berner\\\/\"}]}<\/script>\n<!-- \/ Yoast SEO plugin. -->","yoast_head_json":{"title":"The first Swiss emergency case for SMEs - organizer","description":"If the boss of an SME becomes unavailable overnight, this can quickly turn into an existential crisis for the company. An emergency kit takes care of this.","robots":{"index":"index","follow":"follow","max-snippet":"max-snippet:-1","max-image-preview":"max-image-preview:large","max-video-preview":"max-video-preview:-1"},"canonical":"https:\/\/www.organisator.ch\/en\/management\/2018-12-04\/der-erste-schweizer-notfallkoffer-fuer-kmu\/","og_locale":"en_US","og_type":"article","og_title":"Der erste Schweizer Notfallkoffer f\u00fcr KMU","og_description":"Wenn der Chef in einem KMU von heute auf morgen ausf\u00e4llt, kann das f\u00fcr die Firma schnell zur existenziellen Krise werden. Ein Notfallkoffer sorgt dabei vor.","og_url":"https:\/\/www.organisator.ch\/en\/management\/2018-12-04\/der-erste-schweizer-notfallkoffer-fuer-kmu\/","og_site_name":"Organisator","article_publisher":"https:\/\/www.facebook.com\/OrganisatorFachmagazin","article_published_time":"2018-12-04T14:00:18+00:00","og_image":[{"width":680,"height":544,"url":"https:\/\/www.organisator.ch\/wp-content\/uploads\/2018\/12\/Der-erste-Schweizer-Notfallkoffer-fuer-KMU_Organisator.jpg","type":"image\/jpeg"}],"author":"thomas.berner","twitter_card":"summary_large_image","twitter_title":"Der erste Schweizer #Notfallkoffer f\u00fcr KMU","twitter_description":"Wenn der Chef in einem KMU von heute auf morgen ausf\u00e4llt, kann das f\u00fcr die Firma schnell zur existenziellen Krise werden. Ein #Notfallkoffer sorgt dabei vor.","twitter_image":"https:\/\/www.organisator.ch\/wp-content\/uploads\/2018\/12\/Der-erste-Schweizer-Notfallkoffer-f\u00fcr-KMU_Organisator.jpg","schema":{"@context":"https:\/\/schema.org","@graph":[{"@type":"Article","@id":"https:\/\/www.organisator.ch\/management\/2018-12-04\/der-erste-schweizer-notfallkoffer-fuer-kmu\/#article","isPartOf":{"@id":"https:\/\/www.organisator.ch\/management\/2018-12-04\/der-erste-schweizer-notfallkoffer-fuer-kmu\/"},"author":{"name":"thomas.berner","@id":"https:\/\/www.organisator.ch\/#\/schema\/person\/6f650f90b2842cd4c0cc334b4e36f67e"},"headline":"Der erste Schweizer Notfallkoffer f\u00fcr KMU","datePublished":"2018-12-04T14:00:18+00:00","mainEntityOfPage":{"@id":"https:\/\/www.organisator.ch\/management\/2018-12-04\/der-erste-schweizer-notfallkoffer-fuer-kmu\/"},"wordCount":371,"commentCount":0,"publisher":{"@id":"https:\/\/www.organisator.ch\/#organization"},"image":{"@id":"https:\/\/www.organisator.ch\/management\/2018-12-04\/der-erste-schweizer-notfallkoffer-fuer-kmu\/#primaryimage"},"thumbnailUrl":"https:\/\/www.organisator.ch\/wp-content\/uploads\/2018\/12\/Der-erste-Schweizer-Notfallkoffer-fuer-KMU_Organisator.jpg","keywords":["Management und Unternehmensf\u00fchrung","Produkte","Sicherheit","Vorsorge"],"articleSection":["MANAGEMENT"],"inLanguage":"en-US"},{"@type":"WebPage","@id":"https:\/\/www.organisator.ch\/management\/2018-12-04\/der-erste-schweizer-notfallkoffer-fuer-kmu\/","url":"https:\/\/www.organisator.ch\/management\/2018-12-04\/der-erste-schweizer-notfallkoffer-fuer-kmu\/","name":"The first Swiss emergency case for SMEs - organizer","isPartOf":{"@id":"https:\/\/www.organisator.ch\/#website"},"primaryImageOfPage":{"@id":"https:\/\/www.organisator.ch\/management\/2018-12-04\/der-erste-schweizer-notfallkoffer-fuer-kmu\/#primaryimage"},"image":{"@id":"https:\/\/www.organisator.ch\/management\/2018-12-04\/der-erste-schweizer-notfallkoffer-fuer-kmu\/#primaryimage"},"thumbnailUrl":"https:\/\/www.organisator.ch\/wp-content\/uploads\/2018\/12\/Der-erste-Schweizer-Notfallkoffer-fuer-KMU_Organisator.jpg","datePublished":"2018-12-04T14:00:18+00:00","description":"If the boss of an SME becomes unavailable overnight, this can quickly turn into an existential crisis for the company. An emergency kit takes care of this.","breadcrumb":{"@id":"https:\/\/www.organisator.ch\/management\/2018-12-04\/der-erste-schweizer-notfallkoffer-fuer-kmu\/#breadcrumb"},"inLanguage":"en-US","potentialAction":[{"@type":"ReadAction","target":["https:\/\/www.organisator.ch\/management\/2018-12-04\/der-erste-schweizer-notfallkoffer-fuer-kmu\/"]}]},{"@type":"ImageObject","inLanguage":"en-US","@id":"https:\/\/www.organisator.ch\/management\/2018-12-04\/der-erste-schweizer-notfallkoffer-fuer-kmu\/#primaryimage","url":"https:\/\/www.organisator.ch\/wp-content\/uploads\/2018\/12\/Der-erste-Schweizer-Notfallkoffer-fuer-KMU_Organisator.jpg","contentUrl":"https:\/\/www.organisator.ch\/wp-content\/uploads\/2018\/12\/Der-erste-Schweizer-Notfallkoffer-fuer-KMU_Organisator.jpg","width":680,"height":544,"caption":"F\u00fcr KMU gibt es nun einen Notfallkoffer: Er kommt zum Einsatz, wenn etwa der Gesch\u00e4ftsf\u00fchrer pl\u00f6tzlich ausf\u00e4llt. (Symbolbild; S. Hofschlaeger \/ pixelio.de)"},{"@type":"BreadcrumbList","@id":"https:\/\/www.organisator.ch\/management\/2018-12-04\/der-erste-schweizer-notfallkoffer-fuer-kmu\/#breadcrumb","itemListElement":[{"@type":"ListItem","position":1,"name":"Home","item":"https:\/\/www.organisator.ch\/"},{"@type":"ListItem","position":2,"name":"Der erste Schweizer Notfallkoffer f\u00fcr KMU"}]},{"@type":"WebSite","@id":"https:\/\/www.organisator.ch\/#website","url":"https:\/\/www.organisator.ch\/","name":"Organizer","description":"Competent. Practical. In 10 issues per year, ORGANISATOR presents the essential topics for managers of SMEs.","publisher":{"@id":"https:\/\/www.organisator.ch\/#organization"},"potentialAction":[{"@type":"SearchAction","target":{"@type":"EntryPoint","urlTemplate":"https:\/\/www.organisator.ch\/?s={search_term_string}"},"query-input":{"@type":"PropertyValueSpecification","valueRequired":true,"valueName":"search_term_string"}}],"inLanguage":"en-US"},{"@type":"Organization","@id":"https:\/\/www.organisator.ch\/#organization","name":"Organizer","url":"https:\/\/www.organisator.ch\/","logo":{"@type":"ImageObject","inLanguage":"en-US","@id":"https:\/\/www.organisator.ch\/#\/schema\/logo\/image\/","url":"https:\/\/www.organisator.ch\/wp-content\/uploads\/2022\/01\/Logo_Organisator_Website.png","contentUrl":"https:\/\/www.organisator.ch\/wp-content\/uploads\/2022\/01\/Logo_Organisator_Website.png","width":800,"height":77,"caption":"Organisator"},"image":{"@id":"https:\/\/www.organisator.ch\/#\/schema\/logo\/image\/"},"sameAs":["https:\/\/www.facebook.com\/OrganisatorFachmagazin","https:\/\/www.linkedin.com\/showcase\/organisator-das-magazin-fr-kmu","https:\/\/www.xing.com\/news\/pages\/organisator-ch-695","https:\/\/www.youtube.com\/channel\/UCGP2Sq0iWaZwT3BdIAQFYpw"]},{"@type":"Person","@id":"https:\/\/www.organisator.ch\/#\/schema\/person\/6f650f90b2842cd4c0cc334b4e36f67e","name":"thomas.berner","image":{"@type":"ImageObject","inLanguage":"en-US","@id":"https:\/\/secure.gravatar.com\/avatar\/ac5001d2a36cb6c6cd3e50789007ffca834b477b74a2144564522e944eabff61?s=96&d=mm&r=g","url":"https:\/\/secure.gravatar.com\/avatar\/ac5001d2a36cb6c6cd3e50789007ffca834b477b74a2144564522e944eabff61?s=96&d=mm&r=g","contentUrl":"https:\/\/secure.gravatar.com\/avatar\/ac5001d2a36cb6c6cd3e50789007ffca834b477b74a2144564522e944eabff61?s=96&d=mm&r=g","caption":"thomas.berner"},"url":"https:\/\/www.organisator.ch\/en\/author\/thomas-berner\/"}]}},"_links":{"self":[{"href":"https:\/\/www.organisator.ch\/en\/wp-json\/wp\/v2\/posts\/4610","targetHints":{"allow":["GET"]}}],"collection":[{"href":"https:\/\/www.organisator.ch\/en\/wp-json\/wp\/v2\/posts"}],"about":[{"href":"https:\/\/www.organisator.ch\/en\/wp-json\/wp\/v2\/types\/post"}],"author":[{"embeddable":true,"href":"https:\/\/www.organisator.ch\/en\/wp-json\/wp\/v2\/users\/4"}],"replies":[{"embeddable":true,"href":"https:\/\/www.organisator.ch\/en\/wp-json\/wp\/v2\/comments?post=4610"}],"version-history":[{"count":0,"href":"https:\/\/www.organisator.ch\/en\/wp-json\/wp\/v2\/posts\/4610\/revisions"}],"wp:featuredmedia":[{"embeddable":true,"href":"https:\/\/www.organisator.ch\/en\/wp-json\/wp\/v2\/media\/4613"}],"wp:attachment":[{"href":"https:\/\/www.organisator.ch\/en\/wp-json\/wp\/v2\/media?parent=4610"}],"wp:term":[{"taxonomy":"category","embeddable":true,"href":"https:\/\/www.organisator.ch\/en\/wp-json\/wp\/v2\/categories?post=4610"},{"taxonomy":"post_tag","embeddable":true,"href":"https:\/\/www.organisator.ch\/en\/wp-json\/wp\/v2\/tags?post=4610"}],"curies":[{"name":"wp","href":"https:\/\/api.w.org\/{rel}","templated":true}]}}