{"id":4639,"date":"2018-12-07T08:23:47","date_gmt":"2018-12-07T07:23:47","guid":{"rendered":"https:\/\/www.organisator.ch\/?p=4639"},"modified":"2018-12-07T08:23:47","modified_gmt":"2018-12-07T07:23:47","slug":"five-digital-trends-for-the-retail-industry","status":"publish","type":"post","link":"https:\/\/www.organisator.ch\/en\/marketing\/2018-12-07\/fuenf-digitaltrends-fuer-die-retail-branche\/","title":{"rendered":"Five digital trends for the retail industry"},"content":{"rendered":"<figure id=\"attachment_4640\" aria-describedby=\"caption-attachment-4640\" style=\"width: 680px\" class=\"wp-caption alignnone\"><img loading=\"lazy\" decoding=\"async\" class=\"size-medium wp-image-4640\" src=\"https:\/\/www.organisator.ch\/wp-content\/uploads\/2018\/12\/Fuenf-Digitaltrends-fuer-die-Retail-Branche_Organisator.jpg\" alt=\"\" width=\"680\" height=\"446\" srcset=\"https:\/\/www.organisator.ch\/wp-content\/uploads\/2018\/12\/Fuenf-Digitaltrends-fuer-die-Retail-Branche_Organisator.jpg 680w, https:\/\/www.organisator.ch\/wp-content\/uploads\/2018\/12\/Fuenf-Digitaltrends-fuer-die-Retail-Branche_Organisator-16x10.jpg 16w, https:\/\/www.organisator.ch\/wp-content\/uploads\/2018\/12\/Fuenf-Digitaltrends-fuer-die-Retail-Branche_Organisator-267x175.jpg 267w, https:\/\/www.organisator.ch\/wp-content\/uploads\/2018\/12\/Fuenf-Digitaltrends-fuer-die-Retail-Branche_Organisator-534x350.jpg 534w, https:\/\/www.organisator.ch\/wp-content\/uploads\/2018\/12\/Fuenf-Digitaltrends-fuer-die-Retail-Branche_Organisator-300x197.jpg 300w\" sizes=\"auto, (max-width: 680px) 100vw, 680px\" \/><figcaption id=\"caption-attachment-4640\" class=\"wp-caption-text\">Don't miss it: These are the trends for the retail industry in the coming year. (Source: Namics)<\/figcaption><\/figure>\n<p>Between new store concepts that manage entirely without checkouts and the battle for supremacy in online retailing, the retail industry is also exposed to rapidly changing trends in other areas. Retail expert Alexander Henss, Senior Principal Consultant at Namics, reveals what these trends are.<\/p>\n<h2>1. data collection: the digitization of space<\/h2>\n<p>A great deal of data enters the retailer's showrooms along with the customers. So far, however, they have rarely been collected. As a result, brick-and-mortar retailers are missing out on enormous potential:<br \/>\nAfter all, the information generates revealing insights from which companies can derive appropriate measures or even new business models. Data can be used to clarify the following questions, for example:<\/p>\n<ul>\n<li>Which products immediately catch the customer's eye?<\/li>\n<li>Does the consumer touch certain objects to check the material?<\/li>\n<li>How do advertising measures work?<\/li>\n<li>What patterns of movement are created in the salesroom?<\/li>\n<\/ul>\n<p>Amazon Go is a pioneer in the digitization of space. The American supermarket operates without checkouts, but customers have to register at the entrance using a smartphone code. Their movements and actions in the sales area are recorded by various sensors and evaluated by an algorithm.<\/p>\n<h2>2. offline, online, timeline: Network data optimally<\/h2>\n<p>Data also plays the main role in the second trend: the more facts are available about the customer, the more important it is to network them. With smart shopping carts, RFID and iBeacon technology, numerous values are collected offline in the retail industry. In order to be able to use these optimally, a functioning link with data from other channels, for example customer relationship management or search behavior on the website, is essential. A sophisticated strategy is needed so that the values can be combined to form a 360-degree customer picture. The following aspects must be taken into account:<\/p>\n<ul>\n<li>What data should be collected and what do they say?<\/li>\n<li>Which platform is used to collect or link the data?<\/li>\n<li>How does the evaluation take place?<\/li>\n<li>How can I use source data for predictive and prescriptive analytics?<\/li>\n<\/ul>\n<p>Prescriptive analytics in particular are becoming increasingly important for retailers: they go one step further and enable the company to make additional recommendations for action. One example is the adjustment of parameters as part of a promotion to increase sales figures.<\/p>\n<h2>3. from shopping to experience: the in-store experience<\/h2>\n<p>Customers themselves are also moving more and more into digital worlds. Be it in online shopping or in social interaction. To ensure that the experience in the real store can keep up with that in the online store, retailers should rethink the design of their sales areas and incorporate digital solutions.<\/p>\n<p>Smart screens can, for example, suggest matching accessories for pants or dresses in the dressing room. The use of virtual reality, on the other hand, makes it possible to better plan furniture or pictures into one's own home decor. Robots can, for example, bring suits in a different size and color to the customer's cubicle. And thanks to intelligent mirrors, new outfits can be shared with friends via social media channels.<\/p>\n<h2>4. disruption: B2B platforms on the rise<\/h2>\n<p>For the entire B2B segment, the entry of various global players such as Google, Amazon and Alibaba into the B2B business harbors both risks and opportunities. One thing is certain: in the long term, retailers will not be able to avoid platforms such as Amazon Business or Google Shopping. Anyone venturing into this still unknown territory must be prepared with a good strategy in any case. Is the platform in question even relevant for the customer journey? What technological requirements do I have to fulfill in order to become active in the digital marketplaces? Retailers urgently need answers to these questions in the coming year.<\/p>\n<h2>5. technology: system architecture in transition<\/h2>\n<p>In order to survive in the digital world, the right tools and methods are also indispensable in the retail sector. The technology behind them is becoming increasingly sophisticated and diverse. Thanks to modularization, the software architecture is also becoming more flexible. The replacement of systems used to date is up for debate. Today, and especially in the coming year, companies are confronted with the following questions:<\/p>\n<ul>\n<li>Software On Premises or Cloud-Based Services? However, this question is becoming increasingly rare, as many manufacturers now only offer their software as a cloud service and do not use on premise software.<\/li>\n<li>Can AI be used to present offers in a more relevant way or to optimize channels? For example, it can help to suggest the right products based on surfing behavior.<\/li>\n<li>How can data availability be increased across touchpoints? One touchpoint, for example, is the stationary checkout, which shows the retailer the entire purchase history of the respective customer.<\/li>\n<li>How can the DevOps approach be used to shape a continuous improvement process? For example, digital innovations can go live faster and be brought to the customer.<\/li>\n<\/ul>\n<p>Regardless of the particular decision, retailers should always keep in mind that the change will not only create more convenience for their own business, but also for the customer.<\/p>\n<figure id=\"attachment_4641\" aria-describedby=\"caption-attachment-4641\" style=\"width: 340px\" class=\"wp-caption alignnone\"><img loading=\"lazy\" decoding=\"async\" class=\"size-full wp-image-4641\" src=\"https:\/\/www.organisator.ch\/wp-content\/uploads\/2018\/12\/Fuenf-Digitaltrends-fuer-die-Retail-Branche-2_Organisator.jpg\" alt=\"\" width=\"340\" height=\"356\" srcset=\"https:\/\/www.organisator.ch\/wp-content\/uploads\/2018\/12\/Fuenf-Digitaltrends-fuer-die-Retail-Branche-2_Organisator.jpg 340w, https:\/\/www.organisator.ch\/wp-content\/uploads\/2018\/12\/Fuenf-Digitaltrends-fuer-die-Retail-Branche-2_Organisator-11x12.jpg 11w, https:\/\/www.organisator.ch\/wp-content\/uploads\/2018\/12\/Fuenf-Digitaltrends-fuer-die-Retail-Branche-2_Organisator-167x175.jpg 167w, https:\/\/www.organisator.ch\/wp-content\/uploads\/2018\/12\/Fuenf-Digitaltrends-fuer-die-Retail-Branche-2_Organisator-334x350.jpg 334w, https:\/\/www.organisator.ch\/wp-content\/uploads\/2018\/12\/Fuenf-Digitaltrends-fuer-die-Retail-Branche-2_Organisator-300x314.jpg 300w\" sizes=\"auto, (max-width: 340px) 100vw, 340px\" \/><figcaption id=\"caption-attachment-4641\" class=\"wp-caption-text\">Alexander Henss is Senior Principal Consultant at <a href=\"http:\/\/www.namics.com\">Namics<\/a>. (Source: Namics)<\/figcaption><\/figure>","protected":false},"excerpt":{"rendered":"<p>Zwischen neuen Shop-Konzepten, die ganz ohne Kasse auskommen, und dem Kampf um Vormachtstellungen im Online-Handel ist die Retail-Branche auch sonst schnell wechselnden Trends ausgesetzt. Welche das sind, verr\u00e4t Handelsexperte Alexander Henss, Senior Principal Consultant bei Namics. 1. Datenerhebung: Die Digitalisierung des Raums Mit den Kunden kommen zahlreiche Daten in die Verkaufsr\u00e4ume der H\u00e4ndler. Bislang werden [&hellip;]<\/p>\n","protected":false},"author":4,"featured_media":4640,"comment_status":"open","ping_status":"open","sticky":false,"template":"","format":"standard","meta":{"_acf_changed":false,"_yoast_wpseo_focuskw":"Retail-Branche","_yoast_wpseo_metadesc":"Laut der Digitalagentur Namics werden 2019 f\u00fcr die Retail-Branche f\u00fcnf Digitaltrends besonders wichtig.","articlekey":"","footnotes":""},"categories":[29],"tags":[156,340,417],"class_list":["post-4639","post","type-post","status-publish","format-standard","has-post-thumbnail","hentry","category-marketing","tag-digitalisierung","tag-maerkte","tag-retail"],"acf":[],"yoast_head":"<!-- This site is optimized with the Yoast SEO plugin v27.5 - https:\/\/yoast.com\/product\/yoast-seo-wordpress\/ -->\n<title>F\u00fcnf Digitaltrends f\u00fcr die Retail-Branche - Organisator<\/title>\n<meta name=\"description\" content=\"Laut der Digitalagentur Namics werden 2019 f\u00fcr die Retail-Branche f\u00fcnf Digitaltrends besonders wichtig.\" \/>\n<meta name=\"robots\" content=\"index, follow, max-snippet:-1, max-image-preview:large, max-video-preview:-1\" \/>\n<link rel=\"canonical\" href=\"https:\/\/www.organisator.ch\/en\/marketing\/2018-12-07\/five-digital-trends-for-the-retail-industry\/\" \/>\n<meta property=\"og:locale\" content=\"en_US\" \/>\n<meta property=\"og:type\" content=\"article\" \/>\n<meta property=\"og:title\" content=\"F\u00fcnf Digitaltrends f\u00fcr die Retail-Branche\" \/>\n<meta property=\"og:description\" content=\"Laut der Digitalagentur Namics werden 2019 f\u00fcr die Retail-Branche f\u00fcnf Digitaltrends besonders wichtig.\" \/>\n<meta property=\"og:url\" content=\"https:\/\/www.organisator.ch\/en\/marketing\/2018-12-07\/five-digital-trends-for-the-retail-industry\/\" \/>\n<meta property=\"og:site_name\" content=\"Organisator\" \/>\n<meta property=\"article:publisher\" content=\"https:\/\/www.facebook.com\/OrganisatorFachmagazin\" \/>\n<meta property=\"article:published_time\" content=\"2018-12-07T07:23:47+00:00\" \/>\n<meta property=\"og:image\" content=\"https:\/\/www.organisator.ch\/wp-content\/uploads\/2018\/12\/Fuenf-Digitaltrends-fuer-die-Retail-Branche_Organisator.jpg\" \/>\n\t<meta property=\"og:image:width\" content=\"680\" \/>\n\t<meta property=\"og:image:height\" content=\"446\" \/>\n\t<meta property=\"og:image:type\" content=\"image\/jpeg\" \/>\n<meta name=\"author\" content=\"thomas.berner\" \/>\n<meta name=\"twitter:card\" content=\"summary_large_image\" \/>\n<meta name=\"twitter:title\" content=\"F\u00fcnf Digitaltrends f\u00fcr die #Retail-Branche\" \/>\n<meta name=\"twitter:description\" content=\"Laut der Digitalagentur Namics werden 2019 f\u00fcr die #Retail-Branche f\u00fcnf Digitaltrends besonders wichtig.\" \/>\n<meta name=\"twitter:image\" content=\"https:\/\/www.organisator.ch\/wp-content\/uploads\/2018\/12\/F\u00fcnf-Digitaltrends-f\u00fcr-die-Retail-Branche_Organisator.jpg\" \/>\n<script type=\"application\/ld+json\" class=\"yoast-schema-graph\">{\"@context\":\"https:\\\/\\\/schema.org\",\"@graph\":[{\"@type\":\"Article\",\"@id\":\"https:\\\/\\\/www.organisator.ch\\\/marketing\\\/2018-12-07\\\/fuenf-digitaltrends-fuer-die-retail-branche\\\/#article\",\"isPartOf\":{\"@id\":\"https:\\\/\\\/www.organisator.ch\\\/marketing\\\/2018-12-07\\\/fuenf-digitaltrends-fuer-die-retail-branche\\\/\"},\"author\":{\"name\":\"thomas.berner\",\"@id\":\"https:\\\/\\\/www.organisator.ch\\\/#\\\/schema\\\/person\\\/6f650f90b2842cd4c0cc334b4e36f67e\"},\"headline\":\"F\u00fcnf Digitaltrends f\u00fcr die Retail-Branche\",\"datePublished\":\"2018-12-07T07:23:47+00:00\",\"mainEntityOfPage\":{\"@id\":\"https:\\\/\\\/www.organisator.ch\\\/marketing\\\/2018-12-07\\\/fuenf-digitaltrends-fuer-die-retail-branche\\\/\"},\"wordCount\":827,\"commentCount\":0,\"publisher\":{\"@id\":\"https:\\\/\\\/www.organisator.ch\\\/#organization\"},\"image\":{\"@id\":\"https:\\\/\\\/www.organisator.ch\\\/marketing\\\/2018-12-07\\\/fuenf-digitaltrends-fuer-die-retail-branche\\\/#primaryimage\"},\"thumbnailUrl\":\"https:\\\/\\\/www.organisator.ch\\\/wp-content\\\/uploads\\\/2018\\\/12\\\/Fuenf-Digitaltrends-fuer-die-Retail-Branche_Organisator.jpg\",\"keywords\":[\"Digitalisierung\",\"M\u00e4rkte\",\"Retail\"],\"articleSection\":[\"MARKETING\"],\"inLanguage\":\"en-US\"},{\"@type\":\"WebPage\",\"@id\":\"https:\\\/\\\/www.organisator.ch\\\/marketing\\\/2018-12-07\\\/fuenf-digitaltrends-fuer-die-retail-branche\\\/\",\"url\":\"https:\\\/\\\/www.organisator.ch\\\/marketing\\\/2018-12-07\\\/fuenf-digitaltrends-fuer-die-retail-branche\\\/\",\"name\":\"F\u00fcnf Digitaltrends f\u00fcr die Retail-Branche - Organisator\",\"isPartOf\":{\"@id\":\"https:\\\/\\\/www.organisator.ch\\\/#website\"},\"primaryImageOfPage\":{\"@id\":\"https:\\\/\\\/www.organisator.ch\\\/marketing\\\/2018-12-07\\\/fuenf-digitaltrends-fuer-die-retail-branche\\\/#primaryimage\"},\"image\":{\"@id\":\"https:\\\/\\\/www.organisator.ch\\\/marketing\\\/2018-12-07\\\/fuenf-digitaltrends-fuer-die-retail-branche\\\/#primaryimage\"},\"thumbnailUrl\":\"https:\\\/\\\/www.organisator.ch\\\/wp-content\\\/uploads\\\/2018\\\/12\\\/Fuenf-Digitaltrends-fuer-die-Retail-Branche_Organisator.jpg\",\"datePublished\":\"2018-12-07T07:23:47+00:00\",\"description\":\"Laut der Digitalagentur Namics werden 2019 f\u00fcr die Retail-Branche f\u00fcnf Digitaltrends besonders wichtig.\",\"breadcrumb\":{\"@id\":\"https:\\\/\\\/www.organisator.ch\\\/marketing\\\/2018-12-07\\\/fuenf-digitaltrends-fuer-die-retail-branche\\\/#breadcrumb\"},\"inLanguage\":\"en-US\",\"potentialAction\":[{\"@type\":\"ReadAction\",\"target\":[\"https:\\\/\\\/www.organisator.ch\\\/marketing\\\/2018-12-07\\\/fuenf-digitaltrends-fuer-die-retail-branche\\\/\"]}]},{\"@type\":\"ImageObject\",\"inLanguage\":\"en-US\",\"@id\":\"https:\\\/\\\/www.organisator.ch\\\/marketing\\\/2018-12-07\\\/fuenf-digitaltrends-fuer-die-retail-branche\\\/#primaryimage\",\"url\":\"https:\\\/\\\/www.organisator.ch\\\/wp-content\\\/uploads\\\/2018\\\/12\\\/Fuenf-Digitaltrends-fuer-die-Retail-Branche_Organisator.jpg\",\"contentUrl\":\"https:\\\/\\\/www.organisator.ch\\\/wp-content\\\/uploads\\\/2018\\\/12\\\/Fuenf-Digitaltrends-fuer-die-Retail-Branche_Organisator.jpg\",\"width\":680,\"height\":446,\"caption\":\"Nicht verpassen: Das sind die Trends f\u00fcr die Retail-Branche im kommenden Jahr. (Quelle: Namics)\"},{\"@type\":\"BreadcrumbList\",\"@id\":\"https:\\\/\\\/www.organisator.ch\\\/marketing\\\/2018-12-07\\\/fuenf-digitaltrends-fuer-die-retail-branche\\\/#breadcrumb\",\"itemListElement\":[{\"@type\":\"ListItem\",\"position\":1,\"name\":\"Home\",\"item\":\"https:\\\/\\\/www.organisator.ch\\\/\"},{\"@type\":\"ListItem\",\"position\":2,\"name\":\"F\u00fcnf Digitaltrends f\u00fcr die Retail-Branche\"}]},{\"@type\":\"WebSite\",\"@id\":\"https:\\\/\\\/www.organisator.ch\\\/#website\",\"url\":\"https:\\\/\\\/www.organisator.ch\\\/\",\"name\":\"Organisator\",\"description\":\"Kompetent. Praxisnah. Der ORGANISATOR bereitet in 10 Ausgaben pro Jahr die wesentlichen Themen f\u00fcr F\u00fchrungskr\u00e4fte von KMU auf.\",\"publisher\":{\"@id\":\"https:\\\/\\\/www.organisator.ch\\\/#organization\"},\"potentialAction\":[{\"@type\":\"SearchAction\",\"target\":{\"@type\":\"EntryPoint\",\"urlTemplate\":\"https:\\\/\\\/www.organisator.ch\\\/?s={search_term_string}\"},\"query-input\":{\"@type\":\"PropertyValueSpecification\",\"valueRequired\":true,\"valueName\":\"search_term_string\"}}],\"inLanguage\":\"en-US\"},{\"@type\":\"Organization\",\"@id\":\"https:\\\/\\\/www.organisator.ch\\\/#organization\",\"name\":\"Organisator\",\"url\":\"https:\\\/\\\/www.organisator.ch\\\/\",\"logo\":{\"@type\":\"ImageObject\",\"inLanguage\":\"en-US\",\"@id\":\"https:\\\/\\\/www.organisator.ch\\\/#\\\/schema\\\/logo\\\/image\\\/\",\"url\":\"https:\\\/\\\/www.organisator.ch\\\/wp-content\\\/uploads\\\/2022\\\/01\\\/Logo_Organisator_Website.png\",\"contentUrl\":\"https:\\\/\\\/www.organisator.ch\\\/wp-content\\\/uploads\\\/2022\\\/01\\\/Logo_Organisator_Website.png\",\"width\":800,\"height\":77,\"caption\":\"Organisator\"},\"image\":{\"@id\":\"https:\\\/\\\/www.organisator.ch\\\/#\\\/schema\\\/logo\\\/image\\\/\"},\"sameAs\":[\"https:\\\/\\\/www.facebook.com\\\/OrganisatorFachmagazin\",\"https:\\\/\\\/www.linkedin.com\\\/showcase\\\/organisator-das-magazin-fr-kmu\",\"https:\\\/\\\/www.xing.com\\\/news\\\/pages\\\/organisator-ch-695\",\"https:\\\/\\\/www.youtube.com\\\/channel\\\/UCGP2Sq0iWaZwT3BdIAQFYpw\"]},{\"@type\":\"Person\",\"@id\":\"https:\\\/\\\/www.organisator.ch\\\/#\\\/schema\\\/person\\\/6f650f90b2842cd4c0cc334b4e36f67e\",\"name\":\"thomas.berner\",\"image\":{\"@type\":\"ImageObject\",\"inLanguage\":\"en-US\",\"@id\":\"https:\\\/\\\/secure.gravatar.com\\\/avatar\\\/ac5001d2a36cb6c6cd3e50789007ffca834b477b74a2144564522e944eabff61?s=96&d=mm&r=g\",\"url\":\"https:\\\/\\\/secure.gravatar.com\\\/avatar\\\/ac5001d2a36cb6c6cd3e50789007ffca834b477b74a2144564522e944eabff61?s=96&d=mm&r=g\",\"contentUrl\":\"https:\\\/\\\/secure.gravatar.com\\\/avatar\\\/ac5001d2a36cb6c6cd3e50789007ffca834b477b74a2144564522e944eabff61?s=96&d=mm&r=g\",\"caption\":\"thomas.berner\"},\"url\":\"https:\\\/\\\/www.organisator.ch\\\/en\\\/author\\\/thomas-berner\\\/\"}]}<\/script>\n<!-- \/ Yoast SEO plugin. -->","yoast_head_json":{"title":"Five digital trends for the retail industry - Organizer","description":"According to digital agency Namics, five digital trends will be particularly important for the retail industry in 2019.","robots":{"index":"index","follow":"follow","max-snippet":"max-snippet:-1","max-image-preview":"max-image-preview:large","max-video-preview":"max-video-preview:-1"},"canonical":"https:\/\/www.organisator.ch\/en\/marketing\/2018-12-07\/five-digital-trends-for-the-retail-industry\/","og_locale":"en_US","og_type":"article","og_title":"F\u00fcnf Digitaltrends f\u00fcr die Retail-Branche","og_description":"Laut der Digitalagentur Namics werden 2019 f\u00fcr die Retail-Branche f\u00fcnf Digitaltrends besonders wichtig.","og_url":"https:\/\/www.organisator.ch\/en\/marketing\/2018-12-07\/five-digital-trends-for-the-retail-industry\/","og_site_name":"Organisator","article_publisher":"https:\/\/www.facebook.com\/OrganisatorFachmagazin","article_published_time":"2018-12-07T07:23:47+00:00","og_image":[{"width":680,"height":446,"url":"https:\/\/www.organisator.ch\/wp-content\/uploads\/2018\/12\/Fuenf-Digitaltrends-fuer-die-Retail-Branche_Organisator.jpg","type":"image\/jpeg"}],"author":"thomas.berner","twitter_card":"summary_large_image","twitter_title":"F\u00fcnf Digitaltrends f\u00fcr die #Retail-Branche","twitter_description":"Laut der Digitalagentur Namics werden 2019 f\u00fcr die #Retail-Branche f\u00fcnf Digitaltrends besonders wichtig.","twitter_image":"https:\/\/www.organisator.ch\/wp-content\/uploads\/2018\/12\/F\u00fcnf-Digitaltrends-f\u00fcr-die-Retail-Branche_Organisator.jpg","schema":{"@context":"https:\/\/schema.org","@graph":[{"@type":"Article","@id":"https:\/\/www.organisator.ch\/marketing\/2018-12-07\/fuenf-digitaltrends-fuer-die-retail-branche\/#article","isPartOf":{"@id":"https:\/\/www.organisator.ch\/marketing\/2018-12-07\/fuenf-digitaltrends-fuer-die-retail-branche\/"},"author":{"name":"thomas.berner","@id":"https:\/\/www.organisator.ch\/#\/schema\/person\/6f650f90b2842cd4c0cc334b4e36f67e"},"headline":"F\u00fcnf Digitaltrends f\u00fcr die Retail-Branche","datePublished":"2018-12-07T07:23:47+00:00","mainEntityOfPage":{"@id":"https:\/\/www.organisator.ch\/marketing\/2018-12-07\/fuenf-digitaltrends-fuer-die-retail-branche\/"},"wordCount":827,"commentCount":0,"publisher":{"@id":"https:\/\/www.organisator.ch\/#organization"},"image":{"@id":"https:\/\/www.organisator.ch\/marketing\/2018-12-07\/fuenf-digitaltrends-fuer-die-retail-branche\/#primaryimage"},"thumbnailUrl":"https:\/\/www.organisator.ch\/wp-content\/uploads\/2018\/12\/Fuenf-Digitaltrends-fuer-die-Retail-Branche_Organisator.jpg","keywords":["Digitalisierung","M\u00e4rkte","Retail"],"articleSection":["MARKETING"],"inLanguage":"en-US"},{"@type":"WebPage","@id":"https:\/\/www.organisator.ch\/marketing\/2018-12-07\/fuenf-digitaltrends-fuer-die-retail-branche\/","url":"https:\/\/www.organisator.ch\/marketing\/2018-12-07\/fuenf-digitaltrends-fuer-die-retail-branche\/","name":"Five digital trends for the retail industry - Organizer","isPartOf":{"@id":"https:\/\/www.organisator.ch\/#website"},"primaryImageOfPage":{"@id":"https:\/\/www.organisator.ch\/marketing\/2018-12-07\/fuenf-digitaltrends-fuer-die-retail-branche\/#primaryimage"},"image":{"@id":"https:\/\/www.organisator.ch\/marketing\/2018-12-07\/fuenf-digitaltrends-fuer-die-retail-branche\/#primaryimage"},"thumbnailUrl":"https:\/\/www.organisator.ch\/wp-content\/uploads\/2018\/12\/Fuenf-Digitaltrends-fuer-die-Retail-Branche_Organisator.jpg","datePublished":"2018-12-07T07:23:47+00:00","description":"According to digital agency Namics, five digital trends will be particularly important for the retail industry in 2019.","breadcrumb":{"@id":"https:\/\/www.organisator.ch\/marketing\/2018-12-07\/fuenf-digitaltrends-fuer-die-retail-branche\/#breadcrumb"},"inLanguage":"en-US","potentialAction":[{"@type":"ReadAction","target":["https:\/\/www.organisator.ch\/marketing\/2018-12-07\/fuenf-digitaltrends-fuer-die-retail-branche\/"]}]},{"@type":"ImageObject","inLanguage":"en-US","@id":"https:\/\/www.organisator.ch\/marketing\/2018-12-07\/fuenf-digitaltrends-fuer-die-retail-branche\/#primaryimage","url":"https:\/\/www.organisator.ch\/wp-content\/uploads\/2018\/12\/Fuenf-Digitaltrends-fuer-die-Retail-Branche_Organisator.jpg","contentUrl":"https:\/\/www.organisator.ch\/wp-content\/uploads\/2018\/12\/Fuenf-Digitaltrends-fuer-die-Retail-Branche_Organisator.jpg","width":680,"height":446,"caption":"Nicht verpassen: Das sind die Trends f\u00fcr die Retail-Branche im kommenden Jahr. (Quelle: Namics)"},{"@type":"BreadcrumbList","@id":"https:\/\/www.organisator.ch\/marketing\/2018-12-07\/fuenf-digitaltrends-fuer-die-retail-branche\/#breadcrumb","itemListElement":[{"@type":"ListItem","position":1,"name":"Home","item":"https:\/\/www.organisator.ch\/"},{"@type":"ListItem","position":2,"name":"F\u00fcnf Digitaltrends f\u00fcr die Retail-Branche"}]},{"@type":"WebSite","@id":"https:\/\/www.organisator.ch\/#website","url":"https:\/\/www.organisator.ch\/","name":"Organizer","description":"Competent. Practical. In 10 issues per year, ORGANISATOR presents the essential topics for managers of SMEs.","publisher":{"@id":"https:\/\/www.organisator.ch\/#organization"},"potentialAction":[{"@type":"SearchAction","target":{"@type":"EntryPoint","urlTemplate":"https:\/\/www.organisator.ch\/?s={search_term_string}"},"query-input":{"@type":"PropertyValueSpecification","valueRequired":true,"valueName":"search_term_string"}}],"inLanguage":"en-US"},{"@type":"Organization","@id":"https:\/\/www.organisator.ch\/#organization","name":"Organizer","url":"https:\/\/www.organisator.ch\/","logo":{"@type":"ImageObject","inLanguage":"en-US","@id":"https:\/\/www.organisator.ch\/#\/schema\/logo\/image\/","url":"https:\/\/www.organisator.ch\/wp-content\/uploads\/2022\/01\/Logo_Organisator_Website.png","contentUrl":"https:\/\/www.organisator.ch\/wp-content\/uploads\/2022\/01\/Logo_Organisator_Website.png","width":800,"height":77,"caption":"Organisator"},"image":{"@id":"https:\/\/www.organisator.ch\/#\/schema\/logo\/image\/"},"sameAs":["https:\/\/www.facebook.com\/OrganisatorFachmagazin","https:\/\/www.linkedin.com\/showcase\/organisator-das-magazin-fr-kmu","https:\/\/www.xing.com\/news\/pages\/organisator-ch-695","https:\/\/www.youtube.com\/channel\/UCGP2Sq0iWaZwT3BdIAQFYpw"]},{"@type":"Person","@id":"https:\/\/www.organisator.ch\/#\/schema\/person\/6f650f90b2842cd4c0cc334b4e36f67e","name":"thomas.berner","image":{"@type":"ImageObject","inLanguage":"en-US","@id":"https:\/\/secure.gravatar.com\/avatar\/ac5001d2a36cb6c6cd3e50789007ffca834b477b74a2144564522e944eabff61?s=96&d=mm&r=g","url":"https:\/\/secure.gravatar.com\/avatar\/ac5001d2a36cb6c6cd3e50789007ffca834b477b74a2144564522e944eabff61?s=96&d=mm&r=g","contentUrl":"https:\/\/secure.gravatar.com\/avatar\/ac5001d2a36cb6c6cd3e50789007ffca834b477b74a2144564522e944eabff61?s=96&d=mm&r=g","caption":"thomas.berner"},"url":"https:\/\/www.organisator.ch\/en\/author\/thomas-berner\/"}]}},"_links":{"self":[{"href":"https:\/\/www.organisator.ch\/en\/wp-json\/wp\/v2\/posts\/4639","targetHints":{"allow":["GET"]}}],"collection":[{"href":"https:\/\/www.organisator.ch\/en\/wp-json\/wp\/v2\/posts"}],"about":[{"href":"https:\/\/www.organisator.ch\/en\/wp-json\/wp\/v2\/types\/post"}],"author":[{"embeddable":true,"href":"https:\/\/www.organisator.ch\/en\/wp-json\/wp\/v2\/users\/4"}],"replies":[{"embeddable":true,"href":"https:\/\/www.organisator.ch\/en\/wp-json\/wp\/v2\/comments?post=4639"}],"version-history":[{"count":0,"href":"https:\/\/www.organisator.ch\/en\/wp-json\/wp\/v2\/posts\/4639\/revisions"}],"wp:featuredmedia":[{"embeddable":true,"href":"https:\/\/www.organisator.ch\/en\/wp-json\/wp\/v2\/media\/4640"}],"wp:attachment":[{"href":"https:\/\/www.organisator.ch\/en\/wp-json\/wp\/v2\/media?parent=4639"}],"wp:term":[{"taxonomy":"category","embeddable":true,"href":"https:\/\/www.organisator.ch\/en\/wp-json\/wp\/v2\/categories?post=4639"},{"taxonomy":"post_tag","embeddable":true,"href":"https:\/\/www.organisator.ch\/en\/wp-json\/wp\/v2\/tags?post=4639"}],"curies":[{"name":"wp","href":"https:\/\/api.w.org\/{rel}","templated":true}]}}