{"id":464,"date":"2016-05-04T09:51:35","date_gmt":"2016-05-04T07:51:35","guid":{"rendered":"http:\/\/dev.organisator.ch\/?p=464"},"modified":"2016-05-04T09:51:35","modified_gmt":"2016-05-04T07:51:35","slug":"biella-startet-gut-ins-jahr-2016","status":"publish","type":"post","link":"https:\/\/www.organisator.ch\/en\/allgemein\/2016-05-04\/biella-startet-gut-ins-jahr-2016\/","title":{"rendered":"Biella off to a good start in 2016"},"content":{"rendered":"<p><a href=\"https:\/\/www.youtube.com\/watch?v=Mic_K3LCz9g\">https:\/\/www.youtube.com\/watch?v=Mic_K3LCz9g<\/a><\/p>\n<blockquote><p>\"Looking ahead is difficult, also because the overall economic development is uncertain. Nevertheless, we are confident of achieving the goals we have set.\"<\/p><\/blockquote>\n<p>At the 116th Annual General Meeting held at the company's headquarters in Br\u00fcgg\/Biel, Dr. Erica Dubach Spiegler, who has extensive experience in the field of digitization, was newly elected to the Board of Directors. For reasons of age, Stephan Neher, a member of the Board of Directors since 1988, did not stand for re-election. The Chairman of the Board of Directors, Rolf U. Sutter, and all other current members of the Board of Directors were re-elected for a term of office of one year until the next Annual General Meeting, in accordance with the Articles of Association.<\/p>\n<p><strong>First quarter on target<\/strong><\/p>\n<p>Biella Group's sales development in the first quarter of 2016 was in line with expectations, according to the company. Lower sales in Switzerland were offset by better than planned business development abroad, it adds. In particular, expectations were exceeded in Germany, by far the Group's largest sales market. In addition to implementing further efficiency improvements, the Group is working intensively on marketing new, innovative service offerings.<\/p>\n<p><strong>Biella SimplyFind launched<\/strong><\/p>\n<p>Biella SimplyFind was launched in the first quarter of 2016. Under the motto \"Finding with a system,\" easy-to-use and secure solutions - bridging the gap between the physical and digital worlds - are being developed here. The first offerings, Biella SimplyFind Archive and Scan, have met with a good response on the market and will be supplemented by further digital modules in the course of the year. In addition, Biella will soon be launching its own webshop for individualized products using the new Web2Print technology.<\/p>\n<p><strong>Target 2016: further increase in EBIT margin<\/strong><\/p>\n<p>In view of the difficult industry environment and not least because of the pioneering nature of the new digital offerings, a precise forecast for the full year 2016 would be very challenging. However, Biella is pursuing the goal of further improving the EBIT margin in 2016.<\/p>\n<p><em>More information: <a href=\"http:\/\/www.biellagroup.com\" target=\"_blank\" data-cke-saved-href=\"http:\/\/www.biellagroup.com\" rel=\"noopener\">www.biellagroup.com<\/a> \u00a0<\/em><\/p>","protected":false},"excerpt":{"rendered":"<p>\u00abDer Blick in die Zukunft ist schwierig, auch weil die gesamtwirtschaftliche Entwicklung unsicher ist. Trotzdem sind wir zuversichtlich die gesteckten Ziele zu erreichen.\u00bb An der 116. Generalversammlung am Sitz der Gesellschaft in Br\u00fcgg\/Biel wurde Dr. Erica Dubach Spiegler, die \u00fcber grosse Erfahrungen im Bereich der Digitalisierung verf\u00fcgt, neu in den Verwaltungsrat gew\u00e4hlt. Aus Altersgr\u00fcnden\u00a0trat Stephan [&hellip;]<\/p>\n","protected":false},"author":1,"featured_media":0,"comment_status":"open","ping_status":"open","sticky":false,"template":"","format":"standard","meta":{"_acf_changed":false,"_yoast_wpseo_focuskw":"Biella","_yoast_wpseo_metadesc":"Am 2. Mai 2016 fand die Generalversammlung der Biella-Neher Holding AG statt. Alle Traktanden wurden im Sinne des Verwaltungsrates gutgeheissen.","articlekey":"","footnotes":""},"categories":[1],"tags":[492],"class_list":["post-464","post","type-post","status-publish","format-standard","hentry","category-allgemein","tag-unternehmen"],"acf":[],"yoast_head":"<!-- This site is optimized with the Yoast SEO plugin v27.4 - https:\/\/yoast.com\/product\/yoast-seo-wordpress\/ -->\n<title>Biella startet gut ins Jahr 2016 - Organisator<\/title>\n<meta name=\"description\" content=\"Am 2. Mai 2016 fand die Generalversammlung der Biella-Neher Holding AG statt. Alle Traktanden wurden im Sinne des Verwaltungsrates gutgeheissen.\" \/>\n<meta name=\"robots\" content=\"index, follow, max-snippet:-1, max-image-preview:large, max-video-preview:-1\" \/>\n<link rel=\"canonical\" href=\"https:\/\/www.organisator.ch\/en\/general\/2016-05-04\/biella-startet-gut-ins-jahr-2016\/\" \/>\n<meta property=\"og:locale\" content=\"en_US\" \/>\n<meta property=\"og:type\" content=\"article\" \/>\n<meta property=\"og:title\" content=\"Biella startet gut ins Jahr 2016\" \/>\n<meta property=\"og:description\" content=\"Am 2. Mai 2016 fand die Generalversammlung der Biella-Neher Holding AG statt. Alle Traktanden wurden im Sinne des Verwaltungsrates gutgeheissen. Neu in den Verwaltungsrat wurde Dr. Erica Dubach Spiegler gew\u00e4hlt. Trotz des anhaltend schwierigen Branchenumfeldes konnte Biella im ersten Quartal 2016 ihre Umsatzziele erreichen. Der Fokus liegt unver\u00e4ndert auf der Steigerung der Kosteneffizienz und auf neuen, innovativen Leistungsangeboten. Ein wichtiges Ereignis im Bereich der Digitalisierung war der Marktstart von Biella SimplyFind.\" \/>\n<meta property=\"og:url\" content=\"https:\/\/www.organisator.ch\/en\/general\/2016-05-04\/biella-startet-gut-ins-jahr-2016\/\" \/>\n<meta property=\"og:site_name\" content=\"Organisator\" \/>\n<meta property=\"article:publisher\" content=\"https:\/\/www.facebook.com\/OrganisatorFachmagazin\" \/>\n<meta property=\"article:published_time\" content=\"2016-05-04T07:51:35+00:00\" \/>\n<meta name=\"author\" content=\"admin\" \/>\n<meta name=\"twitter:card\" content=\"summary_large_image\" \/>\n<script type=\"application\/ld+json\" class=\"yoast-schema-graph\">{\"@context\":\"https:\\\/\\\/schema.org\",\"@graph\":[{\"@type\":\"Article\",\"@id\":\"https:\\\/\\\/www.organisator.ch\\\/en\\\/general\\\/2016-05-04\\\/biella-startet-gut-ins-jahr-2016\\\/#article\",\"isPartOf\":{\"@id\":\"https:\\\/\\\/www.organisator.ch\\\/en\\\/general\\\/2016-05-04\\\/biella-startet-gut-ins-jahr-2016\\\/\"},\"author\":{\"name\":\"admin\",\"@id\":\"https:\\\/\\\/www.organisator.ch\\\/#\\\/schema\\\/person\\\/aa2bace6c5c5aad60102004a50c4eb1c\"},\"headline\":\"Biella startet gut ins Jahr 2016\",\"datePublished\":\"2016-05-04T07:51:35+00:00\",\"mainEntityOfPage\":{\"@id\":\"https:\\\/\\\/www.organisator.ch\\\/en\\\/general\\\/2016-05-04\\\/biella-startet-gut-ins-jahr-2016\\\/\"},\"wordCount\":329,\"commentCount\":0,\"publisher\":{\"@id\":\"https:\\\/\\\/www.organisator.ch\\\/#organization\"},\"keywords\":[\"Unternehmen\"],\"articleSection\":[\"Allgemein\"],\"inLanguage\":\"en-US\"},{\"@type\":\"WebPage\",\"@id\":\"https:\\\/\\\/www.organisator.ch\\\/en\\\/general\\\/2016-05-04\\\/biella-startet-gut-ins-jahr-2016\\\/\",\"url\":\"https:\\\/\\\/www.organisator.ch\\\/en\\\/general\\\/2016-05-04\\\/biella-startet-gut-ins-jahr-2016\\\/\",\"name\":\"Biella startet gut ins Jahr 2016 - Organisator\",\"isPartOf\":{\"@id\":\"https:\\\/\\\/www.organisator.ch\\\/#website\"},\"datePublished\":\"2016-05-04T07:51:35+00:00\",\"description\":\"Am 2. Mai 2016 fand die Generalversammlung der Biella-Neher Holding AG statt. Alle Traktanden wurden im Sinne des Verwaltungsrates gutgeheissen.\",\"breadcrumb\":{\"@id\":\"https:\\\/\\\/www.organisator.ch\\\/en\\\/general\\\/2016-05-04\\\/biella-startet-gut-ins-jahr-2016\\\/#breadcrumb\"},\"inLanguage\":\"en-US\",\"potentialAction\":[{\"@type\":\"ReadAction\",\"target\":[\"https:\\\/\\\/www.organisator.ch\\\/en\\\/general\\\/2016-05-04\\\/biella-startet-gut-ins-jahr-2016\\\/\"]}]},{\"@type\":\"BreadcrumbList\",\"@id\":\"https:\\\/\\\/www.organisator.ch\\\/en\\\/general\\\/2016-05-04\\\/biella-startet-gut-ins-jahr-2016\\\/#breadcrumb\",\"itemListElement\":[{\"@type\":\"ListItem\",\"position\":1,\"name\":\"Home\",\"item\":\"https:\\\/\\\/www.organisator.ch\\\/\"},{\"@type\":\"ListItem\",\"position\":2,\"name\":\"Biella startet gut ins Jahr 2016\"}]},{\"@type\":\"WebSite\",\"@id\":\"https:\\\/\\\/www.organisator.ch\\\/#website\",\"url\":\"https:\\\/\\\/www.organisator.ch\\\/\",\"name\":\"Organisator\",\"description\":\"Kompetent. Praxisnah. Der ORGANISATOR bereitet in 10 Ausgaben pro Jahr die wesentlichen Themen f\u00fcr F\u00fchrungskr\u00e4fte von KMU auf.\",\"publisher\":{\"@id\":\"https:\\\/\\\/www.organisator.ch\\\/#organization\"},\"potentialAction\":[{\"@type\":\"SearchAction\",\"target\":{\"@type\":\"EntryPoint\",\"urlTemplate\":\"https:\\\/\\\/www.organisator.ch\\\/?s={search_term_string}\"},\"query-input\":{\"@type\":\"PropertyValueSpecification\",\"valueRequired\":true,\"valueName\":\"search_term_string\"}}],\"inLanguage\":\"en-US\"},{\"@type\":\"Organization\",\"@id\":\"https:\\\/\\\/www.organisator.ch\\\/#organization\",\"name\":\"Organisator\",\"url\":\"https:\\\/\\\/www.organisator.ch\\\/\",\"logo\":{\"@type\":\"ImageObject\",\"inLanguage\":\"en-US\",\"@id\":\"https:\\\/\\\/www.organisator.ch\\\/#\\\/schema\\\/logo\\\/image\\\/\",\"url\":\"https:\\\/\\\/www.organisator.ch\\\/wp-content\\\/uploads\\\/2022\\\/01\\\/Logo_Organisator_Website.png\",\"contentUrl\":\"https:\\\/\\\/www.organisator.ch\\\/wp-content\\\/uploads\\\/2022\\\/01\\\/Logo_Organisator_Website.png\",\"width\":800,\"height\":77,\"caption\":\"Organisator\"},\"image\":{\"@id\":\"https:\\\/\\\/www.organisator.ch\\\/#\\\/schema\\\/logo\\\/image\\\/\"},\"sameAs\":[\"https:\\\/\\\/www.facebook.com\\\/OrganisatorFachmagazin\",\"https:\\\/\\\/www.linkedin.com\\\/showcase\\\/organisator-das-magazin-fr-kmu\",\"https:\\\/\\\/www.xing.com\\\/news\\\/pages\\\/organisator-ch-695\",\"https:\\\/\\\/www.youtube.com\\\/channel\\\/UCGP2Sq0iWaZwT3BdIAQFYpw\"]},{\"@type\":\"Person\",\"@id\":\"https:\\\/\\\/www.organisator.ch\\\/#\\\/schema\\\/person\\\/aa2bace6c5c5aad60102004a50c4eb1c\",\"name\":\"admin\",\"image\":{\"@type\":\"ImageObject\",\"inLanguage\":\"en-US\",\"@id\":\"https:\\\/\\\/secure.gravatar.com\\\/avatar\\\/ae2f4d718e6c49043e314ce431e7e645d646302a24a5ef5a8bc8e3f5a032e319?s=96&d=mm&r=g\",\"url\":\"https:\\\/\\\/secure.gravatar.com\\\/avatar\\\/ae2f4d718e6c49043e314ce431e7e645d646302a24a5ef5a8bc8e3f5a032e319?s=96&d=mm&r=g\",\"contentUrl\":\"https:\\\/\\\/secure.gravatar.com\\\/avatar\\\/ae2f4d718e6c49043e314ce431e7e645d646302a24a5ef5a8bc8e3f5a032e319?s=96&d=mm&r=g\",\"caption\":\"admin\"},\"sameAs\":[\"https:\\\/\\\/www.organisator.ch\"],\"url\":\"https:\\\/\\\/www.organisator.ch\\\/en\\\/author\\\/admin\\\/\"}]}<\/script>\n<!-- \/ Yoast SEO plugin. -->","yoast_head_json":{"title":"Biella starts well into 2016 - Organizer","description":"The General Meeting of Biella-Neher Holding AG was held on May 2, 2016. All agenda items were approved in the sense of the Board of Directors.","robots":{"index":"index","follow":"follow","max-snippet":"max-snippet:-1","max-image-preview":"max-image-preview:large","max-video-preview":"max-video-preview:-1"},"canonical":"https:\/\/www.organisator.ch\/en\/general\/2016-05-04\/biella-startet-gut-ins-jahr-2016\/","og_locale":"en_US","og_type":"article","og_title":"Biella startet gut ins Jahr 2016","og_description":"Am 2. Mai 2016 fand die Generalversammlung der Biella-Neher Holding AG statt. Alle Traktanden wurden im Sinne des Verwaltungsrates gutgeheissen. Neu in den Verwaltungsrat wurde Dr. Erica Dubach Spiegler gew\u00e4hlt. Trotz des anhaltend schwierigen Branchenumfeldes konnte Biella im ersten Quartal 2016 ihre Umsatzziele erreichen. Der Fokus liegt unver\u00e4ndert auf der Steigerung der Kosteneffizienz und auf neuen, innovativen Leistungsangeboten. Ein wichtiges Ereignis im Bereich der Digitalisierung war der Marktstart von Biella SimplyFind.","og_url":"https:\/\/www.organisator.ch\/en\/general\/2016-05-04\/biella-startet-gut-ins-jahr-2016\/","og_site_name":"Organisator","article_publisher":"https:\/\/www.facebook.com\/OrganisatorFachmagazin","article_published_time":"2016-05-04T07:51:35+00:00","author":"admin","twitter_card":"summary_large_image","schema":{"@context":"https:\/\/schema.org","@graph":[{"@type":"Article","@id":"https:\/\/www.organisator.ch\/en\/general\/2016-05-04\/biella-startet-gut-ins-jahr-2016\/#article","isPartOf":{"@id":"https:\/\/www.organisator.ch\/en\/general\/2016-05-04\/biella-startet-gut-ins-jahr-2016\/"},"author":{"name":"admin","@id":"https:\/\/www.organisator.ch\/#\/schema\/person\/aa2bace6c5c5aad60102004a50c4eb1c"},"headline":"Biella startet gut ins Jahr 2016","datePublished":"2016-05-04T07:51:35+00:00","mainEntityOfPage":{"@id":"https:\/\/www.organisator.ch\/en\/general\/2016-05-04\/biella-startet-gut-ins-jahr-2016\/"},"wordCount":329,"commentCount":0,"publisher":{"@id":"https:\/\/www.organisator.ch\/#organization"},"keywords":["Unternehmen"],"articleSection":["Allgemein"],"inLanguage":"en-US"},{"@type":"WebPage","@id":"https:\/\/www.organisator.ch\/en\/general\/2016-05-04\/biella-startet-gut-ins-jahr-2016\/","url":"https:\/\/www.organisator.ch\/en\/general\/2016-05-04\/biella-startet-gut-ins-jahr-2016\/","name":"Biella starts well into 2016 - Organizer","isPartOf":{"@id":"https:\/\/www.organisator.ch\/#website"},"datePublished":"2016-05-04T07:51:35+00:00","description":"The General Meeting of Biella-Neher Holding AG was held on May 2, 2016. All agenda items were approved in the sense of the Board of Directors.","breadcrumb":{"@id":"https:\/\/www.organisator.ch\/en\/general\/2016-05-04\/biella-startet-gut-ins-jahr-2016\/#breadcrumb"},"inLanguage":"en-US","potentialAction":[{"@type":"ReadAction","target":["https:\/\/www.organisator.ch\/en\/general\/2016-05-04\/biella-startet-gut-ins-jahr-2016\/"]}]},{"@type":"BreadcrumbList","@id":"https:\/\/www.organisator.ch\/en\/general\/2016-05-04\/biella-startet-gut-ins-jahr-2016\/#breadcrumb","itemListElement":[{"@type":"ListItem","position":1,"name":"Home","item":"https:\/\/www.organisator.ch\/"},{"@type":"ListItem","position":2,"name":"Biella startet gut ins Jahr 2016"}]},{"@type":"WebSite","@id":"https:\/\/www.organisator.ch\/#website","url":"https:\/\/www.organisator.ch\/","name":"Organizer","description":"Competent. Practical. In 10 issues per year, ORGANISATOR presents the essential topics for managers of SMEs.","publisher":{"@id":"https:\/\/www.organisator.ch\/#organization"},"potentialAction":[{"@type":"SearchAction","target":{"@type":"EntryPoint","urlTemplate":"https:\/\/www.organisator.ch\/?s={search_term_string}"},"query-input":{"@type":"PropertyValueSpecification","valueRequired":true,"valueName":"search_term_string"}}],"inLanguage":"en-US"},{"@type":"Organization","@id":"https:\/\/www.organisator.ch\/#organization","name":"Organizer","url":"https:\/\/www.organisator.ch\/","logo":{"@type":"ImageObject","inLanguage":"en-US","@id":"https:\/\/www.organisator.ch\/#\/schema\/logo\/image\/","url":"https:\/\/www.organisator.ch\/wp-content\/uploads\/2022\/01\/Logo_Organisator_Website.png","contentUrl":"https:\/\/www.organisator.ch\/wp-content\/uploads\/2022\/01\/Logo_Organisator_Website.png","width":800,"height":77,"caption":"Organisator"},"image":{"@id":"https:\/\/www.organisator.ch\/#\/schema\/logo\/image\/"},"sameAs":["https:\/\/www.facebook.com\/OrganisatorFachmagazin","https:\/\/www.linkedin.com\/showcase\/organisator-das-magazin-fr-kmu","https:\/\/www.xing.com\/news\/pages\/organisator-ch-695","https:\/\/www.youtube.com\/channel\/UCGP2Sq0iWaZwT3BdIAQFYpw"]},{"@type":"Person","@id":"https:\/\/www.organisator.ch\/#\/schema\/person\/aa2bace6c5c5aad60102004a50c4eb1c","name":"admin","image":{"@type":"ImageObject","inLanguage":"en-US","@id":"https:\/\/secure.gravatar.com\/avatar\/ae2f4d718e6c49043e314ce431e7e645d646302a24a5ef5a8bc8e3f5a032e319?s=96&d=mm&r=g","url":"https:\/\/secure.gravatar.com\/avatar\/ae2f4d718e6c49043e314ce431e7e645d646302a24a5ef5a8bc8e3f5a032e319?s=96&d=mm&r=g","contentUrl":"https:\/\/secure.gravatar.com\/avatar\/ae2f4d718e6c49043e314ce431e7e645d646302a24a5ef5a8bc8e3f5a032e319?s=96&d=mm&r=g","caption":"admin"},"sameAs":["https:\/\/www.organisator.ch"],"url":"https:\/\/www.organisator.ch\/en\/author\/admin\/"}]}},"_links":{"self":[{"href":"https:\/\/www.organisator.ch\/en\/wp-json\/wp\/v2\/posts\/464","targetHints":{"allow":["GET"]}}],"collection":[{"href":"https:\/\/www.organisator.ch\/en\/wp-json\/wp\/v2\/posts"}],"about":[{"href":"https:\/\/www.organisator.ch\/en\/wp-json\/wp\/v2\/types\/post"}],"author":[{"embeddable":true,"href":"https:\/\/www.organisator.ch\/en\/wp-json\/wp\/v2\/users\/1"}],"replies":[{"embeddable":true,"href":"https:\/\/www.organisator.ch\/en\/wp-json\/wp\/v2\/comments?post=464"}],"version-history":[{"count":0,"href":"https:\/\/www.organisator.ch\/en\/wp-json\/wp\/v2\/posts\/464\/revisions"}],"wp:attachment":[{"href":"https:\/\/www.organisator.ch\/en\/wp-json\/wp\/v2\/media?parent=464"}],"wp:term":[{"taxonomy":"category","embeddable":true,"href":"https:\/\/www.organisator.ch\/en\/wp-json\/wp\/v2\/categories?post=464"},{"taxonomy":"post_tag","embeddable":true,"href":"https:\/\/www.organisator.ch\/en\/wp-json\/wp\/v2\/tags?post=464"}],"curies":[{"name":"wp","href":"https:\/\/api.w.org\/{rel}","templated":true}]}}