{"id":4654,"date":"2021-08-02T12:22:35","date_gmt":"2021-08-02T10:22:35","guid":{"rendered":"https:\/\/www.umweltperspektiven.ch\/?p=4654"},"modified":"2022-02-09T11:09:52","modified_gmt":"2022-02-09T10:09:52","slug":"natixis-im-nathalie-wallace-neu-global-head-of-sustainable-investing","status":"publish","type":"post","link":"https:\/\/www.organisator.ch\/en\/sustainability\/2021-08-02\/natixis-im-nathalie-wallace-neu-global-head-of-sustainable-investing\/","title":{"rendered":"Natixis IM: N. Wallace new Global Head of Sustainable Investing"},"content":{"rendered":"<figure id=\"attachment_4655\" aria-describedby=\"caption-attachment-4655\" style=\"width: 670px\" class=\"wp-caption alignnone\"><img loading=\"lazy\" decoding=\"async\" class=\"wp-image-4655 size-full\" src=\"\/\/www.umweltperspektiven.ch\/wp-content\/uploads\/2021\/08\/Nathalie-Wallace.jpg\" alt=\"Natixis IM, Natixis Investment Managers, ESG\" width=\"670\" height=\"548\" srcset=\"https:\/\/www.organisator.ch\/wp-content\/uploads\/2021\/08\/Nathalie-Wallace.jpg 670w, https:\/\/www.organisator.ch\/wp-content\/uploads\/2021\/08\/Nathalie-Wallace-15x12.jpg 15w, https:\/\/www.organisator.ch\/wp-content\/uploads\/2021\/08\/Nathalie-Wallace-214x175.jpg 214w, https:\/\/www.organisator.ch\/wp-content\/uploads\/2021\/08\/Nathalie-Wallace-428x350.jpg 428w, https:\/\/www.organisator.ch\/wp-content\/uploads\/2021\/08\/Nathalie-Wallace-300x245.jpg 300w\" sizes=\"auto, (max-width: 670px) 100vw, 670px\" \/><figcaption id=\"caption-attachment-4655\" class=\"wp-caption-text\">Nathalie Wallace. \u00a9 zVg<\/figcaption><\/figure>\n<p>In this role, Nathalie Wallace will be responsible for implementing the ESG (Environmental Social Governance) commitment of <a href=\"\/\/www.im.natixis.com\/us\/natixis-funds\">Natixis Investment Managers<\/a>, or Natixis IM, across its distribution network, subsidiaries and as part of industry-wide initiatives, the company writes. ESG is at the heart of Natixis IM's strategic ambitions, with a goal of investing around \u20ac600 billion, or 50 percent of assets under management, in the sustainable or impact investment category by 2024, it said.<\/p>\n<p>The new woman will be instrumental in strengthening the firm's ESG capabilities and further developing its suite of innovative sustainable solutions to make Natixis IM the most client-focused asset manager in the world, the financial firm said.<\/p>\n<p>Working closely with investment managers, Nathalie Wallace will lead the firm's growth in all aspects of sustainable investing, with the goal of having 100 percent of affiliated companies sign the UNPRI (Principles for Responsible Investment) by 2024. She will also focus on supporting clients on their ESG journey, from early ESG integration to allocation to impact investing.<\/p>\n<h2><em><strong>Formerly foreign trade consultant<\/strong><\/em><\/h2>\n<p>Nathalie Wallace joins Natixis IM from Mirova US, where she was Head of ESG Strategy &amp; Development. She says she graduated with a bachelor's degree from the Institut Sup\u00e9rieur de Gestion Business School in Paris, France, and is a Certified International Investment Analyst (CIIA). She was a French foreign trade advisor from 2014 to 2020 and is a member of the CFA Institute's ESG Technical Committee.<\/p>\n<p><em>Source: Voxia Communication<\/em><\/p>\n<p>&nbsp;<\/p>\n<p><strong><em>Other topics:<\/em><\/strong><\/p>\n<p><a href=\"\/\/www.umweltperspektiven.ch\/pwc-und-wwf-fordern-aktionsplan-fuer-nachhaltigen-finanzplatz\/\"><em>-PwC and WWF call for action plan for sustainable financial center<\/em><\/a><\/p>\n<p><a href=\"\/\/www.umweltperspektiven.ch\/swiss-sustainable-funds-awards-2021-liste-der-nominierten\/\"><em>-Swiss -Sustainable Funds Awards 2021: List of nominees<\/em><\/a><\/p>\n<p><a href=\"\/\/www.umweltperspektiven.ch\/nachhaltige-investments-neue-moeglichkeiten-an-der-schweizer-boerse\/\"><em>-Sustainable Investments: New opportunities on the Swiss stock exchange<\/em><\/a><\/p>","protected":false},"excerpt":{"rendered":"<p>In dieser Funktion wird Nathalie Wallace f\u00fcr die Umsetzung des ESG-Engagements (Environmental Social Governance) von Natixis Investment Managers, kurz Natixis IM, im gesamten Vertriebsnetz, bei den Tochtergesellschaften und im Rahmen branchenweiter Initiativen vorantreiben, wie das Unternehmen schreibt. ESG sei das Herzst\u00fcck der strategischen Ambitionen von Natixis IM mit dem Ziel, bis zum Jahr 2024 rund [&hellip;]<\/p>\n","protected":false},"author":6,"featured_media":4655,"comment_status":"closed","ping_status":"closed","sticky":false,"template":"","format":"standard","meta":{"_acf_changed":false,"_yoast_wpseo_focuskw":"Natixis IM","_yoast_wpseo_metadesc":"Natixis IM, mit einem verwalteten Verm\u00f6gen von 1\u2019152,8 Mrd. Euro, hat Nathalie Wallace zur Global Head of Sustainable Investing ernannt.","articlekey":"","footnotes":""},"categories":[580],"tags":[1125,1176,1781,2410],"class_list":["post-4654","post","type-post","status-publish","format-standard","has-post-thumbnail","hentry","category-sustainability","tag-esg","tag-finanzindustrie","tag-nachhaltiges-intestment","tag-unpri"],"acf":[],"yoast_head":"<!-- This site is optimized with the Yoast SEO plugin v27.5 - https:\/\/yoast.com\/product\/yoast-seo-wordpress\/ -->\n<title>Natixis IM: N. Wallace neu Global Head of Sustainable InvestingNatixis IM -nathalie-wallaceNatixis IM, mit einem verwalteten Verm\u00f6gen von 1\u2019152,8 Mrd. Euro, hat Nathalie Wallace zur Global Head of Sustainable Investing ernannt%%<\/title>\n<meta name=\"description\" content=\"Natixis IM, mit einem verwalteten Verm\u00f6gen von 1\u2019152,8 Mrd. Euro, hat Nathalie Wallace zur Global Head of Sustainable Investing ernannt.\" \/>\n<meta name=\"robots\" content=\"index, follow, max-snippet:-1, max-image-preview:large, max-video-preview:-1\" \/>\n<link rel=\"canonical\" href=\"https:\/\/www.organisator.ch\/en\/sustainability\/2021-08-02\/natixis-im-nathalie-wallace-neu-global-head-of-sustainable-investing\/\" \/>\n<meta property=\"og:locale\" content=\"en_US\" \/>\n<meta property=\"og:type\" content=\"article\" \/>\n<meta property=\"og:title\" content=\"Natixis IM: N. Wallace neu Global Head of Sustainable InvestingNatixis IM -nathalie-wallaceNatixis IM, mit einem verwalteten Verm\u00f6gen von 1\u2019152,8 Mrd. Euro, hat Nathalie Wallace zur Global Head of Sustainable Investing ernannt%%\" \/>\n<meta property=\"og:description\" content=\"Natixis IM, mit einem verwalteten Verm\u00f6gen von 1\u2019152,8 Mrd. Euro, hat Nathalie Wallace zur Global Head of Sustainable Investing ernannt.\" \/>\n<meta property=\"og:url\" content=\"https:\/\/www.organisator.ch\/en\/sustainability\/2021-08-02\/natixis-im-nathalie-wallace-neu-global-head-of-sustainable-investing\/\" \/>\n<meta property=\"og:site_name\" content=\"Organisator\" \/>\n<meta property=\"article:publisher\" content=\"https:\/\/www.facebook.com\/OrganisatorFachmagazin\" \/>\n<meta property=\"article:published_time\" content=\"2021-08-02T10:22:35+00:00\" \/>\n<meta property=\"article:modified_time\" content=\"2022-02-09T10:09:52+00:00\" \/>\n<meta property=\"og:image\" content=\"https:\/\/www.organisator.ch\/wp-content\/uploads\/2021\/08\/Nathalie-Wallace.jpg\" \/>\n\t<meta property=\"og:image:width\" content=\"670\" \/>\n\t<meta property=\"og:image:height\" content=\"548\" \/>\n\t<meta property=\"og:image:type\" content=\"image\/jpeg\" \/>\n<meta name=\"author\" content=\"roger.straessle\" \/>\n<meta name=\"twitter:card\" content=\"summary_large_image\" \/>\n<script type=\"application\/ld+json\" class=\"yoast-schema-graph\">{\"@context\":\"https:\\\/\\\/schema.org\",\"@graph\":[{\"@type\":\"Article\",\"@id\":\"https:\\\/\\\/www.organisator.ch\\\/sustainability\\\/2021-08-02\\\/natixis-im-nathalie-wallace-neu-global-head-of-sustainable-investing\\\/#article\",\"isPartOf\":{\"@id\":\"https:\\\/\\\/www.organisator.ch\\\/sustainability\\\/2021-08-02\\\/natixis-im-nathalie-wallace-neu-global-head-of-sustainable-investing\\\/\"},\"author\":{\"name\":\"roger.straessle\",\"@id\":\"https:\\\/\\\/www.organisator.ch\\\/#\\\/schema\\\/person\\\/a800b8c54e208b160517a7dcc323161d\"},\"headline\":\"Natixis IM: N. Wallace neu Global Head of Sustainable Investing\",\"datePublished\":\"2021-08-02T10:22:35+00:00\",\"dateModified\":\"2022-02-09T10:09:52+00:00\",\"mainEntityOfPage\":{\"@id\":\"https:\\\/\\\/www.organisator.ch\\\/sustainability\\\/2021-08-02\\\/natixis-im-nathalie-wallace-neu-global-head-of-sustainable-investing\\\/\"},\"wordCount\":286,\"publisher\":{\"@id\":\"https:\\\/\\\/www.organisator.ch\\\/#organization\"},\"image\":{\"@id\":\"https:\\\/\\\/www.organisator.ch\\\/sustainability\\\/2021-08-02\\\/natixis-im-nathalie-wallace-neu-global-head-of-sustainable-investing\\\/#primaryimage\"},\"thumbnailUrl\":\"https:\\\/\\\/www.organisator.ch\\\/wp-content\\\/uploads\\\/2021\\\/08\\\/Nathalie-Wallace.jpg\",\"keywords\":[\"ESG\",\"Finanzindustrie\",\"Nachhaltiges Intestment\",\"UNPRI\"],\"articleSection\":[\"SUSTAINABILITY\"],\"inLanguage\":\"en-US\"},{\"@type\":\"WebPage\",\"@id\":\"https:\\\/\\\/www.organisator.ch\\\/sustainability\\\/2021-08-02\\\/natixis-im-nathalie-wallace-neu-global-head-of-sustainable-investing\\\/\",\"url\":\"https:\\\/\\\/www.organisator.ch\\\/sustainability\\\/2021-08-02\\\/natixis-im-nathalie-wallace-neu-global-head-of-sustainable-investing\\\/\",\"name\":\"Natixis IM: N. Wallace neu Global Head of Sustainable InvestingNatixis IM -nathalie-wallaceNatixis IM, mit einem verwalteten Verm\u00f6gen von 1\u2019152,8 Mrd. Euro, hat Nathalie Wallace zur Global Head of Sustainable Investing ernannt%%\",\"isPartOf\":{\"@id\":\"https:\\\/\\\/www.organisator.ch\\\/#website\"},\"primaryImageOfPage\":{\"@id\":\"https:\\\/\\\/www.organisator.ch\\\/sustainability\\\/2021-08-02\\\/natixis-im-nathalie-wallace-neu-global-head-of-sustainable-investing\\\/#primaryimage\"},\"image\":{\"@id\":\"https:\\\/\\\/www.organisator.ch\\\/sustainability\\\/2021-08-02\\\/natixis-im-nathalie-wallace-neu-global-head-of-sustainable-investing\\\/#primaryimage\"},\"thumbnailUrl\":\"https:\\\/\\\/www.organisator.ch\\\/wp-content\\\/uploads\\\/2021\\\/08\\\/Nathalie-Wallace.jpg\",\"datePublished\":\"2021-08-02T10:22:35+00:00\",\"dateModified\":\"2022-02-09T10:09:52+00:00\",\"description\":\"Natixis IM, mit einem verwalteten Verm\u00f6gen von 1\u2019152,8 Mrd. Euro, hat Nathalie Wallace zur Global Head of Sustainable Investing ernannt.\",\"breadcrumb\":{\"@id\":\"https:\\\/\\\/www.organisator.ch\\\/sustainability\\\/2021-08-02\\\/natixis-im-nathalie-wallace-neu-global-head-of-sustainable-investing\\\/#breadcrumb\"},\"inLanguage\":\"en-US\",\"potentialAction\":[{\"@type\":\"ReadAction\",\"target\":[\"https:\\\/\\\/www.organisator.ch\\\/sustainability\\\/2021-08-02\\\/natixis-im-nathalie-wallace-neu-global-head-of-sustainable-investing\\\/\"]}]},{\"@type\":\"ImageObject\",\"inLanguage\":\"en-US\",\"@id\":\"https:\\\/\\\/www.organisator.ch\\\/sustainability\\\/2021-08-02\\\/natixis-im-nathalie-wallace-neu-global-head-of-sustainable-investing\\\/#primaryimage\",\"url\":\"https:\\\/\\\/www.organisator.ch\\\/wp-content\\\/uploads\\\/2021\\\/08\\\/Nathalie-Wallace.jpg\",\"contentUrl\":\"https:\\\/\\\/www.organisator.ch\\\/wp-content\\\/uploads\\\/2021\\\/08\\\/Nathalie-Wallace.jpg\",\"width\":670,\"height\":548,\"caption\":\"Nathalie Wallace. \u00a9 zVg\"},{\"@type\":\"BreadcrumbList\",\"@id\":\"https:\\\/\\\/www.organisator.ch\\\/sustainability\\\/2021-08-02\\\/natixis-im-nathalie-wallace-neu-global-head-of-sustainable-investing\\\/#breadcrumb\",\"itemListElement\":[{\"@type\":\"ListItem\",\"position\":1,\"name\":\"Home\",\"item\":\"https:\\\/\\\/www.organisator.ch\\\/\"},{\"@type\":\"ListItem\",\"position\":2,\"name\":\"Natixis IM: N. Wallace neu Global Head of Sustainable Investing\"}]},{\"@type\":\"WebSite\",\"@id\":\"https:\\\/\\\/www.organisator.ch\\\/#website\",\"url\":\"https:\\\/\\\/www.organisator.ch\\\/\",\"name\":\"Organisator\",\"description\":\"Kompetent. Praxisnah. Der ORGANISATOR bereitet in 10 Ausgaben pro Jahr die wesentlichen Themen f\u00fcr F\u00fchrungskr\u00e4fte von KMU auf.\",\"publisher\":{\"@id\":\"https:\\\/\\\/www.organisator.ch\\\/#organization\"},\"potentialAction\":[{\"@type\":\"SearchAction\",\"target\":{\"@type\":\"EntryPoint\",\"urlTemplate\":\"https:\\\/\\\/www.organisator.ch\\\/?s={search_term_string}\"},\"query-input\":{\"@type\":\"PropertyValueSpecification\",\"valueRequired\":true,\"valueName\":\"search_term_string\"}}],\"inLanguage\":\"en-US\"},{\"@type\":\"Organization\",\"@id\":\"https:\\\/\\\/www.organisator.ch\\\/#organization\",\"name\":\"Organisator\",\"url\":\"https:\\\/\\\/www.organisator.ch\\\/\",\"logo\":{\"@type\":\"ImageObject\",\"inLanguage\":\"en-US\",\"@id\":\"https:\\\/\\\/www.organisator.ch\\\/#\\\/schema\\\/logo\\\/image\\\/\",\"url\":\"https:\\\/\\\/www.organisator.ch\\\/wp-content\\\/uploads\\\/2022\\\/01\\\/Logo_Organisator_Website.png\",\"contentUrl\":\"https:\\\/\\\/www.organisator.ch\\\/wp-content\\\/uploads\\\/2022\\\/01\\\/Logo_Organisator_Website.png\",\"width\":800,\"height\":77,\"caption\":\"Organisator\"},\"image\":{\"@id\":\"https:\\\/\\\/www.organisator.ch\\\/#\\\/schema\\\/logo\\\/image\\\/\"},\"sameAs\":[\"https:\\\/\\\/www.facebook.com\\\/OrganisatorFachmagazin\",\"https:\\\/\\\/www.linkedin.com\\\/showcase\\\/organisator-das-magazin-fr-kmu\",\"https:\\\/\\\/www.xing.com\\\/news\\\/pages\\\/organisator-ch-695\",\"https:\\\/\\\/www.youtube.com\\\/channel\\\/UCGP2Sq0iWaZwT3BdIAQFYpw\"]},{\"@type\":\"Person\",\"@id\":\"https:\\\/\\\/www.organisator.ch\\\/#\\\/schema\\\/person\\\/a800b8c54e208b160517a7dcc323161d\",\"name\":\"roger.straessle\",\"image\":{\"@type\":\"ImageObject\",\"inLanguage\":\"en-US\",\"@id\":\"https:\\\/\\\/secure.gravatar.com\\\/avatar\\\/?s=96&d=mm&r=g\",\"url\":\"https:\\\/\\\/secure.gravatar.com\\\/avatar\\\/?s=96&d=mm&r=g\",\"contentUrl\":\"https:\\\/\\\/secure.gravatar.com\\\/avatar\\\/?s=96&d=mm&r=g\",\"caption\":\"roger.straessle\"},\"url\":\"https:\\\/\\\/www.organisator.ch\\\/en\\\/author\\\/roger-straessle\\\/\"}]}<\/script>\n<!-- \/ Yoast SEO plugin. -->","yoast_head_json":{"title":"Natixis IM: N. Wallace New Global Head of Sustainable InvestingNatixis IM -nathalie-wallaceNatixis IM, with \u20ac1,152.8 billion in assets under management, has appointed Nathalie Wallace as Global Head of Sustainable Investing%%","description":"Natixis IM, with \u20ac1,152.8 billion in assets under management, has appointed Nathalie Wallace as Global Head of Sustainable Investing.","robots":{"index":"index","follow":"follow","max-snippet":"max-snippet:-1","max-image-preview":"max-image-preview:large","max-video-preview":"max-video-preview:-1"},"canonical":"https:\/\/www.organisator.ch\/en\/sustainability\/2021-08-02\/natixis-im-nathalie-wallace-neu-global-head-of-sustainable-investing\/","og_locale":"en_US","og_type":"article","og_title":"Natixis IM: N. Wallace neu Global Head of Sustainable InvestingNatixis IM -nathalie-wallaceNatixis IM, mit einem verwalteten Verm\u00f6gen von 1\u2019152,8 Mrd. Euro, hat Nathalie Wallace zur Global Head of Sustainable Investing ernannt%%","og_description":"Natixis IM, mit einem verwalteten Verm\u00f6gen von 1\u2019152,8 Mrd. Euro, hat Nathalie Wallace zur Global Head of Sustainable Investing ernannt.","og_url":"https:\/\/www.organisator.ch\/en\/sustainability\/2021-08-02\/natixis-im-nathalie-wallace-neu-global-head-of-sustainable-investing\/","og_site_name":"Organisator","article_publisher":"https:\/\/www.facebook.com\/OrganisatorFachmagazin","article_published_time":"2021-08-02T10:22:35+00:00","article_modified_time":"2022-02-09T10:09:52+00:00","og_image":[{"width":670,"height":548,"url":"https:\/\/www.organisator.ch\/wp-content\/uploads\/2021\/08\/Nathalie-Wallace.jpg","type":"image\/jpeg"}],"author":"roger.straessle","twitter_card":"summary_large_image","schema":{"@context":"https:\/\/schema.org","@graph":[{"@type":"Article","@id":"https:\/\/www.organisator.ch\/sustainability\/2021-08-02\/natixis-im-nathalie-wallace-neu-global-head-of-sustainable-investing\/#article","isPartOf":{"@id":"https:\/\/www.organisator.ch\/sustainability\/2021-08-02\/natixis-im-nathalie-wallace-neu-global-head-of-sustainable-investing\/"},"author":{"name":"roger.straessle","@id":"https:\/\/www.organisator.ch\/#\/schema\/person\/a800b8c54e208b160517a7dcc323161d"},"headline":"Natixis IM: N. Wallace neu Global Head of Sustainable Investing","datePublished":"2021-08-02T10:22:35+00:00","dateModified":"2022-02-09T10:09:52+00:00","mainEntityOfPage":{"@id":"https:\/\/www.organisator.ch\/sustainability\/2021-08-02\/natixis-im-nathalie-wallace-neu-global-head-of-sustainable-investing\/"},"wordCount":286,"publisher":{"@id":"https:\/\/www.organisator.ch\/#organization"},"image":{"@id":"https:\/\/www.organisator.ch\/sustainability\/2021-08-02\/natixis-im-nathalie-wallace-neu-global-head-of-sustainable-investing\/#primaryimage"},"thumbnailUrl":"https:\/\/www.organisator.ch\/wp-content\/uploads\/2021\/08\/Nathalie-Wallace.jpg","keywords":["ESG","Finanzindustrie","Nachhaltiges Intestment","UNPRI"],"articleSection":["SUSTAINABILITY"],"inLanguage":"en-US"},{"@type":"WebPage","@id":"https:\/\/www.organisator.ch\/sustainability\/2021-08-02\/natixis-im-nathalie-wallace-neu-global-head-of-sustainable-investing\/","url":"https:\/\/www.organisator.ch\/sustainability\/2021-08-02\/natixis-im-nathalie-wallace-neu-global-head-of-sustainable-investing\/","name":"Natixis IM: N. Wallace New Global Head of Sustainable InvestingNatixis IM -nathalie-wallaceNatixis IM, with \u20ac1,152.8 billion in assets under management, has appointed Nathalie Wallace as Global Head of Sustainable Investing%%","isPartOf":{"@id":"https:\/\/www.organisator.ch\/#website"},"primaryImageOfPage":{"@id":"https:\/\/www.organisator.ch\/sustainability\/2021-08-02\/natixis-im-nathalie-wallace-neu-global-head-of-sustainable-investing\/#primaryimage"},"image":{"@id":"https:\/\/www.organisator.ch\/sustainability\/2021-08-02\/natixis-im-nathalie-wallace-neu-global-head-of-sustainable-investing\/#primaryimage"},"thumbnailUrl":"https:\/\/www.organisator.ch\/wp-content\/uploads\/2021\/08\/Nathalie-Wallace.jpg","datePublished":"2021-08-02T10:22:35+00:00","dateModified":"2022-02-09T10:09:52+00:00","description":"Natixis IM, with \u20ac1,152.8 billion in assets under management, has appointed Nathalie Wallace as Global Head of Sustainable Investing.","breadcrumb":{"@id":"https:\/\/www.organisator.ch\/sustainability\/2021-08-02\/natixis-im-nathalie-wallace-neu-global-head-of-sustainable-investing\/#breadcrumb"},"inLanguage":"en-US","potentialAction":[{"@type":"ReadAction","target":["https:\/\/www.organisator.ch\/sustainability\/2021-08-02\/natixis-im-nathalie-wallace-neu-global-head-of-sustainable-investing\/"]}]},{"@type":"ImageObject","inLanguage":"en-US","@id":"https:\/\/www.organisator.ch\/sustainability\/2021-08-02\/natixis-im-nathalie-wallace-neu-global-head-of-sustainable-investing\/#primaryimage","url":"https:\/\/www.organisator.ch\/wp-content\/uploads\/2021\/08\/Nathalie-Wallace.jpg","contentUrl":"https:\/\/www.organisator.ch\/wp-content\/uploads\/2021\/08\/Nathalie-Wallace.jpg","width":670,"height":548,"caption":"Nathalie Wallace. \u00a9 zVg"},{"@type":"BreadcrumbList","@id":"https:\/\/www.organisator.ch\/sustainability\/2021-08-02\/natixis-im-nathalie-wallace-neu-global-head-of-sustainable-investing\/#breadcrumb","itemListElement":[{"@type":"ListItem","position":1,"name":"Home","item":"https:\/\/www.organisator.ch\/"},{"@type":"ListItem","position":2,"name":"Natixis IM: N. Wallace neu Global Head of Sustainable Investing"}]},{"@type":"WebSite","@id":"https:\/\/www.organisator.ch\/#website","url":"https:\/\/www.organisator.ch\/","name":"Organizer","description":"Competent. Practical. In 10 issues per year, ORGANISATOR presents the essential topics for managers of SMEs.","publisher":{"@id":"https:\/\/www.organisator.ch\/#organization"},"potentialAction":[{"@type":"SearchAction","target":{"@type":"EntryPoint","urlTemplate":"https:\/\/www.organisator.ch\/?s={search_term_string}"},"query-input":{"@type":"PropertyValueSpecification","valueRequired":true,"valueName":"search_term_string"}}],"inLanguage":"en-US"},{"@type":"Organization","@id":"https:\/\/www.organisator.ch\/#organization","name":"Organizer","url":"https:\/\/www.organisator.ch\/","logo":{"@type":"ImageObject","inLanguage":"en-US","@id":"https:\/\/www.organisator.ch\/#\/schema\/logo\/image\/","url":"https:\/\/www.organisator.ch\/wp-content\/uploads\/2022\/01\/Logo_Organisator_Website.png","contentUrl":"https:\/\/www.organisator.ch\/wp-content\/uploads\/2022\/01\/Logo_Organisator_Website.png","width":800,"height":77,"caption":"Organisator"},"image":{"@id":"https:\/\/www.organisator.ch\/#\/schema\/logo\/image\/"},"sameAs":["https:\/\/www.facebook.com\/OrganisatorFachmagazin","https:\/\/www.linkedin.com\/showcase\/organisator-das-magazin-fr-kmu","https:\/\/www.xing.com\/news\/pages\/organisator-ch-695","https:\/\/www.youtube.com\/channel\/UCGP2Sq0iWaZwT3BdIAQFYpw"]},{"@type":"Person","@id":"https:\/\/www.organisator.ch\/#\/schema\/person\/a800b8c54e208b160517a7dcc323161d","name":"roger.straessle","image":{"@type":"ImageObject","inLanguage":"en-US","@id":"https:\/\/secure.gravatar.com\/avatar\/?s=96&d=mm&r=g","url":"https:\/\/secure.gravatar.com\/avatar\/?s=96&d=mm&r=g","contentUrl":"https:\/\/secure.gravatar.com\/avatar\/?s=96&d=mm&r=g","caption":"roger.straessle"},"url":"https:\/\/www.organisator.ch\/en\/author\/roger-straessle\/"}]}},"_links":{"self":[{"href":"https:\/\/www.organisator.ch\/en\/wp-json\/wp\/v2\/posts\/4654","targetHints":{"allow":["GET"]}}],"collection":[{"href":"https:\/\/www.organisator.ch\/en\/wp-json\/wp\/v2\/posts"}],"about":[{"href":"https:\/\/www.organisator.ch\/en\/wp-json\/wp\/v2\/types\/post"}],"author":[{"embeddable":true,"href":"https:\/\/www.organisator.ch\/en\/wp-json\/wp\/v2\/users\/6"}],"replies":[{"embeddable":true,"href":"https:\/\/www.organisator.ch\/en\/wp-json\/wp\/v2\/comments?post=4654"}],"version-history":[{"count":1,"href":"https:\/\/www.organisator.ch\/en\/wp-json\/wp\/v2\/posts\/4654\/revisions"}],"predecessor-version":[{"id":10792,"href":"https:\/\/www.organisator.ch\/en\/wp-json\/wp\/v2\/posts\/4654\/revisions\/10792"}],"wp:featuredmedia":[{"embeddable":true,"href":"https:\/\/www.organisator.ch\/en\/wp-json\/wp\/v2\/media\/4655"}],"wp:attachment":[{"href":"https:\/\/www.organisator.ch\/en\/wp-json\/wp\/v2\/media?parent=4654"}],"wp:term":[{"taxonomy":"category","embeddable":true,"href":"https:\/\/www.organisator.ch\/en\/wp-json\/wp\/v2\/categories?post=4654"},{"taxonomy":"post_tag","embeddable":true,"href":"https:\/\/www.organisator.ch\/en\/wp-json\/wp\/v2\/tags?post=4654"}],"curies":[{"name":"wp","href":"https:\/\/api.w.org\/{rel}","templated":true}]}}