{"id":4671,"date":"2021-08-06T07:30:31","date_gmt":"2021-08-06T05:30:31","guid":{"rendered":"https:\/\/www.umweltperspektiven.ch\/?p=4671"},"modified":"2021-08-06T07:30:31","modified_gmt":"2021-08-06T05:30:31","slug":"mehrheit-fuer-mehr-e-autos-unterstuetzung-durch-arbeitgeber-gewuenscht","status":"publish","type":"post","link":"https:\/\/www.organisator.ch\/en\/allgemein\/2021-08-06\/mehrheit-fuer-mehr-e-autos-unterstuetzung-durch-arbeitgeber-gewuenscht\/","title":{"rendered":"Majority in favor of more e-cars - support from employers desired"},"content":{"rendered":"<p><img loading=\"lazy\" decoding=\"async\" class=\"size-medium wp-image-4672\" src=\"\/\/www.umweltperspektiven.ch\/wp-content\/uploads\/2021\/08\/Depositphotos_152869792_s-2019.jpg\" alt=\"E-cars\" width=\"680\" height=\"408\" srcset=\"https:\/\/www.organisator.ch\/wp-content\/uploads\/2021\/08\/Depositphotos_152869792_s-2019.jpg 1000w, https:\/\/www.organisator.ch\/wp-content\/uploads\/2021\/08\/Depositphotos_152869792_s-2019-680x408.jpg 680w, https:\/\/www.organisator.ch\/wp-content\/uploads\/2021\/08\/Depositphotos_152869792_s-2019-768x461.jpg 768w, https:\/\/www.organisator.ch\/wp-content\/uploads\/2021\/08\/Depositphotos_152869792_s-2019-18x12.jpg 18w, https:\/\/www.organisator.ch\/wp-content\/uploads\/2021\/08\/Depositphotos_152869792_s-2019-292x175.jpg 292w, https:\/\/www.organisator.ch\/wp-content\/uploads\/2021\/08\/Depositphotos_152869792_s-2019-583x350.jpg 583w, https:\/\/www.organisator.ch\/wp-content\/uploads\/2021\/08\/Depositphotos_152869792_s-2019-920x552.jpg 920w, https:\/\/www.organisator.ch\/wp-content\/uploads\/2021\/08\/Depositphotos_152869792_s-2019-300x180.jpg 300w\" sizes=\"auto, (max-width: 680px) 100vw, 680px\" \/><\/p>\n<p>\u00a9 Depositphotos, Olivier26<\/p>\n<p>A clear majority (70%) of the population wants to reduce CO<sub>2<\/sub>-emissions. Mobility plays an important role in this. 57 percent of respondents would like to see more electric cars and 63 percent would like to see a general reduction in private motorized transport - for example, through more home offices or car sharing. 68 percent are in favor of shifting heavy goods traffic from road to rail. This is the result of a representative survey conducted by the auditing and consulting firm Deloitte at the beginning of May 2021 among 1,501 people living in Switzerland.<\/p>\n<h2><strong>Innovation as a driver for CO<sub>2<\/sub>-Reduction<\/strong><\/h2>\n<p>Even though more than half (53%) of respondents favored offset measures: The vote on CO<sub>2<\/sub>-Law has clearly shown that practical implementation will be more difficult, according to the Deloitte media release. Therefore, it is not surprising that a much higher proportion (71%) are in favor of increased innovation and technological progress to reduce greenhouse gases, it said. \"Following the rejection of the CO<sub>2<\/sub>-law, the existing challenges will not go away,\" says Reto Savoia, CEO of Deloitte Switzerland. \"The no to the CO<sub>2<\/sub>-However, our survey shows that the \"No\" to the Climate Protection Act was not a \"No\" to climate protection. Switzerland must continue to do everything in its power to lead the way in climate protection. With our world-leading universities and many companies successful in environmental technologies, Switzerland is in a top position to ensure effective climate protection. We have a real opportunity here to position ourselves even better on the global market in the longer term,\" says Savoia.<strong>\u00a0<\/strong><\/p>\n<h2><strong>Employers should promote e-mobility<\/strong><\/h2>\n<p>In order for Switzerland to achieve the reduction in emissions set out in the Paris Climate Agreement, it needs, among other things, more sustainable mobility options. According to the survey, employers also have a role to play here: 76 percent of respondents want companies to support their employees with public transport passes. 59 percent want employers to actively promote e-mobility and, for example, offer e-cars as company cars. 56 percent want employers to financially support cycling. \"Our survey has shown that a large majority of the population also wants employers to actively support CO<sub>2<\/sub>-reduction,\" says Rolf Br\u00fcgger, Director Government &amp; Public Services at Deloitte Switzerland. \"Promoting e-mobility as broadly as possible makes sense. The state can help to quickly improve the infrastructure for charging electric cars with targeted framework conditions. Specific incentives for companies that support their employees' efforts to reduce CO<sub>2<\/sub>-reduction, but also measures that make e-mobility more accessible to a broader population.\"<\/p>\n<p><em>Source, Deloitte<\/em><\/p>\n<p><em>\u00a0<\/em><em>More detailed information on the study can be found here:<\/em><\/p>\n<p><a href=\"\/\/www.umweltperspektiven.ch\/wp-content\/uploads\/2021\/08\/deloitte-ch-de-nachhaltige-dekarbonisierung.pdf\">deloitte-ch-sustainable-decarbonization<\/a><\/p>\n<p>&nbsp;<\/p>","protected":false},"excerpt":{"rendered":"<p>\u00a9 Depositphotos, Olivier26 Eine deutliche Mehrheit (70%) der Bev\u00f6lkerung will den CO2-Ausstoss reduzieren. Mobilit\u00e4t spielt dabei eine wichtige Rolle. 57\u00a0Prozent der Befragten w\u00fcnschen sich mehr Elektroautos und 63\u00a0Prozent eine generelle Reduktion des motorisierten privaten Individualverkehrs \u2013 beispielsweise durch mehr Homeoffice oder Carsharing. 68\u00a0Prozent sind f\u00fcr eine Verlagerung des Schwerverkehrs von der Strasse auf die Schiene. [&hellip;]<\/p>\n","protected":false},"author":6,"featured_media":4672,"comment_status":"closed","ping_status":"closed","sticky":false,"template":"","format":"standard","meta":{"_acf_changed":false,"_yoast_wpseo_focuskw":"E-Mobilit\u00e4t","_yoast_wpseo_metadesc":"","articlekey":"","footnotes":""},"categories":[1],"tags":[969,1006,487],"class_list":["post-4671","post","type-post","status-publish","format-standard","has-post-thumbnail","hentry","category-allgemein","tag-dekarbonisierung","tag-e-mobilitaet","tag-umfrage"],"acf":[],"yoast_head":"<!-- This site is optimized with the Yoast SEO plugin v27.4 - https:\/\/yoast.com\/product\/yoast-seo-wordpress\/ -->\n<title>Mehrheit f\u00fcr mehr E-Autos \u2013 Unterst\u00fctzung durch Arbeitgeber gew\u00fcnscht - Organisator<\/title>\n<meta name=\"robots\" content=\"index, follow, max-snippet:-1, max-image-preview:large, max-video-preview:-1\" \/>\n<link rel=\"canonical\" href=\"https:\/\/www.organisator.ch\/en\/general\/2021-08-06\/mehrheit-fuer-mehr-e-autos-unterstuetzung-durch-arbeitgeber-gewuenscht\/\" \/>\n<meta property=\"og:locale\" content=\"en_US\" \/>\n<meta property=\"og:type\" content=\"article\" \/>\n<meta property=\"og:title\" content=\"Mehrheit f\u00fcr mehr E-Autos \u2013 Unterst\u00fctzung durch Arbeitgeber gew\u00fcnscht - Organisator\" \/>\n<meta property=\"og:description\" content=\"\u00a9 Depositphotos, Olivier26 Eine deutliche Mehrheit (70%) der Bev\u00f6lkerung will den CO2-Ausstoss reduzieren. Mobilit\u00e4t spielt dabei eine wichtige Rolle. 57\u00a0Prozent der Befragten w\u00fcnschen sich mehr Elektroautos und 63\u00a0Prozent eine generelle Reduktion des motorisierten privaten Individualverkehrs \u2013 beispielsweise durch mehr Homeoffice oder Carsharing. 68\u00a0Prozent sind f\u00fcr eine Verlagerung des Schwerverkehrs von der Strasse auf die Schiene. [&hellip;]\" \/>\n<meta property=\"og:url\" content=\"https:\/\/www.organisator.ch\/en\/general\/2021-08-06\/mehrheit-fuer-mehr-e-autos-unterstuetzung-durch-arbeitgeber-gewuenscht\/\" \/>\n<meta property=\"og:site_name\" content=\"Organisator\" \/>\n<meta property=\"article:publisher\" content=\"https:\/\/www.facebook.com\/OrganisatorFachmagazin\" \/>\n<meta property=\"article:published_time\" content=\"2021-08-06T05:30:31+00:00\" \/>\n<meta property=\"og:image\" content=\"https:\/\/www.organisator.ch\/wp-content\/uploads\/2021\/08\/Depositphotos_152869792_s-2019.jpg\" \/>\n\t<meta property=\"og:image:width\" content=\"1000\" \/>\n\t<meta property=\"og:image:height\" content=\"600\" \/>\n\t<meta property=\"og:image:type\" content=\"image\/jpeg\" \/>\n<meta name=\"author\" content=\"roger.straessle\" \/>\n<meta name=\"twitter:card\" content=\"summary_large_image\" \/>\n<script type=\"application\/ld+json\" class=\"yoast-schema-graph\">{\"@context\":\"https:\\\/\\\/schema.org\",\"@graph\":[{\"@type\":\"Article\",\"@id\":\"https:\\\/\\\/www.organisator.ch\\\/de\\\/allgemein\\\/2021-08-06\\\/mehrheit-fuer-mehr-e-autos-unterstuetzung-durch-arbeitgeber-gewuenscht\\\/#article\",\"isPartOf\":{\"@id\":\"https:\\\/\\\/www.organisator.ch\\\/de\\\/allgemein\\\/2021-08-06\\\/mehrheit-fuer-mehr-e-autos-unterstuetzung-durch-arbeitgeber-gewuenscht\\\/\"},\"author\":{\"name\":\"roger.straessle\",\"@id\":\"https:\\\/\\\/www.organisator.ch\\\/#\\\/schema\\\/person\\\/a800b8c54e208b160517a7dcc323161d\"},\"headline\":\"Mehrheit f\u00fcr mehr E-Autos \u2013 Unterst\u00fctzung durch Arbeitgeber gew\u00fcnscht\",\"datePublished\":\"2021-08-06T05:30:31+00:00\",\"mainEntityOfPage\":{\"@id\":\"https:\\\/\\\/www.organisator.ch\\\/de\\\/allgemein\\\/2021-08-06\\\/mehrheit-fuer-mehr-e-autos-unterstuetzung-durch-arbeitgeber-gewuenscht\\\/\"},\"wordCount\":434,\"publisher\":{\"@id\":\"https:\\\/\\\/www.organisator.ch\\\/#organization\"},\"image\":{\"@id\":\"https:\\\/\\\/www.organisator.ch\\\/de\\\/allgemein\\\/2021-08-06\\\/mehrheit-fuer-mehr-e-autos-unterstuetzung-durch-arbeitgeber-gewuenscht\\\/#primaryimage\"},\"thumbnailUrl\":\"https:\\\/\\\/www.organisator.ch\\\/wp-content\\\/uploads\\\/2021\\\/08\\\/Depositphotos_152869792_s-2019.jpg\",\"keywords\":[\"Dekarbonisierung\",\"E-Mobilit\u00e4t\",\"Umfrage\"],\"articleSection\":[\"Allgemein\"],\"inLanguage\":\"en-US\"},{\"@type\":\"WebPage\",\"@id\":\"https:\\\/\\\/www.organisator.ch\\\/de\\\/allgemein\\\/2021-08-06\\\/mehrheit-fuer-mehr-e-autos-unterstuetzung-durch-arbeitgeber-gewuenscht\\\/\",\"url\":\"https:\\\/\\\/www.organisator.ch\\\/de\\\/allgemein\\\/2021-08-06\\\/mehrheit-fuer-mehr-e-autos-unterstuetzung-durch-arbeitgeber-gewuenscht\\\/\",\"name\":\"Mehrheit f\u00fcr mehr E-Autos \u2013 Unterst\u00fctzung durch Arbeitgeber gew\u00fcnscht - Organisator\",\"isPartOf\":{\"@id\":\"https:\\\/\\\/www.organisator.ch\\\/#website\"},\"primaryImageOfPage\":{\"@id\":\"https:\\\/\\\/www.organisator.ch\\\/de\\\/allgemein\\\/2021-08-06\\\/mehrheit-fuer-mehr-e-autos-unterstuetzung-durch-arbeitgeber-gewuenscht\\\/#primaryimage\"},\"image\":{\"@id\":\"https:\\\/\\\/www.organisator.ch\\\/de\\\/allgemein\\\/2021-08-06\\\/mehrheit-fuer-mehr-e-autos-unterstuetzung-durch-arbeitgeber-gewuenscht\\\/#primaryimage\"},\"thumbnailUrl\":\"https:\\\/\\\/www.organisator.ch\\\/wp-content\\\/uploads\\\/2021\\\/08\\\/Depositphotos_152869792_s-2019.jpg\",\"datePublished\":\"2021-08-06T05:30:31+00:00\",\"breadcrumb\":{\"@id\":\"https:\\\/\\\/www.organisator.ch\\\/de\\\/allgemein\\\/2021-08-06\\\/mehrheit-fuer-mehr-e-autos-unterstuetzung-durch-arbeitgeber-gewuenscht\\\/#breadcrumb\"},\"inLanguage\":\"en-US\",\"potentialAction\":[{\"@type\":\"ReadAction\",\"target\":[\"https:\\\/\\\/www.organisator.ch\\\/de\\\/allgemein\\\/2021-08-06\\\/mehrheit-fuer-mehr-e-autos-unterstuetzung-durch-arbeitgeber-gewuenscht\\\/\"]}]},{\"@type\":\"ImageObject\",\"inLanguage\":\"en-US\",\"@id\":\"https:\\\/\\\/www.organisator.ch\\\/de\\\/allgemein\\\/2021-08-06\\\/mehrheit-fuer-mehr-e-autos-unterstuetzung-durch-arbeitgeber-gewuenscht\\\/#primaryimage\",\"url\":\"https:\\\/\\\/www.organisator.ch\\\/wp-content\\\/uploads\\\/2021\\\/08\\\/Depositphotos_152869792_s-2019.jpg\",\"contentUrl\":\"https:\\\/\\\/www.organisator.ch\\\/wp-content\\\/uploads\\\/2021\\\/08\\\/Depositphotos_152869792_s-2019.jpg\",\"width\":1000,\"height\":600,\"caption\":\"\u00a9 Depositphotos, Olivier26\"},{\"@type\":\"BreadcrumbList\",\"@id\":\"https:\\\/\\\/www.organisator.ch\\\/de\\\/allgemein\\\/2021-08-06\\\/mehrheit-fuer-mehr-e-autos-unterstuetzung-durch-arbeitgeber-gewuenscht\\\/#breadcrumb\",\"itemListElement\":[{\"@type\":\"ListItem\",\"position\":1,\"name\":\"Home\",\"item\":\"https:\\\/\\\/www.organisator.ch\\\/\"},{\"@type\":\"ListItem\",\"position\":2,\"name\":\"Mehrheit f\u00fcr mehr E-Autos \u2013 Unterst\u00fctzung durch Arbeitgeber gew\u00fcnscht\"}]},{\"@type\":\"WebSite\",\"@id\":\"https:\\\/\\\/www.organisator.ch\\\/#website\",\"url\":\"https:\\\/\\\/www.organisator.ch\\\/\",\"name\":\"Organisator\",\"description\":\"Kompetent. Praxisnah. Der ORGANISATOR bereitet in 10 Ausgaben pro Jahr die wesentlichen Themen f\u00fcr F\u00fchrungskr\u00e4fte von KMU auf.\",\"publisher\":{\"@id\":\"https:\\\/\\\/www.organisator.ch\\\/#organization\"},\"potentialAction\":[{\"@type\":\"SearchAction\",\"target\":{\"@type\":\"EntryPoint\",\"urlTemplate\":\"https:\\\/\\\/www.organisator.ch\\\/?s={search_term_string}\"},\"query-input\":{\"@type\":\"PropertyValueSpecification\",\"valueRequired\":true,\"valueName\":\"search_term_string\"}}],\"inLanguage\":\"en-US\"},{\"@type\":\"Organization\",\"@id\":\"https:\\\/\\\/www.organisator.ch\\\/#organization\",\"name\":\"Organisator\",\"url\":\"https:\\\/\\\/www.organisator.ch\\\/\",\"logo\":{\"@type\":\"ImageObject\",\"inLanguage\":\"en-US\",\"@id\":\"https:\\\/\\\/www.organisator.ch\\\/#\\\/schema\\\/logo\\\/image\\\/\",\"url\":\"https:\\\/\\\/www.organisator.ch\\\/wp-content\\\/uploads\\\/2022\\\/01\\\/Logo_Organisator_Website.png\",\"contentUrl\":\"https:\\\/\\\/www.organisator.ch\\\/wp-content\\\/uploads\\\/2022\\\/01\\\/Logo_Organisator_Website.png\",\"width\":800,\"height\":77,\"caption\":\"Organisator\"},\"image\":{\"@id\":\"https:\\\/\\\/www.organisator.ch\\\/#\\\/schema\\\/logo\\\/image\\\/\"},\"sameAs\":[\"https:\\\/\\\/www.facebook.com\\\/OrganisatorFachmagazin\",\"https:\\\/\\\/www.linkedin.com\\\/showcase\\\/organisator-das-magazin-fr-kmu\",\"https:\\\/\\\/www.xing.com\\\/news\\\/pages\\\/organisator-ch-695\",\"https:\\\/\\\/www.youtube.com\\\/channel\\\/UCGP2Sq0iWaZwT3BdIAQFYpw\"]},{\"@type\":\"Person\",\"@id\":\"https:\\\/\\\/www.organisator.ch\\\/#\\\/schema\\\/person\\\/a800b8c54e208b160517a7dcc323161d\",\"name\":\"roger.straessle\",\"image\":{\"@type\":\"ImageObject\",\"inLanguage\":\"en-US\",\"@id\":\"https:\\\/\\\/secure.gravatar.com\\\/avatar\\\/?s=96&d=mm&r=g\",\"url\":\"https:\\\/\\\/secure.gravatar.com\\\/avatar\\\/?s=96&d=mm&r=g\",\"contentUrl\":\"https:\\\/\\\/secure.gravatar.com\\\/avatar\\\/?s=96&d=mm&r=g\",\"caption\":\"roger.straessle\"},\"url\":\"https:\\\/\\\/www.organisator.ch\\\/en\\\/author\\\/roger-straessle\\\/\"}]}<\/script>\n<!-- \/ Yoast SEO plugin. -->","yoast_head_json":{"title":"Majority in favor of more e-cars - support from employers desired - Organizer","robots":{"index":"index","follow":"follow","max-snippet":"max-snippet:-1","max-image-preview":"max-image-preview:large","max-video-preview":"max-video-preview:-1"},"canonical":"https:\/\/www.organisator.ch\/en\/general\/2021-08-06\/mehrheit-fuer-mehr-e-autos-unterstuetzung-durch-arbeitgeber-gewuenscht\/","og_locale":"en_US","og_type":"article","og_title":"Mehrheit f\u00fcr mehr E-Autos \u2013 Unterst\u00fctzung durch Arbeitgeber gew\u00fcnscht - Organisator","og_description":"\u00a9 Depositphotos, Olivier26 Eine deutliche Mehrheit (70%) der Bev\u00f6lkerung will den CO2-Ausstoss reduzieren. Mobilit\u00e4t spielt dabei eine wichtige Rolle. 57\u00a0Prozent der Befragten w\u00fcnschen sich mehr Elektroautos und 63\u00a0Prozent eine generelle Reduktion des motorisierten privaten Individualverkehrs \u2013 beispielsweise durch mehr Homeoffice oder Carsharing. 68\u00a0Prozent sind f\u00fcr eine Verlagerung des Schwerverkehrs von der Strasse auf die Schiene. [&hellip;]","og_url":"https:\/\/www.organisator.ch\/en\/general\/2021-08-06\/mehrheit-fuer-mehr-e-autos-unterstuetzung-durch-arbeitgeber-gewuenscht\/","og_site_name":"Organisator","article_publisher":"https:\/\/www.facebook.com\/OrganisatorFachmagazin","article_published_time":"2021-08-06T05:30:31+00:00","og_image":[{"width":1000,"height":600,"url":"https:\/\/www.organisator.ch\/wp-content\/uploads\/2021\/08\/Depositphotos_152869792_s-2019.jpg","type":"image\/jpeg"}],"author":"roger.straessle","twitter_card":"summary_large_image","schema":{"@context":"https:\/\/schema.org","@graph":[{"@type":"Article","@id":"https:\/\/www.organisator.ch\/de\/allgemein\/2021-08-06\/mehrheit-fuer-mehr-e-autos-unterstuetzung-durch-arbeitgeber-gewuenscht\/#article","isPartOf":{"@id":"https:\/\/www.organisator.ch\/de\/allgemein\/2021-08-06\/mehrheit-fuer-mehr-e-autos-unterstuetzung-durch-arbeitgeber-gewuenscht\/"},"author":{"name":"roger.straessle","@id":"https:\/\/www.organisator.ch\/#\/schema\/person\/a800b8c54e208b160517a7dcc323161d"},"headline":"Mehrheit f\u00fcr mehr E-Autos \u2013 Unterst\u00fctzung durch Arbeitgeber gew\u00fcnscht","datePublished":"2021-08-06T05:30:31+00:00","mainEntityOfPage":{"@id":"https:\/\/www.organisator.ch\/de\/allgemein\/2021-08-06\/mehrheit-fuer-mehr-e-autos-unterstuetzung-durch-arbeitgeber-gewuenscht\/"},"wordCount":434,"publisher":{"@id":"https:\/\/www.organisator.ch\/#organization"},"image":{"@id":"https:\/\/www.organisator.ch\/de\/allgemein\/2021-08-06\/mehrheit-fuer-mehr-e-autos-unterstuetzung-durch-arbeitgeber-gewuenscht\/#primaryimage"},"thumbnailUrl":"https:\/\/www.organisator.ch\/wp-content\/uploads\/2021\/08\/Depositphotos_152869792_s-2019.jpg","keywords":["Dekarbonisierung","E-Mobilit\u00e4t","Umfrage"],"articleSection":["Allgemein"],"inLanguage":"en-US"},{"@type":"WebPage","@id":"https:\/\/www.organisator.ch\/de\/allgemein\/2021-08-06\/mehrheit-fuer-mehr-e-autos-unterstuetzung-durch-arbeitgeber-gewuenscht\/","url":"https:\/\/www.organisator.ch\/de\/allgemein\/2021-08-06\/mehrheit-fuer-mehr-e-autos-unterstuetzung-durch-arbeitgeber-gewuenscht\/","name":"Majority in favor of more e-cars - support from employers desired - Organizer","isPartOf":{"@id":"https:\/\/www.organisator.ch\/#website"},"primaryImageOfPage":{"@id":"https:\/\/www.organisator.ch\/de\/allgemein\/2021-08-06\/mehrheit-fuer-mehr-e-autos-unterstuetzung-durch-arbeitgeber-gewuenscht\/#primaryimage"},"image":{"@id":"https:\/\/www.organisator.ch\/de\/allgemein\/2021-08-06\/mehrheit-fuer-mehr-e-autos-unterstuetzung-durch-arbeitgeber-gewuenscht\/#primaryimage"},"thumbnailUrl":"https:\/\/www.organisator.ch\/wp-content\/uploads\/2021\/08\/Depositphotos_152869792_s-2019.jpg","datePublished":"2021-08-06T05:30:31+00:00","breadcrumb":{"@id":"https:\/\/www.organisator.ch\/de\/allgemein\/2021-08-06\/mehrheit-fuer-mehr-e-autos-unterstuetzung-durch-arbeitgeber-gewuenscht\/#breadcrumb"},"inLanguage":"en-US","potentialAction":[{"@type":"ReadAction","target":["https:\/\/www.organisator.ch\/de\/allgemein\/2021-08-06\/mehrheit-fuer-mehr-e-autos-unterstuetzung-durch-arbeitgeber-gewuenscht\/"]}]},{"@type":"ImageObject","inLanguage":"en-US","@id":"https:\/\/www.organisator.ch\/de\/allgemein\/2021-08-06\/mehrheit-fuer-mehr-e-autos-unterstuetzung-durch-arbeitgeber-gewuenscht\/#primaryimage","url":"https:\/\/www.organisator.ch\/wp-content\/uploads\/2021\/08\/Depositphotos_152869792_s-2019.jpg","contentUrl":"https:\/\/www.organisator.ch\/wp-content\/uploads\/2021\/08\/Depositphotos_152869792_s-2019.jpg","width":1000,"height":600,"caption":"\u00a9 Depositphotos, Olivier26"},{"@type":"BreadcrumbList","@id":"https:\/\/www.organisator.ch\/de\/allgemein\/2021-08-06\/mehrheit-fuer-mehr-e-autos-unterstuetzung-durch-arbeitgeber-gewuenscht\/#breadcrumb","itemListElement":[{"@type":"ListItem","position":1,"name":"Home","item":"https:\/\/www.organisator.ch\/"},{"@type":"ListItem","position":2,"name":"Mehrheit f\u00fcr mehr E-Autos \u2013 Unterst\u00fctzung durch Arbeitgeber gew\u00fcnscht"}]},{"@type":"WebSite","@id":"https:\/\/www.organisator.ch\/#website","url":"https:\/\/www.organisator.ch\/","name":"Organizer","description":"Competent. Practical. In 10 issues per year, ORGANISATOR presents the essential topics for managers of SMEs.","publisher":{"@id":"https:\/\/www.organisator.ch\/#organization"},"potentialAction":[{"@type":"SearchAction","target":{"@type":"EntryPoint","urlTemplate":"https:\/\/www.organisator.ch\/?s={search_term_string}"},"query-input":{"@type":"PropertyValueSpecification","valueRequired":true,"valueName":"search_term_string"}}],"inLanguage":"en-US"},{"@type":"Organization","@id":"https:\/\/www.organisator.ch\/#organization","name":"Organizer","url":"https:\/\/www.organisator.ch\/","logo":{"@type":"ImageObject","inLanguage":"en-US","@id":"https:\/\/www.organisator.ch\/#\/schema\/logo\/image\/","url":"https:\/\/www.organisator.ch\/wp-content\/uploads\/2022\/01\/Logo_Organisator_Website.png","contentUrl":"https:\/\/www.organisator.ch\/wp-content\/uploads\/2022\/01\/Logo_Organisator_Website.png","width":800,"height":77,"caption":"Organisator"},"image":{"@id":"https:\/\/www.organisator.ch\/#\/schema\/logo\/image\/"},"sameAs":["https:\/\/www.facebook.com\/OrganisatorFachmagazin","https:\/\/www.linkedin.com\/showcase\/organisator-das-magazin-fr-kmu","https:\/\/www.xing.com\/news\/pages\/organisator-ch-695","https:\/\/www.youtube.com\/channel\/UCGP2Sq0iWaZwT3BdIAQFYpw"]},{"@type":"Person","@id":"https:\/\/www.organisator.ch\/#\/schema\/person\/a800b8c54e208b160517a7dcc323161d","name":"roger.straessle","image":{"@type":"ImageObject","inLanguage":"en-US","@id":"https:\/\/secure.gravatar.com\/avatar\/?s=96&d=mm&r=g","url":"https:\/\/secure.gravatar.com\/avatar\/?s=96&d=mm&r=g","contentUrl":"https:\/\/secure.gravatar.com\/avatar\/?s=96&d=mm&r=g","caption":"roger.straessle"},"url":"https:\/\/www.organisator.ch\/en\/author\/roger-straessle\/"}]}},"_links":{"self":[{"href":"https:\/\/www.organisator.ch\/en\/wp-json\/wp\/v2\/posts\/4671","targetHints":{"allow":["GET"]}}],"collection":[{"href":"https:\/\/www.organisator.ch\/en\/wp-json\/wp\/v2\/posts"}],"about":[{"href":"https:\/\/www.organisator.ch\/en\/wp-json\/wp\/v2\/types\/post"}],"author":[{"embeddable":true,"href":"https:\/\/www.organisator.ch\/en\/wp-json\/wp\/v2\/users\/6"}],"replies":[{"embeddable":true,"href":"https:\/\/www.organisator.ch\/en\/wp-json\/wp\/v2\/comments?post=4671"}],"version-history":[{"count":0,"href":"https:\/\/www.organisator.ch\/en\/wp-json\/wp\/v2\/posts\/4671\/revisions"}],"wp:featuredmedia":[{"embeddable":true,"href":"https:\/\/www.organisator.ch\/en\/wp-json\/wp\/v2\/media\/4672"}],"wp:attachment":[{"href":"https:\/\/www.organisator.ch\/en\/wp-json\/wp\/v2\/media?parent=4671"}],"wp:term":[{"taxonomy":"category","embeddable":true,"href":"https:\/\/www.organisator.ch\/en\/wp-json\/wp\/v2\/categories?post=4671"},{"taxonomy":"post_tag","embeddable":true,"href":"https:\/\/www.organisator.ch\/en\/wp-json\/wp\/v2\/tags?post=4671"}],"curies":[{"name":"wp","href":"https:\/\/api.w.org\/{rel}","templated":true}]}}