{"id":4676,"date":"2018-12-13T09:23:41","date_gmt":"2018-12-13T08:23:41","guid":{"rendered":"https:\/\/www.organisator.ch\/?p=4676"},"modified":"2018-12-13T09:23:41","modified_gmt":"2018-12-13T08:23:41","slug":"drei-erp-trends-fuer-2019-die-kmu-beachten-sollten","status":"publish","type":"post","link":"https:\/\/www.organisator.ch\/en\/management\/it\/2018-12-13\/drei-erp-trends-fuer-2019-die-kmu-beachten-sollten\/","title":{"rendered":"Three ERP trends for 2019 that SMBs should watch out for"},"content":{"rendered":"<figure id=\"attachment_4677\" aria-describedby=\"caption-attachment-4677\" style=\"width: 333px\" class=\"wp-caption alignnone\"><img loading=\"lazy\" decoding=\"async\" class=\"size-full wp-image-4677\" src=\"https:\/\/www.organisator.ch\/wp-content\/uploads\/2018\/12\/Drei-ERP-Trends-fuer-2019-die-KMU-beachten-sollten_Organisator.jpg\" alt=\"\" width=\"333\" height=\"358\" srcset=\"https:\/\/www.organisator.ch\/wp-content\/uploads\/2018\/12\/Drei-ERP-Trends-fuer-2019-die-KMU-beachten-sollten_Organisator.jpg 333w, https:\/\/www.organisator.ch\/wp-content\/uploads\/2018\/12\/Drei-ERP-Trends-fuer-2019-die-KMU-beachten-sollten_Organisator-11x12.jpg 11w, https:\/\/www.organisator.ch\/wp-content\/uploads\/2018\/12\/Drei-ERP-Trends-fuer-2019-die-KMU-beachten-sollten_Organisator-163x175.jpg 163w, https:\/\/www.organisator.ch\/wp-content\/uploads\/2018\/12\/Drei-ERP-Trends-fuer-2019-die-KMU-beachten-sollten_Organisator-326x350.jpg 326w, https:\/\/www.organisator.ch\/wp-content\/uploads\/2018\/12\/Drei-ERP-Trends-fuer-2019-die-KMU-beachten-sollten_Organisator-300x323.jpg 300w\" sizes=\"auto, (max-width: 333px) 100vw, 333px\" \/><figcaption id=\"caption-attachment-4677\" class=\"wp-caption-text\">David Lauchenauer, managing director and shareholder of the Myfactory Group, comments on ERP trends for 2019. (Source: Myfactory)<\/figcaption><\/figure>\n<p>David Lauchenauer - Managing Director and shareholder of the Myfactory Group - summarizes which developments SMEs must not miss as follows:<\/p>\n<h2>The perfect pair: ERP and IIOT<\/h2>\n<p>In the coming year, more and more devices, sensors and products will be networked with the Internet. The central platform for the collected data is the ERP system from the cloud. Once stored in the software and meaningfully networked, small and medium-sized enterprises (SMEs) in particular gain an enormous competitive advantage: Whether improved supply chains, support processes or robotic sensors on the factory floor - the <a href=\"https:\/\/erp-hero.agency\/iiot-ready-myfactory-ermoeglicht-automatisierung-im-support\/\">Fusion of IIoT and ERP<\/a> automates business processes and helps with decision-making. To achieve this, however, SMEs need to address the following questions:<\/p>\n<ul>\n<li>Goal: What do I need the data for, what do I want to optimize?<\/li>\n<li>Source: What data do I need and where does it come from?<\/li>\n<li>Interface: How can I integrate the data into my ERP system?<\/li>\n<li>Result: How can I automate processes based on the data?<\/li>\n<li>Responsibility: Who is responsible for the overarching data analysis in the company?<\/li>\n<\/ul>\n<p>Once these questions have been clarified, the ERP system can be selected accordingly or the existing one can be adapted. The most important factors here are the high availability, scalability and flexibility of the solution in order to meet individual requirements today and in the future.<\/p>\n<h2>The next step: ERP and digital marketing<\/h2>\n<p>Social media users will become more and more numerous in the coming years. This has immense implications for marketing in particular, but also for sales and support. ERP systems must therefore be able to integrate direct marketing across multiple social media channels. This is the only way they can help small and medium-sized enterprises remain competitive. As a result, cloud ERP in particular will no longer focus solely on operational business, but increasingly on marketing as well.<\/p>\n<p>The social web is not only relevant for sales and marketing professionals. It is also gaining in importance for other disciplines. In human resources, for example, more and more recruiters are looking directly in social channels for suitable applicants and potential employees. This development must be mapped in the ERP or CRM.<\/p>\n<h2>The ideal complement: ERP and artificial intelligence<\/h2>\n<p>The goal of artificial intelligence (AI) is to let machines make decisions. Whether it's taking evasive action in autonomous driving or shutting down a machine in the event of overheating. The ERP system of the future will take a different approach: In the future, it will no longer be a matter of taking over human decisions, but of supplementing them. The focus will therefore be on technological support for the user. The result can be seen, for example, in systems with which the user interacts - for example the <a href=\"https:\/\/erp-hero.agency\/myfactory-setzt-auf-robotic-process-automation\/\">Chatbot<\/a>. It is first fed with the most important questions and answers. Then the system learns independently on the basis of the information entered in real operation. Especially in the case of software that requires explanation, the user is thus supported without much effort and at any time of the day or night.<\/p>\n<p><em>Source and more information on ERP Trends: <a href=\"https:\/\/www.myfactoryschweiz.ch\/\">Myfactory Software Switzerland AG<\/a><\/em><\/p>","protected":false},"excerpt":{"rendered":"<p>Welche Entwicklungen KMU nicht verpassen d\u00fcrfen, fasst David Lauchenauer \u2013 Gesch\u00e4ftsf\u00fchrer und Gesellschafter der Myfactory Gruppe \u2013 wie folgt zusammen: Das perfekte Paar: ERP und IIOT Auch im n\u00e4chsten Jahr werden immer mehr Ger\u00e4te, Sensoren und Produkte mit dem Internet vernetzt. Die zentrale Plattform f\u00fcr die erhobenen Daten ist das ERP-System aus der Cloud. Einmal [&hellip;]<\/p>\n","protected":false},"author":4,"featured_media":4677,"comment_status":"open","ping_status":"open","sticky":false,"template":"","format":"standard","meta":{"_acf_changed":false,"_yoast_wpseo_focuskw":"ERP-Trends","_yoast_wpseo_metadesc":"In wenigen Wochen ist es soweit: Das neue Jahr bricht heran und bringt wieder neue Entwicklungen mit. Das gilt auch f\u00fcr die ERP-Branche.","articlekey":"","footnotes":""},"categories":[27],"tags":[123,286,288,393,485],"class_list":["post-4676","post","type-post","status-publish","format-standard","has-post-thumbnail","hentry","category-it","tag-cloud-computing","tag-it","tag-it-business-software","tag-produkte","tag-trends"],"acf":[],"yoast_head":"<!-- This site is optimized with the Yoast SEO plugin v27.5 - https:\/\/yoast.com\/product\/yoast-seo-wordpress\/ -->\n<title>Drei ERP-Trends f\u00fcr 2019, die KMU beachten sollten - Organisator<\/title>\n<meta name=\"description\" content=\"In wenigen Wochen ist es soweit: Das neue Jahr bricht heran und bringt wieder neue Entwicklungen mit. Das gilt auch f\u00fcr die ERP-Branche.\" \/>\n<meta name=\"robots\" content=\"index, follow, max-snippet:-1, max-image-preview:large, max-video-preview:-1\" \/>\n<link rel=\"canonical\" href=\"https:\/\/www.organisator.ch\/en\/management\/it\/2018-12-13\/drei-erp-trends-fuer-2019-die-kmu-beachten-sollten\/\" \/>\n<meta property=\"og:locale\" content=\"en_US\" \/>\n<meta property=\"og:type\" content=\"article\" \/>\n<meta property=\"og:title\" content=\"Drei ERP-Trends f\u00fcr 2019, die KMU beachten sollten\" \/>\n<meta property=\"og:description\" content=\"In wenigen Wochen ist es soweit: Das neue Jahr bricht heran und bringt wieder neue Entwicklungen mit. Das gilt auch f\u00fcr die ERP-Branche.\" \/>\n<meta property=\"og:url\" content=\"https:\/\/www.organisator.ch\/en\/management\/it\/2018-12-13\/drei-erp-trends-fuer-2019-die-kmu-beachten-sollten\/\" \/>\n<meta property=\"og:site_name\" content=\"Organisator\" \/>\n<meta property=\"article:publisher\" content=\"https:\/\/www.facebook.com\/OrganisatorFachmagazin\" \/>\n<meta property=\"article:published_time\" content=\"2018-12-13T08:23:41+00:00\" \/>\n<meta property=\"og:image\" content=\"https:\/\/www.organisator.ch\/wp-content\/uploads\/2018\/12\/Drei-ERP-Trends-fuer-2019-die-KMU-beachten-sollten_Organisator.jpg\" \/>\n\t<meta property=\"og:image:width\" content=\"333\" \/>\n\t<meta property=\"og:image:height\" content=\"358\" \/>\n\t<meta property=\"og:image:type\" content=\"image\/jpeg\" \/>\n<meta name=\"author\" content=\"thomas.berner\" \/>\n<meta name=\"twitter:card\" content=\"summary_large_image\" \/>\n<meta name=\"twitter:title\" content=\"Drei #ERP-Trends f\u00fcr 2019, die KMU beachten sollten\" \/>\n<meta name=\"twitter:description\" content=\"In wenigen Wochen ist es soweit: Das neue Jahr bricht heran und bringt wieder neue Entwicklungen mit. Das gilt auch f\u00fcr die ERP-Branche.\" \/>\n<meta name=\"twitter:image\" content=\"https:\/\/www.organisator.ch\/wp-content\/uploads\/2018\/12\/Drei-ERP-Trends-f\u00fcr-2019-die-KMU-beachten-sollten_Organisator.jpg\" \/>\n<script type=\"application\/ld+json\" class=\"yoast-schema-graph\">{\"@context\":\"https:\\\/\\\/schema.org\",\"@graph\":[{\"@type\":\"Article\",\"@id\":\"https:\\\/\\\/www.organisator.ch\\\/management\\\/it\\\/2018-12-13\\\/drei-erp-trends-fuer-2019-die-kmu-beachten-sollten\\\/#article\",\"isPartOf\":{\"@id\":\"https:\\\/\\\/www.organisator.ch\\\/management\\\/it\\\/2018-12-13\\\/drei-erp-trends-fuer-2019-die-kmu-beachten-sollten\\\/\"},\"author\":{\"name\":\"thomas.berner\",\"@id\":\"https:\\\/\\\/www.organisator.ch\\\/#\\\/schema\\\/person\\\/6f650f90b2842cd4c0cc334b4e36f67e\"},\"headline\":\"Drei ERP-Trends f\u00fcr 2019, die KMU beachten sollten\",\"datePublished\":\"2018-12-13T08:23:41+00:00\",\"mainEntityOfPage\":{\"@id\":\"https:\\\/\\\/www.organisator.ch\\\/management\\\/it\\\/2018-12-13\\\/drei-erp-trends-fuer-2019-die-kmu-beachten-sollten\\\/\"},\"wordCount\":528,\"commentCount\":0,\"publisher\":{\"@id\":\"https:\\\/\\\/www.organisator.ch\\\/#organization\"},\"image\":{\"@id\":\"https:\\\/\\\/www.organisator.ch\\\/management\\\/it\\\/2018-12-13\\\/drei-erp-trends-fuer-2019-die-kmu-beachten-sollten\\\/#primaryimage\"},\"thumbnailUrl\":\"https:\\\/\\\/www.organisator.ch\\\/wp-content\\\/uploads\\\/2018\\\/12\\\/Drei-ERP-Trends-fuer-2019-die-KMU-beachten-sollten_Organisator.jpg\",\"keywords\":[\"Cloud Computing\",\"IT\",\"IT &amp; Business Software\",\"Produkte\",\"Trends\"],\"articleSection\":[\"IT\"],\"inLanguage\":\"en-US\"},{\"@type\":\"WebPage\",\"@id\":\"https:\\\/\\\/www.organisator.ch\\\/management\\\/it\\\/2018-12-13\\\/drei-erp-trends-fuer-2019-die-kmu-beachten-sollten\\\/\",\"url\":\"https:\\\/\\\/www.organisator.ch\\\/management\\\/it\\\/2018-12-13\\\/drei-erp-trends-fuer-2019-die-kmu-beachten-sollten\\\/\",\"name\":\"Drei ERP-Trends f\u00fcr 2019, die KMU beachten sollten - Organisator\",\"isPartOf\":{\"@id\":\"https:\\\/\\\/www.organisator.ch\\\/#website\"},\"primaryImageOfPage\":{\"@id\":\"https:\\\/\\\/www.organisator.ch\\\/management\\\/it\\\/2018-12-13\\\/drei-erp-trends-fuer-2019-die-kmu-beachten-sollten\\\/#primaryimage\"},\"image\":{\"@id\":\"https:\\\/\\\/www.organisator.ch\\\/management\\\/it\\\/2018-12-13\\\/drei-erp-trends-fuer-2019-die-kmu-beachten-sollten\\\/#primaryimage\"},\"thumbnailUrl\":\"https:\\\/\\\/www.organisator.ch\\\/wp-content\\\/uploads\\\/2018\\\/12\\\/Drei-ERP-Trends-fuer-2019-die-KMU-beachten-sollten_Organisator.jpg\",\"datePublished\":\"2018-12-13T08:23:41+00:00\",\"description\":\"In wenigen Wochen ist es soweit: Das neue Jahr bricht heran und bringt wieder neue Entwicklungen mit. Das gilt auch f\u00fcr die ERP-Branche.\",\"breadcrumb\":{\"@id\":\"https:\\\/\\\/www.organisator.ch\\\/management\\\/it\\\/2018-12-13\\\/drei-erp-trends-fuer-2019-die-kmu-beachten-sollten\\\/#breadcrumb\"},\"inLanguage\":\"en-US\",\"potentialAction\":[{\"@type\":\"ReadAction\",\"target\":[\"https:\\\/\\\/www.organisator.ch\\\/management\\\/it\\\/2018-12-13\\\/drei-erp-trends-fuer-2019-die-kmu-beachten-sollten\\\/\"]}]},{\"@type\":\"ImageObject\",\"inLanguage\":\"en-US\",\"@id\":\"https:\\\/\\\/www.organisator.ch\\\/management\\\/it\\\/2018-12-13\\\/drei-erp-trends-fuer-2019-die-kmu-beachten-sollten\\\/#primaryimage\",\"url\":\"https:\\\/\\\/www.organisator.ch\\\/wp-content\\\/uploads\\\/2018\\\/12\\\/Drei-ERP-Trends-fuer-2019-die-KMU-beachten-sollten_Organisator.jpg\",\"contentUrl\":\"https:\\\/\\\/www.organisator.ch\\\/wp-content\\\/uploads\\\/2018\\\/12\\\/Drei-ERP-Trends-fuer-2019-die-KMU-beachten-sollten_Organisator.jpg\",\"width\":333,\"height\":358,\"caption\":\"David Lauchenauer, Gesch\u00e4ftsf\u00fchrer und Gesellschafter der Myfactory Gruppe. (Quelle: Myfactory)\"},{\"@type\":\"BreadcrumbList\",\"@id\":\"https:\\\/\\\/www.organisator.ch\\\/management\\\/it\\\/2018-12-13\\\/drei-erp-trends-fuer-2019-die-kmu-beachten-sollten\\\/#breadcrumb\",\"itemListElement\":[{\"@type\":\"ListItem\",\"position\":1,\"name\":\"Home\",\"item\":\"https:\\\/\\\/www.organisator.ch\\\/\"},{\"@type\":\"ListItem\",\"position\":2,\"name\":\"Drei ERP-Trends f\u00fcr 2019, die KMU beachten sollten\"}]},{\"@type\":\"WebSite\",\"@id\":\"https:\\\/\\\/www.organisator.ch\\\/#website\",\"url\":\"https:\\\/\\\/www.organisator.ch\\\/\",\"name\":\"Organisator\",\"description\":\"Kompetent. Praxisnah. Der ORGANISATOR bereitet in 10 Ausgaben pro Jahr die wesentlichen Themen f\u00fcr F\u00fchrungskr\u00e4fte von KMU auf.\",\"publisher\":{\"@id\":\"https:\\\/\\\/www.organisator.ch\\\/#organization\"},\"potentialAction\":[{\"@type\":\"SearchAction\",\"target\":{\"@type\":\"EntryPoint\",\"urlTemplate\":\"https:\\\/\\\/www.organisator.ch\\\/?s={search_term_string}\"},\"query-input\":{\"@type\":\"PropertyValueSpecification\",\"valueRequired\":true,\"valueName\":\"search_term_string\"}}],\"inLanguage\":\"en-US\"},{\"@type\":\"Organization\",\"@id\":\"https:\\\/\\\/www.organisator.ch\\\/#organization\",\"name\":\"Organisator\",\"url\":\"https:\\\/\\\/www.organisator.ch\\\/\",\"logo\":{\"@type\":\"ImageObject\",\"inLanguage\":\"en-US\",\"@id\":\"https:\\\/\\\/www.organisator.ch\\\/#\\\/schema\\\/logo\\\/image\\\/\",\"url\":\"https:\\\/\\\/www.organisator.ch\\\/wp-content\\\/uploads\\\/2022\\\/01\\\/Logo_Organisator_Website.png\",\"contentUrl\":\"https:\\\/\\\/www.organisator.ch\\\/wp-content\\\/uploads\\\/2022\\\/01\\\/Logo_Organisator_Website.png\",\"width\":800,\"height\":77,\"caption\":\"Organisator\"},\"image\":{\"@id\":\"https:\\\/\\\/www.organisator.ch\\\/#\\\/schema\\\/logo\\\/image\\\/\"},\"sameAs\":[\"https:\\\/\\\/www.facebook.com\\\/OrganisatorFachmagazin\",\"https:\\\/\\\/www.linkedin.com\\\/showcase\\\/organisator-das-magazin-fr-kmu\",\"https:\\\/\\\/www.xing.com\\\/news\\\/pages\\\/organisator-ch-695\",\"https:\\\/\\\/www.youtube.com\\\/channel\\\/UCGP2Sq0iWaZwT3BdIAQFYpw\"]},{\"@type\":\"Person\",\"@id\":\"https:\\\/\\\/www.organisator.ch\\\/#\\\/schema\\\/person\\\/6f650f90b2842cd4c0cc334b4e36f67e\",\"name\":\"thomas.berner\",\"image\":{\"@type\":\"ImageObject\",\"inLanguage\":\"en-US\",\"@id\":\"https:\\\/\\\/secure.gravatar.com\\\/avatar\\\/ac5001d2a36cb6c6cd3e50789007ffca834b477b74a2144564522e944eabff61?s=96&d=mm&r=g\",\"url\":\"https:\\\/\\\/secure.gravatar.com\\\/avatar\\\/ac5001d2a36cb6c6cd3e50789007ffca834b477b74a2144564522e944eabff61?s=96&d=mm&r=g\",\"contentUrl\":\"https:\\\/\\\/secure.gravatar.com\\\/avatar\\\/ac5001d2a36cb6c6cd3e50789007ffca834b477b74a2144564522e944eabff61?s=96&d=mm&r=g\",\"caption\":\"thomas.berner\"},\"url\":\"https:\\\/\\\/www.organisator.ch\\\/en\\\/author\\\/thomas-berner\\\/\"}]}<\/script>\n<!-- \/ Yoast SEO plugin. -->","yoast_head_json":{"title":"Three ERP trends for 2019 that SMEs should watch out for - Organizer","description":"In just a few weeks, it will be time for the new year to dawn, bringing with it new developments. This also applies to the ERP industry.","robots":{"index":"index","follow":"follow","max-snippet":"max-snippet:-1","max-image-preview":"max-image-preview:large","max-video-preview":"max-video-preview:-1"},"canonical":"https:\/\/www.organisator.ch\/en\/management\/it\/2018-12-13\/drei-erp-trends-fuer-2019-die-kmu-beachten-sollten\/","og_locale":"en_US","og_type":"article","og_title":"Drei ERP-Trends f\u00fcr 2019, die KMU beachten sollten","og_description":"In wenigen Wochen ist es soweit: Das neue Jahr bricht heran und bringt wieder neue Entwicklungen mit. Das gilt auch f\u00fcr die ERP-Branche.","og_url":"https:\/\/www.organisator.ch\/en\/management\/it\/2018-12-13\/drei-erp-trends-fuer-2019-die-kmu-beachten-sollten\/","og_site_name":"Organisator","article_publisher":"https:\/\/www.facebook.com\/OrganisatorFachmagazin","article_published_time":"2018-12-13T08:23:41+00:00","og_image":[{"width":333,"height":358,"url":"https:\/\/www.organisator.ch\/wp-content\/uploads\/2018\/12\/Drei-ERP-Trends-fuer-2019-die-KMU-beachten-sollten_Organisator.jpg","type":"image\/jpeg"}],"author":"thomas.berner","twitter_card":"summary_large_image","twitter_title":"Drei #ERP-Trends f\u00fcr 2019, die KMU beachten sollten","twitter_description":"In wenigen Wochen ist es soweit: Das neue Jahr bricht heran und bringt wieder neue Entwicklungen mit. Das gilt auch f\u00fcr die ERP-Branche.","twitter_image":"https:\/\/www.organisator.ch\/wp-content\/uploads\/2018\/12\/Drei-ERP-Trends-f\u00fcr-2019-die-KMU-beachten-sollten_Organisator.jpg","schema":{"@context":"https:\/\/schema.org","@graph":[{"@type":"Article","@id":"https:\/\/www.organisator.ch\/management\/it\/2018-12-13\/drei-erp-trends-fuer-2019-die-kmu-beachten-sollten\/#article","isPartOf":{"@id":"https:\/\/www.organisator.ch\/management\/it\/2018-12-13\/drei-erp-trends-fuer-2019-die-kmu-beachten-sollten\/"},"author":{"name":"thomas.berner","@id":"https:\/\/www.organisator.ch\/#\/schema\/person\/6f650f90b2842cd4c0cc334b4e36f67e"},"headline":"Drei ERP-Trends f\u00fcr 2019, die KMU beachten sollten","datePublished":"2018-12-13T08:23:41+00:00","mainEntityOfPage":{"@id":"https:\/\/www.organisator.ch\/management\/it\/2018-12-13\/drei-erp-trends-fuer-2019-die-kmu-beachten-sollten\/"},"wordCount":528,"commentCount":0,"publisher":{"@id":"https:\/\/www.organisator.ch\/#organization"},"image":{"@id":"https:\/\/www.organisator.ch\/management\/it\/2018-12-13\/drei-erp-trends-fuer-2019-die-kmu-beachten-sollten\/#primaryimage"},"thumbnailUrl":"https:\/\/www.organisator.ch\/wp-content\/uploads\/2018\/12\/Drei-ERP-Trends-fuer-2019-die-KMU-beachten-sollten_Organisator.jpg","keywords":["Cloud Computing","IT","IT &amp; Business Software","Produkte","Trends"],"articleSection":["IT"],"inLanguage":"en-US"},{"@type":"WebPage","@id":"https:\/\/www.organisator.ch\/management\/it\/2018-12-13\/drei-erp-trends-fuer-2019-die-kmu-beachten-sollten\/","url":"https:\/\/www.organisator.ch\/management\/it\/2018-12-13\/drei-erp-trends-fuer-2019-die-kmu-beachten-sollten\/","name":"Three ERP trends for 2019 that SMEs should watch out for - Organizer","isPartOf":{"@id":"https:\/\/www.organisator.ch\/#website"},"primaryImageOfPage":{"@id":"https:\/\/www.organisator.ch\/management\/it\/2018-12-13\/drei-erp-trends-fuer-2019-die-kmu-beachten-sollten\/#primaryimage"},"image":{"@id":"https:\/\/www.organisator.ch\/management\/it\/2018-12-13\/drei-erp-trends-fuer-2019-die-kmu-beachten-sollten\/#primaryimage"},"thumbnailUrl":"https:\/\/www.organisator.ch\/wp-content\/uploads\/2018\/12\/Drei-ERP-Trends-fuer-2019-die-KMU-beachten-sollten_Organisator.jpg","datePublished":"2018-12-13T08:23:41+00:00","description":"In just a few weeks, it will be time for the new year to dawn, bringing with it new developments. This also applies to the ERP industry.","breadcrumb":{"@id":"https:\/\/www.organisator.ch\/management\/it\/2018-12-13\/drei-erp-trends-fuer-2019-die-kmu-beachten-sollten\/#breadcrumb"},"inLanguage":"en-US","potentialAction":[{"@type":"ReadAction","target":["https:\/\/www.organisator.ch\/management\/it\/2018-12-13\/drei-erp-trends-fuer-2019-die-kmu-beachten-sollten\/"]}]},{"@type":"ImageObject","inLanguage":"en-US","@id":"https:\/\/www.organisator.ch\/management\/it\/2018-12-13\/drei-erp-trends-fuer-2019-die-kmu-beachten-sollten\/#primaryimage","url":"https:\/\/www.organisator.ch\/wp-content\/uploads\/2018\/12\/Drei-ERP-Trends-fuer-2019-die-KMU-beachten-sollten_Organisator.jpg","contentUrl":"https:\/\/www.organisator.ch\/wp-content\/uploads\/2018\/12\/Drei-ERP-Trends-fuer-2019-die-KMU-beachten-sollten_Organisator.jpg","width":333,"height":358,"caption":"David Lauchenauer, Gesch\u00e4ftsf\u00fchrer und Gesellschafter der Myfactory Gruppe. (Quelle: Myfactory)"},{"@type":"BreadcrumbList","@id":"https:\/\/www.organisator.ch\/management\/it\/2018-12-13\/drei-erp-trends-fuer-2019-die-kmu-beachten-sollten\/#breadcrumb","itemListElement":[{"@type":"ListItem","position":1,"name":"Home","item":"https:\/\/www.organisator.ch\/"},{"@type":"ListItem","position":2,"name":"Drei ERP-Trends f\u00fcr 2019, die KMU beachten sollten"}]},{"@type":"WebSite","@id":"https:\/\/www.organisator.ch\/#website","url":"https:\/\/www.organisator.ch\/","name":"Organizer","description":"Competent. Practical. In 10 issues per year, ORGANISATOR presents the essential topics for managers of SMEs.","publisher":{"@id":"https:\/\/www.organisator.ch\/#organization"},"potentialAction":[{"@type":"SearchAction","target":{"@type":"EntryPoint","urlTemplate":"https:\/\/www.organisator.ch\/?s={search_term_string}"},"query-input":{"@type":"PropertyValueSpecification","valueRequired":true,"valueName":"search_term_string"}}],"inLanguage":"en-US"},{"@type":"Organization","@id":"https:\/\/www.organisator.ch\/#organization","name":"Organizer","url":"https:\/\/www.organisator.ch\/","logo":{"@type":"ImageObject","inLanguage":"en-US","@id":"https:\/\/www.organisator.ch\/#\/schema\/logo\/image\/","url":"https:\/\/www.organisator.ch\/wp-content\/uploads\/2022\/01\/Logo_Organisator_Website.png","contentUrl":"https:\/\/www.organisator.ch\/wp-content\/uploads\/2022\/01\/Logo_Organisator_Website.png","width":800,"height":77,"caption":"Organisator"},"image":{"@id":"https:\/\/www.organisator.ch\/#\/schema\/logo\/image\/"},"sameAs":["https:\/\/www.facebook.com\/OrganisatorFachmagazin","https:\/\/www.linkedin.com\/showcase\/organisator-das-magazin-fr-kmu","https:\/\/www.xing.com\/news\/pages\/organisator-ch-695","https:\/\/www.youtube.com\/channel\/UCGP2Sq0iWaZwT3BdIAQFYpw"]},{"@type":"Person","@id":"https:\/\/www.organisator.ch\/#\/schema\/person\/6f650f90b2842cd4c0cc334b4e36f67e","name":"thomas.berner","image":{"@type":"ImageObject","inLanguage":"en-US","@id":"https:\/\/secure.gravatar.com\/avatar\/ac5001d2a36cb6c6cd3e50789007ffca834b477b74a2144564522e944eabff61?s=96&d=mm&r=g","url":"https:\/\/secure.gravatar.com\/avatar\/ac5001d2a36cb6c6cd3e50789007ffca834b477b74a2144564522e944eabff61?s=96&d=mm&r=g","contentUrl":"https:\/\/secure.gravatar.com\/avatar\/ac5001d2a36cb6c6cd3e50789007ffca834b477b74a2144564522e944eabff61?s=96&d=mm&r=g","caption":"thomas.berner"},"url":"https:\/\/www.organisator.ch\/en\/author\/thomas-berner\/"}]}},"_links":{"self":[{"href":"https:\/\/www.organisator.ch\/en\/wp-json\/wp\/v2\/posts\/4676","targetHints":{"allow":["GET"]}}],"collection":[{"href":"https:\/\/www.organisator.ch\/en\/wp-json\/wp\/v2\/posts"}],"about":[{"href":"https:\/\/www.organisator.ch\/en\/wp-json\/wp\/v2\/types\/post"}],"author":[{"embeddable":true,"href":"https:\/\/www.organisator.ch\/en\/wp-json\/wp\/v2\/users\/4"}],"replies":[{"embeddable":true,"href":"https:\/\/www.organisator.ch\/en\/wp-json\/wp\/v2\/comments?post=4676"}],"version-history":[{"count":0,"href":"https:\/\/www.organisator.ch\/en\/wp-json\/wp\/v2\/posts\/4676\/revisions"}],"wp:featuredmedia":[{"embeddable":true,"href":"https:\/\/www.organisator.ch\/en\/wp-json\/wp\/v2\/media\/4677"}],"wp:attachment":[{"href":"https:\/\/www.organisator.ch\/en\/wp-json\/wp\/v2\/media?parent=4676"}],"wp:term":[{"taxonomy":"category","embeddable":true,"href":"https:\/\/www.organisator.ch\/en\/wp-json\/wp\/v2\/categories?post=4676"},{"taxonomy":"post_tag","embeddable":true,"href":"https:\/\/www.organisator.ch\/en\/wp-json\/wp\/v2\/tags?post=4676"}],"curies":[{"name":"wp","href":"https:\/\/api.w.org\/{rel}","templated":true}]}}