{"id":468,"date":"2016-08-18T17:07:37","date_gmt":"2016-08-18T15:07:37","guid":{"rendered":"https:\/\/dev.umweltperspektiven.ch\/?p=468"},"modified":"2022-02-09T11:06:23","modified_gmt":"2022-02-09T10:06:23","slug":"fracking-und-erdoel-auf-dem-vormarsch","status":"publish","type":"post","link":"https:\/\/www.organisator.ch\/en\/sustainability\/2016-08-18\/fracking-und-erdoel-auf-dem-vormarsch\/","title":{"rendered":"Fracking and oil on the rise"},"content":{"rendered":"<figure id=\"attachment_469\" aria-describedby=\"caption-attachment-469\" style=\"width: 680px\" class=\"wp-caption alignnone\"><a href=\"\/\/dev.umweltperspektiven.ch\/wp-content\/uploads\/2016\/12\/Fracking-und-Erd\u00f6l-auf-dem-Vormarsch-umweltperspektiven1.jpg\"><img loading=\"lazy\" decoding=\"async\" class=\"size-medium wp-image-469\" src=\"\/\/dev.umweltperspektiven.ch\/wp-content\/uploads\/2016\/12\/Fracking-und-Erd\u00f6l-auf-dem-Vormarsch-umweltperspektiven1.jpg\" alt=\"Fracking is still on the rise, here in the US state of Wyoming\" width=\"680\" height=\"647\" \/><\/a><figcaption id=\"caption-attachment-469\" class=\"wp-caption-text\">Fracking is still on the rise, here in the US state of Wyoming<\/figcaption><\/figure>\n<p>Global energy consumption is growing again in 2015, but by a comparatively small 0.4%.<\/p>\n<p>Figures from energy company BP show that oil production continues to rise, up 3.2% or 133 million tons in 2015. The increase is mainly due to petroleum extracted using fracking methods and the environmentally damaging exploitation of the Canadian oil sands. The USA, Iraq, Saudi Arabia and the United Arab Emirates in particular participated in this growth. Because oil consumption in the USA also continued to rise in 2015, this country remains the largest importer of crude oil.<\/p>\n<p>World natural gas production also increased; slightly larger than in the previous year at 2.2% or 69.3 million t of oil equivalents. Fracked gas from the USA was responsible for more than half of this increase (+ 36.2 million t); Iran also made significant gains. In the case of natural gas, there is still no sign of an end to the fracking boom.<\/p>\n<p><strong>Coal declining<\/strong><\/p>\n<p>For more than 20 years, until 2013, the production of coal had increased very strongly, driven mainly by the accelerated mining of China, which is responsible for about half of the global production and consumption. The first significant decline in coal production was already seen in 2014, to the tune of 27.9 million tons of oil equivalent.<\/p>\n<p>In 2015, the shortfall in production now amounted to 158.8 million tons ( - 4.0%), mainly due to production declines in the USA, Indonesia and China. China's consumption of coal was also down in 2015, yet China consumes 50% of the world's share and shows production levels that are below consumption. This country is apparently making an effort to reduce coal production somewhat for environmental reasons, in exchange for which it is increasing its oil and natural gas production and is also leading the world in the production of solar energy.<\/p>\n<p>If the decline in fracking in the USA, which has already been forecast on various occasions, actually materializes, it is to be feared that coal production will be ramped up again to compensate.<\/p>\n<p>The development of the percentage shares of the individual energy sources in the total world production has slightly modified in 2015 only within the framework of the already mentioned trends. The share of fossil energy sources (production figures) has decreased by 0.4%.<\/p>\n<figure id=\"attachment_470\" aria-describedby=\"caption-attachment-470\" style=\"width: 680px\" class=\"wp-caption alignnone\"><a href=\"\/\/dev.umweltperspektiven.ch\/wp-content\/uploads\/2016\/12\/Fracking-und-Erd\u00f6l-auf-dem-Vormarsch-umweltperspektiven2.jpg\"><img loading=\"lazy\" decoding=\"async\" class=\"size-medium wp-image-470\" src=\"\/\/dev.umweltperspektiven.ch\/wp-content\/uploads\/2016\/12\/Fracking-und-Erd\u00f6l-auf-dem-Vormarsch-umweltperspektiven2.jpg\" alt=\"Unbroken trend: Coal production is shrinking, while natural gas and crude oil continue to rise. (Graphic: Jenni Energietechnik)\" width=\"680\" height=\"947\" \/><\/a><figcaption id=\"caption-attachment-470\" class=\"wp-caption-text\">Unbroken trend: Coal production is shrinking, while natural gas and crude oil continue to rise. (Graphic: Jenni Energietechnik)<\/figcaption><\/figure>\n<p><strong>Peak Gas looms<\/strong><\/p>\n<p>Josef Jenni, Managing Director at <a href=\"http:\/\/jenni.ch\/\" target=\"_blank\" rel=\"noreferrer noopener\" data-cke-saved-href=\"\/\/jenni.ch\/\">Jenni Power Engineering<\/a>, together with political scientist Christian Moser, has analyzed the figures. As they write in their media release, the new production maxima should by no means allow the conclusion that fossil energy sources will continue to be available without danger. The experts cite four reasons for this:<\/p>\n<ul>\n<li>Peak oil cannot be avoided, and its delay due to fracking and forced, also politically conditioned production by individual producer states will not last;<\/li>\n<li>peak gas also looms in the medium term, because it is very questionable whether the production increase in the USA, due to the fracking boom, will last long, because the new wells could be exhausted very quickly;<\/li>\n<li>the reported reserves for fossil fuels have changed only marginally;<\/li>\n<li>Despite larger reserves, even a renewed increase in coal production will not be able to compensate for possible declines in the production of other fossil fuels and to satisfy a further increase in demand.<\/li>\n<\/ul>\n<p>At the same time, Jenni and Moser see a shrinking role for fossil fuels in the future. This is due to the excessively high prices of fracking technology, a production volume that can hardly be increased any more, and the increasing CO2 input into the atmosphere.<\/p>","protected":false},"excerpt":{"rendered":"<p>Der weltweite Energiekonsum w\u00e4chst auch im Jahr 2015 wieder an, allerdings um vergleichsweise geringe 0,4%. Die Zahlen des Energiekonzerns BP zeigen auf, dass die Erd\u00f6lf\u00f6rderung weiter ansteigt, 2015 um 3,2% oder 133 Millionen Tonnen. Die Zunahme ist haupts\u00e4chlich auf Erd\u00f6l zur\u00fcckzuf\u00fchren, das mit Frackingverfahren und der umweltbelastenden Ausbeutung der Kanadischen \u00d6lsande gewonnen wird.\u00a0An diesem Wachstum [&hellip;]<\/p>\n","protected":false},"author":1,"featured_media":9406,"comment_status":"open","ping_status":"open","sticky":false,"template":"","format":"standard","meta":{"_acf_changed":false,"_yoast_wpseo_focuskw":"Fracking","_yoast_wpseo_metadesc":"Im Jahr 2015 wurden weltweit erneut mehr Erd\u00f6l und Erdgas gef\u00f6rdert. Die Kohlef\u00f6rderung ist hingegen im zweiten aufeinanderfolgenden Jahr r\u00fcckl\u00e4ufig.","articlekey":"","footnotes":""},"categories":[580],"tags":[867,1091,1111,1113,1229,1462],"class_list":["post-468","post","type-post","status-publish","format-standard","has-post-thumbnail","hentry","category-sustainability","tag-bp","tag-energieverbrauch","tag-erdgas","tag-erdoel","tag-fracking","tag-jenni-energietechnik"],"acf":[],"yoast_head":"<!-- This site is optimized with the Yoast SEO plugin v27.5 - https:\/\/yoast.com\/product\/yoast-seo-wordpress\/ -->\n<title>Fracking und Erd\u00f6l auf dem Vormarsch - Organisator<\/title>\n<meta name=\"description\" content=\"Im Jahr 2015 wurden weltweit erneut mehr Erd\u00f6l und Erdgas gef\u00f6rdert. Die Kohlef\u00f6rderung ist hingegen im zweiten aufeinanderfolgenden Jahr r\u00fcckl\u00e4ufig.\" \/>\n<meta name=\"robots\" content=\"index, follow, max-snippet:-1, max-image-preview:large, max-video-preview:-1\" \/>\n<link rel=\"canonical\" href=\"https:\/\/www.organisator.ch\/en\/sustainability\/2016-08-18\/fracking-und-erdoel-auf-dem-vormarsch\/\" \/>\n<meta property=\"og:locale\" content=\"en_US\" \/>\n<meta property=\"og:type\" content=\"article\" \/>\n<meta property=\"og:title\" content=\"Fracking und Erd\u00f6l auf dem Vormarsch - Organisator\" \/>\n<meta property=\"og:description\" content=\"Im Jahr 2015 wurden weltweit erneut mehr Erd\u00f6l und Erdgas gef\u00f6rdert. Die Kohlef\u00f6rderung ist hingegen im zweiten aufeinanderfolgenden Jahr r\u00fcckl\u00e4ufig.\" \/>\n<meta property=\"og:url\" content=\"https:\/\/www.organisator.ch\/en\/sustainability\/2016-08-18\/fracking-und-erdoel-auf-dem-vormarsch\/\" \/>\n<meta property=\"og:site_name\" content=\"Organisator\" \/>\n<meta property=\"article:publisher\" content=\"https:\/\/www.facebook.com\/OrganisatorFachmagazin\" \/>\n<meta property=\"article:published_time\" content=\"2016-08-18T15:07:37+00:00\" \/>\n<meta property=\"article:modified_time\" content=\"2022-02-09T10:06:23+00:00\" \/>\n<meta property=\"og:image\" content=\"https:\/\/www.organisator.ch\/wp-content\/uploads\/2016\/12\/Fracking-und-Erdoel-auf-dem-Vormarsch-umweltperspektiven1.jpg\" \/>\n\t<meta property=\"og:image:width\" content=\"1530\" \/>\n\t<meta property=\"og:image:height\" content=\"1456\" \/>\n\t<meta property=\"og:image:type\" content=\"image\/jpeg\" \/>\n<meta name=\"author\" content=\"admin\" \/>\n<meta name=\"twitter:card\" content=\"summary_large_image\" \/>\n<script type=\"application\/ld+json\" class=\"yoast-schema-graph\">{\"@context\":\"https:\\\/\\\/schema.org\",\"@graph\":[{\"@type\":\"Article\",\"@id\":\"https:\\\/\\\/www.organisator.ch\\\/sustainability\\\/2016-08-18\\\/fracking-und-erdoel-auf-dem-vormarsch\\\/#article\",\"isPartOf\":{\"@id\":\"https:\\\/\\\/www.organisator.ch\\\/sustainability\\\/2016-08-18\\\/fracking-und-erdoel-auf-dem-vormarsch\\\/\"},\"author\":{\"name\":\"admin\",\"@id\":\"https:\\\/\\\/www.organisator.ch\\\/#\\\/schema\\\/person\\\/aa2bace6c5c5aad60102004a50c4eb1c\"},\"headline\":\"Fracking und Erd\u00f6l auf dem Vormarsch\",\"datePublished\":\"2016-08-18T15:07:37+00:00\",\"dateModified\":\"2022-02-09T10:06:23+00:00\",\"mainEntityOfPage\":{\"@id\":\"https:\\\/\\\/www.organisator.ch\\\/sustainability\\\/2016-08-18\\\/fracking-und-erdoel-auf-dem-vormarsch\\\/\"},\"wordCount\":615,\"commentCount\":0,\"publisher\":{\"@id\":\"https:\\\/\\\/www.organisator.ch\\\/#organization\"},\"image\":{\"@id\":\"https:\\\/\\\/www.organisator.ch\\\/sustainability\\\/2016-08-18\\\/fracking-und-erdoel-auf-dem-vormarsch\\\/#primaryimage\"},\"thumbnailUrl\":\"https:\\\/\\\/www.organisator.ch\\\/wp-content\\\/uploads\\\/2016\\\/12\\\/Fracking-und-Erdoel-auf-dem-Vormarsch-umweltperspektiven1.jpg\",\"keywords\":[\"BP\",\"Energieverbrauch\",\"Erdgas\",\"Erd\u00f6l\",\"Fracking\",\"Jenni Energietechnik\"],\"articleSection\":[\"SUSTAINABILITY\"],\"inLanguage\":\"en-US\"},{\"@type\":\"WebPage\",\"@id\":\"https:\\\/\\\/www.organisator.ch\\\/sustainability\\\/2016-08-18\\\/fracking-und-erdoel-auf-dem-vormarsch\\\/\",\"url\":\"https:\\\/\\\/www.organisator.ch\\\/sustainability\\\/2016-08-18\\\/fracking-und-erdoel-auf-dem-vormarsch\\\/\",\"name\":\"Fracking und Erd\u00f6l auf dem Vormarsch - Organisator\",\"isPartOf\":{\"@id\":\"https:\\\/\\\/www.organisator.ch\\\/#website\"},\"primaryImageOfPage\":{\"@id\":\"https:\\\/\\\/www.organisator.ch\\\/sustainability\\\/2016-08-18\\\/fracking-und-erdoel-auf-dem-vormarsch\\\/#primaryimage\"},\"image\":{\"@id\":\"https:\\\/\\\/www.organisator.ch\\\/sustainability\\\/2016-08-18\\\/fracking-und-erdoel-auf-dem-vormarsch\\\/#primaryimage\"},\"thumbnailUrl\":\"https:\\\/\\\/www.organisator.ch\\\/wp-content\\\/uploads\\\/2016\\\/12\\\/Fracking-und-Erdoel-auf-dem-Vormarsch-umweltperspektiven1.jpg\",\"datePublished\":\"2016-08-18T15:07:37+00:00\",\"dateModified\":\"2022-02-09T10:06:23+00:00\",\"description\":\"Im Jahr 2015 wurden weltweit erneut mehr Erd\u00f6l und Erdgas gef\u00f6rdert. Die Kohlef\u00f6rderung ist hingegen im zweiten aufeinanderfolgenden Jahr r\u00fcckl\u00e4ufig.\",\"breadcrumb\":{\"@id\":\"https:\\\/\\\/www.organisator.ch\\\/sustainability\\\/2016-08-18\\\/fracking-und-erdoel-auf-dem-vormarsch\\\/#breadcrumb\"},\"inLanguage\":\"en-US\",\"potentialAction\":[{\"@type\":\"ReadAction\",\"target\":[\"https:\\\/\\\/www.organisator.ch\\\/sustainability\\\/2016-08-18\\\/fracking-und-erdoel-auf-dem-vormarsch\\\/\"]}]},{\"@type\":\"ImageObject\",\"inLanguage\":\"en-US\",\"@id\":\"https:\\\/\\\/www.organisator.ch\\\/sustainability\\\/2016-08-18\\\/fracking-und-erdoel-auf-dem-vormarsch\\\/#primaryimage\",\"url\":\"https:\\\/\\\/www.organisator.ch\\\/wp-content\\\/uploads\\\/2016\\\/12\\\/Fracking-und-Erdoel-auf-dem-Vormarsch-umweltperspektiven1.jpg\",\"contentUrl\":\"https:\\\/\\\/www.organisator.ch\\\/wp-content\\\/uploads\\\/2016\\\/12\\\/Fracking-und-Erdoel-auf-dem-Vormarsch-umweltperspektiven1.jpg\",\"width\":1530,\"height\":1456,\"caption\":\"Fracking ist weiter im Aufwind, hier im US-Bundesstaat Wyoming\"},{\"@type\":\"BreadcrumbList\",\"@id\":\"https:\\\/\\\/www.organisator.ch\\\/sustainability\\\/2016-08-18\\\/fracking-und-erdoel-auf-dem-vormarsch\\\/#breadcrumb\",\"itemListElement\":[{\"@type\":\"ListItem\",\"position\":1,\"name\":\"Home\",\"item\":\"https:\\\/\\\/www.organisator.ch\\\/\"},{\"@type\":\"ListItem\",\"position\":2,\"name\":\"Fracking und Erd\u00f6l auf dem Vormarsch\"}]},{\"@type\":\"WebSite\",\"@id\":\"https:\\\/\\\/www.organisator.ch\\\/#website\",\"url\":\"https:\\\/\\\/www.organisator.ch\\\/\",\"name\":\"Organisator\",\"description\":\"Kompetent. Praxisnah. Der ORGANISATOR bereitet in 10 Ausgaben pro Jahr die wesentlichen Themen f\u00fcr F\u00fchrungskr\u00e4fte von KMU auf.\",\"publisher\":{\"@id\":\"https:\\\/\\\/www.organisator.ch\\\/#organization\"},\"potentialAction\":[{\"@type\":\"SearchAction\",\"target\":{\"@type\":\"EntryPoint\",\"urlTemplate\":\"https:\\\/\\\/www.organisator.ch\\\/?s={search_term_string}\"},\"query-input\":{\"@type\":\"PropertyValueSpecification\",\"valueRequired\":true,\"valueName\":\"search_term_string\"}}],\"inLanguage\":\"en-US\"},{\"@type\":\"Organization\",\"@id\":\"https:\\\/\\\/www.organisator.ch\\\/#organization\",\"name\":\"Organisator\",\"url\":\"https:\\\/\\\/www.organisator.ch\\\/\",\"logo\":{\"@type\":\"ImageObject\",\"inLanguage\":\"en-US\",\"@id\":\"https:\\\/\\\/www.organisator.ch\\\/#\\\/schema\\\/logo\\\/image\\\/\",\"url\":\"https:\\\/\\\/www.organisator.ch\\\/wp-content\\\/uploads\\\/2022\\\/01\\\/Logo_Organisator_Website.png\",\"contentUrl\":\"https:\\\/\\\/www.organisator.ch\\\/wp-content\\\/uploads\\\/2022\\\/01\\\/Logo_Organisator_Website.png\",\"width\":800,\"height\":77,\"caption\":\"Organisator\"},\"image\":{\"@id\":\"https:\\\/\\\/www.organisator.ch\\\/#\\\/schema\\\/logo\\\/image\\\/\"},\"sameAs\":[\"https:\\\/\\\/www.facebook.com\\\/OrganisatorFachmagazin\",\"https:\\\/\\\/www.linkedin.com\\\/showcase\\\/organisator-das-magazin-fr-kmu\",\"https:\\\/\\\/www.xing.com\\\/news\\\/pages\\\/organisator-ch-695\",\"https:\\\/\\\/www.youtube.com\\\/channel\\\/UCGP2Sq0iWaZwT3BdIAQFYpw\"]},{\"@type\":\"Person\",\"@id\":\"https:\\\/\\\/www.organisator.ch\\\/#\\\/schema\\\/person\\\/aa2bace6c5c5aad60102004a50c4eb1c\",\"name\":\"admin\",\"image\":{\"@type\":\"ImageObject\",\"inLanguage\":\"en-US\",\"@id\":\"https:\\\/\\\/secure.gravatar.com\\\/avatar\\\/ae2f4d718e6c49043e314ce431e7e645d646302a24a5ef5a8bc8e3f5a032e319?s=96&d=mm&r=g\",\"url\":\"https:\\\/\\\/secure.gravatar.com\\\/avatar\\\/ae2f4d718e6c49043e314ce431e7e645d646302a24a5ef5a8bc8e3f5a032e319?s=96&d=mm&r=g\",\"contentUrl\":\"https:\\\/\\\/secure.gravatar.com\\\/avatar\\\/ae2f4d718e6c49043e314ce431e7e645d646302a24a5ef5a8bc8e3f5a032e319?s=96&d=mm&r=g\",\"caption\":\"admin\"},\"sameAs\":[\"https:\\\/\\\/www.organisator.ch\"],\"url\":\"https:\\\/\\\/www.organisator.ch\\\/en\\\/author\\\/admin\\\/\"}]}<\/script>\n<!-- \/ Yoast SEO plugin. -->","yoast_head_json":{"title":"Fracking and oil on the rise - organizer","description":"In 2015, the world again produced more crude oil and natural gas. By contrast, coal production declined for the second consecutive year.","robots":{"index":"index","follow":"follow","max-snippet":"max-snippet:-1","max-image-preview":"max-image-preview:large","max-video-preview":"max-video-preview:-1"},"canonical":"https:\/\/www.organisator.ch\/en\/sustainability\/2016-08-18\/fracking-und-erdoel-auf-dem-vormarsch\/","og_locale":"en_US","og_type":"article","og_title":"Fracking und Erd\u00f6l auf dem Vormarsch - Organisator","og_description":"Im Jahr 2015 wurden weltweit erneut mehr Erd\u00f6l und Erdgas gef\u00f6rdert. Die Kohlef\u00f6rderung ist hingegen im zweiten aufeinanderfolgenden Jahr r\u00fcckl\u00e4ufig.","og_url":"https:\/\/www.organisator.ch\/en\/sustainability\/2016-08-18\/fracking-und-erdoel-auf-dem-vormarsch\/","og_site_name":"Organisator","article_publisher":"https:\/\/www.facebook.com\/OrganisatorFachmagazin","article_published_time":"2016-08-18T15:07:37+00:00","article_modified_time":"2022-02-09T10:06:23+00:00","og_image":[{"width":1530,"height":1456,"url":"https:\/\/www.organisator.ch\/wp-content\/uploads\/2016\/12\/Fracking-und-Erdoel-auf-dem-Vormarsch-umweltperspektiven1.jpg","type":"image\/jpeg"}],"author":"admin","twitter_card":"summary_large_image","schema":{"@context":"https:\/\/schema.org","@graph":[{"@type":"Article","@id":"https:\/\/www.organisator.ch\/sustainability\/2016-08-18\/fracking-und-erdoel-auf-dem-vormarsch\/#article","isPartOf":{"@id":"https:\/\/www.organisator.ch\/sustainability\/2016-08-18\/fracking-und-erdoel-auf-dem-vormarsch\/"},"author":{"name":"admin","@id":"https:\/\/www.organisator.ch\/#\/schema\/person\/aa2bace6c5c5aad60102004a50c4eb1c"},"headline":"Fracking und Erd\u00f6l auf dem Vormarsch","datePublished":"2016-08-18T15:07:37+00:00","dateModified":"2022-02-09T10:06:23+00:00","mainEntityOfPage":{"@id":"https:\/\/www.organisator.ch\/sustainability\/2016-08-18\/fracking-und-erdoel-auf-dem-vormarsch\/"},"wordCount":615,"commentCount":0,"publisher":{"@id":"https:\/\/www.organisator.ch\/#organization"},"image":{"@id":"https:\/\/www.organisator.ch\/sustainability\/2016-08-18\/fracking-und-erdoel-auf-dem-vormarsch\/#primaryimage"},"thumbnailUrl":"https:\/\/www.organisator.ch\/wp-content\/uploads\/2016\/12\/Fracking-und-Erdoel-auf-dem-Vormarsch-umweltperspektiven1.jpg","keywords":["BP","Energieverbrauch","Erdgas","Erd\u00f6l","Fracking","Jenni Energietechnik"],"articleSection":["SUSTAINABILITY"],"inLanguage":"en-US"},{"@type":"WebPage","@id":"https:\/\/www.organisator.ch\/sustainability\/2016-08-18\/fracking-und-erdoel-auf-dem-vormarsch\/","url":"https:\/\/www.organisator.ch\/sustainability\/2016-08-18\/fracking-und-erdoel-auf-dem-vormarsch\/","name":"Fracking and oil on the rise - organizer","isPartOf":{"@id":"https:\/\/www.organisator.ch\/#website"},"primaryImageOfPage":{"@id":"https:\/\/www.organisator.ch\/sustainability\/2016-08-18\/fracking-und-erdoel-auf-dem-vormarsch\/#primaryimage"},"image":{"@id":"https:\/\/www.organisator.ch\/sustainability\/2016-08-18\/fracking-und-erdoel-auf-dem-vormarsch\/#primaryimage"},"thumbnailUrl":"https:\/\/www.organisator.ch\/wp-content\/uploads\/2016\/12\/Fracking-und-Erdoel-auf-dem-Vormarsch-umweltperspektiven1.jpg","datePublished":"2016-08-18T15:07:37+00:00","dateModified":"2022-02-09T10:06:23+00:00","description":"In 2015, the world again produced more crude oil and natural gas. By contrast, coal production declined for the second consecutive year.","breadcrumb":{"@id":"https:\/\/www.organisator.ch\/sustainability\/2016-08-18\/fracking-und-erdoel-auf-dem-vormarsch\/#breadcrumb"},"inLanguage":"en-US","potentialAction":[{"@type":"ReadAction","target":["https:\/\/www.organisator.ch\/sustainability\/2016-08-18\/fracking-und-erdoel-auf-dem-vormarsch\/"]}]},{"@type":"ImageObject","inLanguage":"en-US","@id":"https:\/\/www.organisator.ch\/sustainability\/2016-08-18\/fracking-und-erdoel-auf-dem-vormarsch\/#primaryimage","url":"https:\/\/www.organisator.ch\/wp-content\/uploads\/2016\/12\/Fracking-und-Erdoel-auf-dem-Vormarsch-umweltperspektiven1.jpg","contentUrl":"https:\/\/www.organisator.ch\/wp-content\/uploads\/2016\/12\/Fracking-und-Erdoel-auf-dem-Vormarsch-umweltperspektiven1.jpg","width":1530,"height":1456,"caption":"Fracking ist weiter im Aufwind, hier im US-Bundesstaat Wyoming"},{"@type":"BreadcrumbList","@id":"https:\/\/www.organisator.ch\/sustainability\/2016-08-18\/fracking-und-erdoel-auf-dem-vormarsch\/#breadcrumb","itemListElement":[{"@type":"ListItem","position":1,"name":"Home","item":"https:\/\/www.organisator.ch\/"},{"@type":"ListItem","position":2,"name":"Fracking und Erd\u00f6l auf dem Vormarsch"}]},{"@type":"WebSite","@id":"https:\/\/www.organisator.ch\/#website","url":"https:\/\/www.organisator.ch\/","name":"Organizer","description":"Competent. Practical. In 10 issues per year, ORGANISATOR presents the essential topics for managers of SMEs.","publisher":{"@id":"https:\/\/www.organisator.ch\/#organization"},"potentialAction":[{"@type":"SearchAction","target":{"@type":"EntryPoint","urlTemplate":"https:\/\/www.organisator.ch\/?s={search_term_string}"},"query-input":{"@type":"PropertyValueSpecification","valueRequired":true,"valueName":"search_term_string"}}],"inLanguage":"en-US"},{"@type":"Organization","@id":"https:\/\/www.organisator.ch\/#organization","name":"Organizer","url":"https:\/\/www.organisator.ch\/","logo":{"@type":"ImageObject","inLanguage":"en-US","@id":"https:\/\/www.organisator.ch\/#\/schema\/logo\/image\/","url":"https:\/\/www.organisator.ch\/wp-content\/uploads\/2022\/01\/Logo_Organisator_Website.png","contentUrl":"https:\/\/www.organisator.ch\/wp-content\/uploads\/2022\/01\/Logo_Organisator_Website.png","width":800,"height":77,"caption":"Organisator"},"image":{"@id":"https:\/\/www.organisator.ch\/#\/schema\/logo\/image\/"},"sameAs":["https:\/\/www.facebook.com\/OrganisatorFachmagazin","https:\/\/www.linkedin.com\/showcase\/organisator-das-magazin-fr-kmu","https:\/\/www.xing.com\/news\/pages\/organisator-ch-695","https:\/\/www.youtube.com\/channel\/UCGP2Sq0iWaZwT3BdIAQFYpw"]},{"@type":"Person","@id":"https:\/\/www.organisator.ch\/#\/schema\/person\/aa2bace6c5c5aad60102004a50c4eb1c","name":"admin","image":{"@type":"ImageObject","inLanguage":"en-US","@id":"https:\/\/secure.gravatar.com\/avatar\/ae2f4d718e6c49043e314ce431e7e645d646302a24a5ef5a8bc8e3f5a032e319?s=96&d=mm&r=g","url":"https:\/\/secure.gravatar.com\/avatar\/ae2f4d718e6c49043e314ce431e7e645d646302a24a5ef5a8bc8e3f5a032e319?s=96&d=mm&r=g","contentUrl":"https:\/\/secure.gravatar.com\/avatar\/ae2f4d718e6c49043e314ce431e7e645d646302a24a5ef5a8bc8e3f5a032e319?s=96&d=mm&r=g","caption":"admin"},"sameAs":["https:\/\/www.organisator.ch"],"url":"https:\/\/www.organisator.ch\/en\/author\/admin\/"}]}},"_links":{"self":[{"href":"https:\/\/www.organisator.ch\/en\/wp-json\/wp\/v2\/posts\/468","targetHints":{"allow":["GET"]}}],"collection":[{"href":"https:\/\/www.organisator.ch\/en\/wp-json\/wp\/v2\/posts"}],"about":[{"href":"https:\/\/www.organisator.ch\/en\/wp-json\/wp\/v2\/types\/post"}],"author":[{"embeddable":true,"href":"https:\/\/www.organisator.ch\/en\/wp-json\/wp\/v2\/users\/1"}],"replies":[{"embeddable":true,"href":"https:\/\/www.organisator.ch\/en\/wp-json\/wp\/v2\/comments?post=468"}],"version-history":[{"count":1,"href":"https:\/\/www.organisator.ch\/en\/wp-json\/wp\/v2\/posts\/468\/revisions"}],"predecessor-version":[{"id":10610,"href":"https:\/\/www.organisator.ch\/en\/wp-json\/wp\/v2\/posts\/468\/revisions\/10610"}],"wp:featuredmedia":[{"embeddable":true,"href":"https:\/\/www.organisator.ch\/en\/wp-json\/wp\/v2\/media\/9406"}],"wp:attachment":[{"href":"https:\/\/www.organisator.ch\/en\/wp-json\/wp\/v2\/media?parent=468"}],"wp:term":[{"taxonomy":"category","embeddable":true,"href":"https:\/\/www.organisator.ch\/en\/wp-json\/wp\/v2\/categories?post=468"},{"taxonomy":"post_tag","embeddable":true,"href":"https:\/\/www.organisator.ch\/en\/wp-json\/wp\/v2\/tags?post=468"}],"curies":[{"name":"wp","href":"https:\/\/api.w.org\/{rel}","templated":true}]}}