{"id":46808,"date":"2026-03-31T13:25:18","date_gmt":"2026-03-31T11:25:18","guid":{"rendered":"https:\/\/www.organisator.ch\/de\/?p=46808"},"modified":"2026-03-31T13:25:18","modified_gmt":"2026-03-31T11:25:18","slug":"selim-akyol-uebernimmt-molinoteq-vollstaendig","status":"publish","type":"post","link":"https:\/\/www.organisator.ch\/en\/management\/2026-03-31\/selim-akyol-uebernimmt-molinoteq-vollstaendig\/","title":{"rendered":"Selim Akyol takes over Molinoteq completely"},"content":{"rendered":"<figure id=\"attachment_46851\" aria-describedby=\"caption-attachment-46851\" style=\"width: 680px\" class=\"wp-caption alignnone\"><img loading=\"lazy\" decoding=\"async\" class=\"size-full wp-image-46851\" src=\"https:\/\/www.organisator.ch\/wp-content\/uploads\/2026\/03\/Selim-Akyol-uebernimmt-Molinoteq-vollstaendig-1_Organisator.jpg\" alt=\"\" width=\"680\" height=\"450\" srcset=\"https:\/\/www.organisator.ch\/wp-content\/uploads\/2026\/03\/Selim-Akyol-uebernimmt-Molinoteq-vollstaendig-1_Organisator.jpg 680w, https:\/\/www.organisator.ch\/wp-content\/uploads\/2026\/03\/Selim-Akyol-uebernimmt-Molinoteq-vollstaendig-1_Organisator-18x12.jpg 18w, https:\/\/www.organisator.ch\/wp-content\/uploads\/2026\/03\/Selim-Akyol-uebernimmt-Molinoteq-vollstaendig-1_Organisator-375x248.jpg 375w, https:\/\/www.organisator.ch\/wp-content\/uploads\/2026\/03\/Selim-Akyol-uebernimmt-Molinoteq-vollstaendig-1_Organisator-529x350.jpg 529w\" sizes=\"auto, (max-width: 680px) 100vw, 680px\" \/><figcaption id=\"caption-attachment-46851\" class=\"wp-caption-text\">Selim Akyol is the new owner of Molinoteq. (Image: zVg \/ Molinoteq)<\/figcaption><\/figure>\n<p>Molinoteq, a full-service provider specializing in the digital transformation of marketing and business processes, is setting the course for an owner-managed future with a management buy-out. As part of the succession plan, Selim Akyol, the operational managing director and co-founder of the company, is taking over the company completely from the previous investor Andreas Kn\u00f6pfli.<\/p>\n<p>Selim Akyol has been the driving force behind Molinoteq's development from a specialized service provider to a pioneer in digital marketing and AI solutions. With a team of 22 employees and over 200 customers, the company has already successfully implemented more than 450 projects in the DACH region and Serbia. With the change of ownership, Akyol is now assuming full strategic, financial and operational responsibility.<\/p>\n<h3>Healthy and fast-growing company<\/h3>\n<p>Andreas Kn\u00f6pfli, who founded the company and has been an investor since its inception, is handing over a healthy and fast-growing company: \u00abMolinoteq is the result of Selim Akyol's visionary work. As an investor, it was important to me to provide the framework for this development. Now the time has come to hand over the company completely into the hands of the man who lives Molinoteq every day.\u00bb<\/p>\n<figure id=\"attachment_46852\" aria-describedby=\"caption-attachment-46852\" style=\"width: 680px\" class=\"wp-caption alignnone\"><img loading=\"lazy\" decoding=\"async\" class=\"size-full wp-image-46852\" src=\"https:\/\/www.organisator.ch\/wp-content\/uploads\/2026\/03\/Selim-Akyol-uebernimmt-Molinoteq-vollstaendig-2_Organisator.jpg\" alt=\"\" width=\"680\" height=\"454\" srcset=\"https:\/\/www.organisator.ch\/wp-content\/uploads\/2026\/03\/Selim-Akyol-uebernimmt-Molinoteq-vollstaendig-2_Organisator.jpg 680w, https:\/\/www.organisator.ch\/wp-content\/uploads\/2026\/03\/Selim-Akyol-uebernimmt-Molinoteq-vollstaendig-2_Organisator-18x12.jpg 18w, https:\/\/www.organisator.ch\/wp-content\/uploads\/2026\/03\/Selim-Akyol-uebernimmt-Molinoteq-vollstaendig-2_Organisator-375x250.jpg 375w, https:\/\/www.organisator.ch\/wp-content\/uploads\/2026\/03\/Selim-Akyol-uebernimmt-Molinoteq-vollstaendig-2_Organisator-524x350.jpg 524w\" sizes=\"auto, (max-width: 680px) 100vw, 680px\" \/><figcaption id=\"caption-attachment-46852\" class=\"wp-caption-text\">Andreas Kn\u00f6pfli, founder of Molinoteq. (Image: zVg \/ Molinoteq)<\/figcaption><\/figure>\n<p>For Selim Akyol, whose expertise in software engineering and performance marketing forms the foundation of the company, the management buy-out marks the start of the next growth phase: \u00abMolinoteq has been a project close to my heart from day one. Now we want to consistently expand our pioneering role in the orchestration of AI solutions.\u00bb<\/p>\n<p>Nothing will change operationally for the more than 200 customers and employees. The owner-managed structure ensures continuity while at the same time strengthening innovation in core areas such as the \u00abMarketing Command Center\u00bb.<\/p>\n<h3>Voices from the market<\/h3>\n<p>\u00abMolinoteq has established itself as an absolutely competent and reliable partner for our training ecosystems. Selim Akyol combines top-level technological expertise with digital marketing, taking it to the next level. With him as strategic leader, I am convinced that Molinoteq is taking an important next step to be optimally equipped for the future. I am very much looking forward to our continued collaboration,\u00bb explains Evelyn Leu, founder of Lifturskill.<\/p>\n<p>\u00abMolinoteq has been a central pillar and an indispensable and reliable partner in the digital transformation of Thommen Watches, which was founded in 1853, for five years,\u00bb says co-owner and CEO Andreas Thommen.<\/p>\n<p>\u00abGolf Meggen stands for tradition and quality, and we needed a partner who could translate this into the digital world. Molinoteq convinced us with their innovative strength and reliability. Selim Akyol and his team are an indispensable source of inspiration for our digital marketing campaigns,\u00bb says Beat Schuler, Managing Director of Golf Meggen.<\/p>\n<p>Molinoteq, founded in 2020 and based in Wangen-Br\u00fcttisellen, specializes in the digital transformation of marketing and business processes. Its core competence is the targeted orchestration of state-of-the-art AI technologies in the areas of web engineering and digital marketing, taking into account the specific customer context.<\/p>\n<p><a href=\"https:\/\/www.molinoteq.ch\" target=\"_blank\" rel=\"noopener\">www.molinoteq.ch<\/a><\/p>","protected":false},"excerpt":{"rendered":"<p>Molinoteq, a full-service provider specializing in digital transformation, is completing a management buy-out. Selim Akyol, operational managing director and co-founder, is taking over the company completely from the previous investor Andreas Kn\u00f6pfli. With 22 employees and over 200 customers, Molinoteq has already implemented more than 450 projects in the DACH region and Serbia.<\/p>","protected":false},"author":107,"featured_media":46806,"comment_status":"closed","ping_status":"closed","sticky":false,"template":"","format":"standard","meta":{"_acf_changed":false,"_yoast_wpseo_focuskw":"Management-Buy-Out Molinoteq","_yoast_wpseo_metadesc":"Selim Akyol \u00fcbernimmt Molinoteq vollst\u00e4ndig. Der Mitbegr\u00fcnder f\u00fchrt das auf digitale Transformation spezialisierte Unternehmen k\u00fcnftig allein.","articlekey":"","footnotes":""},"categories":[28],"tags":[286,335,4259,492],"class_list":["post-46808","post","type-post","status-publish","format-standard","has-post-thumbnail","hentry","category-management","tag-it","tag-management-und-unternehmensfuehrung","tag-management-buy-out","tag-unternehmen"],"acf":[],"yoast_head":"<!-- This site is optimized with the Yoast SEO plugin v27.5 - https:\/\/yoast.com\/product\/yoast-seo-wordpress\/ -->\n<title>Selim Akyol \u00fcbernimmt Molinoteq vollst\u00e4ndig - Organisator<\/title>\n<meta name=\"description\" content=\"Selim Akyol \u00fcbernimmt Molinoteq vollst\u00e4ndig. Der Mitbegr\u00fcnder f\u00fchrt das auf digitale Transformation spezialisierte Unternehmen k\u00fcnftig allein.\" \/>\n<meta name=\"robots\" content=\"index, follow, max-snippet:-1, max-image-preview:large, max-video-preview:-1\" \/>\n<link rel=\"canonical\" href=\"https:\/\/www.organisator.ch\/en\/management\/2026-03-31\/selim-akyol-uebernimmt-molinoteq-vollstaendig\/\" \/>\n<meta property=\"og:locale\" content=\"en_US\" \/>\n<meta property=\"og:type\" content=\"article\" \/>\n<meta property=\"og:title\" content=\"Selim Akyol \u00fcbernimmt Molinoteq vollst\u00e4ndig\" \/>\n<meta property=\"og:description\" content=\"Selim Akyol \u00fcbernimmt Molinoteq vollst\u00e4ndig. Der Mitbegr\u00fcnder f\u00fchrt das auf digitale Transformation spezialisierte Unternehmen k\u00fcnftig allein.\" \/>\n<meta property=\"og:url\" content=\"https:\/\/www.organisator.ch\/en\/management\/2026-03-31\/selim-akyol-uebernimmt-molinoteq-vollstaendig\/\" \/>\n<meta property=\"og:site_name\" content=\"Organisator\" \/>\n<meta property=\"article:publisher\" content=\"https:\/\/www.facebook.com\/OrganisatorFachmagazin\" \/>\n<meta property=\"article:published_time\" content=\"2026-03-31T11:25:18+00:00\" \/>\n<meta property=\"og:image\" content=\"https:\/\/www.organisator.ch\/wp-content\/uploads\/2026\/03\/Selim-Akyol-uebernimmt-Molinoteq-vollstaendig-1_Organisator.jpg\" \/>\n\t<meta property=\"og:image:width\" content=\"680\" \/>\n\t<meta property=\"og:image:height\" content=\"450\" \/>\n\t<meta property=\"og:image:type\" content=\"image\/jpeg\" \/>\n<meta name=\"author\" content=\"n8n\" \/>\n<meta name=\"twitter:card\" content=\"summary_large_image\" \/>\n<meta name=\"twitter:title\" content=\"Selim #Akyol \u00fcbernimmt #Molinoteq vollst\u00e4ndig\" \/>\n<meta name=\"twitter:description\" content=\"Selim Akyol \u00fcbernimmt #Molinoteq vollst\u00e4ndig. Der Mitbegr\u00fcnder f\u00fchrt das auf digitale Transformation spezialisierte Unternehmen k\u00fcnftig allein.\" \/>\n<meta name=\"twitter:image\" content=\"https:\/\/www.organisator.ch\/wp-content\/uploads\/2026\/03\/Selim-Akyol-uebernimmt-Molinoteq-vollstaendig-1_Organisator.jpg\" \/>\n<script type=\"application\/ld+json\" class=\"yoast-schema-graph\">{\"@context\":\"https:\\\/\\\/schema.org\",\"@graph\":[{\"@type\":\"Article\",\"@id\":\"https:\\\/\\\/www.organisator.ch\\\/management\\\/2026-03-31\\\/selim-akyol-uebernimmt-molinoteq-vollstaendig\\\/#article\",\"isPartOf\":{\"@id\":\"https:\\\/\\\/www.organisator.ch\\\/management\\\/2026-03-31\\\/selim-akyol-uebernimmt-molinoteq-vollstaendig\\\/\"},\"author\":{\"name\":\"n8n\",\"@id\":\"https:\\\/\\\/www.organisator.ch\\\/#\\\/schema\\\/person\\\/a9d0e0eff238db87a8f840f3b50359f0\"},\"headline\":\"Selim Akyol \u00fcbernimmt Molinoteq vollst\u00e4ndig\",\"datePublished\":\"2026-03-31T11:25:18+00:00\",\"mainEntityOfPage\":{\"@id\":\"https:\\\/\\\/www.organisator.ch\\\/management\\\/2026-03-31\\\/selim-akyol-uebernimmt-molinoteq-vollstaendig\\\/\"},\"wordCount\":530,\"publisher\":{\"@id\":\"https:\\\/\\\/www.organisator.ch\\\/#organization\"},\"image\":{\"@id\":\"https:\\\/\\\/www.organisator.ch\\\/management\\\/2026-03-31\\\/selim-akyol-uebernimmt-molinoteq-vollstaendig\\\/#primaryimage\"},\"thumbnailUrl\":\"https:\\\/\\\/www.organisator.ch\\\/wp-content\\\/uploads\\\/2026\\\/03\\\/Selim-Akyol_-scaled.jpg\",\"keywords\":[\"IT\",\"Management und Unternehmensf\u00fchrung\",\"Management-Buy-out\",\"Unternehmen\"],\"articleSection\":[\"MANAGEMENT\"],\"inLanguage\":\"en-US\"},{\"@type\":\"WebPage\",\"@id\":\"https:\\\/\\\/www.organisator.ch\\\/management\\\/2026-03-31\\\/selim-akyol-uebernimmt-molinoteq-vollstaendig\\\/\",\"url\":\"https:\\\/\\\/www.organisator.ch\\\/management\\\/2026-03-31\\\/selim-akyol-uebernimmt-molinoteq-vollstaendig\\\/\",\"name\":\"Selim Akyol \u00fcbernimmt Molinoteq vollst\u00e4ndig - Organisator\",\"isPartOf\":{\"@id\":\"https:\\\/\\\/www.organisator.ch\\\/#website\"},\"primaryImageOfPage\":{\"@id\":\"https:\\\/\\\/www.organisator.ch\\\/management\\\/2026-03-31\\\/selim-akyol-uebernimmt-molinoteq-vollstaendig\\\/#primaryimage\"},\"image\":{\"@id\":\"https:\\\/\\\/www.organisator.ch\\\/management\\\/2026-03-31\\\/selim-akyol-uebernimmt-molinoteq-vollstaendig\\\/#primaryimage\"},\"thumbnailUrl\":\"https:\\\/\\\/www.organisator.ch\\\/wp-content\\\/uploads\\\/2026\\\/03\\\/Selim-Akyol_-scaled.jpg\",\"datePublished\":\"2026-03-31T11:25:18+00:00\",\"description\":\"Selim Akyol \u00fcbernimmt Molinoteq vollst\u00e4ndig. Der Mitbegr\u00fcnder f\u00fchrt das auf digitale Transformation spezialisierte Unternehmen k\u00fcnftig allein.\",\"breadcrumb\":{\"@id\":\"https:\\\/\\\/www.organisator.ch\\\/management\\\/2026-03-31\\\/selim-akyol-uebernimmt-molinoteq-vollstaendig\\\/#breadcrumb\"},\"inLanguage\":\"en-US\",\"potentialAction\":[{\"@type\":\"ReadAction\",\"target\":[\"https:\\\/\\\/www.organisator.ch\\\/management\\\/2026-03-31\\\/selim-akyol-uebernimmt-molinoteq-vollstaendig\\\/\"]}]},{\"@type\":\"ImageObject\",\"inLanguage\":\"en-US\",\"@id\":\"https:\\\/\\\/www.organisator.ch\\\/management\\\/2026-03-31\\\/selim-akyol-uebernimmt-molinoteq-vollstaendig\\\/#primaryimage\",\"url\":\"https:\\\/\\\/www.organisator.ch\\\/wp-content\\\/uploads\\\/2026\\\/03\\\/Selim-Akyol_-scaled.jpg\",\"contentUrl\":\"https:\\\/\\\/www.organisator.ch\\\/wp-content\\\/uploads\\\/2026\\\/03\\\/Selim-Akyol_-scaled.jpg\",\"width\":1400,\"height\":926,\"caption\":\"Selim Akyol \u00e4ussert sich zur Unternehmensstrategie. Quelle: zvg\"},{\"@type\":\"BreadcrumbList\",\"@id\":\"https:\\\/\\\/www.organisator.ch\\\/management\\\/2026-03-31\\\/selim-akyol-uebernimmt-molinoteq-vollstaendig\\\/#breadcrumb\",\"itemListElement\":[{\"@type\":\"ListItem\",\"position\":1,\"name\":\"Home\",\"item\":\"https:\\\/\\\/www.organisator.ch\\\/\"},{\"@type\":\"ListItem\",\"position\":2,\"name\":\"Selim Akyol \u00fcbernimmt Molinoteq vollst\u00e4ndig\"}]},{\"@type\":\"WebSite\",\"@id\":\"https:\\\/\\\/www.organisator.ch\\\/#website\",\"url\":\"https:\\\/\\\/www.organisator.ch\\\/\",\"name\":\"Organisator\",\"description\":\"Kompetent. Praxisnah. Der ORGANISATOR bereitet in 10 Ausgaben pro Jahr die wesentlichen Themen f\u00fcr F\u00fchrungskr\u00e4fte von KMU auf.\",\"publisher\":{\"@id\":\"https:\\\/\\\/www.organisator.ch\\\/#organization\"},\"potentialAction\":[{\"@type\":\"SearchAction\",\"target\":{\"@type\":\"EntryPoint\",\"urlTemplate\":\"https:\\\/\\\/www.organisator.ch\\\/?s={search_term_string}\"},\"query-input\":{\"@type\":\"PropertyValueSpecification\",\"valueRequired\":true,\"valueName\":\"search_term_string\"}}],\"inLanguage\":\"en-US\"},{\"@type\":\"Organization\",\"@id\":\"https:\\\/\\\/www.organisator.ch\\\/#organization\",\"name\":\"Organisator\",\"url\":\"https:\\\/\\\/www.organisator.ch\\\/\",\"logo\":{\"@type\":\"ImageObject\",\"inLanguage\":\"en-US\",\"@id\":\"https:\\\/\\\/www.organisator.ch\\\/#\\\/schema\\\/logo\\\/image\\\/\",\"url\":\"https:\\\/\\\/www.organisator.ch\\\/wp-content\\\/uploads\\\/2022\\\/01\\\/Logo_Organisator_Website.png\",\"contentUrl\":\"https:\\\/\\\/www.organisator.ch\\\/wp-content\\\/uploads\\\/2022\\\/01\\\/Logo_Organisator_Website.png\",\"width\":800,\"height\":77,\"caption\":\"Organisator\"},\"image\":{\"@id\":\"https:\\\/\\\/www.organisator.ch\\\/#\\\/schema\\\/logo\\\/image\\\/\"},\"sameAs\":[\"https:\\\/\\\/www.facebook.com\\\/OrganisatorFachmagazin\",\"https:\\\/\\\/www.linkedin.com\\\/showcase\\\/organisator-das-magazin-fr-kmu\",\"https:\\\/\\\/www.xing.com\\\/news\\\/pages\\\/organisator-ch-695\",\"https:\\\/\\\/www.youtube.com\\\/channel\\\/UCGP2Sq0iWaZwT3BdIAQFYpw\"]},{\"@type\":\"Person\",\"@id\":\"https:\\\/\\\/www.organisator.ch\\\/#\\\/schema\\\/person\\\/a9d0e0eff238db87a8f840f3b50359f0\",\"name\":\"n8n\",\"image\":{\"@type\":\"ImageObject\",\"inLanguage\":\"en-US\",\"@id\":\"https:\\\/\\\/secure.gravatar.com\\\/avatar\\\/5368fb9d03fd415a6f335cece4c15af2502d6ca8651efbd6e8f98427a9795400?s=96&d=mm&r=g\",\"url\":\"https:\\\/\\\/secure.gravatar.com\\\/avatar\\\/5368fb9d03fd415a6f335cece4c15af2502d6ca8651efbd6e8f98427a9795400?s=96&d=mm&r=g\",\"contentUrl\":\"https:\\\/\\\/secure.gravatar.com\\\/avatar\\\/5368fb9d03fd415a6f335cece4c15af2502d6ca8651efbd6e8f98427a9795400?s=96&d=mm&r=g\",\"caption\":\"n8n\"},\"url\":\"https:\\\/\\\/www.organisator.ch\\\/en\\\/author\\\/n8n\\\/\"}]}<\/script>\n<!-- \/ Yoast SEO plugin. -->","yoast_head_json":{"title":"Selim Akyol takes over Molinoteq completely - Organizer","description":"Selim Akyol takes over Molinoteq completely. The co-founder will manage the company, which specializes in digital transformation, alone in future.","robots":{"index":"index","follow":"follow","max-snippet":"max-snippet:-1","max-image-preview":"max-image-preview:large","max-video-preview":"max-video-preview:-1"},"canonical":"https:\/\/www.organisator.ch\/en\/management\/2026-03-31\/selim-akyol-uebernimmt-molinoteq-vollstaendig\/","og_locale":"en_US","og_type":"article","og_title":"Selim Akyol \u00fcbernimmt Molinoteq vollst\u00e4ndig","og_description":"Selim Akyol \u00fcbernimmt Molinoteq vollst\u00e4ndig. Der Mitbegr\u00fcnder f\u00fchrt das auf digitale Transformation spezialisierte Unternehmen k\u00fcnftig allein.","og_url":"https:\/\/www.organisator.ch\/en\/management\/2026-03-31\/selim-akyol-uebernimmt-molinoteq-vollstaendig\/","og_site_name":"Organisator","article_publisher":"https:\/\/www.facebook.com\/OrganisatorFachmagazin","article_published_time":"2026-03-31T11:25:18+00:00","og_image":[{"width":680,"height":450,"url":"https:\/\/www.organisator.ch\/wp-content\/uploads\/2026\/03\/Selim-Akyol-uebernimmt-Molinoteq-vollstaendig-1_Organisator.jpg","type":"image\/jpeg"}],"author":"n8n","twitter_card":"summary_large_image","twitter_title":"Selim #Akyol \u00fcbernimmt #Molinoteq vollst\u00e4ndig","twitter_description":"Selim Akyol \u00fcbernimmt #Molinoteq vollst\u00e4ndig. Der Mitbegr\u00fcnder f\u00fchrt das auf digitale Transformation spezialisierte Unternehmen k\u00fcnftig allein.","twitter_image":"https:\/\/www.organisator.ch\/wp-content\/uploads\/2026\/03\/Selim-Akyol-uebernimmt-Molinoteq-vollstaendig-1_Organisator.jpg","schema":{"@context":"https:\/\/schema.org","@graph":[{"@type":"Article","@id":"https:\/\/www.organisator.ch\/management\/2026-03-31\/selim-akyol-uebernimmt-molinoteq-vollstaendig\/#article","isPartOf":{"@id":"https:\/\/www.organisator.ch\/management\/2026-03-31\/selim-akyol-uebernimmt-molinoteq-vollstaendig\/"},"author":{"name":"n8n","@id":"https:\/\/www.organisator.ch\/#\/schema\/person\/a9d0e0eff238db87a8f840f3b50359f0"},"headline":"Selim Akyol \u00fcbernimmt Molinoteq vollst\u00e4ndig","datePublished":"2026-03-31T11:25:18+00:00","mainEntityOfPage":{"@id":"https:\/\/www.organisator.ch\/management\/2026-03-31\/selim-akyol-uebernimmt-molinoteq-vollstaendig\/"},"wordCount":530,"publisher":{"@id":"https:\/\/www.organisator.ch\/#organization"},"image":{"@id":"https:\/\/www.organisator.ch\/management\/2026-03-31\/selim-akyol-uebernimmt-molinoteq-vollstaendig\/#primaryimage"},"thumbnailUrl":"https:\/\/www.organisator.ch\/wp-content\/uploads\/2026\/03\/Selim-Akyol_-scaled.jpg","keywords":["IT","Management und Unternehmensf\u00fchrung","Management-Buy-out","Unternehmen"],"articleSection":["MANAGEMENT"],"inLanguage":"en-US"},{"@type":"WebPage","@id":"https:\/\/www.organisator.ch\/management\/2026-03-31\/selim-akyol-uebernimmt-molinoteq-vollstaendig\/","url":"https:\/\/www.organisator.ch\/management\/2026-03-31\/selim-akyol-uebernimmt-molinoteq-vollstaendig\/","name":"Selim Akyol takes over Molinoteq completely - Organizer","isPartOf":{"@id":"https:\/\/www.organisator.ch\/#website"},"primaryImageOfPage":{"@id":"https:\/\/www.organisator.ch\/management\/2026-03-31\/selim-akyol-uebernimmt-molinoteq-vollstaendig\/#primaryimage"},"image":{"@id":"https:\/\/www.organisator.ch\/management\/2026-03-31\/selim-akyol-uebernimmt-molinoteq-vollstaendig\/#primaryimage"},"thumbnailUrl":"https:\/\/www.organisator.ch\/wp-content\/uploads\/2026\/03\/Selim-Akyol_-scaled.jpg","datePublished":"2026-03-31T11:25:18+00:00","description":"Selim Akyol takes over Molinoteq completely. The co-founder will manage the company, which specializes in digital transformation, alone in future.","breadcrumb":{"@id":"https:\/\/www.organisator.ch\/management\/2026-03-31\/selim-akyol-uebernimmt-molinoteq-vollstaendig\/#breadcrumb"},"inLanguage":"en-US","potentialAction":[{"@type":"ReadAction","target":["https:\/\/www.organisator.ch\/management\/2026-03-31\/selim-akyol-uebernimmt-molinoteq-vollstaendig\/"]}]},{"@type":"ImageObject","inLanguage":"en-US","@id":"https:\/\/www.organisator.ch\/management\/2026-03-31\/selim-akyol-uebernimmt-molinoteq-vollstaendig\/#primaryimage","url":"https:\/\/www.organisator.ch\/wp-content\/uploads\/2026\/03\/Selim-Akyol_-scaled.jpg","contentUrl":"https:\/\/www.organisator.ch\/wp-content\/uploads\/2026\/03\/Selim-Akyol_-scaled.jpg","width":1400,"height":926,"caption":"Selim Akyol \u00e4ussert sich zur Unternehmensstrategie. Quelle: zvg"},{"@type":"BreadcrumbList","@id":"https:\/\/www.organisator.ch\/management\/2026-03-31\/selim-akyol-uebernimmt-molinoteq-vollstaendig\/#breadcrumb","itemListElement":[{"@type":"ListItem","position":1,"name":"Home","item":"https:\/\/www.organisator.ch\/"},{"@type":"ListItem","position":2,"name":"Selim Akyol \u00fcbernimmt Molinoteq vollst\u00e4ndig"}]},{"@type":"WebSite","@id":"https:\/\/www.organisator.ch\/#website","url":"https:\/\/www.organisator.ch\/","name":"Organizer","description":"Competent. Practical. In 10 issues per year, ORGANISATOR presents the essential topics for managers of SMEs.","publisher":{"@id":"https:\/\/www.organisator.ch\/#organization"},"potentialAction":[{"@type":"SearchAction","target":{"@type":"EntryPoint","urlTemplate":"https:\/\/www.organisator.ch\/?s={search_term_string}"},"query-input":{"@type":"PropertyValueSpecification","valueRequired":true,"valueName":"search_term_string"}}],"inLanguage":"en-US"},{"@type":"Organization","@id":"https:\/\/www.organisator.ch\/#organization","name":"Organizer","url":"https:\/\/www.organisator.ch\/","logo":{"@type":"ImageObject","inLanguage":"en-US","@id":"https:\/\/www.organisator.ch\/#\/schema\/logo\/image\/","url":"https:\/\/www.organisator.ch\/wp-content\/uploads\/2022\/01\/Logo_Organisator_Website.png","contentUrl":"https:\/\/www.organisator.ch\/wp-content\/uploads\/2022\/01\/Logo_Organisator_Website.png","width":800,"height":77,"caption":"Organisator"},"image":{"@id":"https:\/\/www.organisator.ch\/#\/schema\/logo\/image\/"},"sameAs":["https:\/\/www.facebook.com\/OrganisatorFachmagazin","https:\/\/www.linkedin.com\/showcase\/organisator-das-magazin-fr-kmu","https:\/\/www.xing.com\/news\/pages\/organisator-ch-695","https:\/\/www.youtube.com\/channel\/UCGP2Sq0iWaZwT3BdIAQFYpw"]},{"@type":"Person","@id":"https:\/\/www.organisator.ch\/#\/schema\/person\/a9d0e0eff238db87a8f840f3b50359f0","name":"n8n","image":{"@type":"ImageObject","inLanguage":"en-US","@id":"https:\/\/secure.gravatar.com\/avatar\/5368fb9d03fd415a6f335cece4c15af2502d6ca8651efbd6e8f98427a9795400?s=96&d=mm&r=g","url":"https:\/\/secure.gravatar.com\/avatar\/5368fb9d03fd415a6f335cece4c15af2502d6ca8651efbd6e8f98427a9795400?s=96&d=mm&r=g","contentUrl":"https:\/\/secure.gravatar.com\/avatar\/5368fb9d03fd415a6f335cece4c15af2502d6ca8651efbd6e8f98427a9795400?s=96&d=mm&r=g","caption":"n8n"},"url":"https:\/\/www.organisator.ch\/en\/author\/n8n\/"}]}},"_links":{"self":[{"href":"https:\/\/www.organisator.ch\/en\/wp-json\/wp\/v2\/posts\/46808","targetHints":{"allow":["GET"]}}],"collection":[{"href":"https:\/\/www.organisator.ch\/en\/wp-json\/wp\/v2\/posts"}],"about":[{"href":"https:\/\/www.organisator.ch\/en\/wp-json\/wp\/v2\/types\/post"}],"author":[{"embeddable":true,"href":"https:\/\/www.organisator.ch\/en\/wp-json\/wp\/v2\/users\/107"}],"replies":[{"embeddable":true,"href":"https:\/\/www.organisator.ch\/en\/wp-json\/wp\/v2\/comments?post=46808"}],"version-history":[{"count":5,"href":"https:\/\/www.organisator.ch\/en\/wp-json\/wp\/v2\/posts\/46808\/revisions"}],"predecessor-version":[{"id":46894,"href":"https:\/\/www.organisator.ch\/en\/wp-json\/wp\/v2\/posts\/46808\/revisions\/46894"}],"wp:featuredmedia":[{"embeddable":true,"href":"https:\/\/www.organisator.ch\/en\/wp-json\/wp\/v2\/media\/46806"}],"wp:attachment":[{"href":"https:\/\/www.organisator.ch\/en\/wp-json\/wp\/v2\/media?parent=46808"}],"wp:term":[{"taxonomy":"category","embeddable":true,"href":"https:\/\/www.organisator.ch\/en\/wp-json\/wp\/v2\/categories?post=46808"},{"taxonomy":"post_tag","embeddable":true,"href":"https:\/\/www.organisator.ch\/en\/wp-json\/wp\/v2\/tags?post=46808"}],"curies":[{"name":"wp","href":"https:\/\/api.w.org\/{rel}","templated":true}]}}