{"id":46869,"date":"2026-04-01T08:26:49","date_gmt":"2026-04-01T06:26:49","guid":{"rendered":"https:\/\/www.organisator.ch\/de\/?p=46869"},"modified":"2026-04-01T08:26:49","modified_gmt":"2026-04-01T06:26:49","slug":"caron-ec70-elektrischer-transporter-fuer-nachhaltiges-arbeiten","status":"publish","type":"post","link":"https:\/\/www.organisator.ch\/en\/sustainability\/2026-04-01\/caron-ec70-elektrischer-transporter-fuer-nachhaltiges-arbeiten\/","title":{"rendered":"Caron EC70: Electric transporter for sustainable work"},"content":{"rendered":"<figure id=\"attachment_46868\" aria-describedby=\"caption-attachment-46868\" style=\"width: 1400px\" class=\"wp-caption alignnone\"><img loading=\"lazy\" decoding=\"async\" class=\"size-full wp-image-46868\" src=\"https:\/\/www.organisator.ch\/wp-content\/uploads\/2026\/03\/Elektrischer-Caron-Transporter-EC70_Z8F_2574-scaled.jpg\" alt=\"\" width=\"1400\" height=\"933\" srcset=\"https:\/\/www.organisator.ch\/wp-content\/uploads\/2026\/03\/Elektrischer-Caron-Transporter-EC70_Z8F_2574-scaled.jpg 1400w, https:\/\/www.organisator.ch\/wp-content\/uploads\/2026\/03\/Elektrischer-Caron-Transporter-EC70_Z8F_2574-680x453.jpg 680w, https:\/\/www.organisator.ch\/wp-content\/uploads\/2026\/03\/Elektrischer-Caron-Transporter-EC70_Z8F_2574-1024x683.jpg 1024w, https:\/\/www.organisator.ch\/wp-content\/uploads\/2026\/03\/Elektrischer-Caron-Transporter-EC70_Z8F_2574-768x512.jpg 768w, https:\/\/www.organisator.ch\/wp-content\/uploads\/2026\/03\/Elektrischer-Caron-Transporter-EC70_Z8F_2574-1536x1024.jpg 1536w, https:\/\/www.organisator.ch\/wp-content\/uploads\/2026\/03\/Elektrischer-Caron-Transporter-EC70_Z8F_2574-2048x1365.jpg 2048w, https:\/\/www.organisator.ch\/wp-content\/uploads\/2026\/03\/Elektrischer-Caron-Transporter-EC70_Z8F_2574-18x12.jpg 18w, https:\/\/www.organisator.ch\/wp-content\/uploads\/2026\/03\/Elektrischer-Caron-Transporter-EC70_Z8F_2574-375x250.jpg 375w, https:\/\/www.organisator.ch\/wp-content\/uploads\/2026\/03\/Elektrischer-Caron-Transporter-EC70_Z8F_2574-525x350.jpg 525w, https:\/\/www.organisator.ch\/wp-content\/uploads\/2026\/03\/Elektrischer-Caron-Transporter-EC70_Z8F_2574-1000x667.jpg 1000w\" sizes=\"auto, (max-width: 1400px) 100vw, 1400px\" \/><figcaption id=\"caption-attachment-46868\" class=\"wp-caption-text\">Caron EC70: New electric transporter with a total weight of 5000 kg. Source: zvg<\/figcaption><\/figure>\n<p>Sepp Kn\u00fcsel AG hosted an exclusive test drive day in K\u00fcssnacht am Rigi on March 31, 2026. Trade visitors were able to experience state-of-the-art agricultural and municipal technology up close. The focus was on the all-electric Caron EC70 transporter, complemented by proven models such as the Rigitrac SKE 40 e-direct as well as other Rigitrac models and the Antonio Carraro.<\/p>\n<h3>Powerful and emission-free<\/h3>\n<p>The new Caron EC70 sets new standards for electric mobility - not only in agriculture, but also in municipal applications and transportation tasks in difficult terrain. Its direct electric drive with permanent magnet synchronous motor delivers up to 50 kW of power and a peak torque of 280 Nm. The 2-speed system with integrated reverse gear on the steering wheel enables precise work in all conditions and reaches a top speed of 40 km\/h.<\/p>\n<p>With a tare weight of 2600 kg and a total weight of 5000 kg, the transporter offers an impressive payload of 2400 kg. The modern Webasto LiNMC battery with 40 kWh and 350 volts is R100-certified and ensures short charging times. With the integrated 22 kW charger, the battery is fully charged in 1 hour and 45 minutes. A fast charger with up to 50 kW is available as an option, which reduces the charging time to 50 minutes.<\/p>\n<h3>Versatile in use<\/h3>\n<p>The Caron EC70 supports efficient work thanks to regenerative braking with retarder effect, which improves the vehicle's energy efficiency. An integrated inclinometer ensures safety when working on uneven and steep terrain. The standard air conditioning system ensures comfortable working conditions, while a data logger enables the real-time recording and analysis of operating data and supports predictive maintenance.<\/p>\n<figure id=\"attachment_46866\" aria-describedby=\"caption-attachment-46866\" style=\"width: 1050px\" class=\"wp-caption alignnone\"><img loading=\"lazy\" decoding=\"async\" class=\"size-full wp-image-46866\" src=\"https:\/\/www.organisator.ch\/wp-content\/uploads\/2026\/03\/20230714_102606-scaled.jpg\" alt=\"\" width=\"1050\" height=\"1400\" srcset=\"https:\/\/www.organisator.ch\/wp-content\/uploads\/2026\/03\/20230714_102606-scaled.jpg 1050w, https:\/\/www.organisator.ch\/wp-content\/uploads\/2026\/03\/20230714_102606-680x907.jpg 680w, https:\/\/www.organisator.ch\/wp-content\/uploads\/2026\/03\/20230714_102606-768x1024.jpg 768w, https:\/\/www.organisator.ch\/wp-content\/uploads\/2026\/03\/20230714_102606-1152x1536.jpg 1152w, https:\/\/www.organisator.ch\/wp-content\/uploads\/2026\/03\/20230714_102606-1536x2048.jpg 1536w, https:\/\/www.organisator.ch\/wp-content\/uploads\/2026\/03\/20230714_102606-9x12.jpg 9w, https:\/\/www.organisator.ch\/wp-content\/uploads\/2026\/03\/20230714_102606-225x300.jpg 225w, https:\/\/www.organisator.ch\/wp-content\/uploads\/2026\/03\/20230714_102606-263x350.jpg 263w, https:\/\/www.organisator.ch\/wp-content\/uploads\/2026\/03\/20230714_102606-600x800.jpg 600w\" sizes=\"auto, (max-width: 1050px) 100vw, 1050px\" \/><figcaption id=\"caption-attachment-46866\" class=\"wp-caption-text\">Rigitrac SKE 40 mows grass electrically. Source: zvg<\/figcaption><\/figure>\n<p>The service-friendly tilting cab allows easy access to all important components. A prepared front PTO shaft for a 15 kW ePower unit offers maximum flexibility in addition to the existing mechanical PTO shaft. With a gradeability of up to 100 percent, the transporter masters even the most demanding terrain conditions.<\/p>\n<h3>Proven electrical engineering<\/h3>\n<p>The Rigitrac SKE 40 e-direct has established itself as a reliable and sustainable tractor. Thanks to its quiet operation, it is particularly pleasant to use. The tractor is very popular with local authorities, municipalities, cities, horse farms and vegetable growers.<\/p>\n<p>The e-direct system ensures maximum efficiency: five intelligently controlled electric motors are only activated when required, minimizing energy consumption and optimizing performance. With a rated power of 40 kW and a peak power of 64 kW, the Rigitrac SKE 40 offers a variable driving speed of 0 to 40 km\/h. The 58 kWh battery (400 volts) enables a working time of around 4 to 8 hours. With the internal 22 kW charger, the vehicle is quickly ready for use again.<\/p>\n<p>Even in winter, numerous jobs can be carried out economically and emission-free. At the same time, maintenance and service costs are minimal, which makes the vehicle particularly interesting for anyone who values sustainable, reliable and cost-efficient solutions. The direction of rotation and speed of the PTO shafts can be controlled independently, and all hydraulic valves are proportional, electrically controlled and volume-adjustable.<\/p>\n<p>The Sepp Kn\u00fcsel AG test drive day impressively demonstrated that electromobility has long been a reality. Powerful, economical and sustainable vehicles open up new perspectives for emission-free work in agriculture and the municipal sector.<\/p>\n<p>More information: <a href=\"https:\/\/www.knueselag.ch\" target=\"_blank\" rel=\"noopener\">www.knueselag.ch<\/a><\/p>","protected":false},"excerpt":{"rendered":"<p>On March 31, 2026, Sepp Kn\u00fcsel AG presented the new Caron EC70, a fully electric transporter for agricultural and municipal technology. With 50 kW of power, a 40 kWh battery and up to 100 percent gradeability, the vehicle sets new standards for emission-free work in difficult terrain.<\/p>","protected":false},"author":107,"featured_media":46868,"comment_status":"closed","ping_status":"closed","sticky":false,"template":"","format":"standard","meta":{"_acf_changed":false,"_yoast_wpseo_focuskw":"elektrischer Transporter Caron EC70","_yoast_wpseo_metadesc":"Caron EC70: Vollelektrischer Transporter mit 50 kW, 40 kWh Batterie und 100% Steigf\u00e4higkeit f\u00fcr nachhaltige Land- und Kommunaltechnik.","articlekey":"","footnotes":""},"categories":[580],"tags":[1006,1547,393],"class_list":["post-46869","post","type-post","status-publish","format-standard","has-post-thumbnail","hentry","category-sustainability","tag-e-mobilitaet","tag-kommunalfahrzeuge","tag-produkte"],"acf":[],"yoast_head":"<!-- This site is optimized with the Yoast SEO plugin v27.4 - https:\/\/yoast.com\/product\/yoast-seo-wordpress\/ -->\n<title>Caron EC70: Elektrischer Transporter f\u00fcr nachhaltiges Arbeiten - Organisator<\/title>\n<meta name=\"description\" content=\"Caron EC70: Vollelektrischer Transporter mit 50 kW, 40 kWh Batterie und 100% Steigf\u00e4higkeit f\u00fcr nachhaltige Land- und Kommunaltechnik.\" \/>\n<meta name=\"robots\" content=\"index, follow, max-snippet:-1, max-image-preview:large, max-video-preview:-1\" \/>\n<link rel=\"canonical\" href=\"https:\/\/www.organisator.ch\/en\/sustainability\/2026-04-01\/caron-ec70-elektrischer-transporter-fuer-nachhaltiges-arbeiten\/\" \/>\n<meta property=\"og:locale\" content=\"en_US\" \/>\n<meta property=\"og:type\" content=\"article\" \/>\n<meta property=\"og:title\" content=\"Caron EC70: Elektrischer Transporter f\u00fcr nachhaltiges Arbeiten\" \/>\n<meta property=\"og:description\" content=\"Caron EC70: Vollelektrischer Transporter mit 50 kW, 40 kWh Batterie und 100% Steigf\u00e4higkeit f\u00fcr nachhaltige Land- und Kommunaltechnik.\" \/>\n<meta property=\"og:url\" content=\"https:\/\/www.organisator.ch\/en\/sustainability\/2026-04-01\/caron-ec70-elektrischer-transporter-fuer-nachhaltiges-arbeiten\/\" \/>\n<meta property=\"og:site_name\" content=\"Organisator\" \/>\n<meta property=\"article:publisher\" content=\"https:\/\/www.facebook.com\/OrganisatorFachmagazin\" \/>\n<meta property=\"article:published_time\" content=\"2026-04-01T06:26:49+00:00\" \/>\n<meta property=\"og:image\" content=\"https:\/\/www.organisator.ch\/wp-content\/uploads\/2026\/03\/Elektrischer-Caron-Transporter-EC70_Z8F_2574-scaled.jpg\" \/>\n\t<meta property=\"og:image:width\" content=\"1400\" \/>\n\t<meta property=\"og:image:height\" content=\"933\" \/>\n\t<meta property=\"og:image:type\" content=\"image\/jpeg\" \/>\n<meta name=\"author\" content=\"n8n\" \/>\n<meta name=\"twitter:card\" content=\"summary_large_image\" \/>\n<meta name=\"twitter:title\" content=\"Caron EC70: Elektrischer #Transporter f\u00fcr nachhaltiges Arbeiten\" \/>\n<meta name=\"twitter:description\" content=\"#Caron EC70: Vollelektrischer #Transporter mit 50 kW, 40 kWh Batterie und 100% Steigf\u00e4higkeit f\u00fcr nachhaltige Land- und #Kommunaltechnik.\" \/>\n<meta name=\"twitter:image\" content=\"https:\/\/www.organisator.ch\/wp-content\/uploads\/2026\/03\/Elektrischer-Caron-Transporter-EC70_Z8F_2574-scaled.jpg\" \/>\n<script type=\"application\/ld+json\" class=\"yoast-schema-graph\">{\"@context\":\"https:\\\/\\\/schema.org\",\"@graph\":[{\"@type\":\"Article\",\"@id\":\"https:\\\/\\\/www.organisator.ch\\\/sustainability\\\/2026-04-01\\\/caron-ec70-elektrischer-transporter-fuer-nachhaltiges-arbeiten\\\/#article\",\"isPartOf\":{\"@id\":\"https:\\\/\\\/www.organisator.ch\\\/sustainability\\\/2026-04-01\\\/caron-ec70-elektrischer-transporter-fuer-nachhaltiges-arbeiten\\\/\"},\"author\":{\"name\":\"n8n\",\"@id\":\"https:\\\/\\\/www.organisator.ch\\\/#\\\/schema\\\/person\\\/a9d0e0eff238db87a8f840f3b50359f0\"},\"headline\":\"Caron EC70: Elektrischer Transporter f\u00fcr nachhaltiges Arbeiten\",\"datePublished\":\"2026-04-01T06:26:49+00:00\",\"mainEntityOfPage\":{\"@id\":\"https:\\\/\\\/www.organisator.ch\\\/sustainability\\\/2026-04-01\\\/caron-ec70-elektrischer-transporter-fuer-nachhaltiges-arbeiten\\\/\"},\"wordCount\":547,\"publisher\":{\"@id\":\"https:\\\/\\\/www.organisator.ch\\\/#organization\"},\"image\":{\"@id\":\"https:\\\/\\\/www.organisator.ch\\\/sustainability\\\/2026-04-01\\\/caron-ec70-elektrischer-transporter-fuer-nachhaltiges-arbeiten\\\/#primaryimage\"},\"thumbnailUrl\":\"https:\\\/\\\/www.organisator.ch\\\/wp-content\\\/uploads\\\/2026\\\/03\\\/Elektrischer-Caron-Transporter-EC70_Z8F_2574-scaled.jpg\",\"keywords\":[\"E-Mobilit\u00e4t\",\"Kommunalfahrzeuge\",\"Produkte\"],\"articleSection\":[\"SUSTAINABILITY\"],\"inLanguage\":\"en-US\"},{\"@type\":\"WebPage\",\"@id\":\"https:\\\/\\\/www.organisator.ch\\\/sustainability\\\/2026-04-01\\\/caron-ec70-elektrischer-transporter-fuer-nachhaltiges-arbeiten\\\/\",\"url\":\"https:\\\/\\\/www.organisator.ch\\\/sustainability\\\/2026-04-01\\\/caron-ec70-elektrischer-transporter-fuer-nachhaltiges-arbeiten\\\/\",\"name\":\"Caron EC70: Elektrischer Transporter f\u00fcr nachhaltiges Arbeiten - Organisator\",\"isPartOf\":{\"@id\":\"https:\\\/\\\/www.organisator.ch\\\/#website\"},\"primaryImageOfPage\":{\"@id\":\"https:\\\/\\\/www.organisator.ch\\\/sustainability\\\/2026-04-01\\\/caron-ec70-elektrischer-transporter-fuer-nachhaltiges-arbeiten\\\/#primaryimage\"},\"image\":{\"@id\":\"https:\\\/\\\/www.organisator.ch\\\/sustainability\\\/2026-04-01\\\/caron-ec70-elektrischer-transporter-fuer-nachhaltiges-arbeiten\\\/#primaryimage\"},\"thumbnailUrl\":\"https:\\\/\\\/www.organisator.ch\\\/wp-content\\\/uploads\\\/2026\\\/03\\\/Elektrischer-Caron-Transporter-EC70_Z8F_2574-scaled.jpg\",\"datePublished\":\"2026-04-01T06:26:49+00:00\",\"description\":\"Caron EC70: Vollelektrischer Transporter mit 50 kW, 40 kWh Batterie und 100% Steigf\u00e4higkeit f\u00fcr nachhaltige Land- und Kommunaltechnik.\",\"breadcrumb\":{\"@id\":\"https:\\\/\\\/www.organisator.ch\\\/sustainability\\\/2026-04-01\\\/caron-ec70-elektrischer-transporter-fuer-nachhaltiges-arbeiten\\\/#breadcrumb\"},\"inLanguage\":\"en-US\",\"potentialAction\":[{\"@type\":\"ReadAction\",\"target\":[\"https:\\\/\\\/www.organisator.ch\\\/sustainability\\\/2026-04-01\\\/caron-ec70-elektrischer-transporter-fuer-nachhaltiges-arbeiten\\\/\"]}]},{\"@type\":\"ImageObject\",\"inLanguage\":\"en-US\",\"@id\":\"https:\\\/\\\/www.organisator.ch\\\/sustainability\\\/2026-04-01\\\/caron-ec70-elektrischer-transporter-fuer-nachhaltiges-arbeiten\\\/#primaryimage\",\"url\":\"https:\\\/\\\/www.organisator.ch\\\/wp-content\\\/uploads\\\/2026\\\/03\\\/Elektrischer-Caron-Transporter-EC70_Z8F_2574-scaled.jpg\",\"contentUrl\":\"https:\\\/\\\/www.organisator.ch\\\/wp-content\\\/uploads\\\/2026\\\/03\\\/Elektrischer-Caron-Transporter-EC70_Z8F_2574-scaled.jpg\",\"width\":1400,\"height\":933,\"caption\":\"Caron EC70: Neuer elektrischer Transporter mit 5000 kg Gesamtgewicht. Quelle: zvg\"},{\"@type\":\"BreadcrumbList\",\"@id\":\"https:\\\/\\\/www.organisator.ch\\\/sustainability\\\/2026-04-01\\\/caron-ec70-elektrischer-transporter-fuer-nachhaltiges-arbeiten\\\/#breadcrumb\",\"itemListElement\":[{\"@type\":\"ListItem\",\"position\":1,\"name\":\"Home\",\"item\":\"https:\\\/\\\/www.organisator.ch\\\/\"},{\"@type\":\"ListItem\",\"position\":2,\"name\":\"Caron EC70: Elektrischer Transporter f\u00fcr nachhaltiges Arbeiten\"}]},{\"@type\":\"WebSite\",\"@id\":\"https:\\\/\\\/www.organisator.ch\\\/#website\",\"url\":\"https:\\\/\\\/www.organisator.ch\\\/\",\"name\":\"Organisator\",\"description\":\"Kompetent. Praxisnah. Der ORGANISATOR bereitet in 10 Ausgaben pro Jahr die wesentlichen Themen f\u00fcr F\u00fchrungskr\u00e4fte von KMU auf.\",\"publisher\":{\"@id\":\"https:\\\/\\\/www.organisator.ch\\\/#organization\"},\"potentialAction\":[{\"@type\":\"SearchAction\",\"target\":{\"@type\":\"EntryPoint\",\"urlTemplate\":\"https:\\\/\\\/www.organisator.ch\\\/?s={search_term_string}\"},\"query-input\":{\"@type\":\"PropertyValueSpecification\",\"valueRequired\":true,\"valueName\":\"search_term_string\"}}],\"inLanguage\":\"en-US\"},{\"@type\":\"Organization\",\"@id\":\"https:\\\/\\\/www.organisator.ch\\\/#organization\",\"name\":\"Organisator\",\"url\":\"https:\\\/\\\/www.organisator.ch\\\/\",\"logo\":{\"@type\":\"ImageObject\",\"inLanguage\":\"en-US\",\"@id\":\"https:\\\/\\\/www.organisator.ch\\\/#\\\/schema\\\/logo\\\/image\\\/\",\"url\":\"https:\\\/\\\/www.organisator.ch\\\/wp-content\\\/uploads\\\/2022\\\/01\\\/Logo_Organisator_Website.png\",\"contentUrl\":\"https:\\\/\\\/www.organisator.ch\\\/wp-content\\\/uploads\\\/2022\\\/01\\\/Logo_Organisator_Website.png\",\"width\":800,\"height\":77,\"caption\":\"Organisator\"},\"image\":{\"@id\":\"https:\\\/\\\/www.organisator.ch\\\/#\\\/schema\\\/logo\\\/image\\\/\"},\"sameAs\":[\"https:\\\/\\\/www.facebook.com\\\/OrganisatorFachmagazin\",\"https:\\\/\\\/www.linkedin.com\\\/showcase\\\/organisator-das-magazin-fr-kmu\",\"https:\\\/\\\/www.xing.com\\\/news\\\/pages\\\/organisator-ch-695\",\"https:\\\/\\\/www.youtube.com\\\/channel\\\/UCGP2Sq0iWaZwT3BdIAQFYpw\"]},{\"@type\":\"Person\",\"@id\":\"https:\\\/\\\/www.organisator.ch\\\/#\\\/schema\\\/person\\\/a9d0e0eff238db87a8f840f3b50359f0\",\"name\":\"n8n\",\"image\":{\"@type\":\"ImageObject\",\"inLanguage\":\"en-US\",\"@id\":\"https:\\\/\\\/secure.gravatar.com\\\/avatar\\\/5368fb9d03fd415a6f335cece4c15af2502d6ca8651efbd6e8f98427a9795400?s=96&d=mm&r=g\",\"url\":\"https:\\\/\\\/secure.gravatar.com\\\/avatar\\\/5368fb9d03fd415a6f335cece4c15af2502d6ca8651efbd6e8f98427a9795400?s=96&d=mm&r=g\",\"contentUrl\":\"https:\\\/\\\/secure.gravatar.com\\\/avatar\\\/5368fb9d03fd415a6f335cece4c15af2502d6ca8651efbd6e8f98427a9795400?s=96&d=mm&r=g\",\"caption\":\"n8n\"},\"url\":\"https:\\\/\\\/www.organisator.ch\\\/en\\\/author\\\/n8n\\\/\"}]}<\/script>\n<!-- \/ Yoast SEO plugin. -->","yoast_head_json":{"title":"Caron EC70: Electric transporter for sustainable working - Organizer","description":"Caron EC70: Fully electric transporter with 50 kW, 40 kWh battery and 100% climbing ability for sustainable agricultural and municipal technology.","robots":{"index":"index","follow":"follow","max-snippet":"max-snippet:-1","max-image-preview":"max-image-preview:large","max-video-preview":"max-video-preview:-1"},"canonical":"https:\/\/www.organisator.ch\/en\/sustainability\/2026-04-01\/caron-ec70-elektrischer-transporter-fuer-nachhaltiges-arbeiten\/","og_locale":"en_US","og_type":"article","og_title":"Caron EC70: Elektrischer Transporter f\u00fcr nachhaltiges Arbeiten","og_description":"Caron EC70: Vollelektrischer Transporter mit 50 kW, 40 kWh Batterie und 100% Steigf\u00e4higkeit f\u00fcr nachhaltige Land- und Kommunaltechnik.","og_url":"https:\/\/www.organisator.ch\/en\/sustainability\/2026-04-01\/caron-ec70-elektrischer-transporter-fuer-nachhaltiges-arbeiten\/","og_site_name":"Organisator","article_publisher":"https:\/\/www.facebook.com\/OrganisatorFachmagazin","article_published_time":"2026-04-01T06:26:49+00:00","og_image":[{"width":1400,"height":933,"url":"https:\/\/www.organisator.ch\/wp-content\/uploads\/2026\/03\/Elektrischer-Caron-Transporter-EC70_Z8F_2574-scaled.jpg","type":"image\/jpeg"}],"author":"n8n","twitter_card":"summary_large_image","twitter_title":"Caron EC70: Elektrischer #Transporter f\u00fcr nachhaltiges Arbeiten","twitter_description":"#Caron EC70: Vollelektrischer #Transporter mit 50 kW, 40 kWh Batterie und 100% Steigf\u00e4higkeit f\u00fcr nachhaltige Land- und #Kommunaltechnik.","twitter_image":"https:\/\/www.organisator.ch\/wp-content\/uploads\/2026\/03\/Elektrischer-Caron-Transporter-EC70_Z8F_2574-scaled.jpg","schema":{"@context":"https:\/\/schema.org","@graph":[{"@type":"Article","@id":"https:\/\/www.organisator.ch\/sustainability\/2026-04-01\/caron-ec70-elektrischer-transporter-fuer-nachhaltiges-arbeiten\/#article","isPartOf":{"@id":"https:\/\/www.organisator.ch\/sustainability\/2026-04-01\/caron-ec70-elektrischer-transporter-fuer-nachhaltiges-arbeiten\/"},"author":{"name":"n8n","@id":"https:\/\/www.organisator.ch\/#\/schema\/person\/a9d0e0eff238db87a8f840f3b50359f0"},"headline":"Caron EC70: Elektrischer Transporter f\u00fcr nachhaltiges Arbeiten","datePublished":"2026-04-01T06:26:49+00:00","mainEntityOfPage":{"@id":"https:\/\/www.organisator.ch\/sustainability\/2026-04-01\/caron-ec70-elektrischer-transporter-fuer-nachhaltiges-arbeiten\/"},"wordCount":547,"publisher":{"@id":"https:\/\/www.organisator.ch\/#organization"},"image":{"@id":"https:\/\/www.organisator.ch\/sustainability\/2026-04-01\/caron-ec70-elektrischer-transporter-fuer-nachhaltiges-arbeiten\/#primaryimage"},"thumbnailUrl":"https:\/\/www.organisator.ch\/wp-content\/uploads\/2026\/03\/Elektrischer-Caron-Transporter-EC70_Z8F_2574-scaled.jpg","keywords":["E-Mobilit\u00e4t","Kommunalfahrzeuge","Produkte"],"articleSection":["SUSTAINABILITY"],"inLanguage":"en-US"},{"@type":"WebPage","@id":"https:\/\/www.organisator.ch\/sustainability\/2026-04-01\/caron-ec70-elektrischer-transporter-fuer-nachhaltiges-arbeiten\/","url":"https:\/\/www.organisator.ch\/sustainability\/2026-04-01\/caron-ec70-elektrischer-transporter-fuer-nachhaltiges-arbeiten\/","name":"Caron EC70: Electric transporter for sustainable working - Organizer","isPartOf":{"@id":"https:\/\/www.organisator.ch\/#website"},"primaryImageOfPage":{"@id":"https:\/\/www.organisator.ch\/sustainability\/2026-04-01\/caron-ec70-elektrischer-transporter-fuer-nachhaltiges-arbeiten\/#primaryimage"},"image":{"@id":"https:\/\/www.organisator.ch\/sustainability\/2026-04-01\/caron-ec70-elektrischer-transporter-fuer-nachhaltiges-arbeiten\/#primaryimage"},"thumbnailUrl":"https:\/\/www.organisator.ch\/wp-content\/uploads\/2026\/03\/Elektrischer-Caron-Transporter-EC70_Z8F_2574-scaled.jpg","datePublished":"2026-04-01T06:26:49+00:00","description":"Caron EC70: Fully electric transporter with 50 kW, 40 kWh battery and 100% climbing ability for sustainable agricultural and municipal technology.","breadcrumb":{"@id":"https:\/\/www.organisator.ch\/sustainability\/2026-04-01\/caron-ec70-elektrischer-transporter-fuer-nachhaltiges-arbeiten\/#breadcrumb"},"inLanguage":"en-US","potentialAction":[{"@type":"ReadAction","target":["https:\/\/www.organisator.ch\/sustainability\/2026-04-01\/caron-ec70-elektrischer-transporter-fuer-nachhaltiges-arbeiten\/"]}]},{"@type":"ImageObject","inLanguage":"en-US","@id":"https:\/\/www.organisator.ch\/sustainability\/2026-04-01\/caron-ec70-elektrischer-transporter-fuer-nachhaltiges-arbeiten\/#primaryimage","url":"https:\/\/www.organisator.ch\/wp-content\/uploads\/2026\/03\/Elektrischer-Caron-Transporter-EC70_Z8F_2574-scaled.jpg","contentUrl":"https:\/\/www.organisator.ch\/wp-content\/uploads\/2026\/03\/Elektrischer-Caron-Transporter-EC70_Z8F_2574-scaled.jpg","width":1400,"height":933,"caption":"Caron EC70: Neuer elektrischer Transporter mit 5000 kg Gesamtgewicht. Quelle: zvg"},{"@type":"BreadcrumbList","@id":"https:\/\/www.organisator.ch\/sustainability\/2026-04-01\/caron-ec70-elektrischer-transporter-fuer-nachhaltiges-arbeiten\/#breadcrumb","itemListElement":[{"@type":"ListItem","position":1,"name":"Home","item":"https:\/\/www.organisator.ch\/"},{"@type":"ListItem","position":2,"name":"Caron EC70: Elektrischer Transporter f\u00fcr nachhaltiges Arbeiten"}]},{"@type":"WebSite","@id":"https:\/\/www.organisator.ch\/#website","url":"https:\/\/www.organisator.ch\/","name":"Organizer","description":"Competent. Practical. In 10 issues per year, ORGANISATOR presents the essential topics for managers of SMEs.","publisher":{"@id":"https:\/\/www.organisator.ch\/#organization"},"potentialAction":[{"@type":"SearchAction","target":{"@type":"EntryPoint","urlTemplate":"https:\/\/www.organisator.ch\/?s={search_term_string}"},"query-input":{"@type":"PropertyValueSpecification","valueRequired":true,"valueName":"search_term_string"}}],"inLanguage":"en-US"},{"@type":"Organization","@id":"https:\/\/www.organisator.ch\/#organization","name":"Organizer","url":"https:\/\/www.organisator.ch\/","logo":{"@type":"ImageObject","inLanguage":"en-US","@id":"https:\/\/www.organisator.ch\/#\/schema\/logo\/image\/","url":"https:\/\/www.organisator.ch\/wp-content\/uploads\/2022\/01\/Logo_Organisator_Website.png","contentUrl":"https:\/\/www.organisator.ch\/wp-content\/uploads\/2022\/01\/Logo_Organisator_Website.png","width":800,"height":77,"caption":"Organisator"},"image":{"@id":"https:\/\/www.organisator.ch\/#\/schema\/logo\/image\/"},"sameAs":["https:\/\/www.facebook.com\/OrganisatorFachmagazin","https:\/\/www.linkedin.com\/showcase\/organisator-das-magazin-fr-kmu","https:\/\/www.xing.com\/news\/pages\/organisator-ch-695","https:\/\/www.youtube.com\/channel\/UCGP2Sq0iWaZwT3BdIAQFYpw"]},{"@type":"Person","@id":"https:\/\/www.organisator.ch\/#\/schema\/person\/a9d0e0eff238db87a8f840f3b50359f0","name":"n8n","image":{"@type":"ImageObject","inLanguage":"en-US","@id":"https:\/\/secure.gravatar.com\/avatar\/5368fb9d03fd415a6f335cece4c15af2502d6ca8651efbd6e8f98427a9795400?s=96&d=mm&r=g","url":"https:\/\/secure.gravatar.com\/avatar\/5368fb9d03fd415a6f335cece4c15af2502d6ca8651efbd6e8f98427a9795400?s=96&d=mm&r=g","contentUrl":"https:\/\/secure.gravatar.com\/avatar\/5368fb9d03fd415a6f335cece4c15af2502d6ca8651efbd6e8f98427a9795400?s=96&d=mm&r=g","caption":"n8n"},"url":"https:\/\/www.organisator.ch\/en\/author\/n8n\/"}]}},"_links":{"self":[{"href":"https:\/\/www.organisator.ch\/en\/wp-json\/wp\/v2\/posts\/46869","targetHints":{"allow":["GET"]}}],"collection":[{"href":"https:\/\/www.organisator.ch\/en\/wp-json\/wp\/v2\/posts"}],"about":[{"href":"https:\/\/www.organisator.ch\/en\/wp-json\/wp\/v2\/types\/post"}],"author":[{"embeddable":true,"href":"https:\/\/www.organisator.ch\/en\/wp-json\/wp\/v2\/users\/107"}],"replies":[{"embeddable":true,"href":"https:\/\/www.organisator.ch\/en\/wp-json\/wp\/v2\/comments?post=46869"}],"version-history":[{"count":5,"href":"https:\/\/www.organisator.ch\/en\/wp-json\/wp\/v2\/posts\/46869\/revisions"}],"predecessor-version":[{"id":46946,"href":"https:\/\/www.organisator.ch\/en\/wp-json\/wp\/v2\/posts\/46869\/revisions\/46946"}],"wp:featuredmedia":[{"embeddable":true,"href":"https:\/\/www.organisator.ch\/en\/wp-json\/wp\/v2\/media\/46868"}],"wp:attachment":[{"href":"https:\/\/www.organisator.ch\/en\/wp-json\/wp\/v2\/media?parent=46869"}],"wp:term":[{"taxonomy":"category","embeddable":true,"href":"https:\/\/www.organisator.ch\/en\/wp-json\/wp\/v2\/categories?post=46869"},{"taxonomy":"post_tag","embeddable":true,"href":"https:\/\/www.organisator.ch\/en\/wp-json\/wp\/v2\/tags?post=46869"}],"curies":[{"name":"wp","href":"https:\/\/api.w.org\/{rel}","templated":true}]}}