{"id":46916,"date":"2026-04-01T13:33:18","date_gmt":"2026-04-01T11:33:18","guid":{"rendered":"https:\/\/www.organisator.ch\/?p=46916"},"modified":"2026-04-01T13:33:18","modified_gmt":"2026-04-01T11:33:18","slug":"remo-studer-wird-neuer-cfo-von-opacc","status":"publish","type":"post","link":"https:\/\/www.organisator.ch\/en\/management\/2026-04-01\/remo-studer-wird-neuer-cfo-von-opacc\/","title":{"rendered":"Remo Studer becomes new CFO of Opacc"},"content":{"rendered":"<figure id=\"attachment_46917\" aria-describedby=\"caption-attachment-46917\" style=\"width: 680px\" class=\"wp-caption alignnone\"><img loading=\"lazy\" decoding=\"async\" class=\"size-full wp-image-46917\" src=\"https:\/\/www.organisator.ch\/wp-content\/uploads\/2026\/04\/Remo-Studer-wird-neuer-CFO-von-Opacc_Organisator.jpg\" alt=\"\" width=\"680\" height=\"512\" srcset=\"https:\/\/www.organisator.ch\/wp-content\/uploads\/2026\/04\/Remo-Studer-wird-neuer-CFO-von-Opacc_Organisator.jpg 680w, https:\/\/www.organisator.ch\/wp-content\/uploads\/2026\/04\/Remo-Studer-wird-neuer-CFO-von-Opacc_Organisator-16x12.jpg 16w, https:\/\/www.organisator.ch\/wp-content\/uploads\/2026\/04\/Remo-Studer-wird-neuer-CFO-von-Opacc_Organisator-375x282.jpg 375w, https:\/\/www.organisator.ch\/wp-content\/uploads\/2026\/04\/Remo-Studer-wird-neuer-CFO-von-Opacc_Organisator-465x350.jpg 465w\" sizes=\"auto, (max-width: 680px) 100vw, 680px\" \/><figcaption id=\"caption-attachment-46917\" class=\"wp-caption-text\">Remo Studer (right) replaces Regina Gripenberg as CFO at Opacc. (Image: Opacc)<\/figcaption><\/figure>\n<p>A 24-year era is coming to an end: Regina Gripenberg, responsible for Finance and HR at Opacc Software AG until the end of March, is handing over her position to her successor Remo Studer. Regina Gripenberg comes from the hotel and tourism industry and joined Opacc, which was still a small company at the time. She shaped the company's development through stable finances and the consistent development of the administration. Among other things, she introduced a structured company health management system (Friendly Work Space certification). Regina Gripenberg will continue to contribute her experience to the Opacc Board of Directors, but will now have more time for her leisure activities such as traveling and golf.<\/p>\n<h3>Remo Studer takes over<\/h3>\n<p>Remo Studer (50) has been with Opacc since December 2025 and took over the CFO function after a structured handover and is a member of Group Management. He completed a commercial apprenticeship at Alpiq and took on a management position at Swisscom at an early stage. Remo Studer holds a bachelor's degree in business administration from the FHNW. He has also worked for ABB and Franke. As CFO at Montech for many years, he was responsible for finance, HR, IT and international expansion. Remo Studer has an entrepreneurial mindset, strong analytical skills and a broad skill set. \u00abI am delighted to be taking on responsibility as CFO at Opacc. Together with Group Management and our employees, I want to actively shape the future and make my contribution to sustainable growth. I would like to thank Regina Gripenberg for her many years of formative work and the strong foundation on which I can build,\u00bb says the newly appointed CFO. Opacc is thus ensuring continuity and strengthening the further development of its financial and management structures in line with its long-term corporate strategy.<\/p>\n<p><em>Source and further information: <a href=\"http:\/\/www.opacc.ch\">www.opacc.ch<\/a><\/em><\/p>","protected":false},"excerpt":{"rendered":"<p>Change of chair in the management of Opacc Software AG: the previous Head of Finance and HR, Regina Gripenberg, has handed over her office to Remo Studer and is taking early retirement.<\/p>","protected":false},"author":4,"featured_media":46917,"comment_status":"closed","ping_status":"closed","sticky":false,"template":"","format":"standard","meta":{"_acf_changed":false,"_yoast_wpseo_focuskw":"Opacc","_yoast_wpseo_metadesc":"Sesselwechsel im Management von Opacc: Die bisherige Finanz- und HR-Chefin Regina Gripenberg hat ihr Amt an Remo Studer weitergegeben.","articlekey":"","footnotes":""},"categories":[28],"tags":[111,335,381,492],"class_list":["post-46916","post","type-post","status-publish","format-standard","has-post-thumbnail","hentry","category-management","tag-cfo","tag-management-und-unternehmensfuehrung","tag-personalia","tag-unternehmen"],"acf":[],"yoast_head":"<!-- This site is optimized with the Yoast SEO plugin v27.4 - https:\/\/yoast.com\/product\/yoast-seo-wordpress\/ -->\n<title>Remo Studer wird neuer CFO von Opacc - Organisator<\/title>\n<meta name=\"description\" content=\"Sesselwechsel im Management von Opacc: Die bisherige Finanz- und HR-Chefin Regina Gripenberg hat ihr Amt an Remo Studer weitergegeben.\" \/>\n<meta name=\"robots\" content=\"index, follow, max-snippet:-1, max-image-preview:large, max-video-preview:-1\" \/>\n<link rel=\"canonical\" href=\"https:\/\/www.organisator.ch\/en\/management\/2026-04-01\/remo-studer-wird-neuer-cfo-von-opacc\/\" \/>\n<meta property=\"og:locale\" content=\"en_US\" \/>\n<meta property=\"og:type\" content=\"article\" \/>\n<meta property=\"og:title\" content=\"Remo Studer wird neuer CFO von Opacc\" \/>\n<meta property=\"og:description\" content=\"Sesselwechsel im Management von Opacc: Die bisherige Finanz- und HR-Chefin Regina Gripenberg hat ihr Amt an Remo Studer weitergegeben.\" \/>\n<meta property=\"og:url\" content=\"https:\/\/www.organisator.ch\/en\/management\/2026-04-01\/remo-studer-wird-neuer-cfo-von-opacc\/\" \/>\n<meta property=\"og:site_name\" content=\"Organisator\" \/>\n<meta property=\"article:publisher\" content=\"https:\/\/www.facebook.com\/OrganisatorFachmagazin\" \/>\n<meta property=\"article:published_time\" content=\"2026-04-01T11:33:18+00:00\" \/>\n<meta property=\"og:image\" content=\"https:\/\/www.organisator.ch\/wp-content\/uploads\/2026\/04\/Remo-Studer-wird-neuer-CFO-von-Opacc_Organisator.jpg\" \/>\n\t<meta property=\"og:image:width\" content=\"680\" \/>\n\t<meta property=\"og:image:height\" content=\"512\" \/>\n\t<meta property=\"og:image:type\" content=\"image\/jpeg\" \/>\n<meta name=\"author\" content=\"thomas.berner\" \/>\n<meta name=\"twitter:card\" content=\"summary_large_image\" \/>\n<meta name=\"twitter:title\" content=\"Remo Studer wird neuer #CFO von #Opacc\" \/>\n<meta name=\"twitter:description\" content=\"Sesselwechsel im Management von #Opacc: Die bisherige Finanz- und HR-Chefin Regina Gripenberg hat ihr Amt an Remo Studer weitergegeben.\" \/>\n<meta name=\"twitter:image\" content=\"https:\/\/www.organisator.ch\/wp-content\/uploads\/2026\/04\/Remo-Studer-wird-neuer-CFO-von-Opacc_Organisator.jpg\" \/>\n<script type=\"application\/ld+json\" class=\"yoast-schema-graph\">{\"@context\":\"https:\\\/\\\/schema.org\",\"@graph\":[{\"@type\":\"Article\",\"@id\":\"https:\\\/\\\/www.organisator.ch\\\/management\\\/2026-04-01\\\/remo-studer-wird-neuer-cfo-von-opacc\\\/#article\",\"isPartOf\":{\"@id\":\"https:\\\/\\\/www.organisator.ch\\\/management\\\/2026-04-01\\\/remo-studer-wird-neuer-cfo-von-opacc\\\/\"},\"author\":{\"name\":\"thomas.berner\",\"@id\":\"https:\\\/\\\/www.organisator.ch\\\/#\\\/schema\\\/person\\\/6f650f90b2842cd4c0cc334b4e36f67e\"},\"headline\":\"Remo Studer wird neuer CFO von Opacc\",\"datePublished\":\"2026-04-01T11:33:18+00:00\",\"mainEntityOfPage\":{\"@id\":\"https:\\\/\\\/www.organisator.ch\\\/management\\\/2026-04-01\\\/remo-studer-wird-neuer-cfo-von-opacc\\\/\"},\"wordCount\":306,\"publisher\":{\"@id\":\"https:\\\/\\\/www.organisator.ch\\\/#organization\"},\"image\":{\"@id\":\"https:\\\/\\\/www.organisator.ch\\\/management\\\/2026-04-01\\\/remo-studer-wird-neuer-cfo-von-opacc\\\/#primaryimage\"},\"thumbnailUrl\":\"https:\\\/\\\/www.organisator.ch\\\/wp-content\\\/uploads\\\/2026\\\/04\\\/Remo-Studer-wird-neuer-CFO-von-Opacc_Organisator.jpg\",\"keywords\":[\"CFO\",\"Management und Unternehmensf\u00fchrung\",\"Personalia\",\"Unternehmen\"],\"articleSection\":[\"MANAGEMENT\"],\"inLanguage\":\"en-US\"},{\"@type\":\"WebPage\",\"@id\":\"https:\\\/\\\/www.organisator.ch\\\/management\\\/2026-04-01\\\/remo-studer-wird-neuer-cfo-von-opacc\\\/\",\"url\":\"https:\\\/\\\/www.organisator.ch\\\/management\\\/2026-04-01\\\/remo-studer-wird-neuer-cfo-von-opacc\\\/\",\"name\":\"Remo Studer wird neuer CFO von Opacc - Organisator\",\"isPartOf\":{\"@id\":\"https:\\\/\\\/www.organisator.ch\\\/#website\"},\"primaryImageOfPage\":{\"@id\":\"https:\\\/\\\/www.organisator.ch\\\/management\\\/2026-04-01\\\/remo-studer-wird-neuer-cfo-von-opacc\\\/#primaryimage\"},\"image\":{\"@id\":\"https:\\\/\\\/www.organisator.ch\\\/management\\\/2026-04-01\\\/remo-studer-wird-neuer-cfo-von-opacc\\\/#primaryimage\"},\"thumbnailUrl\":\"https:\\\/\\\/www.organisator.ch\\\/wp-content\\\/uploads\\\/2026\\\/04\\\/Remo-Studer-wird-neuer-CFO-von-Opacc_Organisator.jpg\",\"datePublished\":\"2026-04-01T11:33:18+00:00\",\"description\":\"Sesselwechsel im Management von Opacc: Die bisherige Finanz- und HR-Chefin Regina Gripenberg hat ihr Amt an Remo Studer weitergegeben.\",\"breadcrumb\":{\"@id\":\"https:\\\/\\\/www.organisator.ch\\\/management\\\/2026-04-01\\\/remo-studer-wird-neuer-cfo-von-opacc\\\/#breadcrumb\"},\"inLanguage\":\"en-US\",\"potentialAction\":[{\"@type\":\"ReadAction\",\"target\":[\"https:\\\/\\\/www.organisator.ch\\\/management\\\/2026-04-01\\\/remo-studer-wird-neuer-cfo-von-opacc\\\/\"]}]},{\"@type\":\"ImageObject\",\"inLanguage\":\"en-US\",\"@id\":\"https:\\\/\\\/www.organisator.ch\\\/management\\\/2026-04-01\\\/remo-studer-wird-neuer-cfo-von-opacc\\\/#primaryimage\",\"url\":\"https:\\\/\\\/www.organisator.ch\\\/wp-content\\\/uploads\\\/2026\\\/04\\\/Remo-Studer-wird-neuer-CFO-von-Opacc_Organisator.jpg\",\"contentUrl\":\"https:\\\/\\\/www.organisator.ch\\\/wp-content\\\/uploads\\\/2026\\\/04\\\/Remo-Studer-wird-neuer-CFO-von-Opacc_Organisator.jpg\",\"width\":680,\"height\":512,\"caption\":\"Remo Studer (rechts) l\u00f6st bei Opacc Regina Gripenberg als CFO ab. (Bild: Opacc)\"},{\"@type\":\"BreadcrumbList\",\"@id\":\"https:\\\/\\\/www.organisator.ch\\\/management\\\/2026-04-01\\\/remo-studer-wird-neuer-cfo-von-opacc\\\/#breadcrumb\",\"itemListElement\":[{\"@type\":\"ListItem\",\"position\":1,\"name\":\"Home\",\"item\":\"https:\\\/\\\/www.organisator.ch\\\/\"},{\"@type\":\"ListItem\",\"position\":2,\"name\":\"Remo Studer wird neuer CFO von Opacc\"}]},{\"@type\":\"WebSite\",\"@id\":\"https:\\\/\\\/www.organisator.ch\\\/#website\",\"url\":\"https:\\\/\\\/www.organisator.ch\\\/\",\"name\":\"Organisator\",\"description\":\"Kompetent. Praxisnah. Der ORGANISATOR bereitet in 10 Ausgaben pro Jahr die wesentlichen Themen f\u00fcr F\u00fchrungskr\u00e4fte von KMU auf.\",\"publisher\":{\"@id\":\"https:\\\/\\\/www.organisator.ch\\\/#organization\"},\"potentialAction\":[{\"@type\":\"SearchAction\",\"target\":{\"@type\":\"EntryPoint\",\"urlTemplate\":\"https:\\\/\\\/www.organisator.ch\\\/?s={search_term_string}\"},\"query-input\":{\"@type\":\"PropertyValueSpecification\",\"valueRequired\":true,\"valueName\":\"search_term_string\"}}],\"inLanguage\":\"en-US\"},{\"@type\":\"Organization\",\"@id\":\"https:\\\/\\\/www.organisator.ch\\\/#organization\",\"name\":\"Organisator\",\"url\":\"https:\\\/\\\/www.organisator.ch\\\/\",\"logo\":{\"@type\":\"ImageObject\",\"inLanguage\":\"en-US\",\"@id\":\"https:\\\/\\\/www.organisator.ch\\\/#\\\/schema\\\/logo\\\/image\\\/\",\"url\":\"https:\\\/\\\/www.organisator.ch\\\/wp-content\\\/uploads\\\/2022\\\/01\\\/Logo_Organisator_Website.png\",\"contentUrl\":\"https:\\\/\\\/www.organisator.ch\\\/wp-content\\\/uploads\\\/2022\\\/01\\\/Logo_Organisator_Website.png\",\"width\":800,\"height\":77,\"caption\":\"Organisator\"},\"image\":{\"@id\":\"https:\\\/\\\/www.organisator.ch\\\/#\\\/schema\\\/logo\\\/image\\\/\"},\"sameAs\":[\"https:\\\/\\\/www.facebook.com\\\/OrganisatorFachmagazin\",\"https:\\\/\\\/www.linkedin.com\\\/showcase\\\/organisator-das-magazin-fr-kmu\",\"https:\\\/\\\/www.xing.com\\\/news\\\/pages\\\/organisator-ch-695\",\"https:\\\/\\\/www.youtube.com\\\/channel\\\/UCGP2Sq0iWaZwT3BdIAQFYpw\"]},{\"@type\":\"Person\",\"@id\":\"https:\\\/\\\/www.organisator.ch\\\/#\\\/schema\\\/person\\\/6f650f90b2842cd4c0cc334b4e36f67e\",\"name\":\"thomas.berner\",\"image\":{\"@type\":\"ImageObject\",\"inLanguage\":\"en-US\",\"@id\":\"https:\\\/\\\/secure.gravatar.com\\\/avatar\\\/ac5001d2a36cb6c6cd3e50789007ffca834b477b74a2144564522e944eabff61?s=96&d=mm&r=g\",\"url\":\"https:\\\/\\\/secure.gravatar.com\\\/avatar\\\/ac5001d2a36cb6c6cd3e50789007ffca834b477b74a2144564522e944eabff61?s=96&d=mm&r=g\",\"contentUrl\":\"https:\\\/\\\/secure.gravatar.com\\\/avatar\\\/ac5001d2a36cb6c6cd3e50789007ffca834b477b74a2144564522e944eabff61?s=96&d=mm&r=g\",\"caption\":\"thomas.berner\"},\"url\":\"https:\\\/\\\/www.organisator.ch\\\/en\\\/author\\\/thomas-berner\\\/\"}]}<\/script>\n<!-- \/ Yoast SEO plugin. -->","yoast_head_json":{"title":"Remo Studer becomes new CFO of Opacc - Organizer","description":"A change in management at Opacc: the previous Head of Finance and HR, Regina Gripenberg, has handed over her position to Remo Studer.","robots":{"index":"index","follow":"follow","max-snippet":"max-snippet:-1","max-image-preview":"max-image-preview:large","max-video-preview":"max-video-preview:-1"},"canonical":"https:\/\/www.organisator.ch\/en\/management\/2026-04-01\/remo-studer-wird-neuer-cfo-von-opacc\/","og_locale":"en_US","og_type":"article","og_title":"Remo Studer wird neuer CFO von Opacc","og_description":"Sesselwechsel im Management von Opacc: Die bisherige Finanz- und HR-Chefin Regina Gripenberg hat ihr Amt an Remo Studer weitergegeben.","og_url":"https:\/\/www.organisator.ch\/en\/management\/2026-04-01\/remo-studer-wird-neuer-cfo-von-opacc\/","og_site_name":"Organisator","article_publisher":"https:\/\/www.facebook.com\/OrganisatorFachmagazin","article_published_time":"2026-04-01T11:33:18+00:00","og_image":[{"width":680,"height":512,"url":"https:\/\/www.organisator.ch\/wp-content\/uploads\/2026\/04\/Remo-Studer-wird-neuer-CFO-von-Opacc_Organisator.jpg","type":"image\/jpeg"}],"author":"thomas.berner","twitter_card":"summary_large_image","twitter_title":"Remo Studer wird neuer #CFO von #Opacc","twitter_description":"Sesselwechsel im Management von #Opacc: Die bisherige Finanz- und HR-Chefin Regina Gripenberg hat ihr Amt an Remo Studer weitergegeben.","twitter_image":"https:\/\/www.organisator.ch\/wp-content\/uploads\/2026\/04\/Remo-Studer-wird-neuer-CFO-von-Opacc_Organisator.jpg","schema":{"@context":"https:\/\/schema.org","@graph":[{"@type":"Article","@id":"https:\/\/www.organisator.ch\/management\/2026-04-01\/remo-studer-wird-neuer-cfo-von-opacc\/#article","isPartOf":{"@id":"https:\/\/www.organisator.ch\/management\/2026-04-01\/remo-studer-wird-neuer-cfo-von-opacc\/"},"author":{"name":"thomas.berner","@id":"https:\/\/www.organisator.ch\/#\/schema\/person\/6f650f90b2842cd4c0cc334b4e36f67e"},"headline":"Remo Studer wird neuer CFO von Opacc","datePublished":"2026-04-01T11:33:18+00:00","mainEntityOfPage":{"@id":"https:\/\/www.organisator.ch\/management\/2026-04-01\/remo-studer-wird-neuer-cfo-von-opacc\/"},"wordCount":306,"publisher":{"@id":"https:\/\/www.organisator.ch\/#organization"},"image":{"@id":"https:\/\/www.organisator.ch\/management\/2026-04-01\/remo-studer-wird-neuer-cfo-von-opacc\/#primaryimage"},"thumbnailUrl":"https:\/\/www.organisator.ch\/wp-content\/uploads\/2026\/04\/Remo-Studer-wird-neuer-CFO-von-Opacc_Organisator.jpg","keywords":["CFO","Management und Unternehmensf\u00fchrung","Personalia","Unternehmen"],"articleSection":["MANAGEMENT"],"inLanguage":"en-US"},{"@type":"WebPage","@id":"https:\/\/www.organisator.ch\/management\/2026-04-01\/remo-studer-wird-neuer-cfo-von-opacc\/","url":"https:\/\/www.organisator.ch\/management\/2026-04-01\/remo-studer-wird-neuer-cfo-von-opacc\/","name":"Remo Studer becomes new CFO of Opacc - Organizer","isPartOf":{"@id":"https:\/\/www.organisator.ch\/#website"},"primaryImageOfPage":{"@id":"https:\/\/www.organisator.ch\/management\/2026-04-01\/remo-studer-wird-neuer-cfo-von-opacc\/#primaryimage"},"image":{"@id":"https:\/\/www.organisator.ch\/management\/2026-04-01\/remo-studer-wird-neuer-cfo-von-opacc\/#primaryimage"},"thumbnailUrl":"https:\/\/www.organisator.ch\/wp-content\/uploads\/2026\/04\/Remo-Studer-wird-neuer-CFO-von-Opacc_Organisator.jpg","datePublished":"2026-04-01T11:33:18+00:00","description":"A change in management at Opacc: the previous Head of Finance and HR, Regina Gripenberg, has handed over her position to Remo Studer.","breadcrumb":{"@id":"https:\/\/www.organisator.ch\/management\/2026-04-01\/remo-studer-wird-neuer-cfo-von-opacc\/#breadcrumb"},"inLanguage":"en-US","potentialAction":[{"@type":"ReadAction","target":["https:\/\/www.organisator.ch\/management\/2026-04-01\/remo-studer-wird-neuer-cfo-von-opacc\/"]}]},{"@type":"ImageObject","inLanguage":"en-US","@id":"https:\/\/www.organisator.ch\/management\/2026-04-01\/remo-studer-wird-neuer-cfo-von-opacc\/#primaryimage","url":"https:\/\/www.organisator.ch\/wp-content\/uploads\/2026\/04\/Remo-Studer-wird-neuer-CFO-von-Opacc_Organisator.jpg","contentUrl":"https:\/\/www.organisator.ch\/wp-content\/uploads\/2026\/04\/Remo-Studer-wird-neuer-CFO-von-Opacc_Organisator.jpg","width":680,"height":512,"caption":"Remo Studer (rechts) l\u00f6st bei Opacc Regina Gripenberg als CFO ab. (Bild: Opacc)"},{"@type":"BreadcrumbList","@id":"https:\/\/www.organisator.ch\/management\/2026-04-01\/remo-studer-wird-neuer-cfo-von-opacc\/#breadcrumb","itemListElement":[{"@type":"ListItem","position":1,"name":"Home","item":"https:\/\/www.organisator.ch\/"},{"@type":"ListItem","position":2,"name":"Remo Studer wird neuer CFO von Opacc"}]},{"@type":"WebSite","@id":"https:\/\/www.organisator.ch\/#website","url":"https:\/\/www.organisator.ch\/","name":"Organizer","description":"Competent. Practical. In 10 issues per year, ORGANISATOR presents the essential topics for managers of SMEs.","publisher":{"@id":"https:\/\/www.organisator.ch\/#organization"},"potentialAction":[{"@type":"SearchAction","target":{"@type":"EntryPoint","urlTemplate":"https:\/\/www.organisator.ch\/?s={search_term_string}"},"query-input":{"@type":"PropertyValueSpecification","valueRequired":true,"valueName":"search_term_string"}}],"inLanguage":"en-US"},{"@type":"Organization","@id":"https:\/\/www.organisator.ch\/#organization","name":"Organizer","url":"https:\/\/www.organisator.ch\/","logo":{"@type":"ImageObject","inLanguage":"en-US","@id":"https:\/\/www.organisator.ch\/#\/schema\/logo\/image\/","url":"https:\/\/www.organisator.ch\/wp-content\/uploads\/2022\/01\/Logo_Organisator_Website.png","contentUrl":"https:\/\/www.organisator.ch\/wp-content\/uploads\/2022\/01\/Logo_Organisator_Website.png","width":800,"height":77,"caption":"Organisator"},"image":{"@id":"https:\/\/www.organisator.ch\/#\/schema\/logo\/image\/"},"sameAs":["https:\/\/www.facebook.com\/OrganisatorFachmagazin","https:\/\/www.linkedin.com\/showcase\/organisator-das-magazin-fr-kmu","https:\/\/www.xing.com\/news\/pages\/organisator-ch-695","https:\/\/www.youtube.com\/channel\/UCGP2Sq0iWaZwT3BdIAQFYpw"]},{"@type":"Person","@id":"https:\/\/www.organisator.ch\/#\/schema\/person\/6f650f90b2842cd4c0cc334b4e36f67e","name":"thomas.berner","image":{"@type":"ImageObject","inLanguage":"en-US","@id":"https:\/\/secure.gravatar.com\/avatar\/ac5001d2a36cb6c6cd3e50789007ffca834b477b74a2144564522e944eabff61?s=96&d=mm&r=g","url":"https:\/\/secure.gravatar.com\/avatar\/ac5001d2a36cb6c6cd3e50789007ffca834b477b74a2144564522e944eabff61?s=96&d=mm&r=g","contentUrl":"https:\/\/secure.gravatar.com\/avatar\/ac5001d2a36cb6c6cd3e50789007ffca834b477b74a2144564522e944eabff61?s=96&d=mm&r=g","caption":"thomas.berner"},"url":"https:\/\/www.organisator.ch\/en\/author\/thomas-berner\/"}]}},"_links":{"self":[{"href":"https:\/\/www.organisator.ch\/en\/wp-json\/wp\/v2\/posts\/46916","targetHints":{"allow":["GET"]}}],"collection":[{"href":"https:\/\/www.organisator.ch\/en\/wp-json\/wp\/v2\/posts"}],"about":[{"href":"https:\/\/www.organisator.ch\/en\/wp-json\/wp\/v2\/types\/post"}],"author":[{"embeddable":true,"href":"https:\/\/www.organisator.ch\/en\/wp-json\/wp\/v2\/users\/4"}],"replies":[{"embeddable":true,"href":"https:\/\/www.organisator.ch\/en\/wp-json\/wp\/v2\/comments?post=46916"}],"version-history":[{"count":3,"href":"https:\/\/www.organisator.ch\/en\/wp-json\/wp\/v2\/posts\/46916\/revisions"}],"predecessor-version":[{"id":46986,"href":"https:\/\/www.organisator.ch\/en\/wp-json\/wp\/v2\/posts\/46916\/revisions\/46986"}],"wp:featuredmedia":[{"embeddable":true,"href":"https:\/\/www.organisator.ch\/en\/wp-json\/wp\/v2\/media\/46917"}],"wp:attachment":[{"href":"https:\/\/www.organisator.ch\/en\/wp-json\/wp\/v2\/media?parent=46916"}],"wp:term":[{"taxonomy":"category","embeddable":true,"href":"https:\/\/www.organisator.ch\/en\/wp-json\/wp\/v2\/categories?post=46916"},{"taxonomy":"post_tag","embeddable":true,"href":"https:\/\/www.organisator.ch\/en\/wp-json\/wp\/v2\/tags?post=46916"}],"curies":[{"name":"wp","href":"https:\/\/api.w.org\/{rel}","templated":true}]}}