{"id":4697,"date":"2018-12-18T13:41:20","date_gmt":"2018-12-18T12:41:20","guid":{"rendered":"https:\/\/www.organisator.ch\/?p=4697"},"modified":"2018-12-18T13:41:20","modified_gmt":"2018-12-18T12:41:20","slug":"egeli-gruppe-feiert-75-jahr-jubilaeum","status":"publish","type":"post","link":"https:\/\/www.organisator.ch\/en\/management\/finanzen_recht\/2018-12-18\/egeli-gruppe-feiert-75-jahr-jubilaeum\/","title":{"rendered":"Egeli Group celebrates 75-year anniversary"},"content":{"rendered":"<figure id=\"attachment_4698\" aria-describedby=\"caption-attachment-4698\" style=\"width: 680px\" class=\"wp-caption alignnone\"><img loading=\"lazy\" decoding=\"async\" class=\"size-medium wp-image-4698\" src=\"https:\/\/www.organisator.ch\/wp-content\/uploads\/2018\/12\/Egeli-Gruppe-feiert-75-Jahr-Jubilaeum_Organisator.jpg\" alt=\"\" width=\"680\" height=\"413\" srcset=\"https:\/\/www.organisator.ch\/wp-content\/uploads\/2018\/12\/Egeli-Gruppe-feiert-75-Jahr-Jubilaeum_Organisator.jpg 806w, https:\/\/www.organisator.ch\/wp-content\/uploads\/2018\/12\/Egeli-Gruppe-feiert-75-Jahr-Jubilaeum_Organisator-680x413.jpg 680w, https:\/\/www.organisator.ch\/wp-content\/uploads\/2018\/12\/Egeli-Gruppe-feiert-75-Jahr-Jubilaeum_Organisator-768x466.jpg 768w, https:\/\/www.organisator.ch\/wp-content\/uploads\/2018\/12\/Egeli-Gruppe-feiert-75-Jahr-Jubilaeum_Organisator-16x10.jpg 16w, https:\/\/www.organisator.ch\/wp-content\/uploads\/2018\/12\/Egeli-Gruppe-feiert-75-Jahr-Jubilaeum_Organisator-288x175.jpg 288w, https:\/\/www.organisator.ch\/wp-content\/uploads\/2018\/12\/Egeli-Gruppe-feiert-75-Jahr-Jubilaeum_Organisator-577x350.jpg 577w, https:\/\/www.organisator.ch\/wp-content\/uploads\/2018\/12\/Egeli-Gruppe-feiert-75-Jahr-Jubilaeum_Organisator-300x182.jpg 300w\" sizes=\"auto, (max-width: 680px) 100vw, 680px\" \/><figcaption id=\"caption-attachment-4698\" class=\"wp-caption-text\">The current management of the Egeli Group: 1) Francine Egeli, 2) Raoul Egeli, 3) Eliane Egeli, 4) Werner Egeli, 5) Andreas Feurer (picture taken from the anniversary brochure \"75 Years EGELI Group 1943 - 2018\"; Photo: Werner Tobler)<\/figcaption><\/figure>\n<p>The history of the Egeli Group can be read as a reflection of how the service sector as a whole developed: from manually executed bookings to paper customer files, the path led first to mechanical calculating machines and finally to digitalization. But the corporate culture has also gradually modernized. Today, the group consists of EGELI Treuhand for \"classic\" fiduciary services, Creditreform for credit information and debt collection, EGELI Immobilien for comprehensive real estate management, EGELI Informatik for standard or individual software and IT solutions, and E-Druck AG. Today, the entire group employs a good 170 people.<\/p>\n<h2>Three generations shape the Egeli Group<\/h2>\n<p>Three generations have shaped the Egeli Group to this day. First, there was the charismatic founder Willy V. Egeli, who started his one-man business \"Willy Egeli Treuhand Inkasso\" in St.Gallen in 1943. Apparently, the business must have gone quite well right from the start - in the middle of the Second World War, nota bene - because the first employee was already hired in the founding year. A lot of \"busy life and work\" has been handed down from the early years, as can be read in the anniversary brochure. One employee remembers it as follows:<strong> \"<\/strong>At that time, the clock did not play a role after the official closing time. We crammed like in a recruit school, where the boss was the non-commissioned officer and we, the employees, were the drill soldiers. Nevertheless, there was a good comradely spirit between the principal and the employees, and I count those years, despite the long working hours, among the best in the company.\" The boss always came to the office early in the morning, took care of the mail and distributed orders to the employees. And then it was off - by bicycle - to visit customers... In 1957, the company already had 26 employees, including six apprentices. Accounting, debt collection, field service and the district office of the Creditreform association were located at the St.Gallen headquarters, while branches in Weinfelden and Winterthur also offered fiduciary and debt collection services.<\/p>\n<h2>From manual labor to digitization<\/h2>\n<p>In 1958, the in-house print shop was added to the \"core business\" in order to produce customer information and forms in-house. The print shop - which today operates under the name E-Druck AG - was managed from 1965 by Bobby Feurer, the son-in-law of company founder Willy V. Egeli. Today, E-Druck AG is still a successful printing service provider in St.Gallen - managed by Andreas Feurer, also in the second generation. At that time, the fiduciary business was naturally still characterized by a lot of paper. However, mechanical office technology was also introduced at Egeli. From the beginning of the 1960s onwards, client accounts were kept using a new accounting machine with 26 registers, an \"electromechanical rattletrap\". But annual financial statements were still typed on a typewriter - with carbon copies, of course. It is easy to imagine the consequences of a typing error. It is not known how much overtime had to be worked because of this... It was not until the 1980s that the first electronic accounting systems were introduced.<\/p>\n<p>Company founder Willy V. Egeli died in 1980 at the age of 63. His son Willy J. Egeli - who had already taken over operational management of the trust, auditing, real estate, credit and accounts receivable management business areas in 1968 - continued to run the company. His father's sole proprietorship was subsequently transferred to EGELI Treuhand AG. Under Willy J. Egeli's leadership, the company's culture gradually became fresher. Whereas previously interaction between employees had been characterized by the formal \"you\", the \"you\" culture finally took hold towards the end of the 1980s. Digitalization also began in this decade: EGELI Informatik AG was founded in 1986, led by another branch of the family in the person of Werner Egeli and his wife Eliane. With the digital recording of the Creditreform registers, they laid the foundation of a database that is continuously updated and modernized to this day.<\/p>\n<h2>Family business built on values<\/h2>\n<p>In 1995, the third generation joined the company. His son Raoul Egeli first took over the management of EGELI Treuhand AG in Zurich and in the following years assumed more and more functions and offices, also outside the company. For example, he has been president of the Swiss Creditreform Association since 2008. In 2009, Raoul Egeli becomes President of the industry association Treuhand Suisse and Vice President of Creditreform International. Together with his sister Francine Egeli, he finally succeeded his father Willy J. Egeli in the company in 2011. Today he recalls: \"I am very grateful to my grandfather and father for what they built up. That binds and obliges at the same time. Central to me is respecting the company's heritage and always looking for new opportunities to develop the business.\" And he emphasizes that in all the succession arrangements in the 75-year history, there has never been any pressure from the older generation on the younger generation. This probably explains the organic growth that the Egeli Group can look back on in 2018, based on the values of future, past, freedom limits and trust.<\/p>\n<p><em><a href=\"http:\/\/www.egeli.com\">More information<\/a><\/em><\/p>","protected":false},"excerpt":{"rendered":"<p>Die Geschichte der Egeli Gruppe kann als Abbild gelesen werden, wie sich der Dienstleistungssektor insgesamt entwickelte: Von manuell ausgef\u00fchrten Buchungen \u00fcber Kundenkarteien in Papierform f\u00fchrte der Weg zun\u00e4chst zu mechanischen Rechenmaschinen und schliesslich zur Digitalisierung. Aber auch die Firmenkultur hat sich sukzessive modernisiert. Bestandteile der Gruppe sind heute die EGELI Treuhand f\u00fcr \u00abklassische\u00bb Treuhand-Dienstleistungen, Creditreform [&hellip;]<\/p>\n","protected":false},"author":4,"featured_media":4698,"comment_status":"open","ping_status":"open","sticky":false,"template":"","format":"standard","meta":{"_acf_changed":false,"_yoast_wpseo_focuskw":"Egeli Gruppe","_yoast_wpseo_metadesc":"1943 gr\u00fcndete Willy V. Egeli ein Treuhand-B\u00fcro. 75 Jahre sp\u00e4ter verf\u00fcgt das in dritter Generation gef\u00fchrte Familienunternehmen \u00fcber weitere Standbeine.","articlekey":"","footnotes":""},"categories":[24],"tags":[196,202,335,492],"class_list":["post-4697","post","type-post","status-publish","format-standard","has-post-thumbnail","hentry","category-finanzen_recht","tag-familienunternehmen","tag-finanzenrecht","tag-management-und-unternehmensfuehrung","tag-unternehmen"],"acf":[],"yoast_head":"<!-- This site is optimized with the Yoast SEO plugin v27.5 - https:\/\/yoast.com\/product\/yoast-seo-wordpress\/ -->\n<title>Egeli Gruppe feiert 75-Jahr-Jubil\u00e4um - Organisator<\/title>\n<meta name=\"description\" content=\"1943 gr\u00fcndete Willy V. Egeli ein Treuhand-B\u00fcro. 75 Jahre sp\u00e4ter verf\u00fcgt das in dritter Generation gef\u00fchrte Familienunternehmen \u00fcber weitere Standbeine.\" \/>\n<meta name=\"robots\" content=\"index, follow, max-snippet:-1, max-image-preview:large, max-video-preview:-1\" \/>\n<link rel=\"canonical\" href=\"https:\/\/www.organisator.ch\/en\/management\/finanzen_recht\/2018-12-18\/egeli-gruppe-feiert-75-jahr-jubilaeum\/\" \/>\n<meta property=\"og:locale\" content=\"en_US\" \/>\n<meta property=\"og:type\" content=\"article\" \/>\n<meta property=\"og:title\" content=\"Egeli Gruppe feiert 75-Jahr-Jubil\u00e4um\" \/>\n<meta property=\"og:description\" content=\"1943 gr\u00fcndete Willy V. Egeli ein Treuhand-B\u00fcro. 75 Jahre sp\u00e4ter verf\u00fcgt das in dritter Generation gef\u00fchrte Familienunternehmen \u00fcber weitere Standbeine.\" \/>\n<meta property=\"og:url\" content=\"https:\/\/www.organisator.ch\/en\/management\/finanzen_recht\/2018-12-18\/egeli-gruppe-feiert-75-jahr-jubilaeum\/\" \/>\n<meta property=\"og:site_name\" content=\"Organisator\" \/>\n<meta property=\"article:publisher\" content=\"https:\/\/www.facebook.com\/OrganisatorFachmagazin\" \/>\n<meta property=\"article:published_time\" content=\"2018-12-18T12:41:20+00:00\" \/>\n<meta property=\"og:image\" content=\"https:\/\/www.organisator.ch\/wp-content\/uploads\/2018\/12\/Egeli-Gruppe-feiert-75-Jahr-Jubilaeum_Organisator.jpg\" \/>\n\t<meta property=\"og:image:width\" content=\"806\" \/>\n\t<meta property=\"og:image:height\" content=\"489\" \/>\n\t<meta property=\"og:image:type\" content=\"image\/jpeg\" \/>\n<meta name=\"author\" content=\"thomas.berner\" \/>\n<meta name=\"twitter:card\" content=\"summary_large_image\" \/>\n<meta name=\"twitter:title\" content=\"#Egeli Gruppe feiert 75-Jahr-Jubil\u00e4um\" \/>\n<meta name=\"twitter:description\" content=\"1943 gr\u00fcndete Willy V. #Egeli ein Treuhand-B\u00fcro. 75 Jahre sp\u00e4ter verf\u00fcgt das in dritter Generation gef\u00fchrte #Familienunternehmen \u00fcber weitere Standbeine.\" \/>\n<meta name=\"twitter:image\" content=\"https:\/\/www.organisator.ch\/wp-content\/uploads\/2018\/12\/Egeli-Gruppe-feiert-75-Jahr-Jubil\u00e4um_Organisator.jpg\" \/>\n<script type=\"application\/ld+json\" class=\"yoast-schema-graph\">{\"@context\":\"https:\\\/\\\/schema.org\",\"@graph\":[{\"@type\":\"Article\",\"@id\":\"https:\\\/\\\/www.organisator.ch\\\/management\\\/finanzen_recht\\\/2018-12-18\\\/egeli-gruppe-feiert-75-jahr-jubilaeum\\\/#article\",\"isPartOf\":{\"@id\":\"https:\\\/\\\/www.organisator.ch\\\/management\\\/finanzen_recht\\\/2018-12-18\\\/egeli-gruppe-feiert-75-jahr-jubilaeum\\\/\"},\"author\":{\"name\":\"thomas.berner\",\"@id\":\"https:\\\/\\\/www.organisator.ch\\\/#\\\/schema\\\/person\\\/6f650f90b2842cd4c0cc334b4e36f67e\"},\"headline\":\"Egeli Gruppe feiert 75-Jahr-Jubil\u00e4um\",\"datePublished\":\"2018-12-18T12:41:20+00:00\",\"mainEntityOfPage\":{\"@id\":\"https:\\\/\\\/www.organisator.ch\\\/management\\\/finanzen_recht\\\/2018-12-18\\\/egeli-gruppe-feiert-75-jahr-jubilaeum\\\/\"},\"wordCount\":850,\"commentCount\":0,\"publisher\":{\"@id\":\"https:\\\/\\\/www.organisator.ch\\\/#organization\"},\"image\":{\"@id\":\"https:\\\/\\\/www.organisator.ch\\\/management\\\/finanzen_recht\\\/2018-12-18\\\/egeli-gruppe-feiert-75-jahr-jubilaeum\\\/#primaryimage\"},\"thumbnailUrl\":\"https:\\\/\\\/www.organisator.ch\\\/wp-content\\\/uploads\\\/2018\\\/12\\\/Egeli-Gruppe-feiert-75-Jahr-Jubilaeum_Organisator.jpg\",\"keywords\":[\"Familienunternehmen\",\"Finanzen\\\/Recht\",\"Management und Unternehmensf\u00fchrung\",\"Unternehmen\"],\"articleSection\":[\"FINANZEN\\\/RECHT\"],\"inLanguage\":\"en-US\"},{\"@type\":\"WebPage\",\"@id\":\"https:\\\/\\\/www.organisator.ch\\\/management\\\/finanzen_recht\\\/2018-12-18\\\/egeli-gruppe-feiert-75-jahr-jubilaeum\\\/\",\"url\":\"https:\\\/\\\/www.organisator.ch\\\/management\\\/finanzen_recht\\\/2018-12-18\\\/egeli-gruppe-feiert-75-jahr-jubilaeum\\\/\",\"name\":\"Egeli Gruppe feiert 75-Jahr-Jubil\u00e4um - Organisator\",\"isPartOf\":{\"@id\":\"https:\\\/\\\/www.organisator.ch\\\/#website\"},\"primaryImageOfPage\":{\"@id\":\"https:\\\/\\\/www.organisator.ch\\\/management\\\/finanzen_recht\\\/2018-12-18\\\/egeli-gruppe-feiert-75-jahr-jubilaeum\\\/#primaryimage\"},\"image\":{\"@id\":\"https:\\\/\\\/www.organisator.ch\\\/management\\\/finanzen_recht\\\/2018-12-18\\\/egeli-gruppe-feiert-75-jahr-jubilaeum\\\/#primaryimage\"},\"thumbnailUrl\":\"https:\\\/\\\/www.organisator.ch\\\/wp-content\\\/uploads\\\/2018\\\/12\\\/Egeli-Gruppe-feiert-75-Jahr-Jubilaeum_Organisator.jpg\",\"datePublished\":\"2018-12-18T12:41:20+00:00\",\"description\":\"1943 gr\u00fcndete Willy V. Egeli ein Treuhand-B\u00fcro. 75 Jahre sp\u00e4ter verf\u00fcgt das in dritter Generation gef\u00fchrte Familienunternehmen \u00fcber weitere Standbeine.\",\"breadcrumb\":{\"@id\":\"https:\\\/\\\/www.organisator.ch\\\/management\\\/finanzen_recht\\\/2018-12-18\\\/egeli-gruppe-feiert-75-jahr-jubilaeum\\\/#breadcrumb\"},\"inLanguage\":\"en-US\",\"potentialAction\":[{\"@type\":\"ReadAction\",\"target\":[\"https:\\\/\\\/www.organisator.ch\\\/management\\\/finanzen_recht\\\/2018-12-18\\\/egeli-gruppe-feiert-75-jahr-jubilaeum\\\/\"]}]},{\"@type\":\"ImageObject\",\"inLanguage\":\"en-US\",\"@id\":\"https:\\\/\\\/www.organisator.ch\\\/management\\\/finanzen_recht\\\/2018-12-18\\\/egeli-gruppe-feiert-75-jahr-jubilaeum\\\/#primaryimage\",\"url\":\"https:\\\/\\\/www.organisator.ch\\\/wp-content\\\/uploads\\\/2018\\\/12\\\/Egeli-Gruppe-feiert-75-Jahr-Jubilaeum_Organisator.jpg\",\"contentUrl\":\"https:\\\/\\\/www.organisator.ch\\\/wp-content\\\/uploads\\\/2018\\\/12\\\/Egeli-Gruppe-feiert-75-Jahr-Jubilaeum_Organisator.jpg\",\"width\":806,\"height\":489,\"caption\":\"Die aktuelle Unternehmensf\u00fchrung der Egeli Gruppe: 1) Francine Egeli, 2) Raoul Egeli, 3) Eliane Egeli, 4) Werner Egeli, 5) Andreas Feurer (Bild entnommen aus der Jubil\u00e4umsbrosch\u00fcre \\\"75 Jahre EGELI Gruppe 1943 - 2018\\\"; Foto: Werner Tobler)\"},{\"@type\":\"BreadcrumbList\",\"@id\":\"https:\\\/\\\/www.organisator.ch\\\/management\\\/finanzen_recht\\\/2018-12-18\\\/egeli-gruppe-feiert-75-jahr-jubilaeum\\\/#breadcrumb\",\"itemListElement\":[{\"@type\":\"ListItem\",\"position\":1,\"name\":\"Home\",\"item\":\"https:\\\/\\\/www.organisator.ch\\\/\"},{\"@type\":\"ListItem\",\"position\":2,\"name\":\"Egeli Gruppe feiert 75-Jahr-Jubil\u00e4um\"}]},{\"@type\":\"WebSite\",\"@id\":\"https:\\\/\\\/www.organisator.ch\\\/#website\",\"url\":\"https:\\\/\\\/www.organisator.ch\\\/\",\"name\":\"Organisator\",\"description\":\"Kompetent. Praxisnah. Der ORGANISATOR bereitet in 10 Ausgaben pro Jahr die wesentlichen Themen f\u00fcr F\u00fchrungskr\u00e4fte von KMU auf.\",\"publisher\":{\"@id\":\"https:\\\/\\\/www.organisator.ch\\\/#organization\"},\"potentialAction\":[{\"@type\":\"SearchAction\",\"target\":{\"@type\":\"EntryPoint\",\"urlTemplate\":\"https:\\\/\\\/www.organisator.ch\\\/?s={search_term_string}\"},\"query-input\":{\"@type\":\"PropertyValueSpecification\",\"valueRequired\":true,\"valueName\":\"search_term_string\"}}],\"inLanguage\":\"en-US\"},{\"@type\":\"Organization\",\"@id\":\"https:\\\/\\\/www.organisator.ch\\\/#organization\",\"name\":\"Organisator\",\"url\":\"https:\\\/\\\/www.organisator.ch\\\/\",\"logo\":{\"@type\":\"ImageObject\",\"inLanguage\":\"en-US\",\"@id\":\"https:\\\/\\\/www.organisator.ch\\\/#\\\/schema\\\/logo\\\/image\\\/\",\"url\":\"https:\\\/\\\/www.organisator.ch\\\/wp-content\\\/uploads\\\/2022\\\/01\\\/Logo_Organisator_Website.png\",\"contentUrl\":\"https:\\\/\\\/www.organisator.ch\\\/wp-content\\\/uploads\\\/2022\\\/01\\\/Logo_Organisator_Website.png\",\"width\":800,\"height\":77,\"caption\":\"Organisator\"},\"image\":{\"@id\":\"https:\\\/\\\/www.organisator.ch\\\/#\\\/schema\\\/logo\\\/image\\\/\"},\"sameAs\":[\"https:\\\/\\\/www.facebook.com\\\/OrganisatorFachmagazin\",\"https:\\\/\\\/www.linkedin.com\\\/showcase\\\/organisator-das-magazin-fr-kmu\",\"https:\\\/\\\/www.xing.com\\\/news\\\/pages\\\/organisator-ch-695\",\"https:\\\/\\\/www.youtube.com\\\/channel\\\/UCGP2Sq0iWaZwT3BdIAQFYpw\"]},{\"@type\":\"Person\",\"@id\":\"https:\\\/\\\/www.organisator.ch\\\/#\\\/schema\\\/person\\\/6f650f90b2842cd4c0cc334b4e36f67e\",\"name\":\"thomas.berner\",\"image\":{\"@type\":\"ImageObject\",\"inLanguage\":\"en-US\",\"@id\":\"https:\\\/\\\/secure.gravatar.com\\\/avatar\\\/ac5001d2a36cb6c6cd3e50789007ffca834b477b74a2144564522e944eabff61?s=96&d=mm&r=g\",\"url\":\"https:\\\/\\\/secure.gravatar.com\\\/avatar\\\/ac5001d2a36cb6c6cd3e50789007ffca834b477b74a2144564522e944eabff61?s=96&d=mm&r=g\",\"contentUrl\":\"https:\\\/\\\/secure.gravatar.com\\\/avatar\\\/ac5001d2a36cb6c6cd3e50789007ffca834b477b74a2144564522e944eabff61?s=96&d=mm&r=g\",\"caption\":\"thomas.berner\"},\"url\":\"https:\\\/\\\/www.organisator.ch\\\/en\\\/author\\\/thomas-berner\\\/\"}]}<\/script>\n<!-- \/ Yoast SEO plugin. -->","yoast_head_json":{"title":"Egeli Group celebrates 75-year anniversary - Organizer","description":"In 1943, Willy V. Egeli founded a fiduciary office. 75 years later, the family business, now in its third generation, has other mainstays.","robots":{"index":"index","follow":"follow","max-snippet":"max-snippet:-1","max-image-preview":"max-image-preview:large","max-video-preview":"max-video-preview:-1"},"canonical":"https:\/\/www.organisator.ch\/en\/management\/finanzen_recht\/2018-12-18\/egeli-gruppe-feiert-75-jahr-jubilaeum\/","og_locale":"en_US","og_type":"article","og_title":"Egeli Gruppe feiert 75-Jahr-Jubil\u00e4um","og_description":"1943 gr\u00fcndete Willy V. Egeli ein Treuhand-B\u00fcro. 75 Jahre sp\u00e4ter verf\u00fcgt das in dritter Generation gef\u00fchrte Familienunternehmen \u00fcber weitere Standbeine.","og_url":"https:\/\/www.organisator.ch\/en\/management\/finanzen_recht\/2018-12-18\/egeli-gruppe-feiert-75-jahr-jubilaeum\/","og_site_name":"Organisator","article_publisher":"https:\/\/www.facebook.com\/OrganisatorFachmagazin","article_published_time":"2018-12-18T12:41:20+00:00","og_image":[{"width":806,"height":489,"url":"https:\/\/www.organisator.ch\/wp-content\/uploads\/2018\/12\/Egeli-Gruppe-feiert-75-Jahr-Jubilaeum_Organisator.jpg","type":"image\/jpeg"}],"author":"thomas.berner","twitter_card":"summary_large_image","twitter_title":"#Egeli Gruppe feiert 75-Jahr-Jubil\u00e4um","twitter_description":"1943 gr\u00fcndete Willy V. #Egeli ein Treuhand-B\u00fcro. 75 Jahre sp\u00e4ter verf\u00fcgt das in dritter Generation gef\u00fchrte #Familienunternehmen \u00fcber weitere Standbeine.","twitter_image":"https:\/\/www.organisator.ch\/wp-content\/uploads\/2018\/12\/Egeli-Gruppe-feiert-75-Jahr-Jubil\u00e4um_Organisator.jpg","schema":{"@context":"https:\/\/schema.org","@graph":[{"@type":"Article","@id":"https:\/\/www.organisator.ch\/management\/finanzen_recht\/2018-12-18\/egeli-gruppe-feiert-75-jahr-jubilaeum\/#article","isPartOf":{"@id":"https:\/\/www.organisator.ch\/management\/finanzen_recht\/2018-12-18\/egeli-gruppe-feiert-75-jahr-jubilaeum\/"},"author":{"name":"thomas.berner","@id":"https:\/\/www.organisator.ch\/#\/schema\/person\/6f650f90b2842cd4c0cc334b4e36f67e"},"headline":"Egeli Gruppe feiert 75-Jahr-Jubil\u00e4um","datePublished":"2018-12-18T12:41:20+00:00","mainEntityOfPage":{"@id":"https:\/\/www.organisator.ch\/management\/finanzen_recht\/2018-12-18\/egeli-gruppe-feiert-75-jahr-jubilaeum\/"},"wordCount":850,"commentCount":0,"publisher":{"@id":"https:\/\/www.organisator.ch\/#organization"},"image":{"@id":"https:\/\/www.organisator.ch\/management\/finanzen_recht\/2018-12-18\/egeli-gruppe-feiert-75-jahr-jubilaeum\/#primaryimage"},"thumbnailUrl":"https:\/\/www.organisator.ch\/wp-content\/uploads\/2018\/12\/Egeli-Gruppe-feiert-75-Jahr-Jubilaeum_Organisator.jpg","keywords":["Familienunternehmen","Finanzen\/Recht","Management und Unternehmensf\u00fchrung","Unternehmen"],"articleSection":["FINANZEN\/RECHT"],"inLanguage":"en-US"},{"@type":"WebPage","@id":"https:\/\/www.organisator.ch\/management\/finanzen_recht\/2018-12-18\/egeli-gruppe-feiert-75-jahr-jubilaeum\/","url":"https:\/\/www.organisator.ch\/management\/finanzen_recht\/2018-12-18\/egeli-gruppe-feiert-75-jahr-jubilaeum\/","name":"Egeli Group celebrates 75-year anniversary - Organizer","isPartOf":{"@id":"https:\/\/www.organisator.ch\/#website"},"primaryImageOfPage":{"@id":"https:\/\/www.organisator.ch\/management\/finanzen_recht\/2018-12-18\/egeli-gruppe-feiert-75-jahr-jubilaeum\/#primaryimage"},"image":{"@id":"https:\/\/www.organisator.ch\/management\/finanzen_recht\/2018-12-18\/egeli-gruppe-feiert-75-jahr-jubilaeum\/#primaryimage"},"thumbnailUrl":"https:\/\/www.organisator.ch\/wp-content\/uploads\/2018\/12\/Egeli-Gruppe-feiert-75-Jahr-Jubilaeum_Organisator.jpg","datePublished":"2018-12-18T12:41:20+00:00","description":"In 1943, Willy V. Egeli founded a fiduciary office. 75 years later, the family business, now in its third generation, has other mainstays.","breadcrumb":{"@id":"https:\/\/www.organisator.ch\/management\/finanzen_recht\/2018-12-18\/egeli-gruppe-feiert-75-jahr-jubilaeum\/#breadcrumb"},"inLanguage":"en-US","potentialAction":[{"@type":"ReadAction","target":["https:\/\/www.organisator.ch\/management\/finanzen_recht\/2018-12-18\/egeli-gruppe-feiert-75-jahr-jubilaeum\/"]}]},{"@type":"ImageObject","inLanguage":"en-US","@id":"https:\/\/www.organisator.ch\/management\/finanzen_recht\/2018-12-18\/egeli-gruppe-feiert-75-jahr-jubilaeum\/#primaryimage","url":"https:\/\/www.organisator.ch\/wp-content\/uploads\/2018\/12\/Egeli-Gruppe-feiert-75-Jahr-Jubilaeum_Organisator.jpg","contentUrl":"https:\/\/www.organisator.ch\/wp-content\/uploads\/2018\/12\/Egeli-Gruppe-feiert-75-Jahr-Jubilaeum_Organisator.jpg","width":806,"height":489,"caption":"Die aktuelle Unternehmensf\u00fchrung der Egeli Gruppe: 1) Francine Egeli, 2) Raoul Egeli, 3) Eliane Egeli, 4) Werner Egeli, 5) Andreas Feurer (Bild entnommen aus der Jubil\u00e4umsbrosch\u00fcre \"75 Jahre EGELI Gruppe 1943 - 2018\"; Foto: Werner Tobler)"},{"@type":"BreadcrumbList","@id":"https:\/\/www.organisator.ch\/management\/finanzen_recht\/2018-12-18\/egeli-gruppe-feiert-75-jahr-jubilaeum\/#breadcrumb","itemListElement":[{"@type":"ListItem","position":1,"name":"Home","item":"https:\/\/www.organisator.ch\/"},{"@type":"ListItem","position":2,"name":"Egeli Gruppe feiert 75-Jahr-Jubil\u00e4um"}]},{"@type":"WebSite","@id":"https:\/\/www.organisator.ch\/#website","url":"https:\/\/www.organisator.ch\/","name":"Organizer","description":"Competent. Practical. In 10 issues per year, ORGANISATOR presents the essential topics for managers of SMEs.","publisher":{"@id":"https:\/\/www.organisator.ch\/#organization"},"potentialAction":[{"@type":"SearchAction","target":{"@type":"EntryPoint","urlTemplate":"https:\/\/www.organisator.ch\/?s={search_term_string}"},"query-input":{"@type":"PropertyValueSpecification","valueRequired":true,"valueName":"search_term_string"}}],"inLanguage":"en-US"},{"@type":"Organization","@id":"https:\/\/www.organisator.ch\/#organization","name":"Organizer","url":"https:\/\/www.organisator.ch\/","logo":{"@type":"ImageObject","inLanguage":"en-US","@id":"https:\/\/www.organisator.ch\/#\/schema\/logo\/image\/","url":"https:\/\/www.organisator.ch\/wp-content\/uploads\/2022\/01\/Logo_Organisator_Website.png","contentUrl":"https:\/\/www.organisator.ch\/wp-content\/uploads\/2022\/01\/Logo_Organisator_Website.png","width":800,"height":77,"caption":"Organisator"},"image":{"@id":"https:\/\/www.organisator.ch\/#\/schema\/logo\/image\/"},"sameAs":["https:\/\/www.facebook.com\/OrganisatorFachmagazin","https:\/\/www.linkedin.com\/showcase\/organisator-das-magazin-fr-kmu","https:\/\/www.xing.com\/news\/pages\/organisator-ch-695","https:\/\/www.youtube.com\/channel\/UCGP2Sq0iWaZwT3BdIAQFYpw"]},{"@type":"Person","@id":"https:\/\/www.organisator.ch\/#\/schema\/person\/6f650f90b2842cd4c0cc334b4e36f67e","name":"thomas.berner","image":{"@type":"ImageObject","inLanguage":"en-US","@id":"https:\/\/secure.gravatar.com\/avatar\/ac5001d2a36cb6c6cd3e50789007ffca834b477b74a2144564522e944eabff61?s=96&d=mm&r=g","url":"https:\/\/secure.gravatar.com\/avatar\/ac5001d2a36cb6c6cd3e50789007ffca834b477b74a2144564522e944eabff61?s=96&d=mm&r=g","contentUrl":"https:\/\/secure.gravatar.com\/avatar\/ac5001d2a36cb6c6cd3e50789007ffca834b477b74a2144564522e944eabff61?s=96&d=mm&r=g","caption":"thomas.berner"},"url":"https:\/\/www.organisator.ch\/en\/author\/thomas-berner\/"}]}},"_links":{"self":[{"href":"https:\/\/www.organisator.ch\/en\/wp-json\/wp\/v2\/posts\/4697","targetHints":{"allow":["GET"]}}],"collection":[{"href":"https:\/\/www.organisator.ch\/en\/wp-json\/wp\/v2\/posts"}],"about":[{"href":"https:\/\/www.organisator.ch\/en\/wp-json\/wp\/v2\/types\/post"}],"author":[{"embeddable":true,"href":"https:\/\/www.organisator.ch\/en\/wp-json\/wp\/v2\/users\/4"}],"replies":[{"embeddable":true,"href":"https:\/\/www.organisator.ch\/en\/wp-json\/wp\/v2\/comments?post=4697"}],"version-history":[{"count":0,"href":"https:\/\/www.organisator.ch\/en\/wp-json\/wp\/v2\/posts\/4697\/revisions"}],"wp:featuredmedia":[{"embeddable":true,"href":"https:\/\/www.organisator.ch\/en\/wp-json\/wp\/v2\/media\/4698"}],"wp:attachment":[{"href":"https:\/\/www.organisator.ch\/en\/wp-json\/wp\/v2\/media?parent=4697"}],"wp:term":[{"taxonomy":"category","embeddable":true,"href":"https:\/\/www.organisator.ch\/en\/wp-json\/wp\/v2\/categories?post=4697"},{"taxonomy":"post_tag","embeddable":true,"href":"https:\/\/www.organisator.ch\/en\/wp-json\/wp\/v2\/tags?post=4697"}],"curies":[{"name":"wp","href":"https:\/\/api.w.org\/{rel}","templated":true}]}}