{"id":47112,"date":"2026-04-21T21:52:05","date_gmt":"2026-04-21T19:52:05","guid":{"rendered":"https:\/\/www.organisator.ch\/de\/?p=47112"},"modified":"2026-04-09T10:13:21","modified_gmt":"2026-04-09T08:13:21","slug":"digital-souveraener-dank-open-source-software","status":"publish","type":"post","link":"https:\/\/www.organisator.ch\/en\/management\/it\/2026-04-21\/digital-souveraener-dank-open-source-software\/","title":{"rendered":"More digitally confident thanks to open source software"},"content":{"rendered":"<div class=\"swpm-post-not-logged-in-msg\">You need to be logged in to view this content. Please <a class=\"swpm-login-link\" href=\"https:\/\/www.organisator.ch\/login\/\">Log In<\/a>. Not a Member? <a href=\"https:\/\/www.organisator.ch\/shop\/\">Join Us<\/a><\/div>","protected":false},"excerpt":{"rendered":"<p>The term \u00abdigital sovereignty\u00bb is currently dominating the discussion in the ICT scene. Open source software is becoming an option for more and more organizations. One leading provider of an open source collaboration platform is Nextcloud. We spoke to founder and CEO Frank Karlitschek.<\/p>","protected":false},"author":107,"featured_media":47111,"comment_status":"closed","ping_status":"closed","sticky":false,"template":"","format":"standard","meta":{"_acf_changed":false,"_yoast_wpseo_focuskw":"Nextcloud Open Source","_yoast_wpseo_metadesc":"Nextcloud CEO Frank Karlitschek \u00fcber Open Source als Alternative zu Microsoft 365 und digitale Souver\u00e4nit\u00e4t f\u00fcr Unternehmen.","articlekey":"","footnotes":""},"categories":[578,27],"tags":[283,286,5018,492],"class_list":["post-47112","post","type-post","status-publish","format-standard","has-post-thumbnail","hentry","category-abo","category-it","tag-interview","tag-it","tag-open-source-software","tag-unternehmen"],"acf":[],"yoast_head":"<!-- This site is optimized with the Yoast SEO plugin v27.5 - https:\/\/yoast.com\/product\/yoast-seo-wordpress\/ -->\n<title>Digital souver\u00e4ner dank Open Source Software - Organisator<\/title>\n<meta name=\"description\" content=\"Nextcloud CEO Frank Karlitschek \u00fcber Open Source als Alternative zu Microsoft 365 und digitale Souver\u00e4nit\u00e4t f\u00fcr Unternehmen.\" \/>\n<meta name=\"robots\" content=\"index, follow, max-snippet:-1, max-image-preview:large, max-video-preview:-1\" \/>\n<link rel=\"canonical\" href=\"https:\/\/www.organisator.ch\/en\/management\/it\/2026-04-21\/digital-souveraener-dank-open-source-software\/\" \/>\n<meta property=\"og:locale\" content=\"en_US\" \/>\n<meta property=\"og:type\" content=\"article\" \/>\n<meta property=\"og:title\" content=\"Digital souver\u00e4ner dank Open Source Software - Organisator\" \/>\n<meta property=\"og:description\" content=\"Nextcloud CEO Frank Karlitschek \u00fcber Open Source als Alternative zu Microsoft 365 und digitale Souver\u00e4nit\u00e4t f\u00fcr Unternehmen.\" \/>\n<meta property=\"og:url\" content=\"https:\/\/www.organisator.ch\/en\/management\/it\/2026-04-21\/digital-souveraener-dank-open-source-software\/\" \/>\n<meta property=\"og:site_name\" content=\"Organisator\" \/>\n<meta property=\"article:publisher\" content=\"https:\/\/www.facebook.com\/OrganisatorFachmagazin\" \/>\n<meta property=\"article:published_time\" content=\"2026-04-21T19:52:05+00:00\" \/>\n<meta property=\"og:image\" content=\"https:\/\/www.organisator.ch\/wp-content\/uploads\/2026\/04\/OpEx_Auftakt_Bild2_organisator_248834-scaled.jpg\" \/>\n\t<meta property=\"og:image:width\" content=\"1400\" \/>\n\t<meta property=\"og:image:height\" content=\"1129\" \/>\n\t<meta property=\"og:image:type\" content=\"image\/jpeg\" \/>\n<meta name=\"author\" content=\"n8n\" \/>\n<meta name=\"twitter:card\" content=\"summary_large_image\" \/>\n<script type=\"application\/ld+json\" class=\"yoast-schema-graph\">{\"@context\":\"https:\\\/\\\/schema.org\",\"@graph\":[{\"@type\":\"Article\",\"@id\":\"https:\\\/\\\/www.organisator.ch\\\/management\\\/it\\\/2026-04-21\\\/digital-souveraener-dank-open-source-software\\\/#article\",\"isPartOf\":{\"@id\":\"https:\\\/\\\/www.organisator.ch\\\/management\\\/it\\\/2026-04-21\\\/digital-souveraener-dank-open-source-software\\\/\"},\"author\":{\"name\":\"n8n\",\"@id\":\"https:\\\/\\\/www.organisator.ch\\\/#\\\/schema\\\/person\\\/a9d0e0eff238db87a8f840f3b50359f0\"},\"headline\":\"Digital souver\u00e4ner dank Open Source Software\",\"datePublished\":\"2026-04-21T19:52:05+00:00\",\"mainEntityOfPage\":{\"@id\":\"https:\\\/\\\/www.organisator.ch\\\/management\\\/it\\\/2026-04-21\\\/digital-souveraener-dank-open-source-software\\\/\"},\"wordCount\":1630,\"publisher\":{\"@id\":\"https:\\\/\\\/www.organisator.ch\\\/#organization\"},\"image\":{\"@id\":\"https:\\\/\\\/www.organisator.ch\\\/management\\\/it\\\/2026-04-21\\\/digital-souveraener-dank-open-source-software\\\/#primaryimage\"},\"thumbnailUrl\":\"https:\\\/\\\/www.organisator.ch\\\/wp-content\\\/uploads\\\/2026\\\/04\\\/OpEx_Auftakt_Bild2_organisator_248834-scaled.jpg\",\"keywords\":[\"Interview\",\"IT\",\"Open Source Software\",\"Unternehmen\"],\"articleSection\":[\"ABO+\",\"IT\"],\"inLanguage\":\"en-US\"},{\"@type\":\"WebPage\",\"@id\":\"https:\\\/\\\/www.organisator.ch\\\/management\\\/it\\\/2026-04-21\\\/digital-souveraener-dank-open-source-software\\\/\",\"url\":\"https:\\\/\\\/www.organisator.ch\\\/management\\\/it\\\/2026-04-21\\\/digital-souveraener-dank-open-source-software\\\/\",\"name\":\"Digital souver\u00e4ner dank Open Source Software - Organisator\",\"isPartOf\":{\"@id\":\"https:\\\/\\\/www.organisator.ch\\\/#website\"},\"primaryImageOfPage\":{\"@id\":\"https:\\\/\\\/www.organisator.ch\\\/management\\\/it\\\/2026-04-21\\\/digital-souveraener-dank-open-source-software\\\/#primaryimage\"},\"image\":{\"@id\":\"https:\\\/\\\/www.organisator.ch\\\/management\\\/it\\\/2026-04-21\\\/digital-souveraener-dank-open-source-software\\\/#primaryimage\"},\"thumbnailUrl\":\"https:\\\/\\\/www.organisator.ch\\\/wp-content\\\/uploads\\\/2026\\\/04\\\/OpEx_Auftakt_Bild2_organisator_248834-scaled.jpg\",\"datePublished\":\"2026-04-21T19:52:05+00:00\",\"description\":\"Nextcloud CEO Frank Karlitschek \u00fcber Open Source als Alternative zu Microsoft 365 und digitale Souver\u00e4nit\u00e4t f\u00fcr Unternehmen.\",\"breadcrumb\":{\"@id\":\"https:\\\/\\\/www.organisator.ch\\\/management\\\/it\\\/2026-04-21\\\/digital-souveraener-dank-open-source-software\\\/#breadcrumb\"},\"inLanguage\":\"en-US\",\"potentialAction\":[{\"@type\":\"ReadAction\",\"target\":[\"https:\\\/\\\/www.organisator.ch\\\/management\\\/it\\\/2026-04-21\\\/digital-souveraener-dank-open-source-software\\\/\"]}]},{\"@type\":\"ImageObject\",\"inLanguage\":\"en-US\",\"@id\":\"https:\\\/\\\/www.organisator.ch\\\/management\\\/it\\\/2026-04-21\\\/digital-souveraener-dank-open-source-software\\\/#primaryimage\",\"url\":\"https:\\\/\\\/www.organisator.ch\\\/wp-content\\\/uploads\\\/2026\\\/04\\\/OpEx_Auftakt_Bild2_organisator_248834-scaled.jpg\",\"contentUrl\":\"https:\\\/\\\/www.organisator.ch\\\/wp-content\\\/uploads\\\/2026\\\/04\\\/OpEx_Auftakt_Bild2_organisator_248834-scaled.jpg\",\"width\":1400,\"height\":1129,\"caption\":\"Frank Karlitschek: \u00abDie Regulierungen sind glasklar; auch amerikanische Anbieter m\u00fcssen sich \u00f6ffnen, was sie aber nicht immer tun.\u00bb \u00a9 zVg \\\/ Nextcloud\"},{\"@type\":\"BreadcrumbList\",\"@id\":\"https:\\\/\\\/www.organisator.ch\\\/management\\\/it\\\/2026-04-21\\\/digital-souveraener-dank-open-source-software\\\/#breadcrumb\",\"itemListElement\":[{\"@type\":\"ListItem\",\"position\":1,\"name\":\"Home\",\"item\":\"https:\\\/\\\/www.organisator.ch\\\/\"},{\"@type\":\"ListItem\",\"position\":2,\"name\":\"Digital souver\u00e4ner dank Open Source Software\"}]},{\"@type\":\"WebSite\",\"@id\":\"https:\\\/\\\/www.organisator.ch\\\/#website\",\"url\":\"https:\\\/\\\/www.organisator.ch\\\/\",\"name\":\"Organisator\",\"description\":\"Kompetent. Praxisnah. Der ORGANISATOR bereitet in 10 Ausgaben pro Jahr die wesentlichen Themen f\u00fcr F\u00fchrungskr\u00e4fte von KMU auf.\",\"publisher\":{\"@id\":\"https:\\\/\\\/www.organisator.ch\\\/#organization\"},\"potentialAction\":[{\"@type\":\"SearchAction\",\"target\":{\"@type\":\"EntryPoint\",\"urlTemplate\":\"https:\\\/\\\/www.organisator.ch\\\/?s={search_term_string}\"},\"query-input\":{\"@type\":\"PropertyValueSpecification\",\"valueRequired\":true,\"valueName\":\"search_term_string\"}}],\"inLanguage\":\"en-US\"},{\"@type\":\"Organization\",\"@id\":\"https:\\\/\\\/www.organisator.ch\\\/#organization\",\"name\":\"Organisator\",\"url\":\"https:\\\/\\\/www.organisator.ch\\\/\",\"logo\":{\"@type\":\"ImageObject\",\"inLanguage\":\"en-US\",\"@id\":\"https:\\\/\\\/www.organisator.ch\\\/#\\\/schema\\\/logo\\\/image\\\/\",\"url\":\"https:\\\/\\\/www.organisator.ch\\\/wp-content\\\/uploads\\\/2022\\\/01\\\/Logo_Organisator_Website.png\",\"contentUrl\":\"https:\\\/\\\/www.organisator.ch\\\/wp-content\\\/uploads\\\/2022\\\/01\\\/Logo_Organisator_Website.png\",\"width\":800,\"height\":77,\"caption\":\"Organisator\"},\"image\":{\"@id\":\"https:\\\/\\\/www.organisator.ch\\\/#\\\/schema\\\/logo\\\/image\\\/\"},\"sameAs\":[\"https:\\\/\\\/www.facebook.com\\\/OrganisatorFachmagazin\",\"https:\\\/\\\/www.linkedin.com\\\/showcase\\\/organisator-das-magazin-fr-kmu\",\"https:\\\/\\\/www.xing.com\\\/news\\\/pages\\\/organisator-ch-695\",\"https:\\\/\\\/www.youtube.com\\\/channel\\\/UCGP2Sq0iWaZwT3BdIAQFYpw\"]},{\"@type\":\"Person\",\"@id\":\"https:\\\/\\\/www.organisator.ch\\\/#\\\/schema\\\/person\\\/a9d0e0eff238db87a8f840f3b50359f0\",\"name\":\"n8n\",\"image\":{\"@type\":\"ImageObject\",\"inLanguage\":\"en-US\",\"@id\":\"https:\\\/\\\/secure.gravatar.com\\\/avatar\\\/5368fb9d03fd415a6f335cece4c15af2502d6ca8651efbd6e8f98427a9795400?s=96&d=mm&r=g\",\"url\":\"https:\\\/\\\/secure.gravatar.com\\\/avatar\\\/5368fb9d03fd415a6f335cece4c15af2502d6ca8651efbd6e8f98427a9795400?s=96&d=mm&r=g\",\"contentUrl\":\"https:\\\/\\\/secure.gravatar.com\\\/avatar\\\/5368fb9d03fd415a6f335cece4c15af2502d6ca8651efbd6e8f98427a9795400?s=96&d=mm&r=g\",\"caption\":\"n8n\"},\"url\":\"https:\\\/\\\/www.organisator.ch\\\/en\\\/author\\\/n8n\\\/\"}]}<\/script>\n<!-- \/ Yoast SEO plugin. -->","yoast_head_json":{"title":"More digitally confident thanks to open source software - Organizer","description":"Nextcloud CEO Frank Karlitschek on open source as an alternative to Microsoft 365 and digital sovereignty for companies.","robots":{"index":"index","follow":"follow","max-snippet":"max-snippet:-1","max-image-preview":"max-image-preview:large","max-video-preview":"max-video-preview:-1"},"canonical":"https:\/\/www.organisator.ch\/en\/management\/it\/2026-04-21\/digital-souveraener-dank-open-source-software\/","og_locale":"en_US","og_type":"article","og_title":"Digital souver\u00e4ner dank Open Source Software - Organisator","og_description":"Nextcloud CEO Frank Karlitschek \u00fcber Open Source als Alternative zu Microsoft 365 und digitale Souver\u00e4nit\u00e4t f\u00fcr Unternehmen.","og_url":"https:\/\/www.organisator.ch\/en\/management\/it\/2026-04-21\/digital-souveraener-dank-open-source-software\/","og_site_name":"Organisator","article_publisher":"https:\/\/www.facebook.com\/OrganisatorFachmagazin","article_published_time":"2026-04-21T19:52:05+00:00","og_image":[{"width":1400,"height":1129,"url":"https:\/\/www.organisator.ch\/wp-content\/uploads\/2026\/04\/OpEx_Auftakt_Bild2_organisator_248834-scaled.jpg","type":"image\/jpeg"}],"author":"n8n","twitter_card":"summary_large_image","schema":{"@context":"https:\/\/schema.org","@graph":[{"@type":"Article","@id":"https:\/\/www.organisator.ch\/management\/it\/2026-04-21\/digital-souveraener-dank-open-source-software\/#article","isPartOf":{"@id":"https:\/\/www.organisator.ch\/management\/it\/2026-04-21\/digital-souveraener-dank-open-source-software\/"},"author":{"name":"n8n","@id":"https:\/\/www.organisator.ch\/#\/schema\/person\/a9d0e0eff238db87a8f840f3b50359f0"},"headline":"Digital souver\u00e4ner dank Open Source Software","datePublished":"2026-04-21T19:52:05+00:00","mainEntityOfPage":{"@id":"https:\/\/www.organisator.ch\/management\/it\/2026-04-21\/digital-souveraener-dank-open-source-software\/"},"wordCount":1630,"publisher":{"@id":"https:\/\/www.organisator.ch\/#organization"},"image":{"@id":"https:\/\/www.organisator.ch\/management\/it\/2026-04-21\/digital-souveraener-dank-open-source-software\/#primaryimage"},"thumbnailUrl":"https:\/\/www.organisator.ch\/wp-content\/uploads\/2026\/04\/OpEx_Auftakt_Bild2_organisator_248834-scaled.jpg","keywords":["Interview","IT","Open Source Software","Unternehmen"],"articleSection":["ABO+","IT"],"inLanguage":"en-US"},{"@type":"WebPage","@id":"https:\/\/www.organisator.ch\/management\/it\/2026-04-21\/digital-souveraener-dank-open-source-software\/","url":"https:\/\/www.organisator.ch\/management\/it\/2026-04-21\/digital-souveraener-dank-open-source-software\/","name":"More digitally confident thanks to open source software - Organizer","isPartOf":{"@id":"https:\/\/www.organisator.ch\/#website"},"primaryImageOfPage":{"@id":"https:\/\/www.organisator.ch\/management\/it\/2026-04-21\/digital-souveraener-dank-open-source-software\/#primaryimage"},"image":{"@id":"https:\/\/www.organisator.ch\/management\/it\/2026-04-21\/digital-souveraener-dank-open-source-software\/#primaryimage"},"thumbnailUrl":"https:\/\/www.organisator.ch\/wp-content\/uploads\/2026\/04\/OpEx_Auftakt_Bild2_organisator_248834-scaled.jpg","datePublished":"2026-04-21T19:52:05+00:00","description":"Nextcloud CEO Frank Karlitschek on open source as an alternative to Microsoft 365 and digital sovereignty for companies.","breadcrumb":{"@id":"https:\/\/www.organisator.ch\/management\/it\/2026-04-21\/digital-souveraener-dank-open-source-software\/#breadcrumb"},"inLanguage":"en-US","potentialAction":[{"@type":"ReadAction","target":["https:\/\/www.organisator.ch\/management\/it\/2026-04-21\/digital-souveraener-dank-open-source-software\/"]}]},{"@type":"ImageObject","inLanguage":"en-US","@id":"https:\/\/www.organisator.ch\/management\/it\/2026-04-21\/digital-souveraener-dank-open-source-software\/#primaryimage","url":"https:\/\/www.organisator.ch\/wp-content\/uploads\/2026\/04\/OpEx_Auftakt_Bild2_organisator_248834-scaled.jpg","contentUrl":"https:\/\/www.organisator.ch\/wp-content\/uploads\/2026\/04\/OpEx_Auftakt_Bild2_organisator_248834-scaled.jpg","width":1400,"height":1129,"caption":"Frank Karlitschek: \u00abDie Regulierungen sind glasklar; auch amerikanische Anbieter m\u00fcssen sich \u00f6ffnen, was sie aber nicht immer tun.\u00bb \u00a9 zVg \/ Nextcloud"},{"@type":"BreadcrumbList","@id":"https:\/\/www.organisator.ch\/management\/it\/2026-04-21\/digital-souveraener-dank-open-source-software\/#breadcrumb","itemListElement":[{"@type":"ListItem","position":1,"name":"Home","item":"https:\/\/www.organisator.ch\/"},{"@type":"ListItem","position":2,"name":"Digital souver\u00e4ner dank Open Source Software"}]},{"@type":"WebSite","@id":"https:\/\/www.organisator.ch\/#website","url":"https:\/\/www.organisator.ch\/","name":"Organizer","description":"Competent. Practical. In 10 issues per year, ORGANISATOR presents the essential topics for managers of SMEs.","publisher":{"@id":"https:\/\/www.organisator.ch\/#organization"},"potentialAction":[{"@type":"SearchAction","target":{"@type":"EntryPoint","urlTemplate":"https:\/\/www.organisator.ch\/?s={search_term_string}"},"query-input":{"@type":"PropertyValueSpecification","valueRequired":true,"valueName":"search_term_string"}}],"inLanguage":"en-US"},{"@type":"Organization","@id":"https:\/\/www.organisator.ch\/#organization","name":"Organizer","url":"https:\/\/www.organisator.ch\/","logo":{"@type":"ImageObject","inLanguage":"en-US","@id":"https:\/\/www.organisator.ch\/#\/schema\/logo\/image\/","url":"https:\/\/www.organisator.ch\/wp-content\/uploads\/2022\/01\/Logo_Organisator_Website.png","contentUrl":"https:\/\/www.organisator.ch\/wp-content\/uploads\/2022\/01\/Logo_Organisator_Website.png","width":800,"height":77,"caption":"Organisator"},"image":{"@id":"https:\/\/www.organisator.ch\/#\/schema\/logo\/image\/"},"sameAs":["https:\/\/www.facebook.com\/OrganisatorFachmagazin","https:\/\/www.linkedin.com\/showcase\/organisator-das-magazin-fr-kmu","https:\/\/www.xing.com\/news\/pages\/organisator-ch-695","https:\/\/www.youtube.com\/channel\/UCGP2Sq0iWaZwT3BdIAQFYpw"]},{"@type":"Person","@id":"https:\/\/www.organisator.ch\/#\/schema\/person\/a9d0e0eff238db87a8f840f3b50359f0","name":"n8n","image":{"@type":"ImageObject","inLanguage":"en-US","@id":"https:\/\/secure.gravatar.com\/avatar\/5368fb9d03fd415a6f335cece4c15af2502d6ca8651efbd6e8f98427a9795400?s=96&d=mm&r=g","url":"https:\/\/secure.gravatar.com\/avatar\/5368fb9d03fd415a6f335cece4c15af2502d6ca8651efbd6e8f98427a9795400?s=96&d=mm&r=g","contentUrl":"https:\/\/secure.gravatar.com\/avatar\/5368fb9d03fd415a6f335cece4c15af2502d6ca8651efbd6e8f98427a9795400?s=96&d=mm&r=g","caption":"n8n"},"url":"https:\/\/www.organisator.ch\/en\/author\/n8n\/"}]}},"_links":{"self":[{"href":"https:\/\/www.organisator.ch\/en\/wp-json\/wp\/v2\/posts\/47112","targetHints":{"allow":["GET"]}}],"collection":[{"href":"https:\/\/www.organisator.ch\/en\/wp-json\/wp\/v2\/posts"}],"about":[{"href":"https:\/\/www.organisator.ch\/en\/wp-json\/wp\/v2\/types\/post"}],"author":[{"embeddable":true,"href":"https:\/\/www.organisator.ch\/en\/wp-json\/wp\/v2\/users\/107"}],"replies":[{"embeddable":true,"href":"https:\/\/www.organisator.ch\/en\/wp-json\/wp\/v2\/comments?post=47112"}],"version-history":[{"count":2,"href":"https:\/\/www.organisator.ch\/en\/wp-json\/wp\/v2\/posts\/47112\/revisions"}],"predecessor-version":[{"id":47181,"href":"https:\/\/www.organisator.ch\/en\/wp-json\/wp\/v2\/posts\/47112\/revisions\/47181"}],"wp:featuredmedia":[{"embeddable":true,"href":"https:\/\/www.organisator.ch\/en\/wp-json\/wp\/v2\/media\/47111"}],"wp:attachment":[{"href":"https:\/\/www.organisator.ch\/en\/wp-json\/wp\/v2\/media?parent=47112"}],"wp:term":[{"taxonomy":"category","embeddable":true,"href":"https:\/\/www.organisator.ch\/en\/wp-json\/wp\/v2\/categories?post=47112"},{"taxonomy":"post_tag","embeddable":true,"href":"https:\/\/www.organisator.ch\/en\/wp-json\/wp\/v2\/tags?post=47112"}],"curies":[{"name":"wp","href":"https:\/\/api.w.org\/{rel}","templated":true}]}}