{"id":4721,"date":"2019-01-10T14:02:28","date_gmt":"2019-01-10T13:02:28","guid":{"rendered":"https:\/\/www.organisator.ch\/?p=4721"},"modified":"2019-01-10T14:02:28","modified_gmt":"2019-01-10T13:02:28","slug":"karriereentwicklungs-und-outplacement-dienstleistungen-immer-staerker-nachgefragt","status":"publish","type":"post","link":"https:\/\/www.organisator.ch\/en\/management\/2019-01-10\/karriereentwicklungs-und-outplacement-dienstleistungen-immer-staerker-nachgefragt\/","title":{"rendered":"Career development and outplacement services increasingly in demand"},"content":{"rendered":"<figure id=\"attachment_4723\" aria-describedby=\"caption-attachment-4723\" style=\"width: 680px\" class=\"wp-caption alignnone\"><img loading=\"lazy\" decoding=\"async\" class=\"size-medium wp-image-4723\" src=\"https:\/\/www.organisator.ch\/wp-content\/uploads\/2019\/01\/Karriereentwicklungs-und-Outplacement-Dienstleistungen-immer-staerker-nachgefragt_Organisator.jpg\" alt=\"\" width=\"680\" height=\"431\" srcset=\"https:\/\/www.organisator.ch\/wp-content\/uploads\/2019\/01\/Karriereentwicklungs-und-Outplacement-Dienstleistungen-immer-staerker-nachgefragt_Organisator.jpg 680w, https:\/\/www.organisator.ch\/wp-content\/uploads\/2019\/01\/Karriereentwicklungs-und-Outplacement-Dienstleistungen-immer-staerker-nachgefragt_Organisator-16x10.jpg 16w, https:\/\/www.organisator.ch\/wp-content\/uploads\/2019\/01\/Karriereentwicklungs-und-Outplacement-Dienstleistungen-immer-staerker-nachgefragt_Organisator-276x175.jpg 276w, https:\/\/www.organisator.ch\/wp-content\/uploads\/2019\/01\/Karriereentwicklungs-und-Outplacement-Dienstleistungen-immer-staerker-nachgefragt_Organisator-552x350.jpg 552w, https:\/\/www.organisator.ch\/wp-content\/uploads\/2019\/01\/Karriereentwicklungs-und-Outplacement-Dienstleistungen-immer-staerker-nachgefragt_Organisator-300x190.jpg 300w\" sizes=\"auto, (max-width: 680px) 100vw, 680px\" \/><figcaption id=\"caption-attachment-4723\" class=\"wp-caption-text\">Top management increasingly relies on career development and outplacement services. This is shown in a three-year evaluation by Grass &amp; Partner AG. (Image: Fotolia.com)<\/figcaption><\/figure>\n<p>In the present three-year comparison by Grass &amp; Partner AG for the period 2016-2018, a rethinking with regard to new orientations and succession arrangements is becoming apparent, particularly among SME management and board members. The reasons for this lie in the current changes on the labor market. Structural change, economic influences and, above all, digitalization are leading to new requirements in terms of skills and culture. More diversity, primarily in the sense of educational, talent and age diversity, is in demand. Those affected are therefore increasingly using professional support for career development and outplacement.\u00a0<span lang=\"DE\">The three-year survey by the company, which is one of the leading outplacement providers in Switzerland, is based on a survey of around 700 management employees and specialists from a wide range of industries. <\/span><\/p>\n<h2>Increasing pressure increases demand for outplacement services<\/h2>\n<p>The current study shows that the pressure on employees with staff and management functions has increased further. The rate rose from 23 percent in 2017 to 30 percent of those undergoing reorientation in 2018. The reasons for this lie largely in economic and technological developments, which are also confronting management levels with new requirement profiles.<\/p>\n<p><span lang=\"DE\">The more stable economic situation overall last year had a positive effect on the industrial sector. Here, the current three-year survey by Grass &amp; Partner AG records a decline in those in the new\/outplacement process from 22 percent in 2017 to 11 percent in 2018.\u00a0<\/span><span lang=\"DE\">The care rate in the retail sector decreased from 10% in 2017 to 7% last year. The public sector also recorded a decrease in separations. The rate decreased from 11% in 2017 to 7% in 2018. <\/span><span lang=\"DE\">Both the services and IT sectors came under pressure last year. They recorded a significant year-on-year increase in separations from 5% to 12% and from 11% to 16% respectively. There was also an increase in the use of outplacement services in staff and management support functions: <\/span><span lang=\"DE\">The share there has increased from 23% in 2017 to 30% in 2018.<\/span><\/p>\n<h2>Continued positive trends for older employees<\/h2>\n<p>Another trend on the labor market can be seen in the area of older employees. Here, the current three-year survey reflects a strong increase in the number of over-50s and over-55s. Thanks to successful professional support, their chances for professional reorientation have improved significantly. Based on all of last year's newplacement mandates, Grass &amp; Partner was able to reduce the time it took for the individuals concerned to start a new job from 6 months in 2017 to 5.6 months in 2018. The current high demand for experienced employees and know-how carriers in the booming SME environment has certainly contributed to this development. For this clientele, the focus is increasingly on succession planning, shareholdings and company takeovers.<\/p>\n<h2>Women grab their chances<\/h2>\n<p>The current figures on the presence of women in the executive floors of Swiss companies are on the decline. This is matched by the fact that Grass &amp; Partner is recording a steady increase in female executives who receive targeted support in the area of career development or initiate it themselves. This is certainly also with the intention of proactively counteracting this trend. The next three-year survey may provide information on further developments in the Swiss labor market in this regard.<\/p>\n<p><span lang=\"DE\">Grass &amp; Partner conducted the first study of this kind for the years 2005 to 2007. Since then, the company has been conducting the three-year surveys, providing relevant information on the labor market situation in particular to members of management bodies as well as at cadre level.<\/span><\/p>\n<p><em>Source and further information:\u00a0<\/em><em><a href=\"http:\/\/www.grassgroup.ch\/\">www.grassgroup.ch<\/a><\/em><\/p>\n<p><em>Another recent article on the topic of outplacement services can be found at <a href=\"https:\/\/www.organisator.ch\/mehr-kuendigungen-durch-strukturwandel-ue50-unter-druck\/\">here<\/a>.<\/em><\/p>","protected":false},"excerpt":{"rendered":"<p>Im vorliegenden Dreijahresvergleich der Grass &amp; Partner AG f\u00fcr den Zeitraum 2016-2018 zeichnet sich insbesondere bei KMU-Gesch\u00e4ftsleitungen und -VR-Mitgliedern ein Umdenken hinsichtlich Neuorientierungen und Nachfolgeregelungen ab. Die Gr\u00fcnde daf\u00fcr liegen in den aktuellen Ver\u00e4nderungen auf dem Arbeitsmarkt. Der Strukturwandel, wirtschaftliche Einfl\u00fcsse und vor allem die Digitalisierung f\u00fchren zu neuen Anforderungen hinsichtlich Skills und Kultur. Mehr [&hellip;]<\/p>\n","protected":false},"author":4,"featured_media":4723,"comment_status":"open","ping_status":"open","sticky":false,"template":"","format":"standard","meta":{"_acf_changed":false,"_yoast_wpseo_focuskw":"Outplacement-Dienstleistungen","_yoast_wpseo_metadesc":"Eine Dreijahreserhebung 2016 - 2018 der Grass & Partner AG best\u00e4tigt eine gestiegene Nachfrage f\u00fcr Outplacement-Dienstleistungen und Karriereentwicklungen.","articlekey":"","footnotes":""},"categories":[28],"tags":[254,294,371],"class_list":["post-4721","post","type-post","status-publish","format-standard","has-post-thumbnail","hentry","category-management","tag-hrm","tag-karriere","tag-outplacement"],"acf":[],"yoast_head":"<!-- This site is optimized with the Yoast SEO plugin v27.5 - https:\/\/yoast.com\/product\/yoast-seo-wordpress\/ -->\n<title>Karriereentwicklungs- und Outplacement-Dienstleistungen immer st\u00e4rker nachgefragt - Organisator<\/title>\n<meta name=\"description\" content=\"Eine Dreijahreserhebung 2016 - 2018 der Grass &amp; Partner AG best\u00e4tigt eine gestiegene Nachfrage f\u00fcr Outplacement-Dienstleistungen und Karriereentwicklungen.\" \/>\n<meta name=\"robots\" content=\"index, follow, max-snippet:-1, max-image-preview:large, max-video-preview:-1\" \/>\n<link rel=\"canonical\" href=\"https:\/\/www.organisator.ch\/en\/management\/2019-01-10\/karriereentwicklungs-und-outplacement-dienstleistungen-immer-staerker-nachgefragt\/\" \/>\n<meta property=\"og:locale\" content=\"en_US\" \/>\n<meta property=\"og:type\" content=\"article\" \/>\n<meta property=\"og:title\" content=\"Karriereentwicklungs- und Outplacement-Dienstleistungen immer st\u00e4rker nachgefragt\" \/>\n<meta property=\"og:description\" content=\"Eine Dreijahreserhebung 2016 - 2018 der Grass &amp; Partner AG best\u00e4tigt eine gestiegene Nachfrage f\u00fcr Outplacement-Dienstleistungen und Karriereentwicklungen.\" \/>\n<meta property=\"og:url\" content=\"https:\/\/www.organisator.ch\/en\/management\/2019-01-10\/karriereentwicklungs-und-outplacement-dienstleistungen-immer-staerker-nachgefragt\/\" \/>\n<meta property=\"og:site_name\" content=\"Organisator\" \/>\n<meta property=\"article:publisher\" content=\"https:\/\/www.facebook.com\/OrganisatorFachmagazin\" \/>\n<meta property=\"article:published_time\" content=\"2019-01-10T13:02:28+00:00\" \/>\n<meta property=\"og:image\" content=\"https:\/\/www.organisator.ch\/wp-content\/uploads\/2019\/01\/Karriereentwicklungs-und-Outplacement-Dienstleistungen-immer-staerker-nachgefragt_Organisator.jpg\" \/>\n\t<meta property=\"og:image:width\" content=\"680\" \/>\n\t<meta property=\"og:image:height\" content=\"431\" \/>\n\t<meta property=\"og:image:type\" content=\"image\/jpeg\" \/>\n<meta name=\"author\" content=\"thomas.berner\" \/>\n<meta name=\"twitter:card\" content=\"summary_large_image\" \/>\n<meta name=\"twitter:title\" content=\"Karriereentwicklungs- und #Outplacement-Dienstleistungen immer st\u00e4rker nachgefragt\" \/>\n<meta name=\"twitter:description\" content=\"Eine Dreijahreserhebung 2016 - 2018 der Grass &amp; Partner AG best\u00e4tigt eine gestiegene Nachfrage f\u00fcr #Outplacement-Dienstleistungen und Karriereentwicklungen.\" \/>\n<meta name=\"twitter:image\" content=\"https:\/\/www.organisator.ch\/wp-content\/uploads\/2019\/01\/Karriereentwicklungs-und-Outplacement-Dienstleistungen-immer-st\u00e4rker-nachgefragt_Organisator.jpg\" \/>\n<script type=\"application\/ld+json\" class=\"yoast-schema-graph\">{\"@context\":\"https:\\\/\\\/schema.org\",\"@graph\":[{\"@type\":\"Article\",\"@id\":\"https:\\\/\\\/www.organisator.ch\\\/management\\\/2019-01-10\\\/karriereentwicklungs-und-outplacement-dienstleistungen-immer-staerker-nachgefragt\\\/#article\",\"isPartOf\":{\"@id\":\"https:\\\/\\\/www.organisator.ch\\\/management\\\/2019-01-10\\\/karriereentwicklungs-und-outplacement-dienstleistungen-immer-staerker-nachgefragt\\\/\"},\"author\":{\"name\":\"thomas.berner\",\"@id\":\"https:\\\/\\\/www.organisator.ch\\\/#\\\/schema\\\/person\\\/6f650f90b2842cd4c0cc334b4e36f67e\"},\"headline\":\"Karriereentwicklungs- und Outplacement-Dienstleistungen immer st\u00e4rker nachgefragt\",\"datePublished\":\"2019-01-10T13:02:28+00:00\",\"mainEntityOfPage\":{\"@id\":\"https:\\\/\\\/www.organisator.ch\\\/management\\\/2019-01-10\\\/karriereentwicklungs-und-outplacement-dienstleistungen-immer-staerker-nachgefragt\\\/\"},\"wordCount\":590,\"commentCount\":0,\"publisher\":{\"@id\":\"https:\\\/\\\/www.organisator.ch\\\/#organization\"},\"image\":{\"@id\":\"https:\\\/\\\/www.organisator.ch\\\/management\\\/2019-01-10\\\/karriereentwicklungs-und-outplacement-dienstleistungen-immer-staerker-nachgefragt\\\/#primaryimage\"},\"thumbnailUrl\":\"https:\\\/\\\/www.organisator.ch\\\/wp-content\\\/uploads\\\/2019\\\/01\\\/Karriereentwicklungs-und-Outplacement-Dienstleistungen-immer-staerker-nachgefragt_Organisator.jpg\",\"keywords\":[\"HRM\",\"Karriere\",\"Outplacement\"],\"articleSection\":[\"MANAGEMENT\"],\"inLanguage\":\"en-US\"},{\"@type\":\"WebPage\",\"@id\":\"https:\\\/\\\/www.organisator.ch\\\/management\\\/2019-01-10\\\/karriereentwicklungs-und-outplacement-dienstleistungen-immer-staerker-nachgefragt\\\/\",\"url\":\"https:\\\/\\\/www.organisator.ch\\\/management\\\/2019-01-10\\\/karriereentwicklungs-und-outplacement-dienstleistungen-immer-staerker-nachgefragt\\\/\",\"name\":\"Karriereentwicklungs- und Outplacement-Dienstleistungen immer st\u00e4rker nachgefragt - Organisator\",\"isPartOf\":{\"@id\":\"https:\\\/\\\/www.organisator.ch\\\/#website\"},\"primaryImageOfPage\":{\"@id\":\"https:\\\/\\\/www.organisator.ch\\\/management\\\/2019-01-10\\\/karriereentwicklungs-und-outplacement-dienstleistungen-immer-staerker-nachgefragt\\\/#primaryimage\"},\"image\":{\"@id\":\"https:\\\/\\\/www.organisator.ch\\\/management\\\/2019-01-10\\\/karriereentwicklungs-und-outplacement-dienstleistungen-immer-staerker-nachgefragt\\\/#primaryimage\"},\"thumbnailUrl\":\"https:\\\/\\\/www.organisator.ch\\\/wp-content\\\/uploads\\\/2019\\\/01\\\/Karriereentwicklungs-und-Outplacement-Dienstleistungen-immer-staerker-nachgefragt_Organisator.jpg\",\"datePublished\":\"2019-01-10T13:02:28+00:00\",\"description\":\"Eine Dreijahreserhebung 2016 - 2018 der Grass & Partner AG best\u00e4tigt eine gestiegene Nachfrage f\u00fcr Outplacement-Dienstleistungen und Karriereentwicklungen.\",\"breadcrumb\":{\"@id\":\"https:\\\/\\\/www.organisator.ch\\\/management\\\/2019-01-10\\\/karriereentwicklungs-und-outplacement-dienstleistungen-immer-staerker-nachgefragt\\\/#breadcrumb\"},\"inLanguage\":\"en-US\",\"potentialAction\":[{\"@type\":\"ReadAction\",\"target\":[\"https:\\\/\\\/www.organisator.ch\\\/management\\\/2019-01-10\\\/karriereentwicklungs-und-outplacement-dienstleistungen-immer-staerker-nachgefragt\\\/\"]}]},{\"@type\":\"ImageObject\",\"inLanguage\":\"en-US\",\"@id\":\"https:\\\/\\\/www.organisator.ch\\\/management\\\/2019-01-10\\\/karriereentwicklungs-und-outplacement-dienstleistungen-immer-staerker-nachgefragt\\\/#primaryimage\",\"url\":\"https:\\\/\\\/www.organisator.ch\\\/wp-content\\\/uploads\\\/2019\\\/01\\\/Karriereentwicklungs-und-Outplacement-Dienstleistungen-immer-staerker-nachgefragt_Organisator.jpg\",\"contentUrl\":\"https:\\\/\\\/www.organisator.ch\\\/wp-content\\\/uploads\\\/2019\\\/01\\\/Karriereentwicklungs-und-Outplacement-Dienstleistungen-immer-staerker-nachgefragt_Organisator.jpg\",\"width\":680,\"height\":431,\"caption\":\"Oberste F\u00fchrungsgremien vertrauen verst\u00e4rkt auf Karriereentwicklungs- und Outplacement-Dienstleistungen. Dies zeigt eine Dreijahres-Auswertung von Grass & Partner AG. (Bild: Fotolia.com)\"},{\"@type\":\"BreadcrumbList\",\"@id\":\"https:\\\/\\\/www.organisator.ch\\\/management\\\/2019-01-10\\\/karriereentwicklungs-und-outplacement-dienstleistungen-immer-staerker-nachgefragt\\\/#breadcrumb\",\"itemListElement\":[{\"@type\":\"ListItem\",\"position\":1,\"name\":\"Home\",\"item\":\"https:\\\/\\\/www.organisator.ch\\\/\"},{\"@type\":\"ListItem\",\"position\":2,\"name\":\"Karriereentwicklungs- und Outplacement-Dienstleistungen immer st\u00e4rker nachgefragt\"}]},{\"@type\":\"WebSite\",\"@id\":\"https:\\\/\\\/www.organisator.ch\\\/#website\",\"url\":\"https:\\\/\\\/www.organisator.ch\\\/\",\"name\":\"Organisator\",\"description\":\"Kompetent. Praxisnah. Der ORGANISATOR bereitet in 10 Ausgaben pro Jahr die wesentlichen Themen f\u00fcr F\u00fchrungskr\u00e4fte von KMU auf.\",\"publisher\":{\"@id\":\"https:\\\/\\\/www.organisator.ch\\\/#organization\"},\"potentialAction\":[{\"@type\":\"SearchAction\",\"target\":{\"@type\":\"EntryPoint\",\"urlTemplate\":\"https:\\\/\\\/www.organisator.ch\\\/?s={search_term_string}\"},\"query-input\":{\"@type\":\"PropertyValueSpecification\",\"valueRequired\":true,\"valueName\":\"search_term_string\"}}],\"inLanguage\":\"en-US\"},{\"@type\":\"Organization\",\"@id\":\"https:\\\/\\\/www.organisator.ch\\\/#organization\",\"name\":\"Organisator\",\"url\":\"https:\\\/\\\/www.organisator.ch\\\/\",\"logo\":{\"@type\":\"ImageObject\",\"inLanguage\":\"en-US\",\"@id\":\"https:\\\/\\\/www.organisator.ch\\\/#\\\/schema\\\/logo\\\/image\\\/\",\"url\":\"https:\\\/\\\/www.organisator.ch\\\/wp-content\\\/uploads\\\/2022\\\/01\\\/Logo_Organisator_Website.png\",\"contentUrl\":\"https:\\\/\\\/www.organisator.ch\\\/wp-content\\\/uploads\\\/2022\\\/01\\\/Logo_Organisator_Website.png\",\"width\":800,\"height\":77,\"caption\":\"Organisator\"},\"image\":{\"@id\":\"https:\\\/\\\/www.organisator.ch\\\/#\\\/schema\\\/logo\\\/image\\\/\"},\"sameAs\":[\"https:\\\/\\\/www.facebook.com\\\/OrganisatorFachmagazin\",\"https:\\\/\\\/www.linkedin.com\\\/showcase\\\/organisator-das-magazin-fr-kmu\",\"https:\\\/\\\/www.xing.com\\\/news\\\/pages\\\/organisator-ch-695\",\"https:\\\/\\\/www.youtube.com\\\/channel\\\/UCGP2Sq0iWaZwT3BdIAQFYpw\"]},{\"@type\":\"Person\",\"@id\":\"https:\\\/\\\/www.organisator.ch\\\/#\\\/schema\\\/person\\\/6f650f90b2842cd4c0cc334b4e36f67e\",\"name\":\"thomas.berner\",\"image\":{\"@type\":\"ImageObject\",\"inLanguage\":\"en-US\",\"@id\":\"https:\\\/\\\/secure.gravatar.com\\\/avatar\\\/ac5001d2a36cb6c6cd3e50789007ffca834b477b74a2144564522e944eabff61?s=96&d=mm&r=g\",\"url\":\"https:\\\/\\\/secure.gravatar.com\\\/avatar\\\/ac5001d2a36cb6c6cd3e50789007ffca834b477b74a2144564522e944eabff61?s=96&d=mm&r=g\",\"contentUrl\":\"https:\\\/\\\/secure.gravatar.com\\\/avatar\\\/ac5001d2a36cb6c6cd3e50789007ffca834b477b74a2144564522e944eabff61?s=96&d=mm&r=g\",\"caption\":\"thomas.berner\"},\"url\":\"https:\\\/\\\/www.organisator.ch\\\/en\\\/author\\\/thomas-berner\\\/\"}]}<\/script>\n<!-- \/ Yoast SEO plugin. -->","yoast_head_json":{"title":"Career development and outplacement services increasingly in demand - Organizer","description":"A three-year survey 2016 - 2018 by Grass &amp; Partner AG confirms an increased demand for outplacement services and career development.","robots":{"index":"index","follow":"follow","max-snippet":"max-snippet:-1","max-image-preview":"max-image-preview:large","max-video-preview":"max-video-preview:-1"},"canonical":"https:\/\/www.organisator.ch\/en\/management\/2019-01-10\/karriereentwicklungs-und-outplacement-dienstleistungen-immer-staerker-nachgefragt\/","og_locale":"en_US","og_type":"article","og_title":"Karriereentwicklungs- und Outplacement-Dienstleistungen immer st\u00e4rker nachgefragt","og_description":"Eine Dreijahreserhebung 2016 - 2018 der Grass & Partner AG best\u00e4tigt eine gestiegene Nachfrage f\u00fcr Outplacement-Dienstleistungen und Karriereentwicklungen.","og_url":"https:\/\/www.organisator.ch\/en\/management\/2019-01-10\/karriereentwicklungs-und-outplacement-dienstleistungen-immer-staerker-nachgefragt\/","og_site_name":"Organisator","article_publisher":"https:\/\/www.facebook.com\/OrganisatorFachmagazin","article_published_time":"2019-01-10T13:02:28+00:00","og_image":[{"width":680,"height":431,"url":"https:\/\/www.organisator.ch\/wp-content\/uploads\/2019\/01\/Karriereentwicklungs-und-Outplacement-Dienstleistungen-immer-staerker-nachgefragt_Organisator.jpg","type":"image\/jpeg"}],"author":"thomas.berner","twitter_card":"summary_large_image","twitter_title":"Karriereentwicklungs- und #Outplacement-Dienstleistungen immer st\u00e4rker nachgefragt","twitter_description":"Eine Dreijahreserhebung 2016 - 2018 der Grass & Partner AG best\u00e4tigt eine gestiegene Nachfrage f\u00fcr #Outplacement-Dienstleistungen und Karriereentwicklungen.","twitter_image":"https:\/\/www.organisator.ch\/wp-content\/uploads\/2019\/01\/Karriereentwicklungs-und-Outplacement-Dienstleistungen-immer-st\u00e4rker-nachgefragt_Organisator.jpg","schema":{"@context":"https:\/\/schema.org","@graph":[{"@type":"Article","@id":"https:\/\/www.organisator.ch\/management\/2019-01-10\/karriereentwicklungs-und-outplacement-dienstleistungen-immer-staerker-nachgefragt\/#article","isPartOf":{"@id":"https:\/\/www.organisator.ch\/management\/2019-01-10\/karriereentwicklungs-und-outplacement-dienstleistungen-immer-staerker-nachgefragt\/"},"author":{"name":"thomas.berner","@id":"https:\/\/www.organisator.ch\/#\/schema\/person\/6f650f90b2842cd4c0cc334b4e36f67e"},"headline":"Karriereentwicklungs- und Outplacement-Dienstleistungen immer st\u00e4rker nachgefragt","datePublished":"2019-01-10T13:02:28+00:00","mainEntityOfPage":{"@id":"https:\/\/www.organisator.ch\/management\/2019-01-10\/karriereentwicklungs-und-outplacement-dienstleistungen-immer-staerker-nachgefragt\/"},"wordCount":590,"commentCount":0,"publisher":{"@id":"https:\/\/www.organisator.ch\/#organization"},"image":{"@id":"https:\/\/www.organisator.ch\/management\/2019-01-10\/karriereentwicklungs-und-outplacement-dienstleistungen-immer-staerker-nachgefragt\/#primaryimage"},"thumbnailUrl":"https:\/\/www.organisator.ch\/wp-content\/uploads\/2019\/01\/Karriereentwicklungs-und-Outplacement-Dienstleistungen-immer-staerker-nachgefragt_Organisator.jpg","keywords":["HRM","Karriere","Outplacement"],"articleSection":["MANAGEMENT"],"inLanguage":"en-US"},{"@type":"WebPage","@id":"https:\/\/www.organisator.ch\/management\/2019-01-10\/karriereentwicklungs-und-outplacement-dienstleistungen-immer-staerker-nachgefragt\/","url":"https:\/\/www.organisator.ch\/management\/2019-01-10\/karriereentwicklungs-und-outplacement-dienstleistungen-immer-staerker-nachgefragt\/","name":"Career development and outplacement services increasingly in demand - Organizer","isPartOf":{"@id":"https:\/\/www.organisator.ch\/#website"},"primaryImageOfPage":{"@id":"https:\/\/www.organisator.ch\/management\/2019-01-10\/karriereentwicklungs-und-outplacement-dienstleistungen-immer-staerker-nachgefragt\/#primaryimage"},"image":{"@id":"https:\/\/www.organisator.ch\/management\/2019-01-10\/karriereentwicklungs-und-outplacement-dienstleistungen-immer-staerker-nachgefragt\/#primaryimage"},"thumbnailUrl":"https:\/\/www.organisator.ch\/wp-content\/uploads\/2019\/01\/Karriereentwicklungs-und-Outplacement-Dienstleistungen-immer-staerker-nachgefragt_Organisator.jpg","datePublished":"2019-01-10T13:02:28+00:00","description":"A three-year survey 2016 - 2018 by Grass &amp; Partner AG confirms an increased demand for outplacement services and career development.","breadcrumb":{"@id":"https:\/\/www.organisator.ch\/management\/2019-01-10\/karriereentwicklungs-und-outplacement-dienstleistungen-immer-staerker-nachgefragt\/#breadcrumb"},"inLanguage":"en-US","potentialAction":[{"@type":"ReadAction","target":["https:\/\/www.organisator.ch\/management\/2019-01-10\/karriereentwicklungs-und-outplacement-dienstleistungen-immer-staerker-nachgefragt\/"]}]},{"@type":"ImageObject","inLanguage":"en-US","@id":"https:\/\/www.organisator.ch\/management\/2019-01-10\/karriereentwicklungs-und-outplacement-dienstleistungen-immer-staerker-nachgefragt\/#primaryimage","url":"https:\/\/www.organisator.ch\/wp-content\/uploads\/2019\/01\/Karriereentwicklungs-und-Outplacement-Dienstleistungen-immer-staerker-nachgefragt_Organisator.jpg","contentUrl":"https:\/\/www.organisator.ch\/wp-content\/uploads\/2019\/01\/Karriereentwicklungs-und-Outplacement-Dienstleistungen-immer-staerker-nachgefragt_Organisator.jpg","width":680,"height":431,"caption":"Oberste F\u00fchrungsgremien vertrauen verst\u00e4rkt auf Karriereentwicklungs- und Outplacement-Dienstleistungen. Dies zeigt eine Dreijahres-Auswertung von Grass & Partner AG. (Bild: Fotolia.com)"},{"@type":"BreadcrumbList","@id":"https:\/\/www.organisator.ch\/management\/2019-01-10\/karriereentwicklungs-und-outplacement-dienstleistungen-immer-staerker-nachgefragt\/#breadcrumb","itemListElement":[{"@type":"ListItem","position":1,"name":"Home","item":"https:\/\/www.organisator.ch\/"},{"@type":"ListItem","position":2,"name":"Karriereentwicklungs- und Outplacement-Dienstleistungen immer st\u00e4rker nachgefragt"}]},{"@type":"WebSite","@id":"https:\/\/www.organisator.ch\/#website","url":"https:\/\/www.organisator.ch\/","name":"Organizer","description":"Competent. Practical. In 10 issues per year, ORGANISATOR presents the essential topics for managers of SMEs.","publisher":{"@id":"https:\/\/www.organisator.ch\/#organization"},"potentialAction":[{"@type":"SearchAction","target":{"@type":"EntryPoint","urlTemplate":"https:\/\/www.organisator.ch\/?s={search_term_string}"},"query-input":{"@type":"PropertyValueSpecification","valueRequired":true,"valueName":"search_term_string"}}],"inLanguage":"en-US"},{"@type":"Organization","@id":"https:\/\/www.organisator.ch\/#organization","name":"Organizer","url":"https:\/\/www.organisator.ch\/","logo":{"@type":"ImageObject","inLanguage":"en-US","@id":"https:\/\/www.organisator.ch\/#\/schema\/logo\/image\/","url":"https:\/\/www.organisator.ch\/wp-content\/uploads\/2022\/01\/Logo_Organisator_Website.png","contentUrl":"https:\/\/www.organisator.ch\/wp-content\/uploads\/2022\/01\/Logo_Organisator_Website.png","width":800,"height":77,"caption":"Organisator"},"image":{"@id":"https:\/\/www.organisator.ch\/#\/schema\/logo\/image\/"},"sameAs":["https:\/\/www.facebook.com\/OrganisatorFachmagazin","https:\/\/www.linkedin.com\/showcase\/organisator-das-magazin-fr-kmu","https:\/\/www.xing.com\/news\/pages\/organisator-ch-695","https:\/\/www.youtube.com\/channel\/UCGP2Sq0iWaZwT3BdIAQFYpw"]},{"@type":"Person","@id":"https:\/\/www.organisator.ch\/#\/schema\/person\/6f650f90b2842cd4c0cc334b4e36f67e","name":"thomas.berner","image":{"@type":"ImageObject","inLanguage":"en-US","@id":"https:\/\/secure.gravatar.com\/avatar\/ac5001d2a36cb6c6cd3e50789007ffca834b477b74a2144564522e944eabff61?s=96&d=mm&r=g","url":"https:\/\/secure.gravatar.com\/avatar\/ac5001d2a36cb6c6cd3e50789007ffca834b477b74a2144564522e944eabff61?s=96&d=mm&r=g","contentUrl":"https:\/\/secure.gravatar.com\/avatar\/ac5001d2a36cb6c6cd3e50789007ffca834b477b74a2144564522e944eabff61?s=96&d=mm&r=g","caption":"thomas.berner"},"url":"https:\/\/www.organisator.ch\/en\/author\/thomas-berner\/"}]}},"_links":{"self":[{"href":"https:\/\/www.organisator.ch\/en\/wp-json\/wp\/v2\/posts\/4721","targetHints":{"allow":["GET"]}}],"collection":[{"href":"https:\/\/www.organisator.ch\/en\/wp-json\/wp\/v2\/posts"}],"about":[{"href":"https:\/\/www.organisator.ch\/en\/wp-json\/wp\/v2\/types\/post"}],"author":[{"embeddable":true,"href":"https:\/\/www.organisator.ch\/en\/wp-json\/wp\/v2\/users\/4"}],"replies":[{"embeddable":true,"href":"https:\/\/www.organisator.ch\/en\/wp-json\/wp\/v2\/comments?post=4721"}],"version-history":[{"count":0,"href":"https:\/\/www.organisator.ch\/en\/wp-json\/wp\/v2\/posts\/4721\/revisions"}],"wp:featuredmedia":[{"embeddable":true,"href":"https:\/\/www.organisator.ch\/en\/wp-json\/wp\/v2\/media\/4723"}],"wp:attachment":[{"href":"https:\/\/www.organisator.ch\/en\/wp-json\/wp\/v2\/media?parent=4721"}],"wp:term":[{"taxonomy":"category","embeddable":true,"href":"https:\/\/www.organisator.ch\/en\/wp-json\/wp\/v2\/categories?post=4721"},{"taxonomy":"post_tag","embeddable":true,"href":"https:\/\/www.organisator.ch\/en\/wp-json\/wp\/v2\/tags?post=4721"}],"curies":[{"name":"wp","href":"https:\/\/api.w.org\/{rel}","templated":true}]}}