{"id":47256,"date":"2026-04-10T09:04:27","date_gmt":"2026-04-10T07:04:27","guid":{"rendered":"https:\/\/www.organisator.ch\/?p=47256"},"modified":"2026-04-10T13:01:02","modified_gmt":"2026-04-10T11:01:02","slug":"huawei-mit-neuem-ceo-in-der-schweiz","status":"publish","type":"post","link":"https:\/\/www.organisator.ch\/en\/management\/2026-04-10\/huawei-mit-neuem-ceo-in-der-schweiz\/","title":{"rendered":"Huawei with new CEO in Switzerland"},"content":{"rendered":"<figure id=\"attachment_47257\" aria-describedby=\"caption-attachment-47257\" style=\"width: 680px\" class=\"wp-caption alignnone\"><img loading=\"lazy\" decoding=\"async\" class=\"size-full wp-image-47257\" src=\"https:\/\/www.organisator.ch\/wp-content\/uploads\/2026\/04\/Huawei-mit-neuem-CEO-in-der-Schweiz_Organisator.jpg\" alt=\"\" width=\"680\" height=\"453\" srcset=\"https:\/\/www.organisator.ch\/wp-content\/uploads\/2026\/04\/Huawei-mit-neuem-CEO-in-der-Schweiz_Organisator.jpg 680w, https:\/\/www.organisator.ch\/wp-content\/uploads\/2026\/04\/Huawei-mit-neuem-CEO-in-der-Schweiz_Organisator-18x12.jpg 18w, https:\/\/www.organisator.ch\/wp-content\/uploads\/2026\/04\/Huawei-mit-neuem-CEO-in-der-Schweiz_Organisator-375x250.jpg 375w, https:\/\/www.organisator.ch\/wp-content\/uploads\/2026\/04\/Huawei-mit-neuem-CEO-in-der-Schweiz_Organisator-525x350.jpg 525w\" sizes=\"auto, (max-width: 680px) 100vw, 680px\" \/><figcaption id=\"caption-attachment-47257\" class=\"wp-caption-text\">New CEO of Huawei in Switzerland: Allen Cao. (Image: Huawei)<\/figcaption><\/figure>\n<p>The new head of Switzerland, Allen Cao, has already helped shape Huawei's fortunes in Europe and South America as a leader for many years before succeeding Michael Yang as part of a normal rotation. The new CEO of Huawei Technologies Switzerland previously headed various departments at Huawei, including as Director of Global Accounts for Deutsche Telekom and the Luxembourg-based telecommunications company Millicom, which operates primarily in South America.<\/p>\n<p>Allen Cao joined Huawei in Beijing in 2005 as a development engineer. He then gradually rose through the ranks to Sales and then Account Director. He holds a degree in Communication Engineering from Xi'an University. He is full of enthusiasm for his new role and says: \u00abHuawei has been deeply rooted in Switzerland for 18 years and is closely networked with strong partners and customers. We value the open and innovative environment as well as the transparent exchange with the authorities. With our proven and new smart technologies, we want to contribute even more to the country's digitalization, innovation and sustainability in the future. We drive technological progress, promote energy efficiency and thus create tangible benefits for people, companies and institutions in a wide range of sectors.\u00bb<\/p>\n<p>The previous CEO, Michael Yang, will take over as CEO of Huawei Germany.<\/p>\n<p><em>Source: <a href=\"https:\/\/www.huawei.com\/ch\/\">Huawei<\/a><\/em><\/p>","protected":false},"excerpt":{"rendered":"<p>Allen Cao becomes the new Huawei CEO in Switzerland. He will take over the management of the local subsidiary of the global technology equipment provider, which has three sites in Liebefeld, D\u00fcbendorf and Lausanne.<\/p>","protected":false},"author":4,"featured_media":47257,"comment_status":"closed","ping_status":"closed","sticky":false,"template":"","format":"standard","meta":{"_acf_changed":false,"_yoast_wpseo_focuskw":"Huawei","_yoast_wpseo_metadesc":"Allen Cao wird neuer Huawei-CEO in der Schweiz. Er folgt im Rahmen einer normalen Rotation auf Michael Yang.","articlekey":"","footnotes":""},"categories":[28],"tags":[381,479,492],"class_list":["post-47256","post","type-post","status-publish","format-standard","has-post-thumbnail","hentry","category-management","tag-personalia","tag-telekommunikation","tag-unternehmen"],"acf":[],"yoast_head":"<!-- This site is optimized with the Yoast SEO plugin v27.4 - https:\/\/yoast.com\/product\/yoast-seo-wordpress\/ -->\n<title>Huawei mit neuem CEO in der Schweiz - Organisator<\/title>\n<meta name=\"description\" content=\"Allen Cao wird neuer Huawei-CEO in der Schweiz. Er folgt im Rahmen einer normalen Rotation auf Michael Yang.\" \/>\n<meta name=\"robots\" content=\"index, follow, max-snippet:-1, max-image-preview:large, max-video-preview:-1\" \/>\n<link rel=\"canonical\" href=\"https:\/\/www.organisator.ch\/en\/management\/2026-04-10\/huawei-mit-neuem-ceo-in-der-schweiz\/\" \/>\n<meta property=\"og:locale\" content=\"en_US\" \/>\n<meta property=\"og:type\" content=\"article\" \/>\n<meta property=\"og:title\" content=\"Huawei mit neuem CEO in der Schweiz\" \/>\n<meta property=\"og:description\" content=\"Allen Cao wird neuer Huawei-CEO in der Schweiz. Er folgt im Rahmen einer normalen Rotation auf Michael Yang.\" \/>\n<meta property=\"og:url\" content=\"https:\/\/www.organisator.ch\/en\/management\/2026-04-10\/huawei-mit-neuem-ceo-in-der-schweiz\/\" \/>\n<meta property=\"og:site_name\" content=\"Organisator\" \/>\n<meta property=\"article:publisher\" content=\"https:\/\/www.facebook.com\/OrganisatorFachmagazin\" \/>\n<meta property=\"article:published_time\" content=\"2026-04-10T07:04:27+00:00\" \/>\n<meta property=\"article:modified_time\" content=\"2026-04-10T11:01:02+00:00\" \/>\n<meta property=\"og:image\" content=\"https:\/\/www.organisator.ch\/wp-content\/uploads\/2026\/04\/Huawei-mit-neuem-CEO-in-der-Schweiz_Organisator.jpg\" \/>\n\t<meta property=\"og:image:width\" content=\"680\" \/>\n\t<meta property=\"og:image:height\" content=\"453\" \/>\n\t<meta property=\"og:image:type\" content=\"image\/jpeg\" \/>\n<meta name=\"author\" content=\"thomas.berner\" \/>\n<meta name=\"twitter:card\" content=\"summary_large_image\" \/>\n<meta name=\"twitter:title\" content=\"#Huawei mit neuem #CEO in der Schweiz\" \/>\n<meta name=\"twitter:description\" content=\"Allen #Cao wird neuer #Huawei-CEO in der Schweiz. Er folgt im Rahmen einer normalen Rotation auf Michael Yang.\" \/>\n<meta name=\"twitter:image\" content=\"https:\/\/www.organisator.ch\/wp-content\/uploads\/2026\/04\/Huawei-mit-neuem-CEO-in-der-Schweiz_Organisator.jpg\" \/>\n<script type=\"application\/ld+json\" class=\"yoast-schema-graph\">{\"@context\":\"https:\\\/\\\/schema.org\",\"@graph\":[{\"@type\":\"Article\",\"@id\":\"https:\\\/\\\/www.organisator.ch\\\/management\\\/2026-04-10\\\/huawei-mit-neuem-ceo-in-der-schweiz\\\/#article\",\"isPartOf\":{\"@id\":\"https:\\\/\\\/www.organisator.ch\\\/management\\\/2026-04-10\\\/huawei-mit-neuem-ceo-in-der-schweiz\\\/\"},\"author\":{\"name\":\"thomas.berner\",\"@id\":\"https:\\\/\\\/www.organisator.ch\\\/#\\\/schema\\\/person\\\/6f650f90b2842cd4c0cc334b4e36f67e\"},\"headline\":\"Huawei mit neuem CEO in der Schweiz\",\"datePublished\":\"2026-04-10T07:04:27+00:00\",\"dateModified\":\"2026-04-10T11:01:02+00:00\",\"mainEntityOfPage\":{\"@id\":\"https:\\\/\\\/www.organisator.ch\\\/management\\\/2026-04-10\\\/huawei-mit-neuem-ceo-in-der-schweiz\\\/\"},\"wordCount\":233,\"publisher\":{\"@id\":\"https:\\\/\\\/www.organisator.ch\\\/#organization\"},\"image\":{\"@id\":\"https:\\\/\\\/www.organisator.ch\\\/management\\\/2026-04-10\\\/huawei-mit-neuem-ceo-in-der-schweiz\\\/#primaryimage\"},\"thumbnailUrl\":\"https:\\\/\\\/www.organisator.ch\\\/wp-content\\\/uploads\\\/2026\\\/04\\\/Huawei-mit-neuem-CEO-in-der-Schweiz_Organisator.jpg\",\"keywords\":[\"Personalia\",\"Telekommunikation\",\"Unternehmen\"],\"articleSection\":[\"MANAGEMENT\"],\"inLanguage\":\"en-US\"},{\"@type\":\"WebPage\",\"@id\":\"https:\\\/\\\/www.organisator.ch\\\/management\\\/2026-04-10\\\/huawei-mit-neuem-ceo-in-der-schweiz\\\/\",\"url\":\"https:\\\/\\\/www.organisator.ch\\\/management\\\/2026-04-10\\\/huawei-mit-neuem-ceo-in-der-schweiz\\\/\",\"name\":\"Huawei mit neuem CEO in der Schweiz - Organisator\",\"isPartOf\":{\"@id\":\"https:\\\/\\\/www.organisator.ch\\\/#website\"},\"primaryImageOfPage\":{\"@id\":\"https:\\\/\\\/www.organisator.ch\\\/management\\\/2026-04-10\\\/huawei-mit-neuem-ceo-in-der-schweiz\\\/#primaryimage\"},\"image\":{\"@id\":\"https:\\\/\\\/www.organisator.ch\\\/management\\\/2026-04-10\\\/huawei-mit-neuem-ceo-in-der-schweiz\\\/#primaryimage\"},\"thumbnailUrl\":\"https:\\\/\\\/www.organisator.ch\\\/wp-content\\\/uploads\\\/2026\\\/04\\\/Huawei-mit-neuem-CEO-in-der-Schweiz_Organisator.jpg\",\"datePublished\":\"2026-04-10T07:04:27+00:00\",\"dateModified\":\"2026-04-10T11:01:02+00:00\",\"description\":\"Allen Cao wird neuer Huawei-CEO in der Schweiz. Er folgt im Rahmen einer normalen Rotation auf Michael Yang.\",\"breadcrumb\":{\"@id\":\"https:\\\/\\\/www.organisator.ch\\\/management\\\/2026-04-10\\\/huawei-mit-neuem-ceo-in-der-schweiz\\\/#breadcrumb\"},\"inLanguage\":\"en-US\",\"potentialAction\":[{\"@type\":\"ReadAction\",\"target\":[\"https:\\\/\\\/www.organisator.ch\\\/management\\\/2026-04-10\\\/huawei-mit-neuem-ceo-in-der-schweiz\\\/\"]}]},{\"@type\":\"ImageObject\",\"inLanguage\":\"en-US\",\"@id\":\"https:\\\/\\\/www.organisator.ch\\\/management\\\/2026-04-10\\\/huawei-mit-neuem-ceo-in-der-schweiz\\\/#primaryimage\",\"url\":\"https:\\\/\\\/www.organisator.ch\\\/wp-content\\\/uploads\\\/2026\\\/04\\\/Huawei-mit-neuem-CEO-in-der-Schweiz_Organisator.jpg\",\"contentUrl\":\"https:\\\/\\\/www.organisator.ch\\\/wp-content\\\/uploads\\\/2026\\\/04\\\/Huawei-mit-neuem-CEO-in-der-Schweiz_Organisator.jpg\",\"width\":680,\"height\":453,\"caption\":\"Neuer CEO von Huawei in der Schweiz: Allen Cao. (Bild: Huawei)\"},{\"@type\":\"BreadcrumbList\",\"@id\":\"https:\\\/\\\/www.organisator.ch\\\/management\\\/2026-04-10\\\/huawei-mit-neuem-ceo-in-der-schweiz\\\/#breadcrumb\",\"itemListElement\":[{\"@type\":\"ListItem\",\"position\":1,\"name\":\"Home\",\"item\":\"https:\\\/\\\/www.organisator.ch\\\/\"},{\"@type\":\"ListItem\",\"position\":2,\"name\":\"Huawei mit neuem CEO in der Schweiz\"}]},{\"@type\":\"WebSite\",\"@id\":\"https:\\\/\\\/www.organisator.ch\\\/#website\",\"url\":\"https:\\\/\\\/www.organisator.ch\\\/\",\"name\":\"Organisator\",\"description\":\"Kompetent. Praxisnah. Der ORGANISATOR bereitet in 10 Ausgaben pro Jahr die wesentlichen Themen f\u00fcr F\u00fchrungskr\u00e4fte von KMU auf.\",\"publisher\":{\"@id\":\"https:\\\/\\\/www.organisator.ch\\\/#organization\"},\"potentialAction\":[{\"@type\":\"SearchAction\",\"target\":{\"@type\":\"EntryPoint\",\"urlTemplate\":\"https:\\\/\\\/www.organisator.ch\\\/?s={search_term_string}\"},\"query-input\":{\"@type\":\"PropertyValueSpecification\",\"valueRequired\":true,\"valueName\":\"search_term_string\"}}],\"inLanguage\":\"en-US\"},{\"@type\":\"Organization\",\"@id\":\"https:\\\/\\\/www.organisator.ch\\\/#organization\",\"name\":\"Organisator\",\"url\":\"https:\\\/\\\/www.organisator.ch\\\/\",\"logo\":{\"@type\":\"ImageObject\",\"inLanguage\":\"en-US\",\"@id\":\"https:\\\/\\\/www.organisator.ch\\\/#\\\/schema\\\/logo\\\/image\\\/\",\"url\":\"https:\\\/\\\/www.organisator.ch\\\/wp-content\\\/uploads\\\/2022\\\/01\\\/Logo_Organisator_Website.png\",\"contentUrl\":\"https:\\\/\\\/www.organisator.ch\\\/wp-content\\\/uploads\\\/2022\\\/01\\\/Logo_Organisator_Website.png\",\"width\":800,\"height\":77,\"caption\":\"Organisator\"},\"image\":{\"@id\":\"https:\\\/\\\/www.organisator.ch\\\/#\\\/schema\\\/logo\\\/image\\\/\"},\"sameAs\":[\"https:\\\/\\\/www.facebook.com\\\/OrganisatorFachmagazin\",\"https:\\\/\\\/www.linkedin.com\\\/showcase\\\/organisator-das-magazin-fr-kmu\",\"https:\\\/\\\/www.xing.com\\\/news\\\/pages\\\/organisator-ch-695\",\"https:\\\/\\\/www.youtube.com\\\/channel\\\/UCGP2Sq0iWaZwT3BdIAQFYpw\"]},{\"@type\":\"Person\",\"@id\":\"https:\\\/\\\/www.organisator.ch\\\/#\\\/schema\\\/person\\\/6f650f90b2842cd4c0cc334b4e36f67e\",\"name\":\"thomas.berner\",\"image\":{\"@type\":\"ImageObject\",\"inLanguage\":\"en-US\",\"@id\":\"https:\\\/\\\/secure.gravatar.com\\\/avatar\\\/ac5001d2a36cb6c6cd3e50789007ffca834b477b74a2144564522e944eabff61?s=96&d=mm&r=g\",\"url\":\"https:\\\/\\\/secure.gravatar.com\\\/avatar\\\/ac5001d2a36cb6c6cd3e50789007ffca834b477b74a2144564522e944eabff61?s=96&d=mm&r=g\",\"contentUrl\":\"https:\\\/\\\/secure.gravatar.com\\\/avatar\\\/ac5001d2a36cb6c6cd3e50789007ffca834b477b74a2144564522e944eabff61?s=96&d=mm&r=g\",\"caption\":\"thomas.berner\"},\"url\":\"https:\\\/\\\/www.organisator.ch\\\/en\\\/author\\\/thomas-berner\\\/\"}]}<\/script>\n<!-- \/ Yoast SEO plugin. -->","yoast_head_json":{"title":"Huawei with new CEO in Switzerland - Organizer","description":"Allen Cao becomes the new Huawei CEO in Switzerland. He succeeds Michael Yang as part of a normal rotation.","robots":{"index":"index","follow":"follow","max-snippet":"max-snippet:-1","max-image-preview":"max-image-preview:large","max-video-preview":"max-video-preview:-1"},"canonical":"https:\/\/www.organisator.ch\/en\/management\/2026-04-10\/huawei-mit-neuem-ceo-in-der-schweiz\/","og_locale":"en_US","og_type":"article","og_title":"Huawei mit neuem CEO in der Schweiz","og_description":"Allen Cao wird neuer Huawei-CEO in der Schweiz. Er folgt im Rahmen einer normalen Rotation auf Michael Yang.","og_url":"https:\/\/www.organisator.ch\/en\/management\/2026-04-10\/huawei-mit-neuem-ceo-in-der-schweiz\/","og_site_name":"Organisator","article_publisher":"https:\/\/www.facebook.com\/OrganisatorFachmagazin","article_published_time":"2026-04-10T07:04:27+00:00","article_modified_time":"2026-04-10T11:01:02+00:00","og_image":[{"width":680,"height":453,"url":"https:\/\/www.organisator.ch\/wp-content\/uploads\/2026\/04\/Huawei-mit-neuem-CEO-in-der-Schweiz_Organisator.jpg","type":"image\/jpeg"}],"author":"thomas.berner","twitter_card":"summary_large_image","twitter_title":"#Huawei mit neuem #CEO in der Schweiz","twitter_description":"Allen #Cao wird neuer #Huawei-CEO in der Schweiz. Er folgt im Rahmen einer normalen Rotation auf Michael Yang.","twitter_image":"https:\/\/www.organisator.ch\/wp-content\/uploads\/2026\/04\/Huawei-mit-neuem-CEO-in-der-Schweiz_Organisator.jpg","schema":{"@context":"https:\/\/schema.org","@graph":[{"@type":"Article","@id":"https:\/\/www.organisator.ch\/management\/2026-04-10\/huawei-mit-neuem-ceo-in-der-schweiz\/#article","isPartOf":{"@id":"https:\/\/www.organisator.ch\/management\/2026-04-10\/huawei-mit-neuem-ceo-in-der-schweiz\/"},"author":{"name":"thomas.berner","@id":"https:\/\/www.organisator.ch\/#\/schema\/person\/6f650f90b2842cd4c0cc334b4e36f67e"},"headline":"Huawei mit neuem CEO in der Schweiz","datePublished":"2026-04-10T07:04:27+00:00","dateModified":"2026-04-10T11:01:02+00:00","mainEntityOfPage":{"@id":"https:\/\/www.organisator.ch\/management\/2026-04-10\/huawei-mit-neuem-ceo-in-der-schweiz\/"},"wordCount":233,"publisher":{"@id":"https:\/\/www.organisator.ch\/#organization"},"image":{"@id":"https:\/\/www.organisator.ch\/management\/2026-04-10\/huawei-mit-neuem-ceo-in-der-schweiz\/#primaryimage"},"thumbnailUrl":"https:\/\/www.organisator.ch\/wp-content\/uploads\/2026\/04\/Huawei-mit-neuem-CEO-in-der-Schweiz_Organisator.jpg","keywords":["Personalia","Telekommunikation","Unternehmen"],"articleSection":["MANAGEMENT"],"inLanguage":"en-US"},{"@type":"WebPage","@id":"https:\/\/www.organisator.ch\/management\/2026-04-10\/huawei-mit-neuem-ceo-in-der-schweiz\/","url":"https:\/\/www.organisator.ch\/management\/2026-04-10\/huawei-mit-neuem-ceo-in-der-schweiz\/","name":"Huawei with new CEO in Switzerland - Organizer","isPartOf":{"@id":"https:\/\/www.organisator.ch\/#website"},"primaryImageOfPage":{"@id":"https:\/\/www.organisator.ch\/management\/2026-04-10\/huawei-mit-neuem-ceo-in-der-schweiz\/#primaryimage"},"image":{"@id":"https:\/\/www.organisator.ch\/management\/2026-04-10\/huawei-mit-neuem-ceo-in-der-schweiz\/#primaryimage"},"thumbnailUrl":"https:\/\/www.organisator.ch\/wp-content\/uploads\/2026\/04\/Huawei-mit-neuem-CEO-in-der-Schweiz_Organisator.jpg","datePublished":"2026-04-10T07:04:27+00:00","dateModified":"2026-04-10T11:01:02+00:00","description":"Allen Cao becomes the new Huawei CEO in Switzerland. He succeeds Michael Yang as part of a normal rotation.","breadcrumb":{"@id":"https:\/\/www.organisator.ch\/management\/2026-04-10\/huawei-mit-neuem-ceo-in-der-schweiz\/#breadcrumb"},"inLanguage":"en-US","potentialAction":[{"@type":"ReadAction","target":["https:\/\/www.organisator.ch\/management\/2026-04-10\/huawei-mit-neuem-ceo-in-der-schweiz\/"]}]},{"@type":"ImageObject","inLanguage":"en-US","@id":"https:\/\/www.organisator.ch\/management\/2026-04-10\/huawei-mit-neuem-ceo-in-der-schweiz\/#primaryimage","url":"https:\/\/www.organisator.ch\/wp-content\/uploads\/2026\/04\/Huawei-mit-neuem-CEO-in-der-Schweiz_Organisator.jpg","contentUrl":"https:\/\/www.organisator.ch\/wp-content\/uploads\/2026\/04\/Huawei-mit-neuem-CEO-in-der-Schweiz_Organisator.jpg","width":680,"height":453,"caption":"Neuer CEO von Huawei in der Schweiz: Allen Cao. (Bild: Huawei)"},{"@type":"BreadcrumbList","@id":"https:\/\/www.organisator.ch\/management\/2026-04-10\/huawei-mit-neuem-ceo-in-der-schweiz\/#breadcrumb","itemListElement":[{"@type":"ListItem","position":1,"name":"Home","item":"https:\/\/www.organisator.ch\/"},{"@type":"ListItem","position":2,"name":"Huawei mit neuem CEO in der Schweiz"}]},{"@type":"WebSite","@id":"https:\/\/www.organisator.ch\/#website","url":"https:\/\/www.organisator.ch\/","name":"Organizer","description":"Competent. Practical. In 10 issues per year, ORGANISATOR presents the essential topics for managers of SMEs.","publisher":{"@id":"https:\/\/www.organisator.ch\/#organization"},"potentialAction":[{"@type":"SearchAction","target":{"@type":"EntryPoint","urlTemplate":"https:\/\/www.organisator.ch\/?s={search_term_string}"},"query-input":{"@type":"PropertyValueSpecification","valueRequired":true,"valueName":"search_term_string"}}],"inLanguage":"en-US"},{"@type":"Organization","@id":"https:\/\/www.organisator.ch\/#organization","name":"Organizer","url":"https:\/\/www.organisator.ch\/","logo":{"@type":"ImageObject","inLanguage":"en-US","@id":"https:\/\/www.organisator.ch\/#\/schema\/logo\/image\/","url":"https:\/\/www.organisator.ch\/wp-content\/uploads\/2022\/01\/Logo_Organisator_Website.png","contentUrl":"https:\/\/www.organisator.ch\/wp-content\/uploads\/2022\/01\/Logo_Organisator_Website.png","width":800,"height":77,"caption":"Organisator"},"image":{"@id":"https:\/\/www.organisator.ch\/#\/schema\/logo\/image\/"},"sameAs":["https:\/\/www.facebook.com\/OrganisatorFachmagazin","https:\/\/www.linkedin.com\/showcase\/organisator-das-magazin-fr-kmu","https:\/\/www.xing.com\/news\/pages\/organisator-ch-695","https:\/\/www.youtube.com\/channel\/UCGP2Sq0iWaZwT3BdIAQFYpw"]},{"@type":"Person","@id":"https:\/\/www.organisator.ch\/#\/schema\/person\/6f650f90b2842cd4c0cc334b4e36f67e","name":"thomas.berner","image":{"@type":"ImageObject","inLanguage":"en-US","@id":"https:\/\/secure.gravatar.com\/avatar\/ac5001d2a36cb6c6cd3e50789007ffca834b477b74a2144564522e944eabff61?s=96&d=mm&r=g","url":"https:\/\/secure.gravatar.com\/avatar\/ac5001d2a36cb6c6cd3e50789007ffca834b477b74a2144564522e944eabff61?s=96&d=mm&r=g","contentUrl":"https:\/\/secure.gravatar.com\/avatar\/ac5001d2a36cb6c6cd3e50789007ffca834b477b74a2144564522e944eabff61?s=96&d=mm&r=g","caption":"thomas.berner"},"url":"https:\/\/www.organisator.ch\/en\/author\/thomas-berner\/"}]}},"_links":{"self":[{"href":"https:\/\/www.organisator.ch\/en\/wp-json\/wp\/v2\/posts\/47256","targetHints":{"allow":["GET"]}}],"collection":[{"href":"https:\/\/www.organisator.ch\/en\/wp-json\/wp\/v2\/posts"}],"about":[{"href":"https:\/\/www.organisator.ch\/en\/wp-json\/wp\/v2\/types\/post"}],"author":[{"embeddable":true,"href":"https:\/\/www.organisator.ch\/en\/wp-json\/wp\/v2\/users\/4"}],"replies":[{"embeddable":true,"href":"https:\/\/www.organisator.ch\/en\/wp-json\/wp\/v2\/comments?post=47256"}],"version-history":[{"count":3,"href":"https:\/\/www.organisator.ch\/en\/wp-json\/wp\/v2\/posts\/47256\/revisions"}],"predecessor-version":[{"id":47267,"href":"https:\/\/www.organisator.ch\/en\/wp-json\/wp\/v2\/posts\/47256\/revisions\/47267"}],"wp:featuredmedia":[{"embeddable":true,"href":"https:\/\/www.organisator.ch\/en\/wp-json\/wp\/v2\/media\/47257"}],"wp:attachment":[{"href":"https:\/\/www.organisator.ch\/en\/wp-json\/wp\/v2\/media?parent=47256"}],"wp:term":[{"taxonomy":"category","embeddable":true,"href":"https:\/\/www.organisator.ch\/en\/wp-json\/wp\/v2\/categories?post=47256"},{"taxonomy":"post_tag","embeddable":true,"href":"https:\/\/www.organisator.ch\/en\/wp-json\/wp\/v2\/tags?post=47256"}],"curies":[{"name":"wp","href":"https:\/\/api.w.org\/{rel}","templated":true}]}}