{"id":4745,"date":"2019-01-16T10:03:54","date_gmt":"2019-01-16T09:03:54","guid":{"rendered":"https:\/\/www.organisator.ch\/?p=4745"},"modified":"2019-01-16T10:03:54","modified_gmt":"2019-01-16T09:03:54","slug":"aufkommende-trends-in-der-talentakquise-von-morgen","status":"publish","type":"post","link":"https:\/\/www.organisator.ch\/en\/human-resources\/hrm\/2019-01-16\/aufkommende-trends-in-der-talentakquise-von-morgen\/","title":{"rendered":"Emerging trends in the talent acquisition of tomorrow"},"content":{"rendered":"<figure id=\"attachment_4747\" aria-describedby=\"caption-attachment-4747\" style=\"width: 680px\" class=\"wp-caption alignnone\"><img loading=\"lazy\" decoding=\"async\" class=\"size-medium wp-image-4747\" src=\"https:\/\/www.organisator.ch\/wp-content\/uploads\/2019\/01\/Aufkommende-Trends-in-der-Talentakquise-von-morgen_Organisator.jpg\" alt=\"\" width=\"680\" height=\"510\" srcset=\"https:\/\/www.organisator.ch\/wp-content\/uploads\/2019\/01\/Aufkommende-Trends-in-der-Talentakquise-von-morgen_Organisator.jpg 680w, https:\/\/www.organisator.ch\/wp-content\/uploads\/2019\/01\/Aufkommende-Trends-in-der-Talentakquise-von-morgen_Organisator-16x12.jpg 16w, https:\/\/www.organisator.ch\/wp-content\/uploads\/2019\/01\/Aufkommende-Trends-in-der-Talentakquise-von-morgen_Organisator-233x175.jpg 233w, https:\/\/www.organisator.ch\/wp-content\/uploads\/2019\/01\/Aufkommende-Trends-in-der-Talentakquise-von-morgen_Organisator-467x350.jpg 467w, https:\/\/www.organisator.ch\/wp-content\/uploads\/2019\/01\/Aufkommende-Trends-in-der-Talentakquise-von-morgen_Organisator-300x225.jpg 300w\" sizes=\"auto, (max-width: 680px) 100vw, 680px\" \/><figcaption id=\"caption-attachment-4747\" class=\"wp-caption-text\">According to Stefan Steger, Chairman Korn Ferry Switzerland &amp; Austria, tomorrow's talent acquisition will be shaped by various trends. (Image: Korn Ferry)<\/figcaption><\/figure>\n<p>\"There are several factors, such as the increasing tightness of the labor market and the enormous amount of data available, that influence the way HR professionals and talent acquisition leaders work,\" says Stefan Steger, Chairman Korn Ferry Switzerland &amp; Austria, adding, \"Thus, in order to succeed in attracting, developing and retaining top talent in the future, it is important to increase agility and become increasingly forward-looking.\"<\/p>\n<p>Korn Ferry has identified eight trends in talent acquisition that will be of great importance to companies in the future. Some of these are described in more detail below:<\/p>\n<h2><b><strong>Proactive search<\/strong><\/b><\/h2>\n<p>Reaching potential candidates who take time off between jobs is no easy task. But there are approaches to reach such professionals: targeted proactive sourcing, talent communities, workshops, customized landing pages and microsites, or alumni networks for those who have left the company and might consider returning.<\/p>\n<h2><b><strong>Strengthen diversity and integration<\/strong><\/b><\/h2>\n<p>When it comes to increasing diversity and inclusion, the focus must not only be on the boardroom, but on all levels of a company. Attention must be paid to fostering diverse talent, including women, people with different skin colors, and also people with disabilities.<\/p>\n<p>To measure this progress, many companies have begun using applicant tracking systems to find out what percentage of minority applicants were actually hired. Companies are working to expand their diverse candidate pool and use unbiased assessments to ensure that the most qualified individuals are hired. In addition, companies are placing an additional emphasis on retaining a diverse workforce. Many are using a \"Diversity &amp; Inclusion Diagnostic\" to help solve the real problem: Why do employees leave and what can be done to keep employees loyal to the company?<\/p>\n<h2><b><strong>Making artificial intelligence \"smarter<\/strong><\/b><\/h2>\n<p>Artificial intelligence (AI) is increasingly being relied upon in the search for qualified candidates. However, it is important that AI is properly vetted so that, for example, diversity efforts are not undermined. Even when resumes are anonymized by removing candidate names, AI can often figure out a candidate's gender by analyzing the phrases used. For example, \"takes charge\" is often associated with men, while \"leads persuasively\" is used by women.<\/p>\n<p>One way to alleviate the problem is to provide the AI with nonpartisan data, such as talent assessment data, that identifies success factors. The AI needs to be trained to look more for the skills needed for a particular role, rather than focusing on subjective mode factors.<\/p>\n<h2><b><strong>Personalized payment<\/strong><\/b><\/h2>\n<p>Expectations for pay have changed over the years. Companies today work with four different generations that have different expectations for pay and rewards.<\/p>\n<p>To find out what each generation actually wants, companies start listening. With this information, companies are then able to create reward packages that are more targeted. These packages usually include the following: different types of pay, flex time, paid time off, international assignments, or even student loan repayments. Thus, a company's compensation discussion is transformed into a 1:1 discussion with employees.<\/p>\n<h2><b><strong>Rethink annual performance appraisal<\/strong><\/b><\/h2>\n<p>The length of employment of employees is short these days. Whereas many employees used to stay with the company for years, younger employees in particular only stay for an average of just two years - if not less. Employees no longer need anniversary gifts, but much more constructive real-time feedback and ongoing performance discussions with their supervisors. Even if the employee doesn't have a long tenure, the ongoing feedback helps them learn, stay engaged, and create an employer value proposition to attract future employees.<\/p>\n<h2><b><strong>How is the company doing?<\/strong><\/b><\/h2>\n<p>For years, consumer goods companies and retailers have been surveying customers about their experiences with the brand. This practice is also increasingly becoming part of the recruiting process. Technology enables real-time feedback from candidates about their experience during the recruitment cycle. Berfragung tools seek feedback at all points in the process, providing recruiters and hiring managers with data-driven insights and information. With the data, they can change recruiting practices, including specific job requirements and interactions with candidates, to successfully hire the best people.<\/p>\n<h2><b><strong>New job titles<\/strong><\/b><\/h2>\n<p>\"Chief Happiness Officer,\" \"Data Wrangler,\" \"Legal Ninja\" - fancy job titles like these are emerging in many industries to reflect companies' changing strategies. For example, healthcare, finance and other companies are increasingly looking for a \"chief experience officer.\" These companies recognize that the need for positive experiences at every touchpoint is greater than ever. Another emerging position is the \"chief transformation officer,\" who is often tasked with change management initiatives in times of mergers and acquisitions. Some names are also popping up to attract younger employees. For example, \"legal ninjas\" are the new generation of legal officers.<\/p>\n<h2><b><strong>Talent analytics just as important as business analytics<\/strong><\/b><\/h2>\n<p>Traditionally, executives set strategy by analyzing business analytics to determine costs and operational effectiveness. However, experts say they may be failing because they are not finding the right kind of talent. That's why talent analytics, which look at the talent landscape in specific markets, are increasingly coming into play along with business analytics to create the most effective and sustainable approach.<\/p>\n<p><em>Source and further information:\u00a0<\/em><em><span lang=\"DE\"><a href=\"http:\/\/www.kornferry.com\/\"><span lang=\"DE-CH\">www.kornferry.com<\/span><\/a><\/span><\/em><\/p>","protected":false},"excerpt":{"rendered":"<p>\u00abEs gibt verschiedene Faktoren wie beispielsweise die zunehmende Enge des Arbeitsmarktes und die enorme Menge verf\u00fcgbarer Daten, die die Art und Weise beeinflussen, wie HR-Profis und F\u00fchrungskr\u00e4fte der Talentakquise arbeiten\u00bb, sagt Stefan Steger, Chairman Korn Ferry Schweiz &amp; \u00d6sterreich und f\u00fcgt hinzu: \u00abUm es auch in Zukunft zu schaffen, Top-Talente zu gewinnen, zu entwickeln und [&hellip;]<\/p>\n","protected":false},"author":4,"featured_media":4747,"comment_status":"open","ping_status":"open","sticky":false,"template":"","format":"standard","meta":{"_acf_changed":false,"_yoast_wpseo_focuskw":"Talentakquise","_yoast_wpseo_metadesc":"Korn Ferry hat zum Jahresbeginn acht Trends identifiziert, die bei der zuk\u00fcnftigen Talentakquise eine immer gr\u00f6ssere Rolle einnehmen werden.","articlekey":"","footnotes":""},"categories":[26],"tags":[254,407,470,485],"class_list":["post-4745","post","type-post","status-publish","format-standard","has-post-thumbnail","hentry","category-hrm","tag-hrm","tag-recruiting","tag-talent-management","tag-trends"],"acf":[],"yoast_head":"<!-- This site is optimized with the Yoast SEO plugin v27.4 - https:\/\/yoast.com\/product\/yoast-seo-wordpress\/ -->\n<title>Aufkommende Trends in der Talentakquise von morgen - Organisator<\/title>\n<meta name=\"description\" content=\"Korn Ferry hat zum Jahresbeginn acht Trends identifiziert, die bei der zuk\u00fcnftigen Talentakquise eine immer gr\u00f6ssere Rolle einnehmen werden.\" \/>\n<meta name=\"robots\" content=\"index, follow, max-snippet:-1, max-image-preview:large, max-video-preview:-1\" \/>\n<link rel=\"canonical\" href=\"https:\/\/www.organisator.ch\/en\/human-resources\/hrm\/2019-01-16\/aufkommende-trends-in-der-talentakquise-von-morgen\/\" \/>\n<meta property=\"og:locale\" content=\"en_US\" \/>\n<meta property=\"og:type\" content=\"article\" \/>\n<meta property=\"og:title\" content=\"Aufkommende Trends in der Talentakquise von morgen\" \/>\n<meta property=\"og:description\" content=\"Korn Ferry hat zum Jahresbeginn acht Trends identifiziert, die bei der zuk\u00fcnftigen Talentakquise eine immer gr\u00f6ssere Rolle einnehmen werden.\" \/>\n<meta property=\"og:url\" content=\"https:\/\/www.organisator.ch\/en\/human-resources\/hrm\/2019-01-16\/aufkommende-trends-in-der-talentakquise-von-morgen\/\" \/>\n<meta property=\"og:site_name\" content=\"Organisator\" \/>\n<meta property=\"article:publisher\" content=\"https:\/\/www.facebook.com\/OrganisatorFachmagazin\" \/>\n<meta property=\"article:published_time\" content=\"2019-01-16T09:03:54+00:00\" \/>\n<meta property=\"og:image\" content=\"https:\/\/www.organisator.ch\/wp-content\/uploads\/2019\/01\/Aufkommende-Trends-in-der-Talentakquise-von-morgen_Organisator.jpg\" \/>\n\t<meta property=\"og:image:width\" content=\"680\" \/>\n\t<meta property=\"og:image:height\" content=\"510\" \/>\n\t<meta property=\"og:image:type\" content=\"image\/jpeg\" \/>\n<meta name=\"author\" content=\"thomas.berner\" \/>\n<meta name=\"twitter:card\" content=\"summary_large_image\" \/>\n<meta name=\"twitter:title\" content=\"Aufkommende Trends in der #Talentakquise von morgen\" \/>\n<meta name=\"twitter:description\" content=\"Korn Ferry hat zum Jahresbeginn acht Trends identifiziert, die bei der zuk\u00fcnftigen #Talentakquise eine immer gr\u00f6ssere Rolle einnehmen werden.\" \/>\n<meta name=\"twitter:image\" content=\"https:\/\/www.organisator.ch\/wp-content\/uploads\/2019\/01\/Aufkommende-Trends-in-der-Talentakquise-von-morgen_Organisator.jpg\" \/>\n<script type=\"application\/ld+json\" class=\"yoast-schema-graph\">{\"@context\":\"https:\\\/\\\/schema.org\",\"@graph\":[{\"@type\":\"Article\",\"@id\":\"https:\\\/\\\/www.organisator.ch\\\/human-resources\\\/hrm\\\/2019-01-16\\\/aufkommende-trends-in-der-talentakquise-von-morgen\\\/#article\",\"isPartOf\":{\"@id\":\"https:\\\/\\\/www.organisator.ch\\\/human-resources\\\/hrm\\\/2019-01-16\\\/aufkommende-trends-in-der-talentakquise-von-morgen\\\/\"},\"author\":{\"name\":\"thomas.berner\",\"@id\":\"https:\\\/\\\/www.organisator.ch\\\/#\\\/schema\\\/person\\\/6f650f90b2842cd4c0cc334b4e36f67e\"},\"headline\":\"Aufkommende Trends in der Talentakquise von morgen\",\"datePublished\":\"2019-01-16T09:03:54+00:00\",\"mainEntityOfPage\":{\"@id\":\"https:\\\/\\\/www.organisator.ch\\\/human-resources\\\/hrm\\\/2019-01-16\\\/aufkommende-trends-in-der-talentakquise-von-morgen\\\/\"},\"wordCount\":931,\"commentCount\":0,\"publisher\":{\"@id\":\"https:\\\/\\\/www.organisator.ch\\\/#organization\"},\"image\":{\"@id\":\"https:\\\/\\\/www.organisator.ch\\\/human-resources\\\/hrm\\\/2019-01-16\\\/aufkommende-trends-in-der-talentakquise-von-morgen\\\/#primaryimage\"},\"thumbnailUrl\":\"https:\\\/\\\/www.organisator.ch\\\/wp-content\\\/uploads\\\/2019\\\/01\\\/Aufkommende-Trends-in-der-Talentakquise-von-morgen_Organisator.jpg\",\"keywords\":[\"HRM\",\"Recruiting\",\"Talent Management\",\"Trends\"],\"articleSection\":[\"HRM\"],\"inLanguage\":\"en-US\"},{\"@type\":\"WebPage\",\"@id\":\"https:\\\/\\\/www.organisator.ch\\\/human-resources\\\/hrm\\\/2019-01-16\\\/aufkommende-trends-in-der-talentakquise-von-morgen\\\/\",\"url\":\"https:\\\/\\\/www.organisator.ch\\\/human-resources\\\/hrm\\\/2019-01-16\\\/aufkommende-trends-in-der-talentakquise-von-morgen\\\/\",\"name\":\"Aufkommende Trends in der Talentakquise von morgen - Organisator\",\"isPartOf\":{\"@id\":\"https:\\\/\\\/www.organisator.ch\\\/#website\"},\"primaryImageOfPage\":{\"@id\":\"https:\\\/\\\/www.organisator.ch\\\/human-resources\\\/hrm\\\/2019-01-16\\\/aufkommende-trends-in-der-talentakquise-von-morgen\\\/#primaryimage\"},\"image\":{\"@id\":\"https:\\\/\\\/www.organisator.ch\\\/human-resources\\\/hrm\\\/2019-01-16\\\/aufkommende-trends-in-der-talentakquise-von-morgen\\\/#primaryimage\"},\"thumbnailUrl\":\"https:\\\/\\\/www.organisator.ch\\\/wp-content\\\/uploads\\\/2019\\\/01\\\/Aufkommende-Trends-in-der-Talentakquise-von-morgen_Organisator.jpg\",\"datePublished\":\"2019-01-16T09:03:54+00:00\",\"description\":\"Korn Ferry hat zum Jahresbeginn acht Trends identifiziert, die bei der zuk\u00fcnftigen Talentakquise eine immer gr\u00f6ssere Rolle einnehmen werden.\",\"breadcrumb\":{\"@id\":\"https:\\\/\\\/www.organisator.ch\\\/human-resources\\\/hrm\\\/2019-01-16\\\/aufkommende-trends-in-der-talentakquise-von-morgen\\\/#breadcrumb\"},\"inLanguage\":\"en-US\",\"potentialAction\":[{\"@type\":\"ReadAction\",\"target\":[\"https:\\\/\\\/www.organisator.ch\\\/human-resources\\\/hrm\\\/2019-01-16\\\/aufkommende-trends-in-der-talentakquise-von-morgen\\\/\"]}]},{\"@type\":\"ImageObject\",\"inLanguage\":\"en-US\",\"@id\":\"https:\\\/\\\/www.organisator.ch\\\/human-resources\\\/hrm\\\/2019-01-16\\\/aufkommende-trends-in-der-talentakquise-von-morgen\\\/#primaryimage\",\"url\":\"https:\\\/\\\/www.organisator.ch\\\/wp-content\\\/uploads\\\/2019\\\/01\\\/Aufkommende-Trends-in-der-Talentakquise-von-morgen_Organisator.jpg\",\"contentUrl\":\"https:\\\/\\\/www.organisator.ch\\\/wp-content\\\/uploads\\\/2019\\\/01\\\/Aufkommende-Trends-in-der-Talentakquise-von-morgen_Organisator.jpg\",\"width\":680,\"height\":510,\"caption\":\"Gem\u00e4ss Stefan Steger, Chairman Korn Ferry Schweiz & \u00d6sterreich wird die Talentakquise von morgen von verschiedenen Trends gepr\u00e4gt sein. (Bild: Korn Ferry)\"},{\"@type\":\"BreadcrumbList\",\"@id\":\"https:\\\/\\\/www.organisator.ch\\\/human-resources\\\/hrm\\\/2019-01-16\\\/aufkommende-trends-in-der-talentakquise-von-morgen\\\/#breadcrumb\",\"itemListElement\":[{\"@type\":\"ListItem\",\"position\":1,\"name\":\"Home\",\"item\":\"https:\\\/\\\/www.organisator.ch\\\/\"},{\"@type\":\"ListItem\",\"position\":2,\"name\":\"Aufkommende Trends in der Talentakquise von morgen\"}]},{\"@type\":\"WebSite\",\"@id\":\"https:\\\/\\\/www.organisator.ch\\\/#website\",\"url\":\"https:\\\/\\\/www.organisator.ch\\\/\",\"name\":\"Organisator\",\"description\":\"Kompetent. Praxisnah. Der ORGANISATOR bereitet in 10 Ausgaben pro Jahr die wesentlichen Themen f\u00fcr F\u00fchrungskr\u00e4fte von KMU auf.\",\"publisher\":{\"@id\":\"https:\\\/\\\/www.organisator.ch\\\/#organization\"},\"potentialAction\":[{\"@type\":\"SearchAction\",\"target\":{\"@type\":\"EntryPoint\",\"urlTemplate\":\"https:\\\/\\\/www.organisator.ch\\\/?s={search_term_string}\"},\"query-input\":{\"@type\":\"PropertyValueSpecification\",\"valueRequired\":true,\"valueName\":\"search_term_string\"}}],\"inLanguage\":\"en-US\"},{\"@type\":\"Organization\",\"@id\":\"https:\\\/\\\/www.organisator.ch\\\/#organization\",\"name\":\"Organisator\",\"url\":\"https:\\\/\\\/www.organisator.ch\\\/\",\"logo\":{\"@type\":\"ImageObject\",\"inLanguage\":\"en-US\",\"@id\":\"https:\\\/\\\/www.organisator.ch\\\/#\\\/schema\\\/logo\\\/image\\\/\",\"url\":\"https:\\\/\\\/www.organisator.ch\\\/wp-content\\\/uploads\\\/2022\\\/01\\\/Logo_Organisator_Website.png\",\"contentUrl\":\"https:\\\/\\\/www.organisator.ch\\\/wp-content\\\/uploads\\\/2022\\\/01\\\/Logo_Organisator_Website.png\",\"width\":800,\"height\":77,\"caption\":\"Organisator\"},\"image\":{\"@id\":\"https:\\\/\\\/www.organisator.ch\\\/#\\\/schema\\\/logo\\\/image\\\/\"},\"sameAs\":[\"https:\\\/\\\/www.facebook.com\\\/OrganisatorFachmagazin\",\"https:\\\/\\\/www.linkedin.com\\\/showcase\\\/organisator-das-magazin-fr-kmu\",\"https:\\\/\\\/www.xing.com\\\/news\\\/pages\\\/organisator-ch-695\",\"https:\\\/\\\/www.youtube.com\\\/channel\\\/UCGP2Sq0iWaZwT3BdIAQFYpw\"]},{\"@type\":\"Person\",\"@id\":\"https:\\\/\\\/www.organisator.ch\\\/#\\\/schema\\\/person\\\/6f650f90b2842cd4c0cc334b4e36f67e\",\"name\":\"thomas.berner\",\"image\":{\"@type\":\"ImageObject\",\"inLanguage\":\"en-US\",\"@id\":\"https:\\\/\\\/secure.gravatar.com\\\/avatar\\\/ac5001d2a36cb6c6cd3e50789007ffca834b477b74a2144564522e944eabff61?s=96&d=mm&r=g\",\"url\":\"https:\\\/\\\/secure.gravatar.com\\\/avatar\\\/ac5001d2a36cb6c6cd3e50789007ffca834b477b74a2144564522e944eabff61?s=96&d=mm&r=g\",\"contentUrl\":\"https:\\\/\\\/secure.gravatar.com\\\/avatar\\\/ac5001d2a36cb6c6cd3e50789007ffca834b477b74a2144564522e944eabff61?s=96&d=mm&r=g\",\"caption\":\"thomas.berner\"},\"url\":\"https:\\\/\\\/www.organisator.ch\\\/en\\\/author\\\/thomas-berner\\\/\"}]}<\/script>\n<!-- \/ Yoast SEO plugin. -->","yoast_head_json":{"title":"Emerging Trends in Tomorrow's Talent Acquisition - Organizer.","description":"Korn Ferry began the year by identifying eight trends that will play an increasingly important role in future talent acquisition.","robots":{"index":"index","follow":"follow","max-snippet":"max-snippet:-1","max-image-preview":"max-image-preview:large","max-video-preview":"max-video-preview:-1"},"canonical":"https:\/\/www.organisator.ch\/en\/human-resources\/hrm\/2019-01-16\/aufkommende-trends-in-der-talentakquise-von-morgen\/","og_locale":"en_US","og_type":"article","og_title":"Aufkommende Trends in der Talentakquise von morgen","og_description":"Korn Ferry hat zum Jahresbeginn acht Trends identifiziert, die bei der zuk\u00fcnftigen Talentakquise eine immer gr\u00f6ssere Rolle einnehmen werden.","og_url":"https:\/\/www.organisator.ch\/en\/human-resources\/hrm\/2019-01-16\/aufkommende-trends-in-der-talentakquise-von-morgen\/","og_site_name":"Organisator","article_publisher":"https:\/\/www.facebook.com\/OrganisatorFachmagazin","article_published_time":"2019-01-16T09:03:54+00:00","og_image":[{"width":680,"height":510,"url":"https:\/\/www.organisator.ch\/wp-content\/uploads\/2019\/01\/Aufkommende-Trends-in-der-Talentakquise-von-morgen_Organisator.jpg","type":"image\/jpeg"}],"author":"thomas.berner","twitter_card":"summary_large_image","twitter_title":"Aufkommende Trends in der #Talentakquise von morgen","twitter_description":"Korn Ferry hat zum Jahresbeginn acht Trends identifiziert, die bei der zuk\u00fcnftigen #Talentakquise eine immer gr\u00f6ssere Rolle einnehmen werden.","twitter_image":"https:\/\/www.organisator.ch\/wp-content\/uploads\/2019\/01\/Aufkommende-Trends-in-der-Talentakquise-von-morgen_Organisator.jpg","schema":{"@context":"https:\/\/schema.org","@graph":[{"@type":"Article","@id":"https:\/\/www.organisator.ch\/human-resources\/hrm\/2019-01-16\/aufkommende-trends-in-der-talentakquise-von-morgen\/#article","isPartOf":{"@id":"https:\/\/www.organisator.ch\/human-resources\/hrm\/2019-01-16\/aufkommende-trends-in-der-talentakquise-von-morgen\/"},"author":{"name":"thomas.berner","@id":"https:\/\/www.organisator.ch\/#\/schema\/person\/6f650f90b2842cd4c0cc334b4e36f67e"},"headline":"Aufkommende Trends in der Talentakquise von morgen","datePublished":"2019-01-16T09:03:54+00:00","mainEntityOfPage":{"@id":"https:\/\/www.organisator.ch\/human-resources\/hrm\/2019-01-16\/aufkommende-trends-in-der-talentakquise-von-morgen\/"},"wordCount":931,"commentCount":0,"publisher":{"@id":"https:\/\/www.organisator.ch\/#organization"},"image":{"@id":"https:\/\/www.organisator.ch\/human-resources\/hrm\/2019-01-16\/aufkommende-trends-in-der-talentakquise-von-morgen\/#primaryimage"},"thumbnailUrl":"https:\/\/www.organisator.ch\/wp-content\/uploads\/2019\/01\/Aufkommende-Trends-in-der-Talentakquise-von-morgen_Organisator.jpg","keywords":["HRM","Recruiting","Talent Management","Trends"],"articleSection":["HRM"],"inLanguage":"en-US"},{"@type":"WebPage","@id":"https:\/\/www.organisator.ch\/human-resources\/hrm\/2019-01-16\/aufkommende-trends-in-der-talentakquise-von-morgen\/","url":"https:\/\/www.organisator.ch\/human-resources\/hrm\/2019-01-16\/aufkommende-trends-in-der-talentakquise-von-morgen\/","name":"Emerging Trends in Tomorrow's Talent Acquisition - Organizer.","isPartOf":{"@id":"https:\/\/www.organisator.ch\/#website"},"primaryImageOfPage":{"@id":"https:\/\/www.organisator.ch\/human-resources\/hrm\/2019-01-16\/aufkommende-trends-in-der-talentakquise-von-morgen\/#primaryimage"},"image":{"@id":"https:\/\/www.organisator.ch\/human-resources\/hrm\/2019-01-16\/aufkommende-trends-in-der-talentakquise-von-morgen\/#primaryimage"},"thumbnailUrl":"https:\/\/www.organisator.ch\/wp-content\/uploads\/2019\/01\/Aufkommende-Trends-in-der-Talentakquise-von-morgen_Organisator.jpg","datePublished":"2019-01-16T09:03:54+00:00","description":"Korn Ferry began the year by identifying eight trends that will play an increasingly important role in future talent acquisition.","breadcrumb":{"@id":"https:\/\/www.organisator.ch\/human-resources\/hrm\/2019-01-16\/aufkommende-trends-in-der-talentakquise-von-morgen\/#breadcrumb"},"inLanguage":"en-US","potentialAction":[{"@type":"ReadAction","target":["https:\/\/www.organisator.ch\/human-resources\/hrm\/2019-01-16\/aufkommende-trends-in-der-talentakquise-von-morgen\/"]}]},{"@type":"ImageObject","inLanguage":"en-US","@id":"https:\/\/www.organisator.ch\/human-resources\/hrm\/2019-01-16\/aufkommende-trends-in-der-talentakquise-von-morgen\/#primaryimage","url":"https:\/\/www.organisator.ch\/wp-content\/uploads\/2019\/01\/Aufkommende-Trends-in-der-Talentakquise-von-morgen_Organisator.jpg","contentUrl":"https:\/\/www.organisator.ch\/wp-content\/uploads\/2019\/01\/Aufkommende-Trends-in-der-Talentakquise-von-morgen_Organisator.jpg","width":680,"height":510,"caption":"Gem\u00e4ss Stefan Steger, Chairman Korn Ferry Schweiz & \u00d6sterreich wird die Talentakquise von morgen von verschiedenen Trends gepr\u00e4gt sein. (Bild: Korn Ferry)"},{"@type":"BreadcrumbList","@id":"https:\/\/www.organisator.ch\/human-resources\/hrm\/2019-01-16\/aufkommende-trends-in-der-talentakquise-von-morgen\/#breadcrumb","itemListElement":[{"@type":"ListItem","position":1,"name":"Home","item":"https:\/\/www.organisator.ch\/"},{"@type":"ListItem","position":2,"name":"Aufkommende Trends in der Talentakquise von morgen"}]},{"@type":"WebSite","@id":"https:\/\/www.organisator.ch\/#website","url":"https:\/\/www.organisator.ch\/","name":"Organizer","description":"Competent. Practical. In 10 issues per year, ORGANISATOR presents the essential topics for managers of SMEs.","publisher":{"@id":"https:\/\/www.organisator.ch\/#organization"},"potentialAction":[{"@type":"SearchAction","target":{"@type":"EntryPoint","urlTemplate":"https:\/\/www.organisator.ch\/?s={search_term_string}"},"query-input":{"@type":"PropertyValueSpecification","valueRequired":true,"valueName":"search_term_string"}}],"inLanguage":"en-US"},{"@type":"Organization","@id":"https:\/\/www.organisator.ch\/#organization","name":"Organizer","url":"https:\/\/www.organisator.ch\/","logo":{"@type":"ImageObject","inLanguage":"en-US","@id":"https:\/\/www.organisator.ch\/#\/schema\/logo\/image\/","url":"https:\/\/www.organisator.ch\/wp-content\/uploads\/2022\/01\/Logo_Organisator_Website.png","contentUrl":"https:\/\/www.organisator.ch\/wp-content\/uploads\/2022\/01\/Logo_Organisator_Website.png","width":800,"height":77,"caption":"Organisator"},"image":{"@id":"https:\/\/www.organisator.ch\/#\/schema\/logo\/image\/"},"sameAs":["https:\/\/www.facebook.com\/OrganisatorFachmagazin","https:\/\/www.linkedin.com\/showcase\/organisator-das-magazin-fr-kmu","https:\/\/www.xing.com\/news\/pages\/organisator-ch-695","https:\/\/www.youtube.com\/channel\/UCGP2Sq0iWaZwT3BdIAQFYpw"]},{"@type":"Person","@id":"https:\/\/www.organisator.ch\/#\/schema\/person\/6f650f90b2842cd4c0cc334b4e36f67e","name":"thomas.berner","image":{"@type":"ImageObject","inLanguage":"en-US","@id":"https:\/\/secure.gravatar.com\/avatar\/ac5001d2a36cb6c6cd3e50789007ffca834b477b74a2144564522e944eabff61?s=96&d=mm&r=g","url":"https:\/\/secure.gravatar.com\/avatar\/ac5001d2a36cb6c6cd3e50789007ffca834b477b74a2144564522e944eabff61?s=96&d=mm&r=g","contentUrl":"https:\/\/secure.gravatar.com\/avatar\/ac5001d2a36cb6c6cd3e50789007ffca834b477b74a2144564522e944eabff61?s=96&d=mm&r=g","caption":"thomas.berner"},"url":"https:\/\/www.organisator.ch\/en\/author\/thomas-berner\/"}]}},"_links":{"self":[{"href":"https:\/\/www.organisator.ch\/en\/wp-json\/wp\/v2\/posts\/4745","targetHints":{"allow":["GET"]}}],"collection":[{"href":"https:\/\/www.organisator.ch\/en\/wp-json\/wp\/v2\/posts"}],"about":[{"href":"https:\/\/www.organisator.ch\/en\/wp-json\/wp\/v2\/types\/post"}],"author":[{"embeddable":true,"href":"https:\/\/www.organisator.ch\/en\/wp-json\/wp\/v2\/users\/4"}],"replies":[{"embeddable":true,"href":"https:\/\/www.organisator.ch\/en\/wp-json\/wp\/v2\/comments?post=4745"}],"version-history":[{"count":0,"href":"https:\/\/www.organisator.ch\/en\/wp-json\/wp\/v2\/posts\/4745\/revisions"}],"wp:featuredmedia":[{"embeddable":true,"href":"https:\/\/www.organisator.ch\/en\/wp-json\/wp\/v2\/media\/4747"}],"wp:attachment":[{"href":"https:\/\/www.organisator.ch\/en\/wp-json\/wp\/v2\/media?parent=4745"}],"wp:term":[{"taxonomy":"category","embeddable":true,"href":"https:\/\/www.organisator.ch\/en\/wp-json\/wp\/v2\/categories?post=4745"},{"taxonomy":"post_tag","embeddable":true,"href":"https:\/\/www.organisator.ch\/en\/wp-json\/wp\/v2\/tags?post=4745"}],"curies":[{"name":"wp","href":"https:\/\/api.w.org\/{rel}","templated":true}]}}