{"id":4770,"date":"2019-01-23T13:42:12","date_gmt":"2019-01-23T12:42:12","guid":{"rendered":"https:\/\/www.organisator.ch\/?p=4770"},"modified":"2019-01-23T13:42:12","modified_gmt":"2019-01-23T12:42:12","slug":"fhnw-gruendet-neues-institut-fuer-sensortechnik-und-elektronik","status":"publish","type":"post","link":"https:\/\/www.organisator.ch\/en\/allgemein\/2019-01-23\/fhnw-gruendet-neues-institut-fuer-sensortechnik-und-elektronik\/","title":{"rendered":"FHNW establishes new institute for sensor technology and electronics"},"content":{"rendered":"<figure id=\"attachment_4771\" aria-describedby=\"caption-attachment-4771\" style=\"width: 680px\" class=\"wp-caption alignnone\"><img loading=\"lazy\" decoding=\"async\" class=\"size-medium wp-image-4771\" src=\"https:\/\/www.organisator.ch\/wp-content\/uploads\/2019\/01\/FHNW-gruendet-neues-Institut-fuer-Sensortechnik-und-Elektronik_Organisator.jpg\" alt=\"\" width=\"680\" height=\"461\" srcset=\"https:\/\/www.organisator.ch\/wp-content\/uploads\/2019\/01\/FHNW-gruendet-neues-Institut-fuer-Sensortechnik-und-Elektronik_Organisator.jpg 680w, https:\/\/www.organisator.ch\/wp-content\/uploads\/2019\/01\/FHNW-gruendet-neues-Institut-fuer-Sensortechnik-und-Elektronik_Organisator-16x12.jpg 16w, https:\/\/www.organisator.ch\/wp-content\/uploads\/2019\/01\/FHNW-gruendet-neues-Institut-fuer-Sensortechnik-und-Elektronik_Organisator-258x175.jpg 258w, https:\/\/www.organisator.ch\/wp-content\/uploads\/2019\/01\/FHNW-gruendet-neues-Institut-fuer-Sensortechnik-und-Elektronik_Organisator-516x350.jpg 516w, https:\/\/www.organisator.ch\/wp-content\/uploads\/2019\/01\/FHNW-gruendet-neues-Institut-fuer-Sensortechnik-und-Elektronik_Organisator-300x203.jpg 300w\" sizes=\"auto, (max-width: 680px) 100vw, 680px\" \/><figcaption id=\"caption-attachment-4771\" class=\"wp-caption-text\">Electronics and sensor technology are foundations for applications in the Internet of Things. (Image: pixabay.com)<\/figcaption><\/figure>\n<p>Whether in the car, in one's own home or in the factory: more and more objects are exchanging information and thus enabling new applications. The \"Internet of Things\", as this technology is called, places high demands on sensors and the electronics behind them. That is why the FHNW School of Engineering has founded a new Institute for Sensors and Electronics.<\/p>\n<h2>Sensor technology for a networked world<\/h2>\n<p>The nearly 40 employees of the institute develop customer-specific sensors, measuring systems and application-specific electronics. Due to the often complex tasks, interdisciplinary cooperation with a wide range of partners is expedient. The new applications increase the demands on the electronics of the sensors.<\/p>\n<p>The institute's microelectronics specialists develop smaller, faster, more accurate and more flexible components. In addition, they have experience in developing components to the highest safety standards.<\/p>\n<h2>Cooperation with local industry<\/h2>\n<p>One specialty of the new institute is particle measurement technology. This involves measuring fine dust and aerosols in the air. In this way, important data on smog or diesel emissions can be collected, for example. In addition to established techniques, new approaches are also used, for example in photoacoustics.<\/p>\n<p>In collaboration with local industry, the Institute of Sensor Technology and Electronics FHNW implements concrete projects and can thus integrate the latest developments into the local economy. The next generation also benefits: Students at the FHNW School of Engineering are actively involved in research through student projects.<\/p>\n<p><em>More information:\u00a0<\/em><em><a href=\"http:\/\/www.fhnw.ch\/ise\">www.fhnw.ch\/ise<\/a><\/em><\/p>","protected":false},"excerpt":{"rendered":"<p>Ob im Auto, in der eigenen Wohnung oder in der Fabrik: Immer mehr Gegenst\u00e4nde tauschen Informationen aus und erm\u00f6glichen dadurch neue Anwendungen. Das \u00abInternet der Dinge\u00bb, wie diese Technologie genannt wird, setzt hohe Anspr\u00fcche an Sensoren und die dahinterliegende Elektronik. Darum hat die Hochschule f\u00fcr Technik FHNW ein neues Institut f\u00fcr Sensorik und Elektronik gegr\u00fcndet. [&hellip;]<\/p>\n","protected":false},"author":4,"featured_media":4771,"comment_status":"open","ping_status":"open","sticky":false,"template":"","format":"standard","meta":{"_acf_changed":false,"_yoast_wpseo_focuskw":"Sensortechnik","_yoast_wpseo_metadesc":"Die Hochschule f\u00fcr Technik der Fachhochschule Nordwestschweiz FHNW vereint ihre Erfahrungen in der Messtechnik und Mikroelektronik.","articlekey":"","footnotes":""},"categories":[1],"tags":[156,218,282,533],"class_list":["post-4770","post","type-post","status-publish","format-standard","has-post-thumbnail","hentry","category-allgemein","tag-digitalisierung","tag-forschung","tag-internet-of-things","tag-wissenschaft"],"acf":[],"yoast_head":"<!-- This site is optimized with the Yoast SEO plugin v27.4 - https:\/\/yoast.com\/product\/yoast-seo-wordpress\/ -->\n<title>FHNW gr\u00fcndet neues Institut f\u00fcr Sensortechnik und Elektronik - Organisator<\/title>\n<meta name=\"description\" content=\"Die Hochschule f\u00fcr Technik der Fachhochschule Nordwestschweiz FHNW vereint ihre Erfahrungen in der Messtechnik und Mikroelektronik.\" \/>\n<meta name=\"robots\" content=\"index, follow, max-snippet:-1, max-image-preview:large, max-video-preview:-1\" \/>\n<link rel=\"canonical\" href=\"https:\/\/www.organisator.ch\/en\/general\/2019-01-23\/fhnw-gruendet-neues-institut-fuer-sensortechnik-und-elektronik\/\" \/>\n<meta property=\"og:locale\" content=\"en_US\" \/>\n<meta property=\"og:type\" content=\"article\" \/>\n<meta property=\"og:title\" content=\"FHNW gr\u00fcndet neues Institut f\u00fcr Sensortechnik und Elektronik\" \/>\n<meta property=\"og:description\" content=\"Die Hochschule f\u00fcr Technik der Fachhochschule Nordwestschweiz FHNW vereint ihre Erfahrungen in der Messtechnik und Mikroelektronik.\" \/>\n<meta property=\"og:url\" content=\"https:\/\/www.organisator.ch\/en\/general\/2019-01-23\/fhnw-gruendet-neues-institut-fuer-sensortechnik-und-elektronik\/\" \/>\n<meta property=\"og:site_name\" content=\"Organisator\" \/>\n<meta property=\"article:publisher\" content=\"https:\/\/www.facebook.com\/OrganisatorFachmagazin\" \/>\n<meta property=\"article:published_time\" content=\"2019-01-23T12:42:12+00:00\" \/>\n<meta property=\"og:image\" content=\"https:\/\/www.organisator.ch\/wp-content\/uploads\/2019\/01\/FHNW-gruendet-neues-Institut-fuer-Sensortechnik-und-Elektronik_Organisator.jpg\" \/>\n\t<meta property=\"og:image:width\" content=\"680\" \/>\n\t<meta property=\"og:image:height\" content=\"461\" \/>\n\t<meta property=\"og:image:type\" content=\"image\/jpeg\" \/>\n<meta name=\"author\" content=\"thomas.berner\" \/>\n<meta name=\"twitter:card\" content=\"summary_large_image\" \/>\n<meta name=\"twitter:title\" content=\"FHNW gr\u00fcndet neues Institut f\u00fcr #Sensortechnik und Elektronik\" \/>\n<meta name=\"twitter:description\" content=\"Die Hochschule f\u00fcr Technik der #Fachhochschule Nordwestschweiz FHNW vereint ihre Erfahrungen in der #Messtechnik und #Mikroelektronik.\" \/>\n<meta name=\"twitter:image\" content=\"https:\/\/www.organisator.ch\/wp-content\/uploads\/2019\/01\/FHNW-gr\u00fcndet-neues-Institut-f\u00fcr-Sensortechnik-und-Elektronik_Organisator.jpg\" \/>\n<script type=\"application\/ld+json\" class=\"yoast-schema-graph\">{\"@context\":\"https:\\\/\\\/schema.org\",\"@graph\":[{\"@type\":\"Article\",\"@id\":\"https:\\\/\\\/www.organisator.ch\\\/en\\\/general\\\/2019-01-23\\\/fhnw-gruendet-neues-institut-fuer-sensortechnik-und-elektronik\\\/#article\",\"isPartOf\":{\"@id\":\"https:\\\/\\\/www.organisator.ch\\\/en\\\/general\\\/2019-01-23\\\/fhnw-gruendet-neues-institut-fuer-sensortechnik-und-elektronik\\\/\"},\"author\":{\"name\":\"thomas.berner\",\"@id\":\"https:\\\/\\\/www.organisator.ch\\\/#\\\/schema\\\/person\\\/6f650f90b2842cd4c0cc334b4e36f67e\"},\"headline\":\"FHNW gr\u00fcndet neues Institut f\u00fcr Sensortechnik und Elektronik\",\"datePublished\":\"2019-01-23T12:42:12+00:00\",\"mainEntityOfPage\":{\"@id\":\"https:\\\/\\\/www.organisator.ch\\\/en\\\/general\\\/2019-01-23\\\/fhnw-gruendet-neues-institut-fuer-sensortechnik-und-elektronik\\\/\"},\"wordCount\":278,\"commentCount\":0,\"publisher\":{\"@id\":\"https:\\\/\\\/www.organisator.ch\\\/#organization\"},\"image\":{\"@id\":\"https:\\\/\\\/www.organisator.ch\\\/en\\\/general\\\/2019-01-23\\\/fhnw-gruendet-neues-institut-fuer-sensortechnik-und-elektronik\\\/#primaryimage\"},\"thumbnailUrl\":\"https:\\\/\\\/www.organisator.ch\\\/wp-content\\\/uploads\\\/2019\\\/01\\\/FHNW-gruendet-neues-Institut-fuer-Sensortechnik-und-Elektronik_Organisator.jpg\",\"keywords\":[\"Digitalisierung\",\"Forschung\",\"Internet of Things\",\"Wissenschaft\"],\"articleSection\":[\"Allgemein\"],\"inLanguage\":\"en-US\"},{\"@type\":\"WebPage\",\"@id\":\"https:\\\/\\\/www.organisator.ch\\\/en\\\/general\\\/2019-01-23\\\/fhnw-gruendet-neues-institut-fuer-sensortechnik-und-elektronik\\\/\",\"url\":\"https:\\\/\\\/www.organisator.ch\\\/en\\\/general\\\/2019-01-23\\\/fhnw-gruendet-neues-institut-fuer-sensortechnik-und-elektronik\\\/\",\"name\":\"FHNW gr\u00fcndet neues Institut f\u00fcr Sensortechnik und Elektronik - Organisator\",\"isPartOf\":{\"@id\":\"https:\\\/\\\/www.organisator.ch\\\/#website\"},\"primaryImageOfPage\":{\"@id\":\"https:\\\/\\\/www.organisator.ch\\\/en\\\/general\\\/2019-01-23\\\/fhnw-gruendet-neues-institut-fuer-sensortechnik-und-elektronik\\\/#primaryimage\"},\"image\":{\"@id\":\"https:\\\/\\\/www.organisator.ch\\\/en\\\/general\\\/2019-01-23\\\/fhnw-gruendet-neues-institut-fuer-sensortechnik-und-elektronik\\\/#primaryimage\"},\"thumbnailUrl\":\"https:\\\/\\\/www.organisator.ch\\\/wp-content\\\/uploads\\\/2019\\\/01\\\/FHNW-gruendet-neues-Institut-fuer-Sensortechnik-und-Elektronik_Organisator.jpg\",\"datePublished\":\"2019-01-23T12:42:12+00:00\",\"description\":\"Die Hochschule f\u00fcr Technik der Fachhochschule Nordwestschweiz FHNW vereint ihre Erfahrungen in der Messtechnik und Mikroelektronik.\",\"breadcrumb\":{\"@id\":\"https:\\\/\\\/www.organisator.ch\\\/en\\\/general\\\/2019-01-23\\\/fhnw-gruendet-neues-institut-fuer-sensortechnik-und-elektronik\\\/#breadcrumb\"},\"inLanguage\":\"en-US\",\"potentialAction\":[{\"@type\":\"ReadAction\",\"target\":[\"https:\\\/\\\/www.organisator.ch\\\/en\\\/general\\\/2019-01-23\\\/fhnw-gruendet-neues-institut-fuer-sensortechnik-und-elektronik\\\/\"]}]},{\"@type\":\"ImageObject\",\"inLanguage\":\"en-US\",\"@id\":\"https:\\\/\\\/www.organisator.ch\\\/en\\\/general\\\/2019-01-23\\\/fhnw-gruendet-neues-institut-fuer-sensortechnik-und-elektronik\\\/#primaryimage\",\"url\":\"https:\\\/\\\/www.organisator.ch\\\/wp-content\\\/uploads\\\/2019\\\/01\\\/FHNW-gruendet-neues-Institut-fuer-Sensortechnik-und-Elektronik_Organisator.jpg\",\"contentUrl\":\"https:\\\/\\\/www.organisator.ch\\\/wp-content\\\/uploads\\\/2019\\\/01\\\/FHNW-gruendet-neues-Institut-fuer-Sensortechnik-und-Elektronik_Organisator.jpg\",\"width\":680,\"height\":461,\"caption\":\"Elektronik und Sensortechnik sind Grundlagen f\u00fcr Anwendungen im Internet der Dinge. (Bild: pixabay.com)\"},{\"@type\":\"BreadcrumbList\",\"@id\":\"https:\\\/\\\/www.organisator.ch\\\/en\\\/general\\\/2019-01-23\\\/fhnw-gruendet-neues-institut-fuer-sensortechnik-und-elektronik\\\/#breadcrumb\",\"itemListElement\":[{\"@type\":\"ListItem\",\"position\":1,\"name\":\"Home\",\"item\":\"https:\\\/\\\/www.organisator.ch\\\/\"},{\"@type\":\"ListItem\",\"position\":2,\"name\":\"FHNW gr\u00fcndet neues Institut f\u00fcr Sensortechnik und Elektronik\"}]},{\"@type\":\"WebSite\",\"@id\":\"https:\\\/\\\/www.organisator.ch\\\/#website\",\"url\":\"https:\\\/\\\/www.organisator.ch\\\/\",\"name\":\"Organisator\",\"description\":\"Kompetent. Praxisnah. Der ORGANISATOR bereitet in 10 Ausgaben pro Jahr die wesentlichen Themen f\u00fcr F\u00fchrungskr\u00e4fte von KMU auf.\",\"publisher\":{\"@id\":\"https:\\\/\\\/www.organisator.ch\\\/#organization\"},\"potentialAction\":[{\"@type\":\"SearchAction\",\"target\":{\"@type\":\"EntryPoint\",\"urlTemplate\":\"https:\\\/\\\/www.organisator.ch\\\/?s={search_term_string}\"},\"query-input\":{\"@type\":\"PropertyValueSpecification\",\"valueRequired\":true,\"valueName\":\"search_term_string\"}}],\"inLanguage\":\"en-US\"},{\"@type\":\"Organization\",\"@id\":\"https:\\\/\\\/www.organisator.ch\\\/#organization\",\"name\":\"Organisator\",\"url\":\"https:\\\/\\\/www.organisator.ch\\\/\",\"logo\":{\"@type\":\"ImageObject\",\"inLanguage\":\"en-US\",\"@id\":\"https:\\\/\\\/www.organisator.ch\\\/#\\\/schema\\\/logo\\\/image\\\/\",\"url\":\"https:\\\/\\\/www.organisator.ch\\\/wp-content\\\/uploads\\\/2022\\\/01\\\/Logo_Organisator_Website.png\",\"contentUrl\":\"https:\\\/\\\/www.organisator.ch\\\/wp-content\\\/uploads\\\/2022\\\/01\\\/Logo_Organisator_Website.png\",\"width\":800,\"height\":77,\"caption\":\"Organisator\"},\"image\":{\"@id\":\"https:\\\/\\\/www.organisator.ch\\\/#\\\/schema\\\/logo\\\/image\\\/\"},\"sameAs\":[\"https:\\\/\\\/www.facebook.com\\\/OrganisatorFachmagazin\",\"https:\\\/\\\/www.linkedin.com\\\/showcase\\\/organisator-das-magazin-fr-kmu\",\"https:\\\/\\\/www.xing.com\\\/news\\\/pages\\\/organisator-ch-695\",\"https:\\\/\\\/www.youtube.com\\\/channel\\\/UCGP2Sq0iWaZwT3BdIAQFYpw\"]},{\"@type\":\"Person\",\"@id\":\"https:\\\/\\\/www.organisator.ch\\\/#\\\/schema\\\/person\\\/6f650f90b2842cd4c0cc334b4e36f67e\",\"name\":\"thomas.berner\",\"image\":{\"@type\":\"ImageObject\",\"inLanguage\":\"en-US\",\"@id\":\"https:\\\/\\\/secure.gravatar.com\\\/avatar\\\/ac5001d2a36cb6c6cd3e50789007ffca834b477b74a2144564522e944eabff61?s=96&d=mm&r=g\",\"url\":\"https:\\\/\\\/secure.gravatar.com\\\/avatar\\\/ac5001d2a36cb6c6cd3e50789007ffca834b477b74a2144564522e944eabff61?s=96&d=mm&r=g\",\"contentUrl\":\"https:\\\/\\\/secure.gravatar.com\\\/avatar\\\/ac5001d2a36cb6c6cd3e50789007ffca834b477b74a2144564522e944eabff61?s=96&d=mm&r=g\",\"caption\":\"thomas.berner\"},\"url\":\"https:\\\/\\\/www.organisator.ch\\\/en\\\/author\\\/thomas-berner\\\/\"}]}<\/script>\n<!-- \/ Yoast SEO plugin. -->","yoast_head_json":{"title":"FHNW establishes new institute for sensor technology and electronics - Organizer","description":"The School of Engineering at the University of Applied Sciences Northwestern Switzerland FHNW combines its experience in measurement technology and microelectronics.","robots":{"index":"index","follow":"follow","max-snippet":"max-snippet:-1","max-image-preview":"max-image-preview:large","max-video-preview":"max-video-preview:-1"},"canonical":"https:\/\/www.organisator.ch\/en\/general\/2019-01-23\/fhnw-gruendet-neues-institut-fuer-sensortechnik-und-elektronik\/","og_locale":"en_US","og_type":"article","og_title":"FHNW gr\u00fcndet neues Institut f\u00fcr Sensortechnik und Elektronik","og_description":"Die Hochschule f\u00fcr Technik der Fachhochschule Nordwestschweiz FHNW vereint ihre Erfahrungen in der Messtechnik und Mikroelektronik.","og_url":"https:\/\/www.organisator.ch\/en\/general\/2019-01-23\/fhnw-gruendet-neues-institut-fuer-sensortechnik-und-elektronik\/","og_site_name":"Organisator","article_publisher":"https:\/\/www.facebook.com\/OrganisatorFachmagazin","article_published_time":"2019-01-23T12:42:12+00:00","og_image":[{"width":680,"height":461,"url":"https:\/\/www.organisator.ch\/wp-content\/uploads\/2019\/01\/FHNW-gruendet-neues-Institut-fuer-Sensortechnik-und-Elektronik_Organisator.jpg","type":"image\/jpeg"}],"author":"thomas.berner","twitter_card":"summary_large_image","twitter_title":"FHNW gr\u00fcndet neues Institut f\u00fcr #Sensortechnik und Elektronik","twitter_description":"Die Hochschule f\u00fcr Technik der #Fachhochschule Nordwestschweiz FHNW vereint ihre Erfahrungen in der #Messtechnik und #Mikroelektronik.","twitter_image":"https:\/\/www.organisator.ch\/wp-content\/uploads\/2019\/01\/FHNW-gr\u00fcndet-neues-Institut-f\u00fcr-Sensortechnik-und-Elektronik_Organisator.jpg","schema":{"@context":"https:\/\/schema.org","@graph":[{"@type":"Article","@id":"https:\/\/www.organisator.ch\/en\/general\/2019-01-23\/fhnw-gruendet-neues-institut-fuer-sensortechnik-und-elektronik\/#article","isPartOf":{"@id":"https:\/\/www.organisator.ch\/en\/general\/2019-01-23\/fhnw-gruendet-neues-institut-fuer-sensortechnik-und-elektronik\/"},"author":{"name":"thomas.berner","@id":"https:\/\/www.organisator.ch\/#\/schema\/person\/6f650f90b2842cd4c0cc334b4e36f67e"},"headline":"FHNW gr\u00fcndet neues Institut f\u00fcr Sensortechnik und Elektronik","datePublished":"2019-01-23T12:42:12+00:00","mainEntityOfPage":{"@id":"https:\/\/www.organisator.ch\/en\/general\/2019-01-23\/fhnw-gruendet-neues-institut-fuer-sensortechnik-und-elektronik\/"},"wordCount":278,"commentCount":0,"publisher":{"@id":"https:\/\/www.organisator.ch\/#organization"},"image":{"@id":"https:\/\/www.organisator.ch\/en\/general\/2019-01-23\/fhnw-gruendet-neues-institut-fuer-sensortechnik-und-elektronik\/#primaryimage"},"thumbnailUrl":"https:\/\/www.organisator.ch\/wp-content\/uploads\/2019\/01\/FHNW-gruendet-neues-Institut-fuer-Sensortechnik-und-Elektronik_Organisator.jpg","keywords":["Digitalisierung","Forschung","Internet of Things","Wissenschaft"],"articleSection":["Allgemein"],"inLanguage":"en-US"},{"@type":"WebPage","@id":"https:\/\/www.organisator.ch\/en\/general\/2019-01-23\/fhnw-gruendet-neues-institut-fuer-sensortechnik-und-elektronik\/","url":"https:\/\/www.organisator.ch\/en\/general\/2019-01-23\/fhnw-gruendet-neues-institut-fuer-sensortechnik-und-elektronik\/","name":"FHNW establishes new institute for sensor technology and electronics - Organizer","isPartOf":{"@id":"https:\/\/www.organisator.ch\/#website"},"primaryImageOfPage":{"@id":"https:\/\/www.organisator.ch\/en\/general\/2019-01-23\/fhnw-gruendet-neues-institut-fuer-sensortechnik-und-elektronik\/#primaryimage"},"image":{"@id":"https:\/\/www.organisator.ch\/en\/general\/2019-01-23\/fhnw-gruendet-neues-institut-fuer-sensortechnik-und-elektronik\/#primaryimage"},"thumbnailUrl":"https:\/\/www.organisator.ch\/wp-content\/uploads\/2019\/01\/FHNW-gruendet-neues-Institut-fuer-Sensortechnik-und-Elektronik_Organisator.jpg","datePublished":"2019-01-23T12:42:12+00:00","description":"The School of Engineering at the University of Applied Sciences Northwestern Switzerland FHNW combines its experience in measurement technology and microelectronics.","breadcrumb":{"@id":"https:\/\/www.organisator.ch\/en\/general\/2019-01-23\/fhnw-gruendet-neues-institut-fuer-sensortechnik-und-elektronik\/#breadcrumb"},"inLanguage":"en-US","potentialAction":[{"@type":"ReadAction","target":["https:\/\/www.organisator.ch\/en\/general\/2019-01-23\/fhnw-gruendet-neues-institut-fuer-sensortechnik-und-elektronik\/"]}]},{"@type":"ImageObject","inLanguage":"en-US","@id":"https:\/\/www.organisator.ch\/en\/general\/2019-01-23\/fhnw-gruendet-neues-institut-fuer-sensortechnik-und-elektronik\/#primaryimage","url":"https:\/\/www.organisator.ch\/wp-content\/uploads\/2019\/01\/FHNW-gruendet-neues-Institut-fuer-Sensortechnik-und-Elektronik_Organisator.jpg","contentUrl":"https:\/\/www.organisator.ch\/wp-content\/uploads\/2019\/01\/FHNW-gruendet-neues-Institut-fuer-Sensortechnik-und-Elektronik_Organisator.jpg","width":680,"height":461,"caption":"Elektronik und Sensortechnik sind Grundlagen f\u00fcr Anwendungen im Internet der Dinge. (Bild: pixabay.com)"},{"@type":"BreadcrumbList","@id":"https:\/\/www.organisator.ch\/en\/general\/2019-01-23\/fhnw-gruendet-neues-institut-fuer-sensortechnik-und-elektronik\/#breadcrumb","itemListElement":[{"@type":"ListItem","position":1,"name":"Home","item":"https:\/\/www.organisator.ch\/"},{"@type":"ListItem","position":2,"name":"FHNW gr\u00fcndet neues Institut f\u00fcr Sensortechnik und Elektronik"}]},{"@type":"WebSite","@id":"https:\/\/www.organisator.ch\/#website","url":"https:\/\/www.organisator.ch\/","name":"Organizer","description":"Competent. Practical. In 10 issues per year, ORGANISATOR presents the essential topics for managers of SMEs.","publisher":{"@id":"https:\/\/www.organisator.ch\/#organization"},"potentialAction":[{"@type":"SearchAction","target":{"@type":"EntryPoint","urlTemplate":"https:\/\/www.organisator.ch\/?s={search_term_string}"},"query-input":{"@type":"PropertyValueSpecification","valueRequired":true,"valueName":"search_term_string"}}],"inLanguage":"en-US"},{"@type":"Organization","@id":"https:\/\/www.organisator.ch\/#organization","name":"Organizer","url":"https:\/\/www.organisator.ch\/","logo":{"@type":"ImageObject","inLanguage":"en-US","@id":"https:\/\/www.organisator.ch\/#\/schema\/logo\/image\/","url":"https:\/\/www.organisator.ch\/wp-content\/uploads\/2022\/01\/Logo_Organisator_Website.png","contentUrl":"https:\/\/www.organisator.ch\/wp-content\/uploads\/2022\/01\/Logo_Organisator_Website.png","width":800,"height":77,"caption":"Organisator"},"image":{"@id":"https:\/\/www.organisator.ch\/#\/schema\/logo\/image\/"},"sameAs":["https:\/\/www.facebook.com\/OrganisatorFachmagazin","https:\/\/www.linkedin.com\/showcase\/organisator-das-magazin-fr-kmu","https:\/\/www.xing.com\/news\/pages\/organisator-ch-695","https:\/\/www.youtube.com\/channel\/UCGP2Sq0iWaZwT3BdIAQFYpw"]},{"@type":"Person","@id":"https:\/\/www.organisator.ch\/#\/schema\/person\/6f650f90b2842cd4c0cc334b4e36f67e","name":"thomas.berner","image":{"@type":"ImageObject","inLanguage":"en-US","@id":"https:\/\/secure.gravatar.com\/avatar\/ac5001d2a36cb6c6cd3e50789007ffca834b477b74a2144564522e944eabff61?s=96&d=mm&r=g","url":"https:\/\/secure.gravatar.com\/avatar\/ac5001d2a36cb6c6cd3e50789007ffca834b477b74a2144564522e944eabff61?s=96&d=mm&r=g","contentUrl":"https:\/\/secure.gravatar.com\/avatar\/ac5001d2a36cb6c6cd3e50789007ffca834b477b74a2144564522e944eabff61?s=96&d=mm&r=g","caption":"thomas.berner"},"url":"https:\/\/www.organisator.ch\/en\/author\/thomas-berner\/"}]}},"_links":{"self":[{"href":"https:\/\/www.organisator.ch\/en\/wp-json\/wp\/v2\/posts\/4770","targetHints":{"allow":["GET"]}}],"collection":[{"href":"https:\/\/www.organisator.ch\/en\/wp-json\/wp\/v2\/posts"}],"about":[{"href":"https:\/\/www.organisator.ch\/en\/wp-json\/wp\/v2\/types\/post"}],"author":[{"embeddable":true,"href":"https:\/\/www.organisator.ch\/en\/wp-json\/wp\/v2\/users\/4"}],"replies":[{"embeddable":true,"href":"https:\/\/www.organisator.ch\/en\/wp-json\/wp\/v2\/comments?post=4770"}],"version-history":[{"count":0,"href":"https:\/\/www.organisator.ch\/en\/wp-json\/wp\/v2\/posts\/4770\/revisions"}],"wp:featuredmedia":[{"embeddable":true,"href":"https:\/\/www.organisator.ch\/en\/wp-json\/wp\/v2\/media\/4771"}],"wp:attachment":[{"href":"https:\/\/www.organisator.ch\/en\/wp-json\/wp\/v2\/media?parent=4770"}],"wp:term":[{"taxonomy":"category","embeddable":true,"href":"https:\/\/www.organisator.ch\/en\/wp-json\/wp\/v2\/categories?post=4770"},{"taxonomy":"post_tag","embeddable":true,"href":"https:\/\/www.organisator.ch\/en\/wp-json\/wp\/v2\/tags?post=4770"}],"curies":[{"name":"wp","href":"https:\/\/api.w.org\/{rel}","templated":true}]}}