{"id":47805,"date":"2026-04-22T00:01:42","date_gmt":"2026-04-21T22:01:42","guid":{"rendered":"https:\/\/www.organisator.ch\/?p=47805"},"modified":"2026-04-20T13:24:15","modified_gmt":"2026-04-20T11:24:15","slug":"das-apple-paradoxon-sicher-gebaut-unsicher-integriert","status":"publish","type":"post","link":"https:\/\/www.organisator.ch\/en\/publireportage\/2026-04-22\/das-apple-paradoxon-sicher-gebaut-unsicher-integriert\/","title":{"rendered":"The Apple paradox: securely built - insecurely integrated"},"content":{"rendered":"<figure id=\"attachment_47806\" aria-describedby=\"caption-attachment-47806\" style=\"width: 680px\" class=\"wp-caption alignnone\"><img loading=\"lazy\" decoding=\"async\" class=\"size-medium wp-image-47806\" src=\"https:\/\/www.organisator.ch\/wp-content\/uploads\/2026\/04\/UMB_AppleParadox_Visual-680x510.jpg\" alt=\"\" width=\"680\" height=\"510\" srcset=\"https:\/\/www.organisator.ch\/wp-content\/uploads\/2026\/04\/UMB_AppleParadox_Visual-680x510.jpg 680w, https:\/\/www.organisator.ch\/wp-content\/uploads\/2026\/04\/UMB_AppleParadox_Visual-768x576.jpg 768w, https:\/\/www.organisator.ch\/wp-content\/uploads\/2026\/04\/UMB_AppleParadox_Visual-16x12.jpg 16w, https:\/\/www.organisator.ch\/wp-content\/uploads\/2026\/04\/UMB_AppleParadox_Visual-375x281.jpg 375w, https:\/\/www.organisator.ch\/wp-content\/uploads\/2026\/04\/UMB_AppleParadox_Visual-467x350.jpg 467w, https:\/\/www.organisator.ch\/wp-content\/uploads\/2026\/04\/UMB_AppleParadox_Visual.jpg 840w\" sizes=\"auto, (max-width: 680px) 100vw, 680px\" \/><figcaption id=\"caption-attachment-47806\" class=\"wp-caption-text\">(Image: www.umb.ch)<\/figcaption><\/figure>\n<p>The integration trap arises from a mixture of historical habits, lack of know-how and the deceptive assumption that the high initial security of Apple products makes comprehensive central monitoring and integration superfluous - leading to blind spots, a lack of transparency and potential vulnerabilities. In times of phishing, zero-day exploits and growing risk from Mac malware, this misjudgment can be costly.<\/p>\n<h3>Secure at your desk, insecure online?<\/h3>\n<p>In many companies, the initial situation is clear: Windows clients are properly inventoried, regularly patched and centrally controlled, while Apple devices are often treated as an exception. After all, they offer integrated features such as automatic encryption, app sandboxing, strict data protection controls and biometric authentication such as Face ID or Touch ID. Without an MDM (Mobile Device Management) connection, however, the necessary transparency regarding OS operating versions, patch status and installed software is lacking. This leads to compliance gaps, as these devices are often not fully inventoried and do not meet existing security guidelines - for example in terms of compliance with the General Data Protection Regulation (GDPR), the revised Federal Act on Data Protection (nDSG) and various ISO standards or industry-specific requirements such as HIPAA in the healthcare sector.\u00a0<\/p>\n<h3>Risky exceptions and special roles<\/h3>\n<p>Apple devices are often assigned special roles in companies, for example through risky exceptions to conditional access or access to cloud services such as Microsoft 365, Azure or internal networks. The danger here is that a single non-integrated device can cause more damage than a poorly configured security policy and become the weakest link in the security chain. Example: An employee uses an unmanaged Mac or iPad to access sensitive company data. Outdated apps or undetected exploits can become a gateway for malware and have dramatic consequences: Data exfiltration, credential theft with subsequent ransomware in the network, GDPR notifications and fines. What's more, in hybrid working environments, where devices are used alternately in the home office and the office, the risks are even greater due to unsecured Wi-Fi networks or the use of private devices for company access (Bring Your Own Device).<\/p>\n<h3>Management is appreciation: why your team benefits from it<\/h3>\n<p>Cleanly managed Apple devices are not control instruments, but rather provide a better user experience. When a MacBook or iPad is integrated in a structured way, users feel welcome and like full members of the team right from the start. A good welcome culture is demonstrated by the fact that the device is ready to use from the first minute without team members having to manually set up profiles, email accounts or settings - thanks to automated enrollment processes such as Apple Business Manager (ABM) with Automated Device Enrollment (ADE, formerly: DEP).<\/p>\n<p>Managed apps and uniform security guidelines create the basis for a smooth workflow. All tools used are stable and reliable. Access to company resources works without unnecessary hurdles, for example via VPN, single sign-on or integrated collaboration tools such as Teams or Slack. As updates and configurations are carried out in the background, the device remains secure without the user having to become an IT expert. In short, a well-managed device not only reduces the burden on IT, but also ensures more productive and satisfied employees by minimizing downtime and creating a modern working environment that attracts and retains talent. Studies show that companies with seamless device integration have higher employee satisfaction and lower turnover rates. Technology is thus perceived as a support, not a hindrance.\u00a0<\/p>\n<h3>How we resolve the paradox for you<\/h3>\n<p>We help you turn Apple devices from the exception to the strategic standard in your company. Our approach is based on three pillars that work together seamlessly to avoid the integration trap and unleash the full potential of Apple devices in your IT landscape.\u00a0<br \/>\nWith the\u00a0<a href=\"https:\/\/www.umb.ch\/fileadmin\/user_upload\/Produkte\/Apple_Readiness_Assessment\/UMB_Factsheet_Apple_Readiness_Assessment_DE.pdf\" target=\"_blank\" rel=\"noopener\"><strong>Apple Readiness Assessment<\/strong><\/a><strong>\u00a0<\/strong>we create transparency by analyzing your current environment, identifying compliance gaps and showing you a clean target architecture. The result is an objective basis for decision-making with clear recommendations for action, including a roadmap for step-by-step integration. Whether it's an evaluation of existing tools such as Jamf or Intune or the identification of shadow IT - we cover all aspects to minimize risks at an early stage.\u00a0<\/p>\n<h3>We securely integrate your Apple fleet into your IT landscape<\/h3>\n<p><a href=\"https:\/\/www.umb.ch\/fileadmin\/user_upload\/Produkte\/UMB_Device_Management\/UMB_Device_Management_Factsheet_DE.pdf\" target=\"_blank\" rel=\"noopener\"><strong>UMB_Device Management<\/strong><\/a>\u00a0integrates your Apple fleet into the existing IT landscape. By introducing or optimizing MDM, we achieve the same level of security as with your Windows clients, including lifecycle and patch management. This includes automated updates, device tracking and zero-touch deployment so that new devices can be seamlessly provisioned without manual intervention. In this way, we close the gaps and ensure that Apple devices do not act in isolation, but as an integral part of your security strategy.device management is only half the battle.<\/p>\n<p>With\u00a0<a href=\"https:\/\/www.umb.ch\/fileadmin\/user_upload\/Produkte\/UMB_Application_Packaging\/UMB_Application_Packaging_DE.pdf\" target=\"_blank\" rel=\"noopener\"><strong>UMB_Application Packaging<\/strong><\/a>\u00a0we ensure that apps are deployed in a controlled, up-to-date and securely configured manner. No uncontrolled growth, no manual emergency solutions - instead, central app distribution via MDM, with a focus on compatibility and performance. This not only reduces security risks due to outdated software, but also optimizes the user experience by ensuring that the required tools are always up to date.<\/p>\n<p>&nbsp;<\/p>\n<blockquote>\n<h3>UMB: We are an Apple Premium Technical Partner<\/h3>\n<p>As an Apple Business Partner, Apple Premium Technical Partner and experienced specialist for the Modern Workplace, UMB supports you in the holistic implementation of your Apple strategy in your company with tailor-made solutions for your IT team. Is your company ready for the integration of Apple devices? Find out now!<\/p>\n<p><a href=\"http:\/\/www.umb.ch\"><em>www.umb.ch<\/em><\/a><\/p>\n<\/blockquote>","protected":false},"excerpt":{"rendered":"<p>While the Windows environment in the company is usually managed consistently, Apple devices often remain tolerated outsiders. This results in the so-called Apple paradox. Mac, iPhone and iPad are extremely secure due to their operating system ex works. However, this advantage is lost if incomplete integration slows down the efficient use of these devices and, in the worst case, even makes them a security risk.<\/p>","protected":false},"author":4,"featured_media":47806,"comment_status":"closed","ping_status":"closed","sticky":false,"template":"","format":"standard","meta":{"_acf_changed":false,"_yoast_wpseo_focuskw":"Apple-Paradoxon","_yoast_wpseo_metadesc":"Das Apple-Paradoxon: Mac, iPhone und iPad gelten als ausgesprochen sicher. L\u00fcckenhafte Integration l\u00e4sst diesen Vorteil aber verpuffen.","articlekey":"","footnotes":""},"categories":[5330],"tags":[156,260,286],"class_list":["post-47805","post","type-post","status-publish","format-standard","has-post-thumbnail","hentry","category-publireportage","tag-digitalisierung","tag-ict-sicherheit","tag-it"],"acf":[],"yoast_head":"<!-- This site is optimized with the Yoast SEO plugin v27.5 - https:\/\/yoast.com\/product\/yoast-seo-wordpress\/ -->\n<title>Das Apple-Paradoxon: Sicher gebaut \u2013 unsicher integriert - Organisator<\/title>\n<meta name=\"description\" content=\"Das Apple-Paradoxon: Mac, iPhone und iPad gelten als ausgesprochen sicher. L\u00fcckenhafte Integration l\u00e4sst diesen Vorteil aber verpuffen.\" \/>\n<meta name=\"robots\" content=\"index, follow, max-snippet:-1, max-image-preview:large, max-video-preview:-1\" \/>\n<link rel=\"canonical\" href=\"https:\/\/www.organisator.ch\/en\/public-report\/2026-04-22\/das-apple-paradoxon-sicher-gebaut-unsicher-integriert\/\" \/>\n<meta property=\"og:locale\" content=\"en_US\" \/>\n<meta property=\"og:type\" content=\"article\" \/>\n<meta property=\"og:title\" content=\"Das Apple-Paradoxon: Sicher gebaut \u2013 unsicher integriert - Organisator\" \/>\n<meta property=\"og:description\" content=\"Das Apple-Paradoxon: Mac, iPhone und iPad gelten als ausgesprochen sicher. L\u00fcckenhafte Integration l\u00e4sst diesen Vorteil aber verpuffen.\" \/>\n<meta property=\"og:url\" content=\"https:\/\/www.organisator.ch\/en\/public-report\/2026-04-22\/das-apple-paradoxon-sicher-gebaut-unsicher-integriert\/\" \/>\n<meta property=\"og:site_name\" content=\"Organisator\" \/>\n<meta property=\"article:publisher\" content=\"https:\/\/www.facebook.com\/OrganisatorFachmagazin\" \/>\n<meta property=\"article:published_time\" content=\"2026-04-21T22:01:42+00:00\" \/>\n<meta property=\"og:image\" content=\"https:\/\/www.organisator.ch\/wp-content\/uploads\/2026\/04\/UMB_AppleParadox_Visual.jpg\" \/>\n\t<meta property=\"og:image:width\" content=\"840\" \/>\n\t<meta property=\"og:image:height\" content=\"630\" \/>\n\t<meta property=\"og:image:type\" content=\"image\/jpeg\" \/>\n<meta name=\"author\" content=\"thomas.berner\" \/>\n<meta name=\"twitter:card\" content=\"summary_large_image\" \/>\n<script type=\"application\/ld+json\" class=\"yoast-schema-graph\">{\"@context\":\"https:\\\/\\\/schema.org\",\"@graph\":[{\"@type\":\"Article\",\"@id\":\"https:\\\/\\\/www.organisator.ch\\\/publireportage\\\/2026-04-22\\\/das-apple-paradoxon-sicher-gebaut-unsicher-integriert\\\/#article\",\"isPartOf\":{\"@id\":\"https:\\\/\\\/www.organisator.ch\\\/publireportage\\\/2026-04-22\\\/das-apple-paradoxon-sicher-gebaut-unsicher-integriert\\\/\"},\"author\":{\"name\":\"thomas.berner\",\"@id\":\"https:\\\/\\\/www.organisator.ch\\\/#\\\/schema\\\/person\\\/6f650f90b2842cd4c0cc334b4e36f67e\"},\"headline\":\"Das Apple-Paradoxon: Sicher gebaut \u2013 unsicher integriert\",\"datePublished\":\"2026-04-21T22:01:42+00:00\",\"mainEntityOfPage\":{\"@id\":\"https:\\\/\\\/www.organisator.ch\\\/publireportage\\\/2026-04-22\\\/das-apple-paradoxon-sicher-gebaut-unsicher-integriert\\\/\"},\"wordCount\":876,\"publisher\":{\"@id\":\"https:\\\/\\\/www.organisator.ch\\\/#organization\"},\"image\":{\"@id\":\"https:\\\/\\\/www.organisator.ch\\\/publireportage\\\/2026-04-22\\\/das-apple-paradoxon-sicher-gebaut-unsicher-integriert\\\/#primaryimage\"},\"thumbnailUrl\":\"https:\\\/\\\/www.organisator.ch\\\/wp-content\\\/uploads\\\/2026\\\/04\\\/UMB_AppleParadox_Visual.jpg\",\"keywords\":[\"Digitalisierung\",\"ICT-Sicherheit\",\"IT\"],\"articleSection\":[\"PUBLIREPORTAGE\"],\"inLanguage\":\"en-US\"},{\"@type\":\"WebPage\",\"@id\":\"https:\\\/\\\/www.organisator.ch\\\/publireportage\\\/2026-04-22\\\/das-apple-paradoxon-sicher-gebaut-unsicher-integriert\\\/\",\"url\":\"https:\\\/\\\/www.organisator.ch\\\/publireportage\\\/2026-04-22\\\/das-apple-paradoxon-sicher-gebaut-unsicher-integriert\\\/\",\"name\":\"Das Apple-Paradoxon: Sicher gebaut \u2013 unsicher integriert - Organisator\",\"isPartOf\":{\"@id\":\"https:\\\/\\\/www.organisator.ch\\\/#website\"},\"primaryImageOfPage\":{\"@id\":\"https:\\\/\\\/www.organisator.ch\\\/publireportage\\\/2026-04-22\\\/das-apple-paradoxon-sicher-gebaut-unsicher-integriert\\\/#primaryimage\"},\"image\":{\"@id\":\"https:\\\/\\\/www.organisator.ch\\\/publireportage\\\/2026-04-22\\\/das-apple-paradoxon-sicher-gebaut-unsicher-integriert\\\/#primaryimage\"},\"thumbnailUrl\":\"https:\\\/\\\/www.organisator.ch\\\/wp-content\\\/uploads\\\/2026\\\/04\\\/UMB_AppleParadox_Visual.jpg\",\"datePublished\":\"2026-04-21T22:01:42+00:00\",\"description\":\"Das Apple-Paradoxon: Mac, iPhone und iPad gelten als ausgesprochen sicher. L\u00fcckenhafte Integration l\u00e4sst diesen Vorteil aber verpuffen.\",\"breadcrumb\":{\"@id\":\"https:\\\/\\\/www.organisator.ch\\\/publireportage\\\/2026-04-22\\\/das-apple-paradoxon-sicher-gebaut-unsicher-integriert\\\/#breadcrumb\"},\"inLanguage\":\"en-US\",\"potentialAction\":[{\"@type\":\"ReadAction\",\"target\":[\"https:\\\/\\\/www.organisator.ch\\\/publireportage\\\/2026-04-22\\\/das-apple-paradoxon-sicher-gebaut-unsicher-integriert\\\/\"]}]},{\"@type\":\"ImageObject\",\"inLanguage\":\"en-US\",\"@id\":\"https:\\\/\\\/www.organisator.ch\\\/publireportage\\\/2026-04-22\\\/das-apple-paradoxon-sicher-gebaut-unsicher-integriert\\\/#primaryimage\",\"url\":\"https:\\\/\\\/www.organisator.ch\\\/wp-content\\\/uploads\\\/2026\\\/04\\\/UMB_AppleParadox_Visual.jpg\",\"contentUrl\":\"https:\\\/\\\/www.organisator.ch\\\/wp-content\\\/uploads\\\/2026\\\/04\\\/UMB_AppleParadox_Visual.jpg\",\"width\":840,\"height\":630,\"caption\":\"(Bild: www.umb.ch)\"},{\"@type\":\"BreadcrumbList\",\"@id\":\"https:\\\/\\\/www.organisator.ch\\\/publireportage\\\/2026-04-22\\\/das-apple-paradoxon-sicher-gebaut-unsicher-integriert\\\/#breadcrumb\",\"itemListElement\":[{\"@type\":\"ListItem\",\"position\":1,\"name\":\"Home\",\"item\":\"https:\\\/\\\/www.organisator.ch\\\/\"},{\"@type\":\"ListItem\",\"position\":2,\"name\":\"Das Apple-Paradoxon: Sicher gebaut \u2013 unsicher integriert\"}]},{\"@type\":\"WebSite\",\"@id\":\"https:\\\/\\\/www.organisator.ch\\\/#website\",\"url\":\"https:\\\/\\\/www.organisator.ch\\\/\",\"name\":\"Organisator\",\"description\":\"Kompetent. Praxisnah. Der ORGANISATOR bereitet in 10 Ausgaben pro Jahr die wesentlichen Themen f\u00fcr F\u00fchrungskr\u00e4fte von KMU auf.\",\"publisher\":{\"@id\":\"https:\\\/\\\/www.organisator.ch\\\/#organization\"},\"potentialAction\":[{\"@type\":\"SearchAction\",\"target\":{\"@type\":\"EntryPoint\",\"urlTemplate\":\"https:\\\/\\\/www.organisator.ch\\\/?s={search_term_string}\"},\"query-input\":{\"@type\":\"PropertyValueSpecification\",\"valueRequired\":true,\"valueName\":\"search_term_string\"}}],\"inLanguage\":\"en-US\"},{\"@type\":\"Organization\",\"@id\":\"https:\\\/\\\/www.organisator.ch\\\/#organization\",\"name\":\"Organisator\",\"url\":\"https:\\\/\\\/www.organisator.ch\\\/\",\"logo\":{\"@type\":\"ImageObject\",\"inLanguage\":\"en-US\",\"@id\":\"https:\\\/\\\/www.organisator.ch\\\/#\\\/schema\\\/logo\\\/image\\\/\",\"url\":\"https:\\\/\\\/www.organisator.ch\\\/wp-content\\\/uploads\\\/2022\\\/01\\\/Logo_Organisator_Website.png\",\"contentUrl\":\"https:\\\/\\\/www.organisator.ch\\\/wp-content\\\/uploads\\\/2022\\\/01\\\/Logo_Organisator_Website.png\",\"width\":800,\"height\":77,\"caption\":\"Organisator\"},\"image\":{\"@id\":\"https:\\\/\\\/www.organisator.ch\\\/#\\\/schema\\\/logo\\\/image\\\/\"},\"sameAs\":[\"https:\\\/\\\/www.facebook.com\\\/OrganisatorFachmagazin\",\"https:\\\/\\\/www.linkedin.com\\\/showcase\\\/organisator-das-magazin-fr-kmu\",\"https:\\\/\\\/www.xing.com\\\/news\\\/pages\\\/organisator-ch-695\",\"https:\\\/\\\/www.youtube.com\\\/channel\\\/UCGP2Sq0iWaZwT3BdIAQFYpw\"]},{\"@type\":\"Person\",\"@id\":\"https:\\\/\\\/www.organisator.ch\\\/#\\\/schema\\\/person\\\/6f650f90b2842cd4c0cc334b4e36f67e\",\"name\":\"thomas.berner\",\"image\":{\"@type\":\"ImageObject\",\"inLanguage\":\"en-US\",\"@id\":\"https:\\\/\\\/secure.gravatar.com\\\/avatar\\\/ac5001d2a36cb6c6cd3e50789007ffca834b477b74a2144564522e944eabff61?s=96&d=mm&r=g\",\"url\":\"https:\\\/\\\/secure.gravatar.com\\\/avatar\\\/ac5001d2a36cb6c6cd3e50789007ffca834b477b74a2144564522e944eabff61?s=96&d=mm&r=g\",\"contentUrl\":\"https:\\\/\\\/secure.gravatar.com\\\/avatar\\\/ac5001d2a36cb6c6cd3e50789007ffca834b477b74a2144564522e944eabff61?s=96&d=mm&r=g\",\"caption\":\"thomas.berner\"},\"url\":\"https:\\\/\\\/www.organisator.ch\\\/en\\\/author\\\/thomas-berner\\\/\"}]}<\/script>\n<!-- \/ Yoast SEO plugin. -->","yoast_head_json":{"title":"The Apple paradox: Securely built - insecurely integrated - Organizer","description":"The Apple paradox: Mac, iPhone and iPad are considered extremely secure. However, patchy integration makes this advantage go up in smoke.","robots":{"index":"index","follow":"follow","max-snippet":"max-snippet:-1","max-image-preview":"max-image-preview:large","max-video-preview":"max-video-preview:-1"},"canonical":"https:\/\/www.organisator.ch\/en\/public-report\/2026-04-22\/das-apple-paradoxon-sicher-gebaut-unsicher-integriert\/","og_locale":"en_US","og_type":"article","og_title":"Das Apple-Paradoxon: Sicher gebaut \u2013 unsicher integriert - Organisator","og_description":"Das Apple-Paradoxon: Mac, iPhone und iPad gelten als ausgesprochen sicher. L\u00fcckenhafte Integration l\u00e4sst diesen Vorteil aber verpuffen.","og_url":"https:\/\/www.organisator.ch\/en\/public-report\/2026-04-22\/das-apple-paradoxon-sicher-gebaut-unsicher-integriert\/","og_site_name":"Organisator","article_publisher":"https:\/\/www.facebook.com\/OrganisatorFachmagazin","article_published_time":"2026-04-21T22:01:42+00:00","og_image":[{"width":840,"height":630,"url":"https:\/\/www.organisator.ch\/wp-content\/uploads\/2026\/04\/UMB_AppleParadox_Visual.jpg","type":"image\/jpeg"}],"author":"thomas.berner","twitter_card":"summary_large_image","schema":{"@context":"https:\/\/schema.org","@graph":[{"@type":"Article","@id":"https:\/\/www.organisator.ch\/publireportage\/2026-04-22\/das-apple-paradoxon-sicher-gebaut-unsicher-integriert\/#article","isPartOf":{"@id":"https:\/\/www.organisator.ch\/publireportage\/2026-04-22\/das-apple-paradoxon-sicher-gebaut-unsicher-integriert\/"},"author":{"name":"thomas.berner","@id":"https:\/\/www.organisator.ch\/#\/schema\/person\/6f650f90b2842cd4c0cc334b4e36f67e"},"headline":"Das Apple-Paradoxon: Sicher gebaut \u2013 unsicher integriert","datePublished":"2026-04-21T22:01:42+00:00","mainEntityOfPage":{"@id":"https:\/\/www.organisator.ch\/publireportage\/2026-04-22\/das-apple-paradoxon-sicher-gebaut-unsicher-integriert\/"},"wordCount":876,"publisher":{"@id":"https:\/\/www.organisator.ch\/#organization"},"image":{"@id":"https:\/\/www.organisator.ch\/publireportage\/2026-04-22\/das-apple-paradoxon-sicher-gebaut-unsicher-integriert\/#primaryimage"},"thumbnailUrl":"https:\/\/www.organisator.ch\/wp-content\/uploads\/2026\/04\/UMB_AppleParadox_Visual.jpg","keywords":["Digitalisierung","ICT-Sicherheit","IT"],"articleSection":["PUBLIREPORTAGE"],"inLanguage":"en-US"},{"@type":"WebPage","@id":"https:\/\/www.organisator.ch\/publireportage\/2026-04-22\/das-apple-paradoxon-sicher-gebaut-unsicher-integriert\/","url":"https:\/\/www.organisator.ch\/publireportage\/2026-04-22\/das-apple-paradoxon-sicher-gebaut-unsicher-integriert\/","name":"The Apple paradox: Securely built - insecurely integrated - Organizer","isPartOf":{"@id":"https:\/\/www.organisator.ch\/#website"},"primaryImageOfPage":{"@id":"https:\/\/www.organisator.ch\/publireportage\/2026-04-22\/das-apple-paradoxon-sicher-gebaut-unsicher-integriert\/#primaryimage"},"image":{"@id":"https:\/\/www.organisator.ch\/publireportage\/2026-04-22\/das-apple-paradoxon-sicher-gebaut-unsicher-integriert\/#primaryimage"},"thumbnailUrl":"https:\/\/www.organisator.ch\/wp-content\/uploads\/2026\/04\/UMB_AppleParadox_Visual.jpg","datePublished":"2026-04-21T22:01:42+00:00","description":"The Apple paradox: Mac, iPhone and iPad are considered extremely secure. However, patchy integration makes this advantage go up in smoke.","breadcrumb":{"@id":"https:\/\/www.organisator.ch\/publireportage\/2026-04-22\/das-apple-paradoxon-sicher-gebaut-unsicher-integriert\/#breadcrumb"},"inLanguage":"en-US","potentialAction":[{"@type":"ReadAction","target":["https:\/\/www.organisator.ch\/publireportage\/2026-04-22\/das-apple-paradoxon-sicher-gebaut-unsicher-integriert\/"]}]},{"@type":"ImageObject","inLanguage":"en-US","@id":"https:\/\/www.organisator.ch\/publireportage\/2026-04-22\/das-apple-paradoxon-sicher-gebaut-unsicher-integriert\/#primaryimage","url":"https:\/\/www.organisator.ch\/wp-content\/uploads\/2026\/04\/UMB_AppleParadox_Visual.jpg","contentUrl":"https:\/\/www.organisator.ch\/wp-content\/uploads\/2026\/04\/UMB_AppleParadox_Visual.jpg","width":840,"height":630,"caption":"(Bild: www.umb.ch)"},{"@type":"BreadcrumbList","@id":"https:\/\/www.organisator.ch\/publireportage\/2026-04-22\/das-apple-paradoxon-sicher-gebaut-unsicher-integriert\/#breadcrumb","itemListElement":[{"@type":"ListItem","position":1,"name":"Home","item":"https:\/\/www.organisator.ch\/"},{"@type":"ListItem","position":2,"name":"Das Apple-Paradoxon: Sicher gebaut \u2013 unsicher integriert"}]},{"@type":"WebSite","@id":"https:\/\/www.organisator.ch\/#website","url":"https:\/\/www.organisator.ch\/","name":"Organizer","description":"Competent. Practical. In 10 issues per year, ORGANISATOR presents the essential topics for managers of SMEs.","publisher":{"@id":"https:\/\/www.organisator.ch\/#organization"},"potentialAction":[{"@type":"SearchAction","target":{"@type":"EntryPoint","urlTemplate":"https:\/\/www.organisator.ch\/?s={search_term_string}"},"query-input":{"@type":"PropertyValueSpecification","valueRequired":true,"valueName":"search_term_string"}}],"inLanguage":"en-US"},{"@type":"Organization","@id":"https:\/\/www.organisator.ch\/#organization","name":"Organizer","url":"https:\/\/www.organisator.ch\/","logo":{"@type":"ImageObject","inLanguage":"en-US","@id":"https:\/\/www.organisator.ch\/#\/schema\/logo\/image\/","url":"https:\/\/www.organisator.ch\/wp-content\/uploads\/2022\/01\/Logo_Organisator_Website.png","contentUrl":"https:\/\/www.organisator.ch\/wp-content\/uploads\/2022\/01\/Logo_Organisator_Website.png","width":800,"height":77,"caption":"Organisator"},"image":{"@id":"https:\/\/www.organisator.ch\/#\/schema\/logo\/image\/"},"sameAs":["https:\/\/www.facebook.com\/OrganisatorFachmagazin","https:\/\/www.linkedin.com\/showcase\/organisator-das-magazin-fr-kmu","https:\/\/www.xing.com\/news\/pages\/organisator-ch-695","https:\/\/www.youtube.com\/channel\/UCGP2Sq0iWaZwT3BdIAQFYpw"]},{"@type":"Person","@id":"https:\/\/www.organisator.ch\/#\/schema\/person\/6f650f90b2842cd4c0cc334b4e36f67e","name":"thomas.berner","image":{"@type":"ImageObject","inLanguage":"en-US","@id":"https:\/\/secure.gravatar.com\/avatar\/ac5001d2a36cb6c6cd3e50789007ffca834b477b74a2144564522e944eabff61?s=96&d=mm&r=g","url":"https:\/\/secure.gravatar.com\/avatar\/ac5001d2a36cb6c6cd3e50789007ffca834b477b74a2144564522e944eabff61?s=96&d=mm&r=g","contentUrl":"https:\/\/secure.gravatar.com\/avatar\/ac5001d2a36cb6c6cd3e50789007ffca834b477b74a2144564522e944eabff61?s=96&d=mm&r=g","caption":"thomas.berner"},"url":"https:\/\/www.organisator.ch\/en\/author\/thomas-berner\/"}]}},"_links":{"self":[{"href":"https:\/\/www.organisator.ch\/en\/wp-json\/wp\/v2\/posts\/47805","targetHints":{"allow":["GET"]}}],"collection":[{"href":"https:\/\/www.organisator.ch\/en\/wp-json\/wp\/v2\/posts"}],"about":[{"href":"https:\/\/www.organisator.ch\/en\/wp-json\/wp\/v2\/types\/post"}],"author":[{"embeddable":true,"href":"https:\/\/www.organisator.ch\/en\/wp-json\/wp\/v2\/users\/4"}],"replies":[{"embeddable":true,"href":"https:\/\/www.organisator.ch\/en\/wp-json\/wp\/v2\/comments?post=47805"}],"version-history":[{"count":3,"href":"https:\/\/www.organisator.ch\/en\/wp-json\/wp\/v2\/posts\/47805\/revisions"}],"predecessor-version":[{"id":47929,"href":"https:\/\/www.organisator.ch\/en\/wp-json\/wp\/v2\/posts\/47805\/revisions\/47929"}],"wp:featuredmedia":[{"embeddable":true,"href":"https:\/\/www.organisator.ch\/en\/wp-json\/wp\/v2\/media\/47806"}],"wp:attachment":[{"href":"https:\/\/www.organisator.ch\/en\/wp-json\/wp\/v2\/media?parent=47805"}],"wp:term":[{"taxonomy":"category","embeddable":true,"href":"https:\/\/www.organisator.ch\/en\/wp-json\/wp\/v2\/categories?post=47805"},{"taxonomy":"post_tag","embeddable":true,"href":"https:\/\/www.organisator.ch\/en\/wp-json\/wp\/v2\/tags?post=47805"}],"curies":[{"name":"wp","href":"https:\/\/api.w.org\/{rel}","templated":true}]}}