{"id":47922,"date":"2026-04-22T10:17:15","date_gmt":"2026-04-22T08:17:15","guid":{"rendered":"https:\/\/www.m-q.ch\/?p=22727"},"modified":"2026-04-24T09:49:16","modified_gmt":"2026-04-24T07:49:16","slug":"arbeitsunfaelle-sinken-weiter-freizeitunfaelle-auf-dem-vormarsch","status":"publish","type":"post","link":"https:\/\/www.organisator.ch\/en\/human-resources\/2026-04-22\/arbeitsunfaelle-sinken-weiter-freizeitunfaelle-auf-dem-vormarsch\/","title":{"rendered":"Work accidents continue to fall - leisure accidents on the rise"},"content":{"rendered":"<div>\r\n<figure id=\"attachment_22728\" class=\"wp-caption alignnone\" style=\"width: 680px;\" aria-describedby=\"caption-attachment-22728\"><img class=\"size-full wp-image-22728\" src=\"https:\/\/www.m-q.ch\/wp-content\/uploads\/2026\/04\/Arbeitsunfaelle-sinken-weiter-%E2%80%93-Freizeitunfaelle-auf-dem-Vormarsch_MQ.png\" sizes=\"(max-width: 680px) 100vw, 680px\" srcset=\"https:\/\/www.m-q.ch\/wp-content\/uploads\/2026\/04\/Arbeitsunfaelle-sinken-weiter-\u2013-Freizeitunfaelle-auf-dem-Vormarsch_MQ.png 680w, https:\/\/www.m-q.ch\/wp-content\/uploads\/2026\/04\/Arbeitsunfaelle-sinken-weiter-\u2013-Freizeitunfaelle-auf-dem-Vormarsch_MQ-18x9.png 18w, https:\/\/www.m-q.ch\/wp-content\/uploads\/2026\/04\/Arbeitsunfaelle-sinken-weiter-\u2013-Freizeitunfaelle-auf-dem-Vormarsch_MQ-375x197.png 375w, https:\/\/www.m-q.ch\/wp-content\/uploads\/2026\/04\/Arbeitsunfaelle-sinken-weiter-\u2013-Freizeitunfaelle-auf-dem-Vormarsch_MQ-665x350.png 665w\" alt=\"\" width=\"680\" height=\"358\" \/>\r\n<figcaption id=\"caption-attachment-22728\" class=\"wp-caption-text\">Accidents at work continue to fall, but leisure accidents are on the rise. (Image: zVg \/ Suva)<\/figcaption>\r\n<\/figure>\r\n<p>Last year, Suva recorded and recognized over 480,000 new accidents and occupational illnesses. This is 1.9 percent more than in the previous year. Occupational accidents and illnesses fell by 0.9 percent to just over 166,000 cases. On the other hand, leisure accidents rose by 2.8 percent to around 296,000 cases. The number of accidents involving persons registered as unemployed and persons on IV measures increased by 15.4 percent. The main reason for this is the higher number of unemployed people. In total, Suva paid out over CHF 4.6 billion in insurance benefits in 2025.<\/p>\r\n<h3>The current accident figures<\/h3>\r\n<\/div>\r\n<p id=\"anchor-77C42BFD-5EBD-4F1D-933E-2EBE6451854D\" class=\"h3 sch-h3\">Recognized cases newly registered with Suva under compulsory accident insurance:<\/p>\r\n<div>\r\n<table>\r\n<thead>\r\n<tr>\r\n<th>\u00a0<\/th>\r\n<th>2025<\/th>\r\n<th>2024<\/th>\r\n<th>Difference to previous year<\/th>\r\n<\/tr>\r\n<\/thead>\r\n<tbody>\r\n<tr>\r\n<td>Total accidents and occupational diseases<\/td>\r\n<td>480 344<\/td>\r\n<td>471 385<\/td>\r\n<td>+ 1.9 %<\/td>\r\n<\/tr>\r\n<tr>\r\n<td>of which occupational accidents and diseases<\/td>\r\n<td>166 229<\/td>\r\n<td>167 701<\/td>\r\n<td>- 0.9 %<\/td>\r\n<\/tr>\r\n<tr>\r\n<td>thereof non-occupational accidents<\/td>\r\n<td>296 141<\/td>\r\n<td>288 111<\/td>\r\n<td>+ 2.8 %<\/td>\r\n<\/tr>\r\n<tr>\r\n<td>\r\n<p>of which accidents and occupational illnesses in accident insurance for the unemployed and<br \/>\r\nof persons in IV measures<\/p>\r\n<\/td>\r\n<td>17 974<\/td>\r\n<td>15 573<\/td>\r\n<td>+ 15.4 %<\/td>\r\n<\/tr>\r\n<\/tbody>\r\n<\/table>\r\n<\/div>\r\n<h3 id=\"anchor-3F17FDDD-6C55-4F95-910F-427088EE0993\" class=\"h3 sch-h3\">Accidents today mainly happen during leisure time<\/h3>\r\n<div>\r\n<p>\u00abThe increase in accident figures compared to the previous year is mainly due to leisure accidents,\u00bb says Alois F\u00e4ssler, statistician at Suva. \u00abIt is encouraging that occupational accidents are continuing to fall.\u00bb While occupational accidents used to account for the majority of reported accidents, Suva has been registering significantly more accidents in leisure time since the early 1990s. Last year, the ratio was 64 percent leisure accidents to 36 percent work accidents. \u00abSafety at work has increased significantly in recent decades, whether through continuous prevention work or the reduction in workplaces with a high accident risk, for example through more automated processes,\u00bb says Alois F\u00e4ssler. \u00abThe number of leisure accidents, on the other hand, is increasing because more and more people are investing their free time in sports and outdoor activities.\u00bb<\/p>\r\n<\/div>\r\n<h3 id=\"anchor-FA73A786-D0DE-48BA-A54D-480236693EF4\" class=\"h3 sch-h3\">Most frequent sports accidents: Playing soccer, skiing, mountain hiking<\/h3>\r\n<div>\r\n<p>Over the whole of 2025, Suva registered the most sports accidents while playing football (29,000 \/ 25 % of all sports accidents), skiing (16,000 \/ 13 %) and hiking (6,000 \/ 5 %). There are gender-specific differences. Men were most frequently injured while playing football (29 %), skiing (12 %) and biking (5 %), while among women most accidents occurred while skiing (20 %), mountain hiking (9 %) and jogging (7 %). The most common injuries during sport were to the knees, ankles and shoulders.\u00a0<\/p>\r\n<\/div>\r\n<h3 id=\"anchor-2467233A-92C3-45DE-84D8-B08C553770C0\" class=\"h3 sch-h3\">Targeted prevention measures reduce accidents, suffering and costs<\/h3>\r\n<div>\r\n<p>In this context, Suva once again points out that accidents not only cause a great deal of suffering, but also entail high costs. That is why, in addition to insurance benefits, it continues to focus strongly on prevention and rehabilitation. Suva helps to prevent accidents and occupational illnesses with various prevention programs, education and training, training courses and advice for work and leisure.<\/p>\r\n<p><em>Source: <a href=\"http:\/\/www.suva.ch\/\">Suva<\/a><\/em><\/p>\r\n<\/div>\n<p class=\"syndicated-attribution\">This article originally appeared on m-q.ch - <a href=\"https:\/\/www.m-q.ch\/de\/arbeitsunfaelle-sinken-weiter-freizeitunfaelle-auf-dem-vormarsch\/\" target=\"_blank\">https:\/\/www.m-q.ch\/de\/arbeitsunfaelle-sinken-weiter-freizeitunfaelle-auf-dem-vormarsch\/<\/a><\/p>","protected":false},"excerpt":{"rendered":"<p>Suva insures around half of all working people in Switzerland against accidents and occupational illnesses. In 2025, over 480,000 new cases were registered and recognized. While accidents at work and occupational illnesses continued to fall, leisure accidents increased by almost 3 percent. In total, Suva paid out over CHF 4.6 billion in insurance benefits.<\/p>","protected":false},"author":8,"featured_media":0,"comment_status":"closed","ping_status":"closed","sticky":false,"template":"","format":"standard","meta":{"_acf_changed":false,"_yoast_wpseo_focuskw":"Arbeitsunf\u00e4lle","_yoast_wpseo_metadesc":"W\u00e4hrend die Arbeitsunf\u00e4lle und Berufskrankheiten weiter zur\u00fcckgingen, nahmen gem\u00e4ss Suva-Statistik die Freizeitunf\u00e4lle um fast 3 Prozent zu.","articlekey":"","footnotes":""},"categories":[579],"tags":[53,254,418,463,4530],"class_list":["post-47922","post","type-post","status-publish","format-standard","hentry","category-human-resources","tag-arbeitssicherheit","tag-hrm","tag-risikomanagement","tag-suva","tag-unfallstatistik"],"acf":[],"yoast_head":"<!-- This site is optimized with the Yoast SEO plugin v27.4 - https:\/\/yoast.com\/product\/yoast-seo-wordpress\/ -->\n<title>Arbeitsunf\u00e4lle sinken weiter \u2013 Freizeitunf\u00e4lle auf dem Vormarsch - Organisator<\/title>\n<meta name=\"description\" content=\"W\u00e4hrend die Arbeitsunf\u00e4lle und Berufskrankheiten weiter zur\u00fcckgingen, nahmen gem\u00e4ss Suva-Statistik die Freizeitunf\u00e4lle um fast 3 Prozent zu.\" \/>\n<meta name=\"robots\" content=\"index, follow, max-snippet:-1, max-image-preview:large, max-video-preview:-1\" \/>\n<link rel=\"canonical\" href=\"https:\/\/www.organisator.ch\/en\/human-resources\/2026-04-22\/arbeitsunfaelle-sinken-weiter-freizeitunfaelle-auf-dem-vormarsch\/\" \/>\n<meta property=\"og:locale\" content=\"en_US\" \/>\n<meta property=\"og:type\" content=\"article\" \/>\n<meta property=\"og:title\" content=\"Arbeitsunf\u00e4lle sinken weiter \u2013 Freizeitunf\u00e4lle auf dem Vormarsch - Organisator\" \/>\n<meta property=\"og:description\" content=\"W\u00e4hrend die Arbeitsunf\u00e4lle und Berufskrankheiten weiter zur\u00fcckgingen, nahmen gem\u00e4ss Suva-Statistik die Freizeitunf\u00e4lle um fast 3 Prozent zu.\" \/>\n<meta property=\"og:url\" content=\"https:\/\/www.organisator.ch\/en\/human-resources\/2026-04-22\/arbeitsunfaelle-sinken-weiter-freizeitunfaelle-auf-dem-vormarsch\/\" \/>\n<meta property=\"og:site_name\" content=\"Organisator\" \/>\n<meta property=\"article:publisher\" content=\"https:\/\/www.facebook.com\/OrganisatorFachmagazin\" \/>\n<meta property=\"article:published_time\" content=\"2026-04-22T08:17:15+00:00\" \/>\n<meta property=\"article:modified_time\" content=\"2026-04-24T07:49:16+00:00\" \/>\n<meta property=\"og:image\" content=\"https:\/\/www.organisator.ch\/wp-content\/uploads\/2023\/10\/Simon-Kucher_Bild1_ps.jpg\" \/>\n\t<meta property=\"og:image:width\" content=\"680\" \/>\n\t<meta property=\"og:image:height\" content=\"455\" \/>\n\t<meta property=\"og:image:type\" content=\"image\/jpeg\" \/>\n<meta name=\"author\" content=\"galledia\" \/>\n<meta name=\"twitter:card\" content=\"summary_large_image\" \/>\n<meta name=\"twitter:creator\" content=\"@admin\" \/>\n<script type=\"application\/ld+json\" class=\"yoast-schema-graph\">{\"@context\":\"https:\\\/\\\/schema.org\",\"@graph\":[{\"@type\":\"Article\",\"@id\":\"https:\\\/\\\/www.organisator.ch\\\/human-resources\\\/2026-04-22\\\/arbeitsunfaelle-sinken-weiter-freizeitunfaelle-auf-dem-vormarsch\\\/#article\",\"isPartOf\":{\"@id\":\"https:\\\/\\\/www.organisator.ch\\\/human-resources\\\/2026-04-22\\\/arbeitsunfaelle-sinken-weiter-freizeitunfaelle-auf-dem-vormarsch\\\/\"},\"author\":{\"name\":\"galledia\",\"@id\":\"https:\\\/\\\/www.organisator.ch\\\/#\\\/schema\\\/person\\\/4e51799071cd2dd1232ac003643ef5f0\"},\"headline\":\"Arbeitsunf\u00e4lle sinken weiter \u2013 Freizeitunf\u00e4lle auf dem Vormarsch\",\"datePublished\":\"2026-04-22T08:17:15+00:00\",\"dateModified\":\"2026-04-24T07:49:16+00:00\",\"mainEntityOfPage\":{\"@id\":\"https:\\\/\\\/www.organisator.ch\\\/human-resources\\\/2026-04-22\\\/arbeitsunfaelle-sinken-weiter-freizeitunfaelle-auf-dem-vormarsch\\\/\"},\"wordCount\":451,\"publisher\":{\"@id\":\"https:\\\/\\\/www.organisator.ch\\\/#organization\"},\"image\":{\"@id\":\"https:\\\/\\\/www.organisator.ch\\\/human-resources\\\/2026-04-22\\\/arbeitsunfaelle-sinken-weiter-freizeitunfaelle-auf-dem-vormarsch\\\/#primaryimage\"},\"thumbnailUrl\":\"https:\\\/\\\/www.m-q.ch\\\/wp-content\\\/uploads\\\/2026\\\/04\\\/Arbeitsunfaelle-sinken-weiter-%E2%80%93-Freizeitunfaelle-auf-dem-Vormarsch_MQ.png\",\"keywords\":[\"Arbeitssicherheit\",\"HRM\",\"Risikomanagement\",\"SUVA\",\"Unfallstatistik\"],\"articleSection\":[\"HUMAN RESOURCES\"],\"inLanguage\":\"en-US\"},{\"@type\":\"WebPage\",\"@id\":\"https:\\\/\\\/www.organisator.ch\\\/human-resources\\\/2026-04-22\\\/arbeitsunfaelle-sinken-weiter-freizeitunfaelle-auf-dem-vormarsch\\\/\",\"url\":\"https:\\\/\\\/www.organisator.ch\\\/human-resources\\\/2026-04-22\\\/arbeitsunfaelle-sinken-weiter-freizeitunfaelle-auf-dem-vormarsch\\\/\",\"name\":\"Arbeitsunf\u00e4lle sinken weiter \u2013 Freizeitunf\u00e4lle auf dem Vormarsch - Organisator\",\"isPartOf\":{\"@id\":\"https:\\\/\\\/www.organisator.ch\\\/#website\"},\"primaryImageOfPage\":{\"@id\":\"https:\\\/\\\/www.organisator.ch\\\/human-resources\\\/2026-04-22\\\/arbeitsunfaelle-sinken-weiter-freizeitunfaelle-auf-dem-vormarsch\\\/#primaryimage\"},\"image\":{\"@id\":\"https:\\\/\\\/www.organisator.ch\\\/human-resources\\\/2026-04-22\\\/arbeitsunfaelle-sinken-weiter-freizeitunfaelle-auf-dem-vormarsch\\\/#primaryimage\"},\"thumbnailUrl\":\"https:\\\/\\\/www.m-q.ch\\\/wp-content\\\/uploads\\\/2026\\\/04\\\/Arbeitsunfaelle-sinken-weiter-%E2%80%93-Freizeitunfaelle-auf-dem-Vormarsch_MQ.png\",\"datePublished\":\"2026-04-22T08:17:15+00:00\",\"dateModified\":\"2026-04-24T07:49:16+00:00\",\"description\":\"W\u00e4hrend die Arbeitsunf\u00e4lle und Berufskrankheiten weiter zur\u00fcckgingen, nahmen gem\u00e4ss Suva-Statistik die Freizeitunf\u00e4lle um fast 3 Prozent zu.\",\"breadcrumb\":{\"@id\":\"https:\\\/\\\/www.organisator.ch\\\/human-resources\\\/2026-04-22\\\/arbeitsunfaelle-sinken-weiter-freizeitunfaelle-auf-dem-vormarsch\\\/#breadcrumb\"},\"inLanguage\":\"en-US\",\"potentialAction\":[{\"@type\":\"ReadAction\",\"target\":[\"https:\\\/\\\/www.organisator.ch\\\/human-resources\\\/2026-04-22\\\/arbeitsunfaelle-sinken-weiter-freizeitunfaelle-auf-dem-vormarsch\\\/\"]}]},{\"@type\":\"ImageObject\",\"inLanguage\":\"en-US\",\"@id\":\"https:\\\/\\\/www.organisator.ch\\\/human-resources\\\/2026-04-22\\\/arbeitsunfaelle-sinken-weiter-freizeitunfaelle-auf-dem-vormarsch\\\/#primaryimage\",\"url\":\"https:\\\/\\\/www.m-q.ch\\\/wp-content\\\/uploads\\\/2026\\\/04\\\/Arbeitsunfaelle-sinken-weiter-%E2%80%93-Freizeitunfaelle-auf-dem-Vormarsch_MQ.png\",\"contentUrl\":\"https:\\\/\\\/www.m-q.ch\\\/wp-content\\\/uploads\\\/2026\\\/04\\\/Arbeitsunfaelle-sinken-weiter-%E2%80%93-Freizeitunfaelle-auf-dem-Vormarsch_MQ.png\"},{\"@type\":\"BreadcrumbList\",\"@id\":\"https:\\\/\\\/www.organisator.ch\\\/human-resources\\\/2026-04-22\\\/arbeitsunfaelle-sinken-weiter-freizeitunfaelle-auf-dem-vormarsch\\\/#breadcrumb\",\"itemListElement\":[{\"@type\":\"ListItem\",\"position\":1,\"name\":\"Home\",\"item\":\"https:\\\/\\\/www.organisator.ch\\\/\"},{\"@type\":\"ListItem\",\"position\":2,\"name\":\"Arbeitsunf\u00e4lle sinken weiter \u2013 Freizeitunf\u00e4lle auf dem Vormarsch\"}]},{\"@type\":\"WebSite\",\"@id\":\"https:\\\/\\\/www.organisator.ch\\\/#website\",\"url\":\"https:\\\/\\\/www.organisator.ch\\\/\",\"name\":\"Organisator\",\"description\":\"Kompetent. Praxisnah. Der ORGANISATOR bereitet in 10 Ausgaben pro Jahr die wesentlichen Themen f\u00fcr F\u00fchrungskr\u00e4fte von KMU auf.\",\"publisher\":{\"@id\":\"https:\\\/\\\/www.organisator.ch\\\/#organization\"},\"potentialAction\":[{\"@type\":\"SearchAction\",\"target\":{\"@type\":\"EntryPoint\",\"urlTemplate\":\"https:\\\/\\\/www.organisator.ch\\\/?s={search_term_string}\"},\"query-input\":{\"@type\":\"PropertyValueSpecification\",\"valueRequired\":true,\"valueName\":\"search_term_string\"}}],\"inLanguage\":\"en-US\"},{\"@type\":\"Organization\",\"@id\":\"https:\\\/\\\/www.organisator.ch\\\/#organization\",\"name\":\"Organisator\",\"url\":\"https:\\\/\\\/www.organisator.ch\\\/\",\"logo\":{\"@type\":\"ImageObject\",\"inLanguage\":\"en-US\",\"@id\":\"https:\\\/\\\/www.organisator.ch\\\/#\\\/schema\\\/logo\\\/image\\\/\",\"url\":\"https:\\\/\\\/www.organisator.ch\\\/wp-content\\\/uploads\\\/2022\\\/01\\\/Logo_Organisator_Website.png\",\"contentUrl\":\"https:\\\/\\\/www.organisator.ch\\\/wp-content\\\/uploads\\\/2022\\\/01\\\/Logo_Organisator_Website.png\",\"width\":800,\"height\":77,\"caption\":\"Organisator\"},\"image\":{\"@id\":\"https:\\\/\\\/www.organisator.ch\\\/#\\\/schema\\\/logo\\\/image\\\/\"},\"sameAs\":[\"https:\\\/\\\/www.facebook.com\\\/OrganisatorFachmagazin\",\"https:\\\/\\\/www.linkedin.com\\\/showcase\\\/organisator-das-magazin-fr-kmu\",\"https:\\\/\\\/www.xing.com\\\/news\\\/pages\\\/organisator-ch-695\",\"https:\\\/\\\/www.youtube.com\\\/channel\\\/UCGP2Sq0iWaZwT3BdIAQFYpw\"]},{\"@type\":\"Person\",\"@id\":\"https:\\\/\\\/www.organisator.ch\\\/#\\\/schema\\\/person\\\/4e51799071cd2dd1232ac003643ef5f0\",\"name\":\"galledia\",\"image\":{\"@type\":\"ImageObject\",\"inLanguage\":\"en-US\",\"@id\":\"https:\\\/\\\/secure.gravatar.com\\\/avatar\\\/78a7f90c01fc2bfc875782a0d4922b37cde2cf184ce347b91316d23cd7f69a36?s=96&d=mm&r=g\",\"url\":\"https:\\\/\\\/secure.gravatar.com\\\/avatar\\\/78a7f90c01fc2bfc875782a0d4922b37cde2cf184ce347b91316d23cd7f69a36?s=96&d=mm&r=g\",\"contentUrl\":\"https:\\\/\\\/secure.gravatar.com\\\/avatar\\\/78a7f90c01fc2bfc875782a0d4922b37cde2cf184ce347b91316d23cd7f69a36?s=96&d=mm&r=g\",\"caption\":\"galledia\"},\"sameAs\":[\"https:\\\/\\\/x.com\\\/admin\"],\"url\":\"https:\\\/\\\/www.organisator.ch\\\/en\\\/author\\\/galledia\\\/\"}]}<\/script>\n<!-- \/ Yoast SEO plugin. -->","yoast_head_json":{"title":"Work accidents continue to fall - leisure accidents on the rise - Organizer","description":"While accidents at work and occupational illnesses continued to fall, leisure accidents increased by almost 3 percent according to Suva statistics.","robots":{"index":"index","follow":"follow","max-snippet":"max-snippet:-1","max-image-preview":"max-image-preview:large","max-video-preview":"max-video-preview:-1"},"canonical":"https:\/\/www.organisator.ch\/en\/human-resources\/2026-04-22\/arbeitsunfaelle-sinken-weiter-freizeitunfaelle-auf-dem-vormarsch\/","og_locale":"en_US","og_type":"article","og_title":"Arbeitsunf\u00e4lle sinken weiter \u2013 Freizeitunf\u00e4lle auf dem Vormarsch - Organisator","og_description":"W\u00e4hrend die Arbeitsunf\u00e4lle und Berufskrankheiten weiter zur\u00fcckgingen, nahmen gem\u00e4ss Suva-Statistik die Freizeitunf\u00e4lle um fast 3 Prozent zu.","og_url":"https:\/\/www.organisator.ch\/en\/human-resources\/2026-04-22\/arbeitsunfaelle-sinken-weiter-freizeitunfaelle-auf-dem-vormarsch\/","og_site_name":"Organisator","article_publisher":"https:\/\/www.facebook.com\/OrganisatorFachmagazin","article_published_time":"2026-04-22T08:17:15+00:00","article_modified_time":"2026-04-24T07:49:16+00:00","og_image":[{"width":680,"height":455,"url":"https:\/\/www.organisator.ch\/wp-content\/uploads\/2023\/10\/Simon-Kucher_Bild1_ps.jpg","type":"image\/jpeg"}],"author":"galledia","twitter_card":"summary_large_image","twitter_creator":"@admin","schema":{"@context":"https:\/\/schema.org","@graph":[{"@type":"Article","@id":"https:\/\/www.organisator.ch\/human-resources\/2026-04-22\/arbeitsunfaelle-sinken-weiter-freizeitunfaelle-auf-dem-vormarsch\/#article","isPartOf":{"@id":"https:\/\/www.organisator.ch\/human-resources\/2026-04-22\/arbeitsunfaelle-sinken-weiter-freizeitunfaelle-auf-dem-vormarsch\/"},"author":{"name":"galledia","@id":"https:\/\/www.organisator.ch\/#\/schema\/person\/4e51799071cd2dd1232ac003643ef5f0"},"headline":"Arbeitsunf\u00e4lle sinken weiter \u2013 Freizeitunf\u00e4lle auf dem Vormarsch","datePublished":"2026-04-22T08:17:15+00:00","dateModified":"2026-04-24T07:49:16+00:00","mainEntityOfPage":{"@id":"https:\/\/www.organisator.ch\/human-resources\/2026-04-22\/arbeitsunfaelle-sinken-weiter-freizeitunfaelle-auf-dem-vormarsch\/"},"wordCount":451,"publisher":{"@id":"https:\/\/www.organisator.ch\/#organization"},"image":{"@id":"https:\/\/www.organisator.ch\/human-resources\/2026-04-22\/arbeitsunfaelle-sinken-weiter-freizeitunfaelle-auf-dem-vormarsch\/#primaryimage"},"thumbnailUrl":"https:\/\/www.m-q.ch\/wp-content\/uploads\/2026\/04\/Arbeitsunfaelle-sinken-weiter-%E2%80%93-Freizeitunfaelle-auf-dem-Vormarsch_MQ.png","keywords":["Arbeitssicherheit","HRM","Risikomanagement","SUVA","Unfallstatistik"],"articleSection":["HUMAN RESOURCES"],"inLanguage":"en-US"},{"@type":"WebPage","@id":"https:\/\/www.organisator.ch\/human-resources\/2026-04-22\/arbeitsunfaelle-sinken-weiter-freizeitunfaelle-auf-dem-vormarsch\/","url":"https:\/\/www.organisator.ch\/human-resources\/2026-04-22\/arbeitsunfaelle-sinken-weiter-freizeitunfaelle-auf-dem-vormarsch\/","name":"Work accidents continue to fall - leisure accidents on the rise - Organizer","isPartOf":{"@id":"https:\/\/www.organisator.ch\/#website"},"primaryImageOfPage":{"@id":"https:\/\/www.organisator.ch\/human-resources\/2026-04-22\/arbeitsunfaelle-sinken-weiter-freizeitunfaelle-auf-dem-vormarsch\/#primaryimage"},"image":{"@id":"https:\/\/www.organisator.ch\/human-resources\/2026-04-22\/arbeitsunfaelle-sinken-weiter-freizeitunfaelle-auf-dem-vormarsch\/#primaryimage"},"thumbnailUrl":"https:\/\/www.m-q.ch\/wp-content\/uploads\/2026\/04\/Arbeitsunfaelle-sinken-weiter-%E2%80%93-Freizeitunfaelle-auf-dem-Vormarsch_MQ.png","datePublished":"2026-04-22T08:17:15+00:00","dateModified":"2026-04-24T07:49:16+00:00","description":"While accidents at work and occupational illnesses continued to fall, leisure accidents increased by almost 3 percent according to Suva statistics.","breadcrumb":{"@id":"https:\/\/www.organisator.ch\/human-resources\/2026-04-22\/arbeitsunfaelle-sinken-weiter-freizeitunfaelle-auf-dem-vormarsch\/#breadcrumb"},"inLanguage":"en-US","potentialAction":[{"@type":"ReadAction","target":["https:\/\/www.organisator.ch\/human-resources\/2026-04-22\/arbeitsunfaelle-sinken-weiter-freizeitunfaelle-auf-dem-vormarsch\/"]}]},{"@type":"ImageObject","inLanguage":"en-US","@id":"https:\/\/www.organisator.ch\/human-resources\/2026-04-22\/arbeitsunfaelle-sinken-weiter-freizeitunfaelle-auf-dem-vormarsch\/#primaryimage","url":"https:\/\/www.m-q.ch\/wp-content\/uploads\/2026\/04\/Arbeitsunfaelle-sinken-weiter-%E2%80%93-Freizeitunfaelle-auf-dem-Vormarsch_MQ.png","contentUrl":"https:\/\/www.m-q.ch\/wp-content\/uploads\/2026\/04\/Arbeitsunfaelle-sinken-weiter-%E2%80%93-Freizeitunfaelle-auf-dem-Vormarsch_MQ.png"},{"@type":"BreadcrumbList","@id":"https:\/\/www.organisator.ch\/human-resources\/2026-04-22\/arbeitsunfaelle-sinken-weiter-freizeitunfaelle-auf-dem-vormarsch\/#breadcrumb","itemListElement":[{"@type":"ListItem","position":1,"name":"Home","item":"https:\/\/www.organisator.ch\/"},{"@type":"ListItem","position":2,"name":"Arbeitsunf\u00e4lle sinken weiter \u2013 Freizeitunf\u00e4lle auf dem Vormarsch"}]},{"@type":"WebSite","@id":"https:\/\/www.organisator.ch\/#website","url":"https:\/\/www.organisator.ch\/","name":"Organizer","description":"Competent. Practical. In 10 issues per year, ORGANISATOR presents the essential topics for managers of SMEs.","publisher":{"@id":"https:\/\/www.organisator.ch\/#organization"},"potentialAction":[{"@type":"SearchAction","target":{"@type":"EntryPoint","urlTemplate":"https:\/\/www.organisator.ch\/?s={search_term_string}"},"query-input":{"@type":"PropertyValueSpecification","valueRequired":true,"valueName":"search_term_string"}}],"inLanguage":"en-US"},{"@type":"Organization","@id":"https:\/\/www.organisator.ch\/#organization","name":"Organizer","url":"https:\/\/www.organisator.ch\/","logo":{"@type":"ImageObject","inLanguage":"en-US","@id":"https:\/\/www.organisator.ch\/#\/schema\/logo\/image\/","url":"https:\/\/www.organisator.ch\/wp-content\/uploads\/2022\/01\/Logo_Organisator_Website.png","contentUrl":"https:\/\/www.organisator.ch\/wp-content\/uploads\/2022\/01\/Logo_Organisator_Website.png","width":800,"height":77,"caption":"Organisator"},"image":{"@id":"https:\/\/www.organisator.ch\/#\/schema\/logo\/image\/"},"sameAs":["https:\/\/www.facebook.com\/OrganisatorFachmagazin","https:\/\/www.linkedin.com\/showcase\/organisator-das-magazin-fr-kmu","https:\/\/www.xing.com\/news\/pages\/organisator-ch-695","https:\/\/www.youtube.com\/channel\/UCGP2Sq0iWaZwT3BdIAQFYpw"]},{"@type":"Person","@id":"https:\/\/www.organisator.ch\/#\/schema\/person\/4e51799071cd2dd1232ac003643ef5f0","name":"galledia","image":{"@type":"ImageObject","inLanguage":"en-US","@id":"https:\/\/secure.gravatar.com\/avatar\/78a7f90c01fc2bfc875782a0d4922b37cde2cf184ce347b91316d23cd7f69a36?s=96&d=mm&r=g","url":"https:\/\/secure.gravatar.com\/avatar\/78a7f90c01fc2bfc875782a0d4922b37cde2cf184ce347b91316d23cd7f69a36?s=96&d=mm&r=g","contentUrl":"https:\/\/secure.gravatar.com\/avatar\/78a7f90c01fc2bfc875782a0d4922b37cde2cf184ce347b91316d23cd7f69a36?s=96&d=mm&r=g","caption":"galledia"},"sameAs":["https:\/\/x.com\/admin"],"url":"https:\/\/www.organisator.ch\/en\/author\/galledia\/"}]}},"_links":{"self":[{"href":"https:\/\/www.organisator.ch\/en\/wp-json\/wp\/v2\/posts\/47922","targetHints":{"allow":["GET"]}}],"collection":[{"href":"https:\/\/www.organisator.ch\/en\/wp-json\/wp\/v2\/posts"}],"about":[{"href":"https:\/\/www.organisator.ch\/en\/wp-json\/wp\/v2\/types\/post"}],"author":[{"embeddable":true,"href":"https:\/\/www.organisator.ch\/en\/wp-json\/wp\/v2\/users\/8"}],"replies":[{"embeddable":true,"href":"https:\/\/www.organisator.ch\/en\/wp-json\/wp\/v2\/comments?post=47922"}],"version-history":[{"count":5,"href":"https:\/\/www.organisator.ch\/en\/wp-json\/wp\/v2\/posts\/47922\/revisions"}],"predecessor-version":[{"id":47933,"href":"https:\/\/www.organisator.ch\/en\/wp-json\/wp\/v2\/posts\/47922\/revisions\/47933"}],"wp:attachment":[{"href":"https:\/\/www.organisator.ch\/en\/wp-json\/wp\/v2\/media?parent=47922"}],"wp:term":[{"taxonomy":"category","embeddable":true,"href":"https:\/\/www.organisator.ch\/en\/wp-json\/wp\/v2\/categories?post=47922"},{"taxonomy":"post_tag","embeddable":true,"href":"https:\/\/www.organisator.ch\/en\/wp-json\/wp\/v2\/tags?post=47922"}],"curies":[{"name":"wp","href":"https:\/\/api.w.org\/{rel}","templated":true}]}}