{"id":47994,"date":"2026-04-23T15:22:00","date_gmt":"2026-04-23T13:22:00","guid":{"rendered":"https:\/\/www.organisator.ch\/?p=47994"},"modified":"2026-04-23T15:22:00","modified_gmt":"2026-04-23T13:22:00","slug":"pfas-forward-action-summit-handeln-statt-abwarten","status":"publish","type":"post","link":"https:\/\/www.organisator.ch\/en\/sustainability\/2026-04-23\/pfas-forward-action-summit-handeln-statt-abwarten\/","title":{"rendered":"PFAS Forward Action Summit: Act instead of wait and see"},"content":{"rendered":"<figure id=\"attachment_47995\" aria-describedby=\"caption-attachment-47995\" style=\"width: 680px\" class=\"wp-caption alignnone\"><img loading=\"lazy\" decoding=\"async\" class=\"size-full wp-image-47995\" src=\"https:\/\/www.organisator.ch\/wp-content\/uploads\/2026\/04\/PFAS-Summit-Handeln-statt-abwarten-1_Organisator.jpg\" alt=\"\" width=\"680\" height=\"510\" srcset=\"https:\/\/www.organisator.ch\/wp-content\/uploads\/2026\/04\/PFAS-Summit-Handeln-statt-abwarten-1_Organisator.jpg 680w, https:\/\/www.organisator.ch\/wp-content\/uploads\/2026\/04\/PFAS-Summit-Handeln-statt-abwarten-1_Organisator-16x12.jpg 16w, https:\/\/www.organisator.ch\/wp-content\/uploads\/2026\/04\/PFAS-Summit-Handeln-statt-abwarten-1_Organisator-375x281.jpg 375w, https:\/\/www.organisator.ch\/wp-content\/uploads\/2026\/04\/PFAS-Summit-Handeln-statt-abwarten-1_Organisator-467x350.jpg 467w\" sizes=\"auto, (max-width: 680px) 100vw, 680px\" \/><figcaption id=\"caption-attachment-47995\" class=\"wp-caption-text\">Dr. Fajer Mushtaq opens the PFAS Forward Action Summit 2026 (Image: Daniel Kunz, Adliswil Switzerland)<\/figcaption><\/figure>\n<p>When dealing with PFAS, waiting is no longer an option. Instead of waiting for complete scientific or regulatory clarity, solutions must be implemented with the means available today. This conclusion was the focus of the \u00abPFAS Forward Action Summit\u00bb, which was organized by the Swiss cleantech company\u00a0<a href=\"https:\/\/oxyle.com\/\" target=\"_blank\" rel=\"noopener\">Oxyls<\/a> (here our <a href=\"https:\/\/www.organisator.ch\/de\/sustainability\/2026-04-22\/wasser-ist-eine-herzensangelegenheit\/\">Interview with co-founder Dr. Fajer Mushtaq<\/a>, paid articles) recently brought together around 100 experts from all over Europe.<\/p>\n<h3>PFAS: Eight million different chemical compounds<\/h3>\n<p>A key topic was the growing importance of substances that have received little attention to date. Dr. Hans Peter Arp (Norwegian Geotechnical Institute \/ NTNU) presented current research on trifluoroacetic acid (TFA) - an ultra-short-chain PFAS compound that is increasingly becoming the focus of research and practice due to its high mobility and persistence.<\/p>\n<p>Dr. Emma Schymanski (University of Luxembourg) illustrated just how big the challenge really is: \"Based on the OECD definition, more than eight million potential PFAS can be identified in chemical databases such as PubChem - significantly more than the individual substances frequently discussed to date.<\/p>\n<p>The regulatory picture also remains complex. Stefan Voorspoels (VITO) and El\u00e9onore Mullier (Steptoe) described a European regulation that is gaining momentum but remains fragmented. Although the REACH restriction process provides orientation, it also increases the complexity for companies that already have to make investment and technology decisions today. This tension between political ambition and practical implementation is characteristic of the current PFAS debate in Europe.<\/p>\n<h3>Regulation and traceability necessary<\/h3>\n<p>In the midst of all these developments - advancing science, new substances, changing regulation - the question arises: how can informed treatment decisions be made today? A panel discussion with Jeroen De Lathouwer (npower), Jessica Middlemiss (Puraffinity), Yannick Severin (Nijhuis Saur Industries) and Silvan Staufert (Oxyle) addressed this very issue: how to define site-specific requirements, what criteria to consider when selecting treatment approaches and how to make robust decisions in a field where options continue to proliferate. According to Kelly Thompson (Global Water Intelligence), there is also a significant acceleration of investment on the horizon, making such structured assessment more important than ever.<\/p>\n<figure id=\"attachment_47996\" aria-describedby=\"caption-attachment-47996\" style=\"width: 680px\" class=\"wp-caption alignnone\"><img loading=\"lazy\" decoding=\"async\" class=\"size-full wp-image-47996\" src=\"https:\/\/www.organisator.ch\/wp-content\/uploads\/2026\/04\/PFAS-Summit-Handeln-statt-abwarten-2_Organisator.jpg\" alt=\"\" width=\"680\" height=\"463\" srcset=\"https:\/\/www.organisator.ch\/wp-content\/uploads\/2026\/04\/PFAS-Summit-Handeln-statt-abwarten-2_Organisator.jpg 680w, https:\/\/www.organisator.ch\/wp-content\/uploads\/2026\/04\/PFAS-Summit-Handeln-statt-abwarten-2_Organisator-18x12.jpg 18w, https:\/\/www.organisator.ch\/wp-content\/uploads\/2026\/04\/PFAS-Summit-Handeln-statt-abwarten-2_Organisator-375x255.jpg 375w, https:\/\/www.organisator.ch\/wp-content\/uploads\/2026\/04\/PFAS-Summit-Handeln-statt-abwarten-2_Organisator-514x350.jpg 514w\" sizes=\"auto, (max-width: 680px) 100vw, 680px\" \/><figcaption id=\"caption-attachment-47996\" class=\"wp-caption-text\">Panel discussion on the question: How can informed decisions on the treatment of PFAS be made today? (Picture: Daniel Kunz, Adliswil Switzerland)<\/figcaption><\/figure>\n<p>Zachary Neigh (AECOM) showed how PFAS chemometrics is increasingly becoming a powerful tool for identifying and tracing sources of contamination. Practical examples from Dr. Marcel Riegel (TZW DVGW-Technologiezentrum Wasser) and Fr\u00e9d\u00e9ric Rondeau (Swiss Federal Roads Office FEDRO) illustrated how greatly contamination scenarios can differ - and that no site can be treated according to a uniform approach.<\/p>\n<p>In a concluding discussion between Dirk Nuyens (ERM) and Dr. Fajer Mushtaq (CEO and co-founder of Oxyle), the key finding of the day was reaffirmed: Waiting does not reduce risks, in many cases it actually increases them. \u00abEveryone comes at the topic of PFAS from different perspectives - but what unites everyone in this room is the clear will to solve the problem. There is a special power in bringing all parts of this ecosystem together, learning from each other and building on each other. This is exactly what we wanted to create space for - and this is exactly why we will continue to drive this dialog forward,\u00bb said Fajer Mushtaq, summing up the conference.\u00a0<\/p>\n<p><em>Source and further information: <a href=\"https:\/\/oxyle.com\/\">Oxyls<\/a><\/em><\/p>","protected":false},"excerpt":{"rendered":"<p>The PFAS Forward Action Summit took place in Zurich on March 25, 2026. Representatives from science, industry, regulation and technology discussed how concrete progress can already be made in containing PFAS despite dynamic developments.<\/p>","protected":false},"author":4,"featured_media":47995,"comment_status":"closed","ping_status":"closed","sticky":false,"template":"","format":"standard","meta":{"_acf_changed":false,"_yoast_wpseo_focuskw":"PFAS Forward Action Summit","_yoast_wpseo_metadesc":"Vertreterinnen und Vertreter aus Wissenschaft, Industrie und Beh\u00f6rden diskutierten am 25. M\u00e4rz am PFAS Forward Action Summit.","articlekey":"","footnotes":""},"categories":[580],"tags":[193,218,5118,2383],"class_list":["post-47994","post","type-post","status-publish","format-standard","has-post-thumbnail","hentry","category-sustainability","tag-fachkongressfachmesse","tag-forschung","tag-pfas","tag-umwelttechnik"],"acf":[],"yoast_head":"<!-- This site is optimized with the Yoast SEO plugin v27.5 - https:\/\/yoast.com\/product\/yoast-seo-wordpress\/ -->\n<title>PFAS Forward Action Summit: Handeln statt abwarten - Organisator<\/title>\n<meta name=\"description\" content=\"Vertreterinnen und Vertreter aus Wissenschaft, Industrie und Beh\u00f6rden diskutierten am 25. M\u00e4rz am PFAS Forward Action Summit.\" \/>\n<meta name=\"robots\" content=\"index, follow, max-snippet:-1, max-image-preview:large, max-video-preview:-1\" \/>\n<link rel=\"canonical\" href=\"https:\/\/www.organisator.ch\/en\/sustainability\/2026-04-23\/pfas-forward-action-summit-handeln-statt-abwarten\/\" \/>\n<meta property=\"og:locale\" content=\"en_US\" \/>\n<meta property=\"og:type\" content=\"article\" \/>\n<meta property=\"og:title\" content=\"PFAS Forward Action Summit: Handeln statt abwarten\" \/>\n<meta property=\"og:description\" content=\"Vertreterinnen und Vertreter aus Wissenschaft, Industrie und Beh\u00f6rden diskutierten am 25. M\u00e4rz am PFAS Forward Action Summit.\" \/>\n<meta property=\"og:url\" content=\"https:\/\/www.organisator.ch\/en\/sustainability\/2026-04-23\/pfas-forward-action-summit-handeln-statt-abwarten\/\" \/>\n<meta property=\"og:site_name\" content=\"Organisator\" \/>\n<meta property=\"article:publisher\" content=\"https:\/\/www.facebook.com\/OrganisatorFachmagazin\" \/>\n<meta property=\"article:published_time\" content=\"2026-04-23T13:22:00+00:00\" \/>\n<meta property=\"og:image\" content=\"https:\/\/www.organisator.ch\/wp-content\/uploads\/2026\/04\/PFAS-Summit-Handeln-statt-abwarten-1_Organisator.jpg\" \/>\n\t<meta property=\"og:image:width\" content=\"680\" \/>\n\t<meta property=\"og:image:height\" content=\"510\" \/>\n\t<meta property=\"og:image:type\" content=\"image\/jpeg\" \/>\n<meta name=\"author\" content=\"thomas.berner\" \/>\n<meta name=\"twitter:card\" content=\"summary_large_image\" \/>\n<meta name=\"twitter:title\" content=\"#PFAS Forward Action Summit: Handeln statt abwarten\" \/>\n<meta name=\"twitter:description\" content=\"Vertreterinnen und Vertreter aus #Wissenschaft, #Industrie und Beh\u00f6rden diskutierten am 25. M\u00e4rz am #PFAS Forward Action Summit.\" \/>\n<meta name=\"twitter:image\" content=\"https:\/\/www.organisator.ch\/wp-content\/uploads\/2026\/04\/PFAS-Summit-Handeln-statt-abwarten-1_Organisator.jpg\" \/>\n<script type=\"application\/ld+json\" class=\"yoast-schema-graph\">{\"@context\":\"https:\\\/\\\/schema.org\",\"@graph\":[{\"@type\":\"Article\",\"@id\":\"https:\\\/\\\/www.organisator.ch\\\/sustainability\\\/2026-04-23\\\/pfas-forward-action-summit-handeln-statt-abwarten\\\/#article\",\"isPartOf\":{\"@id\":\"https:\\\/\\\/www.organisator.ch\\\/sustainability\\\/2026-04-23\\\/pfas-forward-action-summit-handeln-statt-abwarten\\\/\"},\"author\":{\"name\":\"thomas.berner\",\"@id\":\"https:\\\/\\\/www.organisator.ch\\\/#\\\/schema\\\/person\\\/6f650f90b2842cd4c0cc334b4e36f67e\"},\"headline\":\"PFAS Forward Action Summit: Handeln statt abwarten\",\"datePublished\":\"2026-04-23T13:22:00+00:00\",\"mainEntityOfPage\":{\"@id\":\"https:\\\/\\\/www.organisator.ch\\\/sustainability\\\/2026-04-23\\\/pfas-forward-action-summit-handeln-statt-abwarten\\\/\"},\"wordCount\":567,\"publisher\":{\"@id\":\"https:\\\/\\\/www.organisator.ch\\\/#organization\"},\"image\":{\"@id\":\"https:\\\/\\\/www.organisator.ch\\\/sustainability\\\/2026-04-23\\\/pfas-forward-action-summit-handeln-statt-abwarten\\\/#primaryimage\"},\"thumbnailUrl\":\"https:\\\/\\\/www.organisator.ch\\\/wp-content\\\/uploads\\\/2026\\\/04\\\/PFAS-Summit-Handeln-statt-abwarten-1_Organisator.jpg\",\"keywords\":[\"Fachkongress\\\/Fachmesse\",\"Forschung\",\"PFAS\",\"Umwelttechnik\"],\"articleSection\":[\"SUSTAINABILITY\"],\"inLanguage\":\"en-US\"},{\"@type\":\"WebPage\",\"@id\":\"https:\\\/\\\/www.organisator.ch\\\/sustainability\\\/2026-04-23\\\/pfas-forward-action-summit-handeln-statt-abwarten\\\/\",\"url\":\"https:\\\/\\\/www.organisator.ch\\\/sustainability\\\/2026-04-23\\\/pfas-forward-action-summit-handeln-statt-abwarten\\\/\",\"name\":\"PFAS Forward Action Summit: Handeln statt abwarten - Organisator\",\"isPartOf\":{\"@id\":\"https:\\\/\\\/www.organisator.ch\\\/#website\"},\"primaryImageOfPage\":{\"@id\":\"https:\\\/\\\/www.organisator.ch\\\/sustainability\\\/2026-04-23\\\/pfas-forward-action-summit-handeln-statt-abwarten\\\/#primaryimage\"},\"image\":{\"@id\":\"https:\\\/\\\/www.organisator.ch\\\/sustainability\\\/2026-04-23\\\/pfas-forward-action-summit-handeln-statt-abwarten\\\/#primaryimage\"},\"thumbnailUrl\":\"https:\\\/\\\/www.organisator.ch\\\/wp-content\\\/uploads\\\/2026\\\/04\\\/PFAS-Summit-Handeln-statt-abwarten-1_Organisator.jpg\",\"datePublished\":\"2026-04-23T13:22:00+00:00\",\"description\":\"Vertreterinnen und Vertreter aus Wissenschaft, Industrie und Beh\u00f6rden diskutierten am 25. M\u00e4rz am PFAS Forward Action Summit.\",\"breadcrumb\":{\"@id\":\"https:\\\/\\\/www.organisator.ch\\\/sustainability\\\/2026-04-23\\\/pfas-forward-action-summit-handeln-statt-abwarten\\\/#breadcrumb\"},\"inLanguage\":\"en-US\",\"potentialAction\":[{\"@type\":\"ReadAction\",\"target\":[\"https:\\\/\\\/www.organisator.ch\\\/sustainability\\\/2026-04-23\\\/pfas-forward-action-summit-handeln-statt-abwarten\\\/\"]}]},{\"@type\":\"ImageObject\",\"inLanguage\":\"en-US\",\"@id\":\"https:\\\/\\\/www.organisator.ch\\\/sustainability\\\/2026-04-23\\\/pfas-forward-action-summit-handeln-statt-abwarten\\\/#primaryimage\",\"url\":\"https:\\\/\\\/www.organisator.ch\\\/wp-content\\\/uploads\\\/2026\\\/04\\\/PFAS-Summit-Handeln-statt-abwarten-1_Organisator.jpg\",\"contentUrl\":\"https:\\\/\\\/www.organisator.ch\\\/wp-content\\\/uploads\\\/2026\\\/04\\\/PFAS-Summit-Handeln-statt-abwarten-1_Organisator.jpg\",\"width\":680,\"height\":510,\"caption\":\"Dr. Fajer Mushtaq er\u00f6ffnet den PFAS Forward Action Summit 2026. (Bild: Daniel Kunz, Adliswil Switzerland)\"},{\"@type\":\"BreadcrumbList\",\"@id\":\"https:\\\/\\\/www.organisator.ch\\\/sustainability\\\/2026-04-23\\\/pfas-forward-action-summit-handeln-statt-abwarten\\\/#breadcrumb\",\"itemListElement\":[{\"@type\":\"ListItem\",\"position\":1,\"name\":\"Home\",\"item\":\"https:\\\/\\\/www.organisator.ch\\\/\"},{\"@type\":\"ListItem\",\"position\":2,\"name\":\"PFAS Forward Action Summit: Handeln statt abwarten\"}]},{\"@type\":\"WebSite\",\"@id\":\"https:\\\/\\\/www.organisator.ch\\\/#website\",\"url\":\"https:\\\/\\\/www.organisator.ch\\\/\",\"name\":\"Organisator\",\"description\":\"Kompetent. Praxisnah. Der ORGANISATOR bereitet in 10 Ausgaben pro Jahr die wesentlichen Themen f\u00fcr F\u00fchrungskr\u00e4fte von KMU auf.\",\"publisher\":{\"@id\":\"https:\\\/\\\/www.organisator.ch\\\/#organization\"},\"potentialAction\":[{\"@type\":\"SearchAction\",\"target\":{\"@type\":\"EntryPoint\",\"urlTemplate\":\"https:\\\/\\\/www.organisator.ch\\\/?s={search_term_string}\"},\"query-input\":{\"@type\":\"PropertyValueSpecification\",\"valueRequired\":true,\"valueName\":\"search_term_string\"}}],\"inLanguage\":\"en-US\"},{\"@type\":\"Organization\",\"@id\":\"https:\\\/\\\/www.organisator.ch\\\/#organization\",\"name\":\"Organisator\",\"url\":\"https:\\\/\\\/www.organisator.ch\\\/\",\"logo\":{\"@type\":\"ImageObject\",\"inLanguage\":\"en-US\",\"@id\":\"https:\\\/\\\/www.organisator.ch\\\/#\\\/schema\\\/logo\\\/image\\\/\",\"url\":\"https:\\\/\\\/www.organisator.ch\\\/wp-content\\\/uploads\\\/2022\\\/01\\\/Logo_Organisator_Website.png\",\"contentUrl\":\"https:\\\/\\\/www.organisator.ch\\\/wp-content\\\/uploads\\\/2022\\\/01\\\/Logo_Organisator_Website.png\",\"width\":800,\"height\":77,\"caption\":\"Organisator\"},\"image\":{\"@id\":\"https:\\\/\\\/www.organisator.ch\\\/#\\\/schema\\\/logo\\\/image\\\/\"},\"sameAs\":[\"https:\\\/\\\/www.facebook.com\\\/OrganisatorFachmagazin\",\"https:\\\/\\\/www.linkedin.com\\\/showcase\\\/organisator-das-magazin-fr-kmu\",\"https:\\\/\\\/www.xing.com\\\/news\\\/pages\\\/organisator-ch-695\",\"https:\\\/\\\/www.youtube.com\\\/channel\\\/UCGP2Sq0iWaZwT3BdIAQFYpw\"]},{\"@type\":\"Person\",\"@id\":\"https:\\\/\\\/www.organisator.ch\\\/#\\\/schema\\\/person\\\/6f650f90b2842cd4c0cc334b4e36f67e\",\"name\":\"thomas.berner\",\"image\":{\"@type\":\"ImageObject\",\"inLanguage\":\"en-US\",\"@id\":\"https:\\\/\\\/secure.gravatar.com\\\/avatar\\\/ac5001d2a36cb6c6cd3e50789007ffca834b477b74a2144564522e944eabff61?s=96&d=mm&r=g\",\"url\":\"https:\\\/\\\/secure.gravatar.com\\\/avatar\\\/ac5001d2a36cb6c6cd3e50789007ffca834b477b74a2144564522e944eabff61?s=96&d=mm&r=g\",\"contentUrl\":\"https:\\\/\\\/secure.gravatar.com\\\/avatar\\\/ac5001d2a36cb6c6cd3e50789007ffca834b477b74a2144564522e944eabff61?s=96&d=mm&r=g\",\"caption\":\"thomas.berner\"},\"url\":\"https:\\\/\\\/www.organisator.ch\\\/en\\\/author\\\/thomas-berner\\\/\"}]}<\/script>\n<!-- \/ Yoast SEO plugin. -->","yoast_head_json":{"title":"PFAS Forward Action Summit: Act instead of wait and see - Organizer","description":"Representatives from science, industry and authorities discussed the PFAS Forward Action Summit on March 25.","robots":{"index":"index","follow":"follow","max-snippet":"max-snippet:-1","max-image-preview":"max-image-preview:large","max-video-preview":"max-video-preview:-1"},"canonical":"https:\/\/www.organisator.ch\/en\/sustainability\/2026-04-23\/pfas-forward-action-summit-handeln-statt-abwarten\/","og_locale":"en_US","og_type":"article","og_title":"PFAS Forward Action Summit: Handeln statt abwarten","og_description":"Vertreterinnen und Vertreter aus Wissenschaft, Industrie und Beh\u00f6rden diskutierten am 25. M\u00e4rz am PFAS Forward Action Summit.","og_url":"https:\/\/www.organisator.ch\/en\/sustainability\/2026-04-23\/pfas-forward-action-summit-handeln-statt-abwarten\/","og_site_name":"Organisator","article_publisher":"https:\/\/www.facebook.com\/OrganisatorFachmagazin","article_published_time":"2026-04-23T13:22:00+00:00","og_image":[{"width":680,"height":510,"url":"https:\/\/www.organisator.ch\/wp-content\/uploads\/2026\/04\/PFAS-Summit-Handeln-statt-abwarten-1_Organisator.jpg","type":"image\/jpeg"}],"author":"thomas.berner","twitter_card":"summary_large_image","twitter_title":"#PFAS Forward Action Summit: Handeln statt abwarten","twitter_description":"Vertreterinnen und Vertreter aus #Wissenschaft, #Industrie und Beh\u00f6rden diskutierten am 25. M\u00e4rz am #PFAS Forward Action Summit.","twitter_image":"https:\/\/www.organisator.ch\/wp-content\/uploads\/2026\/04\/PFAS-Summit-Handeln-statt-abwarten-1_Organisator.jpg","schema":{"@context":"https:\/\/schema.org","@graph":[{"@type":"Article","@id":"https:\/\/www.organisator.ch\/sustainability\/2026-04-23\/pfas-forward-action-summit-handeln-statt-abwarten\/#article","isPartOf":{"@id":"https:\/\/www.organisator.ch\/sustainability\/2026-04-23\/pfas-forward-action-summit-handeln-statt-abwarten\/"},"author":{"name":"thomas.berner","@id":"https:\/\/www.organisator.ch\/#\/schema\/person\/6f650f90b2842cd4c0cc334b4e36f67e"},"headline":"PFAS Forward Action Summit: Handeln statt abwarten","datePublished":"2026-04-23T13:22:00+00:00","mainEntityOfPage":{"@id":"https:\/\/www.organisator.ch\/sustainability\/2026-04-23\/pfas-forward-action-summit-handeln-statt-abwarten\/"},"wordCount":567,"publisher":{"@id":"https:\/\/www.organisator.ch\/#organization"},"image":{"@id":"https:\/\/www.organisator.ch\/sustainability\/2026-04-23\/pfas-forward-action-summit-handeln-statt-abwarten\/#primaryimage"},"thumbnailUrl":"https:\/\/www.organisator.ch\/wp-content\/uploads\/2026\/04\/PFAS-Summit-Handeln-statt-abwarten-1_Organisator.jpg","keywords":["Fachkongress\/Fachmesse","Forschung","PFAS","Umwelttechnik"],"articleSection":["SUSTAINABILITY"],"inLanguage":"en-US"},{"@type":"WebPage","@id":"https:\/\/www.organisator.ch\/sustainability\/2026-04-23\/pfas-forward-action-summit-handeln-statt-abwarten\/","url":"https:\/\/www.organisator.ch\/sustainability\/2026-04-23\/pfas-forward-action-summit-handeln-statt-abwarten\/","name":"PFAS Forward Action Summit: Act instead of wait and see - Organizer","isPartOf":{"@id":"https:\/\/www.organisator.ch\/#website"},"primaryImageOfPage":{"@id":"https:\/\/www.organisator.ch\/sustainability\/2026-04-23\/pfas-forward-action-summit-handeln-statt-abwarten\/#primaryimage"},"image":{"@id":"https:\/\/www.organisator.ch\/sustainability\/2026-04-23\/pfas-forward-action-summit-handeln-statt-abwarten\/#primaryimage"},"thumbnailUrl":"https:\/\/www.organisator.ch\/wp-content\/uploads\/2026\/04\/PFAS-Summit-Handeln-statt-abwarten-1_Organisator.jpg","datePublished":"2026-04-23T13:22:00+00:00","description":"Representatives from science, industry and authorities discussed the PFAS Forward Action Summit on March 25.","breadcrumb":{"@id":"https:\/\/www.organisator.ch\/sustainability\/2026-04-23\/pfas-forward-action-summit-handeln-statt-abwarten\/#breadcrumb"},"inLanguage":"en-US","potentialAction":[{"@type":"ReadAction","target":["https:\/\/www.organisator.ch\/sustainability\/2026-04-23\/pfas-forward-action-summit-handeln-statt-abwarten\/"]}]},{"@type":"ImageObject","inLanguage":"en-US","@id":"https:\/\/www.organisator.ch\/sustainability\/2026-04-23\/pfas-forward-action-summit-handeln-statt-abwarten\/#primaryimage","url":"https:\/\/www.organisator.ch\/wp-content\/uploads\/2026\/04\/PFAS-Summit-Handeln-statt-abwarten-1_Organisator.jpg","contentUrl":"https:\/\/www.organisator.ch\/wp-content\/uploads\/2026\/04\/PFAS-Summit-Handeln-statt-abwarten-1_Organisator.jpg","width":680,"height":510,"caption":"Dr. Fajer Mushtaq er\u00f6ffnet den PFAS Forward Action Summit 2026. (Bild: Daniel Kunz, Adliswil Switzerland)"},{"@type":"BreadcrumbList","@id":"https:\/\/www.organisator.ch\/sustainability\/2026-04-23\/pfas-forward-action-summit-handeln-statt-abwarten\/#breadcrumb","itemListElement":[{"@type":"ListItem","position":1,"name":"Home","item":"https:\/\/www.organisator.ch\/"},{"@type":"ListItem","position":2,"name":"PFAS Forward Action Summit: Handeln statt abwarten"}]},{"@type":"WebSite","@id":"https:\/\/www.organisator.ch\/#website","url":"https:\/\/www.organisator.ch\/","name":"Organizer","description":"Competent. Practical. In 10 issues per year, ORGANISATOR presents the essential topics for managers of SMEs.","publisher":{"@id":"https:\/\/www.organisator.ch\/#organization"},"potentialAction":[{"@type":"SearchAction","target":{"@type":"EntryPoint","urlTemplate":"https:\/\/www.organisator.ch\/?s={search_term_string}"},"query-input":{"@type":"PropertyValueSpecification","valueRequired":true,"valueName":"search_term_string"}}],"inLanguage":"en-US"},{"@type":"Organization","@id":"https:\/\/www.organisator.ch\/#organization","name":"Organizer","url":"https:\/\/www.organisator.ch\/","logo":{"@type":"ImageObject","inLanguage":"en-US","@id":"https:\/\/www.organisator.ch\/#\/schema\/logo\/image\/","url":"https:\/\/www.organisator.ch\/wp-content\/uploads\/2022\/01\/Logo_Organisator_Website.png","contentUrl":"https:\/\/www.organisator.ch\/wp-content\/uploads\/2022\/01\/Logo_Organisator_Website.png","width":800,"height":77,"caption":"Organisator"},"image":{"@id":"https:\/\/www.organisator.ch\/#\/schema\/logo\/image\/"},"sameAs":["https:\/\/www.facebook.com\/OrganisatorFachmagazin","https:\/\/www.linkedin.com\/showcase\/organisator-das-magazin-fr-kmu","https:\/\/www.xing.com\/news\/pages\/organisator-ch-695","https:\/\/www.youtube.com\/channel\/UCGP2Sq0iWaZwT3BdIAQFYpw"]},{"@type":"Person","@id":"https:\/\/www.organisator.ch\/#\/schema\/person\/6f650f90b2842cd4c0cc334b4e36f67e","name":"thomas.berner","image":{"@type":"ImageObject","inLanguage":"en-US","@id":"https:\/\/secure.gravatar.com\/avatar\/ac5001d2a36cb6c6cd3e50789007ffca834b477b74a2144564522e944eabff61?s=96&d=mm&r=g","url":"https:\/\/secure.gravatar.com\/avatar\/ac5001d2a36cb6c6cd3e50789007ffca834b477b74a2144564522e944eabff61?s=96&d=mm&r=g","contentUrl":"https:\/\/secure.gravatar.com\/avatar\/ac5001d2a36cb6c6cd3e50789007ffca834b477b74a2144564522e944eabff61?s=96&d=mm&r=g","caption":"thomas.berner"},"url":"https:\/\/www.organisator.ch\/en\/author\/thomas-berner\/"}]}},"_links":{"self":[{"href":"https:\/\/www.organisator.ch\/en\/wp-json\/wp\/v2\/posts\/47994","targetHints":{"allow":["GET"]}}],"collection":[{"href":"https:\/\/www.organisator.ch\/en\/wp-json\/wp\/v2\/posts"}],"about":[{"href":"https:\/\/www.organisator.ch\/en\/wp-json\/wp\/v2\/types\/post"}],"author":[{"embeddable":true,"href":"https:\/\/www.organisator.ch\/en\/wp-json\/wp\/v2\/users\/4"}],"replies":[{"embeddable":true,"href":"https:\/\/www.organisator.ch\/en\/wp-json\/wp\/v2\/comments?post=47994"}],"version-history":[{"count":2,"href":"https:\/\/www.organisator.ch\/en\/wp-json\/wp\/v2\/posts\/47994\/revisions"}],"predecessor-version":[{"id":48045,"href":"https:\/\/www.organisator.ch\/en\/wp-json\/wp\/v2\/posts\/47994\/revisions\/48045"}],"wp:featuredmedia":[{"embeddable":true,"href":"https:\/\/www.organisator.ch\/en\/wp-json\/wp\/v2\/media\/47995"}],"wp:attachment":[{"href":"https:\/\/www.organisator.ch\/en\/wp-json\/wp\/v2\/media?parent=47994"}],"wp:term":[{"taxonomy":"category","embeddable":true,"href":"https:\/\/www.organisator.ch\/en\/wp-json\/wp\/v2\/categories?post=47994"},{"taxonomy":"post_tag","embeddable":true,"href":"https:\/\/www.organisator.ch\/en\/wp-json\/wp\/v2\/tags?post=47994"}],"curies":[{"name":"wp","href":"https:\/\/api.w.org\/{rel}","templated":true}]}}