{"id":48170,"date":"2026-04-29T10:44:18","date_gmt":"2026-04-29T08:44:18","guid":{"rendered":"https:\/\/www.organisator.ch\/de\/?p=48170"},"modified":"2026-04-29T10:44:18","modified_gmt":"2026-04-29T08:44:18","slug":"bettina-bornmann-neu-im-verwaltungsrat-der-axa-schweiz","status":"publish","type":"post","link":"https:\/\/www.organisator.ch\/en\/management\/2026-04-29\/bettina-bornmann-neu-im-verwaltungsrat-der-axa-schweiz\/","title":{"rendered":"Bettina Bornmann new member of the Board of Directors of Axa Switzerland"},"content":{"rendered":"<figure id=\"attachment_48169\" aria-describedby=\"caption-attachment-48169\" style=\"width: 1400px\" class=\"wp-caption alignnone\"><img loading=\"lazy\" decoding=\"async\" class=\"size-full wp-image-48169\" src=\"https:\/\/www.organisator.ch\/wp-content\/uploads\/2026\/04\/bettina-bornmann-vr-axa-ch-scaled.jpg\" alt=\"\" width=\"1400\" height=\"933\" srcset=\"https:\/\/www.organisator.ch\/wp-content\/uploads\/2026\/04\/bettina-bornmann-vr-axa-ch-scaled.jpg 1400w, https:\/\/www.organisator.ch\/wp-content\/uploads\/2026\/04\/bettina-bornmann-vr-axa-ch-680x453.jpg 680w, https:\/\/www.organisator.ch\/wp-content\/uploads\/2026\/04\/bettina-bornmann-vr-axa-ch-1024x683.jpg 1024w, https:\/\/www.organisator.ch\/wp-content\/uploads\/2026\/04\/bettina-bornmann-vr-axa-ch-768x512.jpg 768w, https:\/\/www.organisator.ch\/wp-content\/uploads\/2026\/04\/bettina-bornmann-vr-axa-ch-1536x1024.jpg 1536w, https:\/\/www.organisator.ch\/wp-content\/uploads\/2026\/04\/bettina-bornmann-vr-axa-ch-2048x1366.jpg 2048w, https:\/\/www.organisator.ch\/wp-content\/uploads\/2026\/04\/bettina-bornmann-vr-axa-ch-18x12.jpg 18w, https:\/\/www.organisator.ch\/wp-content\/uploads\/2026\/04\/bettina-bornmann-vr-axa-ch-375x250.jpg 375w, https:\/\/www.organisator.ch\/wp-content\/uploads\/2026\/04\/bettina-bornmann-vr-axa-ch-525x350.jpg 525w, https:\/\/www.organisator.ch\/wp-content\/uploads\/2026\/04\/bettina-bornmann-vr-axa-ch-1000x667.jpg 1000w\" sizes=\"auto, (max-width: 1400px) 100vw, 1400px\" \/><figcaption id=\"caption-attachment-48169\" class=\"wp-caption-text\">Bettina Bornmann joins the Board of Directors of AXA Switzerland. Source: zvg<\/figcaption><\/figure>\n<p>Bettina Bornmann has been elected to the Board of Directors of Axa Switzerland with effect from April 22, 2026. The 57-year-old economist has a broad track record in the insurance and financial sector.<\/p>\n<h3>Many years of experience in finance and risk<\/h3>\n<p>Bettina Bornmann was Group Head Planning and Performance Management at Zurich Insurance Group until 2024. From 2015 to 2020, she was CFO of the Executive Board of Zurich Switzerland. Between 2021 and 2024, she was also Chairman of the Board of Trustees of the Zurich Insurance Group Pension Fund and held various international directorships.<\/p>\n<p>Bornmann worked at Swiss Life from 2009 to 2015 - first as CFO of Swiss Life International and later as Head of Group Controlling. Prior to this, she took over the management of the M&amp;A department of the German hospital group Ameos in 2008. She began her career in 1994 as an Associate Mergers and Acquisitions at Ubs before working at KPMG from 1998 to 2008, from 2006 as Head Corporate Finance and Partner.<\/p>\n<p>Chairman of the Board of Directors Antimo Perretta is delighted with the new addition: \u00abI am extremely pleased that Bettina, a proven insurance expert with a long track record in finance and risk, is joining our Board of Directors. I am convinced that with her extensive experience in the international corporate environment, her sound expertise and her distinctly economic perspective, she will contribute many valuable ideas, especially with regard to progressive and customer-friendly new offerings.\u00bb<\/p>\n<h3>Ruth Metzler-Arnold bids farewell after fourteen years<\/h3>\n<p>Bettina Bornmann succeeds Ruth Metzler-Arnold, who has stepped down to focus on the presidency of Swiss Olympic. Ruth Metzler-Arnold was a member of the Board of Directors for fourteen years, six of them as Vice Chair. Most recently, she was a member of the Nomination and Compensation Committee and the Audit Committee.<\/p>\n<p>Antimo Perretta paid tribute to her commitment: \u00abI would like to thank Ruth warmly for her tremendous and extremely valuable commitment. With her professional background as an auditor, her immense political experience and her extremely constructive and socially competent manner, she was an important and valued voice on our Board of Directors.\u00bb<\/p>\n<p>The election of Bettina Bornmann is subject to the applicable regulatory provisions.<\/p>\n<p><em><a href=\"https:\/\/www.axa.ch\" target=\"_blank\" rel=\"noopener\">www.axa.ch<\/a><\/em><\/p>","protected":false},"excerpt":{"rendered":"<p>Bettina Bornmann will join the Board of Directors of Axa Switzerland on April 22, 2026. The experienced economist succeeds Ruth Metzler-Arnold, who is stepping down from the Board after fourteen years.<\/p>","protected":false},"author":107,"featured_media":48169,"comment_status":"closed","ping_status":"closed","sticky":false,"template":"","format":"standard","meta":{"_acf_changed":false,"_yoast_wpseo_focuskw":"Bettina Bornmann","_yoast_wpseo_metadesc":"Bettina Bornmann wird per April 2026 neu in den Verwaltungsrat der Axa Schweiz gew\u00e4hlt. Sie folgt auf Ruth Metzler-Arnold.","articlekey":"","footnotes":""},"categories":[28],"tags":[381,492,5650,2471],"class_list":["post-48170","post","type-post","status-publish","format-standard","has-post-thumbnail","hentry","category-management","tag-personalia","tag-unternehmen","tag-versicherungswirtschaft","tag-verwaltungsrat"],"acf":[],"yoast_head":"<!-- This site is optimized with the Yoast SEO plugin v27.5 - https:\/\/yoast.com\/product\/yoast-seo-wordpress\/ -->\n<title>Bettina Bornmann neu im Verwaltungsrat der Axa Schweiz - Organisator<\/title>\n<meta name=\"description\" content=\"Bettina Bornmann wird per April 2026 neu in den Verwaltungsrat der Axa Schweiz gew\u00e4hlt. Sie folgt auf Ruth Metzler-Arnold.\" \/>\n<meta name=\"robots\" content=\"index, follow, max-snippet:-1, max-image-preview:large, max-video-preview:-1\" \/>\n<link rel=\"canonical\" href=\"https:\/\/www.organisator.ch\/en\/management\/2026-04-29\/bettina-bornmann-neu-im-verwaltungsrat-der-axa-schweiz\/\" \/>\n<meta property=\"og:locale\" content=\"en_US\" \/>\n<meta property=\"og:type\" content=\"article\" \/>\n<meta property=\"og:title\" content=\"Bettina Bornmann neu im Verwaltungsrat der Axa Schweiz\" \/>\n<meta property=\"og:description\" content=\"Bettina Bornmann wird per April 2026 neu in den Verwaltungsrat der Axa Schweiz gew\u00e4hlt. Sie folgt auf Ruth Metzler-Arnold.\" \/>\n<meta property=\"og:url\" content=\"https:\/\/www.organisator.ch\/en\/management\/2026-04-29\/bettina-bornmann-neu-im-verwaltungsrat-der-axa-schweiz\/\" \/>\n<meta property=\"og:site_name\" content=\"Organisator\" \/>\n<meta property=\"article:publisher\" content=\"https:\/\/www.facebook.com\/OrganisatorFachmagazin\" \/>\n<meta property=\"article:published_time\" content=\"2026-04-29T08:44:18+00:00\" \/>\n<meta property=\"og:image\" content=\"https:\/\/www.organisator.ch\/wp-content\/uploads\/2026\/04\/bettina-bornmann-vr-axa-ch-scaled.jpg\" \/>\n\t<meta property=\"og:image:width\" content=\"1400\" \/>\n\t<meta property=\"og:image:height\" content=\"933\" \/>\n\t<meta property=\"og:image:type\" content=\"image\/jpeg\" \/>\n<meta name=\"author\" content=\"n8n\" \/>\n<meta name=\"twitter:card\" content=\"summary_large_image\" \/>\n<meta name=\"twitter:title\" content=\"Bettina Bornmann neu im #Verwaltungsrat der #Axa Schweiz\" \/>\n<meta name=\"twitter:description\" content=\"Bettina Bornmann wird per April 2026 neu in den Verwaltungsrat der #Axa Schweiz gew\u00e4hlt. Sie folgt auf Ruth #Metzler-Arnold.\" \/>\n<meta name=\"twitter:image\" content=\"https:\/\/www.organisator.ch\/wp-content\/uploads\/2026\/04\/bettina-bornmann-vr-axa-ch-scaled.jpg\" \/>\n<script type=\"application\/ld+json\" class=\"yoast-schema-graph\">{\"@context\":\"https:\\\/\\\/schema.org\",\"@graph\":[{\"@type\":\"Article\",\"@id\":\"https:\\\/\\\/www.organisator.ch\\\/management\\\/2026-04-29\\\/bettina-bornmann-neu-im-verwaltungsrat-der-axa-schweiz\\\/#article\",\"isPartOf\":{\"@id\":\"https:\\\/\\\/www.organisator.ch\\\/management\\\/2026-04-29\\\/bettina-bornmann-neu-im-verwaltungsrat-der-axa-schweiz\\\/\"},\"author\":{\"name\":\"n8n\",\"@id\":\"https:\\\/\\\/www.organisator.ch\\\/#\\\/schema\\\/person\\\/a9d0e0eff238db87a8f840f3b50359f0\"},\"headline\":\"Bettina Bornmann neu im Verwaltungsrat der Axa Schweiz\",\"datePublished\":\"2026-04-29T08:44:18+00:00\",\"mainEntityOfPage\":{\"@id\":\"https:\\\/\\\/www.organisator.ch\\\/management\\\/2026-04-29\\\/bettina-bornmann-neu-im-verwaltungsrat-der-axa-schweiz\\\/\"},\"wordCount\":357,\"publisher\":{\"@id\":\"https:\\\/\\\/www.organisator.ch\\\/#organization\"},\"image\":{\"@id\":\"https:\\\/\\\/www.organisator.ch\\\/management\\\/2026-04-29\\\/bettina-bornmann-neu-im-verwaltungsrat-der-axa-schweiz\\\/#primaryimage\"},\"thumbnailUrl\":\"https:\\\/\\\/www.organisator.ch\\\/wp-content\\\/uploads\\\/2026\\\/04\\\/bettina-bornmann-vr-axa-ch-scaled.jpg\",\"keywords\":[\"Personalia\",\"Unternehmen\",\"Versicherungswirtschaft\",\"Verwaltungsrat\"],\"articleSection\":[\"MANAGEMENT\"],\"inLanguage\":\"en-US\"},{\"@type\":\"WebPage\",\"@id\":\"https:\\\/\\\/www.organisator.ch\\\/management\\\/2026-04-29\\\/bettina-bornmann-neu-im-verwaltungsrat-der-axa-schweiz\\\/\",\"url\":\"https:\\\/\\\/www.organisator.ch\\\/management\\\/2026-04-29\\\/bettina-bornmann-neu-im-verwaltungsrat-der-axa-schweiz\\\/\",\"name\":\"Bettina Bornmann neu im Verwaltungsrat der Axa Schweiz - Organisator\",\"isPartOf\":{\"@id\":\"https:\\\/\\\/www.organisator.ch\\\/#website\"},\"primaryImageOfPage\":{\"@id\":\"https:\\\/\\\/www.organisator.ch\\\/management\\\/2026-04-29\\\/bettina-bornmann-neu-im-verwaltungsrat-der-axa-schweiz\\\/#primaryimage\"},\"image\":{\"@id\":\"https:\\\/\\\/www.organisator.ch\\\/management\\\/2026-04-29\\\/bettina-bornmann-neu-im-verwaltungsrat-der-axa-schweiz\\\/#primaryimage\"},\"thumbnailUrl\":\"https:\\\/\\\/www.organisator.ch\\\/wp-content\\\/uploads\\\/2026\\\/04\\\/bettina-bornmann-vr-axa-ch-scaled.jpg\",\"datePublished\":\"2026-04-29T08:44:18+00:00\",\"description\":\"Bettina Bornmann wird per April 2026 neu in den Verwaltungsrat der Axa Schweiz gew\u00e4hlt. Sie folgt auf Ruth Metzler-Arnold.\",\"breadcrumb\":{\"@id\":\"https:\\\/\\\/www.organisator.ch\\\/management\\\/2026-04-29\\\/bettina-bornmann-neu-im-verwaltungsrat-der-axa-schweiz\\\/#breadcrumb\"},\"inLanguage\":\"en-US\",\"potentialAction\":[{\"@type\":\"ReadAction\",\"target\":[\"https:\\\/\\\/www.organisator.ch\\\/management\\\/2026-04-29\\\/bettina-bornmann-neu-im-verwaltungsrat-der-axa-schweiz\\\/\"]}]},{\"@type\":\"ImageObject\",\"inLanguage\":\"en-US\",\"@id\":\"https:\\\/\\\/www.organisator.ch\\\/management\\\/2026-04-29\\\/bettina-bornmann-neu-im-verwaltungsrat-der-axa-schweiz\\\/#primaryimage\",\"url\":\"https:\\\/\\\/www.organisator.ch\\\/wp-content\\\/uploads\\\/2026\\\/04\\\/bettina-bornmann-vr-axa-ch-scaled.jpg\",\"contentUrl\":\"https:\\\/\\\/www.organisator.ch\\\/wp-content\\\/uploads\\\/2026\\\/04\\\/bettina-bornmann-vr-axa-ch-scaled.jpg\",\"width\":1400,\"height\":933,\"caption\":\"Bettina Bornmann verst\u00e4rkt neu den Verwaltungsrat der AXA Schweiz. Quelle: zvg\"},{\"@type\":\"BreadcrumbList\",\"@id\":\"https:\\\/\\\/www.organisator.ch\\\/management\\\/2026-04-29\\\/bettina-bornmann-neu-im-verwaltungsrat-der-axa-schweiz\\\/#breadcrumb\",\"itemListElement\":[{\"@type\":\"ListItem\",\"position\":1,\"name\":\"Home\",\"item\":\"https:\\\/\\\/www.organisator.ch\\\/\"},{\"@type\":\"ListItem\",\"position\":2,\"name\":\"Bettina Bornmann neu im Verwaltungsrat der Axa Schweiz\"}]},{\"@type\":\"WebSite\",\"@id\":\"https:\\\/\\\/www.organisator.ch\\\/#website\",\"url\":\"https:\\\/\\\/www.organisator.ch\\\/\",\"name\":\"Organisator\",\"description\":\"Kompetent. Praxisnah. Der ORGANISATOR bereitet in 10 Ausgaben pro Jahr die wesentlichen Themen f\u00fcr F\u00fchrungskr\u00e4fte von KMU auf.\",\"publisher\":{\"@id\":\"https:\\\/\\\/www.organisator.ch\\\/#organization\"},\"potentialAction\":[{\"@type\":\"SearchAction\",\"target\":{\"@type\":\"EntryPoint\",\"urlTemplate\":\"https:\\\/\\\/www.organisator.ch\\\/?s={search_term_string}\"},\"query-input\":{\"@type\":\"PropertyValueSpecification\",\"valueRequired\":true,\"valueName\":\"search_term_string\"}}],\"inLanguage\":\"en-US\"},{\"@type\":\"Organization\",\"@id\":\"https:\\\/\\\/www.organisator.ch\\\/#organization\",\"name\":\"Organisator\",\"url\":\"https:\\\/\\\/www.organisator.ch\\\/\",\"logo\":{\"@type\":\"ImageObject\",\"inLanguage\":\"en-US\",\"@id\":\"https:\\\/\\\/www.organisator.ch\\\/#\\\/schema\\\/logo\\\/image\\\/\",\"url\":\"https:\\\/\\\/www.organisator.ch\\\/wp-content\\\/uploads\\\/2022\\\/01\\\/Logo_Organisator_Website.png\",\"contentUrl\":\"https:\\\/\\\/www.organisator.ch\\\/wp-content\\\/uploads\\\/2022\\\/01\\\/Logo_Organisator_Website.png\",\"width\":800,\"height\":77,\"caption\":\"Organisator\"},\"image\":{\"@id\":\"https:\\\/\\\/www.organisator.ch\\\/#\\\/schema\\\/logo\\\/image\\\/\"},\"sameAs\":[\"https:\\\/\\\/www.facebook.com\\\/OrganisatorFachmagazin\",\"https:\\\/\\\/www.linkedin.com\\\/showcase\\\/organisator-das-magazin-fr-kmu\",\"https:\\\/\\\/www.xing.com\\\/news\\\/pages\\\/organisator-ch-695\",\"https:\\\/\\\/www.youtube.com\\\/channel\\\/UCGP2Sq0iWaZwT3BdIAQFYpw\"]},{\"@type\":\"Person\",\"@id\":\"https:\\\/\\\/www.organisator.ch\\\/#\\\/schema\\\/person\\\/a9d0e0eff238db87a8f840f3b50359f0\",\"name\":\"n8n\",\"image\":{\"@type\":\"ImageObject\",\"inLanguage\":\"en-US\",\"@id\":\"https:\\\/\\\/secure.gravatar.com\\\/avatar\\\/5368fb9d03fd415a6f335cece4c15af2502d6ca8651efbd6e8f98427a9795400?s=96&d=mm&r=g\",\"url\":\"https:\\\/\\\/secure.gravatar.com\\\/avatar\\\/5368fb9d03fd415a6f335cece4c15af2502d6ca8651efbd6e8f98427a9795400?s=96&d=mm&r=g\",\"contentUrl\":\"https:\\\/\\\/secure.gravatar.com\\\/avatar\\\/5368fb9d03fd415a6f335cece4c15af2502d6ca8651efbd6e8f98427a9795400?s=96&d=mm&r=g\",\"caption\":\"n8n\"},\"url\":\"https:\\\/\\\/www.organisator.ch\\\/en\\\/author\\\/n8n\\\/\"}]}<\/script>\n<!-- \/ Yoast SEO plugin. -->","yoast_head_json":{"title":"Bettina Bornmann new member of the Board of Directors of Axa Switzerland - Organizer","description":"Bettina Bornmann will be elected to the Board of Directors of Axa Switzerland in April 2026. She succeeds Ruth Metzler-Arnold.","robots":{"index":"index","follow":"follow","max-snippet":"max-snippet:-1","max-image-preview":"max-image-preview:large","max-video-preview":"max-video-preview:-1"},"canonical":"https:\/\/www.organisator.ch\/en\/management\/2026-04-29\/bettina-bornmann-neu-im-verwaltungsrat-der-axa-schweiz\/","og_locale":"en_US","og_type":"article","og_title":"Bettina Bornmann neu im Verwaltungsrat der Axa Schweiz","og_description":"Bettina Bornmann wird per April 2026 neu in den Verwaltungsrat der Axa Schweiz gew\u00e4hlt. Sie folgt auf Ruth Metzler-Arnold.","og_url":"https:\/\/www.organisator.ch\/en\/management\/2026-04-29\/bettina-bornmann-neu-im-verwaltungsrat-der-axa-schweiz\/","og_site_name":"Organisator","article_publisher":"https:\/\/www.facebook.com\/OrganisatorFachmagazin","article_published_time":"2026-04-29T08:44:18+00:00","og_image":[{"width":1400,"height":933,"url":"https:\/\/www.organisator.ch\/wp-content\/uploads\/2026\/04\/bettina-bornmann-vr-axa-ch-scaled.jpg","type":"image\/jpeg"}],"author":"n8n","twitter_card":"summary_large_image","twitter_title":"Bettina Bornmann neu im #Verwaltungsrat der #Axa Schweiz","twitter_description":"Bettina Bornmann wird per April 2026 neu in den Verwaltungsrat der #Axa Schweiz gew\u00e4hlt. Sie folgt auf Ruth #Metzler-Arnold.","twitter_image":"https:\/\/www.organisator.ch\/wp-content\/uploads\/2026\/04\/bettina-bornmann-vr-axa-ch-scaled.jpg","schema":{"@context":"https:\/\/schema.org","@graph":[{"@type":"Article","@id":"https:\/\/www.organisator.ch\/management\/2026-04-29\/bettina-bornmann-neu-im-verwaltungsrat-der-axa-schweiz\/#article","isPartOf":{"@id":"https:\/\/www.organisator.ch\/management\/2026-04-29\/bettina-bornmann-neu-im-verwaltungsrat-der-axa-schweiz\/"},"author":{"name":"n8n","@id":"https:\/\/www.organisator.ch\/#\/schema\/person\/a9d0e0eff238db87a8f840f3b50359f0"},"headline":"Bettina Bornmann neu im Verwaltungsrat der Axa Schweiz","datePublished":"2026-04-29T08:44:18+00:00","mainEntityOfPage":{"@id":"https:\/\/www.organisator.ch\/management\/2026-04-29\/bettina-bornmann-neu-im-verwaltungsrat-der-axa-schweiz\/"},"wordCount":357,"publisher":{"@id":"https:\/\/www.organisator.ch\/#organization"},"image":{"@id":"https:\/\/www.organisator.ch\/management\/2026-04-29\/bettina-bornmann-neu-im-verwaltungsrat-der-axa-schweiz\/#primaryimage"},"thumbnailUrl":"https:\/\/www.organisator.ch\/wp-content\/uploads\/2026\/04\/bettina-bornmann-vr-axa-ch-scaled.jpg","keywords":["Personalia","Unternehmen","Versicherungswirtschaft","Verwaltungsrat"],"articleSection":["MANAGEMENT"],"inLanguage":"en-US"},{"@type":"WebPage","@id":"https:\/\/www.organisator.ch\/management\/2026-04-29\/bettina-bornmann-neu-im-verwaltungsrat-der-axa-schweiz\/","url":"https:\/\/www.organisator.ch\/management\/2026-04-29\/bettina-bornmann-neu-im-verwaltungsrat-der-axa-schweiz\/","name":"Bettina Bornmann new member of the Board of Directors of Axa Switzerland - Organizer","isPartOf":{"@id":"https:\/\/www.organisator.ch\/#website"},"primaryImageOfPage":{"@id":"https:\/\/www.organisator.ch\/management\/2026-04-29\/bettina-bornmann-neu-im-verwaltungsrat-der-axa-schweiz\/#primaryimage"},"image":{"@id":"https:\/\/www.organisator.ch\/management\/2026-04-29\/bettina-bornmann-neu-im-verwaltungsrat-der-axa-schweiz\/#primaryimage"},"thumbnailUrl":"https:\/\/www.organisator.ch\/wp-content\/uploads\/2026\/04\/bettina-bornmann-vr-axa-ch-scaled.jpg","datePublished":"2026-04-29T08:44:18+00:00","description":"Bettina Bornmann will be elected to the Board of Directors of Axa Switzerland in April 2026. She succeeds Ruth Metzler-Arnold.","breadcrumb":{"@id":"https:\/\/www.organisator.ch\/management\/2026-04-29\/bettina-bornmann-neu-im-verwaltungsrat-der-axa-schweiz\/#breadcrumb"},"inLanguage":"en-US","potentialAction":[{"@type":"ReadAction","target":["https:\/\/www.organisator.ch\/management\/2026-04-29\/bettina-bornmann-neu-im-verwaltungsrat-der-axa-schweiz\/"]}]},{"@type":"ImageObject","inLanguage":"en-US","@id":"https:\/\/www.organisator.ch\/management\/2026-04-29\/bettina-bornmann-neu-im-verwaltungsrat-der-axa-schweiz\/#primaryimage","url":"https:\/\/www.organisator.ch\/wp-content\/uploads\/2026\/04\/bettina-bornmann-vr-axa-ch-scaled.jpg","contentUrl":"https:\/\/www.organisator.ch\/wp-content\/uploads\/2026\/04\/bettina-bornmann-vr-axa-ch-scaled.jpg","width":1400,"height":933,"caption":"Bettina Bornmann verst\u00e4rkt neu den Verwaltungsrat der AXA Schweiz. Quelle: zvg"},{"@type":"BreadcrumbList","@id":"https:\/\/www.organisator.ch\/management\/2026-04-29\/bettina-bornmann-neu-im-verwaltungsrat-der-axa-schweiz\/#breadcrumb","itemListElement":[{"@type":"ListItem","position":1,"name":"Home","item":"https:\/\/www.organisator.ch\/"},{"@type":"ListItem","position":2,"name":"Bettina Bornmann neu im Verwaltungsrat der Axa Schweiz"}]},{"@type":"WebSite","@id":"https:\/\/www.organisator.ch\/#website","url":"https:\/\/www.organisator.ch\/","name":"Organizer","description":"Competent. Practical. In 10 issues per year, ORGANISATOR presents the essential topics for managers of SMEs.","publisher":{"@id":"https:\/\/www.organisator.ch\/#organization"},"potentialAction":[{"@type":"SearchAction","target":{"@type":"EntryPoint","urlTemplate":"https:\/\/www.organisator.ch\/?s={search_term_string}"},"query-input":{"@type":"PropertyValueSpecification","valueRequired":true,"valueName":"search_term_string"}}],"inLanguage":"en-US"},{"@type":"Organization","@id":"https:\/\/www.organisator.ch\/#organization","name":"Organizer","url":"https:\/\/www.organisator.ch\/","logo":{"@type":"ImageObject","inLanguage":"en-US","@id":"https:\/\/www.organisator.ch\/#\/schema\/logo\/image\/","url":"https:\/\/www.organisator.ch\/wp-content\/uploads\/2022\/01\/Logo_Organisator_Website.png","contentUrl":"https:\/\/www.organisator.ch\/wp-content\/uploads\/2022\/01\/Logo_Organisator_Website.png","width":800,"height":77,"caption":"Organisator"},"image":{"@id":"https:\/\/www.organisator.ch\/#\/schema\/logo\/image\/"},"sameAs":["https:\/\/www.facebook.com\/OrganisatorFachmagazin","https:\/\/www.linkedin.com\/showcase\/organisator-das-magazin-fr-kmu","https:\/\/www.xing.com\/news\/pages\/organisator-ch-695","https:\/\/www.youtube.com\/channel\/UCGP2Sq0iWaZwT3BdIAQFYpw"]},{"@type":"Person","@id":"https:\/\/www.organisator.ch\/#\/schema\/person\/a9d0e0eff238db87a8f840f3b50359f0","name":"n8n","image":{"@type":"ImageObject","inLanguage":"en-US","@id":"https:\/\/secure.gravatar.com\/avatar\/5368fb9d03fd415a6f335cece4c15af2502d6ca8651efbd6e8f98427a9795400?s=96&d=mm&r=g","url":"https:\/\/secure.gravatar.com\/avatar\/5368fb9d03fd415a6f335cece4c15af2502d6ca8651efbd6e8f98427a9795400?s=96&d=mm&r=g","contentUrl":"https:\/\/secure.gravatar.com\/avatar\/5368fb9d03fd415a6f335cece4c15af2502d6ca8651efbd6e8f98427a9795400?s=96&d=mm&r=g","caption":"n8n"},"url":"https:\/\/www.organisator.ch\/en\/author\/n8n\/"}]}},"_links":{"self":[{"href":"https:\/\/www.organisator.ch\/en\/wp-json\/wp\/v2\/posts\/48170","targetHints":{"allow":["GET"]}}],"collection":[{"href":"https:\/\/www.organisator.ch\/en\/wp-json\/wp\/v2\/posts"}],"about":[{"href":"https:\/\/www.organisator.ch\/en\/wp-json\/wp\/v2\/types\/post"}],"author":[{"embeddable":true,"href":"https:\/\/www.organisator.ch\/en\/wp-json\/wp\/v2\/users\/107"}],"replies":[{"embeddable":true,"href":"https:\/\/www.organisator.ch\/en\/wp-json\/wp\/v2\/comments?post=48170"}],"version-history":[{"count":4,"href":"https:\/\/www.organisator.ch\/en\/wp-json\/wp\/v2\/posts\/48170\/revisions"}],"predecessor-version":[{"id":48230,"href":"https:\/\/www.organisator.ch\/en\/wp-json\/wp\/v2\/posts\/48170\/revisions\/48230"}],"wp:featuredmedia":[{"embeddable":true,"href":"https:\/\/www.organisator.ch\/en\/wp-json\/wp\/v2\/media\/48169"}],"wp:attachment":[{"href":"https:\/\/www.organisator.ch\/en\/wp-json\/wp\/v2\/media?parent=48170"}],"wp:term":[{"taxonomy":"category","embeddable":true,"href":"https:\/\/www.organisator.ch\/en\/wp-json\/wp\/v2\/categories?post=48170"},{"taxonomy":"post_tag","embeddable":true,"href":"https:\/\/www.organisator.ch\/en\/wp-json\/wp\/v2\/tags?post=48170"}],"curies":[{"name":"wp","href":"https:\/\/api.w.org\/{rel}","templated":true}]}}