{"id":4818,"date":"2019-01-31T09:04:41","date_gmt":"2019-01-31T08:04:41","guid":{"rendered":"https:\/\/www.organisator.ch\/?p=4818"},"modified":"2019-01-31T09:04:41","modified_gmt":"2019-01-31T08:04:41","slug":"vorschau-ostschweizer-personaltag-2019-arbeitgeber-auf-der-bewerberbank","status":"publish","type":"post","link":"https:\/\/www.organisator.ch\/en\/human-resources\/hrm\/2019-01-31\/vorschau-ostschweizer-personaltag-2019-arbeitgeber-auf-der-bewerberbank\/","title":{"rendered":"Preview Ostschweizer Personaltag 2019: Employers on the applicant bench"},"content":{"rendered":"<figure id=\"attachment_4819\" aria-describedby=\"caption-attachment-4819\" style=\"width: 680px\" class=\"wp-caption alignnone\"><img loading=\"lazy\" decoding=\"async\" class=\"size-medium wp-image-4819\" src=\"https:\/\/www.organisator.ch\/wp-content\/uploads\/2019\/01\/Vorschau-Ostschweizer-Personaltag-2019-Arbeitgeber-auf-der-Bewerberbank_Organisator.jpg\" alt=\"\" width=\"680\" height=\"447\" srcset=\"https:\/\/www.organisator.ch\/wp-content\/uploads\/2019\/01\/Vorschau-Ostschweizer-Personaltag-2019-Arbeitgeber-auf-der-Bewerberbank_Organisator.jpg 680w, https:\/\/www.organisator.ch\/wp-content\/uploads\/2019\/01\/Vorschau-Ostschweizer-Personaltag-2019-Arbeitgeber-auf-der-Bewerberbank_Organisator-16x12.jpg 16w, https:\/\/www.organisator.ch\/wp-content\/uploads\/2019\/01\/Vorschau-Ostschweizer-Personaltag-2019-Arbeitgeber-auf-der-Bewerberbank_Organisator-266x175.jpg 266w, https:\/\/www.organisator.ch\/wp-content\/uploads\/2019\/01\/Vorschau-Ostschweizer-Personaltag-2019-Arbeitgeber-auf-der-Bewerberbank_Organisator-532x350.jpg 532w, https:\/\/www.organisator.ch\/wp-content\/uploads\/2019\/01\/Vorschau-Ostschweizer-Personaltag-2019-Arbeitgeber-auf-der-Bewerberbank_Organisator-300x197.jpg 300w\" sizes=\"auto, (max-width: 680px) 100vw, 680px\" \/><figcaption id=\"caption-attachment-4819\" class=\"wp-caption-text\">The speakers at the Ostschweizer Personaltag 2019 (from left to right): Bastian Schneider, Florian Wassel, Katharina Lehmann, Patricia Leventis, Dr. Oliver Haas, Matthias Wipf. (Image: personaltag.ch<\/figcaption><\/figure>\n<p>Google, Nestl\u00e9, Swisscom, Migros, UBS - these are all attractive employers where many people want to work. Even if they don't know what they are really like as their personal employer. It is the charisma, the radiance of the brand that attracts applicants. If this brand is diffuse, the employer has a hard time attracting skilled workers. Cultivating this brand is therefore extremely important. The presentations at the Ostschweizer Personaltag 2019 on June 6 in St.Gallen will revolve around this complex of topics. Around four hundred participants are expected.<\/p>\n<h2>Battle of the talents<\/h2>\n<p>\"In the battle for the talent they are looking for, companies have to use strategies from marketing and brand management to positively differentiate themselves from competitors in the labor market,\" says employer branding expert Christoph Jordi. So it's not just the employees who have to apply - increasingly it's also the employer who sits on the applicant bench. The employer must show what values his company embodies, what makes him distinctive. This requires an actual employer recruiting strategy. The speakers at the 15th Ostschweizer Personaltag will show what such strategies could look like - from a practical and theoretical perspective.<\/p>\n<h2>Theory and practice - online and offline<\/h2>\n<p>Bastian Schneider, a brand expert who has been advising and supporting companies in the area of strategic and operational brand management in Switzerland, Germany and Austria for many years, will speak about the \"Employer Brand as an Entrepreneurial Management Tool\" at the Ostschweizer Personaltag 2019. Florian Wassel, founder and CEO of TOWA Digitalagentur in Bregenz and Vienna, will demonstrate how important a company's online presence is today. Wassel is a certified Google Analytics and Google AdWords expert and has also been on the board of Junge Wirtschaft Vorarlberg since April 2016. Katharina Lehmann, owner and CEO of the Blumer-Lehmann Group, Gossau, knows from a practical perspective what it means to engage the best talent in a competitive skilled labor market. In her presentation \"A Wooden Path between Tradition and Innovation\", she will show how to keep oneself attractive and fit as an employer.<\/p>\n<h2>Transform and value<\/h2>\n<p>When a company has been embroiled in a scandal, as was the case at Swiss Post with the Postbus subsidy fraud, HR is also particularly challenged. Patricia Leventis, Head of HR Marketing at Swiss Post AG, Bern, will report on the importance of employer branding in such a case and, moreover, in a transformative environment. At the end of the conference, the focus will be on \"Happiness\": Oliver Haas, author and keynote speaker from Munich, has a clear insight regarding employer attractiveness: In the long term, only companies whose employees see a meaning in their work, can contribute their strengths and develop their potential, and are enthusiastic about their work will be successful! This requires a management system that applies positive psychology at the company level - and thus creates a value-based corporate culture. To help companies establish this leadership system, Oliver Haas founded Corporate Happiness.<\/p>\n<p><em>East Switzerland Staff Day 2019, <a href=\"https:\/\/www.personaltag.ch\/\">more information and registration<\/a><\/em><\/p>","protected":false},"excerpt":{"rendered":"<p>Google, Nestl\u00e9, Swisscom, Migros, UBS \u2013 sind alles attraktive Arbeitgeber, bei denen viele arbeiten wollen. Selbst wenn sie gar nicht wissen, wie sie als ihr pers\u00f6nlicher Arbeitgeber dann wirklich sind. Die Ausstrahlung ist es, die Strahlkraft der Marke, die die Bewerber anzieht. Wenn diese Marke diffus ist, hat es der Arbeitgeber schwer, zu Fachkr\u00e4ften zu [&hellip;]<\/p>\n","protected":false},"author":4,"featured_media":4819,"comment_status":"open","ping_status":"open","sticky":false,"template":"","format":"standard","meta":{"_acf_changed":false,"_yoast_wpseo_focuskw":"Ostschweizer Personaltag 2019","_yoast_wpseo_metadesc":"Beim Ostschweizer Personaltag 2019 wird die Attraktivit\u00e4t des Arbeitgebers in Zeiten des Fachkr\u00e4ftemangels thematisiert.","articlekey":"","footnotes":""},"categories":[26],"tags":[193,254,407,502],"class_list":["post-4818","post","type-post","status-publish","format-standard","has-post-thumbnail","hentry","category-hrm","tag-fachkongressfachmesse","tag-hrm","tag-recruiting","tag-veranstaltungen"],"acf":[],"yoast_head":"<!-- This site is optimized with the Yoast SEO plugin v27.4 - https:\/\/yoast.com\/product\/yoast-seo-wordpress\/ -->\n<title>Vorschau Ostschweizer Personaltag 2019: Arbeitgeber auf der Bewerberbank - Organisator<\/title>\n<meta name=\"description\" content=\"Beim Ostschweizer Personaltag 2019 wird die Attraktivit\u00e4t des Arbeitgebers in Zeiten des Fachkr\u00e4ftemangels thematisiert.\" \/>\n<meta name=\"robots\" content=\"index, follow, max-snippet:-1, max-image-preview:large, max-video-preview:-1\" \/>\n<link rel=\"canonical\" href=\"https:\/\/www.organisator.ch\/en\/human-resources\/hrm\/2019-01-31\/vorschau-ostschweizer-personaltag-2019-arbeitgeber-auf-der-bewerberbank\/\" \/>\n<meta property=\"og:locale\" content=\"en_US\" \/>\n<meta property=\"og:type\" content=\"article\" \/>\n<meta property=\"og:title\" content=\"Vorschau Ostschweizer Personaltag 2019: Arbeitgeber auf der Bewerberbank\" \/>\n<meta property=\"og:description\" content=\"Beim Ostschweizer Personaltag 2019 wird die Attraktivit\u00e4t des Arbeitgebers in Zeiten des Fachkr\u00e4ftemangels thematisiert.\" \/>\n<meta property=\"og:url\" content=\"https:\/\/www.organisator.ch\/en\/human-resources\/hrm\/2019-01-31\/vorschau-ostschweizer-personaltag-2019-arbeitgeber-auf-der-bewerberbank\/\" \/>\n<meta property=\"og:site_name\" content=\"Organisator\" \/>\n<meta property=\"article:publisher\" content=\"https:\/\/www.facebook.com\/OrganisatorFachmagazin\" \/>\n<meta property=\"article:published_time\" content=\"2019-01-31T08:04:41+00:00\" \/>\n<meta property=\"og:image\" content=\"https:\/\/www.organisator.ch\/wp-content\/uploads\/2019\/01\/Vorschau-Ostschweizer-Personaltag-2019-Arbeitgeber-auf-der-Bewerberbank_Organisator.jpg\" \/>\n\t<meta property=\"og:image:width\" content=\"680\" \/>\n\t<meta property=\"og:image:height\" content=\"447\" \/>\n\t<meta property=\"og:image:type\" content=\"image\/jpeg\" \/>\n<meta name=\"author\" content=\"thomas.berner\" \/>\n<meta name=\"twitter:card\" content=\"summary_large_image\" \/>\n<meta name=\"twitter:title\" content=\"Vorschau Ostschweizer #Personaltag 2019: Arbeitgeber auf der Bewerberbank\" \/>\n<meta name=\"twitter:description\" content=\"Beim Ostschweizer #Personaltag 2019 wird die Attraktivit\u00e4t des Arbeitgebers in Zeiten des Fachkr\u00e4ftemangels thematisiert.\" \/>\n<meta name=\"twitter:image\" content=\"https:\/\/www.organisator.ch\/wp-content\/uploads\/2019\/01\/Vorschau-Ostschweizer-Personaltag-2019-Arbeitgeber-auf-der-Bewerberbank_Organisator.jpg\" \/>\n<script type=\"application\/ld+json\" class=\"yoast-schema-graph\">{\"@context\":\"https:\\\/\\\/schema.org\",\"@graph\":[{\"@type\":\"Article\",\"@id\":\"https:\\\/\\\/www.organisator.ch\\\/human-resources\\\/hrm\\\/2019-01-31\\\/vorschau-ostschweizer-personaltag-2019-arbeitgeber-auf-der-bewerberbank\\\/#article\",\"isPartOf\":{\"@id\":\"https:\\\/\\\/www.organisator.ch\\\/human-resources\\\/hrm\\\/2019-01-31\\\/vorschau-ostschweizer-personaltag-2019-arbeitgeber-auf-der-bewerberbank\\\/\"},\"author\":{\"name\":\"thomas.berner\",\"@id\":\"https:\\\/\\\/www.organisator.ch\\\/#\\\/schema\\\/person\\\/6f650f90b2842cd4c0cc334b4e36f67e\"},\"headline\":\"Vorschau Ostschweizer Personaltag 2019: Arbeitgeber auf der Bewerberbank\",\"datePublished\":\"2019-01-31T08:04:41+00:00\",\"mainEntityOfPage\":{\"@id\":\"https:\\\/\\\/www.organisator.ch\\\/human-resources\\\/hrm\\\/2019-01-31\\\/vorschau-ostschweizer-personaltag-2019-arbeitgeber-auf-der-bewerberbank\\\/\"},\"wordCount\":508,\"commentCount\":0,\"publisher\":{\"@id\":\"https:\\\/\\\/www.organisator.ch\\\/#organization\"},\"image\":{\"@id\":\"https:\\\/\\\/www.organisator.ch\\\/human-resources\\\/hrm\\\/2019-01-31\\\/vorschau-ostschweizer-personaltag-2019-arbeitgeber-auf-der-bewerberbank\\\/#primaryimage\"},\"thumbnailUrl\":\"https:\\\/\\\/www.organisator.ch\\\/wp-content\\\/uploads\\\/2019\\\/01\\\/Vorschau-Ostschweizer-Personaltag-2019-Arbeitgeber-auf-der-Bewerberbank_Organisator.jpg\",\"keywords\":[\"Fachkongress\\\/Fachmesse\",\"HRM\",\"Recruiting\",\"Veranstaltungen\"],\"articleSection\":[\"HRM\"],\"inLanguage\":\"en-US\"},{\"@type\":\"WebPage\",\"@id\":\"https:\\\/\\\/www.organisator.ch\\\/human-resources\\\/hrm\\\/2019-01-31\\\/vorschau-ostschweizer-personaltag-2019-arbeitgeber-auf-der-bewerberbank\\\/\",\"url\":\"https:\\\/\\\/www.organisator.ch\\\/human-resources\\\/hrm\\\/2019-01-31\\\/vorschau-ostschweizer-personaltag-2019-arbeitgeber-auf-der-bewerberbank\\\/\",\"name\":\"Vorschau Ostschweizer Personaltag 2019: Arbeitgeber auf der Bewerberbank - Organisator\",\"isPartOf\":{\"@id\":\"https:\\\/\\\/www.organisator.ch\\\/#website\"},\"primaryImageOfPage\":{\"@id\":\"https:\\\/\\\/www.organisator.ch\\\/human-resources\\\/hrm\\\/2019-01-31\\\/vorschau-ostschweizer-personaltag-2019-arbeitgeber-auf-der-bewerberbank\\\/#primaryimage\"},\"image\":{\"@id\":\"https:\\\/\\\/www.organisator.ch\\\/human-resources\\\/hrm\\\/2019-01-31\\\/vorschau-ostschweizer-personaltag-2019-arbeitgeber-auf-der-bewerberbank\\\/#primaryimage\"},\"thumbnailUrl\":\"https:\\\/\\\/www.organisator.ch\\\/wp-content\\\/uploads\\\/2019\\\/01\\\/Vorschau-Ostschweizer-Personaltag-2019-Arbeitgeber-auf-der-Bewerberbank_Organisator.jpg\",\"datePublished\":\"2019-01-31T08:04:41+00:00\",\"description\":\"Beim Ostschweizer Personaltag 2019 wird die Attraktivit\u00e4t des Arbeitgebers in Zeiten des Fachkr\u00e4ftemangels thematisiert.\",\"breadcrumb\":{\"@id\":\"https:\\\/\\\/www.organisator.ch\\\/human-resources\\\/hrm\\\/2019-01-31\\\/vorschau-ostschweizer-personaltag-2019-arbeitgeber-auf-der-bewerberbank\\\/#breadcrumb\"},\"inLanguage\":\"en-US\",\"potentialAction\":[{\"@type\":\"ReadAction\",\"target\":[\"https:\\\/\\\/www.organisator.ch\\\/human-resources\\\/hrm\\\/2019-01-31\\\/vorschau-ostschweizer-personaltag-2019-arbeitgeber-auf-der-bewerberbank\\\/\"]}]},{\"@type\":\"ImageObject\",\"inLanguage\":\"en-US\",\"@id\":\"https:\\\/\\\/www.organisator.ch\\\/human-resources\\\/hrm\\\/2019-01-31\\\/vorschau-ostschweizer-personaltag-2019-arbeitgeber-auf-der-bewerberbank\\\/#primaryimage\",\"url\":\"https:\\\/\\\/www.organisator.ch\\\/wp-content\\\/uploads\\\/2019\\\/01\\\/Vorschau-Ostschweizer-Personaltag-2019-Arbeitgeber-auf-der-Bewerberbank_Organisator.jpg\",\"contentUrl\":\"https:\\\/\\\/www.organisator.ch\\\/wp-content\\\/uploads\\\/2019\\\/01\\\/Vorschau-Ostschweizer-Personaltag-2019-Arbeitgeber-auf-der-Bewerberbank_Organisator.jpg\",\"width\":680,\"height\":447,\"caption\":\"Die Referentinnen und Referenten am Ostschweizer Personaltag 2019 (v. l. n. r.): Bastian Schneider, Florian Wassel, Katharina Lehmann, Patricia Leventis, Dr. Oliver Haas, Matthias Wipf. (Bild: personaltag.ch\"},{\"@type\":\"BreadcrumbList\",\"@id\":\"https:\\\/\\\/www.organisator.ch\\\/human-resources\\\/hrm\\\/2019-01-31\\\/vorschau-ostschweizer-personaltag-2019-arbeitgeber-auf-der-bewerberbank\\\/#breadcrumb\",\"itemListElement\":[{\"@type\":\"ListItem\",\"position\":1,\"name\":\"Home\",\"item\":\"https:\\\/\\\/www.organisator.ch\\\/\"},{\"@type\":\"ListItem\",\"position\":2,\"name\":\"Vorschau Ostschweizer Personaltag 2019: Arbeitgeber auf der Bewerberbank\"}]},{\"@type\":\"WebSite\",\"@id\":\"https:\\\/\\\/www.organisator.ch\\\/#website\",\"url\":\"https:\\\/\\\/www.organisator.ch\\\/\",\"name\":\"Organisator\",\"description\":\"Kompetent. Praxisnah. Der ORGANISATOR bereitet in 10 Ausgaben pro Jahr die wesentlichen Themen f\u00fcr F\u00fchrungskr\u00e4fte von KMU auf.\",\"publisher\":{\"@id\":\"https:\\\/\\\/www.organisator.ch\\\/#organization\"},\"potentialAction\":[{\"@type\":\"SearchAction\",\"target\":{\"@type\":\"EntryPoint\",\"urlTemplate\":\"https:\\\/\\\/www.organisator.ch\\\/?s={search_term_string}\"},\"query-input\":{\"@type\":\"PropertyValueSpecification\",\"valueRequired\":true,\"valueName\":\"search_term_string\"}}],\"inLanguage\":\"en-US\"},{\"@type\":\"Organization\",\"@id\":\"https:\\\/\\\/www.organisator.ch\\\/#organization\",\"name\":\"Organisator\",\"url\":\"https:\\\/\\\/www.organisator.ch\\\/\",\"logo\":{\"@type\":\"ImageObject\",\"inLanguage\":\"en-US\",\"@id\":\"https:\\\/\\\/www.organisator.ch\\\/#\\\/schema\\\/logo\\\/image\\\/\",\"url\":\"https:\\\/\\\/www.organisator.ch\\\/wp-content\\\/uploads\\\/2022\\\/01\\\/Logo_Organisator_Website.png\",\"contentUrl\":\"https:\\\/\\\/www.organisator.ch\\\/wp-content\\\/uploads\\\/2022\\\/01\\\/Logo_Organisator_Website.png\",\"width\":800,\"height\":77,\"caption\":\"Organisator\"},\"image\":{\"@id\":\"https:\\\/\\\/www.organisator.ch\\\/#\\\/schema\\\/logo\\\/image\\\/\"},\"sameAs\":[\"https:\\\/\\\/www.facebook.com\\\/OrganisatorFachmagazin\",\"https:\\\/\\\/www.linkedin.com\\\/showcase\\\/organisator-das-magazin-fr-kmu\",\"https:\\\/\\\/www.xing.com\\\/news\\\/pages\\\/organisator-ch-695\",\"https:\\\/\\\/www.youtube.com\\\/channel\\\/UCGP2Sq0iWaZwT3BdIAQFYpw\"]},{\"@type\":\"Person\",\"@id\":\"https:\\\/\\\/www.organisator.ch\\\/#\\\/schema\\\/person\\\/6f650f90b2842cd4c0cc334b4e36f67e\",\"name\":\"thomas.berner\",\"image\":{\"@type\":\"ImageObject\",\"inLanguage\":\"en-US\",\"@id\":\"https:\\\/\\\/secure.gravatar.com\\\/avatar\\\/ac5001d2a36cb6c6cd3e50789007ffca834b477b74a2144564522e944eabff61?s=96&d=mm&r=g\",\"url\":\"https:\\\/\\\/secure.gravatar.com\\\/avatar\\\/ac5001d2a36cb6c6cd3e50789007ffca834b477b74a2144564522e944eabff61?s=96&d=mm&r=g\",\"contentUrl\":\"https:\\\/\\\/secure.gravatar.com\\\/avatar\\\/ac5001d2a36cb6c6cd3e50789007ffca834b477b74a2144564522e944eabff61?s=96&d=mm&r=g\",\"caption\":\"thomas.berner\"},\"url\":\"https:\\\/\\\/www.organisator.ch\\\/en\\\/author\\\/thomas-berner\\\/\"}]}<\/script>\n<!-- \/ Yoast SEO plugin. -->","yoast_head_json":{"title":"Preview Ostschweizer Personaltag 2019: Employers on the applicant bench - Organizer","description":"At the Ostschweizer Personalaltag 2019, the attractiveness of the employer in times of a shortage of skilled workers will be addressed.","robots":{"index":"index","follow":"follow","max-snippet":"max-snippet:-1","max-image-preview":"max-image-preview:large","max-video-preview":"max-video-preview:-1"},"canonical":"https:\/\/www.organisator.ch\/en\/human-resources\/hrm\/2019-01-31\/vorschau-ostschweizer-personaltag-2019-arbeitgeber-auf-der-bewerberbank\/","og_locale":"en_US","og_type":"article","og_title":"Vorschau Ostschweizer Personaltag 2019: Arbeitgeber auf der Bewerberbank","og_description":"Beim Ostschweizer Personaltag 2019 wird die Attraktivit\u00e4t des Arbeitgebers in Zeiten des Fachkr\u00e4ftemangels thematisiert.","og_url":"https:\/\/www.organisator.ch\/en\/human-resources\/hrm\/2019-01-31\/vorschau-ostschweizer-personaltag-2019-arbeitgeber-auf-der-bewerberbank\/","og_site_name":"Organisator","article_publisher":"https:\/\/www.facebook.com\/OrganisatorFachmagazin","article_published_time":"2019-01-31T08:04:41+00:00","og_image":[{"width":680,"height":447,"url":"https:\/\/www.organisator.ch\/wp-content\/uploads\/2019\/01\/Vorschau-Ostschweizer-Personaltag-2019-Arbeitgeber-auf-der-Bewerberbank_Organisator.jpg","type":"image\/jpeg"}],"author":"thomas.berner","twitter_card":"summary_large_image","twitter_title":"Vorschau Ostschweizer #Personaltag 2019: Arbeitgeber auf der Bewerberbank","twitter_description":"Beim Ostschweizer #Personaltag 2019 wird die Attraktivit\u00e4t des Arbeitgebers in Zeiten des Fachkr\u00e4ftemangels thematisiert.","twitter_image":"https:\/\/www.organisator.ch\/wp-content\/uploads\/2019\/01\/Vorschau-Ostschweizer-Personaltag-2019-Arbeitgeber-auf-der-Bewerberbank_Organisator.jpg","schema":{"@context":"https:\/\/schema.org","@graph":[{"@type":"Article","@id":"https:\/\/www.organisator.ch\/human-resources\/hrm\/2019-01-31\/vorschau-ostschweizer-personaltag-2019-arbeitgeber-auf-der-bewerberbank\/#article","isPartOf":{"@id":"https:\/\/www.organisator.ch\/human-resources\/hrm\/2019-01-31\/vorschau-ostschweizer-personaltag-2019-arbeitgeber-auf-der-bewerberbank\/"},"author":{"name":"thomas.berner","@id":"https:\/\/www.organisator.ch\/#\/schema\/person\/6f650f90b2842cd4c0cc334b4e36f67e"},"headline":"Vorschau Ostschweizer Personaltag 2019: Arbeitgeber auf der Bewerberbank","datePublished":"2019-01-31T08:04:41+00:00","mainEntityOfPage":{"@id":"https:\/\/www.organisator.ch\/human-resources\/hrm\/2019-01-31\/vorschau-ostschweizer-personaltag-2019-arbeitgeber-auf-der-bewerberbank\/"},"wordCount":508,"commentCount":0,"publisher":{"@id":"https:\/\/www.organisator.ch\/#organization"},"image":{"@id":"https:\/\/www.organisator.ch\/human-resources\/hrm\/2019-01-31\/vorschau-ostschweizer-personaltag-2019-arbeitgeber-auf-der-bewerberbank\/#primaryimage"},"thumbnailUrl":"https:\/\/www.organisator.ch\/wp-content\/uploads\/2019\/01\/Vorschau-Ostschweizer-Personaltag-2019-Arbeitgeber-auf-der-Bewerberbank_Organisator.jpg","keywords":["Fachkongress\/Fachmesse","HRM","Recruiting","Veranstaltungen"],"articleSection":["HRM"],"inLanguage":"en-US"},{"@type":"WebPage","@id":"https:\/\/www.organisator.ch\/human-resources\/hrm\/2019-01-31\/vorschau-ostschweizer-personaltag-2019-arbeitgeber-auf-der-bewerberbank\/","url":"https:\/\/www.organisator.ch\/human-resources\/hrm\/2019-01-31\/vorschau-ostschweizer-personaltag-2019-arbeitgeber-auf-der-bewerberbank\/","name":"Preview Ostschweizer Personaltag 2019: Employers on the applicant bench - Organizer","isPartOf":{"@id":"https:\/\/www.organisator.ch\/#website"},"primaryImageOfPage":{"@id":"https:\/\/www.organisator.ch\/human-resources\/hrm\/2019-01-31\/vorschau-ostschweizer-personaltag-2019-arbeitgeber-auf-der-bewerberbank\/#primaryimage"},"image":{"@id":"https:\/\/www.organisator.ch\/human-resources\/hrm\/2019-01-31\/vorschau-ostschweizer-personaltag-2019-arbeitgeber-auf-der-bewerberbank\/#primaryimage"},"thumbnailUrl":"https:\/\/www.organisator.ch\/wp-content\/uploads\/2019\/01\/Vorschau-Ostschweizer-Personaltag-2019-Arbeitgeber-auf-der-Bewerberbank_Organisator.jpg","datePublished":"2019-01-31T08:04:41+00:00","description":"At the Ostschweizer Personalaltag 2019, the attractiveness of the employer in times of a shortage of skilled workers will be addressed.","breadcrumb":{"@id":"https:\/\/www.organisator.ch\/human-resources\/hrm\/2019-01-31\/vorschau-ostschweizer-personaltag-2019-arbeitgeber-auf-der-bewerberbank\/#breadcrumb"},"inLanguage":"en-US","potentialAction":[{"@type":"ReadAction","target":["https:\/\/www.organisator.ch\/human-resources\/hrm\/2019-01-31\/vorschau-ostschweizer-personaltag-2019-arbeitgeber-auf-der-bewerberbank\/"]}]},{"@type":"ImageObject","inLanguage":"en-US","@id":"https:\/\/www.organisator.ch\/human-resources\/hrm\/2019-01-31\/vorschau-ostschweizer-personaltag-2019-arbeitgeber-auf-der-bewerberbank\/#primaryimage","url":"https:\/\/www.organisator.ch\/wp-content\/uploads\/2019\/01\/Vorschau-Ostschweizer-Personaltag-2019-Arbeitgeber-auf-der-Bewerberbank_Organisator.jpg","contentUrl":"https:\/\/www.organisator.ch\/wp-content\/uploads\/2019\/01\/Vorschau-Ostschweizer-Personaltag-2019-Arbeitgeber-auf-der-Bewerberbank_Organisator.jpg","width":680,"height":447,"caption":"Die Referentinnen und Referenten am Ostschweizer Personaltag 2019 (v. l. n. r.): Bastian Schneider, Florian Wassel, Katharina Lehmann, Patricia Leventis, Dr. Oliver Haas, Matthias Wipf. (Bild: personaltag.ch"},{"@type":"BreadcrumbList","@id":"https:\/\/www.organisator.ch\/human-resources\/hrm\/2019-01-31\/vorschau-ostschweizer-personaltag-2019-arbeitgeber-auf-der-bewerberbank\/#breadcrumb","itemListElement":[{"@type":"ListItem","position":1,"name":"Home","item":"https:\/\/www.organisator.ch\/"},{"@type":"ListItem","position":2,"name":"Vorschau Ostschweizer Personaltag 2019: Arbeitgeber auf der Bewerberbank"}]},{"@type":"WebSite","@id":"https:\/\/www.organisator.ch\/#website","url":"https:\/\/www.organisator.ch\/","name":"Organizer","description":"Competent. Practical. In 10 issues per year, ORGANISATOR presents the essential topics for managers of SMEs.","publisher":{"@id":"https:\/\/www.organisator.ch\/#organization"},"potentialAction":[{"@type":"SearchAction","target":{"@type":"EntryPoint","urlTemplate":"https:\/\/www.organisator.ch\/?s={search_term_string}"},"query-input":{"@type":"PropertyValueSpecification","valueRequired":true,"valueName":"search_term_string"}}],"inLanguage":"en-US"},{"@type":"Organization","@id":"https:\/\/www.organisator.ch\/#organization","name":"Organizer","url":"https:\/\/www.organisator.ch\/","logo":{"@type":"ImageObject","inLanguage":"en-US","@id":"https:\/\/www.organisator.ch\/#\/schema\/logo\/image\/","url":"https:\/\/www.organisator.ch\/wp-content\/uploads\/2022\/01\/Logo_Organisator_Website.png","contentUrl":"https:\/\/www.organisator.ch\/wp-content\/uploads\/2022\/01\/Logo_Organisator_Website.png","width":800,"height":77,"caption":"Organisator"},"image":{"@id":"https:\/\/www.organisator.ch\/#\/schema\/logo\/image\/"},"sameAs":["https:\/\/www.facebook.com\/OrganisatorFachmagazin","https:\/\/www.linkedin.com\/showcase\/organisator-das-magazin-fr-kmu","https:\/\/www.xing.com\/news\/pages\/organisator-ch-695","https:\/\/www.youtube.com\/channel\/UCGP2Sq0iWaZwT3BdIAQFYpw"]},{"@type":"Person","@id":"https:\/\/www.organisator.ch\/#\/schema\/person\/6f650f90b2842cd4c0cc334b4e36f67e","name":"thomas.berner","image":{"@type":"ImageObject","inLanguage":"en-US","@id":"https:\/\/secure.gravatar.com\/avatar\/ac5001d2a36cb6c6cd3e50789007ffca834b477b74a2144564522e944eabff61?s=96&d=mm&r=g","url":"https:\/\/secure.gravatar.com\/avatar\/ac5001d2a36cb6c6cd3e50789007ffca834b477b74a2144564522e944eabff61?s=96&d=mm&r=g","contentUrl":"https:\/\/secure.gravatar.com\/avatar\/ac5001d2a36cb6c6cd3e50789007ffca834b477b74a2144564522e944eabff61?s=96&d=mm&r=g","caption":"thomas.berner"},"url":"https:\/\/www.organisator.ch\/en\/author\/thomas-berner\/"}]}},"_links":{"self":[{"href":"https:\/\/www.organisator.ch\/en\/wp-json\/wp\/v2\/posts\/4818","targetHints":{"allow":["GET"]}}],"collection":[{"href":"https:\/\/www.organisator.ch\/en\/wp-json\/wp\/v2\/posts"}],"about":[{"href":"https:\/\/www.organisator.ch\/en\/wp-json\/wp\/v2\/types\/post"}],"author":[{"embeddable":true,"href":"https:\/\/www.organisator.ch\/en\/wp-json\/wp\/v2\/users\/4"}],"replies":[{"embeddable":true,"href":"https:\/\/www.organisator.ch\/en\/wp-json\/wp\/v2\/comments?post=4818"}],"version-history":[{"count":0,"href":"https:\/\/www.organisator.ch\/en\/wp-json\/wp\/v2\/posts\/4818\/revisions"}],"wp:featuredmedia":[{"embeddable":true,"href":"https:\/\/www.organisator.ch\/en\/wp-json\/wp\/v2\/media\/4819"}],"wp:attachment":[{"href":"https:\/\/www.organisator.ch\/en\/wp-json\/wp\/v2\/media?parent=4818"}],"wp:term":[{"taxonomy":"category","embeddable":true,"href":"https:\/\/www.organisator.ch\/en\/wp-json\/wp\/v2\/categories?post=4818"},{"taxonomy":"post_tag","embeddable":true,"href":"https:\/\/www.organisator.ch\/en\/wp-json\/wp\/v2\/tags?post=4818"}],"curies":[{"name":"wp","href":"https:\/\/api.w.org\/{rel}","templated":true}]}}