{"id":48185,"date":"2026-04-29T10:46:56","date_gmt":"2026-04-29T08:46:56","guid":{"rendered":"https:\/\/www.organisator.ch\/de\/?p=48185"},"modified":"2026-04-29T10:46:56","modified_gmt":"2026-04-29T08:46:56","slug":"swiss-staffingindex-temporaermarkt-dreht-nach-drei-jahren-ins-plus","status":"publish","type":"post","link":"https:\/\/www.organisator.ch\/en\/human-resources\/hrm\/2026-04-29\/swiss-staffingindex-temporaermarkt-dreht-nach-drei-jahren-ins-plus\/","title":{"rendered":"Swiss Staffingindex: Temporary staffing market turns positive after three years"},"content":{"rendered":"<figure id=\"attachment_48183\" aria-describedby=\"caption-attachment-48183\" style=\"width: 1400px\" class=\"wp-caption alignnone\"><img loading=\"lazy\" decoding=\"async\" class=\"size-full wp-image-48183\" src=\"https:\/\/www.organisator.ch\/wp-content\/uploads\/2026\/04\/swiss-staffingindex-quartalsentwicklung-Q1-2026-de-scaled.jpg\" alt=\"\" width=\"1400\" height=\"900\" srcset=\"https:\/\/www.organisator.ch\/wp-content\/uploads\/2026\/04\/swiss-staffingindex-quartalsentwicklung-Q1-2026-de-scaled.jpg 1400w, https:\/\/www.organisator.ch\/wp-content\/uploads\/2026\/04\/swiss-staffingindex-quartalsentwicklung-Q1-2026-de-680x437.jpg 680w, https:\/\/www.organisator.ch\/wp-content\/uploads\/2026\/04\/swiss-staffingindex-quartalsentwicklung-Q1-2026-de-1024x658.jpg 1024w, https:\/\/www.organisator.ch\/wp-content\/uploads\/2026\/04\/swiss-staffingindex-quartalsentwicklung-Q1-2026-de-768x494.jpg 768w, https:\/\/www.organisator.ch\/wp-content\/uploads\/2026\/04\/swiss-staffingindex-quartalsentwicklung-Q1-2026-de-1536x987.jpg 1536w, https:\/\/www.organisator.ch\/wp-content\/uploads\/2026\/04\/swiss-staffingindex-quartalsentwicklung-Q1-2026-de-2048x1316.jpg 2048w, https:\/\/www.organisator.ch\/wp-content\/uploads\/2026\/04\/swiss-staffingindex-quartalsentwicklung-Q1-2026-de-18x12.jpg 18w, https:\/\/www.organisator.ch\/wp-content\/uploads\/2026\/04\/swiss-staffingindex-quartalsentwicklung-Q1-2026-de-375x241.jpg 375w, https:\/\/www.organisator.ch\/wp-content\/uploads\/2026\/04\/swiss-staffingindex-quartalsentwicklung-Q1-2026-de-545x350.jpg 545w, https:\/\/www.organisator.ch\/wp-content\/uploads\/2026\/04\/swiss-staffingindex-quartalsentwicklung-Q1-2026-de-1000x643.jpg 1000w\" sizes=\"auto, (max-width: 1400px) 100vw, 1400px\" \/><figcaption id=\"caption-attachment-48183\" class=\"wp-caption-text\">Fixed-term employment market in sharp decline until Q1 2026. Source: zvg<\/figcaption><\/figure>\n<p>Swiss personnel service providers halted a multi-year downward trend in the first quarter of 2026: after twelve quarters with a negative sign, the number of hours worked by temporary staff rose by 1.3% compared to the previous year. The permanent placement business, on the other hand, continues to suffer from the economic slowdown and economic uncertainty - with a decline of 16.9%, the market segment is now falling for the eleventh quarter in a row. The Swiss Staffingindex is thus a clinical thermometer of the Swiss economy, reflecting the overall positive but fragile development of the labor market and economy.<\/p>\n<h3>Selective recovery with major regional differences<\/h3>\n<p>The first quarter was characterized by stabilization at a low level in the temporary market. There were marked regional differences: In Eastern Switzerland, more industrial companies had to register short-time work for their permanent staff, which caused the demand for temporary staff in the region to fall by 2.2% compared to the same quarter of the previous year. The Central Plateau, on the other hand, saw an increase of 5.5% - growth to which the watch industry made a significant contribution.<\/p>\n<p>Marcel Keller, Country President Adecco Group Switzerland, comments: \u00abThe slight recovery in the first quarter is not a broad-based upturn, but a selective countermovement in individual industrial clusters - particularly in the Central Plateau. After several weak quarters, companies there are responding cautiously with temporary hiring, but remain very cautious overall.\u00bb<\/p>\n<h3>Iran conflict: still no impact on business in March<\/h3>\n<p>The effects of the Iran conflict were not yet noticeable in March 2026. Staffing hours grew by 1.1% compared to the previous year - weaker than in January, but stronger than in February. Dr. Marius Osterfeld, economist at Swissstaffing, explains: \u00abBy historical standards, energy price increases in March were moderate despite the noticeable impact at the pumps. The Iran conflict therefore had hardly any impact on the business of staffing companies.\u00bb<\/p>\n<p>This is significant, as March has around 20% more working hours than January due to seasonal factors. Negative effects would have had a correspondingly greater impact on the quarterly result.<\/p>\n<p>However, Osterfeld is not giving the all-clear for the coming months: \u00abIf the conflict on the Strait of Hormuz is not resolved, this will hit Swiss industry particularly hard - and therefore also the temporary staffing sector.\u00bb The industrial sector accounts for around a quarter of the turnover of personnel service providers, which means that the temporary staffing industry reacts strongly to its business development.<\/p>\n<h3>Geopolitical uncertainty strengthens individual segments<\/h3>\n<p>However, the Iran conflict could also strengthen individual market segments: According to Osterfeld, the uncertainty surrounding kerosene prices and flight cancellations is likely to prompt more undecided travelers to take vacations in Switzerland or invest in consumer goods instead of booking a vacation. This will boost demand in the catering, hotel, logistics and retail sectors. The overall effect would nevertheless remain negative, as some of the money saved would have to be spent on higher prices.<\/p>\n<p>Despite the tense geopolitical situation, the CEOs of Swissstaffing member companies are optimistic: according to a survey conducted by the opinion and social research institute Gfs-Zurich, 38% of CEOs surveyed expect business to increase over the next six months - a figure comparable to the previous quarter's survey.<\/p>\n<p><em>Source: <a href=\"https:\/\/www.swissstaffing.ch\" target=\"_blank\" rel=\"noopener\">Swissstaffing<\/a>.<\/em><\/p>","protected":false},"excerpt":{"rendered":"<p>The Swiss temporary staffing market is growing again for the first time after twelve quarters in the red. In the first quarter of 2026, deployment hours rose by 1.3% - despite geopolitical tensions. However, the permanent placement business remains under heavy pressure.<\/p>","protected":false},"author":107,"featured_media":48183,"comment_status":"closed","ping_status":"closed","sticky":false,"template":"","format":"standard","meta":{"_acf_changed":false,"_yoast_wpseo_focuskw":"Swiss Staffingindex Q1 2026","_yoast_wpseo_metadesc":"Nach 12 Quartalen w\u00e4chst der Schweizer Tempor\u00e4rmarkt wieder um 1,3%. Das Feststellengesch\u00e4ft bleibt unter Druck. Alle Zahlen zum Swiss Staffingindex Q1 2026.","articlekey":"","footnotes":""},"categories":[26],"tags":[47,3745],"class_list":["post-48185","post","type-post","status-publish","format-standard","has-post-thumbnail","hentry","category-hrm","tag-arbeitsmarkt","tag-temporaerarbeit"],"acf":[],"yoast_head":"<!-- This site is optimized with the Yoast SEO plugin v27.5 - https:\/\/yoast.com\/product\/yoast-seo-wordpress\/ -->\n<title>Swiss Staffingindex: Tempor\u00e4rmarkt dreht nach drei Jahren ins Plus - Organisator<\/title>\n<meta name=\"description\" content=\"Nach 12 Quartalen w\u00e4chst der Schweizer Tempor\u00e4rmarkt wieder um 1,3%. Das Feststellengesch\u00e4ft bleibt unter Druck. Alle Zahlen zum Swiss Staffingindex Q1 2026.\" \/>\n<meta name=\"robots\" content=\"index, follow, max-snippet:-1, max-image-preview:large, max-video-preview:-1\" \/>\n<link rel=\"canonical\" href=\"https:\/\/www.organisator.ch\/en\/human-resources\/hrm\/2026-04-29\/swiss-staffingindex-temporaermarkt-dreht-nach-drei-jahren-ins-plus\/\" \/>\n<meta property=\"og:locale\" content=\"en_US\" \/>\n<meta property=\"og:type\" content=\"article\" \/>\n<meta property=\"og:title\" content=\"Swiss Staffingindex: Tempor\u00e4rmarkt dreht nach drei Jahren ins Plus\" \/>\n<meta property=\"og:description\" content=\"Nach 12 Quartalen w\u00e4chst der Schweizer Tempor\u00e4rmarkt wieder um 1,3%. Das Feststellengesch\u00e4ft bleibt unter Druck. Alle Zahlen zum Swiss Staffingindex Q1 2026.\" \/>\n<meta property=\"og:url\" content=\"https:\/\/www.organisator.ch\/en\/human-resources\/hrm\/2026-04-29\/swiss-staffingindex-temporaermarkt-dreht-nach-drei-jahren-ins-plus\/\" \/>\n<meta property=\"og:site_name\" content=\"Organisator\" \/>\n<meta property=\"article:publisher\" content=\"https:\/\/www.facebook.com\/OrganisatorFachmagazin\" \/>\n<meta property=\"article:published_time\" content=\"2026-04-29T08:46:56+00:00\" \/>\n<meta property=\"og:image\" content=\"https:\/\/www.organisator.ch\/wp-content\/uploads\/2026\/04\/swiss-staffingindex-quartalsentwicklung-Q1-2026-de-scaled.jpg\" \/>\n\t<meta property=\"og:image:width\" content=\"1400\" \/>\n\t<meta property=\"og:image:height\" content=\"900\" \/>\n\t<meta property=\"og:image:type\" content=\"image\/jpeg\" \/>\n<meta name=\"author\" content=\"n8n\" \/>\n<meta name=\"twitter:card\" content=\"summary_large_image\" \/>\n<meta name=\"twitter:title\" content=\"Swiss #Staffingindex: #Tempor\u00e4rmarkt dreht nach drei Jahren ins Plus\" \/>\n<meta name=\"twitter:description\" content=\"Nach 12 Quartalen w\u00e4chst der Schweizer #Tempor\u00e4rmarkt wieder um 1,3%. Das #Feststellengesch\u00e4ft bleibt unter Druck. Alle Zahlen zum Swiss #Staffingindex Q1 2026.\" \/>\n<meta name=\"twitter:image\" content=\"https:\/\/www.organisator.ch\/wp-content\/uploads\/2026\/04\/swiss-staffingindex-quartalsentwicklung-Q1-2026-de-scaled.jpg\" \/>\n<script type=\"application\/ld+json\" class=\"yoast-schema-graph\">{\"@context\":\"https:\\\/\\\/schema.org\",\"@graph\":[{\"@type\":\"Article\",\"@id\":\"https:\\\/\\\/www.organisator.ch\\\/human-resources\\\/hrm\\\/2026-04-29\\\/swiss-staffingindex-temporaermarkt-dreht-nach-drei-jahren-ins-plus\\\/#article\",\"isPartOf\":{\"@id\":\"https:\\\/\\\/www.organisator.ch\\\/human-resources\\\/hrm\\\/2026-04-29\\\/swiss-staffingindex-temporaermarkt-dreht-nach-drei-jahren-ins-plus\\\/\"},\"author\":{\"name\":\"n8n\",\"@id\":\"https:\\\/\\\/www.organisator.ch\\\/#\\\/schema\\\/person\\\/a9d0e0eff238db87a8f840f3b50359f0\"},\"headline\":\"Swiss Staffingindex: Tempor\u00e4rmarkt dreht nach drei Jahren ins Plus\",\"datePublished\":\"2026-04-29T08:46:56+00:00\",\"mainEntityOfPage\":{\"@id\":\"https:\\\/\\\/www.organisator.ch\\\/human-resources\\\/hrm\\\/2026-04-29\\\/swiss-staffingindex-temporaermarkt-dreht-nach-drei-jahren-ins-plus\\\/\"},\"wordCount\":522,\"publisher\":{\"@id\":\"https:\\\/\\\/www.organisator.ch\\\/#organization\"},\"image\":{\"@id\":\"https:\\\/\\\/www.organisator.ch\\\/human-resources\\\/hrm\\\/2026-04-29\\\/swiss-staffingindex-temporaermarkt-dreht-nach-drei-jahren-ins-plus\\\/#primaryimage\"},\"thumbnailUrl\":\"https:\\\/\\\/www.organisator.ch\\\/wp-content\\\/uploads\\\/2026\\\/04\\\/swiss-staffingindex-quartalsentwicklung-Q1-2026-de-scaled.jpg\",\"keywords\":[\"Arbeitsmarkt\",\"Tempor\u00e4rarbeit\"],\"articleSection\":[\"HRM\"],\"inLanguage\":\"en-US\"},{\"@type\":\"WebPage\",\"@id\":\"https:\\\/\\\/www.organisator.ch\\\/human-resources\\\/hrm\\\/2026-04-29\\\/swiss-staffingindex-temporaermarkt-dreht-nach-drei-jahren-ins-plus\\\/\",\"url\":\"https:\\\/\\\/www.organisator.ch\\\/human-resources\\\/hrm\\\/2026-04-29\\\/swiss-staffingindex-temporaermarkt-dreht-nach-drei-jahren-ins-plus\\\/\",\"name\":\"Swiss Staffingindex: Tempor\u00e4rmarkt dreht nach drei Jahren ins Plus - Organisator\",\"isPartOf\":{\"@id\":\"https:\\\/\\\/www.organisator.ch\\\/#website\"},\"primaryImageOfPage\":{\"@id\":\"https:\\\/\\\/www.organisator.ch\\\/human-resources\\\/hrm\\\/2026-04-29\\\/swiss-staffingindex-temporaermarkt-dreht-nach-drei-jahren-ins-plus\\\/#primaryimage\"},\"image\":{\"@id\":\"https:\\\/\\\/www.organisator.ch\\\/human-resources\\\/hrm\\\/2026-04-29\\\/swiss-staffingindex-temporaermarkt-dreht-nach-drei-jahren-ins-plus\\\/#primaryimage\"},\"thumbnailUrl\":\"https:\\\/\\\/www.organisator.ch\\\/wp-content\\\/uploads\\\/2026\\\/04\\\/swiss-staffingindex-quartalsentwicklung-Q1-2026-de-scaled.jpg\",\"datePublished\":\"2026-04-29T08:46:56+00:00\",\"description\":\"Nach 12 Quartalen w\u00e4chst der Schweizer Tempor\u00e4rmarkt wieder um 1,3%. Das Feststellengesch\u00e4ft bleibt unter Druck. Alle Zahlen zum Swiss Staffingindex Q1 2026.\",\"breadcrumb\":{\"@id\":\"https:\\\/\\\/www.organisator.ch\\\/human-resources\\\/hrm\\\/2026-04-29\\\/swiss-staffingindex-temporaermarkt-dreht-nach-drei-jahren-ins-plus\\\/#breadcrumb\"},\"inLanguage\":\"en-US\",\"potentialAction\":[{\"@type\":\"ReadAction\",\"target\":[\"https:\\\/\\\/www.organisator.ch\\\/human-resources\\\/hrm\\\/2026-04-29\\\/swiss-staffingindex-temporaermarkt-dreht-nach-drei-jahren-ins-plus\\\/\"]}]},{\"@type\":\"ImageObject\",\"inLanguage\":\"en-US\",\"@id\":\"https:\\\/\\\/www.organisator.ch\\\/human-resources\\\/hrm\\\/2026-04-29\\\/swiss-staffingindex-temporaermarkt-dreht-nach-drei-jahren-ins-plus\\\/#primaryimage\",\"url\":\"https:\\\/\\\/www.organisator.ch\\\/wp-content\\\/uploads\\\/2026\\\/04\\\/swiss-staffingindex-quartalsentwicklung-Q1-2026-de-scaled.jpg\",\"contentUrl\":\"https:\\\/\\\/www.organisator.ch\\\/wp-content\\\/uploads\\\/2026\\\/04\\\/swiss-staffingindex-quartalsentwicklung-Q1-2026-de-scaled.jpg\",\"width\":1400,\"height\":900,\"caption\":\"Feststellenmarkt bis Q1 2026 stark r\u00fcckl\u00e4ufig. Quelle: zvg\"},{\"@type\":\"BreadcrumbList\",\"@id\":\"https:\\\/\\\/www.organisator.ch\\\/human-resources\\\/hrm\\\/2026-04-29\\\/swiss-staffingindex-temporaermarkt-dreht-nach-drei-jahren-ins-plus\\\/#breadcrumb\",\"itemListElement\":[{\"@type\":\"ListItem\",\"position\":1,\"name\":\"Home\",\"item\":\"https:\\\/\\\/www.organisator.ch\\\/\"},{\"@type\":\"ListItem\",\"position\":2,\"name\":\"Swiss Staffingindex: Tempor\u00e4rmarkt dreht nach drei Jahren ins Plus\"}]},{\"@type\":\"WebSite\",\"@id\":\"https:\\\/\\\/www.organisator.ch\\\/#website\",\"url\":\"https:\\\/\\\/www.organisator.ch\\\/\",\"name\":\"Organisator\",\"description\":\"Kompetent. Praxisnah. Der ORGANISATOR bereitet in 10 Ausgaben pro Jahr die wesentlichen Themen f\u00fcr F\u00fchrungskr\u00e4fte von KMU auf.\",\"publisher\":{\"@id\":\"https:\\\/\\\/www.organisator.ch\\\/#organization\"},\"potentialAction\":[{\"@type\":\"SearchAction\",\"target\":{\"@type\":\"EntryPoint\",\"urlTemplate\":\"https:\\\/\\\/www.organisator.ch\\\/?s={search_term_string}\"},\"query-input\":{\"@type\":\"PropertyValueSpecification\",\"valueRequired\":true,\"valueName\":\"search_term_string\"}}],\"inLanguage\":\"en-US\"},{\"@type\":\"Organization\",\"@id\":\"https:\\\/\\\/www.organisator.ch\\\/#organization\",\"name\":\"Organisator\",\"url\":\"https:\\\/\\\/www.organisator.ch\\\/\",\"logo\":{\"@type\":\"ImageObject\",\"inLanguage\":\"en-US\",\"@id\":\"https:\\\/\\\/www.organisator.ch\\\/#\\\/schema\\\/logo\\\/image\\\/\",\"url\":\"https:\\\/\\\/www.organisator.ch\\\/wp-content\\\/uploads\\\/2022\\\/01\\\/Logo_Organisator_Website.png\",\"contentUrl\":\"https:\\\/\\\/www.organisator.ch\\\/wp-content\\\/uploads\\\/2022\\\/01\\\/Logo_Organisator_Website.png\",\"width\":800,\"height\":77,\"caption\":\"Organisator\"},\"image\":{\"@id\":\"https:\\\/\\\/www.organisator.ch\\\/#\\\/schema\\\/logo\\\/image\\\/\"},\"sameAs\":[\"https:\\\/\\\/www.facebook.com\\\/OrganisatorFachmagazin\",\"https:\\\/\\\/www.linkedin.com\\\/showcase\\\/organisator-das-magazin-fr-kmu\",\"https:\\\/\\\/www.xing.com\\\/news\\\/pages\\\/organisator-ch-695\",\"https:\\\/\\\/www.youtube.com\\\/channel\\\/UCGP2Sq0iWaZwT3BdIAQFYpw\"]},{\"@type\":\"Person\",\"@id\":\"https:\\\/\\\/www.organisator.ch\\\/#\\\/schema\\\/person\\\/a9d0e0eff238db87a8f840f3b50359f0\",\"name\":\"n8n\",\"image\":{\"@type\":\"ImageObject\",\"inLanguage\":\"en-US\",\"@id\":\"https:\\\/\\\/secure.gravatar.com\\\/avatar\\\/5368fb9d03fd415a6f335cece4c15af2502d6ca8651efbd6e8f98427a9795400?s=96&d=mm&r=g\",\"url\":\"https:\\\/\\\/secure.gravatar.com\\\/avatar\\\/5368fb9d03fd415a6f335cece4c15af2502d6ca8651efbd6e8f98427a9795400?s=96&d=mm&r=g\",\"contentUrl\":\"https:\\\/\\\/secure.gravatar.com\\\/avatar\\\/5368fb9d03fd415a6f335cece4c15af2502d6ca8651efbd6e8f98427a9795400?s=96&d=mm&r=g\",\"caption\":\"n8n\"},\"url\":\"https:\\\/\\\/www.organisator.ch\\\/en\\\/author\\\/n8n\\\/\"}]}<\/script>\n<!-- \/ Yoast SEO plugin. -->","yoast_head_json":{"title":"Swiss Staffingindex: Temporary staffing market turns positive after three years - Organizer","description":"After 12 quarters, the Swiss temporary market is growing again by 1.3%. The permanent placement business remains under pressure. All figures on the Swiss Staffingindex Q1 2026.","robots":{"index":"index","follow":"follow","max-snippet":"max-snippet:-1","max-image-preview":"max-image-preview:large","max-video-preview":"max-video-preview:-1"},"canonical":"https:\/\/www.organisator.ch\/en\/human-resources\/hrm\/2026-04-29\/swiss-staffingindex-temporaermarkt-dreht-nach-drei-jahren-ins-plus\/","og_locale":"en_US","og_type":"article","og_title":"Swiss Staffingindex: Tempor\u00e4rmarkt dreht nach drei Jahren ins Plus","og_description":"Nach 12 Quartalen w\u00e4chst der Schweizer Tempor\u00e4rmarkt wieder um 1,3%. Das Feststellengesch\u00e4ft bleibt unter Druck. Alle Zahlen zum Swiss Staffingindex Q1 2026.","og_url":"https:\/\/www.organisator.ch\/en\/human-resources\/hrm\/2026-04-29\/swiss-staffingindex-temporaermarkt-dreht-nach-drei-jahren-ins-plus\/","og_site_name":"Organisator","article_publisher":"https:\/\/www.facebook.com\/OrganisatorFachmagazin","article_published_time":"2026-04-29T08:46:56+00:00","og_image":[{"width":1400,"height":900,"url":"https:\/\/www.organisator.ch\/wp-content\/uploads\/2026\/04\/swiss-staffingindex-quartalsentwicklung-Q1-2026-de-scaled.jpg","type":"image\/jpeg"}],"author":"n8n","twitter_card":"summary_large_image","twitter_title":"Swiss #Staffingindex: #Tempor\u00e4rmarkt dreht nach drei Jahren ins Plus","twitter_description":"Nach 12 Quartalen w\u00e4chst der Schweizer #Tempor\u00e4rmarkt wieder um 1,3%. Das #Feststellengesch\u00e4ft bleibt unter Druck. Alle Zahlen zum Swiss #Staffingindex Q1 2026.","twitter_image":"https:\/\/www.organisator.ch\/wp-content\/uploads\/2026\/04\/swiss-staffingindex-quartalsentwicklung-Q1-2026-de-scaled.jpg","schema":{"@context":"https:\/\/schema.org","@graph":[{"@type":"Article","@id":"https:\/\/www.organisator.ch\/human-resources\/hrm\/2026-04-29\/swiss-staffingindex-temporaermarkt-dreht-nach-drei-jahren-ins-plus\/#article","isPartOf":{"@id":"https:\/\/www.organisator.ch\/human-resources\/hrm\/2026-04-29\/swiss-staffingindex-temporaermarkt-dreht-nach-drei-jahren-ins-plus\/"},"author":{"name":"n8n","@id":"https:\/\/www.organisator.ch\/#\/schema\/person\/a9d0e0eff238db87a8f840f3b50359f0"},"headline":"Swiss Staffingindex: Tempor\u00e4rmarkt dreht nach drei Jahren ins Plus","datePublished":"2026-04-29T08:46:56+00:00","mainEntityOfPage":{"@id":"https:\/\/www.organisator.ch\/human-resources\/hrm\/2026-04-29\/swiss-staffingindex-temporaermarkt-dreht-nach-drei-jahren-ins-plus\/"},"wordCount":522,"publisher":{"@id":"https:\/\/www.organisator.ch\/#organization"},"image":{"@id":"https:\/\/www.organisator.ch\/human-resources\/hrm\/2026-04-29\/swiss-staffingindex-temporaermarkt-dreht-nach-drei-jahren-ins-plus\/#primaryimage"},"thumbnailUrl":"https:\/\/www.organisator.ch\/wp-content\/uploads\/2026\/04\/swiss-staffingindex-quartalsentwicklung-Q1-2026-de-scaled.jpg","keywords":["Arbeitsmarkt","Tempor\u00e4rarbeit"],"articleSection":["HRM"],"inLanguage":"en-US"},{"@type":"WebPage","@id":"https:\/\/www.organisator.ch\/human-resources\/hrm\/2026-04-29\/swiss-staffingindex-temporaermarkt-dreht-nach-drei-jahren-ins-plus\/","url":"https:\/\/www.organisator.ch\/human-resources\/hrm\/2026-04-29\/swiss-staffingindex-temporaermarkt-dreht-nach-drei-jahren-ins-plus\/","name":"Swiss Staffingindex: Temporary staffing market turns positive after three years - Organizer","isPartOf":{"@id":"https:\/\/www.organisator.ch\/#website"},"primaryImageOfPage":{"@id":"https:\/\/www.organisator.ch\/human-resources\/hrm\/2026-04-29\/swiss-staffingindex-temporaermarkt-dreht-nach-drei-jahren-ins-plus\/#primaryimage"},"image":{"@id":"https:\/\/www.organisator.ch\/human-resources\/hrm\/2026-04-29\/swiss-staffingindex-temporaermarkt-dreht-nach-drei-jahren-ins-plus\/#primaryimage"},"thumbnailUrl":"https:\/\/www.organisator.ch\/wp-content\/uploads\/2026\/04\/swiss-staffingindex-quartalsentwicklung-Q1-2026-de-scaled.jpg","datePublished":"2026-04-29T08:46:56+00:00","description":"After 12 quarters, the Swiss temporary market is growing again by 1.3%. The permanent placement business remains under pressure. All figures on the Swiss Staffingindex Q1 2026.","breadcrumb":{"@id":"https:\/\/www.organisator.ch\/human-resources\/hrm\/2026-04-29\/swiss-staffingindex-temporaermarkt-dreht-nach-drei-jahren-ins-plus\/#breadcrumb"},"inLanguage":"en-US","potentialAction":[{"@type":"ReadAction","target":["https:\/\/www.organisator.ch\/human-resources\/hrm\/2026-04-29\/swiss-staffingindex-temporaermarkt-dreht-nach-drei-jahren-ins-plus\/"]}]},{"@type":"ImageObject","inLanguage":"en-US","@id":"https:\/\/www.organisator.ch\/human-resources\/hrm\/2026-04-29\/swiss-staffingindex-temporaermarkt-dreht-nach-drei-jahren-ins-plus\/#primaryimage","url":"https:\/\/www.organisator.ch\/wp-content\/uploads\/2026\/04\/swiss-staffingindex-quartalsentwicklung-Q1-2026-de-scaled.jpg","contentUrl":"https:\/\/www.organisator.ch\/wp-content\/uploads\/2026\/04\/swiss-staffingindex-quartalsentwicklung-Q1-2026-de-scaled.jpg","width":1400,"height":900,"caption":"Feststellenmarkt bis Q1 2026 stark r\u00fcckl\u00e4ufig. Quelle: zvg"},{"@type":"BreadcrumbList","@id":"https:\/\/www.organisator.ch\/human-resources\/hrm\/2026-04-29\/swiss-staffingindex-temporaermarkt-dreht-nach-drei-jahren-ins-plus\/#breadcrumb","itemListElement":[{"@type":"ListItem","position":1,"name":"Home","item":"https:\/\/www.organisator.ch\/"},{"@type":"ListItem","position":2,"name":"Swiss Staffingindex: Tempor\u00e4rmarkt dreht nach drei Jahren ins Plus"}]},{"@type":"WebSite","@id":"https:\/\/www.organisator.ch\/#website","url":"https:\/\/www.organisator.ch\/","name":"Organizer","description":"Competent. Practical. In 10 issues per year, ORGANISATOR presents the essential topics for managers of SMEs.","publisher":{"@id":"https:\/\/www.organisator.ch\/#organization"},"potentialAction":[{"@type":"SearchAction","target":{"@type":"EntryPoint","urlTemplate":"https:\/\/www.organisator.ch\/?s={search_term_string}"},"query-input":{"@type":"PropertyValueSpecification","valueRequired":true,"valueName":"search_term_string"}}],"inLanguage":"en-US"},{"@type":"Organization","@id":"https:\/\/www.organisator.ch\/#organization","name":"Organizer","url":"https:\/\/www.organisator.ch\/","logo":{"@type":"ImageObject","inLanguage":"en-US","@id":"https:\/\/www.organisator.ch\/#\/schema\/logo\/image\/","url":"https:\/\/www.organisator.ch\/wp-content\/uploads\/2022\/01\/Logo_Organisator_Website.png","contentUrl":"https:\/\/www.organisator.ch\/wp-content\/uploads\/2022\/01\/Logo_Organisator_Website.png","width":800,"height":77,"caption":"Organisator"},"image":{"@id":"https:\/\/www.organisator.ch\/#\/schema\/logo\/image\/"},"sameAs":["https:\/\/www.facebook.com\/OrganisatorFachmagazin","https:\/\/www.linkedin.com\/showcase\/organisator-das-magazin-fr-kmu","https:\/\/www.xing.com\/news\/pages\/organisator-ch-695","https:\/\/www.youtube.com\/channel\/UCGP2Sq0iWaZwT3BdIAQFYpw"]},{"@type":"Person","@id":"https:\/\/www.organisator.ch\/#\/schema\/person\/a9d0e0eff238db87a8f840f3b50359f0","name":"n8n","image":{"@type":"ImageObject","inLanguage":"en-US","@id":"https:\/\/secure.gravatar.com\/avatar\/5368fb9d03fd415a6f335cece4c15af2502d6ca8651efbd6e8f98427a9795400?s=96&d=mm&r=g","url":"https:\/\/secure.gravatar.com\/avatar\/5368fb9d03fd415a6f335cece4c15af2502d6ca8651efbd6e8f98427a9795400?s=96&d=mm&r=g","contentUrl":"https:\/\/secure.gravatar.com\/avatar\/5368fb9d03fd415a6f335cece4c15af2502d6ca8651efbd6e8f98427a9795400?s=96&d=mm&r=g","caption":"n8n"},"url":"https:\/\/www.organisator.ch\/en\/author\/n8n\/"}]}},"_links":{"self":[{"href":"https:\/\/www.organisator.ch\/en\/wp-json\/wp\/v2\/posts\/48185","targetHints":{"allow":["GET"]}}],"collection":[{"href":"https:\/\/www.organisator.ch\/en\/wp-json\/wp\/v2\/posts"}],"about":[{"href":"https:\/\/www.organisator.ch\/en\/wp-json\/wp\/v2\/types\/post"}],"author":[{"embeddable":true,"href":"https:\/\/www.organisator.ch\/en\/wp-json\/wp\/v2\/users\/107"}],"replies":[{"embeddable":true,"href":"https:\/\/www.organisator.ch\/en\/wp-json\/wp\/v2\/comments?post=48185"}],"version-history":[{"count":4,"href":"https:\/\/www.organisator.ch\/en\/wp-json\/wp\/v2\/posts\/48185\/revisions"}],"predecessor-version":[{"id":48229,"href":"https:\/\/www.organisator.ch\/en\/wp-json\/wp\/v2\/posts\/48185\/revisions\/48229"}],"wp:featuredmedia":[{"embeddable":true,"href":"https:\/\/www.organisator.ch\/en\/wp-json\/wp\/v2\/media\/48183"}],"wp:attachment":[{"href":"https:\/\/www.organisator.ch\/en\/wp-json\/wp\/v2\/media?parent=48185"}],"wp:term":[{"taxonomy":"category","embeddable":true,"href":"https:\/\/www.organisator.ch\/en\/wp-json\/wp\/v2\/categories?post=48185"},{"taxonomy":"post_tag","embeddable":true,"href":"https:\/\/www.organisator.ch\/en\/wp-json\/wp\/v2\/tags?post=48185"}],"curies":[{"name":"wp","href":"https:\/\/api.w.org\/{rel}","templated":true}]}}