{"id":48215,"date":"2026-04-29T14:52:26","date_gmt":"2026-04-29T12:52:26","guid":{"rendered":"https:\/\/www.organisator.ch\/de\/?p=48215"},"modified":"2026-04-29T17:11:45","modified_gmt":"2026-04-29T15:11:45","slug":"resilens-neue-plattform-macht-klimaanpassung-finanzierbar","status":"publish","type":"post","link":"https:\/\/www.organisator.ch\/en\/sustainability\/2026-04-29\/resilens-neue-plattform-macht-klimaanpassung-finanzierbar\/","title":{"rendered":"Resilens: New platform makes climate adaptation affordable"},"content":{"rendered":"<figure id=\"attachment_48214\" aria-describedby=\"caption-attachment-48214\" style=\"width: 1400px\" class=\"wp-caption alignnone\"><img loading=\"lazy\" decoding=\"async\" class=\"size-full wp-image-48214\" src=\"https:\/\/www.organisator.ch\/wp-content\/uploads\/2026\/04\/oliver_marchand-1-scaled.jpg\" alt=\"\" width=\"1400\" height=\"933\" srcset=\"https:\/\/www.organisator.ch\/wp-content\/uploads\/2026\/04\/oliver_marchand-1-scaled.jpg 1400w, https:\/\/www.organisator.ch\/wp-content\/uploads\/2026\/04\/oliver_marchand-1-680x453.jpg 680w, https:\/\/www.organisator.ch\/wp-content\/uploads\/2026\/04\/oliver_marchand-1-1024x683.jpg 1024w, https:\/\/www.organisator.ch\/wp-content\/uploads\/2026\/04\/oliver_marchand-1-768x512.jpg 768w, https:\/\/www.organisator.ch\/wp-content\/uploads\/2026\/04\/oliver_marchand-1-1536x1024.jpg 1536w, https:\/\/www.organisator.ch\/wp-content\/uploads\/2026\/04\/oliver_marchand-1-2048x1365.jpg 2048w, https:\/\/www.organisator.ch\/wp-content\/uploads\/2026\/04\/oliver_marchand-1-18x12.jpg 18w, https:\/\/www.organisator.ch\/wp-content\/uploads\/2026\/04\/oliver_marchand-1-375x250.jpg 375w, https:\/\/www.organisator.ch\/wp-content\/uploads\/2026\/04\/oliver_marchand-1-525x350.jpg 525w, https:\/\/www.organisator.ch\/wp-content\/uploads\/2026\/04\/oliver_marchand-1-1000x667.jpg 1000w\" sizes=\"auto, (max-width: 1400px) 100vw, 1400px\" \/><figcaption id=\"caption-attachment-48214\" class=\"wp-caption-text\">Oliver Marchand is committed to sustainability and launches the new Resilens platform. Source: zvg<\/figcaption><\/figure>\n<p>In the first half of 2025 alone, climate disasters caused economic damage of over 162 billion US dollars worldwide. The European Commission estimates the annual investment requirement for climate adaptation in Europe at 70 billion euros - in reality, only 20 to 33 billion euros have been invested so far. The new Zurich-based start-up Resilens aims to close this gap.<\/p>\n<h3>The problem: data is available, solutions are missing<\/h3>\n<p>The lack of climate data is not the central problem. What is lacking is the ability to translate this data into feasible and economically viable measures. \u00abThere is a lack of a standardized and efficient procedure that makes comparisons, quantifies the benefits and verifies implementation. The traditional method of evaluating measures is too expensive and time-consuming,\u00bb says CEO Dr. Oliver Marchand.<\/p>\n<p>Marchand has first-hand knowledge of the interface between climate science and the financial world: he founded Carbon Delta, a climate fintech that MSCI acquired in 2019. Subsequently, as Global Head of Climate Risk Research, he led the international team for climate risk models at MSCI and established the \u00abClimate Value-at-Risk\u00bb as a global benchmark in the financial sector.<\/p>\n<h3>How Resilens works<\/h3>\n<p>Resilens combines geo and hazard data, location-based risk analysis and cost-benefit calculations at measure level in a continuously updated platform. At its core is the key figure \u00abAdaptationReturn\u00bb, which quantifies the benefit of each adaptation measure at each location before the investment. It records avoided damage, economic added value and social co-benefits such as health, labor productivity and educational continuity. At the same time, it identifies maladaptation risks - i.e. investments that would be ineffective or counterproductive.<\/p>\n<p>Resilens thus goes beyond the provision of a risk model and offers reliable investment decisions through prioritization of measures, cost calculation, key figures, eligibility and implementation tracking.<\/p>\n<h3>First pilot projects in Europe<\/h3>\n<p>Resilens is currently conducting several pilot projects focusing on heat adaptation for social infrastructure such as retirement homes, schools and daycare centers. This is an acute problem, as summers are getting hotter and hotter and performance decreases noticeably from an indoor temperature of just 25 \u00b0C.<\/p>\n<p>As part of the EU-funded Pathways2Resilience program, Resilens is supporting the city of Worms in setting up a digital dashboard for climate adaptation. The collaboration builds on a pilot for heat protection for 55 daycare centres and shows how municipalities can make climate resilience more transparent, data-based and easier to prioritize.<\/p>\n<h3>Experienced founding team<\/h3>\n<p>In addition to CEO Dr. Oliver Marchand, the core team includes two other co-founders: Christian Schmelter is responsible for market positioning and commercialization as CCO and has many years of experience in scaling digital business models, including at Zattoo and Comparis. CTO Dr. Stephan Heuel, who holds a doctorate in geoinformatics and has experience in management roles at MSCI and EBP, is responsible for the technological development of the platform with a focus on geoinformation, data-driven solutions and digital transformation.<\/p>\n<p>James Grabert advises the team as Senior Advisor. Grabert has headed the Mitigation Division at the United Nations Climate Change Secretariat (UNFCCC) for almost 30 years and was previously an analyst at the World Economic Forum in Geneva.<\/p>\n<h3>Strategic investor from the world of climate data<\/h3>\n<p>Resilens is financed by the founders\u00ab own funds and capital from strategic investor Dr. Karl Gutbrod. Gutbrod has built meteoblue into one of the most renowned providers of weather and climate data over almost two decades. \u00bbHigh-quality climate data is only effective if it is applied to real locations and translated into better decisions. This is precisely the path that Resilens is taking,\" says Gutbrod.<\/p>\n<h3>Launch at ETH Zurich as part of Zurich Climate Week<\/h3>\n<p>The public launch of Resilens will take place on May 6, 2026 as part of Zurich Climate Week. The launch event will take place on the premises of ETH Zurich in partnership with Climada Technologies, an ETH spin-off and provider of climate risk data. A study on the heat risk of hospitals in the canton of Zurich will also be published as part of the event, providing an example of what location-specific decision support looks like in practice. At the same time, the Resilens platform will go live - municipalities, companies and institutions can book a demo from this date and test the platform free of charge for 30 days.<\/p>\n<p><a href=\"https:\/\/resilens.com\/de\/\"><em>Further information on Resilens<\/em><\/a><\/p>","protected":false},"excerpt":{"rendered":"<p>Zurich-based climate expert Dr. Oliver Marchand, founder of the climate fintech Carbon Delta, which was acquired by MSCI in 2019, is launching his new company Resilens on 6 May 2026. The platform helps municipalities, companies and institutions to assess climate risks at a precise location and derive financially viable investment plans.<\/p>","protected":false},"author":107,"featured_media":48214,"comment_status":"closed","ping_status":"closed","sticky":false,"template":"","format":"standard","meta":{"_acf_changed":false,"_yoast_wpseo_focuskw":"Klimaanpassung finanzierbar","_yoast_wpseo_metadesc":"Resilens macht Klimaanpassung finanzierbar: Die neue Plattform von Carbon-Delta-Gr\u00fcnder Oliver Marchand bewertet Klimarisiken standortgenau.","articlekey":"","footnotes":""},"categories":[580],"tags":[358,451,492],"class_list":["post-48215","post","type-post","status-publish","format-standard","has-post-thumbnail","hentry","category-sustainability","tag-nachhaltige-wirtschaft","tag-startups","tag-unternehmen"],"acf":[],"yoast_head":"<!-- This site is optimized with the Yoast SEO plugin v27.5 - https:\/\/yoast.com\/product\/yoast-seo-wordpress\/ -->\n<title>Resilens: Neue Plattform macht Klimaanpassung finanzierbar - Organisator<\/title>\n<meta name=\"description\" content=\"Resilens macht Klimaanpassung finanzierbar: Die neue Plattform von Carbon-Delta-Gr\u00fcnder Oliver Marchand bewertet Klimarisiken standortgenau.\" \/>\n<meta name=\"robots\" content=\"index, follow, max-snippet:-1, max-image-preview:large, max-video-preview:-1\" \/>\n<link rel=\"canonical\" href=\"https:\/\/www.organisator.ch\/en\/sustainability\/2026-04-29\/resilens-neue-plattform-macht-klimaanpassung-finanzierbar\/\" \/>\n<meta property=\"og:locale\" content=\"en_US\" \/>\n<meta property=\"og:type\" content=\"article\" \/>\n<meta property=\"og:title\" content=\"Resilens: Neue Plattform macht Klimaanpassung finanzierbar\" \/>\n<meta property=\"og:description\" content=\"Resilens macht Klimaanpassung finanzierbar: Die neue Plattform von Carbon-Delta-Gr\u00fcnder Oliver Marchand bewertet Klimarisiken standortgenau.\" \/>\n<meta property=\"og:url\" content=\"https:\/\/www.organisator.ch\/en\/sustainability\/2026-04-29\/resilens-neue-plattform-macht-klimaanpassung-finanzierbar\/\" \/>\n<meta property=\"og:site_name\" content=\"Organisator\" \/>\n<meta property=\"article:publisher\" content=\"https:\/\/www.facebook.com\/OrganisatorFachmagazin\" \/>\n<meta property=\"article:published_time\" content=\"2026-04-29T12:52:26+00:00\" \/>\n<meta property=\"article:modified_time\" content=\"2026-04-29T15:11:45+00:00\" \/>\n<meta property=\"og:image\" content=\"https:\/\/www.organisator.ch\/wp-content\/uploads\/2026\/04\/oliver_marchand-1-scaled.jpg\" \/>\n\t<meta property=\"og:image:width\" content=\"1400\" \/>\n\t<meta property=\"og:image:height\" content=\"933\" \/>\n\t<meta property=\"og:image:type\" content=\"image\/jpeg\" \/>\n<meta name=\"author\" content=\"n8n\" \/>\n<meta name=\"twitter:card\" content=\"summary_large_image\" \/>\n<meta name=\"twitter:title\" content=\"#Resilens: Neue #Plattform macht Klimaanpassung finanzierbar\" \/>\n<meta name=\"twitter:description\" content=\"#Resilens macht Klimaanpassung finanzierbar: Die neue #Plattform von Carbon-Delta-Gr\u00fcnder Oliver #Marchand bewertet Klimarisiken standortgenau.\" \/>\n<meta name=\"twitter:image\" content=\"https:\/\/www.organisator.ch\/wp-content\/uploads\/2026\/04\/oliver_marchand-1-scaled.jpg\" \/>\n<script type=\"application\/ld+json\" class=\"yoast-schema-graph\">{\"@context\":\"https:\\\/\\\/schema.org\",\"@graph\":[{\"@type\":\"Article\",\"@id\":\"https:\\\/\\\/www.organisator.ch\\\/sustainability\\\/2026-04-29\\\/resilens-neue-plattform-macht-klimaanpassung-finanzierbar\\\/#article\",\"isPartOf\":{\"@id\":\"https:\\\/\\\/www.organisator.ch\\\/sustainability\\\/2026-04-29\\\/resilens-neue-plattform-macht-klimaanpassung-finanzierbar\\\/\"},\"author\":{\"name\":\"n8n\",\"@id\":\"https:\\\/\\\/www.organisator.ch\\\/#\\\/schema\\\/person\\\/a9d0e0eff238db87a8f840f3b50359f0\"},\"headline\":\"Resilens: Neue Plattform macht Klimaanpassung finanzierbar\",\"datePublished\":\"2026-04-29T12:52:26+00:00\",\"dateModified\":\"2026-04-29T15:11:45+00:00\",\"mainEntityOfPage\":{\"@id\":\"https:\\\/\\\/www.organisator.ch\\\/sustainability\\\/2026-04-29\\\/resilens-neue-plattform-macht-klimaanpassung-finanzierbar\\\/\"},\"wordCount\":656,\"publisher\":{\"@id\":\"https:\\\/\\\/www.organisator.ch\\\/#organization\"},\"image\":{\"@id\":\"https:\\\/\\\/www.organisator.ch\\\/sustainability\\\/2026-04-29\\\/resilens-neue-plattform-macht-klimaanpassung-finanzierbar\\\/#primaryimage\"},\"thumbnailUrl\":\"https:\\\/\\\/www.organisator.ch\\\/wp-content\\\/uploads\\\/2026\\\/04\\\/oliver_marchand-1-scaled.jpg\",\"keywords\":[\"Nachhaltige Wirtschaft\",\"Startups\",\"Unternehmen\"],\"articleSection\":[\"SUSTAINABILITY\"],\"inLanguage\":\"en-US\"},{\"@type\":\"WebPage\",\"@id\":\"https:\\\/\\\/www.organisator.ch\\\/sustainability\\\/2026-04-29\\\/resilens-neue-plattform-macht-klimaanpassung-finanzierbar\\\/\",\"url\":\"https:\\\/\\\/www.organisator.ch\\\/sustainability\\\/2026-04-29\\\/resilens-neue-plattform-macht-klimaanpassung-finanzierbar\\\/\",\"name\":\"Resilens: Neue Plattform macht Klimaanpassung finanzierbar - Organisator\",\"isPartOf\":{\"@id\":\"https:\\\/\\\/www.organisator.ch\\\/#website\"},\"primaryImageOfPage\":{\"@id\":\"https:\\\/\\\/www.organisator.ch\\\/sustainability\\\/2026-04-29\\\/resilens-neue-plattform-macht-klimaanpassung-finanzierbar\\\/#primaryimage\"},\"image\":{\"@id\":\"https:\\\/\\\/www.organisator.ch\\\/sustainability\\\/2026-04-29\\\/resilens-neue-plattform-macht-klimaanpassung-finanzierbar\\\/#primaryimage\"},\"thumbnailUrl\":\"https:\\\/\\\/www.organisator.ch\\\/wp-content\\\/uploads\\\/2026\\\/04\\\/oliver_marchand-1-scaled.jpg\",\"datePublished\":\"2026-04-29T12:52:26+00:00\",\"dateModified\":\"2026-04-29T15:11:45+00:00\",\"description\":\"Resilens macht Klimaanpassung finanzierbar: Die neue Plattform von Carbon-Delta-Gr\u00fcnder Oliver Marchand bewertet Klimarisiken standortgenau.\",\"breadcrumb\":{\"@id\":\"https:\\\/\\\/www.organisator.ch\\\/sustainability\\\/2026-04-29\\\/resilens-neue-plattform-macht-klimaanpassung-finanzierbar\\\/#breadcrumb\"},\"inLanguage\":\"en-US\",\"potentialAction\":[{\"@type\":\"ReadAction\",\"target\":[\"https:\\\/\\\/www.organisator.ch\\\/sustainability\\\/2026-04-29\\\/resilens-neue-plattform-macht-klimaanpassung-finanzierbar\\\/\"]}]},{\"@type\":\"ImageObject\",\"inLanguage\":\"en-US\",\"@id\":\"https:\\\/\\\/www.organisator.ch\\\/sustainability\\\/2026-04-29\\\/resilens-neue-plattform-macht-klimaanpassung-finanzierbar\\\/#primaryimage\",\"url\":\"https:\\\/\\\/www.organisator.ch\\\/wp-content\\\/uploads\\\/2026\\\/04\\\/oliver_marchand-1-scaled.jpg\",\"contentUrl\":\"https:\\\/\\\/www.organisator.ch\\\/wp-content\\\/uploads\\\/2026\\\/04\\\/oliver_marchand-1-scaled.jpg\",\"width\":1400,\"height\":933,\"caption\":\"Oliver Marchand engagiert sich f\u00fcr Nachhaltigkeit. Quelle: zvg\"},{\"@type\":\"BreadcrumbList\",\"@id\":\"https:\\\/\\\/www.organisator.ch\\\/sustainability\\\/2026-04-29\\\/resilens-neue-plattform-macht-klimaanpassung-finanzierbar\\\/#breadcrumb\",\"itemListElement\":[{\"@type\":\"ListItem\",\"position\":1,\"name\":\"Home\",\"item\":\"https:\\\/\\\/www.organisator.ch\\\/\"},{\"@type\":\"ListItem\",\"position\":2,\"name\":\"Resilens: Neue Plattform macht Klimaanpassung finanzierbar\"}]},{\"@type\":\"WebSite\",\"@id\":\"https:\\\/\\\/www.organisator.ch\\\/#website\",\"url\":\"https:\\\/\\\/www.organisator.ch\\\/\",\"name\":\"Organisator\",\"description\":\"Kompetent. Praxisnah. Der ORGANISATOR bereitet in 10 Ausgaben pro Jahr die wesentlichen Themen f\u00fcr F\u00fchrungskr\u00e4fte von KMU auf.\",\"publisher\":{\"@id\":\"https:\\\/\\\/www.organisator.ch\\\/#organization\"},\"potentialAction\":[{\"@type\":\"SearchAction\",\"target\":{\"@type\":\"EntryPoint\",\"urlTemplate\":\"https:\\\/\\\/www.organisator.ch\\\/?s={search_term_string}\"},\"query-input\":{\"@type\":\"PropertyValueSpecification\",\"valueRequired\":true,\"valueName\":\"search_term_string\"}}],\"inLanguage\":\"en-US\"},{\"@type\":\"Organization\",\"@id\":\"https:\\\/\\\/www.organisator.ch\\\/#organization\",\"name\":\"Organisator\",\"url\":\"https:\\\/\\\/www.organisator.ch\\\/\",\"logo\":{\"@type\":\"ImageObject\",\"inLanguage\":\"en-US\",\"@id\":\"https:\\\/\\\/www.organisator.ch\\\/#\\\/schema\\\/logo\\\/image\\\/\",\"url\":\"https:\\\/\\\/www.organisator.ch\\\/wp-content\\\/uploads\\\/2022\\\/01\\\/Logo_Organisator_Website.png\",\"contentUrl\":\"https:\\\/\\\/www.organisator.ch\\\/wp-content\\\/uploads\\\/2022\\\/01\\\/Logo_Organisator_Website.png\",\"width\":800,\"height\":77,\"caption\":\"Organisator\"},\"image\":{\"@id\":\"https:\\\/\\\/www.organisator.ch\\\/#\\\/schema\\\/logo\\\/image\\\/\"},\"sameAs\":[\"https:\\\/\\\/www.facebook.com\\\/OrganisatorFachmagazin\",\"https:\\\/\\\/www.linkedin.com\\\/showcase\\\/organisator-das-magazin-fr-kmu\",\"https:\\\/\\\/www.xing.com\\\/news\\\/pages\\\/organisator-ch-695\",\"https:\\\/\\\/www.youtube.com\\\/channel\\\/UCGP2Sq0iWaZwT3BdIAQFYpw\"]},{\"@type\":\"Person\",\"@id\":\"https:\\\/\\\/www.organisator.ch\\\/#\\\/schema\\\/person\\\/a9d0e0eff238db87a8f840f3b50359f0\",\"name\":\"n8n\",\"image\":{\"@type\":\"ImageObject\",\"inLanguage\":\"en-US\",\"@id\":\"https:\\\/\\\/secure.gravatar.com\\\/avatar\\\/5368fb9d03fd415a6f335cece4c15af2502d6ca8651efbd6e8f98427a9795400?s=96&d=mm&r=g\",\"url\":\"https:\\\/\\\/secure.gravatar.com\\\/avatar\\\/5368fb9d03fd415a6f335cece4c15af2502d6ca8651efbd6e8f98427a9795400?s=96&d=mm&r=g\",\"contentUrl\":\"https:\\\/\\\/secure.gravatar.com\\\/avatar\\\/5368fb9d03fd415a6f335cece4c15af2502d6ca8651efbd6e8f98427a9795400?s=96&d=mm&r=g\",\"caption\":\"n8n\"},\"url\":\"https:\\\/\\\/www.organisator.ch\\\/en\\\/author\\\/n8n\\\/\"}]}<\/script>\n<!-- \/ Yoast SEO plugin. -->","yoast_head_json":{"title":"Resilens: New platform makes climate adaptation affordable - Organizer","description":"Resilens makes climate adaptation affordable: the new platform from Carbon Delta founder Oliver Marchand assesses climate risks on a location-specific basis.","robots":{"index":"index","follow":"follow","max-snippet":"max-snippet:-1","max-image-preview":"max-image-preview:large","max-video-preview":"max-video-preview:-1"},"canonical":"https:\/\/www.organisator.ch\/en\/sustainability\/2026-04-29\/resilens-neue-plattform-macht-klimaanpassung-finanzierbar\/","og_locale":"en_US","og_type":"article","og_title":"Resilens: Neue Plattform macht Klimaanpassung finanzierbar","og_description":"Resilens macht Klimaanpassung finanzierbar: Die neue Plattform von Carbon-Delta-Gr\u00fcnder Oliver Marchand bewertet Klimarisiken standortgenau.","og_url":"https:\/\/www.organisator.ch\/en\/sustainability\/2026-04-29\/resilens-neue-plattform-macht-klimaanpassung-finanzierbar\/","og_site_name":"Organisator","article_publisher":"https:\/\/www.facebook.com\/OrganisatorFachmagazin","article_published_time":"2026-04-29T12:52:26+00:00","article_modified_time":"2026-04-29T15:11:45+00:00","og_image":[{"width":1400,"height":933,"url":"https:\/\/www.organisator.ch\/wp-content\/uploads\/2026\/04\/oliver_marchand-1-scaled.jpg","type":"image\/jpeg"}],"author":"n8n","twitter_card":"summary_large_image","twitter_title":"#Resilens: Neue #Plattform macht Klimaanpassung finanzierbar","twitter_description":"#Resilens macht Klimaanpassung finanzierbar: Die neue #Plattform von Carbon-Delta-Gr\u00fcnder Oliver #Marchand bewertet Klimarisiken standortgenau.","twitter_image":"https:\/\/www.organisator.ch\/wp-content\/uploads\/2026\/04\/oliver_marchand-1-scaled.jpg","schema":{"@context":"https:\/\/schema.org","@graph":[{"@type":"Article","@id":"https:\/\/www.organisator.ch\/sustainability\/2026-04-29\/resilens-neue-plattform-macht-klimaanpassung-finanzierbar\/#article","isPartOf":{"@id":"https:\/\/www.organisator.ch\/sustainability\/2026-04-29\/resilens-neue-plattform-macht-klimaanpassung-finanzierbar\/"},"author":{"name":"n8n","@id":"https:\/\/www.organisator.ch\/#\/schema\/person\/a9d0e0eff238db87a8f840f3b50359f0"},"headline":"Resilens: Neue Plattform macht Klimaanpassung finanzierbar","datePublished":"2026-04-29T12:52:26+00:00","dateModified":"2026-04-29T15:11:45+00:00","mainEntityOfPage":{"@id":"https:\/\/www.organisator.ch\/sustainability\/2026-04-29\/resilens-neue-plattform-macht-klimaanpassung-finanzierbar\/"},"wordCount":656,"publisher":{"@id":"https:\/\/www.organisator.ch\/#organization"},"image":{"@id":"https:\/\/www.organisator.ch\/sustainability\/2026-04-29\/resilens-neue-plattform-macht-klimaanpassung-finanzierbar\/#primaryimage"},"thumbnailUrl":"https:\/\/www.organisator.ch\/wp-content\/uploads\/2026\/04\/oliver_marchand-1-scaled.jpg","keywords":["Nachhaltige Wirtschaft","Startups","Unternehmen"],"articleSection":["SUSTAINABILITY"],"inLanguage":"en-US"},{"@type":"WebPage","@id":"https:\/\/www.organisator.ch\/sustainability\/2026-04-29\/resilens-neue-plattform-macht-klimaanpassung-finanzierbar\/","url":"https:\/\/www.organisator.ch\/sustainability\/2026-04-29\/resilens-neue-plattform-macht-klimaanpassung-finanzierbar\/","name":"Resilens: New platform makes climate adaptation affordable - Organizer","isPartOf":{"@id":"https:\/\/www.organisator.ch\/#website"},"primaryImageOfPage":{"@id":"https:\/\/www.organisator.ch\/sustainability\/2026-04-29\/resilens-neue-plattform-macht-klimaanpassung-finanzierbar\/#primaryimage"},"image":{"@id":"https:\/\/www.organisator.ch\/sustainability\/2026-04-29\/resilens-neue-plattform-macht-klimaanpassung-finanzierbar\/#primaryimage"},"thumbnailUrl":"https:\/\/www.organisator.ch\/wp-content\/uploads\/2026\/04\/oliver_marchand-1-scaled.jpg","datePublished":"2026-04-29T12:52:26+00:00","dateModified":"2026-04-29T15:11:45+00:00","description":"Resilens makes climate adaptation affordable: the new platform from Carbon Delta founder Oliver Marchand assesses climate risks on a location-specific basis.","breadcrumb":{"@id":"https:\/\/www.organisator.ch\/sustainability\/2026-04-29\/resilens-neue-plattform-macht-klimaanpassung-finanzierbar\/#breadcrumb"},"inLanguage":"en-US","potentialAction":[{"@type":"ReadAction","target":["https:\/\/www.organisator.ch\/sustainability\/2026-04-29\/resilens-neue-plattform-macht-klimaanpassung-finanzierbar\/"]}]},{"@type":"ImageObject","inLanguage":"en-US","@id":"https:\/\/www.organisator.ch\/sustainability\/2026-04-29\/resilens-neue-plattform-macht-klimaanpassung-finanzierbar\/#primaryimage","url":"https:\/\/www.organisator.ch\/wp-content\/uploads\/2026\/04\/oliver_marchand-1-scaled.jpg","contentUrl":"https:\/\/www.organisator.ch\/wp-content\/uploads\/2026\/04\/oliver_marchand-1-scaled.jpg","width":1400,"height":933,"caption":"Oliver Marchand engagiert sich f\u00fcr Nachhaltigkeit. Quelle: zvg"},{"@type":"BreadcrumbList","@id":"https:\/\/www.organisator.ch\/sustainability\/2026-04-29\/resilens-neue-plattform-macht-klimaanpassung-finanzierbar\/#breadcrumb","itemListElement":[{"@type":"ListItem","position":1,"name":"Home","item":"https:\/\/www.organisator.ch\/"},{"@type":"ListItem","position":2,"name":"Resilens: Neue Plattform macht Klimaanpassung finanzierbar"}]},{"@type":"WebSite","@id":"https:\/\/www.organisator.ch\/#website","url":"https:\/\/www.organisator.ch\/","name":"Organizer","description":"Competent. Practical. In 10 issues per year, ORGANISATOR presents the essential topics for managers of SMEs.","publisher":{"@id":"https:\/\/www.organisator.ch\/#organization"},"potentialAction":[{"@type":"SearchAction","target":{"@type":"EntryPoint","urlTemplate":"https:\/\/www.organisator.ch\/?s={search_term_string}"},"query-input":{"@type":"PropertyValueSpecification","valueRequired":true,"valueName":"search_term_string"}}],"inLanguage":"en-US"},{"@type":"Organization","@id":"https:\/\/www.organisator.ch\/#organization","name":"Organizer","url":"https:\/\/www.organisator.ch\/","logo":{"@type":"ImageObject","inLanguage":"en-US","@id":"https:\/\/www.organisator.ch\/#\/schema\/logo\/image\/","url":"https:\/\/www.organisator.ch\/wp-content\/uploads\/2022\/01\/Logo_Organisator_Website.png","contentUrl":"https:\/\/www.organisator.ch\/wp-content\/uploads\/2022\/01\/Logo_Organisator_Website.png","width":800,"height":77,"caption":"Organisator"},"image":{"@id":"https:\/\/www.organisator.ch\/#\/schema\/logo\/image\/"},"sameAs":["https:\/\/www.facebook.com\/OrganisatorFachmagazin","https:\/\/www.linkedin.com\/showcase\/organisator-das-magazin-fr-kmu","https:\/\/www.xing.com\/news\/pages\/organisator-ch-695","https:\/\/www.youtube.com\/channel\/UCGP2Sq0iWaZwT3BdIAQFYpw"]},{"@type":"Person","@id":"https:\/\/www.organisator.ch\/#\/schema\/person\/a9d0e0eff238db87a8f840f3b50359f0","name":"n8n","image":{"@type":"ImageObject","inLanguage":"en-US","@id":"https:\/\/secure.gravatar.com\/avatar\/5368fb9d03fd415a6f335cece4c15af2502d6ca8651efbd6e8f98427a9795400?s=96&d=mm&r=g","url":"https:\/\/secure.gravatar.com\/avatar\/5368fb9d03fd415a6f335cece4c15af2502d6ca8651efbd6e8f98427a9795400?s=96&d=mm&r=g","contentUrl":"https:\/\/secure.gravatar.com\/avatar\/5368fb9d03fd415a6f335cece4c15af2502d6ca8651efbd6e8f98427a9795400?s=96&d=mm&r=g","caption":"n8n"},"url":"https:\/\/www.organisator.ch\/en\/author\/n8n\/"}]}},"_links":{"self":[{"href":"https:\/\/www.organisator.ch\/en\/wp-json\/wp\/v2\/posts\/48215","targetHints":{"allow":["GET"]}}],"collection":[{"href":"https:\/\/www.organisator.ch\/en\/wp-json\/wp\/v2\/posts"}],"about":[{"href":"https:\/\/www.organisator.ch\/en\/wp-json\/wp\/v2\/types\/post"}],"author":[{"embeddable":true,"href":"https:\/\/www.organisator.ch\/en\/wp-json\/wp\/v2\/users\/107"}],"replies":[{"embeddable":true,"href":"https:\/\/www.organisator.ch\/en\/wp-json\/wp\/v2\/comments?post=48215"}],"version-history":[{"count":7,"href":"https:\/\/www.organisator.ch\/en\/wp-json\/wp\/v2\/posts\/48215\/revisions"}],"predecessor-version":[{"id":48231,"href":"https:\/\/www.organisator.ch\/en\/wp-json\/wp\/v2\/posts\/48215\/revisions\/48231"}],"wp:featuredmedia":[{"embeddable":true,"href":"https:\/\/www.organisator.ch\/en\/wp-json\/wp\/v2\/media\/48214"}],"wp:attachment":[{"href":"https:\/\/www.organisator.ch\/en\/wp-json\/wp\/v2\/media?parent=48215"}],"wp:term":[{"taxonomy":"category","embeddable":true,"href":"https:\/\/www.organisator.ch\/en\/wp-json\/wp\/v2\/categories?post=48215"},{"taxonomy":"post_tag","embeddable":true,"href":"https:\/\/www.organisator.ch\/en\/wp-json\/wp\/v2\/tags?post=48215"}],"curies":[{"name":"wp","href":"https:\/\/api.w.org\/{rel}","templated":true}]}}