{"id":4908,"date":"2019-02-20T08:38:56","date_gmt":"2019-02-20T07:38:56","guid":{"rendered":"https:\/\/www.organisator.ch\/?p=4908"},"modified":"2019-02-20T08:38:56","modified_gmt":"2019-02-20T07:38:56","slug":"20-februar-tag-der-unternehmer","status":"publish","type":"post","link":"https:\/\/www.organisator.ch\/en\/management\/2019-02-20\/20-februar-tag-der-unternehmer\/","title":{"rendered":"February 20: \"Entrepreneurs' Day"},"content":{"rendered":"<div class=\"component_standard\">\n<div class=\"component_standard_content\">\n<div class=\"mod_text_component\">\n<figure id=\"attachment_4910\" aria-describedby=\"caption-attachment-4910\" style=\"width: 680px\" class=\"wp-caption alignnone\"><img loading=\"lazy\" decoding=\"async\" class=\"size-medium wp-image-4910\" src=\"https:\/\/www.organisator.ch\/wp-content\/uploads\/2019\/02\/20.-Februar-Tag-der-Unternehmer_Organisator.jpg\" alt=\"\" width=\"680\" height=\"645\" srcset=\"https:\/\/www.organisator.ch\/wp-content\/uploads\/2019\/02\/20.-Februar-Tag-der-Unternehmer_Organisator.jpg 680w, https:\/\/www.organisator.ch\/wp-content\/uploads\/2019\/02\/20.-Februar-Tag-der-Unternehmer_Organisator-13x12.jpg 13w, https:\/\/www.organisator.ch\/wp-content\/uploads\/2019\/02\/20.-Februar-Tag-der-Unternehmer_Organisator-184x175.jpg 184w, https:\/\/www.organisator.ch\/wp-content\/uploads\/2019\/02\/20.-Februar-Tag-der-Unternehmer_Organisator-369x350.jpg 369w, https:\/\/www.organisator.ch\/wp-content\/uploads\/2019\/02\/20.-Februar-Tag-der-Unternehmer_Organisator-300x285.jpg 300w\" sizes=\"auto, (max-width: 680px) 100vw, 680px\" \/><figcaption id=\"caption-attachment-4910\" class=\"wp-caption-text\">The major bank Credit Suisse is launching \"Entrepreneurs' Day\" on February 20. Christoph and Tobias Meyer of Seven Air Gebr. Meyer AG (<a href=\"https:\/\/www.organisator.ch\/wp-content\/uploads\/2019\/02\/2018_07-08_08-10_final.pdf\">Winner of the Prix SVC Central Switzerland 2018<\/a>) embody typical Swiss entrepreneurship and also appear in a TV commercial broadcast these days. (Image: ORGANISATOR \/ Ren\u00e9 Niederer, artwiese.ch)<\/figcaption><\/figure>\n<p><span lang=\"DE-CH\">The achievements of Alfred Escher, the pioneer of the century and, among other things, the founding father of today's Credit Suisse and ETH Zurich, continue to have a significant impact on Switzerland as a business location. His formula for success, that prosperity and progress are closely linked to a good infrastructure and positive framework conditions, still applies today, according to a Credit Suisse media release. The major bank <\/span><span lang=\"DE-CH\">Against this backdrop, the company decided not to celebrate the 200th anniversary of Alfred Escher's birth.<\/span><b> <\/b><span lang=\"DE-CH\">simply relive the past, but to take a look at the present and future of entrepreneurship in Switzerland. With the \"Day of Entrepreneurs\", a Switzerland-wide theme day will therefore be launched for the first time on February 20 to honor entrepreneurial commitment and highlight the achievements of the more than 600,000 Swiss companies for the country.<\/span><\/p>\n<h2><span lang=\"DE-CH\"><b>Wide range of activities to promote entrepreneurship<\/b><\/span><\/h2>\n<p><span lang=\"DE-CH\">Credit Suisse's activities around \"Entrepreneur Day\" build on the Credit Suisse Progress Barometer already presented at the end of last year and the special edition of the client magazine \"Bulletin\" on the topic of \"Courageous Decisions - Learning from Alfred Escher\". In addition to its presence on various communication channels, the bank, in collaboration with <a href=\"https:\/\/www.startups.ch\/de\/\">Startups.ch<\/a> offers prospective entrepreneurs a free company formation session on February 20. In addition, there are discounted memberships with the network organizations <a href=\"http:\/\/www.swiss-venture-club.ch\">Swiss Venture Club<\/a> and <a href=\"http:\/\/www.s-ge.com\">Switzerland Global Enterprise<\/a>. In addition to the launch of the Swiss Entrepreneurs Fund announced last week, Credit Suisse will announce a further measure on February 20 to further promote entrepreneurship in Switzerland.<\/span><\/p>\n<p><span lang=\"DE-CH\">Andreas Gerber, Head of SMEs at Credit Suisse, says: \"Entrepreneurs make a substantial contribution to Switzerland's well-being and progress. They take risks, create jobs, promote innovation - for a successful future for Switzerland as a business location. It is therefore time to say thank you. And this is what we want to do with Entrepreneurs' Day on behalf of the population.\"<\/span><\/p>\n<h2><span lang=\"DE-CH\"><b>Seven selected facts about entrepreneurship in Switzerland\u00a0<\/b><\/span><\/h2>\n<\/div>\n<\/div>\n<\/div>\n<div class=\"component_standard\">\n<div class=\"component_standard_content\">\n<div class=\"mod_text_component\">\n<ol class=\"numbered-list\">\n<li><span lang=\"DE-CH\"><b>601,755 Company<\/b><\/span><span lang=\"DE-CH\"> existed in Switzerland in 2016, over two-thirds of which came from the tertiary sector (services), about 15% from the secondary sector (industry, arts and crafts), and 9% were in the primary sector (agriculture, forestry and fisheries). <em>Source: FSO, Statistics on the Structure of Enterprises (STATENT) 2018, provisional figures 2016.<\/em><\/span><\/li>\n<li><span lang=\"DE-CH\"><b>99.7% of all companies <\/b>in Switzerland include<b> less than 250 employees<\/b>. They account for around two thirds of the total of around 4.4 million jobs in Switzerland. <em>Source: FSO, Statistics on the Structure of Enterprises (STATENT) 2018, provisional figures for 2016.<\/em><\/span><\/li>\n<li><span lang=\"DE-CH\"> 2018 were <b>43,174 companies newly entered in the commercial register<\/b>, most in the business services (B2B), business and tax consulting, skilled trades, retail, and hospitality industries. <em>Source: Swiss Official Gazette of Commerce SHAB; IFJ Institut f\u00fcr Jungunternehmen AG<\/em><\/span><\/li>\n<li><span lang=\"DE-CH\"> <b>More than one third of companies are founded by women<\/b>, 54.9% by men and 9.7% by women and men together. <em>Source: Swiss Federal Statistical Office, Business Demography Statistics (2016)<\/em><\/span><\/li>\n<li><span lang=\"DE-CH\">The average <b>Survival rate of the new companies<\/b> in Switzerland lies one year after the founding <b>at 83%.<\/b> Thus, 32,820 companies founded in 2015 were still active in 2016. The survival rate is particularly high in the \"healthcare and social services\" sector. <em>Source: FSO, Business Demography UDEMO<\/em><\/span><\/li>\n<li><span lang=\"DE-CH\"> In 2017, the European Patent Office recorded a total of <b>7283 patent applications from Switzerland - a new all-time high<\/b>. With 884 registrations per million inhabitants, Switzerland is ahead in the per capita ranking throughout Europe. <em>Source: IPI; European Patent Office (2018)<\/em><\/span><\/li>\n<li><span lang=\"DE-CH\"> In 2017, the statistics of basic vocational education included <b>218,539 Apprenticeships<\/b> registered. This means that approximately every 23rd employee in Switzerland is an apprentice. <em>Source: FSO, Statistics on basic vocational training (SBG-SFPI)<\/em><\/span><\/li>\n<\/ol>\n<p><em><span style=\"text-align: left; color: #333333; text-transform: none; text-indent: 0px; letter-spacing: normal; font-family: Georgia,'Times New Roman','Bitstream Charter',Times,serif; font-size: 16px; font-variant: normal; text-decoration: none; word-spacing: 0px; display: inline !important; white-space: normal; cursor: text; orphans: 2; float: none; -webkit-text-stroke-width: 0px; background-color: transparent;\">More information about the \"Day of the Entrepreneurs\": <\/span><a href=\"https:\/\/www.credit-suisse.com\/microsites\/private-banking\/entrepreneurs\/de\/tag-der-unternehmer.html\" data-di-id=\"di-id-89c3cca4-25fd8965\">www.credit-suisse.com\/unternehmer<\/a><\/em><\/p>\n<\/div>\n<\/div>\n<\/div>","protected":false},"excerpt":{"rendered":"<p>Die Errungenschaften von Alfred Escher, Jahrhundertpionier und unter anderem Gr\u00fcndervater der heutigen Credit Suisse und der ETH Z\u00fcrich, pr\u00e4gen den Schweizer Wirtschaftsstandort bis heute massgeblich. Seine Erfolgsformel, dass Wohlstand und Fortschritt eng mit einer guten Infrastruktur sowie positiven Rahmenbedingungen verbunden sind, gelte auch heute noch, heisst es dazu in einer Medienmitteilung von Credit Suisse. Die [&hellip;]<\/p>\n","protected":false},"author":4,"featured_media":4910,"comment_status":"open","ping_status":"open","sticky":false,"template":"","format":"standard","meta":{"_acf_changed":false,"_yoast_wpseo_focuskw":"Tag der Unternehmer","_yoast_wpseo_metadesc":"Am 20. Februar w\u00fcrde Alfred Escher seinen 200. Geburtstag feiern. Credit Suisse nimmt dies zum Anlass, den \u00abTag der Unternehmer\u00bb ins Leben zu rufen.","articlekey":"","footnotes":""},"categories":[28],"tags":[335,492,508,531],"class_list":["post-4908","post","type-post","status-publish","format-standard","has-post-thumbnail","hentry","category-management","tag-management-und-unternehmensfuehrung","tag-unternehmen","tag-vermischtes","tag-wirtschaftspolitik"],"acf":[],"yoast_head":"<!-- This site is optimized with the Yoast SEO plugin v27.5 - https:\/\/yoast.com\/product\/yoast-seo-wordpress\/ -->\n<title>20. Februar: &quot;Tag der Unternehmer&quot; - Organisator<\/title>\n<meta name=\"description\" content=\"Am 20. Februar w\u00fcrde Alfred Escher seinen 200. Geburtstag feiern. Credit Suisse nimmt dies zum Anlass, den \u00abTag der Unternehmer\u00bb ins Leben zu rufen.\" \/>\n<meta name=\"robots\" content=\"index, follow, max-snippet:-1, max-image-preview:large, max-video-preview:-1\" \/>\n<link rel=\"canonical\" href=\"https:\/\/www.organisator.ch\/en\/management\/2019-02-20\/20-februar-tag-der-unternehmer\/\" \/>\n<meta property=\"og:locale\" content=\"en_US\" \/>\n<meta property=\"og:type\" content=\"article\" \/>\n<meta property=\"og:title\" content=\"20. Februar: &quot;Tag der Unternehmer&quot;\" \/>\n<meta property=\"og:description\" content=\"Am 20. Februar w\u00fcrde Alfred Escher seinen 200. Geburtstag feiern. Credit Suisse nimmt dies zum Anlass, den \u00abTag der Unternehmer\u00bb ins Leben zu rufen.\" \/>\n<meta property=\"og:url\" content=\"https:\/\/www.organisator.ch\/en\/management\/2019-02-20\/20-februar-tag-der-unternehmer\/\" \/>\n<meta property=\"og:site_name\" content=\"Organisator\" \/>\n<meta property=\"article:publisher\" content=\"https:\/\/www.facebook.com\/OrganisatorFachmagazin\" \/>\n<meta property=\"article:published_time\" content=\"2019-02-20T07:38:56+00:00\" \/>\n<meta property=\"og:image\" content=\"https:\/\/www.organisator.ch\/wp-content\/uploads\/2019\/02\/20.-Februar-Tag-der-Unternehmer_Organisator.jpg\" \/>\n\t<meta property=\"og:image:width\" content=\"680\" \/>\n\t<meta property=\"og:image:height\" content=\"645\" \/>\n\t<meta property=\"og:image:type\" content=\"image\/jpeg\" \/>\n<meta name=\"author\" content=\"thomas.berner\" \/>\n<meta name=\"twitter:card\" content=\"summary_large_image\" \/>\n<meta name=\"twitter:title\" content=\"20. Februar: &quot;Tag der Unternehmer&quot;\" \/>\n<meta name=\"twitter:description\" content=\"Am 20. Februar w\u00fcrde Alfred Escher seinen 200. Geburtstag feiern. Credit Suisse nimmt dies zum Anlass, den \u00abTag der Unternehmer\u00bb ins Leben zu rufen.\" \/>\n<meta name=\"twitter:image\" content=\"https:\/\/www.organisator.ch\/wp-content\/uploads\/2019\/02\/20.-Februar-Tag-der-Unternehmer_Organisator.jpg\" \/>\n<script type=\"application\/ld+json\" class=\"yoast-schema-graph\">{\"@context\":\"https:\\\/\\\/schema.org\",\"@graph\":[{\"@type\":\"Article\",\"@id\":\"https:\\\/\\\/www.organisator.ch\\\/management\\\/2019-02-20\\\/20-februar-tag-der-unternehmer\\\/#article\",\"isPartOf\":{\"@id\":\"https:\\\/\\\/www.organisator.ch\\\/management\\\/2019-02-20\\\/20-februar-tag-der-unternehmer\\\/\"},\"author\":{\"name\":\"thomas.berner\",\"@id\":\"https:\\\/\\\/www.organisator.ch\\\/#\\\/schema\\\/person\\\/6f650f90b2842cd4c0cc334b4e36f67e\"},\"headline\":\"20. Februar: &#8222;Tag der Unternehmer&#8220;\",\"datePublished\":\"2019-02-20T07:38:56+00:00\",\"mainEntityOfPage\":{\"@id\":\"https:\\\/\\\/www.organisator.ch\\\/management\\\/2019-02-20\\\/20-februar-tag-der-unternehmer\\\/\"},\"wordCount\":638,\"commentCount\":0,\"publisher\":{\"@id\":\"https:\\\/\\\/www.organisator.ch\\\/#organization\"},\"image\":{\"@id\":\"https:\\\/\\\/www.organisator.ch\\\/management\\\/2019-02-20\\\/20-februar-tag-der-unternehmer\\\/#primaryimage\"},\"thumbnailUrl\":\"https:\\\/\\\/www.organisator.ch\\\/wp-content\\\/uploads\\\/2019\\\/02\\\/20.-Februar-Tag-der-Unternehmer_Organisator.jpg\",\"keywords\":[\"Management und Unternehmensf\u00fchrung\",\"Unternehmen\",\"Vermischtes\",\"Wirtschaftspolitik\"],\"articleSection\":[\"MANAGEMENT\"],\"inLanguage\":\"en-US\"},{\"@type\":\"WebPage\",\"@id\":\"https:\\\/\\\/www.organisator.ch\\\/management\\\/2019-02-20\\\/20-februar-tag-der-unternehmer\\\/\",\"url\":\"https:\\\/\\\/www.organisator.ch\\\/management\\\/2019-02-20\\\/20-februar-tag-der-unternehmer\\\/\",\"name\":\"20. Februar: \\\"Tag der Unternehmer\\\" - Organisator\",\"isPartOf\":{\"@id\":\"https:\\\/\\\/www.organisator.ch\\\/#website\"},\"primaryImageOfPage\":{\"@id\":\"https:\\\/\\\/www.organisator.ch\\\/management\\\/2019-02-20\\\/20-februar-tag-der-unternehmer\\\/#primaryimage\"},\"image\":{\"@id\":\"https:\\\/\\\/www.organisator.ch\\\/management\\\/2019-02-20\\\/20-februar-tag-der-unternehmer\\\/#primaryimage\"},\"thumbnailUrl\":\"https:\\\/\\\/www.organisator.ch\\\/wp-content\\\/uploads\\\/2019\\\/02\\\/20.-Februar-Tag-der-Unternehmer_Organisator.jpg\",\"datePublished\":\"2019-02-20T07:38:56+00:00\",\"description\":\"Am 20. Februar w\u00fcrde Alfred Escher seinen 200. Geburtstag feiern. Credit Suisse nimmt dies zum Anlass, den \u00abTag der Unternehmer\u00bb ins Leben zu rufen.\",\"breadcrumb\":{\"@id\":\"https:\\\/\\\/www.organisator.ch\\\/management\\\/2019-02-20\\\/20-februar-tag-der-unternehmer\\\/#breadcrumb\"},\"inLanguage\":\"en-US\",\"potentialAction\":[{\"@type\":\"ReadAction\",\"target\":[\"https:\\\/\\\/www.organisator.ch\\\/management\\\/2019-02-20\\\/20-februar-tag-der-unternehmer\\\/\"]}]},{\"@type\":\"ImageObject\",\"inLanguage\":\"en-US\",\"@id\":\"https:\\\/\\\/www.organisator.ch\\\/management\\\/2019-02-20\\\/20-februar-tag-der-unternehmer\\\/#primaryimage\",\"url\":\"https:\\\/\\\/www.organisator.ch\\\/wp-content\\\/uploads\\\/2019\\\/02\\\/20.-Februar-Tag-der-Unternehmer_Organisator.jpg\",\"contentUrl\":\"https:\\\/\\\/www.organisator.ch\\\/wp-content\\\/uploads\\\/2019\\\/02\\\/20.-Februar-Tag-der-Unternehmer_Organisator.jpg\",\"width\":680,\"height\":645,\"caption\":\"Die Grossbank Cr\u00e9dit Suisse lanciert am 20. Februar den \\\"Tag der Unternehmer\\\". Christoph und Tobias Meyer von Seven Air Gebr. Meyer AG (Gewinner des Prix SVC Zentralschweiz) verk\u00f6rpern typisches Schweizer Unternehmertum und treten auch in einem in diesen Tagen ausgestrahlten TV-Spot auf. (Bild: ORGANISATOR \\\/ Ren\u00e9 Niederer, artwiese.ch)\"},{\"@type\":\"BreadcrumbList\",\"@id\":\"https:\\\/\\\/www.organisator.ch\\\/management\\\/2019-02-20\\\/20-februar-tag-der-unternehmer\\\/#breadcrumb\",\"itemListElement\":[{\"@type\":\"ListItem\",\"position\":1,\"name\":\"Home\",\"item\":\"https:\\\/\\\/www.organisator.ch\\\/\"},{\"@type\":\"ListItem\",\"position\":2,\"name\":\"20. Februar: &#8222;Tag der Unternehmer&#8220;\"}]},{\"@type\":\"WebSite\",\"@id\":\"https:\\\/\\\/www.organisator.ch\\\/#website\",\"url\":\"https:\\\/\\\/www.organisator.ch\\\/\",\"name\":\"Organisator\",\"description\":\"Kompetent. Praxisnah. Der ORGANISATOR bereitet in 10 Ausgaben pro Jahr die wesentlichen Themen f\u00fcr F\u00fchrungskr\u00e4fte von KMU auf.\",\"publisher\":{\"@id\":\"https:\\\/\\\/www.organisator.ch\\\/#organization\"},\"potentialAction\":[{\"@type\":\"SearchAction\",\"target\":{\"@type\":\"EntryPoint\",\"urlTemplate\":\"https:\\\/\\\/www.organisator.ch\\\/?s={search_term_string}\"},\"query-input\":{\"@type\":\"PropertyValueSpecification\",\"valueRequired\":true,\"valueName\":\"search_term_string\"}}],\"inLanguage\":\"en-US\"},{\"@type\":\"Organization\",\"@id\":\"https:\\\/\\\/www.organisator.ch\\\/#organization\",\"name\":\"Organisator\",\"url\":\"https:\\\/\\\/www.organisator.ch\\\/\",\"logo\":{\"@type\":\"ImageObject\",\"inLanguage\":\"en-US\",\"@id\":\"https:\\\/\\\/www.organisator.ch\\\/#\\\/schema\\\/logo\\\/image\\\/\",\"url\":\"https:\\\/\\\/www.organisator.ch\\\/wp-content\\\/uploads\\\/2022\\\/01\\\/Logo_Organisator_Website.png\",\"contentUrl\":\"https:\\\/\\\/www.organisator.ch\\\/wp-content\\\/uploads\\\/2022\\\/01\\\/Logo_Organisator_Website.png\",\"width\":800,\"height\":77,\"caption\":\"Organisator\"},\"image\":{\"@id\":\"https:\\\/\\\/www.organisator.ch\\\/#\\\/schema\\\/logo\\\/image\\\/\"},\"sameAs\":[\"https:\\\/\\\/www.facebook.com\\\/OrganisatorFachmagazin\",\"https:\\\/\\\/www.linkedin.com\\\/showcase\\\/organisator-das-magazin-fr-kmu\",\"https:\\\/\\\/www.xing.com\\\/news\\\/pages\\\/organisator-ch-695\",\"https:\\\/\\\/www.youtube.com\\\/channel\\\/UCGP2Sq0iWaZwT3BdIAQFYpw\"]},{\"@type\":\"Person\",\"@id\":\"https:\\\/\\\/www.organisator.ch\\\/#\\\/schema\\\/person\\\/6f650f90b2842cd4c0cc334b4e36f67e\",\"name\":\"thomas.berner\",\"image\":{\"@type\":\"ImageObject\",\"inLanguage\":\"en-US\",\"@id\":\"https:\\\/\\\/secure.gravatar.com\\\/avatar\\\/ac5001d2a36cb6c6cd3e50789007ffca834b477b74a2144564522e944eabff61?s=96&d=mm&r=g\",\"url\":\"https:\\\/\\\/secure.gravatar.com\\\/avatar\\\/ac5001d2a36cb6c6cd3e50789007ffca834b477b74a2144564522e944eabff61?s=96&d=mm&r=g\",\"contentUrl\":\"https:\\\/\\\/secure.gravatar.com\\\/avatar\\\/ac5001d2a36cb6c6cd3e50789007ffca834b477b74a2144564522e944eabff61?s=96&d=mm&r=g\",\"caption\":\"thomas.berner\"},\"url\":\"https:\\\/\\\/www.organisator.ch\\\/en\\\/author\\\/thomas-berner\\\/\"}]}<\/script>\n<!-- \/ Yoast SEO plugin. -->","yoast_head_json":{"title":"February 20: \"Day of entrepreneurs\" - organizer","description":"On February 20, Alfred Escher would celebrate his 200th birthday. Credit Suisse is taking this as an opportunity to launch \"Entrepreneurs' Day.","robots":{"index":"index","follow":"follow","max-snippet":"max-snippet:-1","max-image-preview":"max-image-preview:large","max-video-preview":"max-video-preview:-1"},"canonical":"https:\/\/www.organisator.ch\/en\/management\/2019-02-20\/20-februar-tag-der-unternehmer\/","og_locale":"en_US","og_type":"article","og_title":"20. Februar: \"Tag der Unternehmer\"","og_description":"Am 20. Februar w\u00fcrde Alfred Escher seinen 200. Geburtstag feiern. Credit Suisse nimmt dies zum Anlass, den \u00abTag der Unternehmer\u00bb ins Leben zu rufen.","og_url":"https:\/\/www.organisator.ch\/en\/management\/2019-02-20\/20-februar-tag-der-unternehmer\/","og_site_name":"Organisator","article_publisher":"https:\/\/www.facebook.com\/OrganisatorFachmagazin","article_published_time":"2019-02-20T07:38:56+00:00","og_image":[{"width":680,"height":645,"url":"https:\/\/www.organisator.ch\/wp-content\/uploads\/2019\/02\/20.-Februar-Tag-der-Unternehmer_Organisator.jpg","type":"image\/jpeg"}],"author":"thomas.berner","twitter_card":"summary_large_image","twitter_title":"20. Februar: \"Tag der Unternehmer\"","twitter_description":"Am 20. Februar w\u00fcrde Alfred Escher seinen 200. Geburtstag feiern. Credit Suisse nimmt dies zum Anlass, den \u00abTag der Unternehmer\u00bb ins Leben zu rufen.","twitter_image":"https:\/\/www.organisator.ch\/wp-content\/uploads\/2019\/02\/20.-Februar-Tag-der-Unternehmer_Organisator.jpg","schema":{"@context":"https:\/\/schema.org","@graph":[{"@type":"Article","@id":"https:\/\/www.organisator.ch\/management\/2019-02-20\/20-februar-tag-der-unternehmer\/#article","isPartOf":{"@id":"https:\/\/www.organisator.ch\/management\/2019-02-20\/20-februar-tag-der-unternehmer\/"},"author":{"name":"thomas.berner","@id":"https:\/\/www.organisator.ch\/#\/schema\/person\/6f650f90b2842cd4c0cc334b4e36f67e"},"headline":"20. Februar: &#8222;Tag der Unternehmer&#8220;","datePublished":"2019-02-20T07:38:56+00:00","mainEntityOfPage":{"@id":"https:\/\/www.organisator.ch\/management\/2019-02-20\/20-februar-tag-der-unternehmer\/"},"wordCount":638,"commentCount":0,"publisher":{"@id":"https:\/\/www.organisator.ch\/#organization"},"image":{"@id":"https:\/\/www.organisator.ch\/management\/2019-02-20\/20-februar-tag-der-unternehmer\/#primaryimage"},"thumbnailUrl":"https:\/\/www.organisator.ch\/wp-content\/uploads\/2019\/02\/20.-Februar-Tag-der-Unternehmer_Organisator.jpg","keywords":["Management und Unternehmensf\u00fchrung","Unternehmen","Vermischtes","Wirtschaftspolitik"],"articleSection":["MANAGEMENT"],"inLanguage":"en-US"},{"@type":"WebPage","@id":"https:\/\/www.organisator.ch\/management\/2019-02-20\/20-februar-tag-der-unternehmer\/","url":"https:\/\/www.organisator.ch\/management\/2019-02-20\/20-februar-tag-der-unternehmer\/","name":"February 20: \"Day of entrepreneurs\" - organizer","isPartOf":{"@id":"https:\/\/www.organisator.ch\/#website"},"primaryImageOfPage":{"@id":"https:\/\/www.organisator.ch\/management\/2019-02-20\/20-februar-tag-der-unternehmer\/#primaryimage"},"image":{"@id":"https:\/\/www.organisator.ch\/management\/2019-02-20\/20-februar-tag-der-unternehmer\/#primaryimage"},"thumbnailUrl":"https:\/\/www.organisator.ch\/wp-content\/uploads\/2019\/02\/20.-Februar-Tag-der-Unternehmer_Organisator.jpg","datePublished":"2019-02-20T07:38:56+00:00","description":"On February 20, Alfred Escher would celebrate his 200th birthday. Credit Suisse is taking this as an opportunity to launch \"Entrepreneurs' Day.","breadcrumb":{"@id":"https:\/\/www.organisator.ch\/management\/2019-02-20\/20-februar-tag-der-unternehmer\/#breadcrumb"},"inLanguage":"en-US","potentialAction":[{"@type":"ReadAction","target":["https:\/\/www.organisator.ch\/management\/2019-02-20\/20-februar-tag-der-unternehmer\/"]}]},{"@type":"ImageObject","inLanguage":"en-US","@id":"https:\/\/www.organisator.ch\/management\/2019-02-20\/20-februar-tag-der-unternehmer\/#primaryimage","url":"https:\/\/www.organisator.ch\/wp-content\/uploads\/2019\/02\/20.-Februar-Tag-der-Unternehmer_Organisator.jpg","contentUrl":"https:\/\/www.organisator.ch\/wp-content\/uploads\/2019\/02\/20.-Februar-Tag-der-Unternehmer_Organisator.jpg","width":680,"height":645,"caption":"Die Grossbank Cr\u00e9dit Suisse lanciert am 20. Februar den \"Tag der Unternehmer\". Christoph und Tobias Meyer von Seven Air Gebr. Meyer AG (Gewinner des Prix SVC Zentralschweiz) verk\u00f6rpern typisches Schweizer Unternehmertum und treten auch in einem in diesen Tagen ausgestrahlten TV-Spot auf. (Bild: ORGANISATOR \/ Ren\u00e9 Niederer, artwiese.ch)"},{"@type":"BreadcrumbList","@id":"https:\/\/www.organisator.ch\/management\/2019-02-20\/20-februar-tag-der-unternehmer\/#breadcrumb","itemListElement":[{"@type":"ListItem","position":1,"name":"Home","item":"https:\/\/www.organisator.ch\/"},{"@type":"ListItem","position":2,"name":"20. Februar: &#8222;Tag der Unternehmer&#8220;"}]},{"@type":"WebSite","@id":"https:\/\/www.organisator.ch\/#website","url":"https:\/\/www.organisator.ch\/","name":"Organizer","description":"Competent. Practical. In 10 issues per year, ORGANISATOR presents the essential topics for managers of SMEs.","publisher":{"@id":"https:\/\/www.organisator.ch\/#organization"},"potentialAction":[{"@type":"SearchAction","target":{"@type":"EntryPoint","urlTemplate":"https:\/\/www.organisator.ch\/?s={search_term_string}"},"query-input":{"@type":"PropertyValueSpecification","valueRequired":true,"valueName":"search_term_string"}}],"inLanguage":"en-US"},{"@type":"Organization","@id":"https:\/\/www.organisator.ch\/#organization","name":"Organizer","url":"https:\/\/www.organisator.ch\/","logo":{"@type":"ImageObject","inLanguage":"en-US","@id":"https:\/\/www.organisator.ch\/#\/schema\/logo\/image\/","url":"https:\/\/www.organisator.ch\/wp-content\/uploads\/2022\/01\/Logo_Organisator_Website.png","contentUrl":"https:\/\/www.organisator.ch\/wp-content\/uploads\/2022\/01\/Logo_Organisator_Website.png","width":800,"height":77,"caption":"Organisator"},"image":{"@id":"https:\/\/www.organisator.ch\/#\/schema\/logo\/image\/"},"sameAs":["https:\/\/www.facebook.com\/OrganisatorFachmagazin","https:\/\/www.linkedin.com\/showcase\/organisator-das-magazin-fr-kmu","https:\/\/www.xing.com\/news\/pages\/organisator-ch-695","https:\/\/www.youtube.com\/channel\/UCGP2Sq0iWaZwT3BdIAQFYpw"]},{"@type":"Person","@id":"https:\/\/www.organisator.ch\/#\/schema\/person\/6f650f90b2842cd4c0cc334b4e36f67e","name":"thomas.berner","image":{"@type":"ImageObject","inLanguage":"en-US","@id":"https:\/\/secure.gravatar.com\/avatar\/ac5001d2a36cb6c6cd3e50789007ffca834b477b74a2144564522e944eabff61?s=96&d=mm&r=g","url":"https:\/\/secure.gravatar.com\/avatar\/ac5001d2a36cb6c6cd3e50789007ffca834b477b74a2144564522e944eabff61?s=96&d=mm&r=g","contentUrl":"https:\/\/secure.gravatar.com\/avatar\/ac5001d2a36cb6c6cd3e50789007ffca834b477b74a2144564522e944eabff61?s=96&d=mm&r=g","caption":"thomas.berner"},"url":"https:\/\/www.organisator.ch\/en\/author\/thomas-berner\/"}]}},"_links":{"self":[{"href":"https:\/\/www.organisator.ch\/en\/wp-json\/wp\/v2\/posts\/4908","targetHints":{"allow":["GET"]}}],"collection":[{"href":"https:\/\/www.organisator.ch\/en\/wp-json\/wp\/v2\/posts"}],"about":[{"href":"https:\/\/www.organisator.ch\/en\/wp-json\/wp\/v2\/types\/post"}],"author":[{"embeddable":true,"href":"https:\/\/www.organisator.ch\/en\/wp-json\/wp\/v2\/users\/4"}],"replies":[{"embeddable":true,"href":"https:\/\/www.organisator.ch\/en\/wp-json\/wp\/v2\/comments?post=4908"}],"version-history":[{"count":0,"href":"https:\/\/www.organisator.ch\/en\/wp-json\/wp\/v2\/posts\/4908\/revisions"}],"wp:featuredmedia":[{"embeddable":true,"href":"https:\/\/www.organisator.ch\/en\/wp-json\/wp\/v2\/media\/4910"}],"wp:attachment":[{"href":"https:\/\/www.organisator.ch\/en\/wp-json\/wp\/v2\/media?parent=4908"}],"wp:term":[{"taxonomy":"category","embeddable":true,"href":"https:\/\/www.organisator.ch\/en\/wp-json\/wp\/v2\/categories?post=4908"},{"taxonomy":"post_tag","embeddable":true,"href":"https:\/\/www.organisator.ch\/en\/wp-json\/wp\/v2\/tags?post=4908"}],"curies":[{"name":"wp","href":"https:\/\/api.w.org\/{rel}","templated":true}]}}