{"id":4913,"date":"2019-02-21T08:07:23","date_gmt":"2019-02-21T07:07:23","guid":{"rendered":"https:\/\/www.organisator.ch\/?p=4913"},"modified":"2019-02-21T08:07:23","modified_gmt":"2019-02-21T07:07:23","slug":"iss-schweiz-und-hivemind-kooperieren-fuer-smart-facility-services","status":"publish","type":"post","link":"https:\/\/www.organisator.ch\/en\/management\/2019-02-21\/iss-schweiz-und-hivemind-kooperieren-fuer-smart-facility-services\/","title":{"rendered":"ISS Switzerland and Hivemind cooperate for Smart Facility Services"},"content":{"rendered":"<figure id=\"attachment_4915\" aria-describedby=\"caption-attachment-4915\" style=\"width: 680px\" class=\"wp-caption alignnone\"><img loading=\"lazy\" decoding=\"async\" class=\"size-medium wp-image-4915\" src=\"https:\/\/www.organisator.ch\/wp-content\/uploads\/2019\/02\/ISS-Schweiz-und-Hivemind-kooperieren-fuer-Smart-Facility-Services_Organisator.jpg\" alt=\"\" width=\"680\" height=\"420\" srcset=\"https:\/\/www.organisator.ch\/wp-content\/uploads\/2019\/02\/ISS-Schweiz-und-Hivemind-kooperieren-fuer-Smart-Facility-Services_Organisator.jpg 680w, https:\/\/www.organisator.ch\/wp-content\/uploads\/2019\/02\/ISS-Schweiz-und-Hivemind-kooperieren-fuer-Smart-Facility-Services_Organisator-16x10.jpg 16w, https:\/\/www.organisator.ch\/wp-content\/uploads\/2019\/02\/ISS-Schweiz-und-Hivemind-kooperieren-fuer-Smart-Facility-Services_Organisator-283x175.jpg 283w, https:\/\/www.organisator.ch\/wp-content\/uploads\/2019\/02\/ISS-Schweiz-und-Hivemind-kooperieren-fuer-Smart-Facility-Services_Organisator-567x350.jpg 567w, https:\/\/www.organisator.ch\/wp-content\/uploads\/2019\/02\/ISS-Schweiz-und-Hivemind-kooperieren-fuer-Smart-Facility-Services_Organisator-300x185.jpg 300w\" sizes=\"auto, (max-width: 680px) 100vw, 680px\" \/><figcaption id=\"caption-attachment-4915\" class=\"wp-caption-text\">Cooperation on Smart Facility Services: Roger Gygli, Head Digital Transformation, ISS; Giuseppe Cristofaro, Managing Director Sales and Business Development, ISS; Vikram Bhatnagar, CEO Hivemind AG; Simon Rieser, CTO ProServ, Hivemind AG. (Image: zVg)<\/figcaption><\/figure>\n<p>The Internet of Things (IoT) is of particular interest for the further development of facility services at ISS. For example, individual rooms or entire properties can be equipped with intelligent sensors. The data collected can be used to analyze and optimize building management more comprehensively.<\/p>\n<h2>Sparring partner in the IoT sector<\/h2>\n<p>In order to intensify the development in the area of smart facility services, Hivemind and ISS Switzerland have entered into a partnership as of the beginning of February 2019. From this, the service provider for facility management expects a continuous dialog with a strong, specialized sparring partner in order to develop digital solution concepts in the facility management sector in collaboration and to launch them for customers in the future. \"Thanks to the experience of Hivemind's technology specialists and our Digital Transformation team, coupled with our expertise in facility management, we have the best prerequisites for implementing smart solutions for our customers. Our headquarters in Zurich serves as a real environment to test and implement the solutions developed,\" says Giuseppe Cristofaro, Managing Director Sales and Business Development at ISS Switzerland. And he adds: \"Thanks to this cooperation and our internal set-up, we, as market leader, make an important contribution to the further development and customer-oriented improvement of facility management on a national and international level.\"<\/p>\n<h2>Service Champion meets Tech Champion<\/h2>\n<p>Hivemind is a Swiss technology company that develops IoT services and supports companies and cities in their digital transformation. For the simple and secure management of smart devices, connectivity and sensor data, the technology company offers an IoT platform that enables the rapid market introduction of innovative and digital technologies. Developed in Switzerland, the Hivemind solution meets the highest data protection standards and works with state-of-the-art security mechanisms. The fact that the developers work in Switzerland is particularly valuable for the collaboration. \"Hivemind gains an important strategic partner through the cooperation with ISS Switzerland. We are pleased to be able to support ISS Switzerland in the implementation of new smart business models. As part of the further development and continuous improvement of our smart facility solution, we benefit from ISS Switzerland's many years of experience. Through the close cooperation, we gain important insights into the needs and requirements in facility management,\" says Vikram Bhatnagar, CEO Hivemind AG.<\/p>\n<p><em>Source:\u00a0<a href=\"http:\/\/www.iss.ch\">www.iss.ch<\/a>. More information about Hivemind is available in <a href=\"https:\/\/www.organisator.ch\/wp-content\/uploads\/2019\/02\/2019_01-02_38-39_final.pdf\">this article<\/a> from ORGANISATOR 1-2\/2019<\/em><\/p>","protected":false},"excerpt":{"rendered":"<p>Das Internet of Things (IoT) ist f\u00fcr die Weiterentwicklung von Facility Services bei ISS von besonderem Interesse. So k\u00f6nnen etwa einzelne R\u00e4umlichkeiten oder ganze Objekte mit intelligenten Sensoren ausgestattet werden. Anhand der gesammelten Daten kann das Geb\u00e4udemanagement umfassender analysiert und optimiert werden. Sparring Partner im IoT-Bereich Um die Entwicklung im Bereich Smart Facility Services zu [&hellip;]<\/p>\n","protected":false},"author":4,"featured_media":4915,"comment_status":"open","ping_status":"open","sticky":false,"template":"","format":"standard","meta":{"_acf_changed":false,"_yoast_wpseo_focuskw":"Smart Facility Services","_yoast_wpseo_metadesc":"ISS Schweiz konzipiert im Rahmen einer Partnerschaft mit Hivemind innovative L\u00f6sungsans\u00e4tze im Bereich Smart Facility Services.","articlekey":"","footnotes":""},"categories":[28],"tags":[195,492,508],"class_list":["post-4913","post","type-post","status-publish","format-standard","has-post-thumbnail","hentry","category-management","tag-facility-management","tag-unternehmen","tag-vermischtes"],"acf":[],"yoast_head":"<!-- This site is optimized with the Yoast SEO plugin v27.5 - https:\/\/yoast.com\/product\/yoast-seo-wordpress\/ -->\n<title>ISS Schweiz und Hivemind kooperieren f\u00fcr Smart Facility Services - Organisator<\/title>\n<meta name=\"description\" content=\"ISS Schweiz konzipiert im Rahmen einer Partnerschaft mit Hivemind innovative L\u00f6sungsans\u00e4tze im Bereich Smart Facility Services.\" \/>\n<meta name=\"robots\" content=\"index, follow, max-snippet:-1, max-image-preview:large, max-video-preview:-1\" \/>\n<link rel=\"canonical\" href=\"https:\/\/www.organisator.ch\/en\/management\/2019-02-21\/iss-schweiz-und-hivemind-kooperieren-fuer-smart-facility-services\/\" \/>\n<meta property=\"og:locale\" content=\"en_US\" \/>\n<meta property=\"og:type\" content=\"article\" \/>\n<meta property=\"og:title\" content=\"ISS Schweiz und Hivemind kooperieren f\u00fcr Smart Facility Services\" \/>\n<meta property=\"og:description\" content=\"ISS Schweiz konzipiert im Rahmen einer Partnerschaft mit Hivemind innovative L\u00f6sungsans\u00e4tze im Bereich Smart Facility Services.\" \/>\n<meta property=\"og:url\" content=\"https:\/\/www.organisator.ch\/en\/management\/2019-02-21\/iss-schweiz-und-hivemind-kooperieren-fuer-smart-facility-services\/\" \/>\n<meta property=\"og:site_name\" content=\"Organisator\" \/>\n<meta property=\"article:publisher\" content=\"https:\/\/www.facebook.com\/OrganisatorFachmagazin\" \/>\n<meta property=\"article:published_time\" content=\"2019-02-21T07:07:23+00:00\" \/>\n<meta property=\"og:image\" content=\"https:\/\/www.organisator.ch\/wp-content\/uploads\/2019\/02\/ISS-Schweiz-und-Hivemind-kooperieren-fuer-Smart-Facility-Services_Organisator.jpg\" \/>\n\t<meta property=\"og:image:width\" content=\"680\" \/>\n\t<meta property=\"og:image:height\" content=\"420\" \/>\n\t<meta property=\"og:image:type\" content=\"image\/jpeg\" \/>\n<meta name=\"author\" content=\"thomas.berner\" \/>\n<meta name=\"twitter:card\" content=\"summary_large_image\" \/>\n<meta name=\"twitter:title\" content=\"#ISS Schweiz und #Hivemind kooperieren f\u00fcr Smart Facility Services\" \/>\n<meta name=\"twitter:description\" content=\"#ISS Schweiz konzipiert im Rahmen einer Partnerschaft mit #Hivemind innovative L\u00f6sungsans\u00e4tze im Bereich Smart Facility Services.\" \/>\n<meta name=\"twitter:image\" content=\"https:\/\/www.organisator.ch\/wp-content\/uploads\/2019\/02\/ISS-Schweiz-und-Hivemind-kooperieren-f\u00fcr-Smart-Facility-Services_Organisator.jpg\" \/>\n<script type=\"application\/ld+json\" class=\"yoast-schema-graph\">{\"@context\":\"https:\\\/\\\/schema.org\",\"@graph\":[{\"@type\":\"Article\",\"@id\":\"https:\\\/\\\/www.organisator.ch\\\/management\\\/2019-02-21\\\/iss-schweiz-und-hivemind-kooperieren-fuer-smart-facility-services\\\/#article\",\"isPartOf\":{\"@id\":\"https:\\\/\\\/www.organisator.ch\\\/management\\\/2019-02-21\\\/iss-schweiz-und-hivemind-kooperieren-fuer-smart-facility-services\\\/\"},\"author\":{\"name\":\"thomas.berner\",\"@id\":\"https:\\\/\\\/www.organisator.ch\\\/#\\\/schema\\\/person\\\/6f650f90b2842cd4c0cc334b4e36f67e\"},\"headline\":\"ISS Schweiz und Hivemind kooperieren f\u00fcr Smart Facility Services\",\"datePublished\":\"2019-02-21T07:07:23+00:00\",\"mainEntityOfPage\":{\"@id\":\"https:\\\/\\\/www.organisator.ch\\\/management\\\/2019-02-21\\\/iss-schweiz-und-hivemind-kooperieren-fuer-smart-facility-services\\\/\"},\"wordCount\":436,\"commentCount\":0,\"publisher\":{\"@id\":\"https:\\\/\\\/www.organisator.ch\\\/#organization\"},\"image\":{\"@id\":\"https:\\\/\\\/www.organisator.ch\\\/management\\\/2019-02-21\\\/iss-schweiz-und-hivemind-kooperieren-fuer-smart-facility-services\\\/#primaryimage\"},\"thumbnailUrl\":\"https:\\\/\\\/www.organisator.ch\\\/wp-content\\\/uploads\\\/2019\\\/02\\\/ISS-Schweiz-und-Hivemind-kooperieren-fuer-Smart-Facility-Services_Organisator.jpg\",\"keywords\":[\"Facility Management\",\"Unternehmen\",\"Vermischtes\"],\"articleSection\":[\"MANAGEMENT\"],\"inLanguage\":\"en-US\"},{\"@type\":\"WebPage\",\"@id\":\"https:\\\/\\\/www.organisator.ch\\\/management\\\/2019-02-21\\\/iss-schweiz-und-hivemind-kooperieren-fuer-smart-facility-services\\\/\",\"url\":\"https:\\\/\\\/www.organisator.ch\\\/management\\\/2019-02-21\\\/iss-schweiz-und-hivemind-kooperieren-fuer-smart-facility-services\\\/\",\"name\":\"ISS Schweiz und Hivemind kooperieren f\u00fcr Smart Facility Services - Organisator\",\"isPartOf\":{\"@id\":\"https:\\\/\\\/www.organisator.ch\\\/#website\"},\"primaryImageOfPage\":{\"@id\":\"https:\\\/\\\/www.organisator.ch\\\/management\\\/2019-02-21\\\/iss-schweiz-und-hivemind-kooperieren-fuer-smart-facility-services\\\/#primaryimage\"},\"image\":{\"@id\":\"https:\\\/\\\/www.organisator.ch\\\/management\\\/2019-02-21\\\/iss-schweiz-und-hivemind-kooperieren-fuer-smart-facility-services\\\/#primaryimage\"},\"thumbnailUrl\":\"https:\\\/\\\/www.organisator.ch\\\/wp-content\\\/uploads\\\/2019\\\/02\\\/ISS-Schweiz-und-Hivemind-kooperieren-fuer-Smart-Facility-Services_Organisator.jpg\",\"datePublished\":\"2019-02-21T07:07:23+00:00\",\"description\":\"ISS Schweiz konzipiert im Rahmen einer Partnerschaft mit Hivemind innovative L\u00f6sungsans\u00e4tze im Bereich Smart Facility Services.\",\"breadcrumb\":{\"@id\":\"https:\\\/\\\/www.organisator.ch\\\/management\\\/2019-02-21\\\/iss-schweiz-und-hivemind-kooperieren-fuer-smart-facility-services\\\/#breadcrumb\"},\"inLanguage\":\"en-US\",\"potentialAction\":[{\"@type\":\"ReadAction\",\"target\":[\"https:\\\/\\\/www.organisator.ch\\\/management\\\/2019-02-21\\\/iss-schweiz-und-hivemind-kooperieren-fuer-smart-facility-services\\\/\"]}]},{\"@type\":\"ImageObject\",\"inLanguage\":\"en-US\",\"@id\":\"https:\\\/\\\/www.organisator.ch\\\/management\\\/2019-02-21\\\/iss-schweiz-und-hivemind-kooperieren-fuer-smart-facility-services\\\/#primaryimage\",\"url\":\"https:\\\/\\\/www.organisator.ch\\\/wp-content\\\/uploads\\\/2019\\\/02\\\/ISS-Schweiz-und-Hivemind-kooperieren-fuer-Smart-Facility-Services_Organisator.jpg\",\"contentUrl\":\"https:\\\/\\\/www.organisator.ch\\\/wp-content\\\/uploads\\\/2019\\\/02\\\/ISS-Schweiz-und-Hivemind-kooperieren-fuer-Smart-Facility-Services_Organisator.jpg\",\"width\":680,\"height\":420,\"caption\":\"Kooperation in Sachen Smart Facility Services: Roger Gygli, Head Digital Transformation, ISS; Giuseppe Cristofaro, Managing Director Verkauf und Gesch\u00e4ftsentwicklung, ISS; Vikram Bhatnagar, CEO Hivemind AG; Simon Rieser, CTO ProServ, Hivemind AG. (Bild: zVg)\"},{\"@type\":\"BreadcrumbList\",\"@id\":\"https:\\\/\\\/www.organisator.ch\\\/management\\\/2019-02-21\\\/iss-schweiz-und-hivemind-kooperieren-fuer-smart-facility-services\\\/#breadcrumb\",\"itemListElement\":[{\"@type\":\"ListItem\",\"position\":1,\"name\":\"Home\",\"item\":\"https:\\\/\\\/www.organisator.ch\\\/\"},{\"@type\":\"ListItem\",\"position\":2,\"name\":\"ISS Schweiz und Hivemind kooperieren f\u00fcr Smart Facility Services\"}]},{\"@type\":\"WebSite\",\"@id\":\"https:\\\/\\\/www.organisator.ch\\\/#website\",\"url\":\"https:\\\/\\\/www.organisator.ch\\\/\",\"name\":\"Organisator\",\"description\":\"Kompetent. Praxisnah. Der ORGANISATOR bereitet in 10 Ausgaben pro Jahr die wesentlichen Themen f\u00fcr F\u00fchrungskr\u00e4fte von KMU auf.\",\"publisher\":{\"@id\":\"https:\\\/\\\/www.organisator.ch\\\/#organization\"},\"potentialAction\":[{\"@type\":\"SearchAction\",\"target\":{\"@type\":\"EntryPoint\",\"urlTemplate\":\"https:\\\/\\\/www.organisator.ch\\\/?s={search_term_string}\"},\"query-input\":{\"@type\":\"PropertyValueSpecification\",\"valueRequired\":true,\"valueName\":\"search_term_string\"}}],\"inLanguage\":\"en-US\"},{\"@type\":\"Organization\",\"@id\":\"https:\\\/\\\/www.organisator.ch\\\/#organization\",\"name\":\"Organisator\",\"url\":\"https:\\\/\\\/www.organisator.ch\\\/\",\"logo\":{\"@type\":\"ImageObject\",\"inLanguage\":\"en-US\",\"@id\":\"https:\\\/\\\/www.organisator.ch\\\/#\\\/schema\\\/logo\\\/image\\\/\",\"url\":\"https:\\\/\\\/www.organisator.ch\\\/wp-content\\\/uploads\\\/2022\\\/01\\\/Logo_Organisator_Website.png\",\"contentUrl\":\"https:\\\/\\\/www.organisator.ch\\\/wp-content\\\/uploads\\\/2022\\\/01\\\/Logo_Organisator_Website.png\",\"width\":800,\"height\":77,\"caption\":\"Organisator\"},\"image\":{\"@id\":\"https:\\\/\\\/www.organisator.ch\\\/#\\\/schema\\\/logo\\\/image\\\/\"},\"sameAs\":[\"https:\\\/\\\/www.facebook.com\\\/OrganisatorFachmagazin\",\"https:\\\/\\\/www.linkedin.com\\\/showcase\\\/organisator-das-magazin-fr-kmu\",\"https:\\\/\\\/www.xing.com\\\/news\\\/pages\\\/organisator-ch-695\",\"https:\\\/\\\/www.youtube.com\\\/channel\\\/UCGP2Sq0iWaZwT3BdIAQFYpw\"]},{\"@type\":\"Person\",\"@id\":\"https:\\\/\\\/www.organisator.ch\\\/#\\\/schema\\\/person\\\/6f650f90b2842cd4c0cc334b4e36f67e\",\"name\":\"thomas.berner\",\"image\":{\"@type\":\"ImageObject\",\"inLanguage\":\"en-US\",\"@id\":\"https:\\\/\\\/secure.gravatar.com\\\/avatar\\\/ac5001d2a36cb6c6cd3e50789007ffca834b477b74a2144564522e944eabff61?s=96&d=mm&r=g\",\"url\":\"https:\\\/\\\/secure.gravatar.com\\\/avatar\\\/ac5001d2a36cb6c6cd3e50789007ffca834b477b74a2144564522e944eabff61?s=96&d=mm&r=g\",\"contentUrl\":\"https:\\\/\\\/secure.gravatar.com\\\/avatar\\\/ac5001d2a36cb6c6cd3e50789007ffca834b477b74a2144564522e944eabff61?s=96&d=mm&r=g\",\"caption\":\"thomas.berner\"},\"url\":\"https:\\\/\\\/www.organisator.ch\\\/en\\\/author\\\/thomas-berner\\\/\"}]}<\/script>\n<!-- \/ Yoast SEO plugin. -->","yoast_head_json":{"title":"ISS Switzerland and Hivemind cooperate for Smart Facility Services - Organizer","description":"ISS Switzerland designs innovative solutions in the field of Smart Facility Services as part of a partnership with Hivemind.","robots":{"index":"index","follow":"follow","max-snippet":"max-snippet:-1","max-image-preview":"max-image-preview:large","max-video-preview":"max-video-preview:-1"},"canonical":"https:\/\/www.organisator.ch\/en\/management\/2019-02-21\/iss-schweiz-und-hivemind-kooperieren-fuer-smart-facility-services\/","og_locale":"en_US","og_type":"article","og_title":"ISS Schweiz und Hivemind kooperieren f\u00fcr Smart Facility Services","og_description":"ISS Schweiz konzipiert im Rahmen einer Partnerschaft mit Hivemind innovative L\u00f6sungsans\u00e4tze im Bereich Smart Facility Services.","og_url":"https:\/\/www.organisator.ch\/en\/management\/2019-02-21\/iss-schweiz-und-hivemind-kooperieren-fuer-smart-facility-services\/","og_site_name":"Organisator","article_publisher":"https:\/\/www.facebook.com\/OrganisatorFachmagazin","article_published_time":"2019-02-21T07:07:23+00:00","og_image":[{"width":680,"height":420,"url":"https:\/\/www.organisator.ch\/wp-content\/uploads\/2019\/02\/ISS-Schweiz-und-Hivemind-kooperieren-fuer-Smart-Facility-Services_Organisator.jpg","type":"image\/jpeg"}],"author":"thomas.berner","twitter_card":"summary_large_image","twitter_title":"#ISS Schweiz und #Hivemind kooperieren f\u00fcr Smart Facility Services","twitter_description":"#ISS Schweiz konzipiert im Rahmen einer Partnerschaft mit #Hivemind innovative L\u00f6sungsans\u00e4tze im Bereich Smart Facility Services.","twitter_image":"https:\/\/www.organisator.ch\/wp-content\/uploads\/2019\/02\/ISS-Schweiz-und-Hivemind-kooperieren-f\u00fcr-Smart-Facility-Services_Organisator.jpg","schema":{"@context":"https:\/\/schema.org","@graph":[{"@type":"Article","@id":"https:\/\/www.organisator.ch\/management\/2019-02-21\/iss-schweiz-und-hivemind-kooperieren-fuer-smart-facility-services\/#article","isPartOf":{"@id":"https:\/\/www.organisator.ch\/management\/2019-02-21\/iss-schweiz-und-hivemind-kooperieren-fuer-smart-facility-services\/"},"author":{"name":"thomas.berner","@id":"https:\/\/www.organisator.ch\/#\/schema\/person\/6f650f90b2842cd4c0cc334b4e36f67e"},"headline":"ISS Schweiz und Hivemind kooperieren f\u00fcr Smart Facility Services","datePublished":"2019-02-21T07:07:23+00:00","mainEntityOfPage":{"@id":"https:\/\/www.organisator.ch\/management\/2019-02-21\/iss-schweiz-und-hivemind-kooperieren-fuer-smart-facility-services\/"},"wordCount":436,"commentCount":0,"publisher":{"@id":"https:\/\/www.organisator.ch\/#organization"},"image":{"@id":"https:\/\/www.organisator.ch\/management\/2019-02-21\/iss-schweiz-und-hivemind-kooperieren-fuer-smart-facility-services\/#primaryimage"},"thumbnailUrl":"https:\/\/www.organisator.ch\/wp-content\/uploads\/2019\/02\/ISS-Schweiz-und-Hivemind-kooperieren-fuer-Smart-Facility-Services_Organisator.jpg","keywords":["Facility Management","Unternehmen","Vermischtes"],"articleSection":["MANAGEMENT"],"inLanguage":"en-US"},{"@type":"WebPage","@id":"https:\/\/www.organisator.ch\/management\/2019-02-21\/iss-schweiz-und-hivemind-kooperieren-fuer-smart-facility-services\/","url":"https:\/\/www.organisator.ch\/management\/2019-02-21\/iss-schweiz-und-hivemind-kooperieren-fuer-smart-facility-services\/","name":"ISS Switzerland and Hivemind cooperate for Smart Facility Services - Organizer","isPartOf":{"@id":"https:\/\/www.organisator.ch\/#website"},"primaryImageOfPage":{"@id":"https:\/\/www.organisator.ch\/management\/2019-02-21\/iss-schweiz-und-hivemind-kooperieren-fuer-smart-facility-services\/#primaryimage"},"image":{"@id":"https:\/\/www.organisator.ch\/management\/2019-02-21\/iss-schweiz-und-hivemind-kooperieren-fuer-smart-facility-services\/#primaryimage"},"thumbnailUrl":"https:\/\/www.organisator.ch\/wp-content\/uploads\/2019\/02\/ISS-Schweiz-und-Hivemind-kooperieren-fuer-Smart-Facility-Services_Organisator.jpg","datePublished":"2019-02-21T07:07:23+00:00","description":"ISS Switzerland designs innovative solutions in the field of Smart Facility Services as part of a partnership with Hivemind.","breadcrumb":{"@id":"https:\/\/www.organisator.ch\/management\/2019-02-21\/iss-schweiz-und-hivemind-kooperieren-fuer-smart-facility-services\/#breadcrumb"},"inLanguage":"en-US","potentialAction":[{"@type":"ReadAction","target":["https:\/\/www.organisator.ch\/management\/2019-02-21\/iss-schweiz-und-hivemind-kooperieren-fuer-smart-facility-services\/"]}]},{"@type":"ImageObject","inLanguage":"en-US","@id":"https:\/\/www.organisator.ch\/management\/2019-02-21\/iss-schweiz-und-hivemind-kooperieren-fuer-smart-facility-services\/#primaryimage","url":"https:\/\/www.organisator.ch\/wp-content\/uploads\/2019\/02\/ISS-Schweiz-und-Hivemind-kooperieren-fuer-Smart-Facility-Services_Organisator.jpg","contentUrl":"https:\/\/www.organisator.ch\/wp-content\/uploads\/2019\/02\/ISS-Schweiz-und-Hivemind-kooperieren-fuer-Smart-Facility-Services_Organisator.jpg","width":680,"height":420,"caption":"Kooperation in Sachen Smart Facility Services: Roger Gygli, Head Digital Transformation, ISS; Giuseppe Cristofaro, Managing Director Verkauf und Gesch\u00e4ftsentwicklung, ISS; Vikram Bhatnagar, CEO Hivemind AG; Simon Rieser, CTO ProServ, Hivemind AG. (Bild: zVg)"},{"@type":"BreadcrumbList","@id":"https:\/\/www.organisator.ch\/management\/2019-02-21\/iss-schweiz-und-hivemind-kooperieren-fuer-smart-facility-services\/#breadcrumb","itemListElement":[{"@type":"ListItem","position":1,"name":"Home","item":"https:\/\/www.organisator.ch\/"},{"@type":"ListItem","position":2,"name":"ISS Schweiz und Hivemind kooperieren f\u00fcr Smart Facility Services"}]},{"@type":"WebSite","@id":"https:\/\/www.organisator.ch\/#website","url":"https:\/\/www.organisator.ch\/","name":"Organizer","description":"Competent. Practical. In 10 issues per year, ORGANISATOR presents the essential topics for managers of SMEs.","publisher":{"@id":"https:\/\/www.organisator.ch\/#organization"},"potentialAction":[{"@type":"SearchAction","target":{"@type":"EntryPoint","urlTemplate":"https:\/\/www.organisator.ch\/?s={search_term_string}"},"query-input":{"@type":"PropertyValueSpecification","valueRequired":true,"valueName":"search_term_string"}}],"inLanguage":"en-US"},{"@type":"Organization","@id":"https:\/\/www.organisator.ch\/#organization","name":"Organizer","url":"https:\/\/www.organisator.ch\/","logo":{"@type":"ImageObject","inLanguage":"en-US","@id":"https:\/\/www.organisator.ch\/#\/schema\/logo\/image\/","url":"https:\/\/www.organisator.ch\/wp-content\/uploads\/2022\/01\/Logo_Organisator_Website.png","contentUrl":"https:\/\/www.organisator.ch\/wp-content\/uploads\/2022\/01\/Logo_Organisator_Website.png","width":800,"height":77,"caption":"Organisator"},"image":{"@id":"https:\/\/www.organisator.ch\/#\/schema\/logo\/image\/"},"sameAs":["https:\/\/www.facebook.com\/OrganisatorFachmagazin","https:\/\/www.linkedin.com\/showcase\/organisator-das-magazin-fr-kmu","https:\/\/www.xing.com\/news\/pages\/organisator-ch-695","https:\/\/www.youtube.com\/channel\/UCGP2Sq0iWaZwT3BdIAQFYpw"]},{"@type":"Person","@id":"https:\/\/www.organisator.ch\/#\/schema\/person\/6f650f90b2842cd4c0cc334b4e36f67e","name":"thomas.berner","image":{"@type":"ImageObject","inLanguage":"en-US","@id":"https:\/\/secure.gravatar.com\/avatar\/ac5001d2a36cb6c6cd3e50789007ffca834b477b74a2144564522e944eabff61?s=96&d=mm&r=g","url":"https:\/\/secure.gravatar.com\/avatar\/ac5001d2a36cb6c6cd3e50789007ffca834b477b74a2144564522e944eabff61?s=96&d=mm&r=g","contentUrl":"https:\/\/secure.gravatar.com\/avatar\/ac5001d2a36cb6c6cd3e50789007ffca834b477b74a2144564522e944eabff61?s=96&d=mm&r=g","caption":"thomas.berner"},"url":"https:\/\/www.organisator.ch\/en\/author\/thomas-berner\/"}]}},"_links":{"self":[{"href":"https:\/\/www.organisator.ch\/en\/wp-json\/wp\/v2\/posts\/4913","targetHints":{"allow":["GET"]}}],"collection":[{"href":"https:\/\/www.organisator.ch\/en\/wp-json\/wp\/v2\/posts"}],"about":[{"href":"https:\/\/www.organisator.ch\/en\/wp-json\/wp\/v2\/types\/post"}],"author":[{"embeddable":true,"href":"https:\/\/www.organisator.ch\/en\/wp-json\/wp\/v2\/users\/4"}],"replies":[{"embeddable":true,"href":"https:\/\/www.organisator.ch\/en\/wp-json\/wp\/v2\/comments?post=4913"}],"version-history":[{"count":0,"href":"https:\/\/www.organisator.ch\/en\/wp-json\/wp\/v2\/posts\/4913\/revisions"}],"wp:featuredmedia":[{"embeddable":true,"href":"https:\/\/www.organisator.ch\/en\/wp-json\/wp\/v2\/media\/4915"}],"wp:attachment":[{"href":"https:\/\/www.organisator.ch\/en\/wp-json\/wp\/v2\/media?parent=4913"}],"wp:term":[{"taxonomy":"category","embeddable":true,"href":"https:\/\/www.organisator.ch\/en\/wp-json\/wp\/v2\/categories?post=4913"},{"taxonomy":"post_tag","embeddable":true,"href":"https:\/\/www.organisator.ch\/en\/wp-json\/wp\/v2\/tags?post=4913"}],"curies":[{"name":"wp","href":"https:\/\/api.w.org\/{rel}","templated":true}]}}