{"id":4933,"date":"2019-02-25T11:28:11","date_gmt":"2019-02-25T10:28:11","guid":{"rendered":"https:\/\/www.organisator.ch\/?p=4933"},"modified":"2019-02-25T11:28:11","modified_gmt":"2019-02-25T10:28:11","slug":"betriebliche-gesundheitsfoerderung-ausgleich-macht-erfolgreich","status":"publish","type":"post","link":"https:\/\/www.organisator.ch\/en\/human-resources\/fit_im_job\/2019-02-25\/betriebliche-gesundheitsfoerderung-ausgleich-macht-erfolgreich\/","title":{"rendered":"Workplace health promotion: balance makes successful"},"content":{"rendered":"<figure id=\"attachment_4941\" aria-describedby=\"caption-attachment-4941\" style=\"width: 680px\" class=\"wp-caption alignnone\"><img loading=\"lazy\" decoding=\"async\" class=\"size-medium wp-image-4941\" src=\"https:\/\/www.organisator.ch\/wp-content\/uploads\/2019\/02\/Betriebliche-Gesundheitsfoerderung-Ausgleich-macht-erfolgreich_Organisator.jpg\" alt=\"\" width=\"680\" height=\"446\" srcset=\"https:\/\/www.organisator.ch\/wp-content\/uploads\/2019\/02\/Betriebliche-Gesundheitsfoerderung-Ausgleich-macht-erfolgreich_Organisator.jpg 680w, https:\/\/www.organisator.ch\/wp-content\/uploads\/2019\/02\/Betriebliche-Gesundheitsfoerderung-Ausgleich-macht-erfolgreich_Organisator-16x10.jpg 16w, https:\/\/www.organisator.ch\/wp-content\/uploads\/2019\/02\/Betriebliche-Gesundheitsfoerderung-Ausgleich-macht-erfolgreich_Organisator-267x175.jpg 267w, https:\/\/www.organisator.ch\/wp-content\/uploads\/2019\/02\/Betriebliche-Gesundheitsfoerderung-Ausgleich-macht-erfolgreich_Organisator-534x350.jpg 534w, https:\/\/www.organisator.ch\/wp-content\/uploads\/2019\/02\/Betriebliche-Gesundheitsfoerderung-Ausgleich-macht-erfolgreich_Organisator-300x197.jpg 300w\" sizes=\"auto, (max-width: 680px) 100vw, 680px\" \/><figcaption id=\"caption-attachment-4941\" class=\"wp-caption-text\">Balance makes for success: This is where workplace health promotion should come in, according to a study by the Bern University of Applied Sciences and trade unions. (Image: Fotolia.com)<\/figcaption><\/figure>\n<p>Job satisfaction and stress vary depending on the person, qualification, function and company. Working conditions and work climate influence individual motivation to work, as do perceptions of trust, recognition and prospects. Participation in operational developments and successes are also motivating factors for employees. Last but not least, external criteria influence the mood at work, for example health, standard of living, sense of community and time autonomy.<\/p>\n<h2>Employees criticize work situation<\/h2>\n<p>Apparently, work and life satisfaction are closely linked, but often not in balance. In a wide variety of surveys, there are numerous criticisms from employees about uncoordinated collaboration, unplanned work interruptions, excessive time pressure, too much overtime and reduced compatibility with private life. Feelings of exploitation, lack of information and opportunistic superiors are also repeatedly complained about, as are concentration problems, fear of making mistakes, exhaustion and insomnia. In addition, foreseeable changes in the world of work have a stressful effect on many employees: automation, digitization and rationalization of tasks and work processes.<\/p>\n<h2>Compensatory measures<\/h2>\n<p>It is obvious that such working conditions reduce the motivation and productivity of many employees. Institutions and companies that are committed to more balanced working conditions for their employees have a competitive advantage. A prerequisite for success-oriented workplace health promotion and stress prevention is knowledge of the employee's condition and personal needs: for example, self-development, performance, development, success and recognition, but also health, social commitment, family, friends and enjoyment of life. In employee surveys, suitable compensatory measures against various stress factors can be validated in addition to the company constitution and needs.<\/p>\n<p>The following list does not claim to be exhaustive:<\/p>\n<ol>\n<li>Integrating project and schedule planning;<\/li>\n<li>Processes of schedule adjustment and co-determination;<\/li>\n<li>Information rules of cooperation;<\/li>\n<li>Transparent interface management;<\/li>\n<li>Shorter meetings while standing instead of sitting;<\/li>\n<li>Screened office workstations;<\/li>\n<li>Home office options and rules;<\/li>\n<li>Commuter-friendly work hours;<\/li>\n<li>Deployment and overtime management, and much more.<\/li>\n<\/ol>\n<p>Involving employees provides those responsible with an accepted basis for effective compensatory measures. It is important that they can be applied easily and transparently in the individual work areas. The result will be fewer absences and fluctuation, more focus and identification on the part of the employees.<\/p>\n<h2>Backlog<\/h2>\n<p>The results of the mentioned study were published in October 2018. Further information is available <a href=\"https:\/\/www.travailsuisse.ch\/themen\/arbeit\/barometer_gute_arbeit\">here<\/a> and <a href=\"https:\/\/syna.ch\/aktuell\/und-der-druck-steigt-weiter\">here (incl. interactive graphic)<\/a>. Other <a href=\"https:\/\/www.organisator.ch\/schweizer-bevoelkerung-zufrieden-im-job-aber-schlecht-vorbereitet-fuer-die-zukuenftige-arbeitswelt\/\">Studies<\/a> Although they paint a more positive picture of job satisfaction, they also see a need to catch up in many areas when it comes to workplace health promotion.<\/p>\n<p><em><strong>Author:<br \/>\n<\/strong>Jens Feger is the owner of Feger Marketing, <a href=\"http:\/\/www.fegermarketing.ch\">www.fegermarketing.ch<\/a><\/em><\/p>","protected":false},"excerpt":{"rendered":"<p>Die Arbeitszufriedenheit und Stress variieren je nach Person, Qualifikation, Funktion und Betrieb. Arbeitsbedingungen und Arbeitsklima beeinflussen die individuelle Arbeitsmotivation ebenso wie die Wahrnehmung von Vertrauen, Anerkennung und Perspektiven. Auch die Beteiligung an betrieblichen Entwicklungen und Erfolgen sind Motivationsfaktoren f\u00fcr die Mitarbeitenden. Nicht zuletzt beeinflussen ausserbetriebliche Kriterien die Arbeitsstimmung, beispielsweise Gesundheit, Lebensstandard, Gemeinschaftsgef\u00fchl und Zeitautonomie. Mitarbeitende [&hellip;]<\/p>\n","protected":false},"author":4,"featured_media":4941,"comment_status":"open","ping_status":"open","sticky":false,"template":"","format":"standard","meta":{"_acf_changed":false,"_yoast_wpseo_focuskw":"Betriebliche Gesundheitsf\u00f6rderung","_yoast_wpseo_metadesc":"40% der Arbeitenden f\u00fchlen sich oft gestresst und 30% stark durch Stress belastet, was die Motivation und Produktivit\u00e4t der Mitarbeitenden reduzieren kann.","articlekey":"","footnotes":""},"categories":[25],"tags":[77,208,254,459],"class_list":["post-4933","post","type-post","status-publish","format-standard","has-post-thumbnail","hentry","category-fit_im_job","tag-betriebliches-gesundheitsmanagement","tag-fit-im-job","tag-hrm","tag-studie"],"acf":[],"yoast_head":"<!-- This site is optimized with the Yoast SEO plugin v27.5 - https:\/\/yoast.com\/product\/yoast-seo-wordpress\/ -->\n<title>Betriebliche Gesundheitsf\u00f6rderung: Ausgleich macht erfolgreich - Organisator<\/title>\n<meta name=\"description\" content=\"40% der Arbeitenden f\u00fchlen sich oft gestresst und 30% stark durch Stress belastet, was die Motivation und Produktivit\u00e4t der Mitarbeitenden reduzieren kann.\" \/>\n<meta name=\"robots\" content=\"index, follow, max-snippet:-1, max-image-preview:large, max-video-preview:-1\" \/>\n<link rel=\"canonical\" href=\"https:\/\/www.organisator.ch\/en\/human-resources\/fit_im_job\/2019-02-25\/betriebliche-gesundheitsfoerderung-ausgleich-macht-erfolgreich\/\" \/>\n<meta property=\"og:locale\" content=\"en_US\" \/>\n<meta property=\"og:type\" content=\"article\" \/>\n<meta property=\"og:title\" content=\"Betriebliche Gesundheitsf\u00f6rderung: Ausgleich macht erfolgreich\" \/>\n<meta property=\"og:description\" content=\"40% der Arbeitenden f\u00fchlen sich oft gestresst und 30% stark durch Stress belastet, was die Motivation und Produktivit\u00e4t der Mitarbeitenden reduzieren kann.\" \/>\n<meta property=\"og:url\" content=\"https:\/\/www.organisator.ch\/en\/human-resources\/fit_im_job\/2019-02-25\/betriebliche-gesundheitsfoerderung-ausgleich-macht-erfolgreich\/\" \/>\n<meta property=\"og:site_name\" content=\"Organisator\" \/>\n<meta property=\"article:publisher\" content=\"https:\/\/www.facebook.com\/OrganisatorFachmagazin\" \/>\n<meta property=\"article:published_time\" content=\"2019-02-25T10:28:11+00:00\" \/>\n<meta property=\"og:image\" content=\"https:\/\/www.organisator.ch\/wp-content\/uploads\/2019\/02\/Betriebliche-Gesundheitsfoerderung-Ausgleich-macht-erfolgreich_Organisator.jpg\" \/>\n\t<meta property=\"og:image:width\" content=\"680\" \/>\n\t<meta property=\"og:image:height\" content=\"446\" \/>\n\t<meta property=\"og:image:type\" content=\"image\/jpeg\" \/>\n<meta name=\"author\" content=\"thomas.berner\" \/>\n<meta name=\"twitter:card\" content=\"summary_large_image\" \/>\n<meta name=\"twitter:title\" content=\"Betriebliche #Gesundheitsf\u00f6rderung: Ausgleich macht erfolgreich\" \/>\n<meta name=\"twitter:description\" content=\"40% der Arbeitenden f\u00fchlen sich oft gestresst und 30% stark durch #Stress belastet, was die Motivation und Produktivit\u00e4t der Mitarbeitenden reduzieren kann.\" \/>\n<meta name=\"twitter:image\" content=\"https:\/\/www.organisator.ch\/wp-content\/uploads\/2019\/02\/Betriebliche-Gesundheitsf\u00f6rderung-Ausgleich-macht-erfolgreich_Organisator.jpg\" \/>\n<script type=\"application\/ld+json\" class=\"yoast-schema-graph\">{\"@context\":\"https:\\\/\\\/schema.org\",\"@graph\":[{\"@type\":\"Article\",\"@id\":\"https:\\\/\\\/www.organisator.ch\\\/human-resources\\\/fit_im_job\\\/2019-02-25\\\/betriebliche-gesundheitsfoerderung-ausgleich-macht-erfolgreich\\\/#article\",\"isPartOf\":{\"@id\":\"https:\\\/\\\/www.organisator.ch\\\/human-resources\\\/fit_im_job\\\/2019-02-25\\\/betriebliche-gesundheitsfoerderung-ausgleich-macht-erfolgreich\\\/\"},\"author\":{\"name\":\"thomas.berner\",\"@id\":\"https:\\\/\\\/www.organisator.ch\\\/#\\\/schema\\\/person\\\/6f650f90b2842cd4c0cc334b4e36f67e\"},\"headline\":\"Betriebliche Gesundheitsf\u00f6rderung: Ausgleich macht erfolgreich\",\"datePublished\":\"2019-02-25T10:28:11+00:00\",\"mainEntityOfPage\":{\"@id\":\"https:\\\/\\\/www.organisator.ch\\\/human-resources\\\/fit_im_job\\\/2019-02-25\\\/betriebliche-gesundheitsfoerderung-ausgleich-macht-erfolgreich\\\/\"},\"wordCount\":405,\"commentCount\":0,\"publisher\":{\"@id\":\"https:\\\/\\\/www.organisator.ch\\\/#organization\"},\"image\":{\"@id\":\"https:\\\/\\\/www.organisator.ch\\\/human-resources\\\/fit_im_job\\\/2019-02-25\\\/betriebliche-gesundheitsfoerderung-ausgleich-macht-erfolgreich\\\/#primaryimage\"},\"thumbnailUrl\":\"https:\\\/\\\/www.organisator.ch\\\/wp-content\\\/uploads\\\/2019\\\/02\\\/Betriebliche-Gesundheitsfoerderung-Ausgleich-macht-erfolgreich_Organisator.jpg\",\"keywords\":[\"Betriebliches Gesundheitsmanagement\",\"Fit im Job\",\"HRM\",\"Studie\"],\"articleSection\":[\"FIT IM JOB\"],\"inLanguage\":\"en-US\"},{\"@type\":\"WebPage\",\"@id\":\"https:\\\/\\\/www.organisator.ch\\\/human-resources\\\/fit_im_job\\\/2019-02-25\\\/betriebliche-gesundheitsfoerderung-ausgleich-macht-erfolgreich\\\/\",\"url\":\"https:\\\/\\\/www.organisator.ch\\\/human-resources\\\/fit_im_job\\\/2019-02-25\\\/betriebliche-gesundheitsfoerderung-ausgleich-macht-erfolgreich\\\/\",\"name\":\"Betriebliche Gesundheitsf\u00f6rderung: Ausgleich macht erfolgreich - Organisator\",\"isPartOf\":{\"@id\":\"https:\\\/\\\/www.organisator.ch\\\/#website\"},\"primaryImageOfPage\":{\"@id\":\"https:\\\/\\\/www.organisator.ch\\\/human-resources\\\/fit_im_job\\\/2019-02-25\\\/betriebliche-gesundheitsfoerderung-ausgleich-macht-erfolgreich\\\/#primaryimage\"},\"image\":{\"@id\":\"https:\\\/\\\/www.organisator.ch\\\/human-resources\\\/fit_im_job\\\/2019-02-25\\\/betriebliche-gesundheitsfoerderung-ausgleich-macht-erfolgreich\\\/#primaryimage\"},\"thumbnailUrl\":\"https:\\\/\\\/www.organisator.ch\\\/wp-content\\\/uploads\\\/2019\\\/02\\\/Betriebliche-Gesundheitsfoerderung-Ausgleich-macht-erfolgreich_Organisator.jpg\",\"datePublished\":\"2019-02-25T10:28:11+00:00\",\"description\":\"40% der Arbeitenden f\u00fchlen sich oft gestresst und 30% stark durch Stress belastet, was die Motivation und Produktivit\u00e4t der Mitarbeitenden reduzieren kann.\",\"breadcrumb\":{\"@id\":\"https:\\\/\\\/www.organisator.ch\\\/human-resources\\\/fit_im_job\\\/2019-02-25\\\/betriebliche-gesundheitsfoerderung-ausgleich-macht-erfolgreich\\\/#breadcrumb\"},\"inLanguage\":\"en-US\",\"potentialAction\":[{\"@type\":\"ReadAction\",\"target\":[\"https:\\\/\\\/www.organisator.ch\\\/human-resources\\\/fit_im_job\\\/2019-02-25\\\/betriebliche-gesundheitsfoerderung-ausgleich-macht-erfolgreich\\\/\"]}]},{\"@type\":\"ImageObject\",\"inLanguage\":\"en-US\",\"@id\":\"https:\\\/\\\/www.organisator.ch\\\/human-resources\\\/fit_im_job\\\/2019-02-25\\\/betriebliche-gesundheitsfoerderung-ausgleich-macht-erfolgreich\\\/#primaryimage\",\"url\":\"https:\\\/\\\/www.organisator.ch\\\/wp-content\\\/uploads\\\/2019\\\/02\\\/Betriebliche-Gesundheitsfoerderung-Ausgleich-macht-erfolgreich_Organisator.jpg\",\"contentUrl\":\"https:\\\/\\\/www.organisator.ch\\\/wp-content\\\/uploads\\\/2019\\\/02\\\/Betriebliche-Gesundheitsfoerderung-Ausgleich-macht-erfolgreich_Organisator.jpg\",\"width\":680,\"height\":446,\"caption\":\"Ausgleich macht erfolgreich: Hier sollte betriebliche Gesundheitsf\u00f6rderung ansetzen, so eine Folgerung einer Studie der Berner Fachhochschule und Gewerkschaften. (Bild: Fotolia.com)\"},{\"@type\":\"BreadcrumbList\",\"@id\":\"https:\\\/\\\/www.organisator.ch\\\/human-resources\\\/fit_im_job\\\/2019-02-25\\\/betriebliche-gesundheitsfoerderung-ausgleich-macht-erfolgreich\\\/#breadcrumb\",\"itemListElement\":[{\"@type\":\"ListItem\",\"position\":1,\"name\":\"Home\",\"item\":\"https:\\\/\\\/www.organisator.ch\\\/\"},{\"@type\":\"ListItem\",\"position\":2,\"name\":\"Betriebliche Gesundheitsf\u00f6rderung: Ausgleich macht erfolgreich\"}]},{\"@type\":\"WebSite\",\"@id\":\"https:\\\/\\\/www.organisator.ch\\\/#website\",\"url\":\"https:\\\/\\\/www.organisator.ch\\\/\",\"name\":\"Organisator\",\"description\":\"Kompetent. Praxisnah. Der ORGANISATOR bereitet in 10 Ausgaben pro Jahr die wesentlichen Themen f\u00fcr F\u00fchrungskr\u00e4fte von KMU auf.\",\"publisher\":{\"@id\":\"https:\\\/\\\/www.organisator.ch\\\/#organization\"},\"potentialAction\":[{\"@type\":\"SearchAction\",\"target\":{\"@type\":\"EntryPoint\",\"urlTemplate\":\"https:\\\/\\\/www.organisator.ch\\\/?s={search_term_string}\"},\"query-input\":{\"@type\":\"PropertyValueSpecification\",\"valueRequired\":true,\"valueName\":\"search_term_string\"}}],\"inLanguage\":\"en-US\"},{\"@type\":\"Organization\",\"@id\":\"https:\\\/\\\/www.organisator.ch\\\/#organization\",\"name\":\"Organisator\",\"url\":\"https:\\\/\\\/www.organisator.ch\\\/\",\"logo\":{\"@type\":\"ImageObject\",\"inLanguage\":\"en-US\",\"@id\":\"https:\\\/\\\/www.organisator.ch\\\/#\\\/schema\\\/logo\\\/image\\\/\",\"url\":\"https:\\\/\\\/www.organisator.ch\\\/wp-content\\\/uploads\\\/2022\\\/01\\\/Logo_Organisator_Website.png\",\"contentUrl\":\"https:\\\/\\\/www.organisator.ch\\\/wp-content\\\/uploads\\\/2022\\\/01\\\/Logo_Organisator_Website.png\",\"width\":800,\"height\":77,\"caption\":\"Organisator\"},\"image\":{\"@id\":\"https:\\\/\\\/www.organisator.ch\\\/#\\\/schema\\\/logo\\\/image\\\/\"},\"sameAs\":[\"https:\\\/\\\/www.facebook.com\\\/OrganisatorFachmagazin\",\"https:\\\/\\\/www.linkedin.com\\\/showcase\\\/organisator-das-magazin-fr-kmu\",\"https:\\\/\\\/www.xing.com\\\/news\\\/pages\\\/organisator-ch-695\",\"https:\\\/\\\/www.youtube.com\\\/channel\\\/UCGP2Sq0iWaZwT3BdIAQFYpw\"]},{\"@type\":\"Person\",\"@id\":\"https:\\\/\\\/www.organisator.ch\\\/#\\\/schema\\\/person\\\/6f650f90b2842cd4c0cc334b4e36f67e\",\"name\":\"thomas.berner\",\"image\":{\"@type\":\"ImageObject\",\"inLanguage\":\"en-US\",\"@id\":\"https:\\\/\\\/secure.gravatar.com\\\/avatar\\\/ac5001d2a36cb6c6cd3e50789007ffca834b477b74a2144564522e944eabff61?s=96&d=mm&r=g\",\"url\":\"https:\\\/\\\/secure.gravatar.com\\\/avatar\\\/ac5001d2a36cb6c6cd3e50789007ffca834b477b74a2144564522e944eabff61?s=96&d=mm&r=g\",\"contentUrl\":\"https:\\\/\\\/secure.gravatar.com\\\/avatar\\\/ac5001d2a36cb6c6cd3e50789007ffca834b477b74a2144564522e944eabff61?s=96&d=mm&r=g\",\"caption\":\"thomas.berner\"},\"url\":\"https:\\\/\\\/www.organisator.ch\\\/en\\\/author\\\/thomas-berner\\\/\"}]}<\/script>\n<!-- \/ Yoast SEO plugin. -->","yoast_head_json":{"title":"Workplace health promotion: balance makes successful - Organizer","description":"40% of workers often feel stressed and 30% highly stressed, which can reduce employee motivation and productivity.","robots":{"index":"index","follow":"follow","max-snippet":"max-snippet:-1","max-image-preview":"max-image-preview:large","max-video-preview":"max-video-preview:-1"},"canonical":"https:\/\/www.organisator.ch\/en\/human-resources\/fit_im_job\/2019-02-25\/betriebliche-gesundheitsfoerderung-ausgleich-macht-erfolgreich\/","og_locale":"en_US","og_type":"article","og_title":"Betriebliche Gesundheitsf\u00f6rderung: Ausgleich macht erfolgreich","og_description":"40% der Arbeitenden f\u00fchlen sich oft gestresst und 30% stark durch Stress belastet, was die Motivation und Produktivit\u00e4t der Mitarbeitenden reduzieren kann.","og_url":"https:\/\/www.organisator.ch\/en\/human-resources\/fit_im_job\/2019-02-25\/betriebliche-gesundheitsfoerderung-ausgleich-macht-erfolgreich\/","og_site_name":"Organisator","article_publisher":"https:\/\/www.facebook.com\/OrganisatorFachmagazin","article_published_time":"2019-02-25T10:28:11+00:00","og_image":[{"width":680,"height":446,"url":"https:\/\/www.organisator.ch\/wp-content\/uploads\/2019\/02\/Betriebliche-Gesundheitsfoerderung-Ausgleich-macht-erfolgreich_Organisator.jpg","type":"image\/jpeg"}],"author":"thomas.berner","twitter_card":"summary_large_image","twitter_title":"Betriebliche #Gesundheitsf\u00f6rderung: Ausgleich macht erfolgreich","twitter_description":"40% der Arbeitenden f\u00fchlen sich oft gestresst und 30% stark durch #Stress belastet, was die Motivation und Produktivit\u00e4t der Mitarbeitenden reduzieren kann.","twitter_image":"https:\/\/www.organisator.ch\/wp-content\/uploads\/2019\/02\/Betriebliche-Gesundheitsf\u00f6rderung-Ausgleich-macht-erfolgreich_Organisator.jpg","schema":{"@context":"https:\/\/schema.org","@graph":[{"@type":"Article","@id":"https:\/\/www.organisator.ch\/human-resources\/fit_im_job\/2019-02-25\/betriebliche-gesundheitsfoerderung-ausgleich-macht-erfolgreich\/#article","isPartOf":{"@id":"https:\/\/www.organisator.ch\/human-resources\/fit_im_job\/2019-02-25\/betriebliche-gesundheitsfoerderung-ausgleich-macht-erfolgreich\/"},"author":{"name":"thomas.berner","@id":"https:\/\/www.organisator.ch\/#\/schema\/person\/6f650f90b2842cd4c0cc334b4e36f67e"},"headline":"Betriebliche Gesundheitsf\u00f6rderung: Ausgleich macht erfolgreich","datePublished":"2019-02-25T10:28:11+00:00","mainEntityOfPage":{"@id":"https:\/\/www.organisator.ch\/human-resources\/fit_im_job\/2019-02-25\/betriebliche-gesundheitsfoerderung-ausgleich-macht-erfolgreich\/"},"wordCount":405,"commentCount":0,"publisher":{"@id":"https:\/\/www.organisator.ch\/#organization"},"image":{"@id":"https:\/\/www.organisator.ch\/human-resources\/fit_im_job\/2019-02-25\/betriebliche-gesundheitsfoerderung-ausgleich-macht-erfolgreich\/#primaryimage"},"thumbnailUrl":"https:\/\/www.organisator.ch\/wp-content\/uploads\/2019\/02\/Betriebliche-Gesundheitsfoerderung-Ausgleich-macht-erfolgreich_Organisator.jpg","keywords":["Betriebliches Gesundheitsmanagement","Fit im Job","HRM","Studie"],"articleSection":["FIT IM JOB"],"inLanguage":"en-US"},{"@type":"WebPage","@id":"https:\/\/www.organisator.ch\/human-resources\/fit_im_job\/2019-02-25\/betriebliche-gesundheitsfoerderung-ausgleich-macht-erfolgreich\/","url":"https:\/\/www.organisator.ch\/human-resources\/fit_im_job\/2019-02-25\/betriebliche-gesundheitsfoerderung-ausgleich-macht-erfolgreich\/","name":"Workplace health promotion: balance makes successful - Organizer","isPartOf":{"@id":"https:\/\/www.organisator.ch\/#website"},"primaryImageOfPage":{"@id":"https:\/\/www.organisator.ch\/human-resources\/fit_im_job\/2019-02-25\/betriebliche-gesundheitsfoerderung-ausgleich-macht-erfolgreich\/#primaryimage"},"image":{"@id":"https:\/\/www.organisator.ch\/human-resources\/fit_im_job\/2019-02-25\/betriebliche-gesundheitsfoerderung-ausgleich-macht-erfolgreich\/#primaryimage"},"thumbnailUrl":"https:\/\/www.organisator.ch\/wp-content\/uploads\/2019\/02\/Betriebliche-Gesundheitsfoerderung-Ausgleich-macht-erfolgreich_Organisator.jpg","datePublished":"2019-02-25T10:28:11+00:00","description":"40% of workers often feel stressed and 30% highly stressed, which can reduce employee motivation and productivity.","breadcrumb":{"@id":"https:\/\/www.organisator.ch\/human-resources\/fit_im_job\/2019-02-25\/betriebliche-gesundheitsfoerderung-ausgleich-macht-erfolgreich\/#breadcrumb"},"inLanguage":"en-US","potentialAction":[{"@type":"ReadAction","target":["https:\/\/www.organisator.ch\/human-resources\/fit_im_job\/2019-02-25\/betriebliche-gesundheitsfoerderung-ausgleich-macht-erfolgreich\/"]}]},{"@type":"ImageObject","inLanguage":"en-US","@id":"https:\/\/www.organisator.ch\/human-resources\/fit_im_job\/2019-02-25\/betriebliche-gesundheitsfoerderung-ausgleich-macht-erfolgreich\/#primaryimage","url":"https:\/\/www.organisator.ch\/wp-content\/uploads\/2019\/02\/Betriebliche-Gesundheitsfoerderung-Ausgleich-macht-erfolgreich_Organisator.jpg","contentUrl":"https:\/\/www.organisator.ch\/wp-content\/uploads\/2019\/02\/Betriebliche-Gesundheitsfoerderung-Ausgleich-macht-erfolgreich_Organisator.jpg","width":680,"height":446,"caption":"Ausgleich macht erfolgreich: Hier sollte betriebliche Gesundheitsf\u00f6rderung ansetzen, so eine Folgerung einer Studie der Berner Fachhochschule und Gewerkschaften. (Bild: Fotolia.com)"},{"@type":"BreadcrumbList","@id":"https:\/\/www.organisator.ch\/human-resources\/fit_im_job\/2019-02-25\/betriebliche-gesundheitsfoerderung-ausgleich-macht-erfolgreich\/#breadcrumb","itemListElement":[{"@type":"ListItem","position":1,"name":"Home","item":"https:\/\/www.organisator.ch\/"},{"@type":"ListItem","position":2,"name":"Betriebliche Gesundheitsf\u00f6rderung: Ausgleich macht erfolgreich"}]},{"@type":"WebSite","@id":"https:\/\/www.organisator.ch\/#website","url":"https:\/\/www.organisator.ch\/","name":"Organizer","description":"Competent. Practical. In 10 issues per year, ORGANISATOR presents the essential topics for managers of SMEs.","publisher":{"@id":"https:\/\/www.organisator.ch\/#organization"},"potentialAction":[{"@type":"SearchAction","target":{"@type":"EntryPoint","urlTemplate":"https:\/\/www.organisator.ch\/?s={search_term_string}"},"query-input":{"@type":"PropertyValueSpecification","valueRequired":true,"valueName":"search_term_string"}}],"inLanguage":"en-US"},{"@type":"Organization","@id":"https:\/\/www.organisator.ch\/#organization","name":"Organizer","url":"https:\/\/www.organisator.ch\/","logo":{"@type":"ImageObject","inLanguage":"en-US","@id":"https:\/\/www.organisator.ch\/#\/schema\/logo\/image\/","url":"https:\/\/www.organisator.ch\/wp-content\/uploads\/2022\/01\/Logo_Organisator_Website.png","contentUrl":"https:\/\/www.organisator.ch\/wp-content\/uploads\/2022\/01\/Logo_Organisator_Website.png","width":800,"height":77,"caption":"Organisator"},"image":{"@id":"https:\/\/www.organisator.ch\/#\/schema\/logo\/image\/"},"sameAs":["https:\/\/www.facebook.com\/OrganisatorFachmagazin","https:\/\/www.linkedin.com\/showcase\/organisator-das-magazin-fr-kmu","https:\/\/www.xing.com\/news\/pages\/organisator-ch-695","https:\/\/www.youtube.com\/channel\/UCGP2Sq0iWaZwT3BdIAQFYpw"]},{"@type":"Person","@id":"https:\/\/www.organisator.ch\/#\/schema\/person\/6f650f90b2842cd4c0cc334b4e36f67e","name":"thomas.berner","image":{"@type":"ImageObject","inLanguage":"en-US","@id":"https:\/\/secure.gravatar.com\/avatar\/ac5001d2a36cb6c6cd3e50789007ffca834b477b74a2144564522e944eabff61?s=96&d=mm&r=g","url":"https:\/\/secure.gravatar.com\/avatar\/ac5001d2a36cb6c6cd3e50789007ffca834b477b74a2144564522e944eabff61?s=96&d=mm&r=g","contentUrl":"https:\/\/secure.gravatar.com\/avatar\/ac5001d2a36cb6c6cd3e50789007ffca834b477b74a2144564522e944eabff61?s=96&d=mm&r=g","caption":"thomas.berner"},"url":"https:\/\/www.organisator.ch\/en\/author\/thomas-berner\/"}]}},"_links":{"self":[{"href":"https:\/\/www.organisator.ch\/en\/wp-json\/wp\/v2\/posts\/4933","targetHints":{"allow":["GET"]}}],"collection":[{"href":"https:\/\/www.organisator.ch\/en\/wp-json\/wp\/v2\/posts"}],"about":[{"href":"https:\/\/www.organisator.ch\/en\/wp-json\/wp\/v2\/types\/post"}],"author":[{"embeddable":true,"href":"https:\/\/www.organisator.ch\/en\/wp-json\/wp\/v2\/users\/4"}],"replies":[{"embeddable":true,"href":"https:\/\/www.organisator.ch\/en\/wp-json\/wp\/v2\/comments?post=4933"}],"version-history":[{"count":0,"href":"https:\/\/www.organisator.ch\/en\/wp-json\/wp\/v2\/posts\/4933\/revisions"}],"wp:featuredmedia":[{"embeddable":true,"href":"https:\/\/www.organisator.ch\/en\/wp-json\/wp\/v2\/media\/4941"}],"wp:attachment":[{"href":"https:\/\/www.organisator.ch\/en\/wp-json\/wp\/v2\/media?parent=4933"}],"wp:term":[{"taxonomy":"category","embeddable":true,"href":"https:\/\/www.organisator.ch\/en\/wp-json\/wp\/v2\/categories?post=4933"},{"taxonomy":"post_tag","embeddable":true,"href":"https:\/\/www.organisator.ch\/en\/wp-json\/wp\/v2\/tags?post=4933"}],"curies":[{"name":"wp","href":"https:\/\/api.w.org\/{rel}","templated":true}]}}